{"id":54558,"date":"2024-08-15T14:42:56","date_gmt":"2024-08-15T11:42:56","guid":{"rendered":"https:\/\/kibrisdakik.com\/index.php\/2024\/08\/15\/halk-ekmek-fabrikasinda-mide-bulandiran-goruntu-uretimi-derhal-sonlandirin-cagrisi-yapti\/"},"modified":"2024-08-15T14:42:56","modified_gmt":"2024-08-15T11:42:56","slug":"halk-ekmek-fabrikasinda-mide-bulandiran-goruntu-uretimi-derhal-sonlandirin-cagrisi-yapti","status":"publish","type":"post","link":"https:\/\/kibrisdakik.com\/?p=54558","title":{"rendered":"Halk Ekmek fabrikas\u0131nda mide buland\u0131ran g\u00f6r\u00fcnt\u00fc! &#8220;\u00dcretimi derhal sonland\u0131r\u0131n&#8221; \u00e7a\u011fr\u0131s\u0131 yapt\u0131"},"content":{"rendered":"<p><img decoding=\"async\" src=\"https:\/\/foto.haberler.com\/haber\/2024\/08\/15\/halk-ekmek-fabrikasinda-mide-bulandiran-goruntu-17722237_2193_amp.jpg\" \/><\/p>\n<div id=\"\">\n<p>\u0130stanbul&#8217;un ekmek ihtiyac\u0131n\u0131n yakla\u015f\u0131k y\u00fczde 10&#8217;unu kar\u015f\u0131layan Halk Ekmek fabrikas\u0131nda \u00e7ekildi\u011fi \u00f6ne s\u00fcr\u00fclen g\u00f6r\u00fcnt\u00fcler sosyal medyada b\u00fcy\u00fck yank\u0131 uyand\u0131rd\u0131. <\/p>\n<h3>&#8220;\u00dcRET\u0130M\u0130 DERHAL SONLANDIRIN&#8221;<\/h3>\n<p>\u0130stanbul B\u00fcy\u00fck\u015fehir Belediyesi AK Parti Grup S\u00f6zc\u00fcs\u00fc Murat T\u00fcrky\u0131lmaz taraf\u0131ndan payla\u015f\u0131lan videoda fabrikay\u0131 un bitinin sard\u0131\u011f\u0131 g\u00f6r\u00fcl\u00fcyor. \u0130la\u00e7laman\u0131n yetersiz oldu\u011fu ve yakma i\u015flemine ba\u015fland\u0131\u011f\u0131n\u0131 s\u00f6yleyen T\u00fcrky\u0131lmaz, &#8220;Halk Ekmek fabrikas\u0131nda tespit edilen un bitine ra\u011fmen ekmek \u00fcretimine halen devam ediyorsunuz, derhal sonland\u0131r\u0131n&#8221; dedi. <\/p>\n<h3>&#8220;S\u0130Z\u0130 SORUMLULU\u011eA DAVET ED\u0130YORUZ&#8221;<\/h3>\n<p>A\u00e7\u0131klamas\u0131n\u0131n devam\u0131nda ila\u00e7laman\u0131n yetersiz kald\u0131\u011f\u0131n\u0131 ve yakma i\u015flemine ge\u00e7ildi\u011fini ifade eden T\u00fcrky\u0131lmaz, &#8220;\u0130stanbullular\u0131n sa\u011fl\u0131\u011f\u0131 i\u00e7in sizi sorumlulu\u011fa davet ediyoruz&#8221; ifadelerine yer verdi. <\/p>\n<h4 id=\"nwsKeywords\"> <a href=\"https:\/\/www.haberler.com\/halk-ekmek\/\" title=\"Halk Ekmek\" class=\"hbptTag\">Halk Ekmek<\/a>  <a href=\"https:\/\/www.haberler.com\/3-sayfa\/\" title=\"3.Sayfa\" class=\"hbptTag\">3.Sayfa<\/a>  <a href=\"https:\/\/www.haberler.com\/saglik\/\" title=\"Sa\u011fl\u0131k\" class=\"hbptTag\">Sa\u011fl\u0131k<\/a>  <a href=\"https:\/\/www.haberler.com\/guncel\/\" title=\"G\u00fcncel\" class=\"hbptTag\">G\u00fcncel<\/a>  <a href=\"https:\/\/www.haberler.com\/\" title=\"Haberler\" class=\"hbptTag\">Haberler<\/a> <\/h4>\n<\/div>\n","protected":false},"excerpt":{"rendered":"<p>\u0130stanbul&#8217;un ekmek ihtiyac\u0131n\u0131n yakla\u015f\u0131k y\u00fczde 10&#8217;unu kar\u015f\u0131layan Halk Ekmek fabrikas\u0131nda \u00e7ekildi\u011fi \u00f6ne s\u00fcr\u00fclen g\u00f6r\u00fcnt\u00fcler sosyal medyada b\u00fcy\u00fck yank\u0131 uyand\u0131rd\u0131. &#8220;\u00dcRET\u0130M\u0130 DERHAL SONLANDIRIN&#8221; \u0130stanbul B\u00fcy\u00fck\u015fehir Belediyesi AK Parti Grup S\u00f6zc\u00fcs\u00fc Murat T\u00fcrky\u0131lmaz taraf\u0131ndan payla\u015f\u0131lan videoda fabrikay\u0131 un bitinin sard\u0131\u011f\u0131 g\u00f6r\u00fcl\u00fcyor. \u0130la\u00e7laman\u0131n yetersiz oldu\u011fu ve yakma i\u015flemine ba\u015fland\u0131\u011f\u0131n\u0131 s\u00f6yleyen T\u00fcrky\u0131lmaz, &#8220;Halk Ekmek fabrikas\u0131nda tespit edilen un bitine<\/p>\n","protected":false},"author":1,"featured_media":54559,"comment_status":"open","ping_status":"open","sticky":false,"template":"","format":"standard","meta":{"footnotes":""},"categories":[83],"tags":[],"class_list":["post-54558","post","type-post","status-publish","format-standard","has-post-thumbnail","hentry","category-magazin"],"yoast_head":"<!-- This site is optimized with the Yoast SEO plugin v27.4 - https:\/\/yoast.com\/product\/yoast-seo-wordpress\/ -->\n<title>Halk Ekmek fabrikas\u0131nda mide buland\u0131ran g\u00f6r\u00fcnt\u00fc! &quot;\u00dcretimi derhal sonland\u0131r\u0131n&quot; \u00e7a\u011fr\u0131s\u0131 yapt\u0131 -<\/title>\n<meta name=\"robots\" content=\"index, follow, max-snippet:-1, max-image-preview:large, max-video-preview:-1\" \/>\n<link rel=\"canonical\" href=\"https:\/\/kibrisdakik.com\/?p=54558\" \/>\n<meta property=\"og:locale\" content=\"tr_TR\" \/>\n<meta property=\"og:type\" content=\"article\" \/>\n<meta property=\"og:title\" content=\"Halk Ekmek fabrikas\u0131nda mide buland\u0131ran g\u00f6r\u00fcnt\u00fc! &quot;\u00dcretimi derhal sonland\u0131r\u0131n&quot; \u00e7a\u011fr\u0131s\u0131 yapt\u0131 -\" \/>\n<meta property=\"og:description\" content=\"\u0130stanbul&#8217;un ekmek ihtiyac\u0131n\u0131n yakla\u015f\u0131k y\u00fczde 10&#8217;unu kar\u015f\u0131layan Halk Ekmek fabrikas\u0131nda \u00e7ekildi\u011fi \u00f6ne s\u00fcr\u00fclen g\u00f6r\u00fcnt\u00fcler sosyal medyada b\u00fcy\u00fck yank\u0131 uyand\u0131rd\u0131. &#8220;\u00dcRET\u0130M\u0130 DERHAL SONLANDIRIN&#8221; \u0130stanbul B\u00fcy\u00fck\u015fehir Belediyesi AK Parti Grup S\u00f6zc\u00fcs\u00fc Murat T\u00fcrky\u0131lmaz taraf\u0131ndan payla\u015f\u0131lan videoda fabrikay\u0131 un bitinin sard\u0131\u011f\u0131 g\u00f6r\u00fcl\u00fcyor. \u0130la\u00e7laman\u0131n yetersiz oldu\u011fu ve yakma i\u015flemine ba\u015fland\u0131\u011f\u0131n\u0131 s\u00f6yleyen T\u00fcrky\u0131lmaz, &#8220;Halk Ekmek fabrikas\u0131nda tespit edilen un bitine\" \/>\n<meta property=\"og:url\" content=\"https:\/\/kibrisdakik.com\/?p=54558\" \/>\n<meta property=\"article:published_time\" content=\"2024-08-15T11:42:56+00:00\" \/>\n<meta property=\"og:image\" content=\"https:\/\/kibrisdakik.com\/wp-content\/uploads\/2024\/08\/halk-ekmek-fabrikasinda-mide-bulandiran-goruntu-17722237_2193_amp.jpg\" \/>\n\t<meta property=\"og:image:width\" content=\"1202\" \/>\n\t<meta property=\"og:image:height\" content=\"675\" \/>\n\t<meta property=\"og:image:type\" content=\"image\/jpeg\" \/>\n<meta name=\"author\" content=\"admin\" \/>\n<meta name=\"twitter:card\" content=\"summary_large_image\" \/>\n<meta name=\"twitter:label1\" content=\"Yazan:\" \/>\n\t<meta name=\"twitter:data1\" content=\"admin\" \/>\n\t<meta name=\"twitter:label2\" content=\"Tahmini okuma s\u00fcresi\" \/>\n\t<meta name=\"twitter:data2\" content=\"1 dakika\" \/>\n<script type=\"application\/ld+json\" class=\"yoast-schema-graph\">{\"@context\":\"https:\\\/\\\/schema.org\",\"@graph\":[{\"@type\":\"Article\",\"@id\":\"https:\\\/\\\/kibrisdakik.com\\\/?p=54558#article\",\"isPartOf\":{\"@id\":\"https:\\\/\\\/kibrisdakik.com\\\/?p=54558\"},\"author\":{\"name\":\"admin\",\"@id\":\"https:\\\/\\\/kibrisdakik.com\\\/#\\\/schema\\\/person\\\/9cd9d437bbb44f72b73ba127e06d8e79\"},\"headline\":\"Halk Ekmek fabrikas\u0131nda mide buland\u0131ran g\u00f6r\u00fcnt\u00fc! &#8220;\u00dcretimi derhal sonland\u0131r\u0131n&#8221; \u00e7a\u011fr\u0131s\u0131 yapt\u0131\",\"datePublished\":\"2024-08-15T11:42:56+00:00\",\"mainEntityOfPage\":{\"@id\":\"https:\\\/\\\/kibrisdakik.com\\\/?p=54558\"},\"wordCount\":178,\"commentCount\":0,\"image\":{\"@id\":\"https:\\\/\\\/kibrisdakik.com\\\/?p=54558#primaryimage\"},\"thumbnailUrl\":\"https:\\\/\\\/kibrisdakik.com\\\/wp-content\\\/uploads\\\/2024\\\/08\\\/halk-ekmek-fabrikasinda-mide-bulandiran-goruntu-17722237_2193_amp.jpg\",\"articleSection\":[\"Magazin\"],\"inLanguage\":\"tr\",\"potentialAction\":[{\"@type\":\"CommentAction\",\"name\":\"Comment\",\"target\":[\"https:\\\/\\\/kibrisdakik.com\\\/?p=54558#respond\"]}]},{\"@type\":\"WebPage\",\"@id\":\"https:\\\/\\\/kibrisdakik.com\\\/?p=54558\",\"url\":\"https:\\\/\\\/kibrisdakik.com\\\/?p=54558\",\"name\":\"Halk Ekmek fabrikas\u0131nda mide buland\u0131ran g\u00f6r\u00fcnt\u00fc! \\\"\u00dcretimi derhal sonland\u0131r\u0131n\\\" \u00e7a\u011fr\u0131s\u0131 yapt\u0131 -\",\"isPartOf\":{\"@id\":\"https:\\\/\\\/kibrisdakik.com\\\/#website\"},\"primaryImageOfPage\":{\"@id\":\"https:\\\/\\\/kibrisdakik.com\\\/?p=54558#primaryimage\"},\"image\":{\"@id\":\"https:\\\/\\\/kibrisdakik.com\\\/?p=54558#primaryimage\"},\"thumbnailUrl\":\"https:\\\/\\\/kibrisdakik.com\\\/wp-content\\\/uploads\\\/2024\\\/08\\\/halk-ekmek-fabrikasinda-mide-bulandiran-goruntu-17722237_2193_amp.jpg\",\"datePublished\":\"2024-08-15T11:42:56+00:00\",\"author\":{\"@id\":\"https:\\\/\\\/kibrisdakik.com\\\/#\\\/schema\\\/person\\\/9cd9d437bbb44f72b73ba127e06d8e79\"},\"breadcrumb\":{\"@id\":\"https:\\\/\\\/kibrisdakik.com\\\/?p=54558#breadcrumb\"},\"inLanguage\":\"tr\",\"potentialAction\":[{\"@type\":\"ReadAction\",\"target\":[\"https:\\\/\\\/kibrisdakik.com\\\/?p=54558\"]}]},{\"@type\":\"ImageObject\",\"inLanguage\":\"tr\",\"@id\":\"https:\\\/\\\/kibrisdakik.com\\\/?p=54558#primaryimage\",\"url\":\"https:\\\/\\\/kibrisdakik.com\\\/wp-content\\\/uploads\\\/2024\\\/08\\\/halk-ekmek-fabrikasinda-mide-bulandiran-goruntu-17722237_2193_amp.jpg\",\"contentUrl\":\"https:\\\/\\\/kibrisdakik.com\\\/wp-content\\\/uploads\\\/2024\\\/08\\\/halk-ekmek-fabrikasinda-mide-bulandiran-goruntu-17722237_2193_amp.jpg\",\"width\":1202,\"height\":675},{\"@type\":\"BreadcrumbList\",\"@id\":\"https:\\\/\\\/kibrisdakik.com\\\/?p=54558#breadcrumb\",\"itemListElement\":[{\"@type\":\"ListItem\",\"position\":1,\"name\":\"Home\",\"item\":\"https:\\\/\\\/kibrisdakik.com\\\/\"},{\"@type\":\"ListItem\",\"position\":2,\"name\":\"Halk Ekmek fabrikas\u0131nda mide buland\u0131ran g\u00f6r\u00fcnt\u00fc! &#8220;\u00dcretimi derhal sonland\u0131r\u0131n&#8221; \u00e7a\u011fr\u0131s\u0131 yapt\u0131\"}]},{\"@type\":\"WebSite\",\"@id\":\"https:\\\/\\\/kibrisdakik.com\\\/#website\",\"url\":\"https:\\\/\\\/kibrisdakik.com\\\/\",\"name\":\"\",\"description\":\"Tam vaktinde haber\",\"potentialAction\":[{\"@type\":\"SearchAction\",\"target\":{\"@type\":\"EntryPoint\",\"urlTemplate\":\"https:\\\/\\\/kibrisdakik.com\\\/?s={search_term_string}\"},\"query-input\":{\"@type\":\"PropertyValueSpecification\",\"valueRequired\":true,\"valueName\":\"search_term_string\"}}],\"inLanguage\":\"tr\"},{\"@type\":\"Person\",\"@id\":\"https:\\\/\\\/kibrisdakik.com\\\/#\\\/schema\\\/person\\\/9cd9d437bbb44f72b73ba127e06d8e79\",\"name\":\"admin\",\"image\":{\"@type\":\"ImageObject\",\"inLanguage\":\"tr\",\"@id\":\"https:\\\/\\\/secure.gravatar.com\\\/avatar\\\/ccc17943b9d660506c869530f897617f7cb1c21a4bf30023f252596d83e1f007?s=96&d=mm&r=g\",\"url\":\"https:\\\/\\\/secure.gravatar.com\\\/avatar\\\/ccc17943b9d660506c869530f897617f7cb1c21a4bf30023f252596d83e1f007?s=96&d=mm&r=g\",\"contentUrl\":\"https:\\\/\\\/secure.gravatar.com\\\/avatar\\\/ccc17943b9d660506c869530f897617f7cb1c21a4bf30023f252596d83e1f007?s=96&d=mm&r=g\",\"caption\":\"admin\"},\"sameAs\":[\"https:\\\/\\\/kibrisdakik.com\"],\"url\":\"https:\\\/\\\/kibrisdakik.com\\\/?author=1\"}]}<\/script>\n<!-- \/ Yoast SEO plugin. -->","yoast_head_json":{"title":"Halk Ekmek fabrikas\u0131nda mide buland\u0131ran g\u00f6r\u00fcnt\u00fc! \"\u00dcretimi derhal sonland\u0131r\u0131n\" \u00e7a\u011fr\u0131s\u0131 yapt\u0131 -","robots":{"index":"index","follow":"follow","max-snippet":"max-snippet:-1","max-image-preview":"max-image-preview:large","max-video-preview":"max-video-preview:-1"},"canonical":"https:\/\/kibrisdakik.com\/?p=54558","og_locale":"tr_TR","og_type":"article","og_title":"Halk Ekmek fabrikas\u0131nda mide buland\u0131ran g\u00f6r\u00fcnt\u00fc! \"\u00dcretimi derhal sonland\u0131r\u0131n\" \u00e7a\u011fr\u0131s\u0131 yapt\u0131 -","og_description":"\u0130stanbul&#8217;un ekmek ihtiyac\u0131n\u0131n yakla\u015f\u0131k y\u00fczde 10&#8217;unu kar\u015f\u0131layan Halk Ekmek fabrikas\u0131nda \u00e7ekildi\u011fi \u00f6ne s\u00fcr\u00fclen g\u00f6r\u00fcnt\u00fcler sosyal medyada b\u00fcy\u00fck yank\u0131 uyand\u0131rd\u0131. &#8220;\u00dcRET\u0130M\u0130 DERHAL SONLANDIRIN&#8221; \u0130stanbul B\u00fcy\u00fck\u015fehir Belediyesi AK Parti Grup S\u00f6zc\u00fcs\u00fc Murat T\u00fcrky\u0131lmaz taraf\u0131ndan payla\u015f\u0131lan videoda fabrikay\u0131 un bitinin sard\u0131\u011f\u0131 g\u00f6r\u00fcl\u00fcyor. \u0130la\u00e7laman\u0131n yetersiz oldu\u011fu ve yakma i\u015flemine ba\u015fland\u0131\u011f\u0131n\u0131 s\u00f6yleyen T\u00fcrky\u0131lmaz, &#8220;Halk Ekmek fabrikas\u0131nda tespit edilen un bitine","og_url":"https:\/\/kibrisdakik.com\/?p=54558","article_published_time":"2024-08-15T11:42:56+00:00","og_image":[{"width":1202,"height":675,"url":"https:\/\/kibrisdakik.com\/wp-content\/uploads\/2024\/08\/halk-ekmek-fabrikasinda-mide-bulandiran-goruntu-17722237_2193_amp.jpg","type":"image\/jpeg"}],"author":"admin","twitter_card":"summary_large_image","twitter_misc":{"Yazan:":"admin","Tahmini okuma s\u00fcresi":"1 dakika"},"schema":{"@context":"https:\/\/schema.org","@graph":[{"@type":"Article","@id":"https:\/\/kibrisdakik.com\/?p=54558#article","isPartOf":{"@id":"https:\/\/kibrisdakik.com\/?p=54558"},"author":{"name":"admin","@id":"https:\/\/kibrisdakik.com\/#\/schema\/person\/9cd9d437bbb44f72b73ba127e06d8e79"},"headline":"Halk Ekmek fabrikas\u0131nda mide buland\u0131ran g\u00f6r\u00fcnt\u00fc! &#8220;\u00dcretimi derhal sonland\u0131r\u0131n&#8221; \u00e7a\u011fr\u0131s\u0131 yapt\u0131","datePublished":"2024-08-15T11:42:56+00:00","mainEntityOfPage":{"@id":"https:\/\/kibrisdakik.com\/?p=54558"},"wordCount":178,"commentCount":0,"image":{"@id":"https:\/\/kibrisdakik.com\/?p=54558#primaryimage"},"thumbnailUrl":"https:\/\/kibrisdakik.com\/wp-content\/uploads\/2024\/08\/halk-ekmek-fabrikasinda-mide-bulandiran-goruntu-17722237_2193_amp.jpg","articleSection":["Magazin"],"inLanguage":"tr","potentialAction":[{"@type":"CommentAction","name":"Comment","target":["https:\/\/kibrisdakik.com\/?p=54558#respond"]}]},{"@type":"WebPage","@id":"https:\/\/kibrisdakik.com\/?p=54558","url":"https:\/\/kibrisdakik.com\/?p=54558","name":"Halk Ekmek fabrikas\u0131nda mide buland\u0131ran g\u00f6r\u00fcnt\u00fc! \"\u00dcretimi derhal sonland\u0131r\u0131n\" \u00e7a\u011fr\u0131s\u0131 yapt\u0131 -","isPartOf":{"@id":"https:\/\/kibrisdakik.com\/#website"},"primaryImageOfPage":{"@id":"https:\/\/kibrisdakik.com\/?p=54558#primaryimage"},"image":{"@id":"https:\/\/kibrisdakik.com\/?p=54558#primaryimage"},"thumbnailUrl":"https:\/\/kibrisdakik.com\/wp-content\/uploads\/2024\/08\/halk-ekmek-fabrikasinda-mide-bulandiran-goruntu-17722237_2193_amp.jpg","datePublished":"2024-08-15T11:42:56+00:00","author":{"@id":"https:\/\/kibrisdakik.com\/#\/schema\/person\/9cd9d437bbb44f72b73ba127e06d8e79"},"breadcrumb":{"@id":"https:\/\/kibrisdakik.com\/?p=54558#breadcrumb"},"inLanguage":"tr","potentialAction":[{"@type":"ReadAction","target":["https:\/\/kibrisdakik.com\/?p=54558"]}]},{"@type":"ImageObject","inLanguage":"tr","@id":"https:\/\/kibrisdakik.com\/?p=54558#primaryimage","url":"https:\/\/kibrisdakik.com\/wp-content\/uploads\/2024\/08\/halk-ekmek-fabrikasinda-mide-bulandiran-goruntu-17722237_2193_amp.jpg","contentUrl":"https:\/\/kibrisdakik.com\/wp-content\/uploads\/2024\/08\/halk-ekmek-fabrikasinda-mide-bulandiran-goruntu-17722237_2193_amp.jpg","width":1202,"height":675},{"@type":"BreadcrumbList","@id":"https:\/\/kibrisdakik.com\/?p=54558#breadcrumb","itemListElement":[{"@type":"ListItem","position":1,"name":"Home","item":"https:\/\/kibrisdakik.com\/"},{"@type":"ListItem","position":2,"name":"Halk Ekmek fabrikas\u0131nda mide buland\u0131ran g\u00f6r\u00fcnt\u00fc! &#8220;\u00dcretimi derhal sonland\u0131r\u0131n&#8221; \u00e7a\u011fr\u0131s\u0131 yapt\u0131"}]},{"@type":"WebSite","@id":"https:\/\/kibrisdakik.com\/#website","url":"https:\/\/kibrisdakik.com\/","name":"","description":"Tam vaktinde haber","potentialAction":[{"@type":"SearchAction","target":{"@type":"EntryPoint","urlTemplate":"https:\/\/kibrisdakik.com\/?s={search_term_string}"},"query-input":{"@type":"PropertyValueSpecification","valueRequired":true,"valueName":"search_term_string"}}],"inLanguage":"tr"},{"@type":"Person","@id":"https:\/\/kibrisdakik.com\/#\/schema\/person\/9cd9d437bbb44f72b73ba127e06d8e79","name":"admin","image":{"@type":"ImageObject","inLanguage":"tr","@id":"https:\/\/secure.gravatar.com\/avatar\/ccc17943b9d660506c869530f897617f7cb1c21a4bf30023f252596d83e1f007?s=96&d=mm&r=g","url":"https:\/\/secure.gravatar.com\/avatar\/ccc17943b9d660506c869530f897617f7cb1c21a4bf30023f252596d83e1f007?s=96&d=mm&r=g","contentUrl":"https:\/\/secure.gravatar.com\/avatar\/ccc17943b9d660506c869530f897617f7cb1c21a4bf30023f252596d83e1f007?s=96&d=mm&r=g","caption":"admin"},"sameAs":["https:\/\/kibrisdakik.com"],"url":"https:\/\/kibrisdakik.com\/?author=1"}]}},"_links":{"self":[{"href":"https:\/\/kibrisdakik.com\/index.php?rest_route=\/wp\/v2\/posts\/54558","targetHints":{"allow":["GET"]}}],"collection":[{"href":"https:\/\/kibrisdakik.com\/index.php?rest_route=\/wp\/v2\/posts"}],"about":[{"href":"https:\/\/kibrisdakik.com\/index.php?rest_route=\/wp\/v2\/types\/post"}],"author":[{"embeddable":true,"href":"https:\/\/kibrisdakik.com\/index.php?rest_route=\/wp\/v2\/users\/1"}],"replies":[{"embeddable":true,"href":"https:\/\/kibrisdakik.com\/index.php?rest_route=%2Fwp%2Fv2%2Fcomments&post=54558"}],"version-history":[{"count":0,"href":"https:\/\/kibrisdakik.com\/index.php?rest_route=\/wp\/v2\/posts\/54558\/revisions"}],"wp:featuredmedia":[{"embeddable":true,"href":"https:\/\/kibrisdakik.com\/index.php?rest_route=\/wp\/v2\/media\/54559"}],"wp:attachment":[{"href":"https:\/\/kibrisdakik.com\/index.php?rest_route=%2Fwp%2Fv2%2Fmedia&parent=54558"}],"wp:term":[{"taxonomy":"category","embeddable":true,"href":"https:\/\/kibrisdakik.com\/index.php?rest_route=%2Fwp%2Fv2%2Fcategories&post=54558"},{"taxonomy":"post_tag","embeddable":true,"href":"https:\/\/kibrisdakik.com\/index.php?rest_route=%2Fwp%2Fv2%2Ftags&post=54558"}],"curies":[{"name":"wp","href":"https:\/\/api.w.org\/{rel}","templated":true}]}}