{"id":54569,"date":"2024-08-15T12:08:51","date_gmt":"2024-08-15T09:08:51","guid":{"rendered":"https:\/\/kibrisdakik.com\/index.php\/2024\/08\/15\/89-kisiye-mezar-olan-galeria-sitesinin-tutuklu-muteahhidi-hayatini-kaybetti\/"},"modified":"2024-08-15T12:08:51","modified_gmt":"2024-08-15T09:08:51","slug":"89-kisiye-mezar-olan-galeria-sitesinin-tutuklu-muteahhidi-hayatini-kaybetti","status":"publish","type":"post","link":"https:\/\/kibrisdakik.com\/?p=54569","title":{"rendered":"89 ki\u015fiye mezar olan Galeria Sitesi&#8217;nin tutuklu m\u00fcteahhidi hayat\u0131n\u0131 kaybetti"},"content":{"rendered":"<p><img decoding=\"async\" src=\"https:\/\/foto.haberler.com\/haber\/2024\/08\/15\/89-kisiye-mezar-olan-galeria-sitesi-nin-tutuklu-17721515_6512_amp.jpg\" \/><\/p>\n<div id=\"\">\n<p> <a class=\"keyword\" href=\"https:\/\/www.haberler.com\/diyarbakir\/\" title=\"Diyarbak\u0131r Haberleri, Diyarbak\u0131r Haberi, Diyarbak\u0131r Haber\"><strong>Diyarbak\u0131r<\/strong><\/a>&#8216;da y\u0131k\u0131lan ve 89 ki\u015finin hayat\u0131n\u0131 kaybetti\u011fi Galeria Sitesi&#8217;ne ili\u015fkin davada 17 y\u0131l 6&#8217;ay hapis cezas\u0131na \u00e7arpt\u0131r\u0131lan m\u00fcteahhit Sedat Eser, tutuklu bulundu\u011fu Sincan Cezaevinde rahats\u0131zlanarak hastaneye kald\u0131r\u0131ld\u0131. Ankara Etlik \u015eehir Hastanesi&#8217;nde yatarak tedavi g\u00f6ren ve durumunun k\u00f6t\u00fcle\u015fmesi \u00fczerine yo\u011fun bak\u0131m servisine al\u0131nan Eser, vefat etti.<\/p>\n<h3>17 YIL 6 AY HAP\u0130S CEZASI ALMI\u015eTI<\/h3>\n<p>6 \u015eubat 2023&#8217;te meydana gelen Kahramanmara\u015f merkezli depremlerde y\u0131k\u0131lan Galeria Sitesi&#8217;ne ili\u015fkin davada, Diyarbak\u0131r 11. A\u011f\u0131r Ceza Mahkemesinde yarg\u0131lanan Eser, &#8220;bilin\u00e7li taksirle birden fazla ki\u015finin \u00f6l\u00fcm\u00fcne ve yaralanmas\u0131na neden olma&#8221; su\u00e7undan 17 y\u0131l 6 ay hapis cezas\u0131na \u00e7arpt\u0131r\u0131lm\u0131\u015ft\u0131.<\/p>\n<h4 id=\"nwsKeywords\"> <a href=\"https:\/\/www.haberler.com\/kahramanmaras\/\" title=\"Kahramanmara\u015f\" class=\"hbptTag\">Kahramanmara\u015f<\/a>  <a href=\"https:\/\/www.haberler.com\/diyarbakir\/\" title=\"Diyarbak\u0131r\" class=\"hbptTag\">Diyarbak\u0131r<\/a>  <a href=\"https:\/\/www.haberler.com\/ankara\/\" title=\"ankara\" class=\"hbptTag\">ankara<\/a>  <a href=\"https:\/\/www.haberler.com\/deprem\/\" title=\"Deprem\" class=\"hbptTag\">Deprem<\/a>  <a href=\"https:\/\/www.haberler.com\/dunya\/\" title=\"D\u00fcnya\" class=\"hbptTag\">D\u00fcnya<\/a>  <a href=\"https:\/\/www.haberler.com\/deprem\/\" title=\"Deprem\" class=\"hbptTag\">Deprem<\/a>  <a href=\"https:\/\/www.haberler.com\/olum\/\" title=\"\u00d6l\u00fcm\" class=\"hbptTag\">\u00d6l\u00fcm<\/a>  <a href=\"https:\/\/www.haberler.com\/hukuk\/\" title=\"Hukuk\" class=\"hbptTag\">Hukuk<\/a>  <a href=\"https:\/\/www.haberler.com\/dunya\/\" title=\"D\u00fcnya\" class=\"hbptTag\">D\u00fcnya<\/a>  <a href=\"https:\/\/www.haberler.com\/guncel\/\" title=\"G\u00fcncel\" class=\"hbptTag\">G\u00fcncel<\/a>  <a href=\"https:\/\/www.haberler.com\/\" title=\"Haberler\" class=\"hbptTag\">Haberler<\/a> <\/h4>\n<\/div>\n","protected":false},"excerpt":{"rendered":"<p>Diyarbak\u0131r&#8216;da y\u0131k\u0131lan ve 89 ki\u015finin hayat\u0131n\u0131 kaybetti\u011fi Galeria Sitesi&#8217;ne ili\u015fkin davada 17 y\u0131l 6&#8217;ay hapis cezas\u0131na \u00e7arpt\u0131r\u0131lan m\u00fcteahhit Sedat Eser, tutuklu bulundu\u011fu Sincan Cezaevinde rahats\u0131zlanarak hastaneye kald\u0131r\u0131ld\u0131. Ankara Etlik \u015eehir Hastanesi&#8217;nde yatarak tedavi g\u00f6ren ve durumunun k\u00f6t\u00fcle\u015fmesi \u00fczerine yo\u011fun bak\u0131m servisine al\u0131nan Eser, vefat etti. 17 YIL 6 AY HAP\u0130S CEZASI ALMI\u015eTI 6 \u015eubat 2023&#8217;te<\/p>\n","protected":false},"author":1,"featured_media":54570,"comment_status":"open","ping_status":"open","sticky":false,"template":"","format":"standard","meta":{"footnotes":""},"categories":[83],"tags":[],"class_list":["post-54569","post","type-post","status-publish","format-standard","has-post-thumbnail","hentry","category-magazin"],"yoast_head":"<!-- This site is optimized with the Yoast SEO plugin v27.5 - https:\/\/yoast.com\/product\/yoast-seo-wordpress\/ -->\n<title>89 ki\u015fiye mezar olan Galeria Sitesi&#039;nin tutuklu m\u00fcteahhidi hayat\u0131n\u0131 kaybetti -<\/title>\n<meta name=\"robots\" content=\"index, follow, max-snippet:-1, max-image-preview:large, max-video-preview:-1\" \/>\n<link rel=\"canonical\" href=\"https:\/\/kibrisdakik.com\/?p=54569\" \/>\n<meta property=\"og:locale\" content=\"tr_TR\" \/>\n<meta property=\"og:type\" content=\"article\" \/>\n<meta property=\"og:title\" content=\"89 ki\u015fiye mezar olan Galeria Sitesi&#039;nin tutuklu m\u00fcteahhidi hayat\u0131n\u0131 kaybetti -\" \/>\n<meta property=\"og:description\" content=\"Diyarbak\u0131r&#8216;da y\u0131k\u0131lan ve 89 ki\u015finin hayat\u0131n\u0131 kaybetti\u011fi Galeria Sitesi&#8217;ne ili\u015fkin davada 17 y\u0131l 6&#8217;ay hapis cezas\u0131na \u00e7arpt\u0131r\u0131lan m\u00fcteahhit Sedat Eser, tutuklu bulundu\u011fu Sincan Cezaevinde rahats\u0131zlanarak hastaneye kald\u0131r\u0131ld\u0131. Ankara Etlik \u015eehir Hastanesi&#8217;nde yatarak tedavi g\u00f6ren ve durumunun k\u00f6t\u00fcle\u015fmesi \u00fczerine yo\u011fun bak\u0131m servisine al\u0131nan Eser, vefat etti. 17 YIL 6 AY HAP\u0130S CEZASI ALMI\u015eTI 6 \u015eubat 2023&#8217;te\" \/>\n<meta property=\"og:url\" content=\"https:\/\/kibrisdakik.com\/?p=54569\" \/>\n<meta property=\"article:published_time\" content=\"2024-08-15T09:08:51+00:00\" \/>\n<meta property=\"og:image\" content=\"https:\/\/kibrisdakik.com\/wp-content\/uploads\/2024\/08\/89-kisiye-mezar-olan-galeria-sitesi-nin-tutuklu-17721515_6512_amp.jpg\" \/>\n\t<meta property=\"og:image:width\" content=\"1202\" \/>\n\t<meta property=\"og:image:height\" content=\"675\" \/>\n\t<meta property=\"og:image:type\" content=\"image\/jpeg\" \/>\n<meta name=\"author\" content=\"admin\" \/>\n<meta name=\"twitter:card\" content=\"summary_large_image\" \/>\n<meta name=\"twitter:label1\" content=\"Yazan:\" \/>\n\t<meta name=\"twitter:data1\" content=\"admin\" \/>\n\t<meta name=\"twitter:label2\" content=\"Tahmini okuma s\u00fcresi\" \/>\n\t<meta name=\"twitter:data2\" content=\"1 dakika\" \/>\n<script type=\"application\/ld+json\" class=\"yoast-schema-graph\">{\"@context\":\"https:\\\/\\\/schema.org\",\"@graph\":[{\"@type\":\"Article\",\"@id\":\"https:\\\/\\\/kibrisdakik.com\\\/?p=54569#article\",\"isPartOf\":{\"@id\":\"https:\\\/\\\/kibrisdakik.com\\\/?p=54569\"},\"author\":{\"name\":\"admin\",\"@id\":\"https:\\\/\\\/kibrisdakik.com\\\/#\\\/schema\\\/person\\\/9cd9d437bbb44f72b73ba127e06d8e79\"},\"headline\":\"89 ki\u015fiye mezar olan Galeria Sitesi&#8217;nin tutuklu m\u00fcteahhidi hayat\u0131n\u0131 kaybetti\",\"datePublished\":\"2024-08-15T09:08:51+00:00\",\"mainEntityOfPage\":{\"@id\":\"https:\\\/\\\/kibrisdakik.com\\\/?p=54569\"},\"wordCount\":153,\"commentCount\":0,\"image\":{\"@id\":\"https:\\\/\\\/kibrisdakik.com\\\/?p=54569#primaryimage\"},\"thumbnailUrl\":\"https:\\\/\\\/kibrisdakik.com\\\/wp-content\\\/uploads\\\/2024\\\/08\\\/89-kisiye-mezar-olan-galeria-sitesi-nin-tutuklu-17721515_6512_amp.jpg\",\"articleSection\":[\"Magazin\"],\"inLanguage\":\"tr\",\"potentialAction\":[{\"@type\":\"CommentAction\",\"name\":\"Comment\",\"target\":[\"https:\\\/\\\/kibrisdakik.com\\\/?p=54569#respond\"]}]},{\"@type\":\"WebPage\",\"@id\":\"https:\\\/\\\/kibrisdakik.com\\\/?p=54569\",\"url\":\"https:\\\/\\\/kibrisdakik.com\\\/?p=54569\",\"name\":\"89 ki\u015fiye mezar olan Galeria Sitesi'nin tutuklu m\u00fcteahhidi hayat\u0131n\u0131 kaybetti -\",\"isPartOf\":{\"@id\":\"https:\\\/\\\/kibrisdakik.com\\\/#website\"},\"primaryImageOfPage\":{\"@id\":\"https:\\\/\\\/kibrisdakik.com\\\/?p=54569#primaryimage\"},\"image\":{\"@id\":\"https:\\\/\\\/kibrisdakik.com\\\/?p=54569#primaryimage\"},\"thumbnailUrl\":\"https:\\\/\\\/kibrisdakik.com\\\/wp-content\\\/uploads\\\/2024\\\/08\\\/89-kisiye-mezar-olan-galeria-sitesi-nin-tutuklu-17721515_6512_amp.jpg\",\"datePublished\":\"2024-08-15T09:08:51+00:00\",\"author\":{\"@id\":\"https:\\\/\\\/kibrisdakik.com\\\/#\\\/schema\\\/person\\\/9cd9d437bbb44f72b73ba127e06d8e79\"},\"breadcrumb\":{\"@id\":\"https:\\\/\\\/kibrisdakik.com\\\/?p=54569#breadcrumb\"},\"inLanguage\":\"tr\",\"potentialAction\":[{\"@type\":\"ReadAction\",\"target\":[\"https:\\\/\\\/kibrisdakik.com\\\/?p=54569\"]}]},{\"@type\":\"ImageObject\",\"inLanguage\":\"tr\",\"@id\":\"https:\\\/\\\/kibrisdakik.com\\\/?p=54569#primaryimage\",\"url\":\"https:\\\/\\\/kibrisdakik.com\\\/wp-content\\\/uploads\\\/2024\\\/08\\\/89-kisiye-mezar-olan-galeria-sitesi-nin-tutuklu-17721515_6512_amp.jpg\",\"contentUrl\":\"https:\\\/\\\/kibrisdakik.com\\\/wp-content\\\/uploads\\\/2024\\\/08\\\/89-kisiye-mezar-olan-galeria-sitesi-nin-tutuklu-17721515_6512_amp.jpg\",\"width\":1202,\"height\":675},{\"@type\":\"BreadcrumbList\",\"@id\":\"https:\\\/\\\/kibrisdakik.com\\\/?p=54569#breadcrumb\",\"itemListElement\":[{\"@type\":\"ListItem\",\"position\":1,\"name\":\"Home\",\"item\":\"https:\\\/\\\/kibrisdakik.com\\\/\"},{\"@type\":\"ListItem\",\"position\":2,\"name\":\"89 ki\u015fiye mezar olan Galeria Sitesi&#8217;nin tutuklu m\u00fcteahhidi hayat\u0131n\u0131 kaybetti\"}]},{\"@type\":\"WebSite\",\"@id\":\"https:\\\/\\\/kibrisdakik.com\\\/#website\",\"url\":\"https:\\\/\\\/kibrisdakik.com\\\/\",\"name\":\"\",\"description\":\"Tam vaktinde haber\",\"potentialAction\":[{\"@type\":\"SearchAction\",\"target\":{\"@type\":\"EntryPoint\",\"urlTemplate\":\"https:\\\/\\\/kibrisdakik.com\\\/?s={search_term_string}\"},\"query-input\":{\"@type\":\"PropertyValueSpecification\",\"valueRequired\":true,\"valueName\":\"search_term_string\"}}],\"inLanguage\":\"tr\"},{\"@type\":\"Person\",\"@id\":\"https:\\\/\\\/kibrisdakik.com\\\/#\\\/schema\\\/person\\\/9cd9d437bbb44f72b73ba127e06d8e79\",\"name\":\"admin\",\"image\":{\"@type\":\"ImageObject\",\"inLanguage\":\"tr\",\"@id\":\"https:\\\/\\\/secure.gravatar.com\\\/avatar\\\/ccc17943b9d660506c869530f897617f7cb1c21a4bf30023f252596d83e1f007?s=96&d=mm&r=g\",\"url\":\"https:\\\/\\\/secure.gravatar.com\\\/avatar\\\/ccc17943b9d660506c869530f897617f7cb1c21a4bf30023f252596d83e1f007?s=96&d=mm&r=g\",\"contentUrl\":\"https:\\\/\\\/secure.gravatar.com\\\/avatar\\\/ccc17943b9d660506c869530f897617f7cb1c21a4bf30023f252596d83e1f007?s=96&d=mm&r=g\",\"caption\":\"admin\"},\"sameAs\":[\"https:\\\/\\\/kibrisdakik.com\"],\"url\":\"https:\\\/\\\/kibrisdakik.com\\\/?author=1\"}]}<\/script>\n<!-- \/ Yoast SEO plugin. -->","yoast_head_json":{"title":"89 ki\u015fiye mezar olan Galeria Sitesi'nin tutuklu m\u00fcteahhidi hayat\u0131n\u0131 kaybetti -","robots":{"index":"index","follow":"follow","max-snippet":"max-snippet:-1","max-image-preview":"max-image-preview:large","max-video-preview":"max-video-preview:-1"},"canonical":"https:\/\/kibrisdakik.com\/?p=54569","og_locale":"tr_TR","og_type":"article","og_title":"89 ki\u015fiye mezar olan Galeria Sitesi'nin tutuklu m\u00fcteahhidi hayat\u0131n\u0131 kaybetti -","og_description":"Diyarbak\u0131r&#8216;da y\u0131k\u0131lan ve 89 ki\u015finin hayat\u0131n\u0131 kaybetti\u011fi Galeria Sitesi&#8217;ne ili\u015fkin davada 17 y\u0131l 6&#8217;ay hapis cezas\u0131na \u00e7arpt\u0131r\u0131lan m\u00fcteahhit Sedat Eser, tutuklu bulundu\u011fu Sincan Cezaevinde rahats\u0131zlanarak hastaneye kald\u0131r\u0131ld\u0131. Ankara Etlik \u015eehir Hastanesi&#8217;nde yatarak tedavi g\u00f6ren ve durumunun k\u00f6t\u00fcle\u015fmesi \u00fczerine yo\u011fun bak\u0131m servisine al\u0131nan Eser, vefat etti. 17 YIL 6 AY HAP\u0130S CEZASI ALMI\u015eTI 6 \u015eubat 2023&#8217;te","og_url":"https:\/\/kibrisdakik.com\/?p=54569","article_published_time":"2024-08-15T09:08:51+00:00","og_image":[{"width":1202,"height":675,"url":"https:\/\/kibrisdakik.com\/wp-content\/uploads\/2024\/08\/89-kisiye-mezar-olan-galeria-sitesi-nin-tutuklu-17721515_6512_amp.jpg","type":"image\/jpeg"}],"author":"admin","twitter_card":"summary_large_image","twitter_misc":{"Yazan:":"admin","Tahmini okuma s\u00fcresi":"1 dakika"},"schema":{"@context":"https:\/\/schema.org","@graph":[{"@type":"Article","@id":"https:\/\/kibrisdakik.com\/?p=54569#article","isPartOf":{"@id":"https:\/\/kibrisdakik.com\/?p=54569"},"author":{"name":"admin","@id":"https:\/\/kibrisdakik.com\/#\/schema\/person\/9cd9d437bbb44f72b73ba127e06d8e79"},"headline":"89 ki\u015fiye mezar olan Galeria Sitesi&#8217;nin tutuklu m\u00fcteahhidi hayat\u0131n\u0131 kaybetti","datePublished":"2024-08-15T09:08:51+00:00","mainEntityOfPage":{"@id":"https:\/\/kibrisdakik.com\/?p=54569"},"wordCount":153,"commentCount":0,"image":{"@id":"https:\/\/kibrisdakik.com\/?p=54569#primaryimage"},"thumbnailUrl":"https:\/\/kibrisdakik.com\/wp-content\/uploads\/2024\/08\/89-kisiye-mezar-olan-galeria-sitesi-nin-tutuklu-17721515_6512_amp.jpg","articleSection":["Magazin"],"inLanguage":"tr","potentialAction":[{"@type":"CommentAction","name":"Comment","target":["https:\/\/kibrisdakik.com\/?p=54569#respond"]}]},{"@type":"WebPage","@id":"https:\/\/kibrisdakik.com\/?p=54569","url":"https:\/\/kibrisdakik.com\/?p=54569","name":"89 ki\u015fiye mezar olan Galeria Sitesi'nin tutuklu m\u00fcteahhidi hayat\u0131n\u0131 kaybetti -","isPartOf":{"@id":"https:\/\/kibrisdakik.com\/#website"},"primaryImageOfPage":{"@id":"https:\/\/kibrisdakik.com\/?p=54569#primaryimage"},"image":{"@id":"https:\/\/kibrisdakik.com\/?p=54569#primaryimage"},"thumbnailUrl":"https:\/\/kibrisdakik.com\/wp-content\/uploads\/2024\/08\/89-kisiye-mezar-olan-galeria-sitesi-nin-tutuklu-17721515_6512_amp.jpg","datePublished":"2024-08-15T09:08:51+00:00","author":{"@id":"https:\/\/kibrisdakik.com\/#\/schema\/person\/9cd9d437bbb44f72b73ba127e06d8e79"},"breadcrumb":{"@id":"https:\/\/kibrisdakik.com\/?p=54569#breadcrumb"},"inLanguage":"tr","potentialAction":[{"@type":"ReadAction","target":["https:\/\/kibrisdakik.com\/?p=54569"]}]},{"@type":"ImageObject","inLanguage":"tr","@id":"https:\/\/kibrisdakik.com\/?p=54569#primaryimage","url":"https:\/\/kibrisdakik.com\/wp-content\/uploads\/2024\/08\/89-kisiye-mezar-olan-galeria-sitesi-nin-tutuklu-17721515_6512_amp.jpg","contentUrl":"https:\/\/kibrisdakik.com\/wp-content\/uploads\/2024\/08\/89-kisiye-mezar-olan-galeria-sitesi-nin-tutuklu-17721515_6512_amp.jpg","width":1202,"height":675},{"@type":"BreadcrumbList","@id":"https:\/\/kibrisdakik.com\/?p=54569#breadcrumb","itemListElement":[{"@type":"ListItem","position":1,"name":"Home","item":"https:\/\/kibrisdakik.com\/"},{"@type":"ListItem","position":2,"name":"89 ki\u015fiye mezar olan Galeria Sitesi&#8217;nin tutuklu m\u00fcteahhidi hayat\u0131n\u0131 kaybetti"}]},{"@type":"WebSite","@id":"https:\/\/kibrisdakik.com\/#website","url":"https:\/\/kibrisdakik.com\/","name":"","description":"Tam vaktinde haber","potentialAction":[{"@type":"SearchAction","target":{"@type":"EntryPoint","urlTemplate":"https:\/\/kibrisdakik.com\/?s={search_term_string}"},"query-input":{"@type":"PropertyValueSpecification","valueRequired":true,"valueName":"search_term_string"}}],"inLanguage":"tr"},{"@type":"Person","@id":"https:\/\/kibrisdakik.com\/#\/schema\/person\/9cd9d437bbb44f72b73ba127e06d8e79","name":"admin","image":{"@type":"ImageObject","inLanguage":"tr","@id":"https:\/\/secure.gravatar.com\/avatar\/ccc17943b9d660506c869530f897617f7cb1c21a4bf30023f252596d83e1f007?s=96&d=mm&r=g","url":"https:\/\/secure.gravatar.com\/avatar\/ccc17943b9d660506c869530f897617f7cb1c21a4bf30023f252596d83e1f007?s=96&d=mm&r=g","contentUrl":"https:\/\/secure.gravatar.com\/avatar\/ccc17943b9d660506c869530f897617f7cb1c21a4bf30023f252596d83e1f007?s=96&d=mm&r=g","caption":"admin"},"sameAs":["https:\/\/kibrisdakik.com"],"url":"https:\/\/kibrisdakik.com\/?author=1"}]}},"_links":{"self":[{"href":"https:\/\/kibrisdakik.com\/index.php?rest_route=\/wp\/v2\/posts\/54569","targetHints":{"allow":["GET"]}}],"collection":[{"href":"https:\/\/kibrisdakik.com\/index.php?rest_route=\/wp\/v2\/posts"}],"about":[{"href":"https:\/\/kibrisdakik.com\/index.php?rest_route=\/wp\/v2\/types\/post"}],"author":[{"embeddable":true,"href":"https:\/\/kibrisdakik.com\/index.php?rest_route=\/wp\/v2\/users\/1"}],"replies":[{"embeddable":true,"href":"https:\/\/kibrisdakik.com\/index.php?rest_route=%2Fwp%2Fv2%2Fcomments&post=54569"}],"version-history":[{"count":0,"href":"https:\/\/kibrisdakik.com\/index.php?rest_route=\/wp\/v2\/posts\/54569\/revisions"}],"wp:featuredmedia":[{"embeddable":true,"href":"https:\/\/kibrisdakik.com\/index.php?rest_route=\/wp\/v2\/media\/54570"}],"wp:attachment":[{"href":"https:\/\/kibrisdakik.com\/index.php?rest_route=%2Fwp%2Fv2%2Fmedia&parent=54569"}],"wp:term":[{"taxonomy":"category","embeddable":true,"href":"https:\/\/kibrisdakik.com\/index.php?rest_route=%2Fwp%2Fv2%2Fcategories&post=54569"},{"taxonomy":"post_tag","embeddable":true,"href":"https:\/\/kibrisdakik.com\/index.php?rest_route=%2Fwp%2Fv2%2Ftags&post=54569"}],"curies":[{"name":"wp","href":"https:\/\/api.w.org\/{rel}","templated":true}]}}