{"id":54660,"date":"2024-08-15T20:11:50","date_gmt":"2024-08-15T17:11:50","guid":{"rendered":"https:\/\/kibrisdakik.com\/index.php\/2024\/08\/15\/icardi-alacaklari-icin-kulube-ihtar-cekti-mi-galatasaraydan-resmi-aciklama-var\/"},"modified":"2024-08-15T20:11:50","modified_gmt":"2024-08-15T17:11:50","slug":"icardi-alacaklari-icin-kulube-ihtar-cekti-mi-galatasaraydan-resmi-aciklama-var","status":"publish","type":"post","link":"https:\/\/kibrisdakik.com\/?p=54660","title":{"rendered":"Icardi, alacaklar\u0131 i\u00e7in kul\u00fcbe ihtar \u00e7ekti mi? Galatasaray&#8217;dan resmi a\u00e7\u0131klama var"},"content":{"rendered":"<p><\/p>\n<div id=\"\">\n<p> <a class=\"keyword\" href=\"https:\/\/www.haberler.com\/galatasaray\/\" title=\"Galatasaray Haberleri, Galatasaray Haberi, Galatasaray Haber\"><strong>Galatasaray<\/strong><\/a>&#8216;\u0131n Arjantinli golc\u00fcs\u00fc Mauro Icardi&#8217;nin alacaklar\u0131 i\u00e7in sar\u0131-k\u0131rm\u0131z\u0131l\u0131 kul\u00fcbe ihtar \u00e7ekti\u011fi iddia edilmi\u015fti. Cimbom&#8217;un genel sekreteri Eray Yazgan, g\u00fcndemdeki konuyla ilgili a\u00e7\u0131klamalarda bulundu. Yazgan, Kerem Akt\u00fcrko\u011flu ve Wilfried Zaha&#8217;n\u0131n tak\u0131mdaki durumu hakk\u0131nda da bilgi verdi.<\/p>\n<h3>ICARDI \u0130HTAR \u00c7EKT\u0130 M\u0130?<\/h3>\n<p>Icardi&#8217;nin alacaklar\u0131 i\u00e7in kul\u00fcbe ihtar \u00e7ekti\u011fi y\u00f6n\u00fcndeki iddialara a\u00e7\u0131kl\u0131k getiren Yazgan, &#8220;Ge\u00e7en hafta Hatay ma\u00e7\u0131 g\u00fcn\u00fc bu iddia ortaya at\u0131ld\u0131. Mauro Icardi, d\u00fcnyada \u00e7ok \u00f6nemli bir marka. \u00c7ok ciddi bir \u015firket ayn\u0131 zamanda. Muhasebecisi var, avukat\u0131 var, menejarleri var. Onlar\u0131n \u00e7ok ciddi g\u00f6revleri var. Bunlar\u0131n aras\u0131nda g\u00fcn\u00fc gelen \u00f6demeyi muhatab\u0131na an\u0131msatmak var. Bize, 22 A\u011fustos&#8217;a kadar \u015f\u00f6yle bir \u00f6demeniz var diye bir an\u0131msatma mesaj\u0131 geldi. Nitekim, herkesin bildi\u011fi gibi Avrupa&#8217;ya giden tak\u0131mlar senede 4 kez bor\u00e7suzluk ka\u011f\u0131d\u0131 al\u0131yorlar. 30 Haziran&#8217;da biz ge\u00e7tik bunu. E\u011fer b\u00f6yle bir bor\u00e7 olsa, bunu ge\u00e7ebilir miyiz? O bir an\u0131msatma, 22 A\u011fustos&#8217;a kadar \u00f6demesi yap\u0131lacak. Bug\u00fcn itibariyle \u00f6yle bir problem yok&#8221; a\u00e7\u0131klamas\u0131n\u0131 yapt\u0131.<\/p>\n<p><img loading=\"lazy\" decoding=\"async\" class=\"hbptMainImage lazyload ImgDetay\" src=\"https:\/\/foto.haberler.com\/haber\/2024\/08\/15\/icardi-alacaklari-icin-kulube-ihtar-cekti-mi-17723519_3603_m.jpg\" alt=\"Icardi, alacaklar\u0131 i\u00e7in kul\u00fcbe ihtar \u00e7ekti mi? Galatasaray'dan resmi a\u00e7\u0131klama var\" width=\"620\" height=\"273\"\/><span class=\"figcaption\">Eray Yazgan<\/span><\/p>\n<h3>KEREM AKT\u00dcRKO\u011eLU&#8217;NUN TAKIMDAK\u0130 GELECE\u011e\u0130<\/h3>\n<p>Eray Yazgan, Kerem Akt\u00fcrko\u011flu&#8217;nun tak\u0131mdaki gelece\u011fiyle ilgili &#8220;Kerem, ge\u00e7en hafta kadrodayd\u0131. Girdikten sonra ne kadar katk\u0131 sa\u011flad\u0131n\u0131 g\u00f6rd\u00fck. Hem oyuncunun hem bizim tatmin olaca\u011f\u0131, mutlu olaca\u011f\u0131 bir ortam olmas\u0131 laz\u0131m. Kerem bizim karde\u015fimiz, evlad\u0131m\u0131z, kaptan\u0131m\u0131z. Bu insanlar\u0131n da kabul edebilece\u011fiz, onlar\u0131n da tatmin olaca\u011f\u0131, kul\u00fcb\u00fcn de tatmin olaca\u011f\u0131 geli\u015fmeler olmal\u0131 ki biz de oyuncu da kabul etsin ve \u00f6n\u00fcm\u00fcze bakal\u0131m ve bahsetti\u011finiz transfer s\u00fcre\u00e7leri neticelensin&#8221; ifadelerini kulland\u0131.<\/p>\n<p><img loading=\"lazy\" decoding=\"async\" class=\"hbptMainImage lazyload ImgDetay\" src=\"https:\/\/foto.haberler.com\/haber\/2024\/08\/15\/icardi-alacaklari-icin-kulube-ihtar-cekti-mi-17723519_1005_m.jpg\" alt=\"Icardi, alacaklar\u0131 i\u00e7in kul\u00fcbe ihtar \u00e7ekti mi? Galatasaray'dan resmi a\u00e7\u0131klama var\" width=\"640\" height=\"360\"\/><\/p>\n<h3>ZAHA&#8217;NIN TRANSFER S\u00dcREC\u0130<\/h3>\n<p>Zaha&#8217;n\u0131n transfer s\u00fcrecinde oldu\u011funu belirten Yazgan, &#8220;Hocayla g\u00f6r\u00fc\u015ft\u00fc\u011f\u00fcnde bu haftay\u0131 da dinlenerek ge\u00e7irmesini do\u011fru buldu hocam\u0131z. Bu \u015fekilde ilerliyoruz. Onun d\u0131\u015f\u0131nda tam tak\u0131m\u0131z. Keyifle gidece\u011fiz ve dilerim galibiyetle d\u00f6nece\u011fiz. Bizi \u00fczen k\u00fc\u00e7\u00fck bir \u015fey oldu. Umar\u0131m bu bir al\u0131\u015fkanl\u0131k haline gelmez. Deplasman trib\u00fcn\u00fc i\u00e7in 1800 TL civar\u0131 gibi bir \u00fccret belirlemi\u015fler deplasman trib\u00fcn\u00fc i\u00e7in. TFF&#8217;nin ald\u0131\u011f\u0131 ve uzun y\u0131llard\u0131r devam eden bir kural var, normal bilet fiyat\u0131n\u0131n y\u00fczde 30&#8217;undan daha fazla olam\u0131yor deplasman trib\u00fcn\u00fc bilet fiyatlar\u0131. Bundan sonraki s\u00fcre\u00e7te buna \u00f6zen g\u00f6sterirlerse biz \u00e7ok memnun oluruz. Di\u011fer kul\u00fcplerin de benzer beklentileri oldu\u011funu d\u00fc\u015f\u00fcn\u00fcyorum&#8221; dedi.<\/p>\n<div class=\"editorSade\">Kaynak: Haberler.com \/  <a href=\"https:\/\/www.haberler.com\/spor\/\" title=\"Spor Haberleri\">Spor<\/a> <\/div>\n<h4 id=\"nwsKeywords\"> <a href=\"https:\/\/www.haberler.com\/kerem-akturkoglu\/\" title=\"Kerem Akt\u00fcrko\u011flu\" class=\"hbptTag\">Kerem Akt\u00fcrko\u011flu<\/a>  <a href=\"https:\/\/www.haberler.com\/wilfried-zaha\/\" title=\"Wilfried Zaha\" class=\"hbptTag\">Wilfried Zaha<\/a>  <a href=\"https:\/\/www.haberler.com\/mauro-icardi\/\" title=\"Mauro Icardi\" class=\"hbptTag\">Mauro Icardi<\/a>  <a href=\"https:\/\/www.haberler.com\/galatasaray\/\" title=\"Galatasaray\" class=\"hbptTag\">Galatasaray<\/a>  <a href=\"https:\/\/www.haberler.com\/futbol\/\" title=\"Futbol\" class=\"hbptTag\">Futbol<\/a>  <a href=\"https:\/\/www.haberler.com\/spor\/\" title=\"Spor\" class=\"hbptTag\">Spor<\/a>  <a href=\"https:\/\/www.haberler.com\/\" title=\"Haberler\" class=\"hbptTag\">Haberler<\/a> <\/h4>\n<\/div>\n","protected":false},"excerpt":{"rendered":"<p>Galatasaray&#8216;\u0131n Arjantinli golc\u00fcs\u00fc Mauro Icardi&#8217;nin alacaklar\u0131 i\u00e7in sar\u0131-k\u0131rm\u0131z\u0131l\u0131 kul\u00fcbe ihtar \u00e7ekti\u011fi iddia edilmi\u015fti. Cimbom&#8217;un genel sekreteri Eray Yazgan, g\u00fcndemdeki konuyla ilgili a\u00e7\u0131klamalarda bulundu. Yazgan, Kerem Akt\u00fcrko\u011flu ve Wilfried Zaha&#8217;n\u0131n tak\u0131mdaki durumu hakk\u0131nda da bilgi verdi. ICARDI \u0130HTAR \u00c7EKT\u0130 M\u0130? Icardi&#8217;nin alacaklar\u0131 i\u00e7in kul\u00fcbe ihtar \u00e7ekti\u011fi y\u00f6n\u00fcndeki iddialara a\u00e7\u0131kl\u0131k getiren Yazgan, &#8220;Ge\u00e7en hafta Hatay ma\u00e7\u0131 g\u00fcn\u00fc<\/p>\n","protected":false},"author":1,"featured_media":54661,"comment_status":"open","ping_status":"open","sticky":false,"template":"","format":"standard","meta":{"footnotes":""},"categories":[83],"tags":[],"class_list":["post-54660","post","type-post","status-publish","format-standard","has-post-thumbnail","hentry","category-magazin"],"yoast_head":"<!-- This site is optimized with the Yoast SEO plugin v27.5 - https:\/\/yoast.com\/product\/yoast-seo-wordpress\/ -->\n<title>Icardi, alacaklar\u0131 i\u00e7in kul\u00fcbe ihtar \u00e7ekti mi? Galatasaray&#039;dan resmi a\u00e7\u0131klama var -<\/title>\n<meta name=\"robots\" content=\"index, follow, max-snippet:-1, max-image-preview:large, max-video-preview:-1\" \/>\n<link rel=\"canonical\" href=\"https:\/\/kibrisdakik.com\/?p=54660\" \/>\n<meta property=\"og:locale\" content=\"tr_TR\" \/>\n<meta property=\"og:type\" content=\"article\" \/>\n<meta property=\"og:title\" content=\"Icardi, alacaklar\u0131 i\u00e7in kul\u00fcbe ihtar \u00e7ekti mi? Galatasaray&#039;dan resmi a\u00e7\u0131klama var -\" \/>\n<meta property=\"og:description\" content=\"Galatasaray&#8216;\u0131n Arjantinli golc\u00fcs\u00fc Mauro Icardi&#8217;nin alacaklar\u0131 i\u00e7in sar\u0131-k\u0131rm\u0131z\u0131l\u0131 kul\u00fcbe ihtar \u00e7ekti\u011fi iddia edilmi\u015fti. Cimbom&#8217;un genel sekreteri Eray Yazgan, g\u00fcndemdeki konuyla ilgili a\u00e7\u0131klamalarda bulundu. Yazgan, Kerem Akt\u00fcrko\u011flu ve Wilfried Zaha&#8217;n\u0131n tak\u0131mdaki durumu hakk\u0131nda da bilgi verdi. ICARDI \u0130HTAR \u00c7EKT\u0130 M\u0130? Icardi&#8217;nin alacaklar\u0131 i\u00e7in kul\u00fcbe ihtar \u00e7ekti\u011fi y\u00f6n\u00fcndeki iddialara a\u00e7\u0131kl\u0131k getiren Yazgan, &#8220;Ge\u00e7en hafta Hatay ma\u00e7\u0131 g\u00fcn\u00fc\" \/>\n<meta property=\"og:url\" content=\"https:\/\/kibrisdakik.com\/?p=54660\" \/>\n<meta property=\"article:published_time\" content=\"2024-08-15T17:11:50+00:00\" \/>\n<meta property=\"og:image\" content=\"https:\/\/kibrisdakik.com\/wp-content\/uploads\/2024\/08\/icardi-alacaklari-icin-kulube-ihtar-cekti-mi-17723519_3603_m.jpg\" \/>\n\t<meta property=\"og:image:width\" content=\"620\" \/>\n\t<meta property=\"og:image:height\" content=\"273\" \/>\n\t<meta property=\"og:image:type\" content=\"image\/jpeg\" \/>\n<meta name=\"author\" content=\"admin\" \/>\n<meta name=\"twitter:card\" content=\"summary_large_image\" \/>\n<meta name=\"twitter:label1\" content=\"Yazan:\" \/>\n\t<meta name=\"twitter:data1\" content=\"admin\" \/>\n\t<meta name=\"twitter:label2\" content=\"Tahmini okuma s\u00fcresi\" \/>\n\t<meta name=\"twitter:data2\" content=\"2 dakika\" \/>\n<script type=\"application\/ld+json\" class=\"yoast-schema-graph\">{\"@context\":\"https:\\\/\\\/schema.org\",\"@graph\":[{\"@type\":\"Article\",\"@id\":\"https:\\\/\\\/kibrisdakik.com\\\/?p=54660#article\",\"isPartOf\":{\"@id\":\"https:\\\/\\\/kibrisdakik.com\\\/?p=54660\"},\"author\":{\"name\":\"admin\",\"@id\":\"https:\\\/\\\/kibrisdakik.com\\\/#\\\/schema\\\/person\\\/9cd9d437bbb44f72b73ba127e06d8e79\"},\"headline\":\"Icardi, alacaklar\u0131 i\u00e7in kul\u00fcbe ihtar \u00e7ekti mi? Galatasaray&#8217;dan resmi a\u00e7\u0131klama var\",\"datePublished\":\"2024-08-15T17:11:50+00:00\",\"mainEntityOfPage\":{\"@id\":\"https:\\\/\\\/kibrisdakik.com\\\/?p=54660\"},\"wordCount\":463,\"commentCount\":0,\"image\":{\"@id\":\"https:\\\/\\\/kibrisdakik.com\\\/?p=54660#primaryimage\"},\"thumbnailUrl\":\"https:\\\/\\\/kibrisdakik.com\\\/wp-content\\\/uploads\\\/2024\\\/08\\\/icardi-alacaklari-icin-kulube-ihtar-cekti-mi-17723519_3603_m.jpg\",\"articleSection\":[\"Magazin\"],\"inLanguage\":\"tr\",\"potentialAction\":[{\"@type\":\"CommentAction\",\"name\":\"Comment\",\"target\":[\"https:\\\/\\\/kibrisdakik.com\\\/?p=54660#respond\"]}]},{\"@type\":\"WebPage\",\"@id\":\"https:\\\/\\\/kibrisdakik.com\\\/?p=54660\",\"url\":\"https:\\\/\\\/kibrisdakik.com\\\/?p=54660\",\"name\":\"Icardi, alacaklar\u0131 i\u00e7in kul\u00fcbe ihtar \u00e7ekti mi? Galatasaray'dan resmi a\u00e7\u0131klama var -\",\"isPartOf\":{\"@id\":\"https:\\\/\\\/kibrisdakik.com\\\/#website\"},\"primaryImageOfPage\":{\"@id\":\"https:\\\/\\\/kibrisdakik.com\\\/?p=54660#primaryimage\"},\"image\":{\"@id\":\"https:\\\/\\\/kibrisdakik.com\\\/?p=54660#primaryimage\"},\"thumbnailUrl\":\"https:\\\/\\\/kibrisdakik.com\\\/wp-content\\\/uploads\\\/2024\\\/08\\\/icardi-alacaklari-icin-kulube-ihtar-cekti-mi-17723519_3603_m.jpg\",\"datePublished\":\"2024-08-15T17:11:50+00:00\",\"author\":{\"@id\":\"https:\\\/\\\/kibrisdakik.com\\\/#\\\/schema\\\/person\\\/9cd9d437bbb44f72b73ba127e06d8e79\"},\"breadcrumb\":{\"@id\":\"https:\\\/\\\/kibrisdakik.com\\\/?p=54660#breadcrumb\"},\"inLanguage\":\"tr\",\"potentialAction\":[{\"@type\":\"ReadAction\",\"target\":[\"https:\\\/\\\/kibrisdakik.com\\\/?p=54660\"]}]},{\"@type\":\"ImageObject\",\"inLanguage\":\"tr\",\"@id\":\"https:\\\/\\\/kibrisdakik.com\\\/?p=54660#primaryimage\",\"url\":\"https:\\\/\\\/kibrisdakik.com\\\/wp-content\\\/uploads\\\/2024\\\/08\\\/icardi-alacaklari-icin-kulube-ihtar-cekti-mi-17723519_3603_m.jpg\",\"contentUrl\":\"https:\\\/\\\/kibrisdakik.com\\\/wp-content\\\/uploads\\\/2024\\\/08\\\/icardi-alacaklari-icin-kulube-ihtar-cekti-mi-17723519_3603_m.jpg\",\"width\":620,\"height\":273},{\"@type\":\"BreadcrumbList\",\"@id\":\"https:\\\/\\\/kibrisdakik.com\\\/?p=54660#breadcrumb\",\"itemListElement\":[{\"@type\":\"ListItem\",\"position\":1,\"name\":\"Home\",\"item\":\"https:\\\/\\\/kibrisdakik.com\\\/\"},{\"@type\":\"ListItem\",\"position\":2,\"name\":\"Icardi, alacaklar\u0131 i\u00e7in kul\u00fcbe ihtar \u00e7ekti mi? Galatasaray&#8217;dan resmi a\u00e7\u0131klama var\"}]},{\"@type\":\"WebSite\",\"@id\":\"https:\\\/\\\/kibrisdakik.com\\\/#website\",\"url\":\"https:\\\/\\\/kibrisdakik.com\\\/\",\"name\":\"\",\"description\":\"Tam vaktinde haber\",\"potentialAction\":[{\"@type\":\"SearchAction\",\"target\":{\"@type\":\"EntryPoint\",\"urlTemplate\":\"https:\\\/\\\/kibrisdakik.com\\\/?s={search_term_string}\"},\"query-input\":{\"@type\":\"PropertyValueSpecification\",\"valueRequired\":true,\"valueName\":\"search_term_string\"}}],\"inLanguage\":\"tr\"},{\"@type\":\"Person\",\"@id\":\"https:\\\/\\\/kibrisdakik.com\\\/#\\\/schema\\\/person\\\/9cd9d437bbb44f72b73ba127e06d8e79\",\"name\":\"admin\",\"image\":{\"@type\":\"ImageObject\",\"inLanguage\":\"tr\",\"@id\":\"https:\\\/\\\/secure.gravatar.com\\\/avatar\\\/ccc17943b9d660506c869530f897617f7cb1c21a4bf30023f252596d83e1f007?s=96&d=mm&r=g\",\"url\":\"https:\\\/\\\/secure.gravatar.com\\\/avatar\\\/ccc17943b9d660506c869530f897617f7cb1c21a4bf30023f252596d83e1f007?s=96&d=mm&r=g\",\"contentUrl\":\"https:\\\/\\\/secure.gravatar.com\\\/avatar\\\/ccc17943b9d660506c869530f897617f7cb1c21a4bf30023f252596d83e1f007?s=96&d=mm&r=g\",\"caption\":\"admin\"},\"sameAs\":[\"https:\\\/\\\/kibrisdakik.com\"],\"url\":\"https:\\\/\\\/kibrisdakik.com\\\/?author=1\"}]}<\/script>\n<!-- \/ Yoast SEO plugin. -->","yoast_head_json":{"title":"Icardi, alacaklar\u0131 i\u00e7in kul\u00fcbe ihtar \u00e7ekti mi? Galatasaray'dan resmi a\u00e7\u0131klama var -","robots":{"index":"index","follow":"follow","max-snippet":"max-snippet:-1","max-image-preview":"max-image-preview:large","max-video-preview":"max-video-preview:-1"},"canonical":"https:\/\/kibrisdakik.com\/?p=54660","og_locale":"tr_TR","og_type":"article","og_title":"Icardi, alacaklar\u0131 i\u00e7in kul\u00fcbe ihtar \u00e7ekti mi? Galatasaray'dan resmi a\u00e7\u0131klama var -","og_description":"Galatasaray&#8216;\u0131n Arjantinli golc\u00fcs\u00fc Mauro Icardi&#8217;nin alacaklar\u0131 i\u00e7in sar\u0131-k\u0131rm\u0131z\u0131l\u0131 kul\u00fcbe ihtar \u00e7ekti\u011fi iddia edilmi\u015fti. Cimbom&#8217;un genel sekreteri Eray Yazgan, g\u00fcndemdeki konuyla ilgili a\u00e7\u0131klamalarda bulundu. Yazgan, Kerem Akt\u00fcrko\u011flu ve Wilfried Zaha&#8217;n\u0131n tak\u0131mdaki durumu hakk\u0131nda da bilgi verdi. ICARDI \u0130HTAR \u00c7EKT\u0130 M\u0130? Icardi&#8217;nin alacaklar\u0131 i\u00e7in kul\u00fcbe ihtar \u00e7ekti\u011fi y\u00f6n\u00fcndeki iddialara a\u00e7\u0131kl\u0131k getiren Yazgan, &#8220;Ge\u00e7en hafta Hatay ma\u00e7\u0131 g\u00fcn\u00fc","og_url":"https:\/\/kibrisdakik.com\/?p=54660","article_published_time":"2024-08-15T17:11:50+00:00","og_image":[{"width":620,"height":273,"url":"https:\/\/kibrisdakik.com\/wp-content\/uploads\/2024\/08\/icardi-alacaklari-icin-kulube-ihtar-cekti-mi-17723519_3603_m.jpg","type":"image\/jpeg"}],"author":"admin","twitter_card":"summary_large_image","twitter_misc":{"Yazan:":"admin","Tahmini okuma s\u00fcresi":"2 dakika"},"schema":{"@context":"https:\/\/schema.org","@graph":[{"@type":"Article","@id":"https:\/\/kibrisdakik.com\/?p=54660#article","isPartOf":{"@id":"https:\/\/kibrisdakik.com\/?p=54660"},"author":{"name":"admin","@id":"https:\/\/kibrisdakik.com\/#\/schema\/person\/9cd9d437bbb44f72b73ba127e06d8e79"},"headline":"Icardi, alacaklar\u0131 i\u00e7in kul\u00fcbe ihtar \u00e7ekti mi? Galatasaray&#8217;dan resmi a\u00e7\u0131klama var","datePublished":"2024-08-15T17:11:50+00:00","mainEntityOfPage":{"@id":"https:\/\/kibrisdakik.com\/?p=54660"},"wordCount":463,"commentCount":0,"image":{"@id":"https:\/\/kibrisdakik.com\/?p=54660#primaryimage"},"thumbnailUrl":"https:\/\/kibrisdakik.com\/wp-content\/uploads\/2024\/08\/icardi-alacaklari-icin-kulube-ihtar-cekti-mi-17723519_3603_m.jpg","articleSection":["Magazin"],"inLanguage":"tr","potentialAction":[{"@type":"CommentAction","name":"Comment","target":["https:\/\/kibrisdakik.com\/?p=54660#respond"]}]},{"@type":"WebPage","@id":"https:\/\/kibrisdakik.com\/?p=54660","url":"https:\/\/kibrisdakik.com\/?p=54660","name":"Icardi, alacaklar\u0131 i\u00e7in kul\u00fcbe ihtar \u00e7ekti mi? Galatasaray'dan resmi a\u00e7\u0131klama var -","isPartOf":{"@id":"https:\/\/kibrisdakik.com\/#website"},"primaryImageOfPage":{"@id":"https:\/\/kibrisdakik.com\/?p=54660#primaryimage"},"image":{"@id":"https:\/\/kibrisdakik.com\/?p=54660#primaryimage"},"thumbnailUrl":"https:\/\/kibrisdakik.com\/wp-content\/uploads\/2024\/08\/icardi-alacaklari-icin-kulube-ihtar-cekti-mi-17723519_3603_m.jpg","datePublished":"2024-08-15T17:11:50+00:00","author":{"@id":"https:\/\/kibrisdakik.com\/#\/schema\/person\/9cd9d437bbb44f72b73ba127e06d8e79"},"breadcrumb":{"@id":"https:\/\/kibrisdakik.com\/?p=54660#breadcrumb"},"inLanguage":"tr","potentialAction":[{"@type":"ReadAction","target":["https:\/\/kibrisdakik.com\/?p=54660"]}]},{"@type":"ImageObject","inLanguage":"tr","@id":"https:\/\/kibrisdakik.com\/?p=54660#primaryimage","url":"https:\/\/kibrisdakik.com\/wp-content\/uploads\/2024\/08\/icardi-alacaklari-icin-kulube-ihtar-cekti-mi-17723519_3603_m.jpg","contentUrl":"https:\/\/kibrisdakik.com\/wp-content\/uploads\/2024\/08\/icardi-alacaklari-icin-kulube-ihtar-cekti-mi-17723519_3603_m.jpg","width":620,"height":273},{"@type":"BreadcrumbList","@id":"https:\/\/kibrisdakik.com\/?p=54660#breadcrumb","itemListElement":[{"@type":"ListItem","position":1,"name":"Home","item":"https:\/\/kibrisdakik.com\/"},{"@type":"ListItem","position":2,"name":"Icardi, alacaklar\u0131 i\u00e7in kul\u00fcbe ihtar \u00e7ekti mi? Galatasaray&#8217;dan resmi a\u00e7\u0131klama var"}]},{"@type":"WebSite","@id":"https:\/\/kibrisdakik.com\/#website","url":"https:\/\/kibrisdakik.com\/","name":"","description":"Tam vaktinde haber","potentialAction":[{"@type":"SearchAction","target":{"@type":"EntryPoint","urlTemplate":"https:\/\/kibrisdakik.com\/?s={search_term_string}"},"query-input":{"@type":"PropertyValueSpecification","valueRequired":true,"valueName":"search_term_string"}}],"inLanguage":"tr"},{"@type":"Person","@id":"https:\/\/kibrisdakik.com\/#\/schema\/person\/9cd9d437bbb44f72b73ba127e06d8e79","name":"admin","image":{"@type":"ImageObject","inLanguage":"tr","@id":"https:\/\/secure.gravatar.com\/avatar\/ccc17943b9d660506c869530f897617f7cb1c21a4bf30023f252596d83e1f007?s=96&d=mm&r=g","url":"https:\/\/secure.gravatar.com\/avatar\/ccc17943b9d660506c869530f897617f7cb1c21a4bf30023f252596d83e1f007?s=96&d=mm&r=g","contentUrl":"https:\/\/secure.gravatar.com\/avatar\/ccc17943b9d660506c869530f897617f7cb1c21a4bf30023f252596d83e1f007?s=96&d=mm&r=g","caption":"admin"},"sameAs":["https:\/\/kibrisdakik.com"],"url":"https:\/\/kibrisdakik.com\/?author=1"}]}},"_links":{"self":[{"href":"https:\/\/kibrisdakik.com\/index.php?rest_route=\/wp\/v2\/posts\/54660","targetHints":{"allow":["GET"]}}],"collection":[{"href":"https:\/\/kibrisdakik.com\/index.php?rest_route=\/wp\/v2\/posts"}],"about":[{"href":"https:\/\/kibrisdakik.com\/index.php?rest_route=\/wp\/v2\/types\/post"}],"author":[{"embeddable":true,"href":"https:\/\/kibrisdakik.com\/index.php?rest_route=\/wp\/v2\/users\/1"}],"replies":[{"embeddable":true,"href":"https:\/\/kibrisdakik.com\/index.php?rest_route=%2Fwp%2Fv2%2Fcomments&post=54660"}],"version-history":[{"count":0,"href":"https:\/\/kibrisdakik.com\/index.php?rest_route=\/wp\/v2\/posts\/54660\/revisions"}],"wp:featuredmedia":[{"embeddable":true,"href":"https:\/\/kibrisdakik.com\/index.php?rest_route=\/wp\/v2\/media\/54661"}],"wp:attachment":[{"href":"https:\/\/kibrisdakik.com\/index.php?rest_route=%2Fwp%2Fv2%2Fmedia&parent=54660"}],"wp:term":[{"taxonomy":"category","embeddable":true,"href":"https:\/\/kibrisdakik.com\/index.php?rest_route=%2Fwp%2Fv2%2Fcategories&post=54660"},{"taxonomy":"post_tag","embeddable":true,"href":"https:\/\/kibrisdakik.com\/index.php?rest_route=%2Fwp%2Fv2%2Ftags&post=54660"}],"curies":[{"name":"wp","href":"https:\/\/api.w.org\/{rel}","templated":true}]}}