{"id":54664,"date":"2024-08-15T19:36:53","date_gmt":"2024-08-15T16:36:53","guid":{"rendered":"https:\/\/kibrisdakik.com\/index.php\/2024\/08\/15\/emine-erdogandan-anlamli-paylasim-abd-kongresinin-aksine-tbmmde-katiller-degil-kahramanlar-alkislandi\/"},"modified":"2024-08-15T19:36:53","modified_gmt":"2024-08-15T16:36:53","slug":"emine-erdogandan-anlamli-paylasim-abd-kongresinin-aksine-tbmmde-katiller-degil-kahramanlar-alkislandi","status":"publish","type":"post","link":"https:\/\/kibrisdakik.com\/?p=54664","title":{"rendered":"Emine Erdo\u011fan&#8217;dan anlaml\u0131 payla\u015f\u0131m: ABD Kongresi&#8217;nin aksine, TBMM&#8217;de katiller de\u011fil kahramanlar alk\u0131\u015fland\u0131"},"content":{"rendered":"<p><img decoding=\"async\" src=\"https:\/\/foto.haberler.com\/haber\/2024\/08\/15\/emine-erdogan-dan-anlamli-paylasim-abd-kongresi-17723347_8068_amp.jpg\" \/><\/p>\n<div id=\"\">\n<p>Cumhurba\u015fkan\u0131 Recep Tayyip Erdo\u011fan&#8217;\u0131n e\u015fi Emine Erdo\u011fan, ABD Kongresi&#8217;nin aksine TBMM Genel Kurulu&#8217;nda bug\u00fcn katillerin de\u011fil, vatanlar\u0131 i\u00e7in direnen ve \u015fehit olan kahramanlar\u0131n alk\u0131\u015fland\u0131\u011f\u0131n\u0131 ifade etti.<\/p>\n<h3>&#8220;MAZLUMLARI ALKI\u015eLIYORUZ, KAT\u0130LLER\u0130 DE\u011e\u0130L&#8221;<\/h3>\n<p>Emine Erdo\u011fan, sosyal medya hesaplar\u0131ndan Filistin Devlet Ba\u015fkan\u0131 Mahmud Abbas&#8217;\u0131n TBMM Genel Kurulu&#8217;nda hitap etmesine ili\u015fkin payla\u015f\u0131mda bulundu. &#8220;Filistin i\u00e7in tek y\u00fcrek&#8221; etiketini kullanan Erdo\u011fan, &#8220;ABD Kongresi&#8217;nin aksine TBMM Genel Kurulu&#8217;nda bug\u00fcn katiller de\u011fil, vatanlar\u0131 i\u00e7in direnen, \u015fehit olan kahramanlar alk\u0131\u015fland\u0131. Kendi \u00e7\u0131karlar\u0131n\u0131 masum bir \u00e7ocu\u011fun hayat\u0131ndan daha de\u011ferli g\u00f6renlere kar\u015f\u0131 T\u00fcrkiye olarak, Filistin&#8217;in sesi olmaya devam edece\u011fiz. Zira biliyoruz ki Filistin&#8217;in zaferi, zulme boyun e\u011fmeyen bir halk\u0131n, adaletin yan\u0131nda duran her insan\u0131n zaferidir. Gazze&#8217;de 7 Ekim&#8217;den bug\u00fcne \u015fehit edilen 40 bin masum karde\u015fimizi rahmetle an\u0131yor, ac\u0131lar\u0131n\u0131 y\u00fcrekten payla\u015f\u0131yorum.&#8221; ifadelerini kulland\u0131. <\/p>\n<p>Emine Erdo\u011fan payla\u015f\u0131m\u0131nda, Filistin Devlet Ba\u015fkan\u0131 Abbas&#8217;\u0131n konu\u015fmas\u0131na ili\u015fkin video ile ABD Kongresi ve TBMM Genel Kurulu&#8217;ndan g\u00f6r\u00fcnt\u00fclerin yer ald\u0131\u011f\u0131 &#8220;Mazlumlar\u0131 alk\u0131\u015fl\u0131yoruz, katilleri de\u011fil&#8221; ba\u015fl\u0131kl\u0131 foto\u011frafa da yer verdi.<\/p>\n<h4 id=\"nwsKeywords\"> <a href=\"https:\/\/www.haberler.com\/recep-tayyip-erdogan\/\" title=\"Recep Tayyip Erdo\u011fan\" class=\"hbptTag\">Recep Tayyip Erdo\u011fan<\/a>  <a href=\"https:\/\/www.haberler.com\/tbmm-genel-kurulu\/\" title=\"Tbmm Genel Kurulu\" class=\"hbptTag\">Tbmm Genel Kurulu<\/a>  <a href=\"https:\/\/www.haberler.com\/emine-erdogan\/\" title=\"Emine Erdo\u011fan\" class=\"hbptTag\">Emine Erdo\u011fan<\/a>  <a href=\"https:\/\/www.haberler.com\/mahmud-abbas\/\" title=\"Mahmud Abbas\" class=\"hbptTag\">Mahmud Abbas<\/a>  <a href=\"https:\/\/www.haberler.com\/filistin\/\" title=\"Filistin\" class=\"hbptTag\">Filistin<\/a>  <a href=\"https:\/\/www.haberler.com\/turkiye\/\" title=\"T\u00fcrkiye\" class=\"hbptTag\">T\u00fcrkiye<\/a>  <a href=\"https:\/\/www.haberler.com\/israil\/\" title=\"\u0130srail\" class=\"hbptTag\">\u0130srail<\/a>  <a href=\"https:\/\/www.haberler.com\/gazze\/\" title=\"Gazze\" class=\"hbptTag\">Gazze<\/a>  <a href=\"https:\/\/www.haberler.com\/guncel\/\" title=\"G\u00fcncel\" class=\"hbptTag\">G\u00fcncel<\/a>  <a href=\"https:\/\/www.haberler.com\/\" title=\"Haberler\" class=\"hbptTag\">Haberler<\/a> <\/h4>\n<\/div>\n","protected":false},"excerpt":{"rendered":"<p>Cumhurba\u015fkan\u0131 Recep Tayyip Erdo\u011fan&#8217;\u0131n e\u015fi Emine Erdo\u011fan, ABD Kongresi&#8217;nin aksine TBMM Genel Kurulu&#8217;nda bug\u00fcn katillerin de\u011fil, vatanlar\u0131 i\u00e7in direnen ve \u015fehit olan kahramanlar\u0131n alk\u0131\u015fland\u0131\u011f\u0131n\u0131 ifade etti. &#8220;MAZLUMLARI ALKI\u015eLIYORUZ, KAT\u0130LLER\u0130 DE\u011e\u0130L&#8221; Emine Erdo\u011fan, sosyal medya hesaplar\u0131ndan Filistin Devlet Ba\u015fkan\u0131 Mahmud Abbas&#8217;\u0131n TBMM Genel Kurulu&#8217;nda hitap etmesine ili\u015fkin payla\u015f\u0131mda bulundu. &#8220;Filistin i\u00e7in tek y\u00fcrek&#8221; etiketini kullanan Erdo\u011fan,<\/p>\n","protected":false},"author":1,"featured_media":54665,"comment_status":"open","ping_status":"open","sticky":false,"template":"","format":"standard","meta":{"footnotes":""},"categories":[83],"tags":[],"class_list":["post-54664","post","type-post","status-publish","format-standard","has-post-thumbnail","hentry","category-magazin"],"yoast_head":"<!-- This site is optimized with the Yoast SEO plugin v27.4 - https:\/\/yoast.com\/product\/yoast-seo-wordpress\/ -->\n<title>Emine Erdo\u011fan&#039;dan anlaml\u0131 payla\u015f\u0131m: ABD Kongresi&#039;nin aksine, TBMM&#039;de katiller de\u011fil kahramanlar alk\u0131\u015fland\u0131 -<\/title>\n<meta name=\"robots\" content=\"index, follow, max-snippet:-1, max-image-preview:large, max-video-preview:-1\" \/>\n<link rel=\"canonical\" href=\"https:\/\/kibrisdakik.com\/?p=54664\" \/>\n<meta property=\"og:locale\" content=\"tr_TR\" \/>\n<meta property=\"og:type\" content=\"article\" \/>\n<meta property=\"og:title\" content=\"Emine Erdo\u011fan&#039;dan anlaml\u0131 payla\u015f\u0131m: ABD Kongresi&#039;nin aksine, TBMM&#039;de katiller de\u011fil kahramanlar alk\u0131\u015fland\u0131 -\" \/>\n<meta property=\"og:description\" content=\"Cumhurba\u015fkan\u0131 Recep Tayyip Erdo\u011fan&#8217;\u0131n e\u015fi Emine Erdo\u011fan, ABD Kongresi&#8217;nin aksine TBMM Genel Kurulu&#8217;nda bug\u00fcn katillerin de\u011fil, vatanlar\u0131 i\u00e7in direnen ve \u015fehit olan kahramanlar\u0131n alk\u0131\u015fland\u0131\u011f\u0131n\u0131 ifade etti. &#8220;MAZLUMLARI ALKI\u015eLIYORUZ, KAT\u0130LLER\u0130 DE\u011e\u0130L&#8221; Emine Erdo\u011fan, sosyal medya hesaplar\u0131ndan Filistin Devlet Ba\u015fkan\u0131 Mahmud Abbas&#8217;\u0131n TBMM Genel Kurulu&#8217;nda hitap etmesine ili\u015fkin payla\u015f\u0131mda bulundu. &#8220;Filistin i\u00e7in tek y\u00fcrek&#8221; etiketini kullanan Erdo\u011fan,\" \/>\n<meta property=\"og:url\" content=\"https:\/\/kibrisdakik.com\/?p=54664\" \/>\n<meta property=\"article:published_time\" content=\"2024-08-15T16:36:53+00:00\" \/>\n<meta property=\"og:image\" content=\"https:\/\/kibrisdakik.com\/wp-content\/uploads\/2024\/08\/emine-erdogan-dan-anlamli-paylasim-abd-kongresi-17723347_8068_amp.jpg\" \/>\n\t<meta property=\"og:image:width\" content=\"1202\" \/>\n\t<meta property=\"og:image:height\" content=\"675\" \/>\n\t<meta property=\"og:image:type\" content=\"image\/jpeg\" \/>\n<meta name=\"author\" content=\"admin\" \/>\n<meta name=\"twitter:card\" content=\"summary_large_image\" \/>\n<meta name=\"twitter:label1\" content=\"Yazan:\" \/>\n\t<meta name=\"twitter:data1\" content=\"admin\" \/>\n\t<meta name=\"twitter:label2\" content=\"Tahmini okuma s\u00fcresi\" \/>\n\t<meta name=\"twitter:data2\" content=\"1 dakika\" \/>\n<script type=\"application\/ld+json\" class=\"yoast-schema-graph\">{\"@context\":\"https:\\\/\\\/schema.org\",\"@graph\":[{\"@type\":\"Article\",\"@id\":\"https:\\\/\\\/kibrisdakik.com\\\/?p=54664#article\",\"isPartOf\":{\"@id\":\"https:\\\/\\\/kibrisdakik.com\\\/?p=54664\"},\"author\":{\"name\":\"admin\",\"@id\":\"https:\\\/\\\/kibrisdakik.com\\\/#\\\/schema\\\/person\\\/9cd9d437bbb44f72b73ba127e06d8e79\"},\"headline\":\"Emine Erdo\u011fan&#8217;dan anlaml\u0131 payla\u015f\u0131m: ABD Kongresi&#8217;nin aksine, TBMM&#8217;de katiller de\u011fil kahramanlar alk\u0131\u015fland\u0131\",\"datePublished\":\"2024-08-15T16:36:53+00:00\",\"mainEntityOfPage\":{\"@id\":\"https:\\\/\\\/kibrisdakik.com\\\/?p=54664\"},\"wordCount\":246,\"commentCount\":0,\"image\":{\"@id\":\"https:\\\/\\\/kibrisdakik.com\\\/?p=54664#primaryimage\"},\"thumbnailUrl\":\"https:\\\/\\\/kibrisdakik.com\\\/wp-content\\\/uploads\\\/2024\\\/08\\\/emine-erdogan-dan-anlamli-paylasim-abd-kongresi-17723347_8068_amp.jpg\",\"articleSection\":[\"Magazin\"],\"inLanguage\":\"tr\",\"potentialAction\":[{\"@type\":\"CommentAction\",\"name\":\"Comment\",\"target\":[\"https:\\\/\\\/kibrisdakik.com\\\/?p=54664#respond\"]}]},{\"@type\":\"WebPage\",\"@id\":\"https:\\\/\\\/kibrisdakik.com\\\/?p=54664\",\"url\":\"https:\\\/\\\/kibrisdakik.com\\\/?p=54664\",\"name\":\"Emine Erdo\u011fan'dan anlaml\u0131 payla\u015f\u0131m: ABD Kongresi'nin aksine, TBMM'de katiller de\u011fil kahramanlar alk\u0131\u015fland\u0131 -\",\"isPartOf\":{\"@id\":\"https:\\\/\\\/kibrisdakik.com\\\/#website\"},\"primaryImageOfPage\":{\"@id\":\"https:\\\/\\\/kibrisdakik.com\\\/?p=54664#primaryimage\"},\"image\":{\"@id\":\"https:\\\/\\\/kibrisdakik.com\\\/?p=54664#primaryimage\"},\"thumbnailUrl\":\"https:\\\/\\\/kibrisdakik.com\\\/wp-content\\\/uploads\\\/2024\\\/08\\\/emine-erdogan-dan-anlamli-paylasim-abd-kongresi-17723347_8068_amp.jpg\",\"datePublished\":\"2024-08-15T16:36:53+00:00\",\"author\":{\"@id\":\"https:\\\/\\\/kibrisdakik.com\\\/#\\\/schema\\\/person\\\/9cd9d437bbb44f72b73ba127e06d8e79\"},\"breadcrumb\":{\"@id\":\"https:\\\/\\\/kibrisdakik.com\\\/?p=54664#breadcrumb\"},\"inLanguage\":\"tr\",\"potentialAction\":[{\"@type\":\"ReadAction\",\"target\":[\"https:\\\/\\\/kibrisdakik.com\\\/?p=54664\"]}]},{\"@type\":\"ImageObject\",\"inLanguage\":\"tr\",\"@id\":\"https:\\\/\\\/kibrisdakik.com\\\/?p=54664#primaryimage\",\"url\":\"https:\\\/\\\/kibrisdakik.com\\\/wp-content\\\/uploads\\\/2024\\\/08\\\/emine-erdogan-dan-anlamli-paylasim-abd-kongresi-17723347_8068_amp.jpg\",\"contentUrl\":\"https:\\\/\\\/kibrisdakik.com\\\/wp-content\\\/uploads\\\/2024\\\/08\\\/emine-erdogan-dan-anlamli-paylasim-abd-kongresi-17723347_8068_amp.jpg\",\"width\":1202,\"height\":675},{\"@type\":\"BreadcrumbList\",\"@id\":\"https:\\\/\\\/kibrisdakik.com\\\/?p=54664#breadcrumb\",\"itemListElement\":[{\"@type\":\"ListItem\",\"position\":1,\"name\":\"Home\",\"item\":\"https:\\\/\\\/kibrisdakik.com\\\/\"},{\"@type\":\"ListItem\",\"position\":2,\"name\":\"Emine Erdo\u011fan&#8217;dan anlaml\u0131 payla\u015f\u0131m: ABD Kongresi&#8217;nin aksine, TBMM&#8217;de katiller de\u011fil kahramanlar alk\u0131\u015fland\u0131\"}]},{\"@type\":\"WebSite\",\"@id\":\"https:\\\/\\\/kibrisdakik.com\\\/#website\",\"url\":\"https:\\\/\\\/kibrisdakik.com\\\/\",\"name\":\"\",\"description\":\"Tam vaktinde haber\",\"potentialAction\":[{\"@type\":\"SearchAction\",\"target\":{\"@type\":\"EntryPoint\",\"urlTemplate\":\"https:\\\/\\\/kibrisdakik.com\\\/?s={search_term_string}\"},\"query-input\":{\"@type\":\"PropertyValueSpecification\",\"valueRequired\":true,\"valueName\":\"search_term_string\"}}],\"inLanguage\":\"tr\"},{\"@type\":\"Person\",\"@id\":\"https:\\\/\\\/kibrisdakik.com\\\/#\\\/schema\\\/person\\\/9cd9d437bbb44f72b73ba127e06d8e79\",\"name\":\"admin\",\"image\":{\"@type\":\"ImageObject\",\"inLanguage\":\"tr\",\"@id\":\"https:\\\/\\\/secure.gravatar.com\\\/avatar\\\/ccc17943b9d660506c869530f897617f7cb1c21a4bf30023f252596d83e1f007?s=96&d=mm&r=g\",\"url\":\"https:\\\/\\\/secure.gravatar.com\\\/avatar\\\/ccc17943b9d660506c869530f897617f7cb1c21a4bf30023f252596d83e1f007?s=96&d=mm&r=g\",\"contentUrl\":\"https:\\\/\\\/secure.gravatar.com\\\/avatar\\\/ccc17943b9d660506c869530f897617f7cb1c21a4bf30023f252596d83e1f007?s=96&d=mm&r=g\",\"caption\":\"admin\"},\"sameAs\":[\"https:\\\/\\\/kibrisdakik.com\"],\"url\":\"https:\\\/\\\/kibrisdakik.com\\\/?author=1\"}]}<\/script>\n<!-- \/ Yoast SEO plugin. -->","yoast_head_json":{"title":"Emine Erdo\u011fan'dan anlaml\u0131 payla\u015f\u0131m: ABD Kongresi'nin aksine, TBMM'de katiller de\u011fil kahramanlar alk\u0131\u015fland\u0131 -","robots":{"index":"index","follow":"follow","max-snippet":"max-snippet:-1","max-image-preview":"max-image-preview:large","max-video-preview":"max-video-preview:-1"},"canonical":"https:\/\/kibrisdakik.com\/?p=54664","og_locale":"tr_TR","og_type":"article","og_title":"Emine Erdo\u011fan'dan anlaml\u0131 payla\u015f\u0131m: ABD Kongresi'nin aksine, TBMM'de katiller de\u011fil kahramanlar alk\u0131\u015fland\u0131 -","og_description":"Cumhurba\u015fkan\u0131 Recep Tayyip Erdo\u011fan&#8217;\u0131n e\u015fi Emine Erdo\u011fan, ABD Kongresi&#8217;nin aksine TBMM Genel Kurulu&#8217;nda bug\u00fcn katillerin de\u011fil, vatanlar\u0131 i\u00e7in direnen ve \u015fehit olan kahramanlar\u0131n alk\u0131\u015fland\u0131\u011f\u0131n\u0131 ifade etti. &#8220;MAZLUMLARI ALKI\u015eLIYORUZ, KAT\u0130LLER\u0130 DE\u011e\u0130L&#8221; Emine Erdo\u011fan, sosyal medya hesaplar\u0131ndan Filistin Devlet Ba\u015fkan\u0131 Mahmud Abbas&#8217;\u0131n TBMM Genel Kurulu&#8217;nda hitap etmesine ili\u015fkin payla\u015f\u0131mda bulundu. &#8220;Filistin i\u00e7in tek y\u00fcrek&#8221; etiketini kullanan Erdo\u011fan,","og_url":"https:\/\/kibrisdakik.com\/?p=54664","article_published_time":"2024-08-15T16:36:53+00:00","og_image":[{"width":1202,"height":675,"url":"https:\/\/kibrisdakik.com\/wp-content\/uploads\/2024\/08\/emine-erdogan-dan-anlamli-paylasim-abd-kongresi-17723347_8068_amp.jpg","type":"image\/jpeg"}],"author":"admin","twitter_card":"summary_large_image","twitter_misc":{"Yazan:":"admin","Tahmini okuma s\u00fcresi":"1 dakika"},"schema":{"@context":"https:\/\/schema.org","@graph":[{"@type":"Article","@id":"https:\/\/kibrisdakik.com\/?p=54664#article","isPartOf":{"@id":"https:\/\/kibrisdakik.com\/?p=54664"},"author":{"name":"admin","@id":"https:\/\/kibrisdakik.com\/#\/schema\/person\/9cd9d437bbb44f72b73ba127e06d8e79"},"headline":"Emine Erdo\u011fan&#8217;dan anlaml\u0131 payla\u015f\u0131m: ABD Kongresi&#8217;nin aksine, TBMM&#8217;de katiller de\u011fil kahramanlar alk\u0131\u015fland\u0131","datePublished":"2024-08-15T16:36:53+00:00","mainEntityOfPage":{"@id":"https:\/\/kibrisdakik.com\/?p=54664"},"wordCount":246,"commentCount":0,"image":{"@id":"https:\/\/kibrisdakik.com\/?p=54664#primaryimage"},"thumbnailUrl":"https:\/\/kibrisdakik.com\/wp-content\/uploads\/2024\/08\/emine-erdogan-dan-anlamli-paylasim-abd-kongresi-17723347_8068_amp.jpg","articleSection":["Magazin"],"inLanguage":"tr","potentialAction":[{"@type":"CommentAction","name":"Comment","target":["https:\/\/kibrisdakik.com\/?p=54664#respond"]}]},{"@type":"WebPage","@id":"https:\/\/kibrisdakik.com\/?p=54664","url":"https:\/\/kibrisdakik.com\/?p=54664","name":"Emine Erdo\u011fan'dan anlaml\u0131 payla\u015f\u0131m: ABD Kongresi'nin aksine, TBMM'de katiller de\u011fil kahramanlar alk\u0131\u015fland\u0131 -","isPartOf":{"@id":"https:\/\/kibrisdakik.com\/#website"},"primaryImageOfPage":{"@id":"https:\/\/kibrisdakik.com\/?p=54664#primaryimage"},"image":{"@id":"https:\/\/kibrisdakik.com\/?p=54664#primaryimage"},"thumbnailUrl":"https:\/\/kibrisdakik.com\/wp-content\/uploads\/2024\/08\/emine-erdogan-dan-anlamli-paylasim-abd-kongresi-17723347_8068_amp.jpg","datePublished":"2024-08-15T16:36:53+00:00","author":{"@id":"https:\/\/kibrisdakik.com\/#\/schema\/person\/9cd9d437bbb44f72b73ba127e06d8e79"},"breadcrumb":{"@id":"https:\/\/kibrisdakik.com\/?p=54664#breadcrumb"},"inLanguage":"tr","potentialAction":[{"@type":"ReadAction","target":["https:\/\/kibrisdakik.com\/?p=54664"]}]},{"@type":"ImageObject","inLanguage":"tr","@id":"https:\/\/kibrisdakik.com\/?p=54664#primaryimage","url":"https:\/\/kibrisdakik.com\/wp-content\/uploads\/2024\/08\/emine-erdogan-dan-anlamli-paylasim-abd-kongresi-17723347_8068_amp.jpg","contentUrl":"https:\/\/kibrisdakik.com\/wp-content\/uploads\/2024\/08\/emine-erdogan-dan-anlamli-paylasim-abd-kongresi-17723347_8068_amp.jpg","width":1202,"height":675},{"@type":"BreadcrumbList","@id":"https:\/\/kibrisdakik.com\/?p=54664#breadcrumb","itemListElement":[{"@type":"ListItem","position":1,"name":"Home","item":"https:\/\/kibrisdakik.com\/"},{"@type":"ListItem","position":2,"name":"Emine Erdo\u011fan&#8217;dan anlaml\u0131 payla\u015f\u0131m: ABD Kongresi&#8217;nin aksine, TBMM&#8217;de katiller de\u011fil kahramanlar alk\u0131\u015fland\u0131"}]},{"@type":"WebSite","@id":"https:\/\/kibrisdakik.com\/#website","url":"https:\/\/kibrisdakik.com\/","name":"","description":"Tam vaktinde haber","potentialAction":[{"@type":"SearchAction","target":{"@type":"EntryPoint","urlTemplate":"https:\/\/kibrisdakik.com\/?s={search_term_string}"},"query-input":{"@type":"PropertyValueSpecification","valueRequired":true,"valueName":"search_term_string"}}],"inLanguage":"tr"},{"@type":"Person","@id":"https:\/\/kibrisdakik.com\/#\/schema\/person\/9cd9d437bbb44f72b73ba127e06d8e79","name":"admin","image":{"@type":"ImageObject","inLanguage":"tr","@id":"https:\/\/secure.gravatar.com\/avatar\/ccc17943b9d660506c869530f897617f7cb1c21a4bf30023f252596d83e1f007?s=96&d=mm&r=g","url":"https:\/\/secure.gravatar.com\/avatar\/ccc17943b9d660506c869530f897617f7cb1c21a4bf30023f252596d83e1f007?s=96&d=mm&r=g","contentUrl":"https:\/\/secure.gravatar.com\/avatar\/ccc17943b9d660506c869530f897617f7cb1c21a4bf30023f252596d83e1f007?s=96&d=mm&r=g","caption":"admin"},"sameAs":["https:\/\/kibrisdakik.com"],"url":"https:\/\/kibrisdakik.com\/?author=1"}]}},"_links":{"self":[{"href":"https:\/\/kibrisdakik.com\/index.php?rest_route=\/wp\/v2\/posts\/54664","targetHints":{"allow":["GET"]}}],"collection":[{"href":"https:\/\/kibrisdakik.com\/index.php?rest_route=\/wp\/v2\/posts"}],"about":[{"href":"https:\/\/kibrisdakik.com\/index.php?rest_route=\/wp\/v2\/types\/post"}],"author":[{"embeddable":true,"href":"https:\/\/kibrisdakik.com\/index.php?rest_route=\/wp\/v2\/users\/1"}],"replies":[{"embeddable":true,"href":"https:\/\/kibrisdakik.com\/index.php?rest_route=%2Fwp%2Fv2%2Fcomments&post=54664"}],"version-history":[{"count":0,"href":"https:\/\/kibrisdakik.com\/index.php?rest_route=\/wp\/v2\/posts\/54664\/revisions"}],"wp:featuredmedia":[{"embeddable":true,"href":"https:\/\/kibrisdakik.com\/index.php?rest_route=\/wp\/v2\/media\/54665"}],"wp:attachment":[{"href":"https:\/\/kibrisdakik.com\/index.php?rest_route=%2Fwp%2Fv2%2Fmedia&parent=54664"}],"wp:term":[{"taxonomy":"category","embeddable":true,"href":"https:\/\/kibrisdakik.com\/index.php?rest_route=%2Fwp%2Fv2%2Fcategories&post=54664"},{"taxonomy":"post_tag","embeddable":true,"href":"https:\/\/kibrisdakik.com\/index.php?rest_route=%2Fwp%2Fv2%2Ftags&post=54664"}],"curies":[{"name":"wp","href":"https:\/\/api.w.org\/{rel}","templated":true}]}}