{"id":54667,"date":"2024-08-15T16:20:39","date_gmt":"2024-08-15T13:20:39","guid":{"rendered":"https:\/\/kibrisdakik.com\/index.php\/2024\/08\/15\/filistin-devlet-baskani-abbas-hicbir-cozum-yolu-kalmadi-tum-filistin-yonetimi-uyeleri-gazzeye-gitme-karari-aldik\/"},"modified":"2024-08-15T16:20:39","modified_gmt":"2024-08-15T13:20:39","slug":"filistin-devlet-baskani-abbas-hicbir-cozum-yolu-kalmadi-tum-filistin-yonetimi-uyeleri-gazzeye-gitme-karari-aldik","status":"publish","type":"post","link":"https:\/\/kibrisdakik.com\/?p=54667","title":{"rendered":"Filistin Devlet Ba\u015fkan\u0131 Abbas: Hi\u00e7bir \u00e7\u00f6z\u00fcm yolu kalmad\u0131, t\u00fcm Filistin y\u00f6netimi \u00fcyeleri Gazze\u2019ye gitme karar\u0131 ald\u0131k"},"content":{"rendered":"<p><\/p>\n<div>\n<div class=\"mariselle-image-container center\">\n                <img loading=\"lazy\" decoding=\"async\" width=\"864\" height=\"486\" class=\"lazy-image\" alt=\"\" sizes=\"auto, (max-width: 864px) 100vw, 864px\" src=\"https:\/\/brtk.net\/wp-content\/uploads\/2024\/08\/15\/thumbs_b_c_581e9546ec41b1dd5cbb1ffff6ccd2c1.jpg?ver=dc66e81e8e50cb4bf5a625df51514f25\" srcset=\"https:\/\/brtk.net\/wp-content\/uploads\/2024\/08\/15\/thumbs_b_c_581e9546ec41b1dd5cbb1ffff6ccd2c1.jpg?ver=dc66e81e8e50cb4bf5a625df51514f25 864w, https:\/\/brtk.net\/wp-content\/uploads\/2024\/08\/15\/thumbs_b_c_581e9546ec41b1dd5cbb1ffff6ccd2c1-300x169.jpg?ver=a5474ddb6e6423fad4e8f7663d7a4405 300w, https:\/\/brtk.net\/wp-content\/uploads\/2024\/08\/15\/thumbs_b_c_581e9546ec41b1dd5cbb1ffff6ccd2c1-768x432.jpg?ver=a5474ddb6e6423fad4e8f7663d7a4405 768w\"\/>                            <\/div>\n<p>Filistin Devlet Ba\u015fkan\u0131 Mahmud Abbas, TBMM\u2019de Filistin Konulu Ola\u011fan\u00fcst\u00fc Oturum\u2019da Genel Kurul\u2019a hitab\u0131nda, \u201c\u00d6n\u00fcm\u00fczde hi\u00e7bir \u00e7\u00f6z\u00fcm yolu kalmad\u0131, bu nedenle de ben ve t\u00fcm Filistin y\u00f6netimi \u00fcyeleri Gazze\u2019ye gitme karar\u0131 ald\u0131k, bunu yapar\u0131z\u201d dedi.<\/p>\n<p>TBMM Genel Kurulu, Filistin Konulu Ola\u011fan\u00fcst\u00fc Oturum i\u00e7in Meclis Ba\u015fkan\u0131 Numan Kurtulmu\u015f ba\u015fkanl\u0131\u011f\u0131nda topland\u0131.<\/p>\n<p>TC Cumhurba\u015fkan\u0131 Recep Tayyip Erdo\u011fan\u2019\u0131n locadan izledi\u011fi Genel Kurul\u2019da AK Parti Grup s\u0131ralar\u0131nda \u0130ran\u2019\u0131n ba\u015fkenti Tahran\u2019da suikasta u\u011frayan Hamas Siyasi B\u00fcro Ba\u015fkan\u0131 \u0130smail Heniyye\u2019nin foto\u011fraf\u0131 yer ald\u0131.<\/p>\n<p><strong>\u201cCumhurba\u015fkan\u0131 Erdo\u011fan\u2019\u0131n liderli\u011findeki T\u00fcrkiye\u2019nin duru\u015funu takdir ediyoruz\u201d<\/strong><br \/>Filistin Devlet Ba\u015fkan\u0131 Mahmud Abbas, Genel Kurul\u2019a hitab\u0131nda, \u201cCumhurba\u015fkan\u0131 Erdo\u011fan\u2019\u0131n liderli\u011findeki T\u00fcrkiye\u2019nin Filistin halk\u0131n\u0131n me\u015fru haklar\u0131n\u0131 savunan duru\u015funu takdir ediyoruz. Gazze\u2019de halk\u0131m\u0131za on binlerce ton insani yard\u0131m g\u00f6nderen T\u00fcrkiye\u2019ye te\u015fekk\u00fcr ediyorum.\u201d dedi.<\/p>\n<p>Abbas, \u201cDimdik durmaya devam edece\u011fiz ve topraklar\u0131m\u0131zdan ayr\u0131lmayaca\u011f\u0131z. Halk\u0131m\u0131z ne olursa olsun oradaki gasp\u00e7\u0131lar\u0131 defedecektir. Filistin\u2019in birli\u011fi i\u00e7in \u00e7al\u0131\u015f\u0131yoruz, zaferin en do\u011fru yolu da birli\u011fimizden ge\u00e7iyor. \u0130\u015fgalci yok olmaya mahkumdur. Filistin \u00f6zg\u00fcr olacak. T\u00fcrkiye ba\u015fta olmak \u00fczere Cumhurba\u015fkan\u0131 Erdo\u011fan ve bize destek verenlere te\u015fekk\u00fcr ediyoruz.\u201d diye konu\u015ftu.<\/p>\n<p>Filistin Devlet Ba\u015fkan\u0131 Abbas, \u201c\u00d6n\u00fcm\u00fczde hi\u00e7bir \u00e7\u00f6z\u00fcm yolu kalmad\u0131, bu nedenle de ben ve t\u00fcm Filistin y\u00f6netimi \u00fcyeleri Gazze\u2019ye gitme karar\u0131 ald\u0131k, bunu yapar\u0131z. Bizim hayat\u0131m\u0131z Gazze \u015eeridi\u2019ndeki hi\u00e7bir \u00e7ocu\u011fun hayat\u0131ndan daha de\u011ferli de\u011fildir.\u201d dedi.<\/p>\n<p>TBMM Ba\u015fkan\u0131 Numan Kurtulmu\u015f\u2019un a\u00e7\u0131l\u0131\u015f konu\u015fmas\u0131yla ba\u015flayan toplant\u0131y\u0131, Cumhurba\u015fkan\u0131 Erdo\u011fan\u2019\u0131n yan\u0131 s\u0131ra Cumhurba\u015fkan\u0131 Yard\u0131mc\u0131s\u0131 Cevdet Y\u0131lmaz, Anayasa Mahkemesi Ba\u015fkan\u0131 Kadir \u00d6zkaya, MHP Genel Ba\u015fkan\u0131 Devlet Bah\u00e7eli, DEM Parti E\u015f Genel Ba\u015fkanlar\u0131 Tuncer Bak\u0131rhan ile Tulay Hat\u0131mo\u011flullar\u0131 Oru\u00e7, \u0130Y\u0130 Parti Genel Ba\u015fkan\u0131 M\u00fcsavat Dervi\u015fo\u011flu, Cumhurba\u015fkanl\u0131\u011f\u0131 Kabinesi \u00fcyeleri, baz\u0131 \u00fclkelerin b\u00fcy\u00fckel\u00e7ileri, Say\u0131\u015ftay Ba\u015fkan\u0131 Metin Yener, M\u0130T Ba\u015fkan\u0131 \u0130brahim Kal\u0131n, Diyanet \u0130\u015fleri Ba\u015fkan\u0131 Ali Erba\u015f, Cumhurba\u015fkanl\u0131\u011f\u0131 \u0130leti\u015fim Ba\u015fkan\u0131 Fahrettin Altun da izledi.<\/p>\n<p>Filistin Devlet Ba\u015fkan\u0131 Abbas\u2019\u0131n TBMM Genel Kurulunda 46 dakika s\u00fcren konu\u015fmas\u0131, Cumhurba\u015fkan\u0131 Erdo\u011fan, milletvekilleri ve davetliler taraf\u0131ndan ayakta alk\u0131\u015fland\u0131.<\/p>\n<\/p><\/div>\n<p><script async\n                    defer\n                    crossorigin=\"anonymous\"\n                    src=\"https:\/\/connect.facebook.net\/tr_TR\/sdk.js#xfbml=1&#038;version=v3.3\"\n            ><\/script><\/p>\n","protected":false},"excerpt":{"rendered":"<p>Filistin Devlet Ba\u015fkan\u0131 Mahmud Abbas, TBMM\u2019de Filistin Konulu Ola\u011fan\u00fcst\u00fc Oturum\u2019da Genel Kurul\u2019a hitab\u0131nda, \u201c\u00d6n\u00fcm\u00fczde hi\u00e7bir \u00e7\u00f6z\u00fcm yolu kalmad\u0131, bu nedenle de ben ve t\u00fcm Filistin y\u00f6netimi \u00fcyeleri Gazze\u2019ye gitme karar\u0131 ald\u0131k, bunu yapar\u0131z\u201d dedi. TBMM Genel Kurulu, Filistin Konulu Ola\u011fan\u00fcst\u00fc Oturum i\u00e7in Meclis Ba\u015fkan\u0131 Numan Kurtulmu\u015f ba\u015fkanl\u0131\u011f\u0131nda topland\u0131. TC Cumhurba\u015fkan\u0131 Recep Tayyip Erdo\u011fan\u2019\u0131n locadan izledi\u011fi<\/p>\n","protected":false},"author":1,"featured_media":54668,"comment_status":"open","ping_status":"open","sticky":false,"template":"","format":"standard","meta":{"footnotes":""},"categories":[1],"tags":[],"class_list":["post-54667","post","type-post","status-publish","format-standard","has-post-thumbnail","hentry","category-gundem"],"yoast_head":"<!-- This site is optimized with the Yoast SEO plugin v27.5 - https:\/\/yoast.com\/product\/yoast-seo-wordpress\/ -->\n<title>Filistin Devlet Ba\u015fkan\u0131 Abbas: Hi\u00e7bir \u00e7\u00f6z\u00fcm yolu kalmad\u0131, t\u00fcm Filistin y\u00f6netimi \u00fcyeleri Gazze\u2019ye gitme karar\u0131 ald\u0131k -<\/title>\n<meta name=\"robots\" content=\"index, follow, max-snippet:-1, max-image-preview:large, max-video-preview:-1\" \/>\n<link rel=\"canonical\" href=\"https:\/\/kibrisdakik.com\/?p=54667\" \/>\n<meta property=\"og:locale\" content=\"tr_TR\" \/>\n<meta property=\"og:type\" content=\"article\" \/>\n<meta property=\"og:title\" content=\"Filistin Devlet Ba\u015fkan\u0131 Abbas: Hi\u00e7bir \u00e7\u00f6z\u00fcm yolu kalmad\u0131, t\u00fcm Filistin y\u00f6netimi \u00fcyeleri Gazze\u2019ye gitme karar\u0131 ald\u0131k -\" \/>\n<meta property=\"og:description\" content=\"Filistin Devlet Ba\u015fkan\u0131 Mahmud Abbas, TBMM\u2019de Filistin Konulu Ola\u011fan\u00fcst\u00fc Oturum\u2019da Genel Kurul\u2019a hitab\u0131nda, \u201c\u00d6n\u00fcm\u00fczde hi\u00e7bir \u00e7\u00f6z\u00fcm yolu kalmad\u0131, bu nedenle de ben ve t\u00fcm Filistin y\u00f6netimi \u00fcyeleri Gazze\u2019ye gitme karar\u0131 ald\u0131k, bunu yapar\u0131z\u201d dedi. TBMM Genel Kurulu, Filistin Konulu Ola\u011fan\u00fcst\u00fc Oturum i\u00e7in Meclis Ba\u015fkan\u0131 Numan Kurtulmu\u015f ba\u015fkanl\u0131\u011f\u0131nda topland\u0131. TC Cumhurba\u015fkan\u0131 Recep Tayyip Erdo\u011fan\u2019\u0131n locadan izledi\u011fi\" \/>\n<meta property=\"og:url\" content=\"https:\/\/kibrisdakik.com\/?p=54667\" \/>\n<meta property=\"article:published_time\" content=\"2024-08-15T13:20:39+00:00\" \/>\n<meta property=\"og:image\" content=\"https:\/\/kibrisdakik.com\/wp-content\/uploads\/2024\/08\/thumbs_b_c_581e9546ec41b1dd5cbb1ffff6ccd2c1-740x420.jpg\" \/>\n\t<meta property=\"og:image:width\" content=\"864\" \/>\n\t<meta property=\"og:image:height\" content=\"486\" \/>\n\t<meta property=\"og:image:type\" content=\"image\/jpeg\" \/>\n<meta name=\"author\" content=\"admin\" \/>\n<meta name=\"twitter:card\" content=\"summary_large_image\" \/>\n<meta name=\"twitter:label1\" content=\"Yazan:\" \/>\n\t<meta name=\"twitter:data1\" content=\"admin\" \/>\n\t<meta name=\"twitter:label2\" content=\"Tahmini okuma s\u00fcresi\" \/>\n\t<meta name=\"twitter:data2\" content=\"2 dakika\" \/>\n<script type=\"application\/ld+json\" class=\"yoast-schema-graph\">{\"@context\":\"https:\\\/\\\/schema.org\",\"@graph\":[{\"@type\":\"Article\",\"@id\":\"https:\\\/\\\/kibrisdakik.com\\\/?p=54667#article\",\"isPartOf\":{\"@id\":\"https:\\\/\\\/kibrisdakik.com\\\/?p=54667\"},\"author\":{\"name\":\"admin\",\"@id\":\"https:\\\/\\\/kibrisdakik.com\\\/#\\\/schema\\\/person\\\/9cd9d437bbb44f72b73ba127e06d8e79\"},\"headline\":\"Filistin Devlet Ba\u015fkan\u0131 Abbas: Hi\u00e7bir \u00e7\u00f6z\u00fcm yolu kalmad\u0131, t\u00fcm Filistin y\u00f6netimi \u00fcyeleri Gazze\u2019ye gitme karar\u0131 ald\u0131k\",\"datePublished\":\"2024-08-15T13:20:39+00:00\",\"mainEntityOfPage\":{\"@id\":\"https:\\\/\\\/kibrisdakik.com\\\/?p=54667\"},\"wordCount\":461,\"commentCount\":0,\"image\":{\"@id\":\"https:\\\/\\\/kibrisdakik.com\\\/?p=54667#primaryimage\"},\"thumbnailUrl\":\"https:\\\/\\\/kibrisdakik.com\\\/wp-content\\\/uploads\\\/2024\\\/08\\\/thumbs_b_c_581e9546ec41b1dd5cbb1ffff6ccd2c1-740x420.jpg\",\"articleSection\":[\"G\u00fcndem\"],\"inLanguage\":\"tr\",\"potentialAction\":[{\"@type\":\"CommentAction\",\"name\":\"Comment\",\"target\":[\"https:\\\/\\\/kibrisdakik.com\\\/?p=54667#respond\"]}]},{\"@type\":\"WebPage\",\"@id\":\"https:\\\/\\\/kibrisdakik.com\\\/?p=54667\",\"url\":\"https:\\\/\\\/kibrisdakik.com\\\/?p=54667\",\"name\":\"Filistin Devlet Ba\u015fkan\u0131 Abbas: Hi\u00e7bir \u00e7\u00f6z\u00fcm yolu kalmad\u0131, t\u00fcm Filistin y\u00f6netimi \u00fcyeleri Gazze\u2019ye gitme karar\u0131 ald\u0131k -\",\"isPartOf\":{\"@id\":\"https:\\\/\\\/kibrisdakik.com\\\/#website\"},\"primaryImageOfPage\":{\"@id\":\"https:\\\/\\\/kibrisdakik.com\\\/?p=54667#primaryimage\"},\"image\":{\"@id\":\"https:\\\/\\\/kibrisdakik.com\\\/?p=54667#primaryimage\"},\"thumbnailUrl\":\"https:\\\/\\\/kibrisdakik.com\\\/wp-content\\\/uploads\\\/2024\\\/08\\\/thumbs_b_c_581e9546ec41b1dd5cbb1ffff6ccd2c1-740x420.jpg\",\"datePublished\":\"2024-08-15T13:20:39+00:00\",\"author\":{\"@id\":\"https:\\\/\\\/kibrisdakik.com\\\/#\\\/schema\\\/person\\\/9cd9d437bbb44f72b73ba127e06d8e79\"},\"breadcrumb\":{\"@id\":\"https:\\\/\\\/kibrisdakik.com\\\/?p=54667#breadcrumb\"},\"inLanguage\":\"tr\",\"potentialAction\":[{\"@type\":\"ReadAction\",\"target\":[\"https:\\\/\\\/kibrisdakik.com\\\/?p=54667\"]}]},{\"@type\":\"ImageObject\",\"inLanguage\":\"tr\",\"@id\":\"https:\\\/\\\/kibrisdakik.com\\\/?p=54667#primaryimage\",\"url\":\"https:\\\/\\\/kibrisdakik.com\\\/wp-content\\\/uploads\\\/2024\\\/08\\\/thumbs_b_c_581e9546ec41b1dd5cbb1ffff6ccd2c1-740x420.jpg\",\"contentUrl\":\"https:\\\/\\\/kibrisdakik.com\\\/wp-content\\\/uploads\\\/2024\\\/08\\\/thumbs_b_c_581e9546ec41b1dd5cbb1ffff6ccd2c1-740x420.jpg\",\"width\":864,\"height\":486},{\"@type\":\"BreadcrumbList\",\"@id\":\"https:\\\/\\\/kibrisdakik.com\\\/?p=54667#breadcrumb\",\"itemListElement\":[{\"@type\":\"ListItem\",\"position\":1,\"name\":\"Home\",\"item\":\"https:\\\/\\\/kibrisdakik.com\\\/\"},{\"@type\":\"ListItem\",\"position\":2,\"name\":\"Filistin Devlet Ba\u015fkan\u0131 Abbas: Hi\u00e7bir \u00e7\u00f6z\u00fcm yolu kalmad\u0131, t\u00fcm Filistin y\u00f6netimi \u00fcyeleri Gazze\u2019ye gitme karar\u0131 ald\u0131k\"}]},{\"@type\":\"WebSite\",\"@id\":\"https:\\\/\\\/kibrisdakik.com\\\/#website\",\"url\":\"https:\\\/\\\/kibrisdakik.com\\\/\",\"name\":\"\",\"description\":\"Tam vaktinde haber\",\"potentialAction\":[{\"@type\":\"SearchAction\",\"target\":{\"@type\":\"EntryPoint\",\"urlTemplate\":\"https:\\\/\\\/kibrisdakik.com\\\/?s={search_term_string}\"},\"query-input\":{\"@type\":\"PropertyValueSpecification\",\"valueRequired\":true,\"valueName\":\"search_term_string\"}}],\"inLanguage\":\"tr\"},{\"@type\":\"Person\",\"@id\":\"https:\\\/\\\/kibrisdakik.com\\\/#\\\/schema\\\/person\\\/9cd9d437bbb44f72b73ba127e06d8e79\",\"name\":\"admin\",\"image\":{\"@type\":\"ImageObject\",\"inLanguage\":\"tr\",\"@id\":\"https:\\\/\\\/secure.gravatar.com\\\/avatar\\\/ccc17943b9d660506c869530f897617f7cb1c21a4bf30023f252596d83e1f007?s=96&d=mm&r=g\",\"url\":\"https:\\\/\\\/secure.gravatar.com\\\/avatar\\\/ccc17943b9d660506c869530f897617f7cb1c21a4bf30023f252596d83e1f007?s=96&d=mm&r=g\",\"contentUrl\":\"https:\\\/\\\/secure.gravatar.com\\\/avatar\\\/ccc17943b9d660506c869530f897617f7cb1c21a4bf30023f252596d83e1f007?s=96&d=mm&r=g\",\"caption\":\"admin\"},\"sameAs\":[\"https:\\\/\\\/kibrisdakik.com\"],\"url\":\"https:\\\/\\\/kibrisdakik.com\\\/?author=1\"}]}<\/script>\n<!-- \/ Yoast SEO plugin. -->","yoast_head_json":{"title":"Filistin Devlet Ba\u015fkan\u0131 Abbas: Hi\u00e7bir \u00e7\u00f6z\u00fcm yolu kalmad\u0131, t\u00fcm Filistin y\u00f6netimi \u00fcyeleri Gazze\u2019ye gitme karar\u0131 ald\u0131k -","robots":{"index":"index","follow":"follow","max-snippet":"max-snippet:-1","max-image-preview":"max-image-preview:large","max-video-preview":"max-video-preview:-1"},"canonical":"https:\/\/kibrisdakik.com\/?p=54667","og_locale":"tr_TR","og_type":"article","og_title":"Filistin Devlet Ba\u015fkan\u0131 Abbas: Hi\u00e7bir \u00e7\u00f6z\u00fcm yolu kalmad\u0131, t\u00fcm Filistin y\u00f6netimi \u00fcyeleri Gazze\u2019ye gitme karar\u0131 ald\u0131k -","og_description":"Filistin Devlet Ba\u015fkan\u0131 Mahmud Abbas, TBMM\u2019de Filistin Konulu Ola\u011fan\u00fcst\u00fc Oturum\u2019da Genel Kurul\u2019a hitab\u0131nda, \u201c\u00d6n\u00fcm\u00fczde hi\u00e7bir \u00e7\u00f6z\u00fcm yolu kalmad\u0131, bu nedenle de ben ve t\u00fcm Filistin y\u00f6netimi \u00fcyeleri Gazze\u2019ye gitme karar\u0131 ald\u0131k, bunu yapar\u0131z\u201d dedi. TBMM Genel Kurulu, Filistin Konulu Ola\u011fan\u00fcst\u00fc Oturum i\u00e7in Meclis Ba\u015fkan\u0131 Numan Kurtulmu\u015f ba\u015fkanl\u0131\u011f\u0131nda topland\u0131. TC Cumhurba\u015fkan\u0131 Recep Tayyip Erdo\u011fan\u2019\u0131n locadan izledi\u011fi","og_url":"https:\/\/kibrisdakik.com\/?p=54667","article_published_time":"2024-08-15T13:20:39+00:00","og_image":[{"width":864,"height":486,"url":"https:\/\/kibrisdakik.com\/wp-content\/uploads\/2024\/08\/thumbs_b_c_581e9546ec41b1dd5cbb1ffff6ccd2c1-740x420.jpg","type":"image\/jpeg"}],"author":"admin","twitter_card":"summary_large_image","twitter_misc":{"Yazan:":"admin","Tahmini okuma s\u00fcresi":"2 dakika"},"schema":{"@context":"https:\/\/schema.org","@graph":[{"@type":"Article","@id":"https:\/\/kibrisdakik.com\/?p=54667#article","isPartOf":{"@id":"https:\/\/kibrisdakik.com\/?p=54667"},"author":{"name":"admin","@id":"https:\/\/kibrisdakik.com\/#\/schema\/person\/9cd9d437bbb44f72b73ba127e06d8e79"},"headline":"Filistin Devlet Ba\u015fkan\u0131 Abbas: Hi\u00e7bir \u00e7\u00f6z\u00fcm yolu kalmad\u0131, t\u00fcm Filistin y\u00f6netimi \u00fcyeleri Gazze\u2019ye gitme karar\u0131 ald\u0131k","datePublished":"2024-08-15T13:20:39+00:00","mainEntityOfPage":{"@id":"https:\/\/kibrisdakik.com\/?p=54667"},"wordCount":461,"commentCount":0,"image":{"@id":"https:\/\/kibrisdakik.com\/?p=54667#primaryimage"},"thumbnailUrl":"https:\/\/kibrisdakik.com\/wp-content\/uploads\/2024\/08\/thumbs_b_c_581e9546ec41b1dd5cbb1ffff6ccd2c1-740x420.jpg","articleSection":["G\u00fcndem"],"inLanguage":"tr","potentialAction":[{"@type":"CommentAction","name":"Comment","target":["https:\/\/kibrisdakik.com\/?p=54667#respond"]}]},{"@type":"WebPage","@id":"https:\/\/kibrisdakik.com\/?p=54667","url":"https:\/\/kibrisdakik.com\/?p=54667","name":"Filistin Devlet Ba\u015fkan\u0131 Abbas: Hi\u00e7bir \u00e7\u00f6z\u00fcm yolu kalmad\u0131, t\u00fcm Filistin y\u00f6netimi \u00fcyeleri Gazze\u2019ye gitme karar\u0131 ald\u0131k -","isPartOf":{"@id":"https:\/\/kibrisdakik.com\/#website"},"primaryImageOfPage":{"@id":"https:\/\/kibrisdakik.com\/?p=54667#primaryimage"},"image":{"@id":"https:\/\/kibrisdakik.com\/?p=54667#primaryimage"},"thumbnailUrl":"https:\/\/kibrisdakik.com\/wp-content\/uploads\/2024\/08\/thumbs_b_c_581e9546ec41b1dd5cbb1ffff6ccd2c1-740x420.jpg","datePublished":"2024-08-15T13:20:39+00:00","author":{"@id":"https:\/\/kibrisdakik.com\/#\/schema\/person\/9cd9d437bbb44f72b73ba127e06d8e79"},"breadcrumb":{"@id":"https:\/\/kibrisdakik.com\/?p=54667#breadcrumb"},"inLanguage":"tr","potentialAction":[{"@type":"ReadAction","target":["https:\/\/kibrisdakik.com\/?p=54667"]}]},{"@type":"ImageObject","inLanguage":"tr","@id":"https:\/\/kibrisdakik.com\/?p=54667#primaryimage","url":"https:\/\/kibrisdakik.com\/wp-content\/uploads\/2024\/08\/thumbs_b_c_581e9546ec41b1dd5cbb1ffff6ccd2c1-740x420.jpg","contentUrl":"https:\/\/kibrisdakik.com\/wp-content\/uploads\/2024\/08\/thumbs_b_c_581e9546ec41b1dd5cbb1ffff6ccd2c1-740x420.jpg","width":864,"height":486},{"@type":"BreadcrumbList","@id":"https:\/\/kibrisdakik.com\/?p=54667#breadcrumb","itemListElement":[{"@type":"ListItem","position":1,"name":"Home","item":"https:\/\/kibrisdakik.com\/"},{"@type":"ListItem","position":2,"name":"Filistin Devlet Ba\u015fkan\u0131 Abbas: Hi\u00e7bir \u00e7\u00f6z\u00fcm yolu kalmad\u0131, t\u00fcm Filistin y\u00f6netimi \u00fcyeleri Gazze\u2019ye gitme karar\u0131 ald\u0131k"}]},{"@type":"WebSite","@id":"https:\/\/kibrisdakik.com\/#website","url":"https:\/\/kibrisdakik.com\/","name":"","description":"Tam vaktinde haber","potentialAction":[{"@type":"SearchAction","target":{"@type":"EntryPoint","urlTemplate":"https:\/\/kibrisdakik.com\/?s={search_term_string}"},"query-input":{"@type":"PropertyValueSpecification","valueRequired":true,"valueName":"search_term_string"}}],"inLanguage":"tr"},{"@type":"Person","@id":"https:\/\/kibrisdakik.com\/#\/schema\/person\/9cd9d437bbb44f72b73ba127e06d8e79","name":"admin","image":{"@type":"ImageObject","inLanguage":"tr","@id":"https:\/\/secure.gravatar.com\/avatar\/ccc17943b9d660506c869530f897617f7cb1c21a4bf30023f252596d83e1f007?s=96&d=mm&r=g","url":"https:\/\/secure.gravatar.com\/avatar\/ccc17943b9d660506c869530f897617f7cb1c21a4bf30023f252596d83e1f007?s=96&d=mm&r=g","contentUrl":"https:\/\/secure.gravatar.com\/avatar\/ccc17943b9d660506c869530f897617f7cb1c21a4bf30023f252596d83e1f007?s=96&d=mm&r=g","caption":"admin"},"sameAs":["https:\/\/kibrisdakik.com"],"url":"https:\/\/kibrisdakik.com\/?author=1"}]}},"_links":{"self":[{"href":"https:\/\/kibrisdakik.com\/index.php?rest_route=\/wp\/v2\/posts\/54667","targetHints":{"allow":["GET"]}}],"collection":[{"href":"https:\/\/kibrisdakik.com\/index.php?rest_route=\/wp\/v2\/posts"}],"about":[{"href":"https:\/\/kibrisdakik.com\/index.php?rest_route=\/wp\/v2\/types\/post"}],"author":[{"embeddable":true,"href":"https:\/\/kibrisdakik.com\/index.php?rest_route=\/wp\/v2\/users\/1"}],"replies":[{"embeddable":true,"href":"https:\/\/kibrisdakik.com\/index.php?rest_route=%2Fwp%2Fv2%2Fcomments&post=54667"}],"version-history":[{"count":0,"href":"https:\/\/kibrisdakik.com\/index.php?rest_route=\/wp\/v2\/posts\/54667\/revisions"}],"wp:featuredmedia":[{"embeddable":true,"href":"https:\/\/kibrisdakik.com\/index.php?rest_route=\/wp\/v2\/media\/54668"}],"wp:attachment":[{"href":"https:\/\/kibrisdakik.com\/index.php?rest_route=%2Fwp%2Fv2%2Fmedia&parent=54667"}],"wp:term":[{"taxonomy":"category","embeddable":true,"href":"https:\/\/kibrisdakik.com\/index.php?rest_route=%2Fwp%2Fv2%2Fcategories&post=54667"},{"taxonomy":"post_tag","embeddable":true,"href":"https:\/\/kibrisdakik.com\/index.php?rest_route=%2Fwp%2Fv2%2Ftags&post=54667"}],"curies":[{"name":"wp","href":"https:\/\/api.w.org\/{rel}","templated":true}]}}