{"id":54728,"date":"2024-08-16T01:04:49","date_gmt":"2024-08-15T22:04:49","guid":{"rendered":"https:\/\/kibrisdakik.com\/index.php\/2024\/08\/16\/intihar-mi-cinayet-mi-adli-tip-kurumu-muduru-evinde-olu-bulundu\/"},"modified":"2024-08-16T01:04:49","modified_gmt":"2024-08-15T22:04:49","slug":"intihar-mi-cinayet-mi-adli-tip-kurumu-muduru-evinde-olu-bulundu","status":"publish","type":"post","link":"https:\/\/kibrisdakik.com\/?p=54728","title":{"rendered":"\u0130ntihar m\u0131 cinayet mi? Adli T\u0131p Kurumu M\u00fcd\u00fcr\u00fc evinde \u00f6l\u00fc bulundu"},"content":{"rendered":"<p><\/p>\n<div id=\"\">\n<p>Edinilen bilgiye g\u00f6re, Serdivan il\u00e7esi Be\u015fk\u00f6pr\u00fc Mahallesi 13. Cadde \u00fczerinde ikamet eden  <a class=\"keyword\" href=\"https:\/\/www.haberler.com\/adli-tip\/\" title=\"Adli T\u0131p Haberleri, Adli T\u0131p Haberi, Adli T\u0131p Haber\"><strong>Adli T\u0131p<\/strong><\/a> Kurumu Sakarya \u015eube M\u00fcd\u00fcr\u00fc Erkut Bulut, evinde e\u015fi taraf\u0131ndan, silahla vurulmu\u015f \u015fekilde bulundu. <\/p>\n<h3>HAYATINI KAYBETT\u0130<\/h3>\n<p>Durumun  <a class=\"keyword\" href=\"https:\/\/www.haberler.com\/\" title=\"Haber, Haberler\"><strong>haber<\/strong><\/a> verilmesi \u00fczerine b\u00f6lgeye gelen sa\u011fl\u0131k ekiplerince yap\u0131lan incelemelerde Bulut&#8217;un hayat\u0131n\u0131 kaybetti\u011fi tespit edildi. <\/p>\n<h3>\u0130NCELEME S\u00dcR\u00dcYOR<\/h3>\n<p>Olay yerinde yap\u0131lan incelemelerin ard\u0131ndan Bulut&#8217;un cans\u0131z bedeni hastane morguna kald\u0131r\u0131ld\u0131. Konuya ili\u015fkin geni\u015f \u00e7apl\u0131 inceleme ba\u015flat\u0131l\u0131rken, polis ekipleri intihar \u015f\u00fcphesi \u00fczerinde duruyor.<\/p>\n<p><img loading=\"lazy\" decoding=\"async\" class=\"hbptMainImage lazyload ImgDetay\" src=\"https:\/\/foto.haberler.com\/haber\/2024\/08\/16\/intihar-mi-cinayet-mi-adli-tip-kurumu-muduru-17724208_868_m.jpg\" alt=\"\u0130ntihar m\u0131 cinayet mi? Adli T\u0131p Kurumu M\u00fcd\u00fcr\u00fc evinde \u00f6l\u00fc bulundu\" width=\"640\" height=\"1332\"\/><\/p>\n<figure class=\"type:primaryimage hbhOrder\" style=\"margin-bottom: 20px;\"><img loading=\"lazy\" decoding=\"async\" width=\"1202\" height=\"675\" class=\"hbptMainImage\" id=\"HaberImage\" src=\"https:\/\/foto.haberler.com\/haber\/2024\/08\/16\/intihar-mi-cinayet-mi-adli-tip-kurumu-muduru-17724208_6932_amp.jpg\"\/><\/figure>\n<div class=\"editorSade\">Kaynak: \u0130hlas Haber Ajans\u0131 \/  <a href=\"https:\/\/www.haberler.com\/yerel\/\" title=\"Yerel Haberleri\">Yerel<\/a> <\/div>\n<h4 id=\"nwsKeywords\"> <a href=\"https:\/\/www.haberler.com\/adli-tip-kurumu\/\" title=\"Adli T\u0131p Kurumu\" class=\"hbptTag\">Adli T\u0131p Kurumu<\/a>  <a href=\"https:\/\/www.haberler.com\/adli-tip\/\" title=\"Adli T\u0131p\" class=\"hbptTag\">Adli T\u0131p<\/a>  <a href=\"https:\/\/www.haberler.com\/3-sayfa\/\" title=\"3-sayfa\" class=\"hbptTag\">3-sayfa<\/a>  <a href=\"https:\/\/www.haberler.com\/sakarya\/\" title=\"Sakarya\" class=\"hbptTag\">Sakarya<\/a>  <a href=\"https:\/\/www.haberler.com\/adli-tip\/\" title=\"Adli T\u0131p\" class=\"hbptTag\">Adli T\u0131p<\/a>  <a href=\"https:\/\/www.haberler.com\/suc\/\" title=\"Su\u00e7\" class=\"hbptTag\">Su\u00e7<\/a>  <a href=\"https:\/\/www.haberler.com\/3-sayfa\/\" title=\"3.Sayfa\" class=\"hbptTag\">3.Sayfa<\/a>  <a href=\"https:\/\/www.haberler.com\/yerel\/\" title=\"Yerel\" class=\"hbptTag\">Yerel<\/a>  <a href=\"https:\/\/www.haberler.com\/guncel\/\" title=\"G\u00fcncel\" class=\"hbptTag\">G\u00fcncel<\/a>  <a href=\"https:\/\/www.haberler.com\/\" title=\"Haberler\" class=\"hbptTag\">Haberler<\/a> <\/h4>\n<\/div>\n","protected":false},"excerpt":{"rendered":"<p>Edinilen bilgiye g\u00f6re, Serdivan il\u00e7esi Be\u015fk\u00f6pr\u00fc Mahallesi 13. Cadde \u00fczerinde ikamet eden Adli T\u0131p Kurumu Sakarya \u015eube M\u00fcd\u00fcr\u00fc Erkut Bulut, evinde e\u015fi taraf\u0131ndan, silahla vurulmu\u015f \u015fekilde bulundu. HAYATINI KAYBETT\u0130 Durumun haber verilmesi \u00fczerine b\u00f6lgeye gelen sa\u011fl\u0131k ekiplerince yap\u0131lan incelemelerde Bulut&#8217;un hayat\u0131n\u0131 kaybetti\u011fi tespit edildi. \u0130NCELEME S\u00dcR\u00dcYOR Olay yerinde yap\u0131lan incelemelerin ard\u0131ndan Bulut&#8217;un cans\u0131z bedeni hastane<\/p>\n","protected":false},"author":1,"featured_media":54729,"comment_status":"open","ping_status":"open","sticky":false,"template":"","format":"standard","meta":{"footnotes":""},"categories":[83],"tags":[],"class_list":["post-54728","post","type-post","status-publish","format-standard","has-post-thumbnail","hentry","category-magazin"],"yoast_head":"<!-- This site is optimized with the Yoast SEO plugin v27.4 - https:\/\/yoast.com\/product\/yoast-seo-wordpress\/ -->\n<title>\u0130ntihar m\u0131 cinayet mi? Adli T\u0131p Kurumu M\u00fcd\u00fcr\u00fc evinde \u00f6l\u00fc bulundu -<\/title>\n<meta name=\"robots\" content=\"index, follow, max-snippet:-1, max-image-preview:large, max-video-preview:-1\" \/>\n<link rel=\"canonical\" href=\"https:\/\/kibrisdakik.com\/?p=54728\" \/>\n<meta property=\"og:locale\" content=\"tr_TR\" \/>\n<meta property=\"og:type\" content=\"article\" \/>\n<meta property=\"og:title\" content=\"\u0130ntihar m\u0131 cinayet mi? Adli T\u0131p Kurumu M\u00fcd\u00fcr\u00fc evinde \u00f6l\u00fc bulundu -\" \/>\n<meta property=\"og:description\" content=\"Edinilen bilgiye g\u00f6re, Serdivan il\u00e7esi Be\u015fk\u00f6pr\u00fc Mahallesi 13. Cadde \u00fczerinde ikamet eden Adli T\u0131p Kurumu Sakarya \u015eube M\u00fcd\u00fcr\u00fc Erkut Bulut, evinde e\u015fi taraf\u0131ndan, silahla vurulmu\u015f \u015fekilde bulundu. HAYATINI KAYBETT\u0130 Durumun haber verilmesi \u00fczerine b\u00f6lgeye gelen sa\u011fl\u0131k ekiplerince yap\u0131lan incelemelerde Bulut&#8217;un hayat\u0131n\u0131 kaybetti\u011fi tespit edildi. \u0130NCELEME S\u00dcR\u00dcYOR Olay yerinde yap\u0131lan incelemelerin ard\u0131ndan Bulut&#8217;un cans\u0131z bedeni hastane\" \/>\n<meta property=\"og:url\" content=\"https:\/\/kibrisdakik.com\/?p=54728\" \/>\n<meta property=\"article:published_time\" content=\"2024-08-15T22:04:49+00:00\" \/>\n<meta property=\"og:image\" content=\"https:\/\/kibrisdakik.com\/wp-content\/uploads\/2024\/08\/intihar-mi-cinayet-mi-adli-tip-kurumu-muduru-17724208_868_m-640x420.jpg\" \/>\n\t<meta property=\"og:image:width\" content=\"640\" \/>\n\t<meta property=\"og:image:height\" content=\"1329\" \/>\n\t<meta property=\"og:image:type\" content=\"image\/jpeg\" \/>\n<meta name=\"author\" content=\"admin\" \/>\n<meta name=\"twitter:card\" content=\"summary_large_image\" \/>\n<meta name=\"twitter:label1\" content=\"Yazan:\" \/>\n\t<meta name=\"twitter:data1\" content=\"admin\" \/>\n\t<meta name=\"twitter:label2\" content=\"Tahmini okuma s\u00fcresi\" \/>\n\t<meta name=\"twitter:data2\" content=\"1 dakika\" \/>\n<script type=\"application\/ld+json\" class=\"yoast-schema-graph\">{\"@context\":\"https:\\\/\\\/schema.org\",\"@graph\":[{\"@type\":\"Article\",\"@id\":\"https:\\\/\\\/kibrisdakik.com\\\/?p=54728#article\",\"isPartOf\":{\"@id\":\"https:\\\/\\\/kibrisdakik.com\\\/?p=54728\"},\"author\":{\"name\":\"admin\",\"@id\":\"https:\\\/\\\/kibrisdakik.com\\\/#\\\/schema\\\/person\\\/9cd9d437bbb44f72b73ba127e06d8e79\"},\"headline\":\"\u0130ntihar m\u0131 cinayet mi? Adli T\u0131p Kurumu M\u00fcd\u00fcr\u00fc evinde \u00f6l\u00fc bulundu\",\"datePublished\":\"2024-08-15T22:04:49+00:00\",\"mainEntityOfPage\":{\"@id\":\"https:\\\/\\\/kibrisdakik.com\\\/?p=54728\"},\"wordCount\":131,\"commentCount\":0,\"image\":{\"@id\":\"https:\\\/\\\/kibrisdakik.com\\\/?p=54728#primaryimage\"},\"thumbnailUrl\":\"https:\\\/\\\/kibrisdakik.com\\\/wp-content\\\/uploads\\\/2024\\\/08\\\/intihar-mi-cinayet-mi-adli-tip-kurumu-muduru-17724208_868_m-640x420.jpg\",\"articleSection\":[\"Magazin\"],\"inLanguage\":\"tr\",\"potentialAction\":[{\"@type\":\"CommentAction\",\"name\":\"Comment\",\"target\":[\"https:\\\/\\\/kibrisdakik.com\\\/?p=54728#respond\"]}]},{\"@type\":\"WebPage\",\"@id\":\"https:\\\/\\\/kibrisdakik.com\\\/?p=54728\",\"url\":\"https:\\\/\\\/kibrisdakik.com\\\/?p=54728\",\"name\":\"\u0130ntihar m\u0131 cinayet mi? Adli T\u0131p Kurumu M\u00fcd\u00fcr\u00fc evinde \u00f6l\u00fc bulundu -\",\"isPartOf\":{\"@id\":\"https:\\\/\\\/kibrisdakik.com\\\/#website\"},\"primaryImageOfPage\":{\"@id\":\"https:\\\/\\\/kibrisdakik.com\\\/?p=54728#primaryimage\"},\"image\":{\"@id\":\"https:\\\/\\\/kibrisdakik.com\\\/?p=54728#primaryimage\"},\"thumbnailUrl\":\"https:\\\/\\\/kibrisdakik.com\\\/wp-content\\\/uploads\\\/2024\\\/08\\\/intihar-mi-cinayet-mi-adli-tip-kurumu-muduru-17724208_868_m-640x420.jpg\",\"datePublished\":\"2024-08-15T22:04:49+00:00\",\"author\":{\"@id\":\"https:\\\/\\\/kibrisdakik.com\\\/#\\\/schema\\\/person\\\/9cd9d437bbb44f72b73ba127e06d8e79\"},\"breadcrumb\":{\"@id\":\"https:\\\/\\\/kibrisdakik.com\\\/?p=54728#breadcrumb\"},\"inLanguage\":\"tr\",\"potentialAction\":[{\"@type\":\"ReadAction\",\"target\":[\"https:\\\/\\\/kibrisdakik.com\\\/?p=54728\"]}]},{\"@type\":\"ImageObject\",\"inLanguage\":\"tr\",\"@id\":\"https:\\\/\\\/kibrisdakik.com\\\/?p=54728#primaryimage\",\"url\":\"https:\\\/\\\/kibrisdakik.com\\\/wp-content\\\/uploads\\\/2024\\\/08\\\/intihar-mi-cinayet-mi-adli-tip-kurumu-muduru-17724208_868_m-640x420.jpg\",\"contentUrl\":\"https:\\\/\\\/kibrisdakik.com\\\/wp-content\\\/uploads\\\/2024\\\/08\\\/intihar-mi-cinayet-mi-adli-tip-kurumu-muduru-17724208_868_m-640x420.jpg\",\"width\":640,\"height\":1329},{\"@type\":\"BreadcrumbList\",\"@id\":\"https:\\\/\\\/kibrisdakik.com\\\/?p=54728#breadcrumb\",\"itemListElement\":[{\"@type\":\"ListItem\",\"position\":1,\"name\":\"Home\",\"item\":\"https:\\\/\\\/kibrisdakik.com\\\/\"},{\"@type\":\"ListItem\",\"position\":2,\"name\":\"\u0130ntihar m\u0131 cinayet mi? Adli T\u0131p Kurumu M\u00fcd\u00fcr\u00fc evinde \u00f6l\u00fc bulundu\"}]},{\"@type\":\"WebSite\",\"@id\":\"https:\\\/\\\/kibrisdakik.com\\\/#website\",\"url\":\"https:\\\/\\\/kibrisdakik.com\\\/\",\"name\":\"\",\"description\":\"Tam vaktinde haber\",\"potentialAction\":[{\"@type\":\"SearchAction\",\"target\":{\"@type\":\"EntryPoint\",\"urlTemplate\":\"https:\\\/\\\/kibrisdakik.com\\\/?s={search_term_string}\"},\"query-input\":{\"@type\":\"PropertyValueSpecification\",\"valueRequired\":true,\"valueName\":\"search_term_string\"}}],\"inLanguage\":\"tr\"},{\"@type\":\"Person\",\"@id\":\"https:\\\/\\\/kibrisdakik.com\\\/#\\\/schema\\\/person\\\/9cd9d437bbb44f72b73ba127e06d8e79\",\"name\":\"admin\",\"image\":{\"@type\":\"ImageObject\",\"inLanguage\":\"tr\",\"@id\":\"https:\\\/\\\/secure.gravatar.com\\\/avatar\\\/ccc17943b9d660506c869530f897617f7cb1c21a4bf30023f252596d83e1f007?s=96&d=mm&r=g\",\"url\":\"https:\\\/\\\/secure.gravatar.com\\\/avatar\\\/ccc17943b9d660506c869530f897617f7cb1c21a4bf30023f252596d83e1f007?s=96&d=mm&r=g\",\"contentUrl\":\"https:\\\/\\\/secure.gravatar.com\\\/avatar\\\/ccc17943b9d660506c869530f897617f7cb1c21a4bf30023f252596d83e1f007?s=96&d=mm&r=g\",\"caption\":\"admin\"},\"sameAs\":[\"https:\\\/\\\/kibrisdakik.com\"],\"url\":\"https:\\\/\\\/kibrisdakik.com\\\/?author=1\"}]}<\/script>\n<!-- \/ Yoast SEO plugin. -->","yoast_head_json":{"title":"\u0130ntihar m\u0131 cinayet mi? Adli T\u0131p Kurumu M\u00fcd\u00fcr\u00fc evinde \u00f6l\u00fc bulundu -","robots":{"index":"index","follow":"follow","max-snippet":"max-snippet:-1","max-image-preview":"max-image-preview:large","max-video-preview":"max-video-preview:-1"},"canonical":"https:\/\/kibrisdakik.com\/?p=54728","og_locale":"tr_TR","og_type":"article","og_title":"\u0130ntihar m\u0131 cinayet mi? Adli T\u0131p Kurumu M\u00fcd\u00fcr\u00fc evinde \u00f6l\u00fc bulundu -","og_description":"Edinilen bilgiye g\u00f6re, Serdivan il\u00e7esi Be\u015fk\u00f6pr\u00fc Mahallesi 13. Cadde \u00fczerinde ikamet eden Adli T\u0131p Kurumu Sakarya \u015eube M\u00fcd\u00fcr\u00fc Erkut Bulut, evinde e\u015fi taraf\u0131ndan, silahla vurulmu\u015f \u015fekilde bulundu. HAYATINI KAYBETT\u0130 Durumun haber verilmesi \u00fczerine b\u00f6lgeye gelen sa\u011fl\u0131k ekiplerince yap\u0131lan incelemelerde Bulut&#8217;un hayat\u0131n\u0131 kaybetti\u011fi tespit edildi. \u0130NCELEME S\u00dcR\u00dcYOR Olay yerinde yap\u0131lan incelemelerin ard\u0131ndan Bulut&#8217;un cans\u0131z bedeni hastane","og_url":"https:\/\/kibrisdakik.com\/?p=54728","article_published_time":"2024-08-15T22:04:49+00:00","og_image":[{"width":640,"height":1329,"url":"https:\/\/kibrisdakik.com\/wp-content\/uploads\/2024\/08\/intihar-mi-cinayet-mi-adli-tip-kurumu-muduru-17724208_868_m-640x420.jpg","type":"image\/jpeg"}],"author":"admin","twitter_card":"summary_large_image","twitter_misc":{"Yazan:":"admin","Tahmini okuma s\u00fcresi":"1 dakika"},"schema":{"@context":"https:\/\/schema.org","@graph":[{"@type":"Article","@id":"https:\/\/kibrisdakik.com\/?p=54728#article","isPartOf":{"@id":"https:\/\/kibrisdakik.com\/?p=54728"},"author":{"name":"admin","@id":"https:\/\/kibrisdakik.com\/#\/schema\/person\/9cd9d437bbb44f72b73ba127e06d8e79"},"headline":"\u0130ntihar m\u0131 cinayet mi? Adli T\u0131p Kurumu M\u00fcd\u00fcr\u00fc evinde \u00f6l\u00fc bulundu","datePublished":"2024-08-15T22:04:49+00:00","mainEntityOfPage":{"@id":"https:\/\/kibrisdakik.com\/?p=54728"},"wordCount":131,"commentCount":0,"image":{"@id":"https:\/\/kibrisdakik.com\/?p=54728#primaryimage"},"thumbnailUrl":"https:\/\/kibrisdakik.com\/wp-content\/uploads\/2024\/08\/intihar-mi-cinayet-mi-adli-tip-kurumu-muduru-17724208_868_m-640x420.jpg","articleSection":["Magazin"],"inLanguage":"tr","potentialAction":[{"@type":"CommentAction","name":"Comment","target":["https:\/\/kibrisdakik.com\/?p=54728#respond"]}]},{"@type":"WebPage","@id":"https:\/\/kibrisdakik.com\/?p=54728","url":"https:\/\/kibrisdakik.com\/?p=54728","name":"\u0130ntihar m\u0131 cinayet mi? Adli T\u0131p Kurumu M\u00fcd\u00fcr\u00fc evinde \u00f6l\u00fc bulundu -","isPartOf":{"@id":"https:\/\/kibrisdakik.com\/#website"},"primaryImageOfPage":{"@id":"https:\/\/kibrisdakik.com\/?p=54728#primaryimage"},"image":{"@id":"https:\/\/kibrisdakik.com\/?p=54728#primaryimage"},"thumbnailUrl":"https:\/\/kibrisdakik.com\/wp-content\/uploads\/2024\/08\/intihar-mi-cinayet-mi-adli-tip-kurumu-muduru-17724208_868_m-640x420.jpg","datePublished":"2024-08-15T22:04:49+00:00","author":{"@id":"https:\/\/kibrisdakik.com\/#\/schema\/person\/9cd9d437bbb44f72b73ba127e06d8e79"},"breadcrumb":{"@id":"https:\/\/kibrisdakik.com\/?p=54728#breadcrumb"},"inLanguage":"tr","potentialAction":[{"@type":"ReadAction","target":["https:\/\/kibrisdakik.com\/?p=54728"]}]},{"@type":"ImageObject","inLanguage":"tr","@id":"https:\/\/kibrisdakik.com\/?p=54728#primaryimage","url":"https:\/\/kibrisdakik.com\/wp-content\/uploads\/2024\/08\/intihar-mi-cinayet-mi-adli-tip-kurumu-muduru-17724208_868_m-640x420.jpg","contentUrl":"https:\/\/kibrisdakik.com\/wp-content\/uploads\/2024\/08\/intihar-mi-cinayet-mi-adli-tip-kurumu-muduru-17724208_868_m-640x420.jpg","width":640,"height":1329},{"@type":"BreadcrumbList","@id":"https:\/\/kibrisdakik.com\/?p=54728#breadcrumb","itemListElement":[{"@type":"ListItem","position":1,"name":"Home","item":"https:\/\/kibrisdakik.com\/"},{"@type":"ListItem","position":2,"name":"\u0130ntihar m\u0131 cinayet mi? Adli T\u0131p Kurumu M\u00fcd\u00fcr\u00fc evinde \u00f6l\u00fc bulundu"}]},{"@type":"WebSite","@id":"https:\/\/kibrisdakik.com\/#website","url":"https:\/\/kibrisdakik.com\/","name":"","description":"Tam vaktinde haber","potentialAction":[{"@type":"SearchAction","target":{"@type":"EntryPoint","urlTemplate":"https:\/\/kibrisdakik.com\/?s={search_term_string}"},"query-input":{"@type":"PropertyValueSpecification","valueRequired":true,"valueName":"search_term_string"}}],"inLanguage":"tr"},{"@type":"Person","@id":"https:\/\/kibrisdakik.com\/#\/schema\/person\/9cd9d437bbb44f72b73ba127e06d8e79","name":"admin","image":{"@type":"ImageObject","inLanguage":"tr","@id":"https:\/\/secure.gravatar.com\/avatar\/ccc17943b9d660506c869530f897617f7cb1c21a4bf30023f252596d83e1f007?s=96&d=mm&r=g","url":"https:\/\/secure.gravatar.com\/avatar\/ccc17943b9d660506c869530f897617f7cb1c21a4bf30023f252596d83e1f007?s=96&d=mm&r=g","contentUrl":"https:\/\/secure.gravatar.com\/avatar\/ccc17943b9d660506c869530f897617f7cb1c21a4bf30023f252596d83e1f007?s=96&d=mm&r=g","caption":"admin"},"sameAs":["https:\/\/kibrisdakik.com"],"url":"https:\/\/kibrisdakik.com\/?author=1"}]}},"_links":{"self":[{"href":"https:\/\/kibrisdakik.com\/index.php?rest_route=\/wp\/v2\/posts\/54728","targetHints":{"allow":["GET"]}}],"collection":[{"href":"https:\/\/kibrisdakik.com\/index.php?rest_route=\/wp\/v2\/posts"}],"about":[{"href":"https:\/\/kibrisdakik.com\/index.php?rest_route=\/wp\/v2\/types\/post"}],"author":[{"embeddable":true,"href":"https:\/\/kibrisdakik.com\/index.php?rest_route=\/wp\/v2\/users\/1"}],"replies":[{"embeddable":true,"href":"https:\/\/kibrisdakik.com\/index.php?rest_route=%2Fwp%2Fv2%2Fcomments&post=54728"}],"version-history":[{"count":0,"href":"https:\/\/kibrisdakik.com\/index.php?rest_route=\/wp\/v2\/posts\/54728\/revisions"}],"wp:featuredmedia":[{"embeddable":true,"href":"https:\/\/kibrisdakik.com\/index.php?rest_route=\/wp\/v2\/media\/54729"}],"wp:attachment":[{"href":"https:\/\/kibrisdakik.com\/index.php?rest_route=%2Fwp%2Fv2%2Fmedia&parent=54728"}],"wp:term":[{"taxonomy":"category","embeddable":true,"href":"https:\/\/kibrisdakik.com\/index.php?rest_route=%2Fwp%2Fv2%2Fcategories&post=54728"},{"taxonomy":"post_tag","embeddable":true,"href":"https:\/\/kibrisdakik.com\/index.php?rest_route=%2Fwp%2Fv2%2Ftags&post=54728"}],"curies":[{"name":"wp","href":"https:\/\/api.w.org\/{rel}","templated":true}]}}