{"id":54765,"date":"2024-08-16T11:10:03","date_gmt":"2024-08-16T08:10:03","guid":{"rendered":"https:\/\/kibrisdakik.com\/index.php\/2024\/08\/16\/kuzey-kore-bes-yil-aradan-sonra-kapilarini-turistlere-yeniden-aciyor\/"},"modified":"2024-08-16T11:10:03","modified_gmt":"2024-08-16T08:10:03","slug":"kuzey-kore-bes-yil-aradan-sonra-kapilarini-turistlere-yeniden-aciyor","status":"publish","type":"post","link":"https:\/\/kibrisdakik.com\/?p=54765","title":{"rendered":"Kuzey Kore, be\u015f y\u0131l aradan sonra kap\u0131lar\u0131n\u0131 turistlere yeniden a\u00e7\u0131yor"},"content":{"rendered":"<p><\/p>\n<div id=\"\">\n<p> <a class=\"keyword\" href=\"https:\/\/www.haberler.com\/kuzey-kore\/\" title=\"Kuzey Kore Haberleri, Kuzey Kore Haberi, Kuzey Kore Haber\"><strong>Kuzey Kore<\/strong><\/a>, pandemi nedeniyle be\u015f y\u0131l s\u00fcren kapanman\u0131n ard\u0131ndan turistlere kap\u0131lar\u0131n\u0131 yeniden a\u00e7maya haz\u0131rlan\u0131yor. Gizli rejim, pandemi ba\u015flang\u0131c\u0131ndan bu yana ilk kez yabanc\u0131 ziyaret\u00e7ilere izin verecek.<\/p>\n<p>Ancak lider Kim Jong-un&#8217;un ziyaret etti\u011fi yerler g\u00f6z \u00f6n\u00fcne al\u0131nd\u0131\u011f\u0131nda, \u00fclkenin be\u015f y\u0131ld\u0131zl\u0131 de\u011ferlendirmeler almas\u0131 zor olabilir. Seyahat etmeye istekli turistler, bir patates \u00e7iftli\u011finde pek de e\u011flenceli olmayan bir zaman ge\u00e7irebilir veya bir ya\u011flama maddesi fabrikas\u0131nda keyif bulmaya \u00e7al\u0131\u015fabilirler. Kim&#8217;in ziyaret etti\u011fi bir at\u0131\u015f poligonu belki daha ilgi \u00e7ekici olabilir.<\/p>\n<p>\u015eimdilik, gezginler yaln\u0131zca uzak Samjiyon \u015fehrini ziyaret edebilecek, ancak yetkililer ba\u015fkent  <a class=\"keyword\" href=\"https:\/\/www.haberler.com\/pyongyang\/\" title=\"Pyongyang Haberleri, Pyongyang Haberi, Pyongyang Haber\"><strong>Pyongyang<\/strong><\/a>&#8216;\u0131n da yak\u0131nda a\u00e7\u0131laca\u011f\u0131n\u0131 belirtti. Kim&#8217;in G\u00fcney Kore hari\u00e7 her \u00fclkeden turist kabul etmesi bekleniyor. Ancak ABD, vatanda\u015flar\u0131n\u0131n \u00fclkeyi ziyaret etmesini yasakl\u0131yor.<\/p>\n<p>Ge\u00e7en ay \u00e7\u0131kan haberlere g\u00f6re, Kuzey Kore, diktat\u00f6r\u00fcn f\u00fcze test sitelerinden birinin yan\u0131na bir plaj tatil yeri planlad\u0131\u011f\u0131 ve bunu &#8220;k\u0131y\u0131 harikas\u0131&#8221; olarak tan\u0131mlad\u0131\u011f\u0131 bildirilmi\u015fti.<\/p>\n<p>Kom\u00fcnist m\u00fcttefik \u00c7in&#8217;deki iki operat\u00f6r, Aral\u0131k ay\u0131ndan itibaren ziyaret\u00e7ileri u\u00e7akla getireceklerini duyurdu. KTG Turlar\u0131 sosyal medyada, &#8220;\u015eu ana kadar sadece Samjiyon resmi olarak onayland\u0131, ancak Pyongyang ve di\u011fer yerlerin de a\u00e7\u0131laca\u011f\u0131n\u0131 d\u00fc\u015f\u00fcn\u00fcyoruz!!!&#8221; diye yazd\u0131.<\/p>\n<p>Ancak ABD merkezli analiz firmas\u0131 Korea Risk Group&#8217;un ba\u015fkan\u0131 Chad O&#8217;Carroll, &#8220;G\u00f6rene kadar inanmayaca\u011f\u0131m. Aral\u0131k ay\u0131nda herhangi bir ger\u00e7ek hareket g\u00f6rece\u011fimiz konusunda olduk\u00e7a \u015f\u00fcpheliyim,&#8221; dedi.<\/p>\n<p><img loading=\"lazy\" decoding=\"async\" class=\"hbptMainImage lazyload ImgDetay\" src=\"https:\/\/foto.haberler.com\/haber\/2024\/08\/16\/kuzey-kore-bes-yil-aradan-sonra-kapilarini-17724996_8808_m.jpg\" alt=\"Kuzey Kore, be\u015f y\u0131l aradan sonra kap\u0131lar\u0131n\u0131 turistlere yeniden a\u00e7\u0131yor\" width=\"640\" height=\"397\"\/><\/p>\n<p><img loading=\"lazy\" decoding=\"async\" class=\"hbptMainImage lazyload ImgDetay\" src=\"https:\/\/foto.haberler.com\/haber\/2024\/08\/16\/kuzey-kore-bes-yil-aradan-sonra-kapilarini-17724996_2409_m.jpg\" alt=\"Kuzey Kore, be\u015f y\u0131l aradan sonra kap\u0131lar\u0131n\u0131 turistlere yeniden a\u00e7\u0131yor\" width=\"640\" height=\"425\"\/><\/p>\n<p><img loading=\"lazy\" decoding=\"async\" class=\"hbptMainImage lazyload ImgDetay\" src=\"https:\/\/foto.haberler.com\/haber\/2024\/08\/16\/kuzey-kore-bes-yil-aradan-sonra-kapilarini-17724996_3945_m.jpg\" alt=\"Kuzey Kore, be\u015f y\u0131l aradan sonra kap\u0131lar\u0131n\u0131 turistlere yeniden a\u00e7\u0131yor\" width=\"640\" height=\"421\"\/><\/p>\n<p><img loading=\"lazy\" decoding=\"async\" class=\"hbptMainImage lazyload ImgDetay\" src=\"https:\/\/foto.haberler.com\/haber\/2024\/08\/16\/kuzey-kore-bes-yil-aradan-sonra-kapilarini-17724996_2260_m.jpg\" alt=\"Kuzey Kore, be\u015f y\u0131l aradan sonra kap\u0131lar\u0131n\u0131 turistlere yeniden a\u00e7\u0131yor\" width=\"640\" height=\"416\"\/><\/p>\n<h4 id=\"nwsKeywords\"> <a href=\"https:\/\/www.haberler.com\/guney-kore\/\" title=\"G\u00fcney Kore\" class=\"hbptTag\">G\u00fcney Kore<\/a>  <a href=\"https:\/\/www.haberler.com\/kuzey-kore\/\" title=\"Kuzey Kore\" class=\"hbptTag\">Kuzey Kore<\/a>  <a href=\"https:\/\/www.haberler.com\/kuzey-kore\/\" title=\"Kuzey Kore\" class=\"hbptTag\">Kuzey Kore<\/a>  <a href=\"https:\/\/www.haberler.com\/kuzey-kore\/\" title=\"Kuzey Kore\" class=\"hbptTag\">Kuzey Kore<\/a>  <a href=\"https:\/\/www.haberler.com\/pyongyang\/\" title=\"Pyongyang\" class=\"hbptTag\">Pyongyang<\/a>  <a href=\"https:\/\/www.haberler.com\/aralik\/\" title=\"Aral\u0131k\" class=\"hbptTag\">Aral\u0131k<\/a>  <a href=\"https:\/\/www.haberler.com\/turist\/\" title=\"turist\" class=\"hbptTag\">turist<\/a>  <a href=\"https:\/\/www.haberler.com\/kore\/\" title=\"Kore\" class=\"hbptTag\">Kore<\/a>  <a href=\"https:\/\/www.haberler.com\/seyahat\/\" title=\"Seyahat\" class=\"hbptTag\">Seyahat<\/a>  <a href=\"https:\/\/www.haberler.com\/turizm\/\" title=\"Turizm\" class=\"hbptTag\">Turizm<\/a>  <a href=\"https:\/\/www.haberler.com\/dunya\/\" title=\"D\u00fcnya\" class=\"hbptTag\">D\u00fcnya<\/a>  <a href=\"https:\/\/www.haberler.com\/\" title=\"Haberler\" class=\"hbptTag\">Haberler<\/a> <\/h4>\n<\/div>\n","protected":false},"excerpt":{"rendered":"<p>Kuzey Kore, pandemi nedeniyle be\u015f y\u0131l s\u00fcren kapanman\u0131n ard\u0131ndan turistlere kap\u0131lar\u0131n\u0131 yeniden a\u00e7maya haz\u0131rlan\u0131yor. Gizli rejim, pandemi ba\u015flang\u0131c\u0131ndan bu yana ilk kez yabanc\u0131 ziyaret\u00e7ilere izin verecek. Ancak lider Kim Jong-un&#8217;un ziyaret etti\u011fi yerler g\u00f6z \u00f6n\u00fcne al\u0131nd\u0131\u011f\u0131nda, \u00fclkenin be\u015f y\u0131ld\u0131zl\u0131 de\u011ferlendirmeler almas\u0131 zor olabilir. Seyahat etmeye istekli turistler, bir patates \u00e7iftli\u011finde pek de e\u011flenceli olmayan bir<\/p>\n","protected":false},"author":1,"featured_media":54766,"comment_status":"open","ping_status":"open","sticky":false,"template":"","format":"standard","meta":{"footnotes":""},"categories":[83],"tags":[],"class_list":["post-54765","post","type-post","status-publish","format-standard","has-post-thumbnail","hentry","category-magazin"],"yoast_head":"<!-- This site is optimized with the Yoast SEO plugin v27.4 - https:\/\/yoast.com\/product\/yoast-seo-wordpress\/ -->\n<title>Kuzey Kore, be\u015f y\u0131l aradan sonra kap\u0131lar\u0131n\u0131 turistlere yeniden a\u00e7\u0131yor -<\/title>\n<meta name=\"robots\" content=\"index, follow, max-snippet:-1, max-image-preview:large, max-video-preview:-1\" \/>\n<link rel=\"canonical\" href=\"https:\/\/kibrisdakik.com\/?p=54765\" \/>\n<meta property=\"og:locale\" content=\"tr_TR\" \/>\n<meta property=\"og:type\" content=\"article\" \/>\n<meta property=\"og:title\" content=\"Kuzey Kore, be\u015f y\u0131l aradan sonra kap\u0131lar\u0131n\u0131 turistlere yeniden a\u00e7\u0131yor -\" \/>\n<meta property=\"og:description\" content=\"Kuzey Kore, pandemi nedeniyle be\u015f y\u0131l s\u00fcren kapanman\u0131n ard\u0131ndan turistlere kap\u0131lar\u0131n\u0131 yeniden a\u00e7maya haz\u0131rlan\u0131yor. Gizli rejim, pandemi ba\u015flang\u0131c\u0131ndan bu yana ilk kez yabanc\u0131 ziyaret\u00e7ilere izin verecek. Ancak lider Kim Jong-un&#8217;un ziyaret etti\u011fi yerler g\u00f6z \u00f6n\u00fcne al\u0131nd\u0131\u011f\u0131nda, \u00fclkenin be\u015f y\u0131ld\u0131zl\u0131 de\u011ferlendirmeler almas\u0131 zor olabilir. Seyahat etmeye istekli turistler, bir patates \u00e7iftli\u011finde pek de e\u011flenceli olmayan bir\" \/>\n<meta property=\"og:url\" content=\"https:\/\/kibrisdakik.com\/?p=54765\" \/>\n<meta property=\"article:published_time\" content=\"2024-08-16T08:10:03+00:00\" \/>\n<meta property=\"og:image\" content=\"https:\/\/kibrisdakik.com\/wp-content\/uploads\/2024\/08\/kuzey-kore-bes-yil-aradan-sonra-kapilarini-17724996_8808_m.jpg\" \/>\n\t<meta property=\"og:image:width\" content=\"640\" \/>\n\t<meta property=\"og:image:height\" content=\"397\" \/>\n\t<meta property=\"og:image:type\" content=\"image\/jpeg\" \/>\n<meta name=\"author\" content=\"admin\" \/>\n<meta name=\"twitter:card\" content=\"summary_large_image\" \/>\n<meta name=\"twitter:label1\" content=\"Yazan:\" \/>\n\t<meta name=\"twitter:data1\" content=\"admin\" \/>\n\t<meta name=\"twitter:label2\" content=\"Tahmini okuma s\u00fcresi\" \/>\n\t<meta name=\"twitter:data2\" content=\"1 dakika\" \/>\n<script type=\"application\/ld+json\" class=\"yoast-schema-graph\">{\"@context\":\"https:\\\/\\\/schema.org\",\"@graph\":[{\"@type\":\"Article\",\"@id\":\"https:\\\/\\\/kibrisdakik.com\\\/?p=54765#article\",\"isPartOf\":{\"@id\":\"https:\\\/\\\/kibrisdakik.com\\\/?p=54765\"},\"author\":{\"name\":\"admin\",\"@id\":\"https:\\\/\\\/kibrisdakik.com\\\/#\\\/schema\\\/person\\\/9cd9d437bbb44f72b73ba127e06d8e79\"},\"headline\":\"Kuzey Kore, be\u015f y\u0131l aradan sonra kap\u0131lar\u0131n\u0131 turistlere yeniden a\u00e7\u0131yor\",\"datePublished\":\"2024-08-16T08:10:03+00:00\",\"mainEntityOfPage\":{\"@id\":\"https:\\\/\\\/kibrisdakik.com\\\/?p=54765\"},\"wordCount\":296,\"commentCount\":0,\"image\":{\"@id\":\"https:\\\/\\\/kibrisdakik.com\\\/?p=54765#primaryimage\"},\"thumbnailUrl\":\"https:\\\/\\\/kibrisdakik.com\\\/wp-content\\\/uploads\\\/2024\\\/08\\\/kuzey-kore-bes-yil-aradan-sonra-kapilarini-17724996_8808_m.jpg\",\"articleSection\":[\"Magazin\"],\"inLanguage\":\"tr\",\"potentialAction\":[{\"@type\":\"CommentAction\",\"name\":\"Comment\",\"target\":[\"https:\\\/\\\/kibrisdakik.com\\\/?p=54765#respond\"]}]},{\"@type\":\"WebPage\",\"@id\":\"https:\\\/\\\/kibrisdakik.com\\\/?p=54765\",\"url\":\"https:\\\/\\\/kibrisdakik.com\\\/?p=54765\",\"name\":\"Kuzey Kore, be\u015f y\u0131l aradan sonra kap\u0131lar\u0131n\u0131 turistlere yeniden a\u00e7\u0131yor -\",\"isPartOf\":{\"@id\":\"https:\\\/\\\/kibrisdakik.com\\\/#website\"},\"primaryImageOfPage\":{\"@id\":\"https:\\\/\\\/kibrisdakik.com\\\/?p=54765#primaryimage\"},\"image\":{\"@id\":\"https:\\\/\\\/kibrisdakik.com\\\/?p=54765#primaryimage\"},\"thumbnailUrl\":\"https:\\\/\\\/kibrisdakik.com\\\/wp-content\\\/uploads\\\/2024\\\/08\\\/kuzey-kore-bes-yil-aradan-sonra-kapilarini-17724996_8808_m.jpg\",\"datePublished\":\"2024-08-16T08:10:03+00:00\",\"author\":{\"@id\":\"https:\\\/\\\/kibrisdakik.com\\\/#\\\/schema\\\/person\\\/9cd9d437bbb44f72b73ba127e06d8e79\"},\"breadcrumb\":{\"@id\":\"https:\\\/\\\/kibrisdakik.com\\\/?p=54765#breadcrumb\"},\"inLanguage\":\"tr\",\"potentialAction\":[{\"@type\":\"ReadAction\",\"target\":[\"https:\\\/\\\/kibrisdakik.com\\\/?p=54765\"]}]},{\"@type\":\"ImageObject\",\"inLanguage\":\"tr\",\"@id\":\"https:\\\/\\\/kibrisdakik.com\\\/?p=54765#primaryimage\",\"url\":\"https:\\\/\\\/kibrisdakik.com\\\/wp-content\\\/uploads\\\/2024\\\/08\\\/kuzey-kore-bes-yil-aradan-sonra-kapilarini-17724996_8808_m.jpg\",\"contentUrl\":\"https:\\\/\\\/kibrisdakik.com\\\/wp-content\\\/uploads\\\/2024\\\/08\\\/kuzey-kore-bes-yil-aradan-sonra-kapilarini-17724996_8808_m.jpg\",\"width\":640,\"height\":397},{\"@type\":\"BreadcrumbList\",\"@id\":\"https:\\\/\\\/kibrisdakik.com\\\/?p=54765#breadcrumb\",\"itemListElement\":[{\"@type\":\"ListItem\",\"position\":1,\"name\":\"Home\",\"item\":\"https:\\\/\\\/kibrisdakik.com\\\/\"},{\"@type\":\"ListItem\",\"position\":2,\"name\":\"Kuzey Kore, be\u015f y\u0131l aradan sonra kap\u0131lar\u0131n\u0131 turistlere yeniden a\u00e7\u0131yor\"}]},{\"@type\":\"WebSite\",\"@id\":\"https:\\\/\\\/kibrisdakik.com\\\/#website\",\"url\":\"https:\\\/\\\/kibrisdakik.com\\\/\",\"name\":\"\",\"description\":\"Tam vaktinde haber\",\"potentialAction\":[{\"@type\":\"SearchAction\",\"target\":{\"@type\":\"EntryPoint\",\"urlTemplate\":\"https:\\\/\\\/kibrisdakik.com\\\/?s={search_term_string}\"},\"query-input\":{\"@type\":\"PropertyValueSpecification\",\"valueRequired\":true,\"valueName\":\"search_term_string\"}}],\"inLanguage\":\"tr\"},{\"@type\":\"Person\",\"@id\":\"https:\\\/\\\/kibrisdakik.com\\\/#\\\/schema\\\/person\\\/9cd9d437bbb44f72b73ba127e06d8e79\",\"name\":\"admin\",\"image\":{\"@type\":\"ImageObject\",\"inLanguage\":\"tr\",\"@id\":\"https:\\\/\\\/secure.gravatar.com\\\/avatar\\\/ccc17943b9d660506c869530f897617f7cb1c21a4bf30023f252596d83e1f007?s=96&d=mm&r=g\",\"url\":\"https:\\\/\\\/secure.gravatar.com\\\/avatar\\\/ccc17943b9d660506c869530f897617f7cb1c21a4bf30023f252596d83e1f007?s=96&d=mm&r=g\",\"contentUrl\":\"https:\\\/\\\/secure.gravatar.com\\\/avatar\\\/ccc17943b9d660506c869530f897617f7cb1c21a4bf30023f252596d83e1f007?s=96&d=mm&r=g\",\"caption\":\"admin\"},\"sameAs\":[\"https:\\\/\\\/kibrisdakik.com\"],\"url\":\"https:\\\/\\\/kibrisdakik.com\\\/?author=1\"}]}<\/script>\n<!-- \/ Yoast SEO plugin. -->","yoast_head_json":{"title":"Kuzey Kore, be\u015f y\u0131l aradan sonra kap\u0131lar\u0131n\u0131 turistlere yeniden a\u00e7\u0131yor -","robots":{"index":"index","follow":"follow","max-snippet":"max-snippet:-1","max-image-preview":"max-image-preview:large","max-video-preview":"max-video-preview:-1"},"canonical":"https:\/\/kibrisdakik.com\/?p=54765","og_locale":"tr_TR","og_type":"article","og_title":"Kuzey Kore, be\u015f y\u0131l aradan sonra kap\u0131lar\u0131n\u0131 turistlere yeniden a\u00e7\u0131yor -","og_description":"Kuzey Kore, pandemi nedeniyle be\u015f y\u0131l s\u00fcren kapanman\u0131n ard\u0131ndan turistlere kap\u0131lar\u0131n\u0131 yeniden a\u00e7maya haz\u0131rlan\u0131yor. Gizli rejim, pandemi ba\u015flang\u0131c\u0131ndan bu yana ilk kez yabanc\u0131 ziyaret\u00e7ilere izin verecek. Ancak lider Kim Jong-un&#8217;un ziyaret etti\u011fi yerler g\u00f6z \u00f6n\u00fcne al\u0131nd\u0131\u011f\u0131nda, \u00fclkenin be\u015f y\u0131ld\u0131zl\u0131 de\u011ferlendirmeler almas\u0131 zor olabilir. Seyahat etmeye istekli turistler, bir patates \u00e7iftli\u011finde pek de e\u011flenceli olmayan bir","og_url":"https:\/\/kibrisdakik.com\/?p=54765","article_published_time":"2024-08-16T08:10:03+00:00","og_image":[{"width":640,"height":397,"url":"https:\/\/kibrisdakik.com\/wp-content\/uploads\/2024\/08\/kuzey-kore-bes-yil-aradan-sonra-kapilarini-17724996_8808_m.jpg","type":"image\/jpeg"}],"author":"admin","twitter_card":"summary_large_image","twitter_misc":{"Yazan:":"admin","Tahmini okuma s\u00fcresi":"1 dakika"},"schema":{"@context":"https:\/\/schema.org","@graph":[{"@type":"Article","@id":"https:\/\/kibrisdakik.com\/?p=54765#article","isPartOf":{"@id":"https:\/\/kibrisdakik.com\/?p=54765"},"author":{"name":"admin","@id":"https:\/\/kibrisdakik.com\/#\/schema\/person\/9cd9d437bbb44f72b73ba127e06d8e79"},"headline":"Kuzey Kore, be\u015f y\u0131l aradan sonra kap\u0131lar\u0131n\u0131 turistlere yeniden a\u00e7\u0131yor","datePublished":"2024-08-16T08:10:03+00:00","mainEntityOfPage":{"@id":"https:\/\/kibrisdakik.com\/?p=54765"},"wordCount":296,"commentCount":0,"image":{"@id":"https:\/\/kibrisdakik.com\/?p=54765#primaryimage"},"thumbnailUrl":"https:\/\/kibrisdakik.com\/wp-content\/uploads\/2024\/08\/kuzey-kore-bes-yil-aradan-sonra-kapilarini-17724996_8808_m.jpg","articleSection":["Magazin"],"inLanguage":"tr","potentialAction":[{"@type":"CommentAction","name":"Comment","target":["https:\/\/kibrisdakik.com\/?p=54765#respond"]}]},{"@type":"WebPage","@id":"https:\/\/kibrisdakik.com\/?p=54765","url":"https:\/\/kibrisdakik.com\/?p=54765","name":"Kuzey Kore, be\u015f y\u0131l aradan sonra kap\u0131lar\u0131n\u0131 turistlere yeniden a\u00e7\u0131yor -","isPartOf":{"@id":"https:\/\/kibrisdakik.com\/#website"},"primaryImageOfPage":{"@id":"https:\/\/kibrisdakik.com\/?p=54765#primaryimage"},"image":{"@id":"https:\/\/kibrisdakik.com\/?p=54765#primaryimage"},"thumbnailUrl":"https:\/\/kibrisdakik.com\/wp-content\/uploads\/2024\/08\/kuzey-kore-bes-yil-aradan-sonra-kapilarini-17724996_8808_m.jpg","datePublished":"2024-08-16T08:10:03+00:00","author":{"@id":"https:\/\/kibrisdakik.com\/#\/schema\/person\/9cd9d437bbb44f72b73ba127e06d8e79"},"breadcrumb":{"@id":"https:\/\/kibrisdakik.com\/?p=54765#breadcrumb"},"inLanguage":"tr","potentialAction":[{"@type":"ReadAction","target":["https:\/\/kibrisdakik.com\/?p=54765"]}]},{"@type":"ImageObject","inLanguage":"tr","@id":"https:\/\/kibrisdakik.com\/?p=54765#primaryimage","url":"https:\/\/kibrisdakik.com\/wp-content\/uploads\/2024\/08\/kuzey-kore-bes-yil-aradan-sonra-kapilarini-17724996_8808_m.jpg","contentUrl":"https:\/\/kibrisdakik.com\/wp-content\/uploads\/2024\/08\/kuzey-kore-bes-yil-aradan-sonra-kapilarini-17724996_8808_m.jpg","width":640,"height":397},{"@type":"BreadcrumbList","@id":"https:\/\/kibrisdakik.com\/?p=54765#breadcrumb","itemListElement":[{"@type":"ListItem","position":1,"name":"Home","item":"https:\/\/kibrisdakik.com\/"},{"@type":"ListItem","position":2,"name":"Kuzey Kore, be\u015f y\u0131l aradan sonra kap\u0131lar\u0131n\u0131 turistlere yeniden a\u00e7\u0131yor"}]},{"@type":"WebSite","@id":"https:\/\/kibrisdakik.com\/#website","url":"https:\/\/kibrisdakik.com\/","name":"","description":"Tam vaktinde haber","potentialAction":[{"@type":"SearchAction","target":{"@type":"EntryPoint","urlTemplate":"https:\/\/kibrisdakik.com\/?s={search_term_string}"},"query-input":{"@type":"PropertyValueSpecification","valueRequired":true,"valueName":"search_term_string"}}],"inLanguage":"tr"},{"@type":"Person","@id":"https:\/\/kibrisdakik.com\/#\/schema\/person\/9cd9d437bbb44f72b73ba127e06d8e79","name":"admin","image":{"@type":"ImageObject","inLanguage":"tr","@id":"https:\/\/secure.gravatar.com\/avatar\/ccc17943b9d660506c869530f897617f7cb1c21a4bf30023f252596d83e1f007?s=96&d=mm&r=g","url":"https:\/\/secure.gravatar.com\/avatar\/ccc17943b9d660506c869530f897617f7cb1c21a4bf30023f252596d83e1f007?s=96&d=mm&r=g","contentUrl":"https:\/\/secure.gravatar.com\/avatar\/ccc17943b9d660506c869530f897617f7cb1c21a4bf30023f252596d83e1f007?s=96&d=mm&r=g","caption":"admin"},"sameAs":["https:\/\/kibrisdakik.com"],"url":"https:\/\/kibrisdakik.com\/?author=1"}]}},"_links":{"self":[{"href":"https:\/\/kibrisdakik.com\/index.php?rest_route=\/wp\/v2\/posts\/54765","targetHints":{"allow":["GET"]}}],"collection":[{"href":"https:\/\/kibrisdakik.com\/index.php?rest_route=\/wp\/v2\/posts"}],"about":[{"href":"https:\/\/kibrisdakik.com\/index.php?rest_route=\/wp\/v2\/types\/post"}],"author":[{"embeddable":true,"href":"https:\/\/kibrisdakik.com\/index.php?rest_route=\/wp\/v2\/users\/1"}],"replies":[{"embeddable":true,"href":"https:\/\/kibrisdakik.com\/index.php?rest_route=%2Fwp%2Fv2%2Fcomments&post=54765"}],"version-history":[{"count":0,"href":"https:\/\/kibrisdakik.com\/index.php?rest_route=\/wp\/v2\/posts\/54765\/revisions"}],"wp:featuredmedia":[{"embeddable":true,"href":"https:\/\/kibrisdakik.com\/index.php?rest_route=\/wp\/v2\/media\/54766"}],"wp:attachment":[{"href":"https:\/\/kibrisdakik.com\/index.php?rest_route=%2Fwp%2Fv2%2Fmedia&parent=54765"}],"wp:term":[{"taxonomy":"category","embeddable":true,"href":"https:\/\/kibrisdakik.com\/index.php?rest_route=%2Fwp%2Fv2%2Fcategories&post=54765"},{"taxonomy":"post_tag","embeddable":true,"href":"https:\/\/kibrisdakik.com\/index.php?rest_route=%2Fwp%2Fv2%2Ftags&post=54765"}],"curies":[{"name":"wp","href":"https:\/\/api.w.org\/{rel}","templated":true}]}}