{"id":54781,"date":"2024-08-16T10:25:16","date_gmt":"2024-08-16T07:25:16","guid":{"rendered":"https:\/\/kibrisdakik.com\/index.php\/2024\/08\/16\/lefkosada-trafik-kazasi-iki-yarali-tedavilerinin-ardindan-taburcu-oldu\/"},"modified":"2024-08-16T10:25:16","modified_gmt":"2024-08-16T07:25:16","slug":"lefkosada-trafik-kazasi-iki-yarali-tedavilerinin-ardindan-taburcu-oldu","status":"publish","type":"post","link":"https:\/\/kibrisdakik.com\/?p=54781","title":{"rendered":"Lefko\u015fa\u2019da trafik kazas\u0131\u2026 \u0130ki yaral\u0131 tedavilerinin ard\u0131ndan taburcu oldu"},"content":{"rendered":"<p><\/p>\n<div>\n<div class=\"mariselle-image-container none\">\n                <img loading=\"lazy\" decoding=\"async\" width=\"747\" height=\"400\" class=\"lazy-image\" alt=\"\" sizes=\"auto, (max-width: 747px) 100vw, 747px\" src=\"https:\/\/brtk.net\/wp-content\/uploads\/2024\/07\/09\/trafik-kazasi71.jpg?ver=31c954f21a6ff5a60b8a9b62f85dc9da\" srcset=\"https:\/\/brtk.net\/wp-content\/uploads\/2024\/07\/09\/trafik-kazasi71.jpg?ver=31c954f21a6ff5a60b8a9b62f85dc9da 747w, https:\/\/brtk.net\/wp-content\/uploads\/2024\/07\/09\/trafik-kazasi71-300x161.jpg?ver=6714a971296aa158bd6bf84169d32112 300w\"\/>                            <\/div>\n<p>\u00a0Lefko\u015fa\u2019da d\u00fcn gece, bir ara\u00e7 ile motosikletin kar\u0131\u015ft\u0131\u011f\u0131 trafik kazas\u0131nda yaralanan iki ki\u015fi, tedavilerinin ard\u0131ndan taburcu oldu.<\/p>\n<p>Polis Bas\u0131n Subayl\u0131\u011f\u0131\u2019ndan verilen bilgiye g\u00f6re, kaza, saat 22.15\u2019te Yak\u0131n Do\u011fu Bulvar\u0131\u2019nda meydana geldi.<\/p>\n<p>Mehmet Emin Atag\u00fcl, 56 mlgr alkoll\u00fc i\u00e7ki tesiri alt\u0131nda bulundu\u011fu s\u0131rada y\u00f6netimindeki PV 330 plakal\u0131 ara\u00e7la \u00e7ift \u015feritli yolda sa\u011f \u015feritte s\u00fcratli bir \u015fekilde seyretti\u011fi esnada, sa\u011fa meyilli viraja geldi\u011finde dikkatsizce sol \u015feride ge\u00e7meye \u00e7al\u0131\u015ft\u0131. Ara\u00e7, o esnada sol \u015feritte ayn\u0131 istikamete seyreden Wajid Muhammad (E-25) y\u00f6netimindeki VR 447 plakal\u0131 motosikletin arka k\u0131sm\u0131na \u00e7arpt\u0131.<\/p>\n<p>\u00c7arpman\u0131n etkisiyle kontrols\u00fczce savrulan motosiklet, bord\u00fcr ta\u015flar\u0131na \u00e7arp\u0131p yol i\u00e7erisinde sa\u011f yan k\u0131sm\u0131 \u00fczerine devrildi.<\/p>\n<p>Kazada yaralanan motosiklet s\u00fcr\u00fcc\u00fcs\u00fc ve motosiklette yolcu olarak bulunan Shoaib Khan (E-35) Lefko\u015fa Dr. Burhan Nalbanto\u011flu Devlet Hastanesi\u2019ne kald\u0131r\u0131larak yap\u0131lan tedavilerinin ard\u0131ndan taburcu oldu.<\/p>\n<p>Polisin kazayla ilgili soru\u015fturmas\u0131 s\u00fcr\u00fcyor.<\/p>\n<\/p><\/div>\n<p><script async\n                    defer\n                    crossorigin=\"anonymous\"\n                    src=\"https:\/\/connect.facebook.net\/tr_TR\/sdk.js#xfbml=1&#038;version=v3.3\"\n            ><\/script><\/p>\n","protected":false},"excerpt":{"rendered":"<p>\u00a0Lefko\u015fa\u2019da d\u00fcn gece, bir ara\u00e7 ile motosikletin kar\u0131\u015ft\u0131\u011f\u0131 trafik kazas\u0131nda yaralanan iki ki\u015fi, tedavilerinin ard\u0131ndan taburcu oldu. Polis Bas\u0131n Subayl\u0131\u011f\u0131\u2019ndan verilen bilgiye g\u00f6re, kaza, saat 22.15\u2019te Yak\u0131n Do\u011fu Bulvar\u0131\u2019nda meydana geldi. Mehmet Emin Atag\u00fcl, 56 mlgr alkoll\u00fc i\u00e7ki tesiri alt\u0131nda bulundu\u011fu s\u0131rada y\u00f6netimindeki PV 330 plakal\u0131 ara\u00e7la \u00e7ift \u015feritli yolda sa\u011f \u015feritte s\u00fcratli bir \u015fekilde<\/p>\n","protected":false},"author":1,"featured_media":51131,"comment_status":"open","ping_status":"open","sticky":false,"template":"","format":"standard","meta":{"footnotes":""},"categories":[1],"tags":[],"class_list":["post-54781","post","type-post","status-publish","format-standard","has-post-thumbnail","hentry","category-gundem"],"yoast_head":"<!-- This site is optimized with the Yoast SEO plugin v27.5 - https:\/\/yoast.com\/product\/yoast-seo-wordpress\/ -->\n<title>Lefko\u015fa\u2019da trafik kazas\u0131\u2026 \u0130ki yaral\u0131 tedavilerinin ard\u0131ndan taburcu oldu -<\/title>\n<meta name=\"robots\" content=\"index, follow, max-snippet:-1, max-image-preview:large, max-video-preview:-1\" \/>\n<link rel=\"canonical\" href=\"https:\/\/kibrisdakik.com\/?p=54781\" \/>\n<meta property=\"og:locale\" content=\"tr_TR\" \/>\n<meta property=\"og:type\" content=\"article\" \/>\n<meta property=\"og:title\" content=\"Lefko\u015fa\u2019da trafik kazas\u0131\u2026 \u0130ki yaral\u0131 tedavilerinin ard\u0131ndan taburcu oldu -\" \/>\n<meta property=\"og:description\" content=\"\u00a0Lefko\u015fa\u2019da d\u00fcn gece, bir ara\u00e7 ile motosikletin kar\u0131\u015ft\u0131\u011f\u0131 trafik kazas\u0131nda yaralanan iki ki\u015fi, tedavilerinin ard\u0131ndan taburcu oldu. Polis Bas\u0131n Subayl\u0131\u011f\u0131\u2019ndan verilen bilgiye g\u00f6re, kaza, saat 22.15\u2019te Yak\u0131n Do\u011fu Bulvar\u0131\u2019nda meydana geldi. Mehmet Emin Atag\u00fcl, 56 mlgr alkoll\u00fc i\u00e7ki tesiri alt\u0131nda bulundu\u011fu s\u0131rada y\u00f6netimindeki PV 330 plakal\u0131 ara\u00e7la \u00e7ift \u015feritli yolda sa\u011f \u015feritte s\u00fcratli bir \u015fekilde\" \/>\n<meta property=\"og:url\" content=\"https:\/\/kibrisdakik.com\/?p=54781\" \/>\n<meta property=\"article:published_time\" content=\"2024-08-16T07:25:16+00:00\" \/>\n<meta property=\"og:image\" content=\"https:\/\/kibrisdakik.com\/wp-content\/uploads\/2024\/08\/trafik-kazasi-123-740x420.jpg\" \/>\n\t<meta property=\"og:image:width\" content=\"850\" \/>\n\t<meta property=\"og:image:height\" content=\"458\" \/>\n\t<meta property=\"og:image:type\" content=\"image\/jpeg\" \/>\n<meta name=\"author\" content=\"admin\" \/>\n<meta name=\"twitter:card\" content=\"summary_large_image\" \/>\n<meta name=\"twitter:label1\" content=\"Yazan:\" \/>\n\t<meta name=\"twitter:data1\" content=\"admin\" \/>\n\t<meta name=\"twitter:label2\" content=\"Tahmini okuma s\u00fcresi\" \/>\n\t<meta name=\"twitter:data2\" content=\"1 dakika\" \/>\n<script type=\"application\/ld+json\" class=\"yoast-schema-graph\">{\"@context\":\"https:\\\/\\\/schema.org\",\"@graph\":[{\"@type\":\"Article\",\"@id\":\"https:\\\/\\\/kibrisdakik.com\\\/?p=54781#article\",\"isPartOf\":{\"@id\":\"https:\\\/\\\/kibrisdakik.com\\\/?p=54781\"},\"author\":{\"name\":\"admin\",\"@id\":\"https:\\\/\\\/kibrisdakik.com\\\/#\\\/schema\\\/person\\\/9cd9d437bbb44f72b73ba127e06d8e79\"},\"headline\":\"Lefko\u015fa\u2019da trafik kazas\u0131\u2026 \u0130ki yaral\u0131 tedavilerinin ard\u0131ndan taburcu oldu\",\"datePublished\":\"2024-08-16T07:25:16+00:00\",\"mainEntityOfPage\":{\"@id\":\"https:\\\/\\\/kibrisdakik.com\\\/?p=54781\"},\"wordCount\":188,\"commentCount\":0,\"image\":{\"@id\":\"https:\\\/\\\/kibrisdakik.com\\\/?p=54781#primaryimage\"},\"thumbnailUrl\":\"https:\\\/\\\/kibrisdakik.com\\\/wp-content\\\/uploads\\\/2024\\\/08\\\/trafik-kazasi-123-740x420.jpg\",\"articleSection\":[\"G\u00fcndem\"],\"inLanguage\":\"tr\",\"potentialAction\":[{\"@type\":\"CommentAction\",\"name\":\"Comment\",\"target\":[\"https:\\\/\\\/kibrisdakik.com\\\/?p=54781#respond\"]}]},{\"@type\":\"WebPage\",\"@id\":\"https:\\\/\\\/kibrisdakik.com\\\/?p=54781\",\"url\":\"https:\\\/\\\/kibrisdakik.com\\\/?p=54781\",\"name\":\"Lefko\u015fa\u2019da trafik kazas\u0131\u2026 \u0130ki yaral\u0131 tedavilerinin ard\u0131ndan taburcu oldu -\",\"isPartOf\":{\"@id\":\"https:\\\/\\\/kibrisdakik.com\\\/#website\"},\"primaryImageOfPage\":{\"@id\":\"https:\\\/\\\/kibrisdakik.com\\\/?p=54781#primaryimage\"},\"image\":{\"@id\":\"https:\\\/\\\/kibrisdakik.com\\\/?p=54781#primaryimage\"},\"thumbnailUrl\":\"https:\\\/\\\/kibrisdakik.com\\\/wp-content\\\/uploads\\\/2024\\\/08\\\/trafik-kazasi-123-740x420.jpg\",\"datePublished\":\"2024-08-16T07:25:16+00:00\",\"author\":{\"@id\":\"https:\\\/\\\/kibrisdakik.com\\\/#\\\/schema\\\/person\\\/9cd9d437bbb44f72b73ba127e06d8e79\"},\"breadcrumb\":{\"@id\":\"https:\\\/\\\/kibrisdakik.com\\\/?p=54781#breadcrumb\"},\"inLanguage\":\"tr\",\"potentialAction\":[{\"@type\":\"ReadAction\",\"target\":[\"https:\\\/\\\/kibrisdakik.com\\\/?p=54781\"]}]},{\"@type\":\"ImageObject\",\"inLanguage\":\"tr\",\"@id\":\"https:\\\/\\\/kibrisdakik.com\\\/?p=54781#primaryimage\",\"url\":\"https:\\\/\\\/kibrisdakik.com\\\/wp-content\\\/uploads\\\/2024\\\/08\\\/trafik-kazasi-123-740x420.jpg\",\"contentUrl\":\"https:\\\/\\\/kibrisdakik.com\\\/wp-content\\\/uploads\\\/2024\\\/08\\\/trafik-kazasi-123-740x420.jpg\",\"width\":850,\"height\":458},{\"@type\":\"BreadcrumbList\",\"@id\":\"https:\\\/\\\/kibrisdakik.com\\\/?p=54781#breadcrumb\",\"itemListElement\":[{\"@type\":\"ListItem\",\"position\":1,\"name\":\"Home\",\"item\":\"https:\\\/\\\/kibrisdakik.com\\\/\"},{\"@type\":\"ListItem\",\"position\":2,\"name\":\"Lefko\u015fa\u2019da trafik kazas\u0131\u2026 \u0130ki yaral\u0131 tedavilerinin ard\u0131ndan taburcu oldu\"}]},{\"@type\":\"WebSite\",\"@id\":\"https:\\\/\\\/kibrisdakik.com\\\/#website\",\"url\":\"https:\\\/\\\/kibrisdakik.com\\\/\",\"name\":\"\",\"description\":\"Tam vaktinde haber\",\"potentialAction\":[{\"@type\":\"SearchAction\",\"target\":{\"@type\":\"EntryPoint\",\"urlTemplate\":\"https:\\\/\\\/kibrisdakik.com\\\/?s={search_term_string}\"},\"query-input\":{\"@type\":\"PropertyValueSpecification\",\"valueRequired\":true,\"valueName\":\"search_term_string\"}}],\"inLanguage\":\"tr\"},{\"@type\":\"Person\",\"@id\":\"https:\\\/\\\/kibrisdakik.com\\\/#\\\/schema\\\/person\\\/9cd9d437bbb44f72b73ba127e06d8e79\",\"name\":\"admin\",\"image\":{\"@type\":\"ImageObject\",\"inLanguage\":\"tr\",\"@id\":\"https:\\\/\\\/secure.gravatar.com\\\/avatar\\\/ccc17943b9d660506c869530f897617f7cb1c21a4bf30023f252596d83e1f007?s=96&d=mm&r=g\",\"url\":\"https:\\\/\\\/secure.gravatar.com\\\/avatar\\\/ccc17943b9d660506c869530f897617f7cb1c21a4bf30023f252596d83e1f007?s=96&d=mm&r=g\",\"contentUrl\":\"https:\\\/\\\/secure.gravatar.com\\\/avatar\\\/ccc17943b9d660506c869530f897617f7cb1c21a4bf30023f252596d83e1f007?s=96&d=mm&r=g\",\"caption\":\"admin\"},\"sameAs\":[\"https:\\\/\\\/kibrisdakik.com\"],\"url\":\"https:\\\/\\\/kibrisdakik.com\\\/?author=1\"}]}<\/script>\n<!-- \/ Yoast SEO plugin. -->","yoast_head_json":{"title":"Lefko\u015fa\u2019da trafik kazas\u0131\u2026 \u0130ki yaral\u0131 tedavilerinin ard\u0131ndan taburcu oldu -","robots":{"index":"index","follow":"follow","max-snippet":"max-snippet:-1","max-image-preview":"max-image-preview:large","max-video-preview":"max-video-preview:-1"},"canonical":"https:\/\/kibrisdakik.com\/?p=54781","og_locale":"tr_TR","og_type":"article","og_title":"Lefko\u015fa\u2019da trafik kazas\u0131\u2026 \u0130ki yaral\u0131 tedavilerinin ard\u0131ndan taburcu oldu -","og_description":"\u00a0Lefko\u015fa\u2019da d\u00fcn gece, bir ara\u00e7 ile motosikletin kar\u0131\u015ft\u0131\u011f\u0131 trafik kazas\u0131nda yaralanan iki ki\u015fi, tedavilerinin ard\u0131ndan taburcu oldu. Polis Bas\u0131n Subayl\u0131\u011f\u0131\u2019ndan verilen bilgiye g\u00f6re, kaza, saat 22.15\u2019te Yak\u0131n Do\u011fu Bulvar\u0131\u2019nda meydana geldi. Mehmet Emin Atag\u00fcl, 56 mlgr alkoll\u00fc i\u00e7ki tesiri alt\u0131nda bulundu\u011fu s\u0131rada y\u00f6netimindeki PV 330 plakal\u0131 ara\u00e7la \u00e7ift \u015feritli yolda sa\u011f \u015feritte s\u00fcratli bir \u015fekilde","og_url":"https:\/\/kibrisdakik.com\/?p=54781","article_published_time":"2024-08-16T07:25:16+00:00","og_image":[{"width":850,"height":458,"url":"https:\/\/kibrisdakik.com\/wp-content\/uploads\/2024\/08\/trafik-kazasi-123-740x420.jpg","type":"image\/jpeg"}],"author":"admin","twitter_card":"summary_large_image","twitter_misc":{"Yazan:":"admin","Tahmini okuma s\u00fcresi":"1 dakika"},"schema":{"@context":"https:\/\/schema.org","@graph":[{"@type":"Article","@id":"https:\/\/kibrisdakik.com\/?p=54781#article","isPartOf":{"@id":"https:\/\/kibrisdakik.com\/?p=54781"},"author":{"name":"admin","@id":"https:\/\/kibrisdakik.com\/#\/schema\/person\/9cd9d437bbb44f72b73ba127e06d8e79"},"headline":"Lefko\u015fa\u2019da trafik kazas\u0131\u2026 \u0130ki yaral\u0131 tedavilerinin ard\u0131ndan taburcu oldu","datePublished":"2024-08-16T07:25:16+00:00","mainEntityOfPage":{"@id":"https:\/\/kibrisdakik.com\/?p=54781"},"wordCount":188,"commentCount":0,"image":{"@id":"https:\/\/kibrisdakik.com\/?p=54781#primaryimage"},"thumbnailUrl":"https:\/\/kibrisdakik.com\/wp-content\/uploads\/2024\/08\/trafik-kazasi-123-740x420.jpg","articleSection":["G\u00fcndem"],"inLanguage":"tr","potentialAction":[{"@type":"CommentAction","name":"Comment","target":["https:\/\/kibrisdakik.com\/?p=54781#respond"]}]},{"@type":"WebPage","@id":"https:\/\/kibrisdakik.com\/?p=54781","url":"https:\/\/kibrisdakik.com\/?p=54781","name":"Lefko\u015fa\u2019da trafik kazas\u0131\u2026 \u0130ki yaral\u0131 tedavilerinin ard\u0131ndan taburcu oldu -","isPartOf":{"@id":"https:\/\/kibrisdakik.com\/#website"},"primaryImageOfPage":{"@id":"https:\/\/kibrisdakik.com\/?p=54781#primaryimage"},"image":{"@id":"https:\/\/kibrisdakik.com\/?p=54781#primaryimage"},"thumbnailUrl":"https:\/\/kibrisdakik.com\/wp-content\/uploads\/2024\/08\/trafik-kazasi-123-740x420.jpg","datePublished":"2024-08-16T07:25:16+00:00","author":{"@id":"https:\/\/kibrisdakik.com\/#\/schema\/person\/9cd9d437bbb44f72b73ba127e06d8e79"},"breadcrumb":{"@id":"https:\/\/kibrisdakik.com\/?p=54781#breadcrumb"},"inLanguage":"tr","potentialAction":[{"@type":"ReadAction","target":["https:\/\/kibrisdakik.com\/?p=54781"]}]},{"@type":"ImageObject","inLanguage":"tr","@id":"https:\/\/kibrisdakik.com\/?p=54781#primaryimage","url":"https:\/\/kibrisdakik.com\/wp-content\/uploads\/2024\/08\/trafik-kazasi-123-740x420.jpg","contentUrl":"https:\/\/kibrisdakik.com\/wp-content\/uploads\/2024\/08\/trafik-kazasi-123-740x420.jpg","width":850,"height":458},{"@type":"BreadcrumbList","@id":"https:\/\/kibrisdakik.com\/?p=54781#breadcrumb","itemListElement":[{"@type":"ListItem","position":1,"name":"Home","item":"https:\/\/kibrisdakik.com\/"},{"@type":"ListItem","position":2,"name":"Lefko\u015fa\u2019da trafik kazas\u0131\u2026 \u0130ki yaral\u0131 tedavilerinin ard\u0131ndan taburcu oldu"}]},{"@type":"WebSite","@id":"https:\/\/kibrisdakik.com\/#website","url":"https:\/\/kibrisdakik.com\/","name":"","description":"Tam vaktinde haber","potentialAction":[{"@type":"SearchAction","target":{"@type":"EntryPoint","urlTemplate":"https:\/\/kibrisdakik.com\/?s={search_term_string}"},"query-input":{"@type":"PropertyValueSpecification","valueRequired":true,"valueName":"search_term_string"}}],"inLanguage":"tr"},{"@type":"Person","@id":"https:\/\/kibrisdakik.com\/#\/schema\/person\/9cd9d437bbb44f72b73ba127e06d8e79","name":"admin","image":{"@type":"ImageObject","inLanguage":"tr","@id":"https:\/\/secure.gravatar.com\/avatar\/ccc17943b9d660506c869530f897617f7cb1c21a4bf30023f252596d83e1f007?s=96&d=mm&r=g","url":"https:\/\/secure.gravatar.com\/avatar\/ccc17943b9d660506c869530f897617f7cb1c21a4bf30023f252596d83e1f007?s=96&d=mm&r=g","contentUrl":"https:\/\/secure.gravatar.com\/avatar\/ccc17943b9d660506c869530f897617f7cb1c21a4bf30023f252596d83e1f007?s=96&d=mm&r=g","caption":"admin"},"sameAs":["https:\/\/kibrisdakik.com"],"url":"https:\/\/kibrisdakik.com\/?author=1"}]}},"_links":{"self":[{"href":"https:\/\/kibrisdakik.com\/index.php?rest_route=\/wp\/v2\/posts\/54781","targetHints":{"allow":["GET"]}}],"collection":[{"href":"https:\/\/kibrisdakik.com\/index.php?rest_route=\/wp\/v2\/posts"}],"about":[{"href":"https:\/\/kibrisdakik.com\/index.php?rest_route=\/wp\/v2\/types\/post"}],"author":[{"embeddable":true,"href":"https:\/\/kibrisdakik.com\/index.php?rest_route=\/wp\/v2\/users\/1"}],"replies":[{"embeddable":true,"href":"https:\/\/kibrisdakik.com\/index.php?rest_route=%2Fwp%2Fv2%2Fcomments&post=54781"}],"version-history":[{"count":0,"href":"https:\/\/kibrisdakik.com\/index.php?rest_route=\/wp\/v2\/posts\/54781\/revisions"}],"wp:featuredmedia":[{"embeddable":true,"href":"https:\/\/kibrisdakik.com\/index.php?rest_route=\/wp\/v2\/media\/51131"}],"wp:attachment":[{"href":"https:\/\/kibrisdakik.com\/index.php?rest_route=%2Fwp%2Fv2%2Fmedia&parent=54781"}],"wp:term":[{"taxonomy":"category","embeddable":true,"href":"https:\/\/kibrisdakik.com\/index.php?rest_route=%2Fwp%2Fv2%2Fcategories&post=54781"},{"taxonomy":"post_tag","embeddable":true,"href":"https:\/\/kibrisdakik.com\/index.php?rest_route=%2Fwp%2Fv2%2Ftags&post=54781"}],"curies":[{"name":"wp","href":"https:\/\/api.w.org\/{rel}","templated":true}]}}