{"id":54848,"date":"2024-08-16T17:00:58","date_gmt":"2024-08-16T14:00:58","guid":{"rendered":"https:\/\/kibrisdakik.com\/index.php\/2024\/08\/16\/meclisteki-kavga-aninda-oturumu-ilk-terk-eden-bekir-bozdag-oldu\/"},"modified":"2024-08-16T17:00:58","modified_gmt":"2024-08-16T14:00:58","slug":"meclisteki-kavga-aninda-oturumu-ilk-terk-eden-bekir-bozdag-oldu","status":"publish","type":"post","link":"https:\/\/kibrisdakik.com\/?p=54848","title":{"rendered":"Meclis&#8217;teki kavga an\u0131nda oturumu ilk terk eden Bekir Bozda\u011f oldu"},"content":{"rendered":"<p><\/p>\n<div id=\"\">\n<p>TBMM Genel Kurulu, Meclis Ba\u015fkanvekili Bekir Bozda\u011f&#8217;\u0131n ba\u015fkanl\u0131\u011f\u0131nda, CHP&#8217;nin &#8220;Anayasa Mahkemesinin Can Atalay&#8217;\u0131n milletvekilli\u011finin d\u00fc\u015fmesiyle ilgili verdi\u011fi karara ili\u015fin genel g\u00f6r\u00fc\u015fme yap\u0131lmas\u0131&#8221; \u00f6nergesini ele almak \u00fczere ger\u00e7ekle\u015ftirilen ola\u011fan\u00fcst\u00fc toplant\u0131da kavga \u00e7\u0131kt\u0131. Oturumu Bekir Bozda\u011f&#8217;\u0131n y\u00f6netmesine itiraz \u00fczerine \u00e7\u0131kan tart\u0131\u015fma k\u0131sa s\u00fcrede kavgaya d\u00f6n\u00fc\u015ft\u00fc. AK Partili Alpay \u00d6zalan&#8217;\u0131n T\u0130P&#8217;li Ahmet \u015e\u0131k&#8217;\u0131 yumruklamas\u0131 ile ba\u015flayan kavga an\u0131nda Bozda\u011f&#8217;\u0131n oturumu ilk terk eden isim olmas\u0131 dikkatlerden ka\u00e7mad\u0131. <\/p>\n<div class=\"orderFlex\">\n<div class=\"hbptItem imgtxtarea\">\n<div class=\"hbptAuthorImg\"><img decoding=\"async\" class=\"lazyload imgelips\" src=\"https:\/\/foto.haberler.com\/genel\/editor\/2021\/05\/12\/editor--982692.jpg\" alt=\"Olgun K\u0131z\u0131ltepe\"\/><\/div>\n<\/div>\n<\/div>\n<h4 id=\"nwsKeywords\"> <a href=\"https:\/\/www.haberler.com\/fehmi-alpay-ozalan\/\" title=\"Fehmi Alpay \u00d6zalan\" class=\"hbptTag\">Fehmi Alpay \u00d6zalan<\/a>  <a href=\"https:\/\/www.haberler.com\/bekir-bozdag\/\" title=\"Bekir Bozda\u011f\" class=\"hbptTag\">Bekir Bozda\u011f<\/a>  <a href=\"https:\/\/www.haberler.com\/politika\/\" title=\"Politika\" class=\"hbptTag\">Politika<\/a>  <a href=\"https:\/\/www.haberler.com\/guncel\/\" title=\"G\u00fcncel\" class=\"hbptTag\">G\u00fcncel<\/a>  <a href=\"https:\/\/www.haberler.com\/\" title=\"Haberler\" class=\"hbptTag\">Haberler<\/a> <\/h4>\n<\/div>\n","protected":false},"excerpt":{"rendered":"<p>TBMM Genel Kurulu, Meclis Ba\u015fkanvekili Bekir Bozda\u011f&#8217;\u0131n ba\u015fkanl\u0131\u011f\u0131nda, CHP&#8217;nin &#8220;Anayasa Mahkemesinin Can Atalay&#8217;\u0131n milletvekilli\u011finin d\u00fc\u015fmesiyle ilgili verdi\u011fi karara ili\u015fin genel g\u00f6r\u00fc\u015fme yap\u0131lmas\u0131&#8221; \u00f6nergesini ele almak \u00fczere ger\u00e7ekle\u015ftirilen ola\u011fan\u00fcst\u00fc toplant\u0131da kavga \u00e7\u0131kt\u0131. Oturumu Bekir Bozda\u011f&#8217;\u0131n y\u00f6netmesine itiraz \u00fczerine \u00e7\u0131kan tart\u0131\u015fma k\u0131sa s\u00fcrede kavgaya d\u00f6n\u00fc\u015ft\u00fc. AK Partili Alpay \u00d6zalan&#8217;\u0131n T\u0130P&#8217;li Ahmet \u015e\u0131k&#8217;\u0131 yumruklamas\u0131 ile ba\u015flayan kavga an\u0131nda<\/p>\n","protected":false},"author":1,"featured_media":52222,"comment_status":"open","ping_status":"open","sticky":false,"template":"","format":"standard","meta":{"footnotes":""},"categories":[83],"tags":[],"class_list":["post-54848","post","type-post","status-publish","format-standard","has-post-thumbnail","hentry","category-magazin"],"yoast_head":"<!-- This site is optimized with the Yoast SEO plugin v28.3 - https:\/\/yoast.com\/product\/yoast-seo-wordpress\/ -->\n<title>Meclis&#039;teki kavga an\u0131nda oturumu ilk terk eden Bekir Bozda\u011f oldu -<\/title>\n<meta name=\"robots\" content=\"index, follow, max-snippet:-1, max-image-preview:large, max-video-preview:-1\" \/>\n<link rel=\"canonical\" href=\"https:\/\/kibrisdakik.com\/?p=54848\" \/>\n<meta property=\"og:locale\" content=\"tr_TR\" \/>\n<meta property=\"og:type\" content=\"article\" \/>\n<meta property=\"og:title\" content=\"Meclis&#039;teki kavga an\u0131nda oturumu ilk terk eden Bekir Bozda\u011f oldu -\" \/>\n<meta property=\"og:description\" content=\"TBMM Genel Kurulu, Meclis Ba\u015fkanvekili Bekir Bozda\u011f&#8217;\u0131n ba\u015fkanl\u0131\u011f\u0131nda, CHP&#8217;nin &#8220;Anayasa Mahkemesinin Can Atalay&#8217;\u0131n milletvekilli\u011finin d\u00fc\u015fmesiyle ilgili verdi\u011fi karara ili\u015fin genel g\u00f6r\u00fc\u015fme yap\u0131lmas\u0131&#8221; \u00f6nergesini ele almak \u00fczere ger\u00e7ekle\u015ftirilen ola\u011fan\u00fcst\u00fc toplant\u0131da kavga \u00e7\u0131kt\u0131. Oturumu Bekir Bozda\u011f&#8217;\u0131n y\u00f6netmesine itiraz \u00fczerine \u00e7\u0131kan tart\u0131\u015fma k\u0131sa s\u00fcrede kavgaya d\u00f6n\u00fc\u015ft\u00fc. AK Partili Alpay \u00d6zalan&#8217;\u0131n T\u0130P&#8217;li Ahmet \u015e\u0131k&#8217;\u0131 yumruklamas\u0131 ile ba\u015flayan kavga an\u0131nda\" \/>\n<meta property=\"og:url\" content=\"https:\/\/kibrisdakik.com\/?p=54848\" \/>\n<meta property=\"article:published_time\" content=\"2024-08-16T14:00:58+00:00\" \/>\n<meta property=\"og:image\" content=\"https:\/\/kibrisdakik.com\/wp-content\/uploads\/2024\/08\/editor-982692.jpg\" \/>\n\t<meta property=\"og:image:width\" content=\"196\" \/>\n\t<meta property=\"og:image:height\" content=\"196\" \/>\n\t<meta property=\"og:image:type\" content=\"image\/jpeg\" \/>\n<meta name=\"author\" content=\"admin\" \/>\n<meta name=\"twitter:card\" content=\"summary_large_image\" \/>\n<meta name=\"twitter:label1\" content=\"Yazan:\" \/>\n\t<meta name=\"twitter:data1\" content=\"admin\" \/>\n\t<meta name=\"twitter:label2\" content=\"Tahmini okuma s\u00fcresi\" \/>\n\t<meta name=\"twitter:data2\" content=\"1 dakika\" \/>\n<script type=\"application\/ld+json\" class=\"yoast-schema-graph\">{\"@context\":\"https:\\\/\\\/schema.org\",\"@graph\":[{\"@type\":\"Article\",\"@id\":\"https:\\\/\\\/kibrisdakik.com\\\/?p=54848#article\",\"isPartOf\":{\"@id\":\"https:\\\/\\\/kibrisdakik.com\\\/?p=54848\"},\"author\":{\"name\":\"admin\",\"@id\":\"https:\\\/\\\/kibrisdakik.com\\\/#\\\/schema\\\/person\\\/9cd9d437bbb44f72b73ba127e06d8e79\"},\"headline\":\"Meclis&#8217;teki kavga an\u0131nda oturumu ilk terk eden Bekir Bozda\u011f oldu\",\"datePublished\":\"2024-08-16T14:00:58+00:00\",\"mainEntityOfPage\":{\"@id\":\"https:\\\/\\\/kibrisdakik.com\\\/?p=54848\"},\"wordCount\":117,\"commentCount\":0,\"publisher\":{\"@id\":\"https:\\\/\\\/kibrisdakik.com\\\/#organization\"},\"image\":{\"@id\":\"https:\\\/\\\/kibrisdakik.com\\\/?p=54848#primaryimage\"},\"thumbnailUrl\":\"https:\\\/\\\/kibrisdakik.com\\\/wp-content\\\/uploads\\\/2024\\\/08\\\/editor-982692.jpg\",\"articleSection\":[\"Magazin\"],\"inLanguage\":\"tr\",\"potentialAction\":[{\"@type\":\"CommentAction\",\"name\":\"Comment\",\"target\":[\"https:\\\/\\\/kibrisdakik.com\\\/?p=54848#respond\"]}]},{\"@type\":\"WebPage\",\"@id\":\"https:\\\/\\\/kibrisdakik.com\\\/?p=54848\",\"url\":\"https:\\\/\\\/kibrisdakik.com\\\/?p=54848\",\"name\":\"Meclis'teki kavga an\u0131nda oturumu ilk terk eden Bekir Bozda\u011f oldu -\",\"isPartOf\":{\"@id\":\"https:\\\/\\\/kibrisdakik.com\\\/#website\"},\"primaryImageOfPage\":{\"@id\":\"https:\\\/\\\/kibrisdakik.com\\\/?p=54848#primaryimage\"},\"image\":{\"@id\":\"https:\\\/\\\/kibrisdakik.com\\\/?p=54848#primaryimage\"},\"thumbnailUrl\":\"https:\\\/\\\/kibrisdakik.com\\\/wp-content\\\/uploads\\\/2024\\\/08\\\/editor-982692.jpg\",\"datePublished\":\"2024-08-16T14:00:58+00:00\",\"breadcrumb\":{\"@id\":\"https:\\\/\\\/kibrisdakik.com\\\/?p=54848#breadcrumb\"},\"inLanguage\":\"tr\",\"potentialAction\":[{\"@type\":\"ReadAction\",\"target\":[\"https:\\\/\\\/kibrisdakik.com\\\/?p=54848\"]}]},{\"@type\":\"ImageObject\",\"inLanguage\":\"tr\",\"@id\":\"https:\\\/\\\/kibrisdakik.com\\\/?p=54848#primaryimage\",\"url\":\"https:\\\/\\\/kibrisdakik.com\\\/wp-content\\\/uploads\\\/2024\\\/08\\\/editor-982692.jpg\",\"contentUrl\":\"https:\\\/\\\/kibrisdakik.com\\\/wp-content\\\/uploads\\\/2024\\\/08\\\/editor-982692.jpg\",\"width\":196,\"height\":196},{\"@type\":\"BreadcrumbList\",\"@id\":\"https:\\\/\\\/kibrisdakik.com\\\/?p=54848#breadcrumb\",\"itemListElement\":[{\"@type\":\"ListItem\",\"position\":1,\"name\":\"Home\",\"item\":\"https:\\\/\\\/kibrisdakik.com\\\/\"},{\"@type\":\"ListItem\",\"position\":2,\"name\":\"Meclis&#8217;teki kavga an\u0131nda oturumu ilk terk eden Bekir Bozda\u011f oldu\"}]},{\"@type\":\"WebSite\",\"@id\":\"https:\\\/\\\/kibrisdakik.com\\\/#website\",\"url\":\"https:\\\/\\\/kibrisdakik.com\\\/\",\"name\":\"K\u0131br\u0131s Dakik\",\"description\":\"Tam vaktinde haber\",\"publisher\":{\"@id\":\"https:\\\/\\\/kibrisdakik.com\\\/#organization\"},\"potentialAction\":[{\"@type\":\"SearchAction\",\"target\":{\"@type\":\"EntryPoint\",\"urlTemplate\":\"https:\\\/\\\/kibrisdakik.com\\\/?s={search_term_string}\"},\"query-input\":{\"@type\":\"PropertyValueSpecification\",\"valueRequired\":true,\"valueName\":\"search_term_string\"}}],\"inLanguage\":\"tr\"},{\"@type\":\"Organization\",\"@id\":\"https:\\\/\\\/kibrisdakik.com\\\/#organization\",\"name\":\"K\u0131br\u0131s Dakik\",\"url\":\"https:\\\/\\\/kibrisdakik.com\\\/\",\"logo\":{\"@type\":\"ImageObject\",\"inLanguage\":\"tr\",\"@id\":\"https:\\\/\\\/kibrisdakik.com\\\/#\\\/schema\\\/logo\\\/image\\\/\",\"url\":\"https:\\\/\\\/kibrisdakik.com\\\/wp-content\\\/uploads\\\/2025\\\/10\\\/cropped-WhatsApp-Image-2025-10-02-at-12.58.31.jpeg\",\"contentUrl\":\"https:\\\/\\\/kibrisdakik.com\\\/wp-content\\\/uploads\\\/2025\\\/10\\\/cropped-WhatsApp-Image-2025-10-02-at-12.58.31.jpeg\",\"width\":1237,\"height\":190,\"caption\":\"K\u0131br\u0131s Dakik\"},\"image\":{\"@id\":\"https:\\\/\\\/kibrisdakik.com\\\/#\\\/schema\\\/logo\\\/image\\\/\"}},{\"@type\":\"Person\",\"@id\":\"https:\\\/\\\/kibrisdakik.com\\\/#\\\/schema\\\/person\\\/9cd9d437bbb44f72b73ba127e06d8e79\",\"name\":\"admin\",\"image\":{\"@type\":\"ImageObject\",\"inLanguage\":\"tr\",\"@id\":\"https:\\\/\\\/secure.gravatar.com\\\/avatar\\\/ccc17943b9d660506c869530f897617f7cb1c21a4bf30023f252596d83e1f007?s=96&d=mm&r=g\",\"url\":\"https:\\\/\\\/secure.gravatar.com\\\/avatar\\\/ccc17943b9d660506c869530f897617f7cb1c21a4bf30023f252596d83e1f007?s=96&d=mm&r=g\",\"contentUrl\":\"https:\\\/\\\/secure.gravatar.com\\\/avatar\\\/ccc17943b9d660506c869530f897617f7cb1c21a4bf30023f252596d83e1f007?s=96&d=mm&r=g\",\"caption\":\"admin\"},\"sameAs\":[\"https:\\\/\\\/kibrisdakik.com\"],\"url\":\"https:\\\/\\\/kibrisdakik.com\\\/?author=1\"}]}<\/script>\n<!-- \/ Yoast SEO plugin. -->","yoast_head_json":{"title":"Meclis'teki kavga an\u0131nda oturumu ilk terk eden Bekir Bozda\u011f oldu -","robots":{"index":"index","follow":"follow","max-snippet":"max-snippet:-1","max-image-preview":"max-image-preview:large","max-video-preview":"max-video-preview:-1"},"canonical":"https:\/\/kibrisdakik.com\/?p=54848","og_locale":"tr_TR","og_type":"article","og_title":"Meclis'teki kavga an\u0131nda oturumu ilk terk eden Bekir Bozda\u011f oldu -","og_description":"TBMM Genel Kurulu, Meclis Ba\u015fkanvekili Bekir Bozda\u011f&#8217;\u0131n ba\u015fkanl\u0131\u011f\u0131nda, CHP&#8217;nin &#8220;Anayasa Mahkemesinin Can Atalay&#8217;\u0131n milletvekilli\u011finin d\u00fc\u015fmesiyle ilgili verdi\u011fi karara ili\u015fin genel g\u00f6r\u00fc\u015fme yap\u0131lmas\u0131&#8221; \u00f6nergesini ele almak \u00fczere ger\u00e7ekle\u015ftirilen ola\u011fan\u00fcst\u00fc toplant\u0131da kavga \u00e7\u0131kt\u0131. Oturumu Bekir Bozda\u011f&#8217;\u0131n y\u00f6netmesine itiraz \u00fczerine \u00e7\u0131kan tart\u0131\u015fma k\u0131sa s\u00fcrede kavgaya d\u00f6n\u00fc\u015ft\u00fc. AK Partili Alpay \u00d6zalan&#8217;\u0131n T\u0130P&#8217;li Ahmet \u015e\u0131k&#8217;\u0131 yumruklamas\u0131 ile ba\u015flayan kavga an\u0131nda","og_url":"https:\/\/kibrisdakik.com\/?p=54848","article_published_time":"2024-08-16T14:00:58+00:00","og_image":[{"width":196,"height":196,"url":"https:\/\/kibrisdakik.com\/wp-content\/uploads\/2024\/08\/editor-982692.jpg","type":"image\/jpeg"}],"author":"admin","twitter_card":"summary_large_image","twitter_misc":{"Yazan:":"admin","Tahmini okuma s\u00fcresi":"1 dakika"},"schema":{"@context":"https:\/\/schema.org","@graph":[{"@type":"Article","@id":"https:\/\/kibrisdakik.com\/?p=54848#article","isPartOf":{"@id":"https:\/\/kibrisdakik.com\/?p=54848"},"author":{"name":"admin","@id":"https:\/\/kibrisdakik.com\/#\/schema\/person\/9cd9d437bbb44f72b73ba127e06d8e79"},"headline":"Meclis&#8217;teki kavga an\u0131nda oturumu ilk terk eden Bekir Bozda\u011f oldu","datePublished":"2024-08-16T14:00:58+00:00","mainEntityOfPage":{"@id":"https:\/\/kibrisdakik.com\/?p=54848"},"wordCount":117,"commentCount":0,"publisher":{"@id":"https:\/\/kibrisdakik.com\/#organization"},"image":{"@id":"https:\/\/kibrisdakik.com\/?p=54848#primaryimage"},"thumbnailUrl":"https:\/\/kibrisdakik.com\/wp-content\/uploads\/2024\/08\/editor-982692.jpg","articleSection":["Magazin"],"inLanguage":"tr","potentialAction":[{"@type":"CommentAction","name":"Comment","target":["https:\/\/kibrisdakik.com\/?p=54848#respond"]}]},{"@type":"WebPage","@id":"https:\/\/kibrisdakik.com\/?p=54848","url":"https:\/\/kibrisdakik.com\/?p=54848","name":"Meclis'teki kavga an\u0131nda oturumu ilk terk eden Bekir Bozda\u011f oldu -","isPartOf":{"@id":"https:\/\/kibrisdakik.com\/#website"},"primaryImageOfPage":{"@id":"https:\/\/kibrisdakik.com\/?p=54848#primaryimage"},"image":{"@id":"https:\/\/kibrisdakik.com\/?p=54848#primaryimage"},"thumbnailUrl":"https:\/\/kibrisdakik.com\/wp-content\/uploads\/2024\/08\/editor-982692.jpg","datePublished":"2024-08-16T14:00:58+00:00","breadcrumb":{"@id":"https:\/\/kibrisdakik.com\/?p=54848#breadcrumb"},"inLanguage":"tr","potentialAction":[{"@type":"ReadAction","target":["https:\/\/kibrisdakik.com\/?p=54848"]}]},{"@type":"ImageObject","inLanguage":"tr","@id":"https:\/\/kibrisdakik.com\/?p=54848#primaryimage","url":"https:\/\/kibrisdakik.com\/wp-content\/uploads\/2024\/08\/editor-982692.jpg","contentUrl":"https:\/\/kibrisdakik.com\/wp-content\/uploads\/2024\/08\/editor-982692.jpg","width":196,"height":196},{"@type":"BreadcrumbList","@id":"https:\/\/kibrisdakik.com\/?p=54848#breadcrumb","itemListElement":[{"@type":"ListItem","position":1,"name":"Home","item":"https:\/\/kibrisdakik.com\/"},{"@type":"ListItem","position":2,"name":"Meclis&#8217;teki kavga an\u0131nda oturumu ilk terk eden Bekir Bozda\u011f oldu"}]},{"@type":"WebSite","@id":"https:\/\/kibrisdakik.com\/#website","url":"https:\/\/kibrisdakik.com\/","name":"K\u0131br\u0131s Dakik","description":"Tam vaktinde haber","publisher":{"@id":"https:\/\/kibrisdakik.com\/#organization"},"potentialAction":[{"@type":"SearchAction","target":{"@type":"EntryPoint","urlTemplate":"https:\/\/kibrisdakik.com\/?s={search_term_string}"},"query-input":{"@type":"PropertyValueSpecification","valueRequired":true,"valueName":"search_term_string"}}],"inLanguage":"tr"},{"@type":"Organization","@id":"https:\/\/kibrisdakik.com\/#organization","name":"K\u0131br\u0131s Dakik","url":"https:\/\/kibrisdakik.com\/","logo":{"@type":"ImageObject","inLanguage":"tr","@id":"https:\/\/kibrisdakik.com\/#\/schema\/logo\/image\/","url":"https:\/\/kibrisdakik.com\/wp-content\/uploads\/2025\/10\/cropped-WhatsApp-Image-2025-10-02-at-12.58.31.jpeg","contentUrl":"https:\/\/kibrisdakik.com\/wp-content\/uploads\/2025\/10\/cropped-WhatsApp-Image-2025-10-02-at-12.58.31.jpeg","width":1237,"height":190,"caption":"K\u0131br\u0131s Dakik"},"image":{"@id":"https:\/\/kibrisdakik.com\/#\/schema\/logo\/image\/"}},{"@type":"Person","@id":"https:\/\/kibrisdakik.com\/#\/schema\/person\/9cd9d437bbb44f72b73ba127e06d8e79","name":"admin","image":{"@type":"ImageObject","inLanguage":"tr","@id":"https:\/\/secure.gravatar.com\/avatar\/ccc17943b9d660506c869530f897617f7cb1c21a4bf30023f252596d83e1f007?s=96&d=mm&r=g","url":"https:\/\/secure.gravatar.com\/avatar\/ccc17943b9d660506c869530f897617f7cb1c21a4bf30023f252596d83e1f007?s=96&d=mm&r=g","contentUrl":"https:\/\/secure.gravatar.com\/avatar\/ccc17943b9d660506c869530f897617f7cb1c21a4bf30023f252596d83e1f007?s=96&d=mm&r=g","caption":"admin"},"sameAs":["https:\/\/kibrisdakik.com"],"url":"https:\/\/kibrisdakik.com\/?author=1"}]}},"_links":{"self":[{"href":"https:\/\/kibrisdakik.com\/index.php?rest_route=\/wp\/v2\/posts\/54848","targetHints":{"allow":["GET"]}}],"collection":[{"href":"https:\/\/kibrisdakik.com\/index.php?rest_route=\/wp\/v2\/posts"}],"about":[{"href":"https:\/\/kibrisdakik.com\/index.php?rest_route=\/wp\/v2\/types\/post"}],"author":[{"embeddable":true,"href":"https:\/\/kibrisdakik.com\/index.php?rest_route=\/wp\/v2\/users\/1"}],"replies":[{"embeddable":true,"href":"https:\/\/kibrisdakik.com\/index.php?rest_route=%2Fwp%2Fv2%2Fcomments&post=54848"}],"version-history":[{"count":0,"href":"https:\/\/kibrisdakik.com\/index.php?rest_route=\/wp\/v2\/posts\/54848\/revisions"}],"wp:featuredmedia":[{"embeddable":true,"href":"https:\/\/kibrisdakik.com\/index.php?rest_route=\/wp\/v2\/media\/52222"}],"wp:attachment":[{"href":"https:\/\/kibrisdakik.com\/index.php?rest_route=%2Fwp%2Fv2%2Fmedia&parent=54848"}],"wp:term":[{"taxonomy":"category","embeddable":true,"href":"https:\/\/kibrisdakik.com\/index.php?rest_route=%2Fwp%2Fv2%2Fcategories&post=54848"},{"taxonomy":"post_tag","embeddable":true,"href":"https:\/\/kibrisdakik.com\/index.php?rest_route=%2Fwp%2Fv2%2Ftags&post=54848"}],"curies":[{"name":"wp","href":"https:\/\/api.w.org\/{rel}","templated":true}]}}