{"id":5491,"date":"2023-04-20T20:18:11","date_gmt":"2023-04-20T20:18:11","guid":{"rendered":"https:\/\/kibrisdakik.com\/index.php\/2023\/04\/20\/saglik-bakani-altugra-ramazan-bayrami-nedeniyle-mesaj-yayimladi\/"},"modified":"2023-04-20T20:18:11","modified_gmt":"2023-04-20T20:18:11","slug":"saglik-bakani-altugra-ramazan-bayrami-nedeniyle-mesaj-yayimladi","status":"publish","type":"post","link":"https:\/\/kibrisdakik.com\/?p=5491","title":{"rendered":"Sa\u011fl\u0131k Bakan\u0131 Altu\u011fra, Ramazan Bayram\u0131 nedeniyle mesaj yay\u0131mlad\u0131"},"content":{"rendered":"<p><\/p>\n<div>\n<div class=\"mariselle-image-container center\">\n                <img width=\"1600\" height=\"1148\" class=\"lazy-image\" alt=\"\" decoding=\"async\" loading=\"lazy\" sizes=\"auto, (max-width: 1600px) 100vw, 1600px\" src=\"https:\/\/brtk.net\/wp-content\/uploads\/2023\/04\/20\/altugraaa.jpg?ver=32d029884c611b594761af57a3f59e44\" srcset=\"https:\/\/brtk.net\/wp-content\/uploads\/2023\/04\/20\/altugraaa.jpg?ver=32d029884c611b594761af57a3f59e44 1600w, https:\/\/brtk.net\/wp-content\/uploads\/2023\/04\/20\/altugraaa-300x215.jpg?ver=32d029884c611b594761af57a3f59e44 300w, https:\/\/brtk.net\/wp-content\/uploads\/2023\/04\/20\/altugraaa-1024x735.jpg?ver=32d029884c611b594761af57a3f59e44 1024w, https:\/\/brtk.net\/wp-content\/uploads\/2023\/04\/20\/altugraaa-768x551.jpg?ver=3844d41ba97769c82fdc8d8b60908e04 768w, https:\/\/brtk.net\/wp-content\/uploads\/2023\/04\/20\/altugraaa-1536x1102.jpg?ver=3844d41ba97769c82fdc8d8b60908e04 1536w\"\/>                            <\/div>\n<p>Sa\u011fl\u0131k Bakan\u0131 \u0130zlem G\u00fcr\u00e7a\u011f Altu\u011fra, Ramazan Bayram\u0131 nedeniyle mesaj yay\u0131mlad\u0131.<\/p>\n<p>Bakan Altu\u011fra \u015fu ifadelerde bulundu; <\/p>\n<p>\u201cBu sene buruk bir bayram ya\u015famaktay\u0131z. Ba\u015fta \u015eampiyon Meleklerimiz olmak \u00fczere depremde hayat\u0131n\u0131 kaybedenleri rahmetle an\u0131yor, yaral\u0131lara acil \u015fifalar diliyorum. <\/p>\n<p>Bayramlar\u0131m\u0131z, birlik, beraberlik, karde\u015flik, dostluk duygular\u0131n\u0131n g\u00fc\u00e7lendirildi\u011fi, darg\u0131nl\u0131k ve k\u0131rg\u0131nl\u0131klar\u0131n unutuldu\u011fu, insanlar\u0131n kayna\u015ft\u0131\u011f\u0131 ve manevi duygular\u0131n en \u00fcst seviyede hissedildi\u011fi \u00f6zel g\u00fcnlerdir.<\/p>\n<p>Bayram boyunca yine sa\u011fl\u0131k \u00e7al\u0131\u015fanlar\u0131m\u0131z halk\u0131m\u0131z\u0131n sa\u011fl\u0131\u011f\u0131 i\u00e7in g\u00f6revleri ba\u015f\u0131nda olacaklard\u0131r.\u00a0<\/p>\n<p>Ramazan Bayram\u0131\u2019n\u0131n \u00fclkemize, t\u00fcm insanl\u0131\u011fa bar\u0131\u015f ve huzur getirmesini temenni eder, bu duygu ve d\u00fc\u015f\u00fcncelerle, ba\u015fta sa\u011fl\u0131k \u00e7al\u0131\u015fanlar\u0131 olmak \u00fczere, t\u00fcm \u0130slam aleminin ve siz de\u011ferli halk\u0131m\u0131z\u0131n Ramazan Bayram\u0131\u2019n\u0131 en i\u00e7ten duygularla kutlar sa\u011fl\u0131kl\u0131, mutlu bayramlar dilerim.\u201d<\/p>\n<\/p><\/div>\n<p><script async\n                    defer\n                    crossorigin=\"anonymous\"\n                    src=\"https:\/\/connect.facebook.net\/tr_TR\/sdk.js#xfbml=1&#038;version=v3.3\"\n            ><\/script><\/p>\n","protected":false},"excerpt":{"rendered":"<p>Sa\u011fl\u0131k Bakan\u0131 \u0130zlem G\u00fcr\u00e7a\u011f Altu\u011fra, Ramazan Bayram\u0131 nedeniyle mesaj yay\u0131mlad\u0131. Bakan Altu\u011fra \u015fu ifadelerde bulundu; \u201cBu sene buruk bir bayram ya\u015famaktay\u0131z. Ba\u015fta \u015eampiyon Meleklerimiz olmak \u00fczere depremde hayat\u0131n\u0131 kaybedenleri rahmetle an\u0131yor, yaral\u0131lara acil \u015fifalar diliyorum. Bayramlar\u0131m\u0131z, birlik, beraberlik, karde\u015flik, dostluk duygular\u0131n\u0131n g\u00fc\u00e7lendirildi\u011fi, darg\u0131nl\u0131k ve k\u0131rg\u0131nl\u0131klar\u0131n unutuldu\u011fu, insanlar\u0131n kayna\u015ft\u0131\u011f\u0131 ve manevi duygular\u0131n en \u00fcst seviyede hissedildi\u011fi<\/p>\n","protected":false},"author":1,"featured_media":5492,"comment_status":"open","ping_status":"open","sticky":false,"template":"","format":"standard","meta":{"footnotes":""},"categories":[1],"tags":[],"class_list":["post-5491","post","type-post","status-publish","format-standard","has-post-thumbnail","hentry","category-gundem"],"yoast_head":"<!-- This site is optimized with the Yoast SEO plugin v27.5 - https:\/\/yoast.com\/product\/yoast-seo-wordpress\/ -->\n<title>Sa\u011fl\u0131k Bakan\u0131 Altu\u011fra, Ramazan Bayram\u0131 nedeniyle mesaj yay\u0131mlad\u0131 -<\/title>\n<meta name=\"robots\" content=\"index, follow, max-snippet:-1, max-image-preview:large, max-video-preview:-1\" \/>\n<link rel=\"canonical\" href=\"https:\/\/kibrisdakik.com\/?p=5491\" \/>\n<meta property=\"og:locale\" content=\"tr_TR\" \/>\n<meta property=\"og:type\" content=\"article\" \/>\n<meta property=\"og:title\" content=\"Sa\u011fl\u0131k Bakan\u0131 Altu\u011fra, Ramazan Bayram\u0131 nedeniyle mesaj yay\u0131mlad\u0131 -\" \/>\n<meta property=\"og:description\" content=\"Sa\u011fl\u0131k Bakan\u0131 \u0130zlem G\u00fcr\u00e7a\u011f Altu\u011fra, Ramazan Bayram\u0131 nedeniyle mesaj yay\u0131mlad\u0131. Bakan Altu\u011fra \u015fu ifadelerde bulundu; \u201cBu sene buruk bir bayram ya\u015famaktay\u0131z. Ba\u015fta \u015eampiyon Meleklerimiz olmak \u00fczere depremde hayat\u0131n\u0131 kaybedenleri rahmetle an\u0131yor, yaral\u0131lara acil \u015fifalar diliyorum. Bayramlar\u0131m\u0131z, birlik, beraberlik, karde\u015flik, dostluk duygular\u0131n\u0131n g\u00fc\u00e7lendirildi\u011fi, darg\u0131nl\u0131k ve k\u0131rg\u0131nl\u0131klar\u0131n unutuldu\u011fu, insanlar\u0131n kayna\u015ft\u0131\u011f\u0131 ve manevi duygular\u0131n en \u00fcst seviyede hissedildi\u011fi\" \/>\n<meta property=\"og:url\" content=\"https:\/\/kibrisdakik.com\/?p=5491\" \/>\n<meta property=\"article:published_time\" content=\"2023-04-20T20:18:11+00:00\" \/>\n<meta property=\"og:image\" content=\"https:\/\/kibrisdakik.com\/wp-content\/uploads\/2023\/04\/altugraaa-740x420.jpg\" \/>\n\t<meta property=\"og:image:width\" content=\"1600\" \/>\n\t<meta property=\"og:image:height\" content=\"1148\" \/>\n\t<meta property=\"og:image:type\" content=\"image\/jpeg\" \/>\n<meta name=\"author\" content=\"admin\" \/>\n<meta name=\"twitter:card\" content=\"summary_large_image\" \/>\n<meta name=\"twitter:label1\" content=\"Yazan:\" \/>\n\t<meta name=\"twitter:data1\" content=\"admin\" \/>\n\t<meta name=\"twitter:label2\" content=\"Tahmini okuma s\u00fcresi\" \/>\n\t<meta name=\"twitter:data2\" content=\"1 dakika\" \/>\n<script type=\"application\/ld+json\" class=\"yoast-schema-graph\">{\"@context\":\"https:\\\/\\\/schema.org\",\"@graph\":[{\"@type\":\"Article\",\"@id\":\"https:\\\/\\\/kibrisdakik.com\\\/?p=5491#article\",\"isPartOf\":{\"@id\":\"https:\\\/\\\/kibrisdakik.com\\\/?p=5491\"},\"author\":{\"name\":\"admin\",\"@id\":\"https:\\\/\\\/kibrisdakik.com\\\/#\\\/schema\\\/person\\\/9cd9d437bbb44f72b73ba127e06d8e79\"},\"headline\":\"Sa\u011fl\u0131k Bakan\u0131 Altu\u011fra, Ramazan Bayram\u0131 nedeniyle mesaj yay\u0131mlad\u0131\",\"datePublished\":\"2023-04-20T20:18:11+00:00\",\"mainEntityOfPage\":{\"@id\":\"https:\\\/\\\/kibrisdakik.com\\\/?p=5491\"},\"wordCount\":180,\"commentCount\":0,\"image\":{\"@id\":\"https:\\\/\\\/kibrisdakik.com\\\/?p=5491#primaryimage\"},\"thumbnailUrl\":\"https:\\\/\\\/kibrisdakik.com\\\/wp-content\\\/uploads\\\/2023\\\/04\\\/altugraaa-740x420.jpg\",\"articleSection\":[\"G\u00fcndem\"],\"inLanguage\":\"tr\",\"potentialAction\":[{\"@type\":\"CommentAction\",\"name\":\"Comment\",\"target\":[\"https:\\\/\\\/kibrisdakik.com\\\/?p=5491#respond\"]}]},{\"@type\":\"WebPage\",\"@id\":\"https:\\\/\\\/kibrisdakik.com\\\/?p=5491\",\"url\":\"https:\\\/\\\/kibrisdakik.com\\\/?p=5491\",\"name\":\"Sa\u011fl\u0131k Bakan\u0131 Altu\u011fra, Ramazan Bayram\u0131 nedeniyle mesaj yay\u0131mlad\u0131 -\",\"isPartOf\":{\"@id\":\"https:\\\/\\\/kibrisdakik.com\\\/#website\"},\"primaryImageOfPage\":{\"@id\":\"https:\\\/\\\/kibrisdakik.com\\\/?p=5491#primaryimage\"},\"image\":{\"@id\":\"https:\\\/\\\/kibrisdakik.com\\\/?p=5491#primaryimage\"},\"thumbnailUrl\":\"https:\\\/\\\/kibrisdakik.com\\\/wp-content\\\/uploads\\\/2023\\\/04\\\/altugraaa-740x420.jpg\",\"datePublished\":\"2023-04-20T20:18:11+00:00\",\"author\":{\"@id\":\"https:\\\/\\\/kibrisdakik.com\\\/#\\\/schema\\\/person\\\/9cd9d437bbb44f72b73ba127e06d8e79\"},\"breadcrumb\":{\"@id\":\"https:\\\/\\\/kibrisdakik.com\\\/?p=5491#breadcrumb\"},\"inLanguage\":\"tr\",\"potentialAction\":[{\"@type\":\"ReadAction\",\"target\":[\"https:\\\/\\\/kibrisdakik.com\\\/?p=5491\"]}]},{\"@type\":\"ImageObject\",\"inLanguage\":\"tr\",\"@id\":\"https:\\\/\\\/kibrisdakik.com\\\/?p=5491#primaryimage\",\"url\":\"https:\\\/\\\/kibrisdakik.com\\\/wp-content\\\/uploads\\\/2023\\\/04\\\/altugraaa-740x420.jpg\",\"contentUrl\":\"https:\\\/\\\/kibrisdakik.com\\\/wp-content\\\/uploads\\\/2023\\\/04\\\/altugraaa-740x420.jpg\",\"width\":1600,\"height\":1148},{\"@type\":\"BreadcrumbList\",\"@id\":\"https:\\\/\\\/kibrisdakik.com\\\/?p=5491#breadcrumb\",\"itemListElement\":[{\"@type\":\"ListItem\",\"position\":1,\"name\":\"Home\",\"item\":\"https:\\\/\\\/kibrisdakik.com\\\/\"},{\"@type\":\"ListItem\",\"position\":2,\"name\":\"Sa\u011fl\u0131k Bakan\u0131 Altu\u011fra, Ramazan Bayram\u0131 nedeniyle mesaj yay\u0131mlad\u0131\"}]},{\"@type\":\"WebSite\",\"@id\":\"https:\\\/\\\/kibrisdakik.com\\\/#website\",\"url\":\"https:\\\/\\\/kibrisdakik.com\\\/\",\"name\":\"\",\"description\":\"Tam vaktinde haber\",\"potentialAction\":[{\"@type\":\"SearchAction\",\"target\":{\"@type\":\"EntryPoint\",\"urlTemplate\":\"https:\\\/\\\/kibrisdakik.com\\\/?s={search_term_string}\"},\"query-input\":{\"@type\":\"PropertyValueSpecification\",\"valueRequired\":true,\"valueName\":\"search_term_string\"}}],\"inLanguage\":\"tr\"},{\"@type\":\"Person\",\"@id\":\"https:\\\/\\\/kibrisdakik.com\\\/#\\\/schema\\\/person\\\/9cd9d437bbb44f72b73ba127e06d8e79\",\"name\":\"admin\",\"image\":{\"@type\":\"ImageObject\",\"inLanguage\":\"tr\",\"@id\":\"https:\\\/\\\/secure.gravatar.com\\\/avatar\\\/ccc17943b9d660506c869530f897617f7cb1c21a4bf30023f252596d83e1f007?s=96&d=mm&r=g\",\"url\":\"https:\\\/\\\/secure.gravatar.com\\\/avatar\\\/ccc17943b9d660506c869530f897617f7cb1c21a4bf30023f252596d83e1f007?s=96&d=mm&r=g\",\"contentUrl\":\"https:\\\/\\\/secure.gravatar.com\\\/avatar\\\/ccc17943b9d660506c869530f897617f7cb1c21a4bf30023f252596d83e1f007?s=96&d=mm&r=g\",\"caption\":\"admin\"},\"sameAs\":[\"https:\\\/\\\/kibrisdakik.com\"],\"url\":\"https:\\\/\\\/kibrisdakik.com\\\/?author=1\"}]}<\/script>\n<!-- \/ Yoast SEO plugin. -->","yoast_head_json":{"title":"Sa\u011fl\u0131k Bakan\u0131 Altu\u011fra, Ramazan Bayram\u0131 nedeniyle mesaj yay\u0131mlad\u0131 -","robots":{"index":"index","follow":"follow","max-snippet":"max-snippet:-1","max-image-preview":"max-image-preview:large","max-video-preview":"max-video-preview:-1"},"canonical":"https:\/\/kibrisdakik.com\/?p=5491","og_locale":"tr_TR","og_type":"article","og_title":"Sa\u011fl\u0131k Bakan\u0131 Altu\u011fra, Ramazan Bayram\u0131 nedeniyle mesaj yay\u0131mlad\u0131 -","og_description":"Sa\u011fl\u0131k Bakan\u0131 \u0130zlem G\u00fcr\u00e7a\u011f Altu\u011fra, Ramazan Bayram\u0131 nedeniyle mesaj yay\u0131mlad\u0131. Bakan Altu\u011fra \u015fu ifadelerde bulundu; \u201cBu sene buruk bir bayram ya\u015famaktay\u0131z. Ba\u015fta \u015eampiyon Meleklerimiz olmak \u00fczere depremde hayat\u0131n\u0131 kaybedenleri rahmetle an\u0131yor, yaral\u0131lara acil \u015fifalar diliyorum. Bayramlar\u0131m\u0131z, birlik, beraberlik, karde\u015flik, dostluk duygular\u0131n\u0131n g\u00fc\u00e7lendirildi\u011fi, darg\u0131nl\u0131k ve k\u0131rg\u0131nl\u0131klar\u0131n unutuldu\u011fu, insanlar\u0131n kayna\u015ft\u0131\u011f\u0131 ve manevi duygular\u0131n en \u00fcst seviyede hissedildi\u011fi","og_url":"https:\/\/kibrisdakik.com\/?p=5491","article_published_time":"2023-04-20T20:18:11+00:00","og_image":[{"width":1600,"height":1148,"url":"https:\/\/kibrisdakik.com\/wp-content\/uploads\/2023\/04\/altugraaa-740x420.jpg","type":"image\/jpeg"}],"author":"admin","twitter_card":"summary_large_image","twitter_misc":{"Yazan:":"admin","Tahmini okuma s\u00fcresi":"1 dakika"},"schema":{"@context":"https:\/\/schema.org","@graph":[{"@type":"Article","@id":"https:\/\/kibrisdakik.com\/?p=5491#article","isPartOf":{"@id":"https:\/\/kibrisdakik.com\/?p=5491"},"author":{"name":"admin","@id":"https:\/\/kibrisdakik.com\/#\/schema\/person\/9cd9d437bbb44f72b73ba127e06d8e79"},"headline":"Sa\u011fl\u0131k Bakan\u0131 Altu\u011fra, Ramazan Bayram\u0131 nedeniyle mesaj yay\u0131mlad\u0131","datePublished":"2023-04-20T20:18:11+00:00","mainEntityOfPage":{"@id":"https:\/\/kibrisdakik.com\/?p=5491"},"wordCount":180,"commentCount":0,"image":{"@id":"https:\/\/kibrisdakik.com\/?p=5491#primaryimage"},"thumbnailUrl":"https:\/\/kibrisdakik.com\/wp-content\/uploads\/2023\/04\/altugraaa-740x420.jpg","articleSection":["G\u00fcndem"],"inLanguage":"tr","potentialAction":[{"@type":"CommentAction","name":"Comment","target":["https:\/\/kibrisdakik.com\/?p=5491#respond"]}]},{"@type":"WebPage","@id":"https:\/\/kibrisdakik.com\/?p=5491","url":"https:\/\/kibrisdakik.com\/?p=5491","name":"Sa\u011fl\u0131k Bakan\u0131 Altu\u011fra, Ramazan Bayram\u0131 nedeniyle mesaj yay\u0131mlad\u0131 -","isPartOf":{"@id":"https:\/\/kibrisdakik.com\/#website"},"primaryImageOfPage":{"@id":"https:\/\/kibrisdakik.com\/?p=5491#primaryimage"},"image":{"@id":"https:\/\/kibrisdakik.com\/?p=5491#primaryimage"},"thumbnailUrl":"https:\/\/kibrisdakik.com\/wp-content\/uploads\/2023\/04\/altugraaa-740x420.jpg","datePublished":"2023-04-20T20:18:11+00:00","author":{"@id":"https:\/\/kibrisdakik.com\/#\/schema\/person\/9cd9d437bbb44f72b73ba127e06d8e79"},"breadcrumb":{"@id":"https:\/\/kibrisdakik.com\/?p=5491#breadcrumb"},"inLanguage":"tr","potentialAction":[{"@type":"ReadAction","target":["https:\/\/kibrisdakik.com\/?p=5491"]}]},{"@type":"ImageObject","inLanguage":"tr","@id":"https:\/\/kibrisdakik.com\/?p=5491#primaryimage","url":"https:\/\/kibrisdakik.com\/wp-content\/uploads\/2023\/04\/altugraaa-740x420.jpg","contentUrl":"https:\/\/kibrisdakik.com\/wp-content\/uploads\/2023\/04\/altugraaa-740x420.jpg","width":1600,"height":1148},{"@type":"BreadcrumbList","@id":"https:\/\/kibrisdakik.com\/?p=5491#breadcrumb","itemListElement":[{"@type":"ListItem","position":1,"name":"Home","item":"https:\/\/kibrisdakik.com\/"},{"@type":"ListItem","position":2,"name":"Sa\u011fl\u0131k Bakan\u0131 Altu\u011fra, Ramazan Bayram\u0131 nedeniyle mesaj yay\u0131mlad\u0131"}]},{"@type":"WebSite","@id":"https:\/\/kibrisdakik.com\/#website","url":"https:\/\/kibrisdakik.com\/","name":"","description":"Tam vaktinde haber","potentialAction":[{"@type":"SearchAction","target":{"@type":"EntryPoint","urlTemplate":"https:\/\/kibrisdakik.com\/?s={search_term_string}"},"query-input":{"@type":"PropertyValueSpecification","valueRequired":true,"valueName":"search_term_string"}}],"inLanguage":"tr"},{"@type":"Person","@id":"https:\/\/kibrisdakik.com\/#\/schema\/person\/9cd9d437bbb44f72b73ba127e06d8e79","name":"admin","image":{"@type":"ImageObject","inLanguage":"tr","@id":"https:\/\/secure.gravatar.com\/avatar\/ccc17943b9d660506c869530f897617f7cb1c21a4bf30023f252596d83e1f007?s=96&d=mm&r=g","url":"https:\/\/secure.gravatar.com\/avatar\/ccc17943b9d660506c869530f897617f7cb1c21a4bf30023f252596d83e1f007?s=96&d=mm&r=g","contentUrl":"https:\/\/secure.gravatar.com\/avatar\/ccc17943b9d660506c869530f897617f7cb1c21a4bf30023f252596d83e1f007?s=96&d=mm&r=g","caption":"admin"},"sameAs":["https:\/\/kibrisdakik.com"],"url":"https:\/\/kibrisdakik.com\/?author=1"}]}},"_links":{"self":[{"href":"https:\/\/kibrisdakik.com\/index.php?rest_route=\/wp\/v2\/posts\/5491","targetHints":{"allow":["GET"]}}],"collection":[{"href":"https:\/\/kibrisdakik.com\/index.php?rest_route=\/wp\/v2\/posts"}],"about":[{"href":"https:\/\/kibrisdakik.com\/index.php?rest_route=\/wp\/v2\/types\/post"}],"author":[{"embeddable":true,"href":"https:\/\/kibrisdakik.com\/index.php?rest_route=\/wp\/v2\/users\/1"}],"replies":[{"embeddable":true,"href":"https:\/\/kibrisdakik.com\/index.php?rest_route=%2Fwp%2Fv2%2Fcomments&post=5491"}],"version-history":[{"count":0,"href":"https:\/\/kibrisdakik.com\/index.php?rest_route=\/wp\/v2\/posts\/5491\/revisions"}],"wp:featuredmedia":[{"embeddable":true,"href":"https:\/\/kibrisdakik.com\/index.php?rest_route=\/wp\/v2\/media\/5492"}],"wp:attachment":[{"href":"https:\/\/kibrisdakik.com\/index.php?rest_route=%2Fwp%2Fv2%2Fmedia&parent=5491"}],"wp:term":[{"taxonomy":"category","embeddable":true,"href":"https:\/\/kibrisdakik.com\/index.php?rest_route=%2Fwp%2Fv2%2Fcategories&post=5491"},{"taxonomy":"post_tag","embeddable":true,"href":"https:\/\/kibrisdakik.com\/index.php?rest_route=%2Fwp%2Fv2%2Ftags&post=5491"}],"curies":[{"name":"wp","href":"https:\/\/api.w.org\/{rel}","templated":true}]}}