{"id":54936,"date":"2024-08-17T00:17:13","date_gmt":"2024-08-16T21:17:13","guid":{"rendered":"https:\/\/kibrisdakik.com\/index.php\/2024\/08\/17\/aydinda-zamanla-yaris-gonulluler-ve-gazeteciler-alevlerin-arasinda-kalmaktan-son-anda-kurtuldular\/"},"modified":"2024-08-17T00:17:13","modified_gmt":"2024-08-16T21:17:13","slug":"aydinda-zamanla-yaris-gonulluler-ve-gazeteciler-alevlerin-arasinda-kalmaktan-son-anda-kurtuldular","status":"publish","type":"post","link":"https:\/\/kibrisdakik.com\/?p=54936","title":{"rendered":"Ayd\u0131n&#8217;da zamanla yar\u0131\u015f! G\u00f6n\u00fcll\u00fcler ve gazeteciler alevlerin aras\u0131nda kalmaktan son anda kurtuldular"},"content":{"rendered":"<p><img decoding=\"async\" src=\"https:\/\/foto.haberler.com\/haber\/2024\/08\/17\/aydin-da-zamanla-yaris-gonulluler-ve-gazeteciler-17727769_5282_amp.jpg\" \/><\/p>\n<div id=\"\">\n<p> <a class=\"keyword\" href=\"https:\/\/www.haberler.com\/aydin\/\" title=\"Ayd\u0131n Haberleri, Ayd\u0131n Haberi, Ayd\u0131n Haber\"><strong>Ayd\u0131n<\/strong><\/a>&#8216;\u0131n Bozdo\u011fan il\u00e7esinde saatlerdir devam eden yang\u0131na m\u00fcdahale devam ederken, b\u00f6lgede korku dolu anlar ya\u015fand\u0131. G\u00f6n\u00fcll\u00fcler ve gazeteciler bir anda y\u00f6n de\u011fi\u015ftiren r\u00fczgar nedeniyle alevlerin aras\u0131nda kalmaktan son anda kurtuldu.<\/p>\n<h3>YANGIN AK\u015eAM SAATLER\u0130NDE BA\u015eLADI<\/h3>\n<p>Yang\u0131n, Alhisar Mahallesi&#8217;nde saat 16.45 civarlar\u0131nda ormanl\u0131k alanda meydana geldi. Edinilen bilgiye g\u00f6re, b\u00f6lgeden alevlerin y\u00fckseldi\u011fini fark eden vatanda\u015flar durumu 112 Acil \u00c7a\u011fr\u0131 Merkezi&#8217;ne bildirdi. \u0130hbar \u00fczerine Ayd\u0131n B\u00fcy\u00fck\u015fehir Belediyesi \u0130tfaiye Daire Ba\u015fkanl\u0131\u011f\u0131 ve Mu\u011fla Orman B\u00f6lge M\u00fcd\u00fcrl\u00fc\u011f\u00fc ekipleri sevk edildi. K\u0131sa s\u00fcrede olay yerine gelen ekipler karadan alevlere m\u00fcdahale etti.<\/p>\n<h3>VATANDA\u015eLAR TAHL\u0130YE ED\u0130LD\u0130<\/h3>\n<p>R\u00fczgar\u0131n da etkisi ile k\u0131sa s\u00fcrede geni\u015f bir alana yay\u0131lan alevlere 3 helikopter 2 u\u00e7ak da sortileri ile yang\u0131n s\u00f6nd\u00fcrme \u00e7al\u0131\u015fmalar\u0131na havadan destek verdi. Havan\u0131n kararmas\u0131 ile birlikte gece yer ekipleri ve gece g\u00f6r\u00fc\u015fl\u00fc helikopter ile alevlere m\u00fcdahaleye devam edildi. Yang\u0131n\u0131n \u00d6rmep\u0131nar Mahallesine yakla\u015fmas\u0131 nedeniyle 45 vatanda\u015f b\u00f6lgeden tahliye edildi.<\/p>\n<h3>ALEVLER\u0130N ARASINDA KALMAKTAN SONRA ANDA KURTULDULAR<\/h3>\n<p>\u00d6te yandan yolun iki yan\u0131nda y\u00fckselen alevlere m\u00fcdahaleyi g\u00f6r\u00fcnt\u00fcleyen gazeteciler ve s\u00f6nd\u00fcrme \u00e7al\u0131\u015fmalar\u0131na destek veren g\u00f6n\u00fcll\u00fcler, r\u00fczgar\u0131n etkisi ile bir anda y\u00f6n de\u011fi\u015ftiren alevler nedeniyle zor anlar ya\u015fad\u0131. Gazeteciler ve g\u00f6n\u00fcll\u00fc vatanda\u015flar metrelerce y\u00fckselen alevlerin aras\u0131nda kalmaktan ko\u015farak kurtuldu. Ekiplerin alevleri kontrol alt\u0131na almak i\u00e7in \u00e7al\u0131\u015fmalar\u0131 s\u00fcr\u00fcyor.<\/p>\n<div class=\"editorSade\">Kaynak: \u0130hlas Haber Ajans\u0131 \/  <a href=\"https:\/\/www.haberler.com\/3-sayfa\/\" title=\"3.Sayfa Haberleri\">3.Sayfa<\/a> <\/div>\n<h4 id=\"nwsKeywords\"> <a href=\"https:\/\/www.haberler.com\/orman-yangini\/\" title=\"Orman Yang\u0131n\u0131\" class=\"hbptTag\">Orman Yang\u0131n\u0131<\/a>  <a href=\"https:\/\/www.haberler.com\/bozdogan\/\" title=\"Bozdo\u011fan\" class=\"hbptTag\">Bozdo\u011fan<\/a>  <a href=\"https:\/\/www.haberler.com\/aydin\/\" title=\"Ayd\u0131n\" class=\"hbptTag\">Ayd\u0131n<\/a>  <a href=\"https:\/\/www.haberler.com\/dogal-afetler\/\" title=\"Do\u011fal Afetler\" class=\"hbptTag\">Do\u011fal Afetler<\/a>  <a href=\"https:\/\/www.haberler.com\/3-sayfa\/\" title=\"3.Sayfa\" class=\"hbptTag\">3.Sayfa<\/a>  <a href=\"https:\/\/www.haberler.com\/yasam\/\" title=\"Ya\u015fam\" class=\"hbptTag\">Ya\u015fam<\/a>  <a href=\"https:\/\/www.haberler.com\/\" title=\"Haberler\" class=\"hbptTag\">Haberler<\/a> <\/h4>\n<\/div>\n","protected":false},"excerpt":{"rendered":"<p>Ayd\u0131n&#8216;\u0131n Bozdo\u011fan il\u00e7esinde saatlerdir devam eden yang\u0131na m\u00fcdahale devam ederken, b\u00f6lgede korku dolu anlar ya\u015fand\u0131. G\u00f6n\u00fcll\u00fcler ve gazeteciler bir anda y\u00f6n de\u011fi\u015ftiren r\u00fczgar nedeniyle alevlerin aras\u0131nda kalmaktan son anda kurtuldu. YANGIN AK\u015eAM SAATLER\u0130NDE BA\u015eLADI Yang\u0131n, Alhisar Mahallesi&#8217;nde saat 16.45 civarlar\u0131nda ormanl\u0131k alanda meydana geldi. Edinilen bilgiye g\u00f6re, b\u00f6lgeden alevlerin y\u00fckseldi\u011fini fark eden vatanda\u015flar durumu 112<\/p>\n","protected":false},"author":1,"featured_media":54937,"comment_status":"open","ping_status":"open","sticky":false,"template":"","format":"standard","meta":{"footnotes":""},"categories":[83],"tags":[],"class_list":["post-54936","post","type-post","status-publish","format-standard","has-post-thumbnail","hentry","category-magazin"],"yoast_head":"<!-- This site is optimized with the Yoast SEO plugin v27.5 - https:\/\/yoast.com\/product\/yoast-seo-wordpress\/ -->\n<title>Ayd\u0131n&#039;da zamanla yar\u0131\u015f! G\u00f6n\u00fcll\u00fcler ve gazeteciler alevlerin aras\u0131nda kalmaktan son anda kurtuldular -<\/title>\n<meta name=\"robots\" content=\"index, follow, max-snippet:-1, max-image-preview:large, max-video-preview:-1\" \/>\n<link rel=\"canonical\" href=\"https:\/\/kibrisdakik.com\/?p=54936\" \/>\n<meta property=\"og:locale\" content=\"tr_TR\" \/>\n<meta property=\"og:type\" content=\"article\" \/>\n<meta property=\"og:title\" content=\"Ayd\u0131n&#039;da zamanla yar\u0131\u015f! G\u00f6n\u00fcll\u00fcler ve gazeteciler alevlerin aras\u0131nda kalmaktan son anda kurtuldular -\" \/>\n<meta property=\"og:description\" content=\"Ayd\u0131n&#8216;\u0131n Bozdo\u011fan il\u00e7esinde saatlerdir devam eden yang\u0131na m\u00fcdahale devam ederken, b\u00f6lgede korku dolu anlar ya\u015fand\u0131. G\u00f6n\u00fcll\u00fcler ve gazeteciler bir anda y\u00f6n de\u011fi\u015ftiren r\u00fczgar nedeniyle alevlerin aras\u0131nda kalmaktan son anda kurtuldu. YANGIN AK\u015eAM SAATLER\u0130NDE BA\u015eLADI Yang\u0131n, Alhisar Mahallesi&#8217;nde saat 16.45 civarlar\u0131nda ormanl\u0131k alanda meydana geldi. Edinilen bilgiye g\u00f6re, b\u00f6lgeden alevlerin y\u00fckseldi\u011fini fark eden vatanda\u015flar durumu 112\" \/>\n<meta property=\"og:url\" content=\"https:\/\/kibrisdakik.com\/?p=54936\" \/>\n<meta property=\"article:published_time\" content=\"2024-08-16T21:17:13+00:00\" \/>\n<meta property=\"og:image\" content=\"https:\/\/kibrisdakik.com\/wp-content\/uploads\/2024\/08\/aydin-da-zamanla-yaris-gonulluler-ve-gazeteciler-17727769_5282_amp.jpg\" \/>\n\t<meta property=\"og:image:width\" content=\"1202\" \/>\n\t<meta property=\"og:image:height\" content=\"675\" \/>\n\t<meta property=\"og:image:type\" content=\"image\/jpeg\" \/>\n<meta name=\"author\" content=\"admin\" \/>\n<meta name=\"twitter:card\" content=\"summary_large_image\" \/>\n<meta name=\"twitter:label1\" content=\"Yazan:\" \/>\n\t<meta name=\"twitter:data1\" content=\"admin\" \/>\n\t<meta name=\"twitter:label2\" content=\"Tahmini okuma s\u00fcresi\" \/>\n\t<meta name=\"twitter:data2\" content=\"1 dakika\" \/>\n<script type=\"application\/ld+json\" class=\"yoast-schema-graph\">{\"@context\":\"https:\\\/\\\/schema.org\",\"@graph\":[{\"@type\":\"Article\",\"@id\":\"https:\\\/\\\/kibrisdakik.com\\\/?p=54936#article\",\"isPartOf\":{\"@id\":\"https:\\\/\\\/kibrisdakik.com\\\/?p=54936\"},\"author\":{\"name\":\"admin\",\"@id\":\"https:\\\/\\\/kibrisdakik.com\\\/#\\\/schema\\\/person\\\/9cd9d437bbb44f72b73ba127e06d8e79\"},\"headline\":\"Ayd\u0131n&#8217;da zamanla yar\u0131\u015f! G\u00f6n\u00fcll\u00fcler ve gazeteciler alevlerin aras\u0131nda kalmaktan son anda kurtuldular\",\"datePublished\":\"2024-08-16T21:17:13+00:00\",\"mainEntityOfPage\":{\"@id\":\"https:\\\/\\\/kibrisdakik.com\\\/?p=54936\"},\"wordCount\":317,\"commentCount\":0,\"image\":{\"@id\":\"https:\\\/\\\/kibrisdakik.com\\\/?p=54936#primaryimage\"},\"thumbnailUrl\":\"https:\\\/\\\/kibrisdakik.com\\\/wp-content\\\/uploads\\\/2024\\\/08\\\/aydin-da-zamanla-yaris-gonulluler-ve-gazeteciler-17727769_5282_amp.jpg\",\"articleSection\":[\"Magazin\"],\"inLanguage\":\"tr\",\"potentialAction\":[{\"@type\":\"CommentAction\",\"name\":\"Comment\",\"target\":[\"https:\\\/\\\/kibrisdakik.com\\\/?p=54936#respond\"]}]},{\"@type\":\"WebPage\",\"@id\":\"https:\\\/\\\/kibrisdakik.com\\\/?p=54936\",\"url\":\"https:\\\/\\\/kibrisdakik.com\\\/?p=54936\",\"name\":\"Ayd\u0131n'da zamanla yar\u0131\u015f! G\u00f6n\u00fcll\u00fcler ve gazeteciler alevlerin aras\u0131nda kalmaktan son anda kurtuldular -\",\"isPartOf\":{\"@id\":\"https:\\\/\\\/kibrisdakik.com\\\/#website\"},\"primaryImageOfPage\":{\"@id\":\"https:\\\/\\\/kibrisdakik.com\\\/?p=54936#primaryimage\"},\"image\":{\"@id\":\"https:\\\/\\\/kibrisdakik.com\\\/?p=54936#primaryimage\"},\"thumbnailUrl\":\"https:\\\/\\\/kibrisdakik.com\\\/wp-content\\\/uploads\\\/2024\\\/08\\\/aydin-da-zamanla-yaris-gonulluler-ve-gazeteciler-17727769_5282_amp.jpg\",\"datePublished\":\"2024-08-16T21:17:13+00:00\",\"author\":{\"@id\":\"https:\\\/\\\/kibrisdakik.com\\\/#\\\/schema\\\/person\\\/9cd9d437bbb44f72b73ba127e06d8e79\"},\"breadcrumb\":{\"@id\":\"https:\\\/\\\/kibrisdakik.com\\\/?p=54936#breadcrumb\"},\"inLanguage\":\"tr\",\"potentialAction\":[{\"@type\":\"ReadAction\",\"target\":[\"https:\\\/\\\/kibrisdakik.com\\\/?p=54936\"]}]},{\"@type\":\"ImageObject\",\"inLanguage\":\"tr\",\"@id\":\"https:\\\/\\\/kibrisdakik.com\\\/?p=54936#primaryimage\",\"url\":\"https:\\\/\\\/kibrisdakik.com\\\/wp-content\\\/uploads\\\/2024\\\/08\\\/aydin-da-zamanla-yaris-gonulluler-ve-gazeteciler-17727769_5282_amp.jpg\",\"contentUrl\":\"https:\\\/\\\/kibrisdakik.com\\\/wp-content\\\/uploads\\\/2024\\\/08\\\/aydin-da-zamanla-yaris-gonulluler-ve-gazeteciler-17727769_5282_amp.jpg\",\"width\":1202,\"height\":675},{\"@type\":\"BreadcrumbList\",\"@id\":\"https:\\\/\\\/kibrisdakik.com\\\/?p=54936#breadcrumb\",\"itemListElement\":[{\"@type\":\"ListItem\",\"position\":1,\"name\":\"Home\",\"item\":\"https:\\\/\\\/kibrisdakik.com\\\/\"},{\"@type\":\"ListItem\",\"position\":2,\"name\":\"Ayd\u0131n&#8217;da zamanla yar\u0131\u015f! G\u00f6n\u00fcll\u00fcler ve gazeteciler alevlerin aras\u0131nda kalmaktan son anda kurtuldular\"}]},{\"@type\":\"WebSite\",\"@id\":\"https:\\\/\\\/kibrisdakik.com\\\/#website\",\"url\":\"https:\\\/\\\/kibrisdakik.com\\\/\",\"name\":\"\",\"description\":\"Tam vaktinde haber\",\"potentialAction\":[{\"@type\":\"SearchAction\",\"target\":{\"@type\":\"EntryPoint\",\"urlTemplate\":\"https:\\\/\\\/kibrisdakik.com\\\/?s={search_term_string}\"},\"query-input\":{\"@type\":\"PropertyValueSpecification\",\"valueRequired\":true,\"valueName\":\"search_term_string\"}}],\"inLanguage\":\"tr\"},{\"@type\":\"Person\",\"@id\":\"https:\\\/\\\/kibrisdakik.com\\\/#\\\/schema\\\/person\\\/9cd9d437bbb44f72b73ba127e06d8e79\",\"name\":\"admin\",\"image\":{\"@type\":\"ImageObject\",\"inLanguage\":\"tr\",\"@id\":\"https:\\\/\\\/secure.gravatar.com\\\/avatar\\\/ccc17943b9d660506c869530f897617f7cb1c21a4bf30023f252596d83e1f007?s=96&d=mm&r=g\",\"url\":\"https:\\\/\\\/secure.gravatar.com\\\/avatar\\\/ccc17943b9d660506c869530f897617f7cb1c21a4bf30023f252596d83e1f007?s=96&d=mm&r=g\",\"contentUrl\":\"https:\\\/\\\/secure.gravatar.com\\\/avatar\\\/ccc17943b9d660506c869530f897617f7cb1c21a4bf30023f252596d83e1f007?s=96&d=mm&r=g\",\"caption\":\"admin\"},\"sameAs\":[\"https:\\\/\\\/kibrisdakik.com\"],\"url\":\"https:\\\/\\\/kibrisdakik.com\\\/?author=1\"}]}<\/script>\n<!-- \/ Yoast SEO plugin. -->","yoast_head_json":{"title":"Ayd\u0131n'da zamanla yar\u0131\u015f! G\u00f6n\u00fcll\u00fcler ve gazeteciler alevlerin aras\u0131nda kalmaktan son anda kurtuldular -","robots":{"index":"index","follow":"follow","max-snippet":"max-snippet:-1","max-image-preview":"max-image-preview:large","max-video-preview":"max-video-preview:-1"},"canonical":"https:\/\/kibrisdakik.com\/?p=54936","og_locale":"tr_TR","og_type":"article","og_title":"Ayd\u0131n'da zamanla yar\u0131\u015f! G\u00f6n\u00fcll\u00fcler ve gazeteciler alevlerin aras\u0131nda kalmaktan son anda kurtuldular -","og_description":"Ayd\u0131n&#8216;\u0131n Bozdo\u011fan il\u00e7esinde saatlerdir devam eden yang\u0131na m\u00fcdahale devam ederken, b\u00f6lgede korku dolu anlar ya\u015fand\u0131. G\u00f6n\u00fcll\u00fcler ve gazeteciler bir anda y\u00f6n de\u011fi\u015ftiren r\u00fczgar nedeniyle alevlerin aras\u0131nda kalmaktan son anda kurtuldu. YANGIN AK\u015eAM SAATLER\u0130NDE BA\u015eLADI Yang\u0131n, Alhisar Mahallesi&#8217;nde saat 16.45 civarlar\u0131nda ormanl\u0131k alanda meydana geldi. Edinilen bilgiye g\u00f6re, b\u00f6lgeden alevlerin y\u00fckseldi\u011fini fark eden vatanda\u015flar durumu 112","og_url":"https:\/\/kibrisdakik.com\/?p=54936","article_published_time":"2024-08-16T21:17:13+00:00","og_image":[{"width":1202,"height":675,"url":"https:\/\/kibrisdakik.com\/wp-content\/uploads\/2024\/08\/aydin-da-zamanla-yaris-gonulluler-ve-gazeteciler-17727769_5282_amp.jpg","type":"image\/jpeg"}],"author":"admin","twitter_card":"summary_large_image","twitter_misc":{"Yazan:":"admin","Tahmini okuma s\u00fcresi":"1 dakika"},"schema":{"@context":"https:\/\/schema.org","@graph":[{"@type":"Article","@id":"https:\/\/kibrisdakik.com\/?p=54936#article","isPartOf":{"@id":"https:\/\/kibrisdakik.com\/?p=54936"},"author":{"name":"admin","@id":"https:\/\/kibrisdakik.com\/#\/schema\/person\/9cd9d437bbb44f72b73ba127e06d8e79"},"headline":"Ayd\u0131n&#8217;da zamanla yar\u0131\u015f! G\u00f6n\u00fcll\u00fcler ve gazeteciler alevlerin aras\u0131nda kalmaktan son anda kurtuldular","datePublished":"2024-08-16T21:17:13+00:00","mainEntityOfPage":{"@id":"https:\/\/kibrisdakik.com\/?p=54936"},"wordCount":317,"commentCount":0,"image":{"@id":"https:\/\/kibrisdakik.com\/?p=54936#primaryimage"},"thumbnailUrl":"https:\/\/kibrisdakik.com\/wp-content\/uploads\/2024\/08\/aydin-da-zamanla-yaris-gonulluler-ve-gazeteciler-17727769_5282_amp.jpg","articleSection":["Magazin"],"inLanguage":"tr","potentialAction":[{"@type":"CommentAction","name":"Comment","target":["https:\/\/kibrisdakik.com\/?p=54936#respond"]}]},{"@type":"WebPage","@id":"https:\/\/kibrisdakik.com\/?p=54936","url":"https:\/\/kibrisdakik.com\/?p=54936","name":"Ayd\u0131n'da zamanla yar\u0131\u015f! G\u00f6n\u00fcll\u00fcler ve gazeteciler alevlerin aras\u0131nda kalmaktan son anda kurtuldular -","isPartOf":{"@id":"https:\/\/kibrisdakik.com\/#website"},"primaryImageOfPage":{"@id":"https:\/\/kibrisdakik.com\/?p=54936#primaryimage"},"image":{"@id":"https:\/\/kibrisdakik.com\/?p=54936#primaryimage"},"thumbnailUrl":"https:\/\/kibrisdakik.com\/wp-content\/uploads\/2024\/08\/aydin-da-zamanla-yaris-gonulluler-ve-gazeteciler-17727769_5282_amp.jpg","datePublished":"2024-08-16T21:17:13+00:00","author":{"@id":"https:\/\/kibrisdakik.com\/#\/schema\/person\/9cd9d437bbb44f72b73ba127e06d8e79"},"breadcrumb":{"@id":"https:\/\/kibrisdakik.com\/?p=54936#breadcrumb"},"inLanguage":"tr","potentialAction":[{"@type":"ReadAction","target":["https:\/\/kibrisdakik.com\/?p=54936"]}]},{"@type":"ImageObject","inLanguage":"tr","@id":"https:\/\/kibrisdakik.com\/?p=54936#primaryimage","url":"https:\/\/kibrisdakik.com\/wp-content\/uploads\/2024\/08\/aydin-da-zamanla-yaris-gonulluler-ve-gazeteciler-17727769_5282_amp.jpg","contentUrl":"https:\/\/kibrisdakik.com\/wp-content\/uploads\/2024\/08\/aydin-da-zamanla-yaris-gonulluler-ve-gazeteciler-17727769_5282_amp.jpg","width":1202,"height":675},{"@type":"BreadcrumbList","@id":"https:\/\/kibrisdakik.com\/?p=54936#breadcrumb","itemListElement":[{"@type":"ListItem","position":1,"name":"Home","item":"https:\/\/kibrisdakik.com\/"},{"@type":"ListItem","position":2,"name":"Ayd\u0131n&#8217;da zamanla yar\u0131\u015f! G\u00f6n\u00fcll\u00fcler ve gazeteciler alevlerin aras\u0131nda kalmaktan son anda kurtuldular"}]},{"@type":"WebSite","@id":"https:\/\/kibrisdakik.com\/#website","url":"https:\/\/kibrisdakik.com\/","name":"","description":"Tam vaktinde haber","potentialAction":[{"@type":"SearchAction","target":{"@type":"EntryPoint","urlTemplate":"https:\/\/kibrisdakik.com\/?s={search_term_string}"},"query-input":{"@type":"PropertyValueSpecification","valueRequired":true,"valueName":"search_term_string"}}],"inLanguage":"tr"},{"@type":"Person","@id":"https:\/\/kibrisdakik.com\/#\/schema\/person\/9cd9d437bbb44f72b73ba127e06d8e79","name":"admin","image":{"@type":"ImageObject","inLanguage":"tr","@id":"https:\/\/secure.gravatar.com\/avatar\/ccc17943b9d660506c869530f897617f7cb1c21a4bf30023f252596d83e1f007?s=96&d=mm&r=g","url":"https:\/\/secure.gravatar.com\/avatar\/ccc17943b9d660506c869530f897617f7cb1c21a4bf30023f252596d83e1f007?s=96&d=mm&r=g","contentUrl":"https:\/\/secure.gravatar.com\/avatar\/ccc17943b9d660506c869530f897617f7cb1c21a4bf30023f252596d83e1f007?s=96&d=mm&r=g","caption":"admin"},"sameAs":["https:\/\/kibrisdakik.com"],"url":"https:\/\/kibrisdakik.com\/?author=1"}]}},"_links":{"self":[{"href":"https:\/\/kibrisdakik.com\/index.php?rest_route=\/wp\/v2\/posts\/54936","targetHints":{"allow":["GET"]}}],"collection":[{"href":"https:\/\/kibrisdakik.com\/index.php?rest_route=\/wp\/v2\/posts"}],"about":[{"href":"https:\/\/kibrisdakik.com\/index.php?rest_route=\/wp\/v2\/types\/post"}],"author":[{"embeddable":true,"href":"https:\/\/kibrisdakik.com\/index.php?rest_route=\/wp\/v2\/users\/1"}],"replies":[{"embeddable":true,"href":"https:\/\/kibrisdakik.com\/index.php?rest_route=%2Fwp%2Fv2%2Fcomments&post=54936"}],"version-history":[{"count":0,"href":"https:\/\/kibrisdakik.com\/index.php?rest_route=\/wp\/v2\/posts\/54936\/revisions"}],"wp:featuredmedia":[{"embeddable":true,"href":"https:\/\/kibrisdakik.com\/index.php?rest_route=\/wp\/v2\/media\/54937"}],"wp:attachment":[{"href":"https:\/\/kibrisdakik.com\/index.php?rest_route=%2Fwp%2Fv2%2Fmedia&parent=54936"}],"wp:term":[{"taxonomy":"category","embeddable":true,"href":"https:\/\/kibrisdakik.com\/index.php?rest_route=%2Fwp%2Fv2%2Fcategories&post=54936"},{"taxonomy":"post_tag","embeddable":true,"href":"https:\/\/kibrisdakik.com\/index.php?rest_route=%2Fwp%2Fv2%2Ftags&post=54936"}],"curies":[{"name":"wp","href":"https:\/\/api.w.org\/{rel}","templated":true}]}}