{"id":54939,"date":"2024-08-16T22:08:02","date_gmt":"2024-08-16T19:08:02","guid":{"rendered":"https:\/\/kibrisdakik.com\/index.php\/2024\/08\/16\/yozgatta-bicakli-saldirgan-dehseti-1-olu-2-yarali\/"},"modified":"2024-08-16T22:08:02","modified_gmt":"2024-08-16T19:08:02","slug":"yozgatta-bicakli-saldirgan-dehseti-1-olu-2-yarali","status":"publish","type":"post","link":"https:\/\/kibrisdakik.com\/?p=54939","title":{"rendered":"Yozgat&#8217;ta b\u0131\u00e7akl\u0131 sald\u0131rgan deh\u015feti: 1 \u00f6l\u00fc, 2 yaral\u0131"},"content":{"rendered":"<p><\/p>\n<div id=\"\">\n<p> <a class=\"keyword\" href=\"https:\/\/www.haberler.com\/yozgat\/\" title=\"Yozgat Haberleri, Yozgat Haberi, Yozgat Haber\"><strong>Yozgat<\/strong><\/a>&#8216;\u0131n Sorgun il\u00e7esinde b\u0131\u00e7akl\u0131 sald\u0131rgan Z.Y. (17), sokakta rastgele 3 ki\u015fiyi yaralad\u0131. Sald\u0131r\u0131ya u\u011frayanlardan Furkan \u00dcnal (14) kald\u0131r\u0131ld\u0131\u011f\u0131 hastanede ya\u015fam\u0131n\u0131 yitirirken, 2 ki\u015finin tedavisi devam ediyor. Olay sonras\u0131 cep telefonu kameras\u0131yla kaydedilirken, ka\u00e7an b\u0131\u00e7akl\u0131 sald\u0131rgan ise k\u0131sa s\u00fcrede yakalan\u0131p, g\u00f6zalt\u0131na al\u0131nd\u0131.<\/p>\n<h3>RASTGELE 3 K\u0130\u015e\u0130Y\u0130 YARALADI<\/h3>\n<p>Olay, ak\u015fam saatlerinde Sorgun il\u00e7esinde meydana geldi. \u0130ddiaya g\u00f6re; b\u0131\u00e7akl\u0131 sald\u0131rgan Z.Y., sokakta y\u00fcr\u00fcd\u00fc\u011f\u00fc s\u0131rada, rastgele Furkan \u00dcnal ve E.G.&#8217;ye sald\u0131rd\u0131. Z.Y., sald\u0131r\u0131n\u0131n ard\u0131ndan kendisini yakalamaya \u00e7al\u0131\u015fan M.L&#8217;yi (61) de yaralad\u0131ktan sonra olay yerinden ka\u00e7t\u0131. \u0130hbar \u00fczerine olay yerine polis ve sa\u011fl\u0131k ekipleri sevk edildi. Sa\u011fl\u0131k ekiplerince olay yerinde ilk m\u00fcdahalesi yap\u0131lan yaral\u0131lar, Sorgun Devlet Hastanesi&#8217;ne kald\u0131r\u0131ld\u0131.<\/p>\n<h3>HASTANEDE HAYATINI KAYBETT\u0130<\/h3>\n<p>Yaral\u0131lardan durumu a\u011f\u0131r olan Furkan \u00dcnal, buradaki m\u00fcdahalenin ard\u0131ndan Yozgat \u015eehir Hastanesi&#8217;ne sevk edildi. Talihsiz \u00e7ocuk, doktorlar\u0131n t\u00fcm m\u00fcdahalesine ra\u011fmen kurtar\u0131lamad\u0131. 2 yaral\u0131n\u0131n tedavisi devam ederken, b\u0131\u00e7akl\u0131 sald\u0131rgan ise polis ekipleri taraf\u0131ndan yakalanarak, g\u00f6zalt\u0131na al\u0131nd\u0131. \u00d6te yandan olay sonras\u0131 ise cep telefonu kameras\u0131yla kaydedildi.<\/p>\n<p><img loading=\"lazy\" decoding=\"async\" class=\"hbptMainImage lazyload ImgDetay\" src=\"https:\/\/foto.haberler.com\/haber\/2024\/08\/17\/yozgat-ta-bicakli-saldirgan-dehseti-1-olu-2-17727483_3977_m.jpg\" alt=\"Yozgat'ta b\u0131\u00e7akl\u0131 sald\u0131rgan deh\u015feti: 1 \u00f6l\u00fc, 2 yaral\u0131\" width=\"608\" height=\"1257\"\/><span class=\"figcaption\">Furkan \u00dcnal<\/span><\/p>\n<p>\u015e\u00fcphelinin alkoll\u00fc oldu\u011fu \u00f6\u011frenilirken, olayla ilgili ba\u015flat\u0131lan soru\u015fturma s\u00fcrd\u00fcr\u00fcl\u00fcyor. <\/p>\n<figure class=\"type:primaryimage hbhOrder\" style=\"margin-bottom: 20px;\"><img loading=\"lazy\" decoding=\"async\" width=\"1202\" height=\"675\" class=\"hbptMainImage\" id=\"HaberImage\" src=\"https:\/\/foto.haberler.com\/haber\/2024\/08\/17\/yozgat-ta-bicakli-saldirgan-3-kisiyi-yaraladi-1-17727483_6179_amp.jpg\"\/><\/figure>\n<div class=\"editorSade\">Kaynak: Demir\u00f6ren Haber Ajans\u0131 \/  <a href=\"https:\/\/www.haberler.com\/guncel\/\" title=\"G\u00fcncel Haberleri\">G\u00fcncel<\/a> <\/div>\n<h4 id=\"nwsKeywords\"> <a href=\"https:\/\/www.haberler.com\/cep-telefonu\/\" title=\"Cep Telefonu\" class=\"hbptTag\">Cep Telefonu<\/a>  <a href=\"https:\/\/www.haberler.com\/furkan-unal\/\" title=\"Furkan \u00dcnal\" class=\"hbptTag\">Furkan \u00dcnal<\/a>  <a href=\"https:\/\/www.haberler.com\/eskisehir\/\" title=\"Eski\u015fehir\" class=\"hbptTag\">Eski\u015fehir<\/a>  <a href=\"https:\/\/www.haberler.com\/sorgun\/\" title=\"Sorgun\" class=\"hbptTag\">Sorgun<\/a>  <a href=\"https:\/\/www.haberler.com\/yozgat\/\" title=\"Yozgat\" class=\"hbptTag\">Yozgat<\/a>  <a href=\"https:\/\/www.haberler.com\/cocuk\/\" title=\"\u00c7ocuk\" class=\"hbptTag\">\u00c7ocuk<\/a>  <a href=\"https:\/\/www.haberler.com\/saldiri\/\" title=\"Sald\u0131r\u0131\" class=\"hbptTag\">Sald\u0131r\u0131<\/a>  <a href=\"https:\/\/www.haberler.com\/guvenlik\/\" title=\"G\u00fcvenlik\" class=\"hbptTag\">G\u00fcvenlik<\/a>  <a href=\"https:\/\/www.haberler.com\/hukuk\/\" title=\"Hukuk\" class=\"hbptTag\">Hukuk<\/a>  <a href=\"https:\/\/www.haberler.com\/3-sayfa\/\" title=\"3.Sayfa\" class=\"hbptTag\">3.Sayfa<\/a>  <a href=\"https:\/\/www.haberler.com\/guncel\/\" title=\"G\u00fcncel\" class=\"hbptTag\">G\u00fcncel<\/a>  <a href=\"https:\/\/www.haberler.com\/\" title=\"Haberler\" class=\"hbptTag\">Haberler<\/a> <\/h4>\n<\/div>\n","protected":false},"excerpt":{"rendered":"<p>Yozgat&#8216;\u0131n Sorgun il\u00e7esinde b\u0131\u00e7akl\u0131 sald\u0131rgan Z.Y. (17), sokakta rastgele 3 ki\u015fiyi yaralad\u0131. Sald\u0131r\u0131ya u\u011frayanlardan Furkan \u00dcnal (14) kald\u0131r\u0131ld\u0131\u011f\u0131 hastanede ya\u015fam\u0131n\u0131 yitirirken, 2 ki\u015finin tedavisi devam ediyor. Olay sonras\u0131 cep telefonu kameras\u0131yla kaydedilirken, ka\u00e7an b\u0131\u00e7akl\u0131 sald\u0131rgan ise k\u0131sa s\u00fcrede yakalan\u0131p, g\u00f6zalt\u0131na al\u0131nd\u0131. RASTGELE 3 K\u0130\u015e\u0130Y\u0130 YARALADI Olay, ak\u015fam saatlerinde Sorgun il\u00e7esinde meydana geldi. \u0130ddiaya g\u00f6re; b\u0131\u00e7akl\u0131<\/p>\n","protected":false},"author":1,"featured_media":54940,"comment_status":"open","ping_status":"open","sticky":false,"template":"","format":"standard","meta":{"footnotes":""},"categories":[83],"tags":[],"class_list":["post-54939","post","type-post","status-publish","format-standard","has-post-thumbnail","hentry","category-magazin"],"yoast_head":"<!-- This site is optimized with the Yoast SEO plugin v27.4 - https:\/\/yoast.com\/product\/yoast-seo-wordpress\/ -->\n<title>Yozgat&#039;ta b\u0131\u00e7akl\u0131 sald\u0131rgan deh\u015feti: 1 \u00f6l\u00fc, 2 yaral\u0131 -<\/title>\n<meta name=\"robots\" content=\"index, follow, max-snippet:-1, max-image-preview:large, max-video-preview:-1\" \/>\n<link rel=\"canonical\" href=\"https:\/\/kibrisdakik.com\/?p=54939\" \/>\n<meta property=\"og:locale\" content=\"tr_TR\" \/>\n<meta property=\"og:type\" content=\"article\" \/>\n<meta property=\"og:title\" content=\"Yozgat&#039;ta b\u0131\u00e7akl\u0131 sald\u0131rgan deh\u015feti: 1 \u00f6l\u00fc, 2 yaral\u0131 -\" \/>\n<meta property=\"og:description\" content=\"Yozgat&#8216;\u0131n Sorgun il\u00e7esinde b\u0131\u00e7akl\u0131 sald\u0131rgan Z.Y. (17), sokakta rastgele 3 ki\u015fiyi yaralad\u0131. Sald\u0131r\u0131ya u\u011frayanlardan Furkan \u00dcnal (14) kald\u0131r\u0131ld\u0131\u011f\u0131 hastanede ya\u015fam\u0131n\u0131 yitirirken, 2 ki\u015finin tedavisi devam ediyor. Olay sonras\u0131 cep telefonu kameras\u0131yla kaydedilirken, ka\u00e7an b\u0131\u00e7akl\u0131 sald\u0131rgan ise k\u0131sa s\u00fcrede yakalan\u0131p, g\u00f6zalt\u0131na al\u0131nd\u0131. RASTGELE 3 K\u0130\u015e\u0130Y\u0130 YARALADI Olay, ak\u015fam saatlerinde Sorgun il\u00e7esinde meydana geldi. \u0130ddiaya g\u00f6re; b\u0131\u00e7akl\u0131\" \/>\n<meta property=\"og:url\" content=\"https:\/\/kibrisdakik.com\/?p=54939\" \/>\n<meta property=\"article:published_time\" content=\"2024-08-16T19:08:02+00:00\" \/>\n<meta property=\"og:image\" content=\"https:\/\/kibrisdakik.com\/wp-content\/uploads\/2024\/08\/yozgat-ta-bicakli-saldirgan-dehseti-1-olu-2-17727483_3977_m-608x420.jpg\" \/>\n\t<meta property=\"og:image:width\" content=\"608\" \/>\n\t<meta property=\"og:image:height\" content=\"1257\" \/>\n\t<meta property=\"og:image:type\" content=\"image\/jpeg\" \/>\n<meta name=\"author\" content=\"admin\" \/>\n<meta name=\"twitter:card\" content=\"summary_large_image\" \/>\n<meta name=\"twitter:label1\" content=\"Yazan:\" \/>\n\t<meta name=\"twitter:data1\" content=\"admin\" \/>\n\t<meta name=\"twitter:label2\" content=\"Tahmini okuma s\u00fcresi\" \/>\n\t<meta name=\"twitter:data2\" content=\"1 dakika\" \/>\n<script type=\"application\/ld+json\" class=\"yoast-schema-graph\">{\"@context\":\"https:\\\/\\\/schema.org\",\"@graph\":[{\"@type\":\"Article\",\"@id\":\"https:\\\/\\\/kibrisdakik.com\\\/?p=54939#article\",\"isPartOf\":{\"@id\":\"https:\\\/\\\/kibrisdakik.com\\\/?p=54939\"},\"author\":{\"name\":\"admin\",\"@id\":\"https:\\\/\\\/kibrisdakik.com\\\/#\\\/schema\\\/person\\\/9cd9d437bbb44f72b73ba127e06d8e79\"},\"headline\":\"Yozgat&#8217;ta b\u0131\u00e7akl\u0131 sald\u0131rgan deh\u015feti: 1 \u00f6l\u00fc, 2 yaral\u0131\",\"datePublished\":\"2024-08-16T19:08:02+00:00\",\"mainEntityOfPage\":{\"@id\":\"https:\\\/\\\/kibrisdakik.com\\\/?p=54939\"},\"wordCount\":269,\"commentCount\":0,\"image\":{\"@id\":\"https:\\\/\\\/kibrisdakik.com\\\/?p=54939#primaryimage\"},\"thumbnailUrl\":\"https:\\\/\\\/kibrisdakik.com\\\/wp-content\\\/uploads\\\/2024\\\/08\\\/yozgat-ta-bicakli-saldirgan-dehseti-1-olu-2-17727483_3977_m-608x420.jpg\",\"articleSection\":[\"Magazin\"],\"inLanguage\":\"tr\",\"potentialAction\":[{\"@type\":\"CommentAction\",\"name\":\"Comment\",\"target\":[\"https:\\\/\\\/kibrisdakik.com\\\/?p=54939#respond\"]}]},{\"@type\":\"WebPage\",\"@id\":\"https:\\\/\\\/kibrisdakik.com\\\/?p=54939\",\"url\":\"https:\\\/\\\/kibrisdakik.com\\\/?p=54939\",\"name\":\"Yozgat'ta b\u0131\u00e7akl\u0131 sald\u0131rgan deh\u015feti: 1 \u00f6l\u00fc, 2 yaral\u0131 -\",\"isPartOf\":{\"@id\":\"https:\\\/\\\/kibrisdakik.com\\\/#website\"},\"primaryImageOfPage\":{\"@id\":\"https:\\\/\\\/kibrisdakik.com\\\/?p=54939#primaryimage\"},\"image\":{\"@id\":\"https:\\\/\\\/kibrisdakik.com\\\/?p=54939#primaryimage\"},\"thumbnailUrl\":\"https:\\\/\\\/kibrisdakik.com\\\/wp-content\\\/uploads\\\/2024\\\/08\\\/yozgat-ta-bicakli-saldirgan-dehseti-1-olu-2-17727483_3977_m-608x420.jpg\",\"datePublished\":\"2024-08-16T19:08:02+00:00\",\"author\":{\"@id\":\"https:\\\/\\\/kibrisdakik.com\\\/#\\\/schema\\\/person\\\/9cd9d437bbb44f72b73ba127e06d8e79\"},\"breadcrumb\":{\"@id\":\"https:\\\/\\\/kibrisdakik.com\\\/?p=54939#breadcrumb\"},\"inLanguage\":\"tr\",\"potentialAction\":[{\"@type\":\"ReadAction\",\"target\":[\"https:\\\/\\\/kibrisdakik.com\\\/?p=54939\"]}]},{\"@type\":\"ImageObject\",\"inLanguage\":\"tr\",\"@id\":\"https:\\\/\\\/kibrisdakik.com\\\/?p=54939#primaryimage\",\"url\":\"https:\\\/\\\/kibrisdakik.com\\\/wp-content\\\/uploads\\\/2024\\\/08\\\/yozgat-ta-bicakli-saldirgan-dehseti-1-olu-2-17727483_3977_m-608x420.jpg\",\"contentUrl\":\"https:\\\/\\\/kibrisdakik.com\\\/wp-content\\\/uploads\\\/2024\\\/08\\\/yozgat-ta-bicakli-saldirgan-dehseti-1-olu-2-17727483_3977_m-608x420.jpg\",\"width\":608,\"height\":1257},{\"@type\":\"BreadcrumbList\",\"@id\":\"https:\\\/\\\/kibrisdakik.com\\\/?p=54939#breadcrumb\",\"itemListElement\":[{\"@type\":\"ListItem\",\"position\":1,\"name\":\"Home\",\"item\":\"https:\\\/\\\/kibrisdakik.com\\\/\"},{\"@type\":\"ListItem\",\"position\":2,\"name\":\"Yozgat&#8217;ta b\u0131\u00e7akl\u0131 sald\u0131rgan deh\u015feti: 1 \u00f6l\u00fc, 2 yaral\u0131\"}]},{\"@type\":\"WebSite\",\"@id\":\"https:\\\/\\\/kibrisdakik.com\\\/#website\",\"url\":\"https:\\\/\\\/kibrisdakik.com\\\/\",\"name\":\"\",\"description\":\"Tam vaktinde haber\",\"potentialAction\":[{\"@type\":\"SearchAction\",\"target\":{\"@type\":\"EntryPoint\",\"urlTemplate\":\"https:\\\/\\\/kibrisdakik.com\\\/?s={search_term_string}\"},\"query-input\":{\"@type\":\"PropertyValueSpecification\",\"valueRequired\":true,\"valueName\":\"search_term_string\"}}],\"inLanguage\":\"tr\"},{\"@type\":\"Person\",\"@id\":\"https:\\\/\\\/kibrisdakik.com\\\/#\\\/schema\\\/person\\\/9cd9d437bbb44f72b73ba127e06d8e79\",\"name\":\"admin\",\"image\":{\"@type\":\"ImageObject\",\"inLanguage\":\"tr\",\"@id\":\"https:\\\/\\\/secure.gravatar.com\\\/avatar\\\/ccc17943b9d660506c869530f897617f7cb1c21a4bf30023f252596d83e1f007?s=96&d=mm&r=g\",\"url\":\"https:\\\/\\\/secure.gravatar.com\\\/avatar\\\/ccc17943b9d660506c869530f897617f7cb1c21a4bf30023f252596d83e1f007?s=96&d=mm&r=g\",\"contentUrl\":\"https:\\\/\\\/secure.gravatar.com\\\/avatar\\\/ccc17943b9d660506c869530f897617f7cb1c21a4bf30023f252596d83e1f007?s=96&d=mm&r=g\",\"caption\":\"admin\"},\"sameAs\":[\"https:\\\/\\\/kibrisdakik.com\"],\"url\":\"https:\\\/\\\/kibrisdakik.com\\\/?author=1\"}]}<\/script>\n<!-- \/ Yoast SEO plugin. -->","yoast_head_json":{"title":"Yozgat'ta b\u0131\u00e7akl\u0131 sald\u0131rgan deh\u015feti: 1 \u00f6l\u00fc, 2 yaral\u0131 -","robots":{"index":"index","follow":"follow","max-snippet":"max-snippet:-1","max-image-preview":"max-image-preview:large","max-video-preview":"max-video-preview:-1"},"canonical":"https:\/\/kibrisdakik.com\/?p=54939","og_locale":"tr_TR","og_type":"article","og_title":"Yozgat'ta b\u0131\u00e7akl\u0131 sald\u0131rgan deh\u015feti: 1 \u00f6l\u00fc, 2 yaral\u0131 -","og_description":"Yozgat&#8216;\u0131n Sorgun il\u00e7esinde b\u0131\u00e7akl\u0131 sald\u0131rgan Z.Y. (17), sokakta rastgele 3 ki\u015fiyi yaralad\u0131. Sald\u0131r\u0131ya u\u011frayanlardan Furkan \u00dcnal (14) kald\u0131r\u0131ld\u0131\u011f\u0131 hastanede ya\u015fam\u0131n\u0131 yitirirken, 2 ki\u015finin tedavisi devam ediyor. Olay sonras\u0131 cep telefonu kameras\u0131yla kaydedilirken, ka\u00e7an b\u0131\u00e7akl\u0131 sald\u0131rgan ise k\u0131sa s\u00fcrede yakalan\u0131p, g\u00f6zalt\u0131na al\u0131nd\u0131. RASTGELE 3 K\u0130\u015e\u0130Y\u0130 YARALADI Olay, ak\u015fam saatlerinde Sorgun il\u00e7esinde meydana geldi. \u0130ddiaya g\u00f6re; b\u0131\u00e7akl\u0131","og_url":"https:\/\/kibrisdakik.com\/?p=54939","article_published_time":"2024-08-16T19:08:02+00:00","og_image":[{"width":608,"height":1257,"url":"https:\/\/kibrisdakik.com\/wp-content\/uploads\/2024\/08\/yozgat-ta-bicakli-saldirgan-dehseti-1-olu-2-17727483_3977_m-608x420.jpg","type":"image\/jpeg"}],"author":"admin","twitter_card":"summary_large_image","twitter_misc":{"Yazan:":"admin","Tahmini okuma s\u00fcresi":"1 dakika"},"schema":{"@context":"https:\/\/schema.org","@graph":[{"@type":"Article","@id":"https:\/\/kibrisdakik.com\/?p=54939#article","isPartOf":{"@id":"https:\/\/kibrisdakik.com\/?p=54939"},"author":{"name":"admin","@id":"https:\/\/kibrisdakik.com\/#\/schema\/person\/9cd9d437bbb44f72b73ba127e06d8e79"},"headline":"Yozgat&#8217;ta b\u0131\u00e7akl\u0131 sald\u0131rgan deh\u015feti: 1 \u00f6l\u00fc, 2 yaral\u0131","datePublished":"2024-08-16T19:08:02+00:00","mainEntityOfPage":{"@id":"https:\/\/kibrisdakik.com\/?p=54939"},"wordCount":269,"commentCount":0,"image":{"@id":"https:\/\/kibrisdakik.com\/?p=54939#primaryimage"},"thumbnailUrl":"https:\/\/kibrisdakik.com\/wp-content\/uploads\/2024\/08\/yozgat-ta-bicakli-saldirgan-dehseti-1-olu-2-17727483_3977_m-608x420.jpg","articleSection":["Magazin"],"inLanguage":"tr","potentialAction":[{"@type":"CommentAction","name":"Comment","target":["https:\/\/kibrisdakik.com\/?p=54939#respond"]}]},{"@type":"WebPage","@id":"https:\/\/kibrisdakik.com\/?p=54939","url":"https:\/\/kibrisdakik.com\/?p=54939","name":"Yozgat'ta b\u0131\u00e7akl\u0131 sald\u0131rgan deh\u015feti: 1 \u00f6l\u00fc, 2 yaral\u0131 -","isPartOf":{"@id":"https:\/\/kibrisdakik.com\/#website"},"primaryImageOfPage":{"@id":"https:\/\/kibrisdakik.com\/?p=54939#primaryimage"},"image":{"@id":"https:\/\/kibrisdakik.com\/?p=54939#primaryimage"},"thumbnailUrl":"https:\/\/kibrisdakik.com\/wp-content\/uploads\/2024\/08\/yozgat-ta-bicakli-saldirgan-dehseti-1-olu-2-17727483_3977_m-608x420.jpg","datePublished":"2024-08-16T19:08:02+00:00","author":{"@id":"https:\/\/kibrisdakik.com\/#\/schema\/person\/9cd9d437bbb44f72b73ba127e06d8e79"},"breadcrumb":{"@id":"https:\/\/kibrisdakik.com\/?p=54939#breadcrumb"},"inLanguage":"tr","potentialAction":[{"@type":"ReadAction","target":["https:\/\/kibrisdakik.com\/?p=54939"]}]},{"@type":"ImageObject","inLanguage":"tr","@id":"https:\/\/kibrisdakik.com\/?p=54939#primaryimage","url":"https:\/\/kibrisdakik.com\/wp-content\/uploads\/2024\/08\/yozgat-ta-bicakli-saldirgan-dehseti-1-olu-2-17727483_3977_m-608x420.jpg","contentUrl":"https:\/\/kibrisdakik.com\/wp-content\/uploads\/2024\/08\/yozgat-ta-bicakli-saldirgan-dehseti-1-olu-2-17727483_3977_m-608x420.jpg","width":608,"height":1257},{"@type":"BreadcrumbList","@id":"https:\/\/kibrisdakik.com\/?p=54939#breadcrumb","itemListElement":[{"@type":"ListItem","position":1,"name":"Home","item":"https:\/\/kibrisdakik.com\/"},{"@type":"ListItem","position":2,"name":"Yozgat&#8217;ta b\u0131\u00e7akl\u0131 sald\u0131rgan deh\u015feti: 1 \u00f6l\u00fc, 2 yaral\u0131"}]},{"@type":"WebSite","@id":"https:\/\/kibrisdakik.com\/#website","url":"https:\/\/kibrisdakik.com\/","name":"","description":"Tam vaktinde haber","potentialAction":[{"@type":"SearchAction","target":{"@type":"EntryPoint","urlTemplate":"https:\/\/kibrisdakik.com\/?s={search_term_string}"},"query-input":{"@type":"PropertyValueSpecification","valueRequired":true,"valueName":"search_term_string"}}],"inLanguage":"tr"},{"@type":"Person","@id":"https:\/\/kibrisdakik.com\/#\/schema\/person\/9cd9d437bbb44f72b73ba127e06d8e79","name":"admin","image":{"@type":"ImageObject","inLanguage":"tr","@id":"https:\/\/secure.gravatar.com\/avatar\/ccc17943b9d660506c869530f897617f7cb1c21a4bf30023f252596d83e1f007?s=96&d=mm&r=g","url":"https:\/\/secure.gravatar.com\/avatar\/ccc17943b9d660506c869530f897617f7cb1c21a4bf30023f252596d83e1f007?s=96&d=mm&r=g","contentUrl":"https:\/\/secure.gravatar.com\/avatar\/ccc17943b9d660506c869530f897617f7cb1c21a4bf30023f252596d83e1f007?s=96&d=mm&r=g","caption":"admin"},"sameAs":["https:\/\/kibrisdakik.com"],"url":"https:\/\/kibrisdakik.com\/?author=1"}]}},"_links":{"self":[{"href":"https:\/\/kibrisdakik.com\/index.php?rest_route=\/wp\/v2\/posts\/54939","targetHints":{"allow":["GET"]}}],"collection":[{"href":"https:\/\/kibrisdakik.com\/index.php?rest_route=\/wp\/v2\/posts"}],"about":[{"href":"https:\/\/kibrisdakik.com\/index.php?rest_route=\/wp\/v2\/types\/post"}],"author":[{"embeddable":true,"href":"https:\/\/kibrisdakik.com\/index.php?rest_route=\/wp\/v2\/users\/1"}],"replies":[{"embeddable":true,"href":"https:\/\/kibrisdakik.com\/index.php?rest_route=%2Fwp%2Fv2%2Fcomments&post=54939"}],"version-history":[{"count":0,"href":"https:\/\/kibrisdakik.com\/index.php?rest_route=\/wp\/v2\/posts\/54939\/revisions"}],"wp:featuredmedia":[{"embeddable":true,"href":"https:\/\/kibrisdakik.com\/index.php?rest_route=\/wp\/v2\/media\/54940"}],"wp:attachment":[{"href":"https:\/\/kibrisdakik.com\/index.php?rest_route=%2Fwp%2Fv2%2Fmedia&parent=54939"}],"wp:term":[{"taxonomy":"category","embeddable":true,"href":"https:\/\/kibrisdakik.com\/index.php?rest_route=%2Fwp%2Fv2%2Fcategories&post=54939"},{"taxonomy":"post_tag","embeddable":true,"href":"https:\/\/kibrisdakik.com\/index.php?rest_route=%2Fwp%2Fv2%2Ftags&post=54939"}],"curies":[{"name":"wp","href":"https:\/\/api.w.org\/{rel}","templated":true}]}}