{"id":55005,"date":"2024-08-17T10:12:50","date_gmt":"2024-08-17T07:12:50","guid":{"rendered":"https:\/\/kibrisdakik.com\/index.php\/2024\/08\/17\/gaziler-dilekkaya-yolunda-ve-lefkosada-trafik-kazalari\/"},"modified":"2024-08-17T10:12:50","modified_gmt":"2024-08-17T07:12:50","slug":"gaziler-dilekkaya-yolunda-ve-lefkosada-trafik-kazalari","status":"publish","type":"post","link":"https:\/\/kibrisdakik.com\/?p=55005","title":{"rendered":"Gaziler-Dilekkaya yolunda ve Lefko\u015fa\u2019da trafik kazalar\u0131\u2026"},"content":{"rendered":"<p><\/p>\n<div>\n<div class=\"mariselle-image-container center\">\n                <img loading=\"lazy\" decoding=\"async\" width=\"310\" height=\"163\" class=\"lazy-image\" alt=\"\" sizes=\"auto, (max-width: 310px) 100vw, 310px\" src=\"https:\/\/brtk.net\/wp-content\/uploads\/2024\/08\/17\/trafik-kazasi-292.jpg?ver=12d95b3d146045c0c32ce1bc1a8bda1e\" srcset=\"https:\/\/brtk.net\/wp-content\/uploads\/2024\/08\/17\/trafik-kazasi-292.jpg?ver=12d95b3d146045c0c32ce1bc1a8bda1e 310w, https:\/\/brtk.net\/wp-content\/uploads\/2024\/08\/17\/trafik-kazasi-292-300x158.jpg?ver=17d6aac7361c305db3456366168f62c2 300w\"\/>                            <\/div>\n<p>\nGaziler-Dilekkaya yolunda ve Lefko\u015fa\u2019da Mehmet Akif Caddesi\u2019nde meydana gelen trafik kazalar\u0131nda iki ki\u015fi hafif yaraland\u0131; alkoll\u00fc oldu\u011fu belirlenen bir s\u00fcr\u00fcc\u00fc tutukland\u0131.<\/p>\n<p>Polis bas\u0131n b\u00fcltenine g\u00f6re, d\u00fcn 12.30 s\u0131ralar\u0131nda Gaziler-Dilekkaya yolunun ilk kilometresinde, Ay\u015fe Ata (K-20), y\u00f6netimindeki MP 723 plakal\u0131 salon ara\u00e7la Dilekkaya istikametine do\u011fru seyretti\u011fi s\u0131rada dikkatsizli\u011fi sonucu yolun sa\u011f\u0131na ge\u00e7erek o esnada kar\u015f\u0131 istikametten gelmekte olan Nesrin Y\u0131ld\u0131z Birkaya Din\u00e7 (K-29) y\u00f6netimindeki LB 720 plakal\u0131 salon ara\u00e7 ile \u00e7arp\u0131\u015ft\u0131.<\/p>\n<p>\u00c7arpma etkisiyle savrulan LB 720 plakal\u0131 ara\u00e7 yolun solundan \u00e7\u0131k\u0131p takla att\u0131. Kazada yaralanan LB 720 plakal\u0131 ara\u00e7 s\u00fcr\u00fcc\u00fcs\u00fc Nesrin Y\u0131ld\u0131z Birkaya Din\u00e7 ve ayn\u0131 ara\u00e7ta yolcu olarak bulunan Arda Din\u00e7 (E-1.5) kendi imkanlar\u0131yla gittikleri Yak\u0131n Do\u011fu Hastanesi\u2019nde yap\u0131lan tedavilerinin ard\u0131ndan taburcu olmu\u015f edildi.<\/p>\n<p>-Alkoll\u00fc s\u00fcr\u00fcc\u00fc meyhanenin korkuluklar\u0131na ve trafik levhas\u0131na \u00e7arpt\u0131<\/p>\n<p>Lefko\u015fa\u2019da Mehmet Akif Caddesi\u2019nde 02.30\u2019da meydana gelen bir ba\u015fka kazada ise, Gizem \u015een (K-27), 204 mlgr alkoll\u00fc i\u00e7ki tesiri alt\u0131nda, y\u00f6netimindeki PH 843 plakal\u0131 salon ara\u00e7la g\u00fcneye do\u011fru seyretti\u011fi s\u0131rada Rak\u0131 M\u00fcren adl\u0131 meyhanenin \u00f6n\u00fcnde, ref\u00fcjden ge\u00e7erek kald\u0131r\u0131ma \u00e7\u0131kt\u0131 ve meyhanenin ah\u015fap korkuluklar\u0131na ve trafik levhas\u0131na \u00e7arpt\u0131.<\/p>\n<p>Kazada yaralanan olmazken, alkoll\u00fc i\u00e7ki tesiri alt\u0131nda ara\u00e7 kullan\u0131p trafik kazas\u0131 yapan ara\u00e7 s\u00fcr\u00fcc\u00fcs\u00fc Gizem \u015een tutukland\u0131.<\/p>\n<\/p><\/div>\n<p><script async\n                    defer\n                    crossorigin=\"anonymous\"\n                    src=\"https:\/\/connect.facebook.net\/tr_TR\/sdk.js#xfbml=1&#038;version=v3.3\"\n            ><\/script><\/p>\n","protected":false},"excerpt":{"rendered":"<p>Gaziler-Dilekkaya yolunda ve Lefko\u015fa\u2019da Mehmet Akif Caddesi\u2019nde meydana gelen trafik kazalar\u0131nda iki ki\u015fi hafif yaraland\u0131; alkoll\u00fc oldu\u011fu belirlenen bir s\u00fcr\u00fcc\u00fc tutukland\u0131. Polis bas\u0131n b\u00fcltenine g\u00f6re, d\u00fcn 12.30 s\u0131ralar\u0131nda Gaziler-Dilekkaya yolunun ilk kilometresinde, Ay\u015fe Ata (K-20), y\u00f6netimindeki MP 723 plakal\u0131 salon ara\u00e7la Dilekkaya istikametine do\u011fru seyretti\u011fi s\u0131rada dikkatsizli\u011fi sonucu yolun sa\u011f\u0131na ge\u00e7erek o esnada kar\u015f\u0131 istikametten<\/p>\n","protected":false},"author":1,"featured_media":55006,"comment_status":"open","ping_status":"open","sticky":false,"template":"","format":"standard","meta":{"footnotes":""},"categories":[1],"tags":[],"class_list":["post-55005","post","type-post","status-publish","format-standard","has-post-thumbnail","hentry","category-gundem"],"yoast_head":"<!-- This site is optimized with the Yoast SEO plugin v27.5 - https:\/\/yoast.com\/product\/yoast-seo-wordpress\/ -->\n<title>Gaziler-Dilekkaya yolunda ve Lefko\u015fa\u2019da trafik kazalar\u0131\u2026 -<\/title>\n<meta name=\"robots\" content=\"index, follow, max-snippet:-1, max-image-preview:large, max-video-preview:-1\" \/>\n<link rel=\"canonical\" href=\"https:\/\/kibrisdakik.com\/?p=55005\" \/>\n<meta property=\"og:locale\" content=\"tr_TR\" \/>\n<meta property=\"og:type\" content=\"article\" \/>\n<meta property=\"og:title\" content=\"Gaziler-Dilekkaya yolunda ve Lefko\u015fa\u2019da trafik kazalar\u0131\u2026 -\" \/>\n<meta property=\"og:description\" content=\"Gaziler-Dilekkaya yolunda ve Lefko\u015fa\u2019da Mehmet Akif Caddesi\u2019nde meydana gelen trafik kazalar\u0131nda iki ki\u015fi hafif yaraland\u0131; alkoll\u00fc oldu\u011fu belirlenen bir s\u00fcr\u00fcc\u00fc tutukland\u0131. Polis bas\u0131n b\u00fcltenine g\u00f6re, d\u00fcn 12.30 s\u0131ralar\u0131nda Gaziler-Dilekkaya yolunun ilk kilometresinde, Ay\u015fe Ata (K-20), y\u00f6netimindeki MP 723 plakal\u0131 salon ara\u00e7la Dilekkaya istikametine do\u011fru seyretti\u011fi s\u0131rada dikkatsizli\u011fi sonucu yolun sa\u011f\u0131na ge\u00e7erek o esnada kar\u015f\u0131 istikametten\" \/>\n<meta property=\"og:url\" content=\"https:\/\/kibrisdakik.com\/?p=55005\" \/>\n<meta property=\"article:published_time\" content=\"2024-08-17T07:12:50+00:00\" \/>\n<meta property=\"og:image\" content=\"https:\/\/kibrisdakik.com\/wp-content\/uploads\/2024\/08\/trafik-kazasi-292.jpg\" \/>\n\t<meta property=\"og:image:width\" content=\"310\" \/>\n\t<meta property=\"og:image:height\" content=\"163\" \/>\n\t<meta property=\"og:image:type\" content=\"image\/jpeg\" \/>\n<meta name=\"author\" content=\"admin\" \/>\n<meta name=\"twitter:card\" content=\"summary_large_image\" \/>\n<meta name=\"twitter:label1\" content=\"Yazan:\" \/>\n\t<meta name=\"twitter:data1\" content=\"admin\" \/>\n\t<meta name=\"twitter:label2\" content=\"Tahmini okuma s\u00fcresi\" \/>\n\t<meta name=\"twitter:data2\" content=\"1 dakika\" \/>\n<script type=\"application\/ld+json\" class=\"yoast-schema-graph\">{\"@context\":\"https:\\\/\\\/schema.org\",\"@graph\":[{\"@type\":\"Article\",\"@id\":\"https:\\\/\\\/kibrisdakik.com\\\/?p=55005#article\",\"isPartOf\":{\"@id\":\"https:\\\/\\\/kibrisdakik.com\\\/?p=55005\"},\"author\":{\"name\":\"admin\",\"@id\":\"https:\\\/\\\/kibrisdakik.com\\\/#\\\/schema\\\/person\\\/9cd9d437bbb44f72b73ba127e06d8e79\"},\"headline\":\"Gaziler-Dilekkaya yolunda ve Lefko\u015fa\u2019da trafik kazalar\u0131\u2026\",\"datePublished\":\"2024-08-17T07:12:50+00:00\",\"mainEntityOfPage\":{\"@id\":\"https:\\\/\\\/kibrisdakik.com\\\/?p=55005\"},\"wordCount\":258,\"commentCount\":0,\"image\":{\"@id\":\"https:\\\/\\\/kibrisdakik.com\\\/?p=55005#primaryimage\"},\"thumbnailUrl\":\"https:\\\/\\\/kibrisdakik.com\\\/wp-content\\\/uploads\\\/2024\\\/08\\\/trafik-kazasi-292.jpg\",\"articleSection\":[\"G\u00fcndem\"],\"inLanguage\":\"tr\",\"potentialAction\":[{\"@type\":\"CommentAction\",\"name\":\"Comment\",\"target\":[\"https:\\\/\\\/kibrisdakik.com\\\/?p=55005#respond\"]}]},{\"@type\":\"WebPage\",\"@id\":\"https:\\\/\\\/kibrisdakik.com\\\/?p=55005\",\"url\":\"https:\\\/\\\/kibrisdakik.com\\\/?p=55005\",\"name\":\"Gaziler-Dilekkaya yolunda ve Lefko\u015fa\u2019da trafik kazalar\u0131\u2026 -\",\"isPartOf\":{\"@id\":\"https:\\\/\\\/kibrisdakik.com\\\/#website\"},\"primaryImageOfPage\":{\"@id\":\"https:\\\/\\\/kibrisdakik.com\\\/?p=55005#primaryimage\"},\"image\":{\"@id\":\"https:\\\/\\\/kibrisdakik.com\\\/?p=55005#primaryimage\"},\"thumbnailUrl\":\"https:\\\/\\\/kibrisdakik.com\\\/wp-content\\\/uploads\\\/2024\\\/08\\\/trafik-kazasi-292.jpg\",\"datePublished\":\"2024-08-17T07:12:50+00:00\",\"author\":{\"@id\":\"https:\\\/\\\/kibrisdakik.com\\\/#\\\/schema\\\/person\\\/9cd9d437bbb44f72b73ba127e06d8e79\"},\"breadcrumb\":{\"@id\":\"https:\\\/\\\/kibrisdakik.com\\\/?p=55005#breadcrumb\"},\"inLanguage\":\"tr\",\"potentialAction\":[{\"@type\":\"ReadAction\",\"target\":[\"https:\\\/\\\/kibrisdakik.com\\\/?p=55005\"]}]},{\"@type\":\"ImageObject\",\"inLanguage\":\"tr\",\"@id\":\"https:\\\/\\\/kibrisdakik.com\\\/?p=55005#primaryimage\",\"url\":\"https:\\\/\\\/kibrisdakik.com\\\/wp-content\\\/uploads\\\/2024\\\/08\\\/trafik-kazasi-292.jpg\",\"contentUrl\":\"https:\\\/\\\/kibrisdakik.com\\\/wp-content\\\/uploads\\\/2024\\\/08\\\/trafik-kazasi-292.jpg\",\"width\":310,\"height\":163},{\"@type\":\"BreadcrumbList\",\"@id\":\"https:\\\/\\\/kibrisdakik.com\\\/?p=55005#breadcrumb\",\"itemListElement\":[{\"@type\":\"ListItem\",\"position\":1,\"name\":\"Home\",\"item\":\"https:\\\/\\\/kibrisdakik.com\\\/\"},{\"@type\":\"ListItem\",\"position\":2,\"name\":\"Gaziler-Dilekkaya yolunda ve Lefko\u015fa\u2019da trafik kazalar\u0131\u2026\"}]},{\"@type\":\"WebSite\",\"@id\":\"https:\\\/\\\/kibrisdakik.com\\\/#website\",\"url\":\"https:\\\/\\\/kibrisdakik.com\\\/\",\"name\":\"\",\"description\":\"Tam vaktinde haber\",\"potentialAction\":[{\"@type\":\"SearchAction\",\"target\":{\"@type\":\"EntryPoint\",\"urlTemplate\":\"https:\\\/\\\/kibrisdakik.com\\\/?s={search_term_string}\"},\"query-input\":{\"@type\":\"PropertyValueSpecification\",\"valueRequired\":true,\"valueName\":\"search_term_string\"}}],\"inLanguage\":\"tr\"},{\"@type\":\"Person\",\"@id\":\"https:\\\/\\\/kibrisdakik.com\\\/#\\\/schema\\\/person\\\/9cd9d437bbb44f72b73ba127e06d8e79\",\"name\":\"admin\",\"image\":{\"@type\":\"ImageObject\",\"inLanguage\":\"tr\",\"@id\":\"https:\\\/\\\/secure.gravatar.com\\\/avatar\\\/ccc17943b9d660506c869530f897617f7cb1c21a4bf30023f252596d83e1f007?s=96&d=mm&r=g\",\"url\":\"https:\\\/\\\/secure.gravatar.com\\\/avatar\\\/ccc17943b9d660506c869530f897617f7cb1c21a4bf30023f252596d83e1f007?s=96&d=mm&r=g\",\"contentUrl\":\"https:\\\/\\\/secure.gravatar.com\\\/avatar\\\/ccc17943b9d660506c869530f897617f7cb1c21a4bf30023f252596d83e1f007?s=96&d=mm&r=g\",\"caption\":\"admin\"},\"sameAs\":[\"https:\\\/\\\/kibrisdakik.com\"],\"url\":\"https:\\\/\\\/kibrisdakik.com\\\/?author=1\"}]}<\/script>\n<!-- \/ Yoast SEO plugin. -->","yoast_head_json":{"title":"Gaziler-Dilekkaya yolunda ve Lefko\u015fa\u2019da trafik kazalar\u0131\u2026 -","robots":{"index":"index","follow":"follow","max-snippet":"max-snippet:-1","max-image-preview":"max-image-preview:large","max-video-preview":"max-video-preview:-1"},"canonical":"https:\/\/kibrisdakik.com\/?p=55005","og_locale":"tr_TR","og_type":"article","og_title":"Gaziler-Dilekkaya yolunda ve Lefko\u015fa\u2019da trafik kazalar\u0131\u2026 -","og_description":"Gaziler-Dilekkaya yolunda ve Lefko\u015fa\u2019da Mehmet Akif Caddesi\u2019nde meydana gelen trafik kazalar\u0131nda iki ki\u015fi hafif yaraland\u0131; alkoll\u00fc oldu\u011fu belirlenen bir s\u00fcr\u00fcc\u00fc tutukland\u0131. Polis bas\u0131n b\u00fcltenine g\u00f6re, d\u00fcn 12.30 s\u0131ralar\u0131nda Gaziler-Dilekkaya yolunun ilk kilometresinde, Ay\u015fe Ata (K-20), y\u00f6netimindeki MP 723 plakal\u0131 salon ara\u00e7la Dilekkaya istikametine do\u011fru seyretti\u011fi s\u0131rada dikkatsizli\u011fi sonucu yolun sa\u011f\u0131na ge\u00e7erek o esnada kar\u015f\u0131 istikametten","og_url":"https:\/\/kibrisdakik.com\/?p=55005","article_published_time":"2024-08-17T07:12:50+00:00","og_image":[{"width":310,"height":163,"url":"https:\/\/kibrisdakik.com\/wp-content\/uploads\/2024\/08\/trafik-kazasi-292.jpg","type":"image\/jpeg"}],"author":"admin","twitter_card":"summary_large_image","twitter_misc":{"Yazan:":"admin","Tahmini okuma s\u00fcresi":"1 dakika"},"schema":{"@context":"https:\/\/schema.org","@graph":[{"@type":"Article","@id":"https:\/\/kibrisdakik.com\/?p=55005#article","isPartOf":{"@id":"https:\/\/kibrisdakik.com\/?p=55005"},"author":{"name":"admin","@id":"https:\/\/kibrisdakik.com\/#\/schema\/person\/9cd9d437bbb44f72b73ba127e06d8e79"},"headline":"Gaziler-Dilekkaya yolunda ve Lefko\u015fa\u2019da trafik kazalar\u0131\u2026","datePublished":"2024-08-17T07:12:50+00:00","mainEntityOfPage":{"@id":"https:\/\/kibrisdakik.com\/?p=55005"},"wordCount":258,"commentCount":0,"image":{"@id":"https:\/\/kibrisdakik.com\/?p=55005#primaryimage"},"thumbnailUrl":"https:\/\/kibrisdakik.com\/wp-content\/uploads\/2024\/08\/trafik-kazasi-292.jpg","articleSection":["G\u00fcndem"],"inLanguage":"tr","potentialAction":[{"@type":"CommentAction","name":"Comment","target":["https:\/\/kibrisdakik.com\/?p=55005#respond"]}]},{"@type":"WebPage","@id":"https:\/\/kibrisdakik.com\/?p=55005","url":"https:\/\/kibrisdakik.com\/?p=55005","name":"Gaziler-Dilekkaya yolunda ve Lefko\u015fa\u2019da trafik kazalar\u0131\u2026 -","isPartOf":{"@id":"https:\/\/kibrisdakik.com\/#website"},"primaryImageOfPage":{"@id":"https:\/\/kibrisdakik.com\/?p=55005#primaryimage"},"image":{"@id":"https:\/\/kibrisdakik.com\/?p=55005#primaryimage"},"thumbnailUrl":"https:\/\/kibrisdakik.com\/wp-content\/uploads\/2024\/08\/trafik-kazasi-292.jpg","datePublished":"2024-08-17T07:12:50+00:00","author":{"@id":"https:\/\/kibrisdakik.com\/#\/schema\/person\/9cd9d437bbb44f72b73ba127e06d8e79"},"breadcrumb":{"@id":"https:\/\/kibrisdakik.com\/?p=55005#breadcrumb"},"inLanguage":"tr","potentialAction":[{"@type":"ReadAction","target":["https:\/\/kibrisdakik.com\/?p=55005"]}]},{"@type":"ImageObject","inLanguage":"tr","@id":"https:\/\/kibrisdakik.com\/?p=55005#primaryimage","url":"https:\/\/kibrisdakik.com\/wp-content\/uploads\/2024\/08\/trafik-kazasi-292.jpg","contentUrl":"https:\/\/kibrisdakik.com\/wp-content\/uploads\/2024\/08\/trafik-kazasi-292.jpg","width":310,"height":163},{"@type":"BreadcrumbList","@id":"https:\/\/kibrisdakik.com\/?p=55005#breadcrumb","itemListElement":[{"@type":"ListItem","position":1,"name":"Home","item":"https:\/\/kibrisdakik.com\/"},{"@type":"ListItem","position":2,"name":"Gaziler-Dilekkaya yolunda ve Lefko\u015fa\u2019da trafik kazalar\u0131\u2026"}]},{"@type":"WebSite","@id":"https:\/\/kibrisdakik.com\/#website","url":"https:\/\/kibrisdakik.com\/","name":"","description":"Tam vaktinde haber","potentialAction":[{"@type":"SearchAction","target":{"@type":"EntryPoint","urlTemplate":"https:\/\/kibrisdakik.com\/?s={search_term_string}"},"query-input":{"@type":"PropertyValueSpecification","valueRequired":true,"valueName":"search_term_string"}}],"inLanguage":"tr"},{"@type":"Person","@id":"https:\/\/kibrisdakik.com\/#\/schema\/person\/9cd9d437bbb44f72b73ba127e06d8e79","name":"admin","image":{"@type":"ImageObject","inLanguage":"tr","@id":"https:\/\/secure.gravatar.com\/avatar\/ccc17943b9d660506c869530f897617f7cb1c21a4bf30023f252596d83e1f007?s=96&d=mm&r=g","url":"https:\/\/secure.gravatar.com\/avatar\/ccc17943b9d660506c869530f897617f7cb1c21a4bf30023f252596d83e1f007?s=96&d=mm&r=g","contentUrl":"https:\/\/secure.gravatar.com\/avatar\/ccc17943b9d660506c869530f897617f7cb1c21a4bf30023f252596d83e1f007?s=96&d=mm&r=g","caption":"admin"},"sameAs":["https:\/\/kibrisdakik.com"],"url":"https:\/\/kibrisdakik.com\/?author=1"}]}},"_links":{"self":[{"href":"https:\/\/kibrisdakik.com\/index.php?rest_route=\/wp\/v2\/posts\/55005","targetHints":{"allow":["GET"]}}],"collection":[{"href":"https:\/\/kibrisdakik.com\/index.php?rest_route=\/wp\/v2\/posts"}],"about":[{"href":"https:\/\/kibrisdakik.com\/index.php?rest_route=\/wp\/v2\/types\/post"}],"author":[{"embeddable":true,"href":"https:\/\/kibrisdakik.com\/index.php?rest_route=\/wp\/v2\/users\/1"}],"replies":[{"embeddable":true,"href":"https:\/\/kibrisdakik.com\/index.php?rest_route=%2Fwp%2Fv2%2Fcomments&post=55005"}],"version-history":[{"count":0,"href":"https:\/\/kibrisdakik.com\/index.php?rest_route=\/wp\/v2\/posts\/55005\/revisions"}],"wp:featuredmedia":[{"embeddable":true,"href":"https:\/\/kibrisdakik.com\/index.php?rest_route=\/wp\/v2\/media\/55006"}],"wp:attachment":[{"href":"https:\/\/kibrisdakik.com\/index.php?rest_route=%2Fwp%2Fv2%2Fmedia&parent=55005"}],"wp:term":[{"taxonomy":"category","embeddable":true,"href":"https:\/\/kibrisdakik.com\/index.php?rest_route=%2Fwp%2Fv2%2Fcategories&post=55005"},{"taxonomy":"post_tag","embeddable":true,"href":"https:\/\/kibrisdakik.com\/index.php?rest_route=%2Fwp%2Fv2%2Ftags&post=55005"}],"curies":[{"name":"wp","href":"https:\/\/api.w.org\/{rel}","templated":true}]}}