{"id":55162,"date":"2024-08-18T10:46:35","date_gmt":"2024-08-18T07:46:35","guid":{"rendered":"https:\/\/kibrisdakik.com\/index.php\/2024\/08\/18\/depremden-sonra-sizofreni-teshisi-konuldu-gunlerdir-aranan-elektronik-muhendisinin-supheli-olumu\/"},"modified":"2024-08-18T10:46:35","modified_gmt":"2024-08-18T07:46:35","slug":"depremden-sonra-sizofreni-teshisi-konuldu-gunlerdir-aranan-elektronik-muhendisinin-supheli-olumu","status":"publish","type":"post","link":"https:\/\/kibrisdakik.com\/?p=55162","title":{"rendered":"Depremden sonra \u015fizofreni te\u015fhisi konuldu! G\u00fcnlerdir aranan elektronik m\u00fchendisinin \u015f\u00fcpheli \u00f6l\u00fcm\u00fc"},"content":{"rendered":"<p><\/p>\n<div id=\"\">\n<p> <a class=\"keyword\" href=\"https:\/\/www.haberler.com\/hatay\/\" title=\"Hatay Haberleri, Hatay Haberi, Hatay Haber\"><strong>Hatay<\/strong><\/a>&#8216;\u0131n Defne il\u00e7esinde 5 g\u00fcnd\u00fcr kendisinden  <a class=\"keyword\" href=\"https:\/\/www.haberler.com\/\" title=\"Haber, Haberler\"><strong>haber<\/strong><\/a> al\u0131namayan Mehmet Can Buz&#8217;un cans\u0131z bedeni ya\u015fad\u0131\u011f\u0131 konteyner kentin 500 metre yak\u0131n\u0131ndaki terk edilmi\u015f binada bulundu.<\/p>\n<h3>DEPREMDEN SONRA \u015e\u0130ZOFREN\u0130 TE\u015eH\u0130S\u0130 KONULDU<\/h3>\n<p>Defne il\u00e7esi \u00c7ekmece Mahallesi&#8217;nde bulunan konteyner kentte ya\u015fayan Mehmet Can Buz, ge\u00e7ti\u011fimiz g\u00fcn \u00c7ar\u015famba g\u00fcn\u00fc hava almak i\u00e7in konteynerden ayr\u0131ld\u0131. <\/p>\n<p><img loading=\"lazy\" decoding=\"async\" class=\"hbptMainImage lazyload ImgDetay\" src=\"https:\/\/foto.haberler.com\/haber\/2024\/08\/18\/depremden-sonra-sizofreni-teshisi-konuldu-17731250_9027_m.jpg\" alt=\"Depremden sonra \u015fizofreni te\u015fhisi konuldu! G\u00fcnlerdir aranan elektronik m\u00fchendisinin \u015f\u00fcpheli \u00f6l\u00fcm\u00fc\" width=\"640\" height=\"360\"\/><\/p>\n<p>Elektrik ve Elektronik mezunu olan 31 ya\u015f\u0131ndaki Buz, ailesinin aramalar\u0131na cevap vermeyerek kay\u0131plara kar\u0131\u015fm\u0131\u015ft\u0131. Depremden sonra depresyon ve \u015fizofreni te\u015fhisi konulan gen\u00e7 adam, ailesinin sokak sokak aramas\u0131na ra\u011fmen bulunamad\u0131. <\/p>\n<p>Buz&#8217;un cans\u0131z bedeni 5.g\u00fcn\u00fcnde sabah saatlerinde ya\u015fad\u0131klar\u0131 konteyner kente 500 metre mesafedeki terk edilmi\u015f apartmanda bulundu. Olay yeri incele ekiplerinin \u00e7al\u0131\u015fmalar\u0131 sonras\u0131 ailesi \u015fahs\u0131n kay\u0131p olan Mehmet Can oldu\u011funu tespit etti. Olay yerinde yap\u0131lan incelemelerin ard\u0131ndan gen\u00e7 adam\u0131n cenazesi kesin \u00f6l\u00fcm nedeninin tespiti i\u00e7in morga sevk edildi. Buz&#8217;un kesin \u00f6l\u00fcm nedeni polis ekiplerinin olayla y\u00fcr\u00fctt\u00fckleri soru\u015fturma neticesinde netle\u015fecek.<\/p>\n<p><img loading=\"lazy\" decoding=\"async\" class=\"hbptMainImage lazyload ImgDetay\" src=\"https:\/\/foto.haberler.com\/haber\/2024\/08\/18\/depremden-sonra-sizofreni-teshisi-konuldu-17731250_4391_m.jpg\" alt=\"Depremden sonra \u015fizofreni te\u015fhisi konuldu! G\u00fcnlerdir aranan elektronik m\u00fchendisinin \u015f\u00fcpheli \u00f6l\u00fcm\u00fc\" width=\"614\" height=\"999\"\/><\/p>\n<h3>EVE G\u0130D\u0130YORUM DED\u0130, TELEFONLARA CEVAP VERMED\u0130&#8221;<\/h3>\n<p>Evlad\u0131ndan av\u0131 haberi almadan \u00f6nce a\u00e7\u0131klamalarda bulunan Mehmet Can Buz&#8217;un babas\u0131 Cihan Buz, &#8220;O\u011flum \u00e7ok iyi okumu\u015f, k\u00fclt\u00fcrl\u00fc ve \u00fcniversite bitirmi\u015f elektronik m\u00fchendisiydi. Bu depremden sonra herkes de etkili olan psikolojik bir durumdan dolay\u0131 unutkanl\u0131\u011f\u0131 ve stresi \u00e7o\u011fald\u0131. Tedavi g\u00f6r\u00fcyordu. En son bir haftaya kadar hastaneye g\u00f6t\u00fcr\u00fcp getiriyordum. Tedavisi iyi gidiyordu ama en son \u00e7ar\u015famba saat 5.30&#8217;dan sonra bir daha kendisinden haber alamad\u0131m. Bana \u00e7\u0131k\u0131p bir dola\u015faca\u011f\u0131m ve biraz y\u00fcr\u00fcyece\u011fim dedi. Ondan sonra eve de geri d\u00f6nmedi. En son kendisiyle \u00c7ar\u015famba \u00f6\u011fleden sonra konu\u015fmu\u015ftum. Baba, eve \u00e7ok yak\u0131n\u0131m ve eve gidiyorum dedi. O saatten sonra telefonlara cevap vermedi. Kendine de zarar verebilir ve \u00e7evredekilerine de zarar verebilir. \u00c7\u00fcnk\u00fc ka\u00e7 g\u00fcnd\u00fcr ilac\u0131n\u0131 alm\u0131yor&#8221; ifadelerini kulland\u0131.<\/p>\n<figure class=\"type:primaryimage hbhOrder\" style=\"margin-bottom: 20px;\"><img loading=\"lazy\" decoding=\"async\" width=\"1202\" height=\"675\" class=\"hbptMainImage\" id=\"HaberImage\" src=\"https:\/\/foto.haberler.com\/haber\/2024\/08\/18\/depremden-sonra-sizofreni-teshisi-konuldu-17731250_465_amp.jpg\"\/><\/figure>\n<div class=\"editorSade\">Kaynak: \u0130hlas Haber Ajans\u0131 \/  <a href=\"https:\/\/www.haberler.com\/genel\/\" title=\"Genel Haberleri\">Genel<\/a> <\/div>\n<h4 id=\"nwsKeywords\"> <a href=\"https:\/\/www.haberler.com\/sizofreni\/\" title=\"\u015fizofreni\" class=\"hbptTag\">\u015fizofreni<\/a>  <a href=\"https:\/\/www.haberler.com\/sizofreni\/\" title=\"\u015eizofreni\" class=\"hbptTag\">\u015eizofreni<\/a>  <a href=\"https:\/\/www.haberler.com\/3-sayfa\/\" title=\"3-sayfa\" class=\"hbptTag\">3-sayfa<\/a>  <a href=\"https:\/\/www.haberler.com\/defne\/\" title=\"Defne\" class=\"hbptTag\">Defne<\/a>  <a href=\"https:\/\/www.haberler.com\/hatay\/\" title=\"Hatay\" class=\"hbptTag\">Hatay<\/a>  <a href=\"https:\/\/www.haberler.com\/baba\/\" title=\"Baba\" class=\"hbptTag\">Baba<\/a>  <a href=\"https:\/\/www.haberler.com\/3-sayfa\/\" title=\"3.Sayfa\" class=\"hbptTag\">3.Sayfa<\/a>  <a href=\"https:\/\/www.haberler.com\/genel\/\" title=\"Genel\" class=\"hbptTag\">Genel<\/a>  <a href=\"https:\/\/www.haberler.com\/guncel\/\" title=\"G\u00fcncel\" class=\"hbptTag\">G\u00fcncel<\/a>  <a href=\"https:\/\/www.haberler.com\/\" title=\"Haberler\" class=\"hbptTag\">Haberler<\/a> <\/h4>\n<\/div>\n","protected":false},"excerpt":{"rendered":"<p>Hatay&#8216;\u0131n Defne il\u00e7esinde 5 g\u00fcnd\u00fcr kendisinden haber al\u0131namayan Mehmet Can Buz&#8217;un cans\u0131z bedeni ya\u015fad\u0131\u011f\u0131 konteyner kentin 500 metre yak\u0131n\u0131ndaki terk edilmi\u015f binada bulundu. DEPREMDEN SONRA \u015e\u0130ZOFREN\u0130 TE\u015eH\u0130S\u0130 KONULDU Defne il\u00e7esi \u00c7ekmece Mahallesi&#8217;nde bulunan konteyner kentte ya\u015fayan Mehmet Can Buz, ge\u00e7ti\u011fimiz g\u00fcn \u00c7ar\u015famba g\u00fcn\u00fc hava almak i\u00e7in konteynerden ayr\u0131ld\u0131. Elektrik ve Elektronik mezunu olan 31 ya\u015f\u0131ndaki<\/p>\n","protected":false},"author":1,"featured_media":55163,"comment_status":"open","ping_status":"open","sticky":false,"template":"","format":"standard","meta":{"footnotes":""},"categories":[83],"tags":[],"class_list":["post-55162","post","type-post","status-publish","format-standard","has-post-thumbnail","hentry","category-magazin"],"yoast_head":"<!-- This site is optimized with the Yoast SEO plugin v28.3 - https:\/\/yoast.com\/product\/yoast-seo-wordpress\/ -->\n<title>Depremden sonra \u015fizofreni te\u015fhisi konuldu! G\u00fcnlerdir aranan elektronik m\u00fchendisinin \u015f\u00fcpheli \u00f6l\u00fcm\u00fc -<\/title>\n<meta name=\"robots\" content=\"index, follow, max-snippet:-1, max-image-preview:large, max-video-preview:-1\" \/>\n<link rel=\"canonical\" href=\"https:\/\/kibrisdakik.com\/?p=55162\" \/>\n<meta property=\"og:locale\" content=\"tr_TR\" \/>\n<meta property=\"og:type\" content=\"article\" \/>\n<meta property=\"og:title\" content=\"Depremden sonra \u015fizofreni te\u015fhisi konuldu! G\u00fcnlerdir aranan elektronik m\u00fchendisinin \u015f\u00fcpheli \u00f6l\u00fcm\u00fc -\" \/>\n<meta property=\"og:description\" content=\"Hatay&#8216;\u0131n Defne il\u00e7esinde 5 g\u00fcnd\u00fcr kendisinden haber al\u0131namayan Mehmet Can Buz&#8217;un cans\u0131z bedeni ya\u015fad\u0131\u011f\u0131 konteyner kentin 500 metre yak\u0131n\u0131ndaki terk edilmi\u015f binada bulundu. DEPREMDEN SONRA \u015e\u0130ZOFREN\u0130 TE\u015eH\u0130S\u0130 KONULDU Defne il\u00e7esi \u00c7ekmece Mahallesi&#8217;nde bulunan konteyner kentte ya\u015fayan Mehmet Can Buz, ge\u00e7ti\u011fimiz g\u00fcn \u00c7ar\u015famba g\u00fcn\u00fc hava almak i\u00e7in konteynerden ayr\u0131ld\u0131. Elektrik ve Elektronik mezunu olan 31 ya\u015f\u0131ndaki\" \/>\n<meta property=\"og:url\" content=\"https:\/\/kibrisdakik.com\/?p=55162\" \/>\n<meta property=\"article:published_time\" content=\"2024-08-18T07:46:35+00:00\" \/>\n<meta property=\"og:image\" content=\"https:\/\/kibrisdakik.com\/wp-content\/uploads\/2024\/08\/depremden-sonra-sizofreni-teshisi-konuldu-17731250_9027_m.jpg\" \/>\n\t<meta property=\"og:image:width\" content=\"640\" \/>\n\t<meta property=\"og:image:height\" content=\"360\" \/>\n\t<meta property=\"og:image:type\" content=\"image\/jpeg\" \/>\n<meta name=\"author\" content=\"admin\" \/>\n<meta name=\"twitter:card\" content=\"summary_large_image\" \/>\n<meta name=\"twitter:label1\" content=\"Yazan:\" \/>\n\t<meta name=\"twitter:data1\" content=\"admin\" \/>\n\t<meta name=\"twitter:label2\" content=\"Tahmini okuma s\u00fcresi\" \/>\n\t<meta name=\"twitter:data2\" content=\"2 dakika\" \/>\n<script type=\"application\/ld+json\" class=\"yoast-schema-graph\">{\"@context\":\"https:\\\/\\\/schema.org\",\"@graph\":[{\"@type\":\"Article\",\"@id\":\"https:\\\/\\\/kibrisdakik.com\\\/?p=55162#article\",\"isPartOf\":{\"@id\":\"https:\\\/\\\/kibrisdakik.com\\\/?p=55162\"},\"author\":{\"name\":\"admin\",\"@id\":\"https:\\\/\\\/kibrisdakik.com\\\/#\\\/schema\\\/person\\\/9cd9d437bbb44f72b73ba127e06d8e79\"},\"headline\":\"Depremden sonra \u015fizofreni te\u015fhisi konuldu! G\u00fcnlerdir aranan elektronik m\u00fchendisinin \u015f\u00fcpheli \u00f6l\u00fcm\u00fc\",\"datePublished\":\"2024-08-18T07:46:35+00:00\",\"mainEntityOfPage\":{\"@id\":\"https:\\\/\\\/kibrisdakik.com\\\/?p=55162\"},\"wordCount\":367,\"commentCount\":0,\"publisher\":{\"@id\":\"https:\\\/\\\/kibrisdakik.com\\\/#organization\"},\"image\":{\"@id\":\"https:\\\/\\\/kibrisdakik.com\\\/?p=55162#primaryimage\"},\"thumbnailUrl\":\"https:\\\/\\\/kibrisdakik.com\\\/wp-content\\\/uploads\\\/2024\\\/08\\\/depremden-sonra-sizofreni-teshisi-konuldu-17731250_9027_m.jpg\",\"articleSection\":[\"Magazin\"],\"inLanguage\":\"tr\",\"potentialAction\":[{\"@type\":\"CommentAction\",\"name\":\"Comment\",\"target\":[\"https:\\\/\\\/kibrisdakik.com\\\/?p=55162#respond\"]}]},{\"@type\":\"WebPage\",\"@id\":\"https:\\\/\\\/kibrisdakik.com\\\/?p=55162\",\"url\":\"https:\\\/\\\/kibrisdakik.com\\\/?p=55162\",\"name\":\"Depremden sonra \u015fizofreni te\u015fhisi konuldu! G\u00fcnlerdir aranan elektronik m\u00fchendisinin \u015f\u00fcpheli \u00f6l\u00fcm\u00fc -\",\"isPartOf\":{\"@id\":\"https:\\\/\\\/kibrisdakik.com\\\/#website\"},\"primaryImageOfPage\":{\"@id\":\"https:\\\/\\\/kibrisdakik.com\\\/?p=55162#primaryimage\"},\"image\":{\"@id\":\"https:\\\/\\\/kibrisdakik.com\\\/?p=55162#primaryimage\"},\"thumbnailUrl\":\"https:\\\/\\\/kibrisdakik.com\\\/wp-content\\\/uploads\\\/2024\\\/08\\\/depremden-sonra-sizofreni-teshisi-konuldu-17731250_9027_m.jpg\",\"datePublished\":\"2024-08-18T07:46:35+00:00\",\"breadcrumb\":{\"@id\":\"https:\\\/\\\/kibrisdakik.com\\\/?p=55162#breadcrumb\"},\"inLanguage\":\"tr\",\"potentialAction\":[{\"@type\":\"ReadAction\",\"target\":[\"https:\\\/\\\/kibrisdakik.com\\\/?p=55162\"]}]},{\"@type\":\"ImageObject\",\"inLanguage\":\"tr\",\"@id\":\"https:\\\/\\\/kibrisdakik.com\\\/?p=55162#primaryimage\",\"url\":\"https:\\\/\\\/kibrisdakik.com\\\/wp-content\\\/uploads\\\/2024\\\/08\\\/depremden-sonra-sizofreni-teshisi-konuldu-17731250_9027_m.jpg\",\"contentUrl\":\"https:\\\/\\\/kibrisdakik.com\\\/wp-content\\\/uploads\\\/2024\\\/08\\\/depremden-sonra-sizofreni-teshisi-konuldu-17731250_9027_m.jpg\",\"width\":640,\"height\":360},{\"@type\":\"BreadcrumbList\",\"@id\":\"https:\\\/\\\/kibrisdakik.com\\\/?p=55162#breadcrumb\",\"itemListElement\":[{\"@type\":\"ListItem\",\"position\":1,\"name\":\"Home\",\"item\":\"https:\\\/\\\/kibrisdakik.com\\\/\"},{\"@type\":\"ListItem\",\"position\":2,\"name\":\"Depremden sonra \u015fizofreni te\u015fhisi konuldu! G\u00fcnlerdir aranan elektronik m\u00fchendisinin \u015f\u00fcpheli \u00f6l\u00fcm\u00fc\"}]},{\"@type\":\"WebSite\",\"@id\":\"https:\\\/\\\/kibrisdakik.com\\\/#website\",\"url\":\"https:\\\/\\\/kibrisdakik.com\\\/\",\"name\":\"K\u0131br\u0131s Dakik\",\"description\":\"Tam vaktinde haber\",\"publisher\":{\"@id\":\"https:\\\/\\\/kibrisdakik.com\\\/#organization\"},\"potentialAction\":[{\"@type\":\"SearchAction\",\"target\":{\"@type\":\"EntryPoint\",\"urlTemplate\":\"https:\\\/\\\/kibrisdakik.com\\\/?s={search_term_string}\"},\"query-input\":{\"@type\":\"PropertyValueSpecification\",\"valueRequired\":true,\"valueName\":\"search_term_string\"}}],\"inLanguage\":\"tr\"},{\"@type\":\"Organization\",\"@id\":\"https:\\\/\\\/kibrisdakik.com\\\/#organization\",\"name\":\"K\u0131br\u0131s Dakik\",\"url\":\"https:\\\/\\\/kibrisdakik.com\\\/\",\"logo\":{\"@type\":\"ImageObject\",\"inLanguage\":\"tr\",\"@id\":\"https:\\\/\\\/kibrisdakik.com\\\/#\\\/schema\\\/logo\\\/image\\\/\",\"url\":\"https:\\\/\\\/kibrisdakik.com\\\/wp-content\\\/uploads\\\/2025\\\/10\\\/cropped-WhatsApp-Image-2025-10-02-at-12.58.31.jpeg\",\"contentUrl\":\"https:\\\/\\\/kibrisdakik.com\\\/wp-content\\\/uploads\\\/2025\\\/10\\\/cropped-WhatsApp-Image-2025-10-02-at-12.58.31.jpeg\",\"width\":1237,\"height\":190,\"caption\":\"K\u0131br\u0131s Dakik\"},\"image\":{\"@id\":\"https:\\\/\\\/kibrisdakik.com\\\/#\\\/schema\\\/logo\\\/image\\\/\"}},{\"@type\":\"Person\",\"@id\":\"https:\\\/\\\/kibrisdakik.com\\\/#\\\/schema\\\/person\\\/9cd9d437bbb44f72b73ba127e06d8e79\",\"name\":\"admin\",\"image\":{\"@type\":\"ImageObject\",\"inLanguage\":\"tr\",\"@id\":\"https:\\\/\\\/secure.gravatar.com\\\/avatar\\\/ccc17943b9d660506c869530f897617f7cb1c21a4bf30023f252596d83e1f007?s=96&d=mm&r=g\",\"url\":\"https:\\\/\\\/secure.gravatar.com\\\/avatar\\\/ccc17943b9d660506c869530f897617f7cb1c21a4bf30023f252596d83e1f007?s=96&d=mm&r=g\",\"contentUrl\":\"https:\\\/\\\/secure.gravatar.com\\\/avatar\\\/ccc17943b9d660506c869530f897617f7cb1c21a4bf30023f252596d83e1f007?s=96&d=mm&r=g\",\"caption\":\"admin\"},\"sameAs\":[\"https:\\\/\\\/kibrisdakik.com\"],\"url\":\"https:\\\/\\\/kibrisdakik.com\\\/?author=1\"}]}<\/script>\n<!-- \/ Yoast SEO plugin. -->","yoast_head_json":{"title":"Depremden sonra \u015fizofreni te\u015fhisi konuldu! G\u00fcnlerdir aranan elektronik m\u00fchendisinin \u015f\u00fcpheli \u00f6l\u00fcm\u00fc -","robots":{"index":"index","follow":"follow","max-snippet":"max-snippet:-1","max-image-preview":"max-image-preview:large","max-video-preview":"max-video-preview:-1"},"canonical":"https:\/\/kibrisdakik.com\/?p=55162","og_locale":"tr_TR","og_type":"article","og_title":"Depremden sonra \u015fizofreni te\u015fhisi konuldu! G\u00fcnlerdir aranan elektronik m\u00fchendisinin \u015f\u00fcpheli \u00f6l\u00fcm\u00fc -","og_description":"Hatay&#8216;\u0131n Defne il\u00e7esinde 5 g\u00fcnd\u00fcr kendisinden haber al\u0131namayan Mehmet Can Buz&#8217;un cans\u0131z bedeni ya\u015fad\u0131\u011f\u0131 konteyner kentin 500 metre yak\u0131n\u0131ndaki terk edilmi\u015f binada bulundu. DEPREMDEN SONRA \u015e\u0130ZOFREN\u0130 TE\u015eH\u0130S\u0130 KONULDU Defne il\u00e7esi \u00c7ekmece Mahallesi&#8217;nde bulunan konteyner kentte ya\u015fayan Mehmet Can Buz, ge\u00e7ti\u011fimiz g\u00fcn \u00c7ar\u015famba g\u00fcn\u00fc hava almak i\u00e7in konteynerden ayr\u0131ld\u0131. Elektrik ve Elektronik mezunu olan 31 ya\u015f\u0131ndaki","og_url":"https:\/\/kibrisdakik.com\/?p=55162","article_published_time":"2024-08-18T07:46:35+00:00","og_image":[{"width":640,"height":360,"url":"https:\/\/kibrisdakik.com\/wp-content\/uploads\/2024\/08\/depremden-sonra-sizofreni-teshisi-konuldu-17731250_9027_m.jpg","type":"image\/jpeg"}],"author":"admin","twitter_card":"summary_large_image","twitter_misc":{"Yazan:":"admin","Tahmini okuma s\u00fcresi":"2 dakika"},"schema":{"@context":"https:\/\/schema.org","@graph":[{"@type":"Article","@id":"https:\/\/kibrisdakik.com\/?p=55162#article","isPartOf":{"@id":"https:\/\/kibrisdakik.com\/?p=55162"},"author":{"name":"admin","@id":"https:\/\/kibrisdakik.com\/#\/schema\/person\/9cd9d437bbb44f72b73ba127e06d8e79"},"headline":"Depremden sonra \u015fizofreni te\u015fhisi konuldu! G\u00fcnlerdir aranan elektronik m\u00fchendisinin \u015f\u00fcpheli \u00f6l\u00fcm\u00fc","datePublished":"2024-08-18T07:46:35+00:00","mainEntityOfPage":{"@id":"https:\/\/kibrisdakik.com\/?p=55162"},"wordCount":367,"commentCount":0,"publisher":{"@id":"https:\/\/kibrisdakik.com\/#organization"},"image":{"@id":"https:\/\/kibrisdakik.com\/?p=55162#primaryimage"},"thumbnailUrl":"https:\/\/kibrisdakik.com\/wp-content\/uploads\/2024\/08\/depremden-sonra-sizofreni-teshisi-konuldu-17731250_9027_m.jpg","articleSection":["Magazin"],"inLanguage":"tr","potentialAction":[{"@type":"CommentAction","name":"Comment","target":["https:\/\/kibrisdakik.com\/?p=55162#respond"]}]},{"@type":"WebPage","@id":"https:\/\/kibrisdakik.com\/?p=55162","url":"https:\/\/kibrisdakik.com\/?p=55162","name":"Depremden sonra \u015fizofreni te\u015fhisi konuldu! G\u00fcnlerdir aranan elektronik m\u00fchendisinin \u015f\u00fcpheli \u00f6l\u00fcm\u00fc -","isPartOf":{"@id":"https:\/\/kibrisdakik.com\/#website"},"primaryImageOfPage":{"@id":"https:\/\/kibrisdakik.com\/?p=55162#primaryimage"},"image":{"@id":"https:\/\/kibrisdakik.com\/?p=55162#primaryimage"},"thumbnailUrl":"https:\/\/kibrisdakik.com\/wp-content\/uploads\/2024\/08\/depremden-sonra-sizofreni-teshisi-konuldu-17731250_9027_m.jpg","datePublished":"2024-08-18T07:46:35+00:00","breadcrumb":{"@id":"https:\/\/kibrisdakik.com\/?p=55162#breadcrumb"},"inLanguage":"tr","potentialAction":[{"@type":"ReadAction","target":["https:\/\/kibrisdakik.com\/?p=55162"]}]},{"@type":"ImageObject","inLanguage":"tr","@id":"https:\/\/kibrisdakik.com\/?p=55162#primaryimage","url":"https:\/\/kibrisdakik.com\/wp-content\/uploads\/2024\/08\/depremden-sonra-sizofreni-teshisi-konuldu-17731250_9027_m.jpg","contentUrl":"https:\/\/kibrisdakik.com\/wp-content\/uploads\/2024\/08\/depremden-sonra-sizofreni-teshisi-konuldu-17731250_9027_m.jpg","width":640,"height":360},{"@type":"BreadcrumbList","@id":"https:\/\/kibrisdakik.com\/?p=55162#breadcrumb","itemListElement":[{"@type":"ListItem","position":1,"name":"Home","item":"https:\/\/kibrisdakik.com\/"},{"@type":"ListItem","position":2,"name":"Depremden sonra \u015fizofreni te\u015fhisi konuldu! G\u00fcnlerdir aranan elektronik m\u00fchendisinin \u015f\u00fcpheli \u00f6l\u00fcm\u00fc"}]},{"@type":"WebSite","@id":"https:\/\/kibrisdakik.com\/#website","url":"https:\/\/kibrisdakik.com\/","name":"K\u0131br\u0131s Dakik","description":"Tam vaktinde haber","publisher":{"@id":"https:\/\/kibrisdakik.com\/#organization"},"potentialAction":[{"@type":"SearchAction","target":{"@type":"EntryPoint","urlTemplate":"https:\/\/kibrisdakik.com\/?s={search_term_string}"},"query-input":{"@type":"PropertyValueSpecification","valueRequired":true,"valueName":"search_term_string"}}],"inLanguage":"tr"},{"@type":"Organization","@id":"https:\/\/kibrisdakik.com\/#organization","name":"K\u0131br\u0131s Dakik","url":"https:\/\/kibrisdakik.com\/","logo":{"@type":"ImageObject","inLanguage":"tr","@id":"https:\/\/kibrisdakik.com\/#\/schema\/logo\/image\/","url":"https:\/\/kibrisdakik.com\/wp-content\/uploads\/2025\/10\/cropped-WhatsApp-Image-2025-10-02-at-12.58.31.jpeg","contentUrl":"https:\/\/kibrisdakik.com\/wp-content\/uploads\/2025\/10\/cropped-WhatsApp-Image-2025-10-02-at-12.58.31.jpeg","width":1237,"height":190,"caption":"K\u0131br\u0131s Dakik"},"image":{"@id":"https:\/\/kibrisdakik.com\/#\/schema\/logo\/image\/"}},{"@type":"Person","@id":"https:\/\/kibrisdakik.com\/#\/schema\/person\/9cd9d437bbb44f72b73ba127e06d8e79","name":"admin","image":{"@type":"ImageObject","inLanguage":"tr","@id":"https:\/\/secure.gravatar.com\/avatar\/ccc17943b9d660506c869530f897617f7cb1c21a4bf30023f252596d83e1f007?s=96&d=mm&r=g","url":"https:\/\/secure.gravatar.com\/avatar\/ccc17943b9d660506c869530f897617f7cb1c21a4bf30023f252596d83e1f007?s=96&d=mm&r=g","contentUrl":"https:\/\/secure.gravatar.com\/avatar\/ccc17943b9d660506c869530f897617f7cb1c21a4bf30023f252596d83e1f007?s=96&d=mm&r=g","caption":"admin"},"sameAs":["https:\/\/kibrisdakik.com"],"url":"https:\/\/kibrisdakik.com\/?author=1"}]}},"_links":{"self":[{"href":"https:\/\/kibrisdakik.com\/index.php?rest_route=\/wp\/v2\/posts\/55162","targetHints":{"allow":["GET"]}}],"collection":[{"href":"https:\/\/kibrisdakik.com\/index.php?rest_route=\/wp\/v2\/posts"}],"about":[{"href":"https:\/\/kibrisdakik.com\/index.php?rest_route=\/wp\/v2\/types\/post"}],"author":[{"embeddable":true,"href":"https:\/\/kibrisdakik.com\/index.php?rest_route=\/wp\/v2\/users\/1"}],"replies":[{"embeddable":true,"href":"https:\/\/kibrisdakik.com\/index.php?rest_route=%2Fwp%2Fv2%2Fcomments&post=55162"}],"version-history":[{"count":0,"href":"https:\/\/kibrisdakik.com\/index.php?rest_route=\/wp\/v2\/posts\/55162\/revisions"}],"wp:featuredmedia":[{"embeddable":true,"href":"https:\/\/kibrisdakik.com\/index.php?rest_route=\/wp\/v2\/media\/55163"}],"wp:attachment":[{"href":"https:\/\/kibrisdakik.com\/index.php?rest_route=%2Fwp%2Fv2%2Fmedia&parent=55162"}],"wp:term":[{"taxonomy":"category","embeddable":true,"href":"https:\/\/kibrisdakik.com\/index.php?rest_route=%2Fwp%2Fv2%2Fcategories&post=55162"},{"taxonomy":"post_tag","embeddable":true,"href":"https:\/\/kibrisdakik.com\/index.php?rest_route=%2Fwp%2Fv2%2Ftags&post=55162"}],"curies":[{"name":"wp","href":"https:\/\/api.w.org\/{rel}","templated":true}]}}