{"id":55272,"date":"2024-08-18T21:05:06","date_gmt":"2024-08-18T18:05:06","guid":{"rendered":"https:\/\/kibrisdakik.com\/index.php\/2024\/08\/18\/almanyada-muzik-festivalinde-donme-dolap-yangini-en-az-23-yarali\/"},"modified":"2024-08-18T21:05:06","modified_gmt":"2024-08-18T18:05:06","slug":"almanyada-muzik-festivalinde-donme-dolap-yangini-en-az-23-yarali","status":"publish","type":"post","link":"https:\/\/kibrisdakik.com\/?p=55272","title":{"rendered":"Almanya&#8217;da m\u00fczik festivalinde d\u00f6nme dolap yang\u0131n\u0131: En az 23 yaral\u0131"},"content":{"rendered":"<p><\/p>\n<div id=\"\">\n<p> <a class=\"keyword\" href=\"https:\/\/www.haberler.com\/almanya\/\" title=\"Almanya Haberleri, Almanya Haberi, Almanya Haber\"><strong>Almanya<\/strong><\/a>&#8216;n\u0131n Leipzig kentinde d\u00fczenlenen m\u00fczik festivalinde yer alan bir d\u00f6nme dolapta \u00e7\u0131kan yang\u0131nda en az 23 ki\u015finin yaraland\u0131\u011f\u0131 bildirildi.<\/p>\n<h3>D\u00d6NME DOLAPTAK\u0130 YANGIN GONDOLA SI\u00c7RADI<\/h3>\n<p>Alman  <a class=\"keyword\" href=\"https:\/\/www.haberler.com\/\" title=\"Haber, Haberler\"><strong>Haber<\/strong><\/a> Ajans\u0131n\u0131n polise dayand\u0131rd\u0131\u011f\u0131 haberine g\u00f6re, Highfield M\u00fczik Festivali&#8217;nde bulunan bir d\u00f6nme dolapta d\u00fcn ak\u015fam saatlerinde yang\u0131n \u00e7\u0131kt\u0131. \u0130lk belirmelere g\u00f6re d\u00f6nme dolab\u0131n alt\u0131nda bulunan bir madde hen\u00fcz bilinmeyen nedenle alev ald\u0131 ve sonra alevler gondola s\u0131\u00e7rad\u0131.<\/p>\n<h3>23 K\u0130\u015e\u0130 YARALANDI<\/h3>\n<p>Olayda en az 23 ki\u015fi yaraland\u0131. Aralar\u0131nda polislerin ve ilk yard\u0131m ekibinde yer alanlar\u0131n da bulundu\u011fu 16 ki\u015fi hastanede tedavi edildi. Tedavi edilenler aras\u0131nda 4&#8217;\u00fcn\u00fcn yan\u0131klar\u0131 bulundu\u011fu, 1 ki\u015finin de d\u00fc\u015fme sonucu yaraland\u0131\u011f\u0131 bilgisi payla\u015f\u0131ld\u0131. Olaya ili\u015fkin soru\u015fturma devam ediyor.<\/p>\n<figure class=\"type:primaryimage hbhOrder\" style=\"margin-bottom: 20px;\"><img loading=\"lazy\" decoding=\"async\" width=\"1202\" height=\"675\" class=\"hbptMainImage\" id=\"HaberImage\" src=\"https:\/\/foto.haberler.com\/haber\/2024\/08\/18\/almanya-da-muzik-festivalinde-donme-dolap-yangini-17732484_7511_amp.jpg\"\/><\/figure>\n<h4 id=\"nwsKeywords\"> <a href=\"https:\/\/www.haberler.com\/muzik-festivali\/\" title=\"M\u00fczik Festivali\" class=\"hbptTag\">M\u00fczik Festivali<\/a>  <a href=\"https:\/\/www.haberler.com\/almanya\/\" title=\"Almanya\" class=\"hbptTag\">Almanya<\/a>  <a href=\"https:\/\/www.haberler.com\/dunya\/\" title=\"D\u00fcnya\" class=\"hbptTag\">D\u00fcnya<\/a>  <a href=\"https:\/\/www.haberler.com\/festival\/\" title=\"Festival\" class=\"hbptTag\">Festival<\/a>  <a href=\"https:\/\/www.haberler.com\/muzik\/\" title=\"M\u00fczik\" class=\"hbptTag\">M\u00fczik<\/a>  <a href=\"https:\/\/www.haberler.com\/dunya\/\" title=\"D\u00fcnya\" class=\"hbptTag\">D\u00fcnya<\/a>  <a href=\"https:\/\/www.haberler.com\/guncel\/\" title=\"G\u00fcncel\" class=\"hbptTag\">G\u00fcncel<\/a>  <a href=\"https:\/\/www.haberler.com\/\" title=\"Haberler\" class=\"hbptTag\">Haberler<\/a> <\/h4>\n<\/div>\n","protected":false},"excerpt":{"rendered":"<p>Almanya&#8216;n\u0131n Leipzig kentinde d\u00fczenlenen m\u00fczik festivalinde yer alan bir d\u00f6nme dolapta \u00e7\u0131kan yang\u0131nda en az 23 ki\u015finin yaraland\u0131\u011f\u0131 bildirildi. D\u00d6NME DOLAPTAK\u0130 YANGIN GONDOLA SI\u00c7RADI Alman Haber Ajans\u0131n\u0131n polise dayand\u0131rd\u0131\u011f\u0131 haberine g\u00f6re, Highfield M\u00fczik Festivali&#8217;nde bulunan bir d\u00f6nme dolapta d\u00fcn ak\u015fam saatlerinde yang\u0131n \u00e7\u0131kt\u0131. \u0130lk belirmelere g\u00f6re d\u00f6nme dolab\u0131n alt\u0131nda bulunan bir madde hen\u00fcz bilinmeyen nedenle<\/p>\n","protected":false},"author":1,"featured_media":55273,"comment_status":"open","ping_status":"open","sticky":false,"template":"","format":"standard","meta":{"footnotes":""},"categories":[83],"tags":[],"class_list":["post-55272","post","type-post","status-publish","format-standard","has-post-thumbnail","hentry","category-magazin"],"yoast_head":"<!-- This site is optimized with the Yoast SEO plugin v28.3 - https:\/\/yoast.com\/product\/yoast-seo-wordpress\/ -->\n<title>Almanya&#039;da m\u00fczik festivalinde d\u00f6nme dolap yang\u0131n\u0131: En az 23 yaral\u0131 -<\/title>\n<meta name=\"robots\" content=\"index, follow, max-snippet:-1, max-image-preview:large, max-video-preview:-1\" \/>\n<link rel=\"canonical\" href=\"https:\/\/kibrisdakik.com\/?p=55272\" \/>\n<meta property=\"og:locale\" content=\"tr_TR\" \/>\n<meta property=\"og:type\" content=\"article\" \/>\n<meta property=\"og:title\" content=\"Almanya&#039;da m\u00fczik festivalinde d\u00f6nme dolap yang\u0131n\u0131: En az 23 yaral\u0131 -\" \/>\n<meta property=\"og:description\" content=\"Almanya&#8216;n\u0131n Leipzig kentinde d\u00fczenlenen m\u00fczik festivalinde yer alan bir d\u00f6nme dolapta \u00e7\u0131kan yang\u0131nda en az 23 ki\u015finin yaraland\u0131\u011f\u0131 bildirildi. D\u00d6NME DOLAPTAK\u0130 YANGIN GONDOLA SI\u00c7RADI Alman Haber Ajans\u0131n\u0131n polise dayand\u0131rd\u0131\u011f\u0131 haberine g\u00f6re, Highfield M\u00fczik Festivali&#8217;nde bulunan bir d\u00f6nme dolapta d\u00fcn ak\u015fam saatlerinde yang\u0131n \u00e7\u0131kt\u0131. \u0130lk belirmelere g\u00f6re d\u00f6nme dolab\u0131n alt\u0131nda bulunan bir madde hen\u00fcz bilinmeyen nedenle\" \/>\n<meta property=\"og:url\" content=\"https:\/\/kibrisdakik.com\/?p=55272\" \/>\n<meta property=\"article:published_time\" content=\"2024-08-18T18:05:06+00:00\" \/>\n<meta property=\"og:image\" content=\"https:\/\/kibrisdakik.com\/wp-content\/uploads\/2024\/08\/almanya-da-muzik-festivalinde-donme-dolap-yangini-17732484_7511_amp.jpg\" \/>\n\t<meta property=\"og:image:width\" content=\"1202\" \/>\n\t<meta property=\"og:image:height\" content=\"675\" \/>\n\t<meta property=\"og:image:type\" content=\"image\/jpeg\" \/>\n<meta name=\"author\" content=\"admin\" \/>\n<meta name=\"twitter:card\" content=\"summary_large_image\" \/>\n<meta name=\"twitter:label1\" content=\"Yazan:\" \/>\n\t<meta name=\"twitter:data1\" content=\"admin\" \/>\n\t<meta name=\"twitter:label2\" content=\"Tahmini okuma s\u00fcresi\" \/>\n\t<meta name=\"twitter:data2\" content=\"1 dakika\" \/>\n<script type=\"application\/ld+json\" class=\"yoast-schema-graph\">{\"@context\":\"https:\\\/\\\/schema.org\",\"@graph\":[{\"@type\":\"Article\",\"@id\":\"https:\\\/\\\/kibrisdakik.com\\\/?p=55272#article\",\"isPartOf\":{\"@id\":\"https:\\\/\\\/kibrisdakik.com\\\/?p=55272\"},\"author\":{\"name\":\"admin\",\"@id\":\"https:\\\/\\\/kibrisdakik.com\\\/#\\\/schema\\\/person\\\/9cd9d437bbb44f72b73ba127e06d8e79\"},\"headline\":\"Almanya&#8217;da m\u00fczik festivalinde d\u00f6nme dolap yang\u0131n\u0131: En az 23 yaral\u0131\",\"datePublished\":\"2024-08-18T18:05:06+00:00\",\"mainEntityOfPage\":{\"@id\":\"https:\\\/\\\/kibrisdakik.com\\\/?p=55272\"},\"wordCount\":167,\"commentCount\":0,\"publisher\":{\"@id\":\"https:\\\/\\\/kibrisdakik.com\\\/#organization\"},\"image\":{\"@id\":\"https:\\\/\\\/kibrisdakik.com\\\/?p=55272#primaryimage\"},\"thumbnailUrl\":\"https:\\\/\\\/kibrisdakik.com\\\/wp-content\\\/uploads\\\/2024\\\/08\\\/almanya-da-muzik-festivalinde-donme-dolap-yangini-17732484_7511_amp.jpg\",\"articleSection\":[\"Magazin\"],\"inLanguage\":\"tr\",\"potentialAction\":[{\"@type\":\"CommentAction\",\"name\":\"Comment\",\"target\":[\"https:\\\/\\\/kibrisdakik.com\\\/?p=55272#respond\"]}]},{\"@type\":\"WebPage\",\"@id\":\"https:\\\/\\\/kibrisdakik.com\\\/?p=55272\",\"url\":\"https:\\\/\\\/kibrisdakik.com\\\/?p=55272\",\"name\":\"Almanya'da m\u00fczik festivalinde d\u00f6nme dolap yang\u0131n\u0131: En az 23 yaral\u0131 -\",\"isPartOf\":{\"@id\":\"https:\\\/\\\/kibrisdakik.com\\\/#website\"},\"primaryImageOfPage\":{\"@id\":\"https:\\\/\\\/kibrisdakik.com\\\/?p=55272#primaryimage\"},\"image\":{\"@id\":\"https:\\\/\\\/kibrisdakik.com\\\/?p=55272#primaryimage\"},\"thumbnailUrl\":\"https:\\\/\\\/kibrisdakik.com\\\/wp-content\\\/uploads\\\/2024\\\/08\\\/almanya-da-muzik-festivalinde-donme-dolap-yangini-17732484_7511_amp.jpg\",\"datePublished\":\"2024-08-18T18:05:06+00:00\",\"breadcrumb\":{\"@id\":\"https:\\\/\\\/kibrisdakik.com\\\/?p=55272#breadcrumb\"},\"inLanguage\":\"tr\",\"potentialAction\":[{\"@type\":\"ReadAction\",\"target\":[\"https:\\\/\\\/kibrisdakik.com\\\/?p=55272\"]}]},{\"@type\":\"ImageObject\",\"inLanguage\":\"tr\",\"@id\":\"https:\\\/\\\/kibrisdakik.com\\\/?p=55272#primaryimage\",\"url\":\"https:\\\/\\\/kibrisdakik.com\\\/wp-content\\\/uploads\\\/2024\\\/08\\\/almanya-da-muzik-festivalinde-donme-dolap-yangini-17732484_7511_amp.jpg\",\"contentUrl\":\"https:\\\/\\\/kibrisdakik.com\\\/wp-content\\\/uploads\\\/2024\\\/08\\\/almanya-da-muzik-festivalinde-donme-dolap-yangini-17732484_7511_amp.jpg\",\"width\":1202,\"height\":675},{\"@type\":\"BreadcrumbList\",\"@id\":\"https:\\\/\\\/kibrisdakik.com\\\/?p=55272#breadcrumb\",\"itemListElement\":[{\"@type\":\"ListItem\",\"position\":1,\"name\":\"Home\",\"item\":\"https:\\\/\\\/kibrisdakik.com\\\/\"},{\"@type\":\"ListItem\",\"position\":2,\"name\":\"Almanya&#8217;da m\u00fczik festivalinde d\u00f6nme dolap yang\u0131n\u0131: En az 23 yaral\u0131\"}]},{\"@type\":\"WebSite\",\"@id\":\"https:\\\/\\\/kibrisdakik.com\\\/#website\",\"url\":\"https:\\\/\\\/kibrisdakik.com\\\/\",\"name\":\"K\u0131br\u0131s Dakik\",\"description\":\"Tam vaktinde haber\",\"publisher\":{\"@id\":\"https:\\\/\\\/kibrisdakik.com\\\/#organization\"},\"potentialAction\":[{\"@type\":\"SearchAction\",\"target\":{\"@type\":\"EntryPoint\",\"urlTemplate\":\"https:\\\/\\\/kibrisdakik.com\\\/?s={search_term_string}\"},\"query-input\":{\"@type\":\"PropertyValueSpecification\",\"valueRequired\":true,\"valueName\":\"search_term_string\"}}],\"inLanguage\":\"tr\"},{\"@type\":\"Organization\",\"@id\":\"https:\\\/\\\/kibrisdakik.com\\\/#organization\",\"name\":\"K\u0131br\u0131s Dakik\",\"url\":\"https:\\\/\\\/kibrisdakik.com\\\/\",\"logo\":{\"@type\":\"ImageObject\",\"inLanguage\":\"tr\",\"@id\":\"https:\\\/\\\/kibrisdakik.com\\\/#\\\/schema\\\/logo\\\/image\\\/\",\"url\":\"https:\\\/\\\/kibrisdakik.com\\\/wp-content\\\/uploads\\\/2025\\\/10\\\/cropped-WhatsApp-Image-2025-10-02-at-12.58.31.jpeg\",\"contentUrl\":\"https:\\\/\\\/kibrisdakik.com\\\/wp-content\\\/uploads\\\/2025\\\/10\\\/cropped-WhatsApp-Image-2025-10-02-at-12.58.31.jpeg\",\"width\":1237,\"height\":190,\"caption\":\"K\u0131br\u0131s Dakik\"},\"image\":{\"@id\":\"https:\\\/\\\/kibrisdakik.com\\\/#\\\/schema\\\/logo\\\/image\\\/\"}},{\"@type\":\"Person\",\"@id\":\"https:\\\/\\\/kibrisdakik.com\\\/#\\\/schema\\\/person\\\/9cd9d437bbb44f72b73ba127e06d8e79\",\"name\":\"admin\",\"image\":{\"@type\":\"ImageObject\",\"inLanguage\":\"tr\",\"@id\":\"https:\\\/\\\/secure.gravatar.com\\\/avatar\\\/ccc17943b9d660506c869530f897617f7cb1c21a4bf30023f252596d83e1f007?s=96&d=mm&r=g\",\"url\":\"https:\\\/\\\/secure.gravatar.com\\\/avatar\\\/ccc17943b9d660506c869530f897617f7cb1c21a4bf30023f252596d83e1f007?s=96&d=mm&r=g\",\"contentUrl\":\"https:\\\/\\\/secure.gravatar.com\\\/avatar\\\/ccc17943b9d660506c869530f897617f7cb1c21a4bf30023f252596d83e1f007?s=96&d=mm&r=g\",\"caption\":\"admin\"},\"sameAs\":[\"https:\\\/\\\/kibrisdakik.com\"],\"url\":\"https:\\\/\\\/kibrisdakik.com\\\/?author=1\"}]}<\/script>\n<!-- \/ Yoast SEO plugin. -->","yoast_head_json":{"title":"Almanya'da m\u00fczik festivalinde d\u00f6nme dolap yang\u0131n\u0131: En az 23 yaral\u0131 -","robots":{"index":"index","follow":"follow","max-snippet":"max-snippet:-1","max-image-preview":"max-image-preview:large","max-video-preview":"max-video-preview:-1"},"canonical":"https:\/\/kibrisdakik.com\/?p=55272","og_locale":"tr_TR","og_type":"article","og_title":"Almanya'da m\u00fczik festivalinde d\u00f6nme dolap yang\u0131n\u0131: En az 23 yaral\u0131 -","og_description":"Almanya&#8216;n\u0131n Leipzig kentinde d\u00fczenlenen m\u00fczik festivalinde yer alan bir d\u00f6nme dolapta \u00e7\u0131kan yang\u0131nda en az 23 ki\u015finin yaraland\u0131\u011f\u0131 bildirildi. D\u00d6NME DOLAPTAK\u0130 YANGIN GONDOLA SI\u00c7RADI Alman Haber Ajans\u0131n\u0131n polise dayand\u0131rd\u0131\u011f\u0131 haberine g\u00f6re, Highfield M\u00fczik Festivali&#8217;nde bulunan bir d\u00f6nme dolapta d\u00fcn ak\u015fam saatlerinde yang\u0131n \u00e7\u0131kt\u0131. \u0130lk belirmelere g\u00f6re d\u00f6nme dolab\u0131n alt\u0131nda bulunan bir madde hen\u00fcz bilinmeyen nedenle","og_url":"https:\/\/kibrisdakik.com\/?p=55272","article_published_time":"2024-08-18T18:05:06+00:00","og_image":[{"width":1202,"height":675,"url":"https:\/\/kibrisdakik.com\/wp-content\/uploads\/2024\/08\/almanya-da-muzik-festivalinde-donme-dolap-yangini-17732484_7511_amp.jpg","type":"image\/jpeg"}],"author":"admin","twitter_card":"summary_large_image","twitter_misc":{"Yazan:":"admin","Tahmini okuma s\u00fcresi":"1 dakika"},"schema":{"@context":"https:\/\/schema.org","@graph":[{"@type":"Article","@id":"https:\/\/kibrisdakik.com\/?p=55272#article","isPartOf":{"@id":"https:\/\/kibrisdakik.com\/?p=55272"},"author":{"name":"admin","@id":"https:\/\/kibrisdakik.com\/#\/schema\/person\/9cd9d437bbb44f72b73ba127e06d8e79"},"headline":"Almanya&#8217;da m\u00fczik festivalinde d\u00f6nme dolap yang\u0131n\u0131: En az 23 yaral\u0131","datePublished":"2024-08-18T18:05:06+00:00","mainEntityOfPage":{"@id":"https:\/\/kibrisdakik.com\/?p=55272"},"wordCount":167,"commentCount":0,"publisher":{"@id":"https:\/\/kibrisdakik.com\/#organization"},"image":{"@id":"https:\/\/kibrisdakik.com\/?p=55272#primaryimage"},"thumbnailUrl":"https:\/\/kibrisdakik.com\/wp-content\/uploads\/2024\/08\/almanya-da-muzik-festivalinde-donme-dolap-yangini-17732484_7511_amp.jpg","articleSection":["Magazin"],"inLanguage":"tr","potentialAction":[{"@type":"CommentAction","name":"Comment","target":["https:\/\/kibrisdakik.com\/?p=55272#respond"]}]},{"@type":"WebPage","@id":"https:\/\/kibrisdakik.com\/?p=55272","url":"https:\/\/kibrisdakik.com\/?p=55272","name":"Almanya'da m\u00fczik festivalinde d\u00f6nme dolap yang\u0131n\u0131: En az 23 yaral\u0131 -","isPartOf":{"@id":"https:\/\/kibrisdakik.com\/#website"},"primaryImageOfPage":{"@id":"https:\/\/kibrisdakik.com\/?p=55272#primaryimage"},"image":{"@id":"https:\/\/kibrisdakik.com\/?p=55272#primaryimage"},"thumbnailUrl":"https:\/\/kibrisdakik.com\/wp-content\/uploads\/2024\/08\/almanya-da-muzik-festivalinde-donme-dolap-yangini-17732484_7511_amp.jpg","datePublished":"2024-08-18T18:05:06+00:00","breadcrumb":{"@id":"https:\/\/kibrisdakik.com\/?p=55272#breadcrumb"},"inLanguage":"tr","potentialAction":[{"@type":"ReadAction","target":["https:\/\/kibrisdakik.com\/?p=55272"]}]},{"@type":"ImageObject","inLanguage":"tr","@id":"https:\/\/kibrisdakik.com\/?p=55272#primaryimage","url":"https:\/\/kibrisdakik.com\/wp-content\/uploads\/2024\/08\/almanya-da-muzik-festivalinde-donme-dolap-yangini-17732484_7511_amp.jpg","contentUrl":"https:\/\/kibrisdakik.com\/wp-content\/uploads\/2024\/08\/almanya-da-muzik-festivalinde-donme-dolap-yangini-17732484_7511_amp.jpg","width":1202,"height":675},{"@type":"BreadcrumbList","@id":"https:\/\/kibrisdakik.com\/?p=55272#breadcrumb","itemListElement":[{"@type":"ListItem","position":1,"name":"Home","item":"https:\/\/kibrisdakik.com\/"},{"@type":"ListItem","position":2,"name":"Almanya&#8217;da m\u00fczik festivalinde d\u00f6nme dolap yang\u0131n\u0131: En az 23 yaral\u0131"}]},{"@type":"WebSite","@id":"https:\/\/kibrisdakik.com\/#website","url":"https:\/\/kibrisdakik.com\/","name":"K\u0131br\u0131s Dakik","description":"Tam vaktinde haber","publisher":{"@id":"https:\/\/kibrisdakik.com\/#organization"},"potentialAction":[{"@type":"SearchAction","target":{"@type":"EntryPoint","urlTemplate":"https:\/\/kibrisdakik.com\/?s={search_term_string}"},"query-input":{"@type":"PropertyValueSpecification","valueRequired":true,"valueName":"search_term_string"}}],"inLanguage":"tr"},{"@type":"Organization","@id":"https:\/\/kibrisdakik.com\/#organization","name":"K\u0131br\u0131s Dakik","url":"https:\/\/kibrisdakik.com\/","logo":{"@type":"ImageObject","inLanguage":"tr","@id":"https:\/\/kibrisdakik.com\/#\/schema\/logo\/image\/","url":"https:\/\/kibrisdakik.com\/wp-content\/uploads\/2025\/10\/cropped-WhatsApp-Image-2025-10-02-at-12.58.31.jpeg","contentUrl":"https:\/\/kibrisdakik.com\/wp-content\/uploads\/2025\/10\/cropped-WhatsApp-Image-2025-10-02-at-12.58.31.jpeg","width":1237,"height":190,"caption":"K\u0131br\u0131s Dakik"},"image":{"@id":"https:\/\/kibrisdakik.com\/#\/schema\/logo\/image\/"}},{"@type":"Person","@id":"https:\/\/kibrisdakik.com\/#\/schema\/person\/9cd9d437bbb44f72b73ba127e06d8e79","name":"admin","image":{"@type":"ImageObject","inLanguage":"tr","@id":"https:\/\/secure.gravatar.com\/avatar\/ccc17943b9d660506c869530f897617f7cb1c21a4bf30023f252596d83e1f007?s=96&d=mm&r=g","url":"https:\/\/secure.gravatar.com\/avatar\/ccc17943b9d660506c869530f897617f7cb1c21a4bf30023f252596d83e1f007?s=96&d=mm&r=g","contentUrl":"https:\/\/secure.gravatar.com\/avatar\/ccc17943b9d660506c869530f897617f7cb1c21a4bf30023f252596d83e1f007?s=96&d=mm&r=g","caption":"admin"},"sameAs":["https:\/\/kibrisdakik.com"],"url":"https:\/\/kibrisdakik.com\/?author=1"}]}},"_links":{"self":[{"href":"https:\/\/kibrisdakik.com\/index.php?rest_route=\/wp\/v2\/posts\/55272","targetHints":{"allow":["GET"]}}],"collection":[{"href":"https:\/\/kibrisdakik.com\/index.php?rest_route=\/wp\/v2\/posts"}],"about":[{"href":"https:\/\/kibrisdakik.com\/index.php?rest_route=\/wp\/v2\/types\/post"}],"author":[{"embeddable":true,"href":"https:\/\/kibrisdakik.com\/index.php?rest_route=\/wp\/v2\/users\/1"}],"replies":[{"embeddable":true,"href":"https:\/\/kibrisdakik.com\/index.php?rest_route=%2Fwp%2Fv2%2Fcomments&post=55272"}],"version-history":[{"count":0,"href":"https:\/\/kibrisdakik.com\/index.php?rest_route=\/wp\/v2\/posts\/55272\/revisions"}],"wp:featuredmedia":[{"embeddable":true,"href":"https:\/\/kibrisdakik.com\/index.php?rest_route=\/wp\/v2\/media\/55273"}],"wp:attachment":[{"href":"https:\/\/kibrisdakik.com\/index.php?rest_route=%2Fwp%2Fv2%2Fmedia&parent=55272"}],"wp:term":[{"taxonomy":"category","embeddable":true,"href":"https:\/\/kibrisdakik.com\/index.php?rest_route=%2Fwp%2Fv2%2Fcategories&post=55272"},{"taxonomy":"post_tag","embeddable":true,"href":"https:\/\/kibrisdakik.com\/index.php?rest_route=%2Fwp%2Fv2%2Ftags&post=55272"}],"curies":[{"name":"wp","href":"https:\/\/api.w.org\/{rel}","templated":true}]}}