{"id":55285,"date":"2024-08-18T22:23:04","date_gmt":"2024-08-18T19:23:04","guid":{"rendered":"https:\/\/kibrisdakik.com\/index.php\/2024\/08\/18\/safak-sezer-aydemir-akbasin-cenaze-toreninde-yasananlara-isyan-etti-dua-edemedik-hicbir-yapamadik\/"},"modified":"2024-08-18T22:23:04","modified_gmt":"2024-08-18T19:23:04","slug":"safak-sezer-aydemir-akbasin-cenaze-toreninde-yasananlara-isyan-etti-dua-edemedik-hicbir-yapamadik","status":"publish","type":"post","link":"https:\/\/kibrisdakik.com\/?p=55285","title":{"rendered":"\u015eafak Sezer, Aydemir Akba\u015f&#8217;\u0131n cenaze t\u00f6reninde ya\u015fananlara isyan etti: Dua edemedik, hi\u00e7bir yapamad\u0131k"},"content":{"rendered":"<p><\/p>\n<div id=\"\">\n<p>Oyuncu  <a class=\"keyword\" href=\"https:\/\/www.haberler.com\/safak-sezer\/\" title=\"\u015eafak Sezer Haberleri, \u015eafak Sezer Haberi, \u015eafak Sezer Haber\"><strong>\u015eafak Sezer<\/strong><\/a>, 88 ya\u015f\u0131nda hayat\u0131n\u0131 kaybeden usta sanat\u00e7\u0131 Aydemir Akba\u015f&#8217;\u0131n cenaze t\u00f6reninde ya\u015fanan arbedeye ili\u015fkin dikkat \u00e7eken ifadeler kulland\u0131. Sezer, &#8220;Ben hayat\u0131mda ne b\u00f6yle bir \u015fey g\u00f6rd\u00fcm, ne b\u00f6yle bir ya\u015fad\u0131m. Ak\u0131l hastanesinden ka\u00e7anlar cenazeye gelmi\u015f gibiydi. Para isteyen mi dersin, i\u015f isteyen mi! \u0130nan\u0131lmaz bir rezillik. Dua edemedik, hi\u00e7bir yapamad\u0131k.&#8221; dedi.<\/p>\n<h3>AYDEM\u0130R AKBA\u015e SON YOLCULU\u011eUNA U\u011eURLANDI<\/h3>\n<p>Bir s\u00fcredir sa\u011fl\u0131k sorunlar\u0131 ya\u015fayan ve 88 ya\u015f\u0131nda hayat\u0131n\u0131 kaybeden oyuncu Aydemir Akba\u015f, son yolculu\u011funa u\u011furland\u0131. Akba\u015f&#8217;\u0131n naa\u015f\u0131, Galatasaray Lisesi&#8217;nde d\u00fczenlenen t\u00f6ren ve Levent&#8217;teki Barbaros Hayrettin Pa\u015fa Camisi&#8217;nde \u00f6\u011fle vakti k\u0131l\u0131nan cenaze namaz\u0131n\u0131n ard\u0131ndan Ferik\u00f6y Mezarl\u0131\u011f\u0131&#8217;na defnedildi.<\/p>\n<p><img loading=\"lazy\" decoding=\"async\" class=\"hbptMainImage lazyload ImgDetay\" src=\"https:\/\/foto.haberler.com\/haber\/2024\/08\/18\/safak-sezer-aydemir-akbas-in-cenaze-toreninde-17732930_8231_m.jpg\" alt=\"\u015eafak Sezer, Aydemir Akba\u015f'\u0131n cenaze t\u00f6reninde ya\u015fananlara isyan etti: Dua edemedik, hi\u00e7bir yapamad\u0131k\" width=\"640\" height=\"426\"\/><\/p>\n<p>Cenaze namaz\u0131na \u0130stanbul Valisi Davut G\u00fcl, Galatasaray Kul\u00fcb\u00fc Ba\u015fkan\u0131 Dursun \u00d6zbek, K\u00fclt\u00fcr ve Turizm Bakanl\u0131\u011f\u0131 Sinema Genel M\u00fcd\u00fcr\u00fc Birol G\u00fcven, sanat\u00e7\u0131lar \u0130brahim Tatl\u0131ses, Mehmet Ali Erbil ve \u015eafak Sezer ile k\u00fclt\u00fcr ve sanat d\u00fcnyas\u0131ndan pek \u00e7ok ki\u015fi kat\u0131ld\u0131.<\/p>\n<h3>TATLISES&#8217;\u0130N G\u0130R\u0130\u015e\u0130 SIRASINDA ORTALIK KARI\u015eTI<\/h3>\n<p>Cenaze namaz\u0131 i\u00e7in camiye gelen sanat\u00e7\u0131 \u0130brahim Tatl\u0131ses&#8217;in tekerlekli sandalye ile geli\u015fi s\u0131ras\u0131nda arbede ya\u015fand\u0131. Ya\u015fanan anlar saniye saniye kaydedildi.<\/p>\n<p><img loading=\"lazy\" decoding=\"async\" class=\"hbptMainImage lazyload ImgDetay\" src=\"https:\/\/foto.haberler.com\/haber\/2024\/08\/18\/safak-sezer-aydemir-akbas-in-cenaze-toreninde-17732930_1527_m.jpg\" alt=\"\u015eafak Sezer, Aydemir Akba\u015f'\u0131n cenaze t\u00f6reninde ya\u015fananlara isyan etti: Dua edemedik, hi\u00e7bir yapamad\u0131k\" width=\"640\" height=\"426\"\/><\/p>\n<h3>\u015eAFAK SEZER: AKIL HASTANES\u0130NDEN KA\u00c7ANLAR CENAZEYE GELM\u0130\u015e G\u0130B\u0130YD\u0130<\/h3>\n<p>Ya\u015fananlara oyuncu \u015eafak Sezer isyan etti. Cenaze s\u0131ras\u0131nda \u00fcnl\u00fclerle foto\u011fraf \u00e7ekmeye \u00e7al\u0131\u015fan ve canl\u0131 yay\u0131n yapan ki\u015filer nedeniyle dua bile edemediklerini belirten Sezer \u015funlar\u0131 s\u00f6yledi: &#8220;Ben hayat\u0131mda ne b\u00f6yle bir \u015fey g\u00f6rd\u00fcm, ne b\u00f6yle bir ya\u015fad\u0131m. Ak\u0131l hastanesinden ka\u00e7anlar cenazeye gelmi\u015f gibiydi. Para isteyen mi dersin, i\u015f isteyen mi! \u0130nan\u0131lmaz bir rezillik.<\/p>\n<p><img loading=\"lazy\" decoding=\"async\" class=\"hbptMainImage lazyload ImgDetay\" src=\"https:\/\/foto.haberler.com\/haber\/2024\/08\/18\/safak-sezer-aydemir-akbas-in-cenaze-toreninde-17732930_9149_m.jpg\" alt=\"\u015eafak Sezer, Aydemir Akba\u015f'\u0131n cenaze t\u00f6reninde ya\u015fananlara isyan etti: Dua edemedik, hi\u00e7bir yapamad\u0131k\" width=\"640\" height=\"426\"\/><\/p>\n<h3>&#8220;TABUTUN ETRAFINI GAR\u0130P KIYAFETL\u0130 T\u0130KTOK\u00c7U \u00c7OCUKLAR SARMI\u015e&#8221;<\/h3>\n<p>Dua edemedik, hi\u00e7bir yapamad\u0131k. Cami hocas\u0131 namaz\u0131 k\u0131ld\u0131ramay\u0131nca uyard\u0131. \u0130brahim abi 45 y\u0131ll\u0131k arkada\u015f\u0131yla vedala\u015fmaya gelmi\u015f, zor duruma d\u00fc\u015ft\u00fc. Tabutun etraf\u0131n\u0131 garip k\u0131yafetli tiktok\u00e7u \u00e7ocuklar sarm\u0131\u015f, garip hareketler yap\u0131yorlar. Bir canl\u0131 yay\u0131n yapma modas\u0131 ba\u015flam\u0131\u015f. Ak\u0131l al\u0131r gibi de\u011fil. Dua etmemize izin vermediler, insan biraz sayg\u0131 duyar.&#8221;<\/p>\n<h4 id=\"nwsKeywords\"> <a href=\"https:\/\/www.haberler.com\/aydemir-akbas\/\" title=\"Aydemir Akba\u015f\" class=\"hbptTag\">Aydemir Akba\u015f<\/a>  <a href=\"https:\/\/www.haberler.com\/aydemir-akbas\/\" title=\"Aydemir Akba\u015f\" class=\"hbptTag\">Aydemir Akba\u015f<\/a>  <a href=\"https:\/\/www.haberler.com\/safak-sezer\/\" title=\"\u015eafak Sezer\" class=\"hbptTag\">\u015eafak Sezer<\/a>  <a href=\"https:\/\/www.haberler.com\/safak-sezer\/\" title=\"\u015eafak Sezer\" class=\"hbptTag\">\u015eafak Sezer<\/a>  <a href=\"https:\/\/www.haberler.com\/magazin\/\" title=\"Magazin\" class=\"hbptTag\">Magazin<\/a>  <a href=\"https:\/\/www.haberler.com\/yasam\/\" title=\"Ya\u015fam\" class=\"hbptTag\">Ya\u015fam<\/a>  <a href=\"https:\/\/www.haberler.com\/\" title=\"Haberler\" class=\"hbptTag\">Haberler<\/a> <\/h4>\n<\/div>\n","protected":false},"excerpt":{"rendered":"<p>Oyuncu \u015eafak Sezer, 88 ya\u015f\u0131nda hayat\u0131n\u0131 kaybeden usta sanat\u00e7\u0131 Aydemir Akba\u015f&#8217;\u0131n cenaze t\u00f6reninde ya\u015fanan arbedeye ili\u015fkin dikkat \u00e7eken ifadeler kulland\u0131. Sezer, &#8220;Ben hayat\u0131mda ne b\u00f6yle bir \u015fey g\u00f6rd\u00fcm, ne b\u00f6yle bir ya\u015fad\u0131m. Ak\u0131l hastanesinden ka\u00e7anlar cenazeye gelmi\u015f gibiydi. Para isteyen mi dersin, i\u015f isteyen mi! \u0130nan\u0131lmaz bir rezillik. Dua edemedik, hi\u00e7bir yapamad\u0131k.&#8221; dedi. AYDEM\u0130R AKBA\u015e<\/p>\n","protected":false},"author":1,"featured_media":55286,"comment_status":"open","ping_status":"open","sticky":false,"template":"","format":"standard","meta":{"footnotes":""},"categories":[83],"tags":[],"class_list":["post-55285","post","type-post","status-publish","format-standard","has-post-thumbnail","hentry","category-magazin"],"yoast_head":"<!-- This site is optimized with the Yoast SEO plugin v27.4 - https:\/\/yoast.com\/product\/yoast-seo-wordpress\/ -->\n<title>\u015eafak Sezer, Aydemir Akba\u015f&#039;\u0131n cenaze t\u00f6reninde ya\u015fananlara isyan etti: Dua edemedik, hi\u00e7bir yapamad\u0131k -<\/title>\n<meta name=\"robots\" content=\"index, follow, max-snippet:-1, max-image-preview:large, max-video-preview:-1\" \/>\n<link rel=\"canonical\" href=\"https:\/\/kibrisdakik.com\/?p=55285\" \/>\n<meta property=\"og:locale\" content=\"tr_TR\" \/>\n<meta property=\"og:type\" content=\"article\" \/>\n<meta property=\"og:title\" content=\"\u015eafak Sezer, Aydemir Akba\u015f&#039;\u0131n cenaze t\u00f6reninde ya\u015fananlara isyan etti: Dua edemedik, hi\u00e7bir yapamad\u0131k -\" \/>\n<meta property=\"og:description\" content=\"Oyuncu \u015eafak Sezer, 88 ya\u015f\u0131nda hayat\u0131n\u0131 kaybeden usta sanat\u00e7\u0131 Aydemir Akba\u015f&#8217;\u0131n cenaze t\u00f6reninde ya\u015fanan arbedeye ili\u015fkin dikkat \u00e7eken ifadeler kulland\u0131. Sezer, &#8220;Ben hayat\u0131mda ne b\u00f6yle bir \u015fey g\u00f6rd\u00fcm, ne b\u00f6yle bir ya\u015fad\u0131m. Ak\u0131l hastanesinden ka\u00e7anlar cenazeye gelmi\u015f gibiydi. Para isteyen mi dersin, i\u015f isteyen mi! \u0130nan\u0131lmaz bir rezillik. Dua edemedik, hi\u00e7bir yapamad\u0131k.&#8221; dedi. AYDEM\u0130R AKBA\u015e\" \/>\n<meta property=\"og:url\" content=\"https:\/\/kibrisdakik.com\/?p=55285\" \/>\n<meta property=\"article:published_time\" content=\"2024-08-18T19:23:04+00:00\" \/>\n<meta property=\"og:image\" content=\"https:\/\/kibrisdakik.com\/wp-content\/uploads\/2024\/08\/safak-sezer-aydemir-akbas-in-cenaze-toreninde-17732930_8231_m-640x420.jpg\" \/>\n\t<meta property=\"og:image:width\" content=\"640\" \/>\n\t<meta property=\"og:image:height\" content=\"425\" \/>\n\t<meta property=\"og:image:type\" content=\"image\/jpeg\" \/>\n<meta name=\"author\" content=\"admin\" \/>\n<meta name=\"twitter:card\" content=\"summary_large_image\" \/>\n<meta name=\"twitter:label1\" content=\"Yazan:\" \/>\n\t<meta name=\"twitter:data1\" content=\"admin\" \/>\n\t<meta name=\"twitter:label2\" content=\"Tahmini okuma s\u00fcresi\" \/>\n\t<meta name=\"twitter:data2\" content=\"2 dakika\" \/>\n<script type=\"application\/ld+json\" class=\"yoast-schema-graph\">{\"@context\":\"https:\\\/\\\/schema.org\",\"@graph\":[{\"@type\":\"Article\",\"@id\":\"https:\\\/\\\/kibrisdakik.com\\\/?p=55285#article\",\"isPartOf\":{\"@id\":\"https:\\\/\\\/kibrisdakik.com\\\/?p=55285\"},\"author\":{\"name\":\"admin\",\"@id\":\"https:\\\/\\\/kibrisdakik.com\\\/#\\\/schema\\\/person\\\/9cd9d437bbb44f72b73ba127e06d8e79\"},\"headline\":\"\u015eafak Sezer, Aydemir Akba\u015f&#8217;\u0131n cenaze t\u00f6reninde ya\u015fananlara isyan etti: Dua edemedik, hi\u00e7bir yapamad\u0131k\",\"datePublished\":\"2024-08-18T19:23:04+00:00\",\"mainEntityOfPage\":{\"@id\":\"https:\\\/\\\/kibrisdakik.com\\\/?p=55285\"},\"wordCount\":414,\"commentCount\":0,\"image\":{\"@id\":\"https:\\\/\\\/kibrisdakik.com\\\/?p=55285#primaryimage\"},\"thumbnailUrl\":\"https:\\\/\\\/kibrisdakik.com\\\/wp-content\\\/uploads\\\/2024\\\/08\\\/safak-sezer-aydemir-akbas-in-cenaze-toreninde-17732930_8231_m-640x420.jpg\",\"articleSection\":[\"Magazin\"],\"inLanguage\":\"tr\",\"potentialAction\":[{\"@type\":\"CommentAction\",\"name\":\"Comment\",\"target\":[\"https:\\\/\\\/kibrisdakik.com\\\/?p=55285#respond\"]}]},{\"@type\":\"WebPage\",\"@id\":\"https:\\\/\\\/kibrisdakik.com\\\/?p=55285\",\"url\":\"https:\\\/\\\/kibrisdakik.com\\\/?p=55285\",\"name\":\"\u015eafak Sezer, Aydemir Akba\u015f'\u0131n cenaze t\u00f6reninde ya\u015fananlara isyan etti: Dua edemedik, hi\u00e7bir yapamad\u0131k -\",\"isPartOf\":{\"@id\":\"https:\\\/\\\/kibrisdakik.com\\\/#website\"},\"primaryImageOfPage\":{\"@id\":\"https:\\\/\\\/kibrisdakik.com\\\/?p=55285#primaryimage\"},\"image\":{\"@id\":\"https:\\\/\\\/kibrisdakik.com\\\/?p=55285#primaryimage\"},\"thumbnailUrl\":\"https:\\\/\\\/kibrisdakik.com\\\/wp-content\\\/uploads\\\/2024\\\/08\\\/safak-sezer-aydemir-akbas-in-cenaze-toreninde-17732930_8231_m-640x420.jpg\",\"datePublished\":\"2024-08-18T19:23:04+00:00\",\"author\":{\"@id\":\"https:\\\/\\\/kibrisdakik.com\\\/#\\\/schema\\\/person\\\/9cd9d437bbb44f72b73ba127e06d8e79\"},\"breadcrumb\":{\"@id\":\"https:\\\/\\\/kibrisdakik.com\\\/?p=55285#breadcrumb\"},\"inLanguage\":\"tr\",\"potentialAction\":[{\"@type\":\"ReadAction\",\"target\":[\"https:\\\/\\\/kibrisdakik.com\\\/?p=55285\"]}]},{\"@type\":\"ImageObject\",\"inLanguage\":\"tr\",\"@id\":\"https:\\\/\\\/kibrisdakik.com\\\/?p=55285#primaryimage\",\"url\":\"https:\\\/\\\/kibrisdakik.com\\\/wp-content\\\/uploads\\\/2024\\\/08\\\/safak-sezer-aydemir-akbas-in-cenaze-toreninde-17732930_8231_m-640x420.jpg\",\"contentUrl\":\"https:\\\/\\\/kibrisdakik.com\\\/wp-content\\\/uploads\\\/2024\\\/08\\\/safak-sezer-aydemir-akbas-in-cenaze-toreninde-17732930_8231_m-640x420.jpg\",\"width\":640,\"height\":425},{\"@type\":\"BreadcrumbList\",\"@id\":\"https:\\\/\\\/kibrisdakik.com\\\/?p=55285#breadcrumb\",\"itemListElement\":[{\"@type\":\"ListItem\",\"position\":1,\"name\":\"Home\",\"item\":\"https:\\\/\\\/kibrisdakik.com\\\/\"},{\"@type\":\"ListItem\",\"position\":2,\"name\":\"\u015eafak Sezer, Aydemir Akba\u015f&#8217;\u0131n cenaze t\u00f6reninde ya\u015fananlara isyan etti: Dua edemedik, hi\u00e7bir yapamad\u0131k\"}]},{\"@type\":\"WebSite\",\"@id\":\"https:\\\/\\\/kibrisdakik.com\\\/#website\",\"url\":\"https:\\\/\\\/kibrisdakik.com\\\/\",\"name\":\"\",\"description\":\"Tam vaktinde haber\",\"potentialAction\":[{\"@type\":\"SearchAction\",\"target\":{\"@type\":\"EntryPoint\",\"urlTemplate\":\"https:\\\/\\\/kibrisdakik.com\\\/?s={search_term_string}\"},\"query-input\":{\"@type\":\"PropertyValueSpecification\",\"valueRequired\":true,\"valueName\":\"search_term_string\"}}],\"inLanguage\":\"tr\"},{\"@type\":\"Person\",\"@id\":\"https:\\\/\\\/kibrisdakik.com\\\/#\\\/schema\\\/person\\\/9cd9d437bbb44f72b73ba127e06d8e79\",\"name\":\"admin\",\"image\":{\"@type\":\"ImageObject\",\"inLanguage\":\"tr\",\"@id\":\"https:\\\/\\\/secure.gravatar.com\\\/avatar\\\/ccc17943b9d660506c869530f897617f7cb1c21a4bf30023f252596d83e1f007?s=96&d=mm&r=g\",\"url\":\"https:\\\/\\\/secure.gravatar.com\\\/avatar\\\/ccc17943b9d660506c869530f897617f7cb1c21a4bf30023f252596d83e1f007?s=96&d=mm&r=g\",\"contentUrl\":\"https:\\\/\\\/secure.gravatar.com\\\/avatar\\\/ccc17943b9d660506c869530f897617f7cb1c21a4bf30023f252596d83e1f007?s=96&d=mm&r=g\",\"caption\":\"admin\"},\"sameAs\":[\"https:\\\/\\\/kibrisdakik.com\"],\"url\":\"https:\\\/\\\/kibrisdakik.com\\\/?author=1\"}]}<\/script>\n<!-- \/ Yoast SEO plugin. -->","yoast_head_json":{"title":"\u015eafak Sezer, Aydemir Akba\u015f'\u0131n cenaze t\u00f6reninde ya\u015fananlara isyan etti: Dua edemedik, hi\u00e7bir yapamad\u0131k -","robots":{"index":"index","follow":"follow","max-snippet":"max-snippet:-1","max-image-preview":"max-image-preview:large","max-video-preview":"max-video-preview:-1"},"canonical":"https:\/\/kibrisdakik.com\/?p=55285","og_locale":"tr_TR","og_type":"article","og_title":"\u015eafak Sezer, Aydemir Akba\u015f'\u0131n cenaze t\u00f6reninde ya\u015fananlara isyan etti: Dua edemedik, hi\u00e7bir yapamad\u0131k -","og_description":"Oyuncu \u015eafak Sezer, 88 ya\u015f\u0131nda hayat\u0131n\u0131 kaybeden usta sanat\u00e7\u0131 Aydemir Akba\u015f&#8217;\u0131n cenaze t\u00f6reninde ya\u015fanan arbedeye ili\u015fkin dikkat \u00e7eken ifadeler kulland\u0131. Sezer, &#8220;Ben hayat\u0131mda ne b\u00f6yle bir \u015fey g\u00f6rd\u00fcm, ne b\u00f6yle bir ya\u015fad\u0131m. Ak\u0131l hastanesinden ka\u00e7anlar cenazeye gelmi\u015f gibiydi. Para isteyen mi dersin, i\u015f isteyen mi! \u0130nan\u0131lmaz bir rezillik. Dua edemedik, hi\u00e7bir yapamad\u0131k.&#8221; dedi. AYDEM\u0130R AKBA\u015e","og_url":"https:\/\/kibrisdakik.com\/?p=55285","article_published_time":"2024-08-18T19:23:04+00:00","og_image":[{"width":640,"height":425,"url":"https:\/\/kibrisdakik.com\/wp-content\/uploads\/2024\/08\/safak-sezer-aydemir-akbas-in-cenaze-toreninde-17732930_8231_m-640x420.jpg","type":"image\/jpeg"}],"author":"admin","twitter_card":"summary_large_image","twitter_misc":{"Yazan:":"admin","Tahmini okuma s\u00fcresi":"2 dakika"},"schema":{"@context":"https:\/\/schema.org","@graph":[{"@type":"Article","@id":"https:\/\/kibrisdakik.com\/?p=55285#article","isPartOf":{"@id":"https:\/\/kibrisdakik.com\/?p=55285"},"author":{"name":"admin","@id":"https:\/\/kibrisdakik.com\/#\/schema\/person\/9cd9d437bbb44f72b73ba127e06d8e79"},"headline":"\u015eafak Sezer, Aydemir Akba\u015f&#8217;\u0131n cenaze t\u00f6reninde ya\u015fananlara isyan etti: Dua edemedik, hi\u00e7bir yapamad\u0131k","datePublished":"2024-08-18T19:23:04+00:00","mainEntityOfPage":{"@id":"https:\/\/kibrisdakik.com\/?p=55285"},"wordCount":414,"commentCount":0,"image":{"@id":"https:\/\/kibrisdakik.com\/?p=55285#primaryimage"},"thumbnailUrl":"https:\/\/kibrisdakik.com\/wp-content\/uploads\/2024\/08\/safak-sezer-aydemir-akbas-in-cenaze-toreninde-17732930_8231_m-640x420.jpg","articleSection":["Magazin"],"inLanguage":"tr","potentialAction":[{"@type":"CommentAction","name":"Comment","target":["https:\/\/kibrisdakik.com\/?p=55285#respond"]}]},{"@type":"WebPage","@id":"https:\/\/kibrisdakik.com\/?p=55285","url":"https:\/\/kibrisdakik.com\/?p=55285","name":"\u015eafak Sezer, Aydemir Akba\u015f'\u0131n cenaze t\u00f6reninde ya\u015fananlara isyan etti: Dua edemedik, hi\u00e7bir yapamad\u0131k -","isPartOf":{"@id":"https:\/\/kibrisdakik.com\/#website"},"primaryImageOfPage":{"@id":"https:\/\/kibrisdakik.com\/?p=55285#primaryimage"},"image":{"@id":"https:\/\/kibrisdakik.com\/?p=55285#primaryimage"},"thumbnailUrl":"https:\/\/kibrisdakik.com\/wp-content\/uploads\/2024\/08\/safak-sezer-aydemir-akbas-in-cenaze-toreninde-17732930_8231_m-640x420.jpg","datePublished":"2024-08-18T19:23:04+00:00","author":{"@id":"https:\/\/kibrisdakik.com\/#\/schema\/person\/9cd9d437bbb44f72b73ba127e06d8e79"},"breadcrumb":{"@id":"https:\/\/kibrisdakik.com\/?p=55285#breadcrumb"},"inLanguage":"tr","potentialAction":[{"@type":"ReadAction","target":["https:\/\/kibrisdakik.com\/?p=55285"]}]},{"@type":"ImageObject","inLanguage":"tr","@id":"https:\/\/kibrisdakik.com\/?p=55285#primaryimage","url":"https:\/\/kibrisdakik.com\/wp-content\/uploads\/2024\/08\/safak-sezer-aydemir-akbas-in-cenaze-toreninde-17732930_8231_m-640x420.jpg","contentUrl":"https:\/\/kibrisdakik.com\/wp-content\/uploads\/2024\/08\/safak-sezer-aydemir-akbas-in-cenaze-toreninde-17732930_8231_m-640x420.jpg","width":640,"height":425},{"@type":"BreadcrumbList","@id":"https:\/\/kibrisdakik.com\/?p=55285#breadcrumb","itemListElement":[{"@type":"ListItem","position":1,"name":"Home","item":"https:\/\/kibrisdakik.com\/"},{"@type":"ListItem","position":2,"name":"\u015eafak Sezer, Aydemir Akba\u015f&#8217;\u0131n cenaze t\u00f6reninde ya\u015fananlara isyan etti: Dua edemedik, hi\u00e7bir yapamad\u0131k"}]},{"@type":"WebSite","@id":"https:\/\/kibrisdakik.com\/#website","url":"https:\/\/kibrisdakik.com\/","name":"","description":"Tam vaktinde haber","potentialAction":[{"@type":"SearchAction","target":{"@type":"EntryPoint","urlTemplate":"https:\/\/kibrisdakik.com\/?s={search_term_string}"},"query-input":{"@type":"PropertyValueSpecification","valueRequired":true,"valueName":"search_term_string"}}],"inLanguage":"tr"},{"@type":"Person","@id":"https:\/\/kibrisdakik.com\/#\/schema\/person\/9cd9d437bbb44f72b73ba127e06d8e79","name":"admin","image":{"@type":"ImageObject","inLanguage":"tr","@id":"https:\/\/secure.gravatar.com\/avatar\/ccc17943b9d660506c869530f897617f7cb1c21a4bf30023f252596d83e1f007?s=96&d=mm&r=g","url":"https:\/\/secure.gravatar.com\/avatar\/ccc17943b9d660506c869530f897617f7cb1c21a4bf30023f252596d83e1f007?s=96&d=mm&r=g","contentUrl":"https:\/\/secure.gravatar.com\/avatar\/ccc17943b9d660506c869530f897617f7cb1c21a4bf30023f252596d83e1f007?s=96&d=mm&r=g","caption":"admin"},"sameAs":["https:\/\/kibrisdakik.com"],"url":"https:\/\/kibrisdakik.com\/?author=1"}]}},"_links":{"self":[{"href":"https:\/\/kibrisdakik.com\/index.php?rest_route=\/wp\/v2\/posts\/55285","targetHints":{"allow":["GET"]}}],"collection":[{"href":"https:\/\/kibrisdakik.com\/index.php?rest_route=\/wp\/v2\/posts"}],"about":[{"href":"https:\/\/kibrisdakik.com\/index.php?rest_route=\/wp\/v2\/types\/post"}],"author":[{"embeddable":true,"href":"https:\/\/kibrisdakik.com\/index.php?rest_route=\/wp\/v2\/users\/1"}],"replies":[{"embeddable":true,"href":"https:\/\/kibrisdakik.com\/index.php?rest_route=%2Fwp%2Fv2%2Fcomments&post=55285"}],"version-history":[{"count":0,"href":"https:\/\/kibrisdakik.com\/index.php?rest_route=\/wp\/v2\/posts\/55285\/revisions"}],"wp:featuredmedia":[{"embeddable":true,"href":"https:\/\/kibrisdakik.com\/index.php?rest_route=\/wp\/v2\/media\/55286"}],"wp:attachment":[{"href":"https:\/\/kibrisdakik.com\/index.php?rest_route=%2Fwp%2Fv2%2Fmedia&parent=55285"}],"wp:term":[{"taxonomy":"category","embeddable":true,"href":"https:\/\/kibrisdakik.com\/index.php?rest_route=%2Fwp%2Fv2%2Fcategories&post=55285"},{"taxonomy":"post_tag","embeddable":true,"href":"https:\/\/kibrisdakik.com\/index.php?rest_route=%2Fwp%2Fv2%2Ftags&post=55285"}],"curies":[{"name":"wp","href":"https:\/\/api.w.org\/{rel}","templated":true}]}}