{"id":55301,"date":"2024-08-18T23:29:08","date_gmt":"2024-08-18T20:29:08","guid":{"rendered":"https:\/\/kibrisdakik.com\/index.php\/2024\/08\/18\/7-sehirdeki-orman-yanginlarinda-9-tutuklama\/"},"modified":"2024-08-18T23:29:08","modified_gmt":"2024-08-18T20:29:08","slug":"7-sehirdeki-orman-yanginlarinda-9-tutuklama","status":"publish","type":"post","link":"https:\/\/kibrisdakik.com\/?p=55301","title":{"rendered":"7 \u015fehirdeki orman yang\u0131nlar\u0131nda 9 tutuklama"},"content":{"rendered":"<p><img decoding=\"async\" src=\"https:\/\/foto.haberler.com\/haber\/2024\/08\/18\/7-sehirdeki-orman-yanginlarinda-9-tutuklama-17733078_6603_amp.jpg\" \/><\/p>\n<div id=\"\">\n<p>Ayd\u0131n, Mu\u011fla, \u0130zmir, Manisa, Tunceli, Bolu ve U\u015fak&#8217;ta \u00e7\u0131kan orman yang\u0131nlar\u0131na ili\u015fkin g\u00f6zalt\u0131na al\u0131nan 22 \u015f\u00fcpheliden 90&#8217;u tutukland\u0131.<\/p>\n<h3>YANGINLARLA M\u00dcCADELE DEVAM ED\u0130YOR<\/h3>\n<p>Hava s\u0131cakl\u0131klar\u0131n\u0131n artmas\u0131yla birlikte T\u00fcrkiye&#8217;nin pek \u00e7ok noktas\u0131nda orman yang\u0131nlar\u0131 da \u00e7\u0131kt\u0131. Yang\u0131nlar\u0131 s\u00f6nd\u00fcrme \u00e7al\u0131\u015fmalar\u0131 devam ederken Adalet Bakan\u0131 Y\u0131lmaz Tun\u00e7&#8217;tan a\u00e7\u0131klama geldi.<\/p>\n<h3>9 K\u0130\u015e\u0130 TUTUKLANDI<\/h3>\n<p>Bakan Tun\u00e7 Twitter hesab\u0131ndan yapt\u0131\u011f\u0131 a\u00e7\u0131klamada \u015fu ifadelere yer verdi: &#8220;12-17 A\u011fustos tarihleri aras\u0131nda #Ayd\u0131n, #Mu\u011fla, #\u0130zmir, #Manisa, #Tunceli, #Bolu ve #U\u015fak olmak \u00fczere 7 ilimizde meydana gelen orman yang\u0131nlar\u0131 hakk\u0131nda ilgili Cumhuriyet Ba\u015fsavc\u0131l\u0131klar\u0131 taraf\u0131ndan y\u00fcr\u00fct\u00fclen soru\u015fturmalar kapsam\u0131nda \u015fu ana kadar; toplam 22 \u015f\u00fcpheli g\u00f6zalt\u0131na al\u0131nm\u0131\u015f olup, \u015f\u00fcphelilerden 9&#8217;u tutuklanm\u0131\u015f, 5&#8217;i hakk\u0131nda adli kontrol karar\u0131 verilmi\u015f, 1&#8217;i ifadesinin ard\u0131ndan serbest b\u0131rak\u0131lm\u0131\u015ft\u0131r. 7 \u015f\u00fcphelinin g\u00f6zalt\u0131 i\u015flemleri devam etmektedir.<\/p>\n<p>Yang\u0131nlarla ilgili soru\u015fturmalar titizlikle ve \u00e7ok y\u00f6nl\u00fc olarak s\u00fcrd\u00fcr\u00fclmektedir. Hayat kayna\u011f\u0131m\u0131z ormanlar\u0131m\u0131za sahip \u00e7\u0131kmak hepimizin g\u00f6revidir. Yang\u0131nlardan etkilenen vatanda\u015flar\u0131m\u0131za bir kez daha ge\u00e7mi\u015f olsun dileklerimi iletiyor, #Ye\u015filVatan&#8217;\u0131m\u0131z\u0131 korumak i\u00e7in fedakarca g\u00f6rev yapan t\u00fcm ekiplerimize kolayl\u0131klar diliyorum.<\/p>\n<h4 id=\"nwsKeywords\"> <a href=\"https:\/\/www.haberler.com\/orman-yangini\/\" title=\"Orman Yang\u0131n\u0131\" class=\"hbptTag\">Orman Yang\u0131n\u0131<\/a>  <a href=\"https:\/\/www.haberler.com\/yilmaz-tunc\/\" title=\"Y\u0131lmaz Tun\u00e7\" class=\"hbptTag\">Y\u0131lmaz Tun\u00e7<\/a>  <a href=\"https:\/\/www.haberler.com\/yilmaz-tunc\/\" title=\"Y\u0131lmaz Tun\u00e7\" class=\"hbptTag\">Y\u0131lmaz Tun\u00e7<\/a>  <a href=\"https:\/\/www.haberler.com\/tunceli\/\" title=\"Tunceli\" class=\"hbptTag\">Tunceli<\/a>  <a href=\"https:\/\/www.haberler.com\/3-sayfa\/\" title=\"3-sayfa\" class=\"hbptTag\">3-sayfa<\/a>  <a href=\"https:\/\/www.haberler.com\/manisa\/\" title=\"Manisa\" class=\"hbptTag\">Manisa<\/a>  <a href=\"https:\/\/www.haberler.com\/izmir\/\" title=\"\u0130zmir\" class=\"hbptTag\">\u0130zmir<\/a>  <a href=\"https:\/\/www.haberler.com\/mugla\/\" title=\"Mu\u011fla\" class=\"hbptTag\">Mu\u011fla<\/a>  <a href=\"https:\/\/www.haberler.com\/aydin\/\" title=\"Ayd\u0131n\" class=\"hbptTag\">Ayd\u0131n<\/a>  <a href=\"https:\/\/www.haberler.com\/usak\/\" title=\"U\u015fak\" class=\"hbptTag\">U\u015fak<\/a>  <a href=\"https:\/\/www.haberler.com\/bolu\/\" title=\"Bolu\" class=\"hbptTag\">Bolu<\/a>  <a href=\"https:\/\/www.haberler.com\/cevre\/\" title=\"\u00c7evre\" class=\"hbptTag\">\u00c7evre<\/a>  <a href=\"https:\/\/www.haberler.com\/hukuk\/\" title=\"Hukuk\" class=\"hbptTag\">Hukuk<\/a>  <a href=\"https:\/\/www.haberler.com\/3-sayfa\/\" title=\"3.Sayfa\" class=\"hbptTag\">3.Sayfa<\/a>  <a href=\"https:\/\/www.haberler.com\/yasam\/\" title=\"Ya\u015fam\" class=\"hbptTag\">Ya\u015fam<\/a>  <a href=\"https:\/\/www.haberler.com\/\" title=\"Haberler\" class=\"hbptTag\">Haberler<\/a> <\/h4>\n<\/div>\n","protected":false},"excerpt":{"rendered":"<p>Ayd\u0131n, Mu\u011fla, \u0130zmir, Manisa, Tunceli, Bolu ve U\u015fak&#8217;ta \u00e7\u0131kan orman yang\u0131nlar\u0131na ili\u015fkin g\u00f6zalt\u0131na al\u0131nan 22 \u015f\u00fcpheliden 90&#8217;u tutukland\u0131. YANGINLARLA M\u00dcCADELE DEVAM ED\u0130YOR Hava s\u0131cakl\u0131klar\u0131n\u0131n artmas\u0131yla birlikte T\u00fcrkiye&#8217;nin pek \u00e7ok noktas\u0131nda orman yang\u0131nlar\u0131 da \u00e7\u0131kt\u0131. Yang\u0131nlar\u0131 s\u00f6nd\u00fcrme \u00e7al\u0131\u015fmalar\u0131 devam ederken Adalet Bakan\u0131 Y\u0131lmaz Tun\u00e7&#8217;tan a\u00e7\u0131klama geldi. 9 K\u0130\u015e\u0130 TUTUKLANDI Bakan Tun\u00e7 Twitter hesab\u0131ndan yapt\u0131\u011f\u0131 a\u00e7\u0131klamada \u015fu<\/p>\n","protected":false},"author":1,"featured_media":55302,"comment_status":"open","ping_status":"open","sticky":false,"template":"","format":"standard","meta":{"footnotes":""},"categories":[83],"tags":[],"class_list":["post-55301","post","type-post","status-publish","format-standard","has-post-thumbnail","hentry","category-magazin"],"yoast_head":"<!-- This site is optimized with the Yoast SEO plugin v27.5 - https:\/\/yoast.com\/product\/yoast-seo-wordpress\/ -->\n<title>7 \u015fehirdeki orman yang\u0131nlar\u0131nda 9 tutuklama -<\/title>\n<meta name=\"robots\" content=\"index, follow, max-snippet:-1, max-image-preview:large, max-video-preview:-1\" \/>\n<link rel=\"canonical\" href=\"https:\/\/kibrisdakik.com\/?p=55301\" \/>\n<meta property=\"og:locale\" content=\"tr_TR\" \/>\n<meta property=\"og:type\" content=\"article\" \/>\n<meta property=\"og:title\" content=\"7 \u015fehirdeki orman yang\u0131nlar\u0131nda 9 tutuklama -\" \/>\n<meta property=\"og:description\" content=\"Ayd\u0131n, Mu\u011fla, \u0130zmir, Manisa, Tunceli, Bolu ve U\u015fak&#8217;ta \u00e7\u0131kan orman yang\u0131nlar\u0131na ili\u015fkin g\u00f6zalt\u0131na al\u0131nan 22 \u015f\u00fcpheliden 90&#8217;u tutukland\u0131. YANGINLARLA M\u00dcCADELE DEVAM ED\u0130YOR Hava s\u0131cakl\u0131klar\u0131n\u0131n artmas\u0131yla birlikte T\u00fcrkiye&#8217;nin pek \u00e7ok noktas\u0131nda orman yang\u0131nlar\u0131 da \u00e7\u0131kt\u0131. Yang\u0131nlar\u0131 s\u00f6nd\u00fcrme \u00e7al\u0131\u015fmalar\u0131 devam ederken Adalet Bakan\u0131 Y\u0131lmaz Tun\u00e7&#8217;tan a\u00e7\u0131klama geldi. 9 K\u0130\u015e\u0130 TUTUKLANDI Bakan Tun\u00e7 Twitter hesab\u0131ndan yapt\u0131\u011f\u0131 a\u00e7\u0131klamada \u015fu\" \/>\n<meta property=\"og:url\" content=\"https:\/\/kibrisdakik.com\/?p=55301\" \/>\n<meta property=\"article:published_time\" content=\"2024-08-18T20:29:08+00:00\" \/>\n<meta property=\"og:image\" content=\"https:\/\/kibrisdakik.com\/wp-content\/uploads\/2024\/08\/7-sehirdeki-orman-yanginlarinda-9-tutuklama-17733078_6603_amp.jpg\" \/>\n\t<meta property=\"og:image:width\" content=\"1202\" \/>\n\t<meta property=\"og:image:height\" content=\"675\" \/>\n\t<meta property=\"og:image:type\" content=\"image\/jpeg\" \/>\n<meta name=\"author\" content=\"admin\" \/>\n<meta name=\"twitter:card\" content=\"summary_large_image\" \/>\n<meta name=\"twitter:label1\" content=\"Yazan:\" \/>\n\t<meta name=\"twitter:data1\" content=\"admin\" \/>\n\t<meta name=\"twitter:label2\" content=\"Tahmini okuma s\u00fcresi\" \/>\n\t<meta name=\"twitter:data2\" content=\"1 dakika\" \/>\n<script type=\"application\/ld+json\" class=\"yoast-schema-graph\">{\"@context\":\"https:\\\/\\\/schema.org\",\"@graph\":[{\"@type\":\"Article\",\"@id\":\"https:\\\/\\\/kibrisdakik.com\\\/?p=55301#article\",\"isPartOf\":{\"@id\":\"https:\\\/\\\/kibrisdakik.com\\\/?p=55301\"},\"author\":{\"name\":\"admin\",\"@id\":\"https:\\\/\\\/kibrisdakik.com\\\/#\\\/schema\\\/person\\\/9cd9d437bbb44f72b73ba127e06d8e79\"},\"headline\":\"7 \u015fehirdeki orman yang\u0131nlar\u0131nda 9 tutuklama\",\"datePublished\":\"2024-08-18T20:29:08+00:00\",\"mainEntityOfPage\":{\"@id\":\"https:\\\/\\\/kibrisdakik.com\\\/?p=55301\"},\"wordCount\":256,\"commentCount\":0,\"image\":{\"@id\":\"https:\\\/\\\/kibrisdakik.com\\\/?p=55301#primaryimage\"},\"thumbnailUrl\":\"https:\\\/\\\/kibrisdakik.com\\\/wp-content\\\/uploads\\\/2024\\\/08\\\/7-sehirdeki-orman-yanginlarinda-9-tutuklama-17733078_6603_amp.jpg\",\"articleSection\":[\"Magazin\"],\"inLanguage\":\"tr\",\"potentialAction\":[{\"@type\":\"CommentAction\",\"name\":\"Comment\",\"target\":[\"https:\\\/\\\/kibrisdakik.com\\\/?p=55301#respond\"]}]},{\"@type\":\"WebPage\",\"@id\":\"https:\\\/\\\/kibrisdakik.com\\\/?p=55301\",\"url\":\"https:\\\/\\\/kibrisdakik.com\\\/?p=55301\",\"name\":\"7 \u015fehirdeki orman yang\u0131nlar\u0131nda 9 tutuklama -\",\"isPartOf\":{\"@id\":\"https:\\\/\\\/kibrisdakik.com\\\/#website\"},\"primaryImageOfPage\":{\"@id\":\"https:\\\/\\\/kibrisdakik.com\\\/?p=55301#primaryimage\"},\"image\":{\"@id\":\"https:\\\/\\\/kibrisdakik.com\\\/?p=55301#primaryimage\"},\"thumbnailUrl\":\"https:\\\/\\\/kibrisdakik.com\\\/wp-content\\\/uploads\\\/2024\\\/08\\\/7-sehirdeki-orman-yanginlarinda-9-tutuklama-17733078_6603_amp.jpg\",\"datePublished\":\"2024-08-18T20:29:08+00:00\",\"author\":{\"@id\":\"https:\\\/\\\/kibrisdakik.com\\\/#\\\/schema\\\/person\\\/9cd9d437bbb44f72b73ba127e06d8e79\"},\"breadcrumb\":{\"@id\":\"https:\\\/\\\/kibrisdakik.com\\\/?p=55301#breadcrumb\"},\"inLanguage\":\"tr\",\"potentialAction\":[{\"@type\":\"ReadAction\",\"target\":[\"https:\\\/\\\/kibrisdakik.com\\\/?p=55301\"]}]},{\"@type\":\"ImageObject\",\"inLanguage\":\"tr\",\"@id\":\"https:\\\/\\\/kibrisdakik.com\\\/?p=55301#primaryimage\",\"url\":\"https:\\\/\\\/kibrisdakik.com\\\/wp-content\\\/uploads\\\/2024\\\/08\\\/7-sehirdeki-orman-yanginlarinda-9-tutuklama-17733078_6603_amp.jpg\",\"contentUrl\":\"https:\\\/\\\/kibrisdakik.com\\\/wp-content\\\/uploads\\\/2024\\\/08\\\/7-sehirdeki-orman-yanginlarinda-9-tutuklama-17733078_6603_amp.jpg\",\"width\":1202,\"height\":675},{\"@type\":\"BreadcrumbList\",\"@id\":\"https:\\\/\\\/kibrisdakik.com\\\/?p=55301#breadcrumb\",\"itemListElement\":[{\"@type\":\"ListItem\",\"position\":1,\"name\":\"Home\",\"item\":\"https:\\\/\\\/kibrisdakik.com\\\/\"},{\"@type\":\"ListItem\",\"position\":2,\"name\":\"7 \u015fehirdeki orman yang\u0131nlar\u0131nda 9 tutuklama\"}]},{\"@type\":\"WebSite\",\"@id\":\"https:\\\/\\\/kibrisdakik.com\\\/#website\",\"url\":\"https:\\\/\\\/kibrisdakik.com\\\/\",\"name\":\"\",\"description\":\"Tam vaktinde haber\",\"potentialAction\":[{\"@type\":\"SearchAction\",\"target\":{\"@type\":\"EntryPoint\",\"urlTemplate\":\"https:\\\/\\\/kibrisdakik.com\\\/?s={search_term_string}\"},\"query-input\":{\"@type\":\"PropertyValueSpecification\",\"valueRequired\":true,\"valueName\":\"search_term_string\"}}],\"inLanguage\":\"tr\"},{\"@type\":\"Person\",\"@id\":\"https:\\\/\\\/kibrisdakik.com\\\/#\\\/schema\\\/person\\\/9cd9d437bbb44f72b73ba127e06d8e79\",\"name\":\"admin\",\"image\":{\"@type\":\"ImageObject\",\"inLanguage\":\"tr\",\"@id\":\"https:\\\/\\\/secure.gravatar.com\\\/avatar\\\/ccc17943b9d660506c869530f897617f7cb1c21a4bf30023f252596d83e1f007?s=96&d=mm&r=g\",\"url\":\"https:\\\/\\\/secure.gravatar.com\\\/avatar\\\/ccc17943b9d660506c869530f897617f7cb1c21a4bf30023f252596d83e1f007?s=96&d=mm&r=g\",\"contentUrl\":\"https:\\\/\\\/secure.gravatar.com\\\/avatar\\\/ccc17943b9d660506c869530f897617f7cb1c21a4bf30023f252596d83e1f007?s=96&d=mm&r=g\",\"caption\":\"admin\"},\"sameAs\":[\"https:\\\/\\\/kibrisdakik.com\"],\"url\":\"https:\\\/\\\/kibrisdakik.com\\\/?author=1\"}]}<\/script>\n<!-- \/ Yoast SEO plugin. -->","yoast_head_json":{"title":"7 \u015fehirdeki orman yang\u0131nlar\u0131nda 9 tutuklama -","robots":{"index":"index","follow":"follow","max-snippet":"max-snippet:-1","max-image-preview":"max-image-preview:large","max-video-preview":"max-video-preview:-1"},"canonical":"https:\/\/kibrisdakik.com\/?p=55301","og_locale":"tr_TR","og_type":"article","og_title":"7 \u015fehirdeki orman yang\u0131nlar\u0131nda 9 tutuklama -","og_description":"Ayd\u0131n, Mu\u011fla, \u0130zmir, Manisa, Tunceli, Bolu ve U\u015fak&#8217;ta \u00e7\u0131kan orman yang\u0131nlar\u0131na ili\u015fkin g\u00f6zalt\u0131na al\u0131nan 22 \u015f\u00fcpheliden 90&#8217;u tutukland\u0131. YANGINLARLA M\u00dcCADELE DEVAM ED\u0130YOR Hava s\u0131cakl\u0131klar\u0131n\u0131n artmas\u0131yla birlikte T\u00fcrkiye&#8217;nin pek \u00e7ok noktas\u0131nda orman yang\u0131nlar\u0131 da \u00e7\u0131kt\u0131. Yang\u0131nlar\u0131 s\u00f6nd\u00fcrme \u00e7al\u0131\u015fmalar\u0131 devam ederken Adalet Bakan\u0131 Y\u0131lmaz Tun\u00e7&#8217;tan a\u00e7\u0131klama geldi. 9 K\u0130\u015e\u0130 TUTUKLANDI Bakan Tun\u00e7 Twitter hesab\u0131ndan yapt\u0131\u011f\u0131 a\u00e7\u0131klamada \u015fu","og_url":"https:\/\/kibrisdakik.com\/?p=55301","article_published_time":"2024-08-18T20:29:08+00:00","og_image":[{"width":1202,"height":675,"url":"https:\/\/kibrisdakik.com\/wp-content\/uploads\/2024\/08\/7-sehirdeki-orman-yanginlarinda-9-tutuklama-17733078_6603_amp.jpg","type":"image\/jpeg"}],"author":"admin","twitter_card":"summary_large_image","twitter_misc":{"Yazan:":"admin","Tahmini okuma s\u00fcresi":"1 dakika"},"schema":{"@context":"https:\/\/schema.org","@graph":[{"@type":"Article","@id":"https:\/\/kibrisdakik.com\/?p=55301#article","isPartOf":{"@id":"https:\/\/kibrisdakik.com\/?p=55301"},"author":{"name":"admin","@id":"https:\/\/kibrisdakik.com\/#\/schema\/person\/9cd9d437bbb44f72b73ba127e06d8e79"},"headline":"7 \u015fehirdeki orman yang\u0131nlar\u0131nda 9 tutuklama","datePublished":"2024-08-18T20:29:08+00:00","mainEntityOfPage":{"@id":"https:\/\/kibrisdakik.com\/?p=55301"},"wordCount":256,"commentCount":0,"image":{"@id":"https:\/\/kibrisdakik.com\/?p=55301#primaryimage"},"thumbnailUrl":"https:\/\/kibrisdakik.com\/wp-content\/uploads\/2024\/08\/7-sehirdeki-orman-yanginlarinda-9-tutuklama-17733078_6603_amp.jpg","articleSection":["Magazin"],"inLanguage":"tr","potentialAction":[{"@type":"CommentAction","name":"Comment","target":["https:\/\/kibrisdakik.com\/?p=55301#respond"]}]},{"@type":"WebPage","@id":"https:\/\/kibrisdakik.com\/?p=55301","url":"https:\/\/kibrisdakik.com\/?p=55301","name":"7 \u015fehirdeki orman yang\u0131nlar\u0131nda 9 tutuklama -","isPartOf":{"@id":"https:\/\/kibrisdakik.com\/#website"},"primaryImageOfPage":{"@id":"https:\/\/kibrisdakik.com\/?p=55301#primaryimage"},"image":{"@id":"https:\/\/kibrisdakik.com\/?p=55301#primaryimage"},"thumbnailUrl":"https:\/\/kibrisdakik.com\/wp-content\/uploads\/2024\/08\/7-sehirdeki-orman-yanginlarinda-9-tutuklama-17733078_6603_amp.jpg","datePublished":"2024-08-18T20:29:08+00:00","author":{"@id":"https:\/\/kibrisdakik.com\/#\/schema\/person\/9cd9d437bbb44f72b73ba127e06d8e79"},"breadcrumb":{"@id":"https:\/\/kibrisdakik.com\/?p=55301#breadcrumb"},"inLanguage":"tr","potentialAction":[{"@type":"ReadAction","target":["https:\/\/kibrisdakik.com\/?p=55301"]}]},{"@type":"ImageObject","inLanguage":"tr","@id":"https:\/\/kibrisdakik.com\/?p=55301#primaryimage","url":"https:\/\/kibrisdakik.com\/wp-content\/uploads\/2024\/08\/7-sehirdeki-orman-yanginlarinda-9-tutuklama-17733078_6603_amp.jpg","contentUrl":"https:\/\/kibrisdakik.com\/wp-content\/uploads\/2024\/08\/7-sehirdeki-orman-yanginlarinda-9-tutuklama-17733078_6603_amp.jpg","width":1202,"height":675},{"@type":"BreadcrumbList","@id":"https:\/\/kibrisdakik.com\/?p=55301#breadcrumb","itemListElement":[{"@type":"ListItem","position":1,"name":"Home","item":"https:\/\/kibrisdakik.com\/"},{"@type":"ListItem","position":2,"name":"7 \u015fehirdeki orman yang\u0131nlar\u0131nda 9 tutuklama"}]},{"@type":"WebSite","@id":"https:\/\/kibrisdakik.com\/#website","url":"https:\/\/kibrisdakik.com\/","name":"","description":"Tam vaktinde haber","potentialAction":[{"@type":"SearchAction","target":{"@type":"EntryPoint","urlTemplate":"https:\/\/kibrisdakik.com\/?s={search_term_string}"},"query-input":{"@type":"PropertyValueSpecification","valueRequired":true,"valueName":"search_term_string"}}],"inLanguage":"tr"},{"@type":"Person","@id":"https:\/\/kibrisdakik.com\/#\/schema\/person\/9cd9d437bbb44f72b73ba127e06d8e79","name":"admin","image":{"@type":"ImageObject","inLanguage":"tr","@id":"https:\/\/secure.gravatar.com\/avatar\/ccc17943b9d660506c869530f897617f7cb1c21a4bf30023f252596d83e1f007?s=96&d=mm&r=g","url":"https:\/\/secure.gravatar.com\/avatar\/ccc17943b9d660506c869530f897617f7cb1c21a4bf30023f252596d83e1f007?s=96&d=mm&r=g","contentUrl":"https:\/\/secure.gravatar.com\/avatar\/ccc17943b9d660506c869530f897617f7cb1c21a4bf30023f252596d83e1f007?s=96&d=mm&r=g","caption":"admin"},"sameAs":["https:\/\/kibrisdakik.com"],"url":"https:\/\/kibrisdakik.com\/?author=1"}]}},"_links":{"self":[{"href":"https:\/\/kibrisdakik.com\/index.php?rest_route=\/wp\/v2\/posts\/55301","targetHints":{"allow":["GET"]}}],"collection":[{"href":"https:\/\/kibrisdakik.com\/index.php?rest_route=\/wp\/v2\/posts"}],"about":[{"href":"https:\/\/kibrisdakik.com\/index.php?rest_route=\/wp\/v2\/types\/post"}],"author":[{"embeddable":true,"href":"https:\/\/kibrisdakik.com\/index.php?rest_route=\/wp\/v2\/users\/1"}],"replies":[{"embeddable":true,"href":"https:\/\/kibrisdakik.com\/index.php?rest_route=%2Fwp%2Fv2%2Fcomments&post=55301"}],"version-history":[{"count":0,"href":"https:\/\/kibrisdakik.com\/index.php?rest_route=\/wp\/v2\/posts\/55301\/revisions"}],"wp:featuredmedia":[{"embeddable":true,"href":"https:\/\/kibrisdakik.com\/index.php?rest_route=\/wp\/v2\/media\/55302"}],"wp:attachment":[{"href":"https:\/\/kibrisdakik.com\/index.php?rest_route=%2Fwp%2Fv2%2Fmedia&parent=55301"}],"wp:term":[{"taxonomy":"category","embeddable":true,"href":"https:\/\/kibrisdakik.com\/index.php?rest_route=%2Fwp%2Fv2%2Fcategories&post=55301"},{"taxonomy":"post_tag","embeddable":true,"href":"https:\/\/kibrisdakik.com\/index.php?rest_route=%2Fwp%2Fv2%2Ftags&post=55301"}],"curies":[{"name":"wp","href":"https:\/\/api.w.org\/{rel}","templated":true}]}}