{"id":55311,"date":"2024-08-19T04:05:51","date_gmt":"2024-08-19T01:05:51","guid":{"rendered":"https:\/\/kibrisdakik.com\/index.php\/2024\/08\/19\/istanbulda-suikast-filistinli-is-insani-susturuculu-silahla-olduruldu\/"},"modified":"2024-08-19T04:05:51","modified_gmt":"2024-08-19T01:05:51","slug":"istanbulda-suikast-filistinli-is-insani-susturuculu-silahla-olduruldu","status":"publish","type":"post","link":"https:\/\/kibrisdakik.com\/?p=55311","title":{"rendered":"\u0130stanbul&#8217;da suikast! Filistinli i\u015f insan\u0131 susturuculu silahla \u00f6ld\u00fcr\u00fcld\u00fc"},"content":{"rendered":"<p><\/p>\n<div id=\"\">\n<p>Sald\u0131r\u0131, saat 22.30 s\u0131ralar\u0131nda Ka\u011f\u0131thane Hamidiye Mahallesi Dilaver Sokak&#8217;ta meydana geldi. \u0130ddiaya g\u00f6re, kimli\u011fi belirlenemeyen bir ki\u015fi, i\u00e7erisinde Filistinli i\u015f adam\u0131 A.K., arkada\u015f\u0131 F.M. ve korumas\u0131 E.K.&#8217;nin bulundu\u011fu park halindeki 34 FDN 313 plakal\u0131 otomobile susturucu tak\u0131lm\u0131\u015f silahla sald\u0131r\u0131da bulundu. <\/p>\n<h3>F\u0130L\u0130ST\u0130NL\u0130 \u0130\u015e ADAMI HAYATINI KAYBETT\u0130<\/h3>\n<p>Sald\u0131r\u0131da \u015fof\u00f6r koltu\u011funda oturan Filistinli i\u015f adam\u0131 A.K. (30) olay yerinde hayat\u0131n\u0131 kaybederken arkada\u015f\u0131 oldu\u011fu \u00f6\u011frenilen Filistin uyruklu F.M. ve A.K.&#8217;nin korumas\u0131 E.K. yaraland\u0131. Filistinli i\u015f adam\u0131na y\u00f6nelik silahl\u0131 sald\u0131r\u0131y\u0131 ger\u00e7ekle\u015ftiren \u015f\u00fcpheli, sald\u0131r\u0131 sonras\u0131 olay yerinden ka\u00e7t\u0131. \u0130hbar \u00fczerine olay yerine polis ve sa\u011fl\u0131k ekipleri sevk edildi. Olay yerine gelen polis ekipleri \u00e7evrede geni\u015f g\u00fcvenlik \u00f6nlemi ald\u0131, sa\u011fl\u0131k ekipleri ise yaral\u0131 F.M. ve E.K.&#8217;yi ambulansa alarak m\u00fcdahalede bulundu. \u0130lk m\u00fcdahalenin ard\u0131ndan yaral\u0131lar ambulansla hastaneye kald\u0131r\u0131ld\u0131. Hastaneye kald\u0131r\u0131lan Filistin k\u00f6kenli F.M.&#8217;nin durumunun a\u011f\u0131r oldu\u011fu \u00f6\u011frenilirken A.K.&#8217;nin korumas\u0131 E.K&#8217;nin ise aya\u011f\u0131ndan yaraland\u0131\u011f\u0131 ve durumunun iyi oldu\u011fu \u00f6\u011frenildi. Onlarca kur\u015funun s\u0131k\u0131ld\u0131\u011f\u0131 sald\u0131r\u0131da olay yeri inceleme ekipleri, \u00e7evrede ve otomobilde uzun s\u00fcre incelemede bulundu. Yap\u0131lan incelemelerde, olay yerinde susturucu tak\u0131lm\u0131\u015f bir tabanca ile \u00e7ok say\u0131da bo\u015f kovan bulundu. \u0130ncelemelerin ard\u0131ndan A.K.&#8217;nin cans\u0131z bedeni Adli T\u0131p Kurumu Morgu&#8217;na kald\u0131r\u0131ld\u0131.<\/p>\n<p><img loading=\"lazy\" decoding=\"async\" class=\"hbptMainImage lazyload ImgDetay\" src=\"https:\/\/foto.haberler.com\/haber\/2024\/08\/19\/kagithane-de-filistinli-is-adamina-silahli-sa-3-17733447_o.jpg\" alt=\"\u0130stanbul'da suikast! Filistinli i\u015f insan\u0131 susturuculu silahla \u00f6ld\u00fcr\u00fcld\u00fc\" width=\"640\" height=\"357\"\/><\/p>\n<h3>\u0130STANBUL VAL\u0130L\u0130\u011e\u0130NDEN A\u00c7IKLAMA GELD\u0130<\/h3>\n<p>A\u00e7\u0131klamada, &#8220;18.08.2024 Pazar g\u00fcn\u00fc saat 22.30 s\u0131ralar\u0131nda Ka\u011f\u0131thane il\u00e7emizde meydana gelen silahl\u0131 sald\u0131r\u0131 neticesinde yabanc\u0131 uyruklu A.K. (1994) isimli \u015fah\u0131s hayat\u0131n\u0131 kaybetmi\u015f, \u015fahs\u0131n arkada\u015f\u0131 F. M. isimli yabanc\u0131 uyruklu \u015fah\u0131s da a\u011f\u0131r yaralanm\u0131\u015ft\u0131r. Sald\u0131r\u0131da A.K.&#8217;nin koruma g\u00f6revlisi E.K. de aya\u011f\u0131ndan yaralanm\u0131\u015ft\u0131r. Olay yerinde yap\u0131lan incelemede sald\u0131r\u0131da kullan\u0131ld\u0131\u011f\u0131 d\u00fc\u015f\u00fcn\u00fclen susturucu tak\u0131lm\u0131\u015f bir tabanca ile \u00e7ok say\u0131da bo\u015f kovan bulunmu\u015ftur. Sald\u0131r\u0131da yaralanan 2 ki\u015finin tedavisi, kald\u0131r\u0131ld\u0131klar\u0131 hastanede devam etmektedir. Olay\u0131n failinin yakalanmas\u0131na y\u00f6nelik geni\u015f \u00e7apl\u0131 soru\u015fturma ba\u015flat\u0131lm\u0131\u015ft\u0131r&#8221; ifadeleri kullan\u0131ld\u0131. <\/p>\n<figure class=\"type:primaryimage hbhOrder\" style=\"margin-bottom: 20px;\"><img loading=\"lazy\" decoding=\"async\" width=\"1202\" height=\"675\" class=\"hbptMainImage\" id=\"HaberImage\" src=\"https:\/\/foto.haberler.com\/haber\/2024\/08\/19\/istanbul-da-suikast-filistinli-is-insani-17733447_4800_amp.jpg\"\/><\/figure>\n<div class=\"editorSade\">Kaynak: \u0130hlas Haber Ajans\u0131 \/  <a href=\"https:\/\/www.haberler.com\/3-sayfa\/\" title=\"3.Sayfa Haberleri\">3.Sayfa<\/a> <\/div>\n<h4 id=\"nwsKeywords\"> <a href=\"https:\/\/www.haberler.com\/kagithane\/\" title=\"Ka\u011f\u0131thane\" class=\"hbptTag\">Ka\u011f\u0131thane<\/a>  <a href=\"https:\/\/www.haberler.com\/filistin\/\" title=\"Filistin\" class=\"hbptTag\">Filistin<\/a>  <a href=\"https:\/\/www.haberler.com\/istanbul\/\" title=\"istanbul\" class=\"hbptTag\">istanbul<\/a>  <a href=\"https:\/\/www.haberler.com\/guvenlik\/\" title=\"G\u00fcvenlik\" class=\"hbptTag\">G\u00fcvenlik<\/a>  <a href=\"https:\/\/www.haberler.com\/adli-tip\/\" title=\"Adli T\u0131p\" class=\"hbptTag\">Adli T\u0131p<\/a>  <a href=\"https:\/\/www.haberler.com\/suc\/\" title=\"Su\u00e7\" class=\"hbptTag\">Su\u00e7<\/a>  <a href=\"https:\/\/www.haberler.com\/polis\/\" title=\"Polis\" class=\"hbptTag\">Polis<\/a>  <a href=\"https:\/\/www.haberler.com\/3-sayfa\/\" title=\"3.Sayfa\" class=\"hbptTag\">3.Sayfa<\/a>  <a href=\"https:\/\/www.haberler.com\/guncel\/\" title=\"G\u00fcncel\" class=\"hbptTag\">G\u00fcncel<\/a>  <a href=\"https:\/\/www.haberler.com\/\" title=\"Haberler\" class=\"hbptTag\">Haberler<\/a> <\/h4>\n<\/div>\n","protected":false},"excerpt":{"rendered":"<p>Sald\u0131r\u0131, saat 22.30 s\u0131ralar\u0131nda Ka\u011f\u0131thane Hamidiye Mahallesi Dilaver Sokak&#8217;ta meydana geldi. \u0130ddiaya g\u00f6re, kimli\u011fi belirlenemeyen bir ki\u015fi, i\u00e7erisinde Filistinli i\u015f adam\u0131 A.K., arkada\u015f\u0131 F.M. ve korumas\u0131 E.K.&#8217;nin bulundu\u011fu park halindeki 34 FDN 313 plakal\u0131 otomobile susturucu tak\u0131lm\u0131\u015f silahla sald\u0131r\u0131da bulundu. F\u0130L\u0130ST\u0130NL\u0130 \u0130\u015e ADAMI HAYATINI KAYBETT\u0130 Sald\u0131r\u0131da \u015fof\u00f6r koltu\u011funda oturan Filistinli i\u015f adam\u0131 A.K. (30) olay<\/p>\n","protected":false},"author":1,"featured_media":55312,"comment_status":"open","ping_status":"open","sticky":false,"template":"","format":"standard","meta":{"footnotes":""},"categories":[83],"tags":[],"class_list":["post-55311","post","type-post","status-publish","format-standard","has-post-thumbnail","hentry","category-magazin"],"yoast_head":"<!-- This site is optimized with the Yoast SEO plugin v27.4 - https:\/\/yoast.com\/product\/yoast-seo-wordpress\/ -->\n<title>\u0130stanbul&#039;da suikast! Filistinli i\u015f insan\u0131 susturuculu silahla \u00f6ld\u00fcr\u00fcld\u00fc -<\/title>\n<meta name=\"robots\" content=\"index, follow, max-snippet:-1, max-image-preview:large, max-video-preview:-1\" \/>\n<link rel=\"canonical\" href=\"https:\/\/kibrisdakik.com\/?p=55311\" \/>\n<meta property=\"og:locale\" content=\"tr_TR\" \/>\n<meta property=\"og:type\" content=\"article\" \/>\n<meta property=\"og:title\" content=\"\u0130stanbul&#039;da suikast! Filistinli i\u015f insan\u0131 susturuculu silahla \u00f6ld\u00fcr\u00fcld\u00fc -\" \/>\n<meta property=\"og:description\" content=\"Sald\u0131r\u0131, saat 22.30 s\u0131ralar\u0131nda Ka\u011f\u0131thane Hamidiye Mahallesi Dilaver Sokak&#8217;ta meydana geldi. \u0130ddiaya g\u00f6re, kimli\u011fi belirlenemeyen bir ki\u015fi, i\u00e7erisinde Filistinli i\u015f adam\u0131 A.K., arkada\u015f\u0131 F.M. ve korumas\u0131 E.K.&#8217;nin bulundu\u011fu park halindeki 34 FDN 313 plakal\u0131 otomobile susturucu tak\u0131lm\u0131\u015f silahla sald\u0131r\u0131da bulundu. F\u0130L\u0130ST\u0130NL\u0130 \u0130\u015e ADAMI HAYATINI KAYBETT\u0130 Sald\u0131r\u0131da \u015fof\u00f6r koltu\u011funda oturan Filistinli i\u015f adam\u0131 A.K. (30) olay\" \/>\n<meta property=\"og:url\" content=\"https:\/\/kibrisdakik.com\/?p=55311\" \/>\n<meta property=\"article:published_time\" content=\"2024-08-19T01:05:51+00:00\" \/>\n<meta property=\"og:image\" content=\"https:\/\/kibrisdakik.com\/wp-content\/uploads\/2024\/08\/kagithane-de-filistinli-is-adamina-silahli-sa-3-17733447_o.jpg\" \/>\n\t<meta property=\"og:image:width\" content=\"640\" \/>\n\t<meta property=\"og:image:height\" content=\"357\" \/>\n\t<meta property=\"og:image:type\" content=\"image\/jpeg\" \/>\n<meta name=\"author\" content=\"admin\" \/>\n<meta name=\"twitter:card\" content=\"summary_large_image\" \/>\n<meta name=\"twitter:label1\" content=\"Yazan:\" \/>\n\t<meta name=\"twitter:data1\" content=\"admin\" \/>\n\t<meta name=\"twitter:label2\" content=\"Tahmini okuma s\u00fcresi\" \/>\n\t<meta name=\"twitter:data2\" content=\"2 dakika\" \/>\n<script type=\"application\/ld+json\" class=\"yoast-schema-graph\">{\"@context\":\"https:\\\/\\\/schema.org\",\"@graph\":[{\"@type\":\"Article\",\"@id\":\"https:\\\/\\\/kibrisdakik.com\\\/?p=55311#article\",\"isPartOf\":{\"@id\":\"https:\\\/\\\/kibrisdakik.com\\\/?p=55311\"},\"author\":{\"name\":\"admin\",\"@id\":\"https:\\\/\\\/kibrisdakik.com\\\/#\\\/schema\\\/person\\\/9cd9d437bbb44f72b73ba127e06d8e79\"},\"headline\":\"\u0130stanbul&#8217;da suikast! Filistinli i\u015f insan\u0131 susturuculu silahla \u00f6ld\u00fcr\u00fcld\u00fc\",\"datePublished\":\"2024-08-19T01:05:51+00:00\",\"mainEntityOfPage\":{\"@id\":\"https:\\\/\\\/kibrisdakik.com\\\/?p=55311\"},\"wordCount\":412,\"commentCount\":0,\"image\":{\"@id\":\"https:\\\/\\\/kibrisdakik.com\\\/?p=55311#primaryimage\"},\"thumbnailUrl\":\"https:\\\/\\\/kibrisdakik.com\\\/wp-content\\\/uploads\\\/2024\\\/08\\\/kagithane-de-filistinli-is-adamina-silahli-sa-3-17733447_o.jpg\",\"articleSection\":[\"Magazin\"],\"inLanguage\":\"tr\",\"potentialAction\":[{\"@type\":\"CommentAction\",\"name\":\"Comment\",\"target\":[\"https:\\\/\\\/kibrisdakik.com\\\/?p=55311#respond\"]}]},{\"@type\":\"WebPage\",\"@id\":\"https:\\\/\\\/kibrisdakik.com\\\/?p=55311\",\"url\":\"https:\\\/\\\/kibrisdakik.com\\\/?p=55311\",\"name\":\"\u0130stanbul'da suikast! Filistinli i\u015f insan\u0131 susturuculu silahla \u00f6ld\u00fcr\u00fcld\u00fc -\",\"isPartOf\":{\"@id\":\"https:\\\/\\\/kibrisdakik.com\\\/#website\"},\"primaryImageOfPage\":{\"@id\":\"https:\\\/\\\/kibrisdakik.com\\\/?p=55311#primaryimage\"},\"image\":{\"@id\":\"https:\\\/\\\/kibrisdakik.com\\\/?p=55311#primaryimage\"},\"thumbnailUrl\":\"https:\\\/\\\/kibrisdakik.com\\\/wp-content\\\/uploads\\\/2024\\\/08\\\/kagithane-de-filistinli-is-adamina-silahli-sa-3-17733447_o.jpg\",\"datePublished\":\"2024-08-19T01:05:51+00:00\",\"author\":{\"@id\":\"https:\\\/\\\/kibrisdakik.com\\\/#\\\/schema\\\/person\\\/9cd9d437bbb44f72b73ba127e06d8e79\"},\"breadcrumb\":{\"@id\":\"https:\\\/\\\/kibrisdakik.com\\\/?p=55311#breadcrumb\"},\"inLanguage\":\"tr\",\"potentialAction\":[{\"@type\":\"ReadAction\",\"target\":[\"https:\\\/\\\/kibrisdakik.com\\\/?p=55311\"]}]},{\"@type\":\"ImageObject\",\"inLanguage\":\"tr\",\"@id\":\"https:\\\/\\\/kibrisdakik.com\\\/?p=55311#primaryimage\",\"url\":\"https:\\\/\\\/kibrisdakik.com\\\/wp-content\\\/uploads\\\/2024\\\/08\\\/kagithane-de-filistinli-is-adamina-silahli-sa-3-17733447_o.jpg\",\"contentUrl\":\"https:\\\/\\\/kibrisdakik.com\\\/wp-content\\\/uploads\\\/2024\\\/08\\\/kagithane-de-filistinli-is-adamina-silahli-sa-3-17733447_o.jpg\",\"width\":640,\"height\":357},{\"@type\":\"BreadcrumbList\",\"@id\":\"https:\\\/\\\/kibrisdakik.com\\\/?p=55311#breadcrumb\",\"itemListElement\":[{\"@type\":\"ListItem\",\"position\":1,\"name\":\"Home\",\"item\":\"https:\\\/\\\/kibrisdakik.com\\\/\"},{\"@type\":\"ListItem\",\"position\":2,\"name\":\"\u0130stanbul&#8217;da suikast! Filistinli i\u015f insan\u0131 susturuculu silahla \u00f6ld\u00fcr\u00fcld\u00fc\"}]},{\"@type\":\"WebSite\",\"@id\":\"https:\\\/\\\/kibrisdakik.com\\\/#website\",\"url\":\"https:\\\/\\\/kibrisdakik.com\\\/\",\"name\":\"\",\"description\":\"Tam vaktinde haber\",\"potentialAction\":[{\"@type\":\"SearchAction\",\"target\":{\"@type\":\"EntryPoint\",\"urlTemplate\":\"https:\\\/\\\/kibrisdakik.com\\\/?s={search_term_string}\"},\"query-input\":{\"@type\":\"PropertyValueSpecification\",\"valueRequired\":true,\"valueName\":\"search_term_string\"}}],\"inLanguage\":\"tr\"},{\"@type\":\"Person\",\"@id\":\"https:\\\/\\\/kibrisdakik.com\\\/#\\\/schema\\\/person\\\/9cd9d437bbb44f72b73ba127e06d8e79\",\"name\":\"admin\",\"image\":{\"@type\":\"ImageObject\",\"inLanguage\":\"tr\",\"@id\":\"https:\\\/\\\/secure.gravatar.com\\\/avatar\\\/ccc17943b9d660506c869530f897617f7cb1c21a4bf30023f252596d83e1f007?s=96&d=mm&r=g\",\"url\":\"https:\\\/\\\/secure.gravatar.com\\\/avatar\\\/ccc17943b9d660506c869530f897617f7cb1c21a4bf30023f252596d83e1f007?s=96&d=mm&r=g\",\"contentUrl\":\"https:\\\/\\\/secure.gravatar.com\\\/avatar\\\/ccc17943b9d660506c869530f897617f7cb1c21a4bf30023f252596d83e1f007?s=96&d=mm&r=g\",\"caption\":\"admin\"},\"sameAs\":[\"https:\\\/\\\/kibrisdakik.com\"],\"url\":\"https:\\\/\\\/kibrisdakik.com\\\/?author=1\"}]}<\/script>\n<!-- \/ Yoast SEO plugin. -->","yoast_head_json":{"title":"\u0130stanbul'da suikast! Filistinli i\u015f insan\u0131 susturuculu silahla \u00f6ld\u00fcr\u00fcld\u00fc -","robots":{"index":"index","follow":"follow","max-snippet":"max-snippet:-1","max-image-preview":"max-image-preview:large","max-video-preview":"max-video-preview:-1"},"canonical":"https:\/\/kibrisdakik.com\/?p=55311","og_locale":"tr_TR","og_type":"article","og_title":"\u0130stanbul'da suikast! Filistinli i\u015f insan\u0131 susturuculu silahla \u00f6ld\u00fcr\u00fcld\u00fc -","og_description":"Sald\u0131r\u0131, saat 22.30 s\u0131ralar\u0131nda Ka\u011f\u0131thane Hamidiye Mahallesi Dilaver Sokak&#8217;ta meydana geldi. \u0130ddiaya g\u00f6re, kimli\u011fi belirlenemeyen bir ki\u015fi, i\u00e7erisinde Filistinli i\u015f adam\u0131 A.K., arkada\u015f\u0131 F.M. ve korumas\u0131 E.K.&#8217;nin bulundu\u011fu park halindeki 34 FDN 313 plakal\u0131 otomobile susturucu tak\u0131lm\u0131\u015f silahla sald\u0131r\u0131da bulundu. F\u0130L\u0130ST\u0130NL\u0130 \u0130\u015e ADAMI HAYATINI KAYBETT\u0130 Sald\u0131r\u0131da \u015fof\u00f6r koltu\u011funda oturan Filistinli i\u015f adam\u0131 A.K. (30) olay","og_url":"https:\/\/kibrisdakik.com\/?p=55311","article_published_time":"2024-08-19T01:05:51+00:00","og_image":[{"width":640,"height":357,"url":"https:\/\/kibrisdakik.com\/wp-content\/uploads\/2024\/08\/kagithane-de-filistinli-is-adamina-silahli-sa-3-17733447_o.jpg","type":"image\/jpeg"}],"author":"admin","twitter_card":"summary_large_image","twitter_misc":{"Yazan:":"admin","Tahmini okuma s\u00fcresi":"2 dakika"},"schema":{"@context":"https:\/\/schema.org","@graph":[{"@type":"Article","@id":"https:\/\/kibrisdakik.com\/?p=55311#article","isPartOf":{"@id":"https:\/\/kibrisdakik.com\/?p=55311"},"author":{"name":"admin","@id":"https:\/\/kibrisdakik.com\/#\/schema\/person\/9cd9d437bbb44f72b73ba127e06d8e79"},"headline":"\u0130stanbul&#8217;da suikast! Filistinli i\u015f insan\u0131 susturuculu silahla \u00f6ld\u00fcr\u00fcld\u00fc","datePublished":"2024-08-19T01:05:51+00:00","mainEntityOfPage":{"@id":"https:\/\/kibrisdakik.com\/?p=55311"},"wordCount":412,"commentCount":0,"image":{"@id":"https:\/\/kibrisdakik.com\/?p=55311#primaryimage"},"thumbnailUrl":"https:\/\/kibrisdakik.com\/wp-content\/uploads\/2024\/08\/kagithane-de-filistinli-is-adamina-silahli-sa-3-17733447_o.jpg","articleSection":["Magazin"],"inLanguage":"tr","potentialAction":[{"@type":"CommentAction","name":"Comment","target":["https:\/\/kibrisdakik.com\/?p=55311#respond"]}]},{"@type":"WebPage","@id":"https:\/\/kibrisdakik.com\/?p=55311","url":"https:\/\/kibrisdakik.com\/?p=55311","name":"\u0130stanbul'da suikast! Filistinli i\u015f insan\u0131 susturuculu silahla \u00f6ld\u00fcr\u00fcld\u00fc -","isPartOf":{"@id":"https:\/\/kibrisdakik.com\/#website"},"primaryImageOfPage":{"@id":"https:\/\/kibrisdakik.com\/?p=55311#primaryimage"},"image":{"@id":"https:\/\/kibrisdakik.com\/?p=55311#primaryimage"},"thumbnailUrl":"https:\/\/kibrisdakik.com\/wp-content\/uploads\/2024\/08\/kagithane-de-filistinli-is-adamina-silahli-sa-3-17733447_o.jpg","datePublished":"2024-08-19T01:05:51+00:00","author":{"@id":"https:\/\/kibrisdakik.com\/#\/schema\/person\/9cd9d437bbb44f72b73ba127e06d8e79"},"breadcrumb":{"@id":"https:\/\/kibrisdakik.com\/?p=55311#breadcrumb"},"inLanguage":"tr","potentialAction":[{"@type":"ReadAction","target":["https:\/\/kibrisdakik.com\/?p=55311"]}]},{"@type":"ImageObject","inLanguage":"tr","@id":"https:\/\/kibrisdakik.com\/?p=55311#primaryimage","url":"https:\/\/kibrisdakik.com\/wp-content\/uploads\/2024\/08\/kagithane-de-filistinli-is-adamina-silahli-sa-3-17733447_o.jpg","contentUrl":"https:\/\/kibrisdakik.com\/wp-content\/uploads\/2024\/08\/kagithane-de-filistinli-is-adamina-silahli-sa-3-17733447_o.jpg","width":640,"height":357},{"@type":"BreadcrumbList","@id":"https:\/\/kibrisdakik.com\/?p=55311#breadcrumb","itemListElement":[{"@type":"ListItem","position":1,"name":"Home","item":"https:\/\/kibrisdakik.com\/"},{"@type":"ListItem","position":2,"name":"\u0130stanbul&#8217;da suikast! Filistinli i\u015f insan\u0131 susturuculu silahla \u00f6ld\u00fcr\u00fcld\u00fc"}]},{"@type":"WebSite","@id":"https:\/\/kibrisdakik.com\/#website","url":"https:\/\/kibrisdakik.com\/","name":"","description":"Tam vaktinde haber","potentialAction":[{"@type":"SearchAction","target":{"@type":"EntryPoint","urlTemplate":"https:\/\/kibrisdakik.com\/?s={search_term_string}"},"query-input":{"@type":"PropertyValueSpecification","valueRequired":true,"valueName":"search_term_string"}}],"inLanguage":"tr"},{"@type":"Person","@id":"https:\/\/kibrisdakik.com\/#\/schema\/person\/9cd9d437bbb44f72b73ba127e06d8e79","name":"admin","image":{"@type":"ImageObject","inLanguage":"tr","@id":"https:\/\/secure.gravatar.com\/avatar\/ccc17943b9d660506c869530f897617f7cb1c21a4bf30023f252596d83e1f007?s=96&d=mm&r=g","url":"https:\/\/secure.gravatar.com\/avatar\/ccc17943b9d660506c869530f897617f7cb1c21a4bf30023f252596d83e1f007?s=96&d=mm&r=g","contentUrl":"https:\/\/secure.gravatar.com\/avatar\/ccc17943b9d660506c869530f897617f7cb1c21a4bf30023f252596d83e1f007?s=96&d=mm&r=g","caption":"admin"},"sameAs":["https:\/\/kibrisdakik.com"],"url":"https:\/\/kibrisdakik.com\/?author=1"}]}},"_links":{"self":[{"href":"https:\/\/kibrisdakik.com\/index.php?rest_route=\/wp\/v2\/posts\/55311","targetHints":{"allow":["GET"]}}],"collection":[{"href":"https:\/\/kibrisdakik.com\/index.php?rest_route=\/wp\/v2\/posts"}],"about":[{"href":"https:\/\/kibrisdakik.com\/index.php?rest_route=\/wp\/v2\/types\/post"}],"author":[{"embeddable":true,"href":"https:\/\/kibrisdakik.com\/index.php?rest_route=\/wp\/v2\/users\/1"}],"replies":[{"embeddable":true,"href":"https:\/\/kibrisdakik.com\/index.php?rest_route=%2Fwp%2Fv2%2Fcomments&post=55311"}],"version-history":[{"count":0,"href":"https:\/\/kibrisdakik.com\/index.php?rest_route=\/wp\/v2\/posts\/55311\/revisions"}],"wp:featuredmedia":[{"embeddable":true,"href":"https:\/\/kibrisdakik.com\/index.php?rest_route=\/wp\/v2\/media\/55312"}],"wp:attachment":[{"href":"https:\/\/kibrisdakik.com\/index.php?rest_route=%2Fwp%2Fv2%2Fmedia&parent=55311"}],"wp:term":[{"taxonomy":"category","embeddable":true,"href":"https:\/\/kibrisdakik.com\/index.php?rest_route=%2Fwp%2Fv2%2Fcategories&post=55311"},{"taxonomy":"post_tag","embeddable":true,"href":"https:\/\/kibrisdakik.com\/index.php?rest_route=%2Fwp%2Fv2%2Ftags&post=55311"}],"curies":[{"name":"wp","href":"https:\/\/api.w.org\/{rel}","templated":true}]}}