{"id":55358,"date":"2024-08-19T11:51:22","date_gmt":"2024-08-19T08:51:22","guid":{"rendered":"https:\/\/kibrisdakik.com\/index.php\/2024\/08\/19\/meghan-markle-ve-prens-harry-kolombiyada-salsa-dansi-yaptiklari-sirada-tutkulu-bir-sekilde-opustu\/"},"modified":"2024-08-19T11:51:22","modified_gmt":"2024-08-19T08:51:22","slug":"meghan-markle-ve-prens-harry-kolombiyada-salsa-dansi-yaptiklari-sirada-tutkulu-bir-sekilde-opustu","status":"publish","type":"post","link":"https:\/\/kibrisdakik.com\/?p=55358","title":{"rendered":"Meghan Markle ve Prens Harry, Kolombiya&#8217;da salsa dans\u0131 yapt\u0131klar\u0131 s\u0131rada tutkulu bir \u015fekilde \u00f6p\u00fc\u015ft\u00fc"},"content":{"rendered":"<p><\/p>\n<div id=\"\">\n<p> <a class=\"keyword\" href=\"https:\/\/www.haberler.com\/meghan-markle\/\" title=\"Meghan Markle Haberleri, Meghan Markle Haberi, Meghan Markle Haber\"><strong>Meghan Markle<\/strong><\/a> ve Prens Harry, Kolombiya gezilerinin son g\u00fcn\u00fcnde Cali&#8217;de dikkat \u00e7ekici anlar ya\u015fad\u0131. \u00c7ift, yerel bir gen\u00e7lik organizasyonunun dans etkinli\u011fine kat\u0131larak salsa yapt\u0131 ve bu s\u0131rada tutkulu bir \u015fekilde \u00f6p\u00fc\u015ft\u00fc.<\/p>\n<p>Sussex D\u00fc\u015fesi Meghan, &#8220;Afro kad\u0131nlar ve g\u00fc\u00e7&#8221; konulu bir konferansta ak\u0131c\u0131 \u0130spanyolcas\u0131yla konu\u015farak dinleyenleri etkiledi. 20 y\u0131l \u00f6nce Arjantin&#8217;de \u00f6\u011frendi\u011fi \u0130spanyolcas\u0131n\u0131 kullanarak Kolombiya Ba\u015fkan Yard\u0131mc\u0131s\u0131 Francia Marquez&#8217;e te\u015fekk\u00fcr etti.<\/p>\n<p>Konu\u015fmas\u0131nda k\u0131z\u0131 Lilibet&#8217;in &#8220;sesini buldu\u011funu&#8221; s\u00f6yleyen Meghan, annesi Doria&#8217;y\u0131 da rol modeli olarak nitelendirdi.<\/p>\n<p>Prens Harry ise gen\u00e7lere hitap ederek, eylemlerinin toplumlar\u0131ndaki insanlar\u0131 ve \u00e7ocuklar\u0131 etkiledi\u011fini vurgulad\u0131.<\/p>\n<p>D\u00f6rt g\u00fcnl\u00fck Kolombiya turu boyunca Bogota, Cartagena ve Cali&#8217;yi ziyaret eden \u00e7ift, k\u00fclt\u00fcrel etkinliklere kat\u0131larak ve yerel gruplarla bir araya gelerek \u00fclkenin \u00e7e\u015fitlili\u011fini vurgulad\u0131.<\/p>\n<p><img loading=\"lazy\" decoding=\"async\" class=\"hbptMainImage lazyload ImgDetay\" src=\"https:\/\/foto.haberler.com\/haber\/2024\/08\/19\/meghan-markle-ve-prens-harry-kolombiya-da-salsa-17734220_6563_m.jpg\" alt=\"Meghan Markle ve Prens Harry, Kolombiya'da salsa dans\u0131 yapt\u0131klar\u0131 s\u0131rada tutkulu bir \u015fekilde \u00f6p\u00fc\u015ft\u00fc\" width=\"466\" height=\"733\"\/><\/p>\n<p><img loading=\"lazy\" decoding=\"async\" class=\"hbptMainImage lazyload ImgDetay\" src=\"https:\/\/foto.haberler.com\/haber\/2024\/08\/19\/meghan-markle-ve-prens-harry-kolombiya-da-salsa-17734220_1313_m.jpg\" alt=\"Meghan Markle ve Prens Harry, Kolombiya'da salsa dans\u0131 yapt\u0131klar\u0131 s\u0131rada tutkulu bir \u015fekilde \u00f6p\u00fc\u015ft\u00fc\" width=\"541\" height=\"857\"\/><\/p>\n<h4 id=\"nwsKeywords\"> <a href=\"https:\/\/www.haberler.com\/meghan-markle\/\" title=\"Meghan Markle\" class=\"hbptTag\">Meghan Markle<\/a>  <a href=\"https:\/\/www.haberler.com\/prens-harry\/\" title=\"Prens Harry\" class=\"hbptTag\">Prens Harry<\/a>  <a href=\"https:\/\/www.haberler.com\/magazin\/\" title=\"Magazin\" class=\"hbptTag\">Magazin<\/a>  <a href=\"https:\/\/www.haberler.com\/yasam\/\" title=\"Ya\u015fam\" class=\"hbptTag\">Ya\u015fam<\/a>  <a href=\"https:\/\/www.haberler.com\/dunya\/\" title=\"D\u00fcnya\" class=\"hbptTag\">D\u00fcnya<\/a>  <a href=\"https:\/\/www.haberler.com\/\" title=\"Haberler\" class=\"hbptTag\">Haberler<\/a> <\/h4>\n<\/div>\n","protected":false},"excerpt":{"rendered":"<p>Meghan Markle ve Prens Harry, Kolombiya gezilerinin son g\u00fcn\u00fcnde Cali&#8217;de dikkat \u00e7ekici anlar ya\u015fad\u0131. \u00c7ift, yerel bir gen\u00e7lik organizasyonunun dans etkinli\u011fine kat\u0131larak salsa yapt\u0131 ve bu s\u0131rada tutkulu bir \u015fekilde \u00f6p\u00fc\u015ft\u00fc. Sussex D\u00fc\u015fesi Meghan, &#8220;Afro kad\u0131nlar ve g\u00fc\u00e7&#8221; konulu bir konferansta ak\u0131c\u0131 \u0130spanyolcas\u0131yla konu\u015farak dinleyenleri etkiledi. 20 y\u0131l \u00f6nce Arjantin&#8217;de \u00f6\u011frendi\u011fi \u0130spanyolcas\u0131n\u0131 kullanarak Kolombiya Ba\u015fkan<\/p>\n","protected":false},"author":1,"featured_media":55359,"comment_status":"open","ping_status":"open","sticky":false,"template":"","format":"standard","meta":{"footnotes":""},"categories":[83],"tags":[],"class_list":["post-55358","post","type-post","status-publish","format-standard","has-post-thumbnail","hentry","category-magazin"],"yoast_head":"<!-- This site is optimized with the Yoast SEO plugin v27.4 - https:\/\/yoast.com\/product\/yoast-seo-wordpress\/ -->\n<title>Meghan Markle ve Prens Harry, Kolombiya&#039;da salsa dans\u0131 yapt\u0131klar\u0131 s\u0131rada tutkulu bir \u015fekilde \u00f6p\u00fc\u015ft\u00fc -<\/title>\n<meta name=\"robots\" content=\"index, follow, max-snippet:-1, max-image-preview:large, max-video-preview:-1\" \/>\n<link rel=\"canonical\" href=\"https:\/\/kibrisdakik.com\/?p=55358\" \/>\n<meta property=\"og:locale\" content=\"tr_TR\" \/>\n<meta property=\"og:type\" content=\"article\" \/>\n<meta property=\"og:title\" content=\"Meghan Markle ve Prens Harry, Kolombiya&#039;da salsa dans\u0131 yapt\u0131klar\u0131 s\u0131rada tutkulu bir \u015fekilde \u00f6p\u00fc\u015ft\u00fc -\" \/>\n<meta property=\"og:description\" content=\"Meghan Markle ve Prens Harry, Kolombiya gezilerinin son g\u00fcn\u00fcnde Cali&#8217;de dikkat \u00e7ekici anlar ya\u015fad\u0131. \u00c7ift, yerel bir gen\u00e7lik organizasyonunun dans etkinli\u011fine kat\u0131larak salsa yapt\u0131 ve bu s\u0131rada tutkulu bir \u015fekilde \u00f6p\u00fc\u015ft\u00fc. Sussex D\u00fc\u015fesi Meghan, &#8220;Afro kad\u0131nlar ve g\u00fc\u00e7&#8221; konulu bir konferansta ak\u0131c\u0131 \u0130spanyolcas\u0131yla konu\u015farak dinleyenleri etkiledi. 20 y\u0131l \u00f6nce Arjantin&#8217;de \u00f6\u011frendi\u011fi \u0130spanyolcas\u0131n\u0131 kullanarak Kolombiya Ba\u015fkan\" \/>\n<meta property=\"og:url\" content=\"https:\/\/kibrisdakik.com\/?p=55358\" \/>\n<meta property=\"article:published_time\" content=\"2024-08-19T08:51:22+00:00\" \/>\n<meta property=\"og:image\" content=\"https:\/\/kibrisdakik.com\/wp-content\/uploads\/2024\/08\/meghan-markle-ve-prens-harry-kolombiya-da-salsa-17734220_6563_m-466x420.jpg\" \/>\n\t<meta property=\"og:image:width\" content=\"466\" \/>\n\t<meta property=\"og:image:height\" content=\"733\" \/>\n\t<meta property=\"og:image:type\" content=\"image\/jpeg\" \/>\n<meta name=\"author\" content=\"admin\" \/>\n<meta name=\"twitter:card\" content=\"summary_large_image\" \/>\n<meta name=\"twitter:label1\" content=\"Yazan:\" \/>\n\t<meta name=\"twitter:data1\" content=\"admin\" \/>\n\t<meta name=\"twitter:label2\" content=\"Tahmini okuma s\u00fcresi\" \/>\n\t<meta name=\"twitter:data2\" content=\"1 dakika\" \/>\n<script type=\"application\/ld+json\" class=\"yoast-schema-graph\">{\"@context\":\"https:\\\/\\\/schema.org\",\"@graph\":[{\"@type\":\"Article\",\"@id\":\"https:\\\/\\\/kibrisdakik.com\\\/?p=55358#article\",\"isPartOf\":{\"@id\":\"https:\\\/\\\/kibrisdakik.com\\\/?p=55358\"},\"author\":{\"name\":\"admin\",\"@id\":\"https:\\\/\\\/kibrisdakik.com\\\/#\\\/schema\\\/person\\\/9cd9d437bbb44f72b73ba127e06d8e79\"},\"headline\":\"Meghan Markle ve Prens Harry, Kolombiya&#8217;da salsa dans\u0131 yapt\u0131klar\u0131 s\u0131rada tutkulu bir \u015fekilde \u00f6p\u00fc\u015ft\u00fc\",\"datePublished\":\"2024-08-19T08:51:22+00:00\",\"mainEntityOfPage\":{\"@id\":\"https:\\\/\\\/kibrisdakik.com\\\/?p=55358\"},\"wordCount\":174,\"commentCount\":0,\"image\":{\"@id\":\"https:\\\/\\\/kibrisdakik.com\\\/?p=55358#primaryimage\"},\"thumbnailUrl\":\"https:\\\/\\\/kibrisdakik.com\\\/wp-content\\\/uploads\\\/2024\\\/08\\\/meghan-markle-ve-prens-harry-kolombiya-da-salsa-17734220_6563_m-466x420.jpg\",\"articleSection\":[\"Magazin\"],\"inLanguage\":\"tr\",\"potentialAction\":[{\"@type\":\"CommentAction\",\"name\":\"Comment\",\"target\":[\"https:\\\/\\\/kibrisdakik.com\\\/?p=55358#respond\"]}]},{\"@type\":\"WebPage\",\"@id\":\"https:\\\/\\\/kibrisdakik.com\\\/?p=55358\",\"url\":\"https:\\\/\\\/kibrisdakik.com\\\/?p=55358\",\"name\":\"Meghan Markle ve Prens Harry, Kolombiya'da salsa dans\u0131 yapt\u0131klar\u0131 s\u0131rada tutkulu bir \u015fekilde \u00f6p\u00fc\u015ft\u00fc -\",\"isPartOf\":{\"@id\":\"https:\\\/\\\/kibrisdakik.com\\\/#website\"},\"primaryImageOfPage\":{\"@id\":\"https:\\\/\\\/kibrisdakik.com\\\/?p=55358#primaryimage\"},\"image\":{\"@id\":\"https:\\\/\\\/kibrisdakik.com\\\/?p=55358#primaryimage\"},\"thumbnailUrl\":\"https:\\\/\\\/kibrisdakik.com\\\/wp-content\\\/uploads\\\/2024\\\/08\\\/meghan-markle-ve-prens-harry-kolombiya-da-salsa-17734220_6563_m-466x420.jpg\",\"datePublished\":\"2024-08-19T08:51:22+00:00\",\"author\":{\"@id\":\"https:\\\/\\\/kibrisdakik.com\\\/#\\\/schema\\\/person\\\/9cd9d437bbb44f72b73ba127e06d8e79\"},\"breadcrumb\":{\"@id\":\"https:\\\/\\\/kibrisdakik.com\\\/?p=55358#breadcrumb\"},\"inLanguage\":\"tr\",\"potentialAction\":[{\"@type\":\"ReadAction\",\"target\":[\"https:\\\/\\\/kibrisdakik.com\\\/?p=55358\"]}]},{\"@type\":\"ImageObject\",\"inLanguage\":\"tr\",\"@id\":\"https:\\\/\\\/kibrisdakik.com\\\/?p=55358#primaryimage\",\"url\":\"https:\\\/\\\/kibrisdakik.com\\\/wp-content\\\/uploads\\\/2024\\\/08\\\/meghan-markle-ve-prens-harry-kolombiya-da-salsa-17734220_6563_m-466x420.jpg\",\"contentUrl\":\"https:\\\/\\\/kibrisdakik.com\\\/wp-content\\\/uploads\\\/2024\\\/08\\\/meghan-markle-ve-prens-harry-kolombiya-da-salsa-17734220_6563_m-466x420.jpg\",\"width\":466,\"height\":733},{\"@type\":\"BreadcrumbList\",\"@id\":\"https:\\\/\\\/kibrisdakik.com\\\/?p=55358#breadcrumb\",\"itemListElement\":[{\"@type\":\"ListItem\",\"position\":1,\"name\":\"Home\",\"item\":\"https:\\\/\\\/kibrisdakik.com\\\/\"},{\"@type\":\"ListItem\",\"position\":2,\"name\":\"Meghan Markle ve Prens Harry, Kolombiya&#8217;da salsa dans\u0131 yapt\u0131klar\u0131 s\u0131rada tutkulu bir \u015fekilde \u00f6p\u00fc\u015ft\u00fc\"}]},{\"@type\":\"WebSite\",\"@id\":\"https:\\\/\\\/kibrisdakik.com\\\/#website\",\"url\":\"https:\\\/\\\/kibrisdakik.com\\\/\",\"name\":\"\",\"description\":\"Tam vaktinde haber\",\"potentialAction\":[{\"@type\":\"SearchAction\",\"target\":{\"@type\":\"EntryPoint\",\"urlTemplate\":\"https:\\\/\\\/kibrisdakik.com\\\/?s={search_term_string}\"},\"query-input\":{\"@type\":\"PropertyValueSpecification\",\"valueRequired\":true,\"valueName\":\"search_term_string\"}}],\"inLanguage\":\"tr\"},{\"@type\":\"Person\",\"@id\":\"https:\\\/\\\/kibrisdakik.com\\\/#\\\/schema\\\/person\\\/9cd9d437bbb44f72b73ba127e06d8e79\",\"name\":\"admin\",\"image\":{\"@type\":\"ImageObject\",\"inLanguage\":\"tr\",\"@id\":\"https:\\\/\\\/secure.gravatar.com\\\/avatar\\\/ccc17943b9d660506c869530f897617f7cb1c21a4bf30023f252596d83e1f007?s=96&d=mm&r=g\",\"url\":\"https:\\\/\\\/secure.gravatar.com\\\/avatar\\\/ccc17943b9d660506c869530f897617f7cb1c21a4bf30023f252596d83e1f007?s=96&d=mm&r=g\",\"contentUrl\":\"https:\\\/\\\/secure.gravatar.com\\\/avatar\\\/ccc17943b9d660506c869530f897617f7cb1c21a4bf30023f252596d83e1f007?s=96&d=mm&r=g\",\"caption\":\"admin\"},\"sameAs\":[\"https:\\\/\\\/kibrisdakik.com\"],\"url\":\"https:\\\/\\\/kibrisdakik.com\\\/?author=1\"}]}<\/script>\n<!-- \/ Yoast SEO plugin. -->","yoast_head_json":{"title":"Meghan Markle ve Prens Harry, Kolombiya'da salsa dans\u0131 yapt\u0131klar\u0131 s\u0131rada tutkulu bir \u015fekilde \u00f6p\u00fc\u015ft\u00fc -","robots":{"index":"index","follow":"follow","max-snippet":"max-snippet:-1","max-image-preview":"max-image-preview:large","max-video-preview":"max-video-preview:-1"},"canonical":"https:\/\/kibrisdakik.com\/?p=55358","og_locale":"tr_TR","og_type":"article","og_title":"Meghan Markle ve Prens Harry, Kolombiya'da salsa dans\u0131 yapt\u0131klar\u0131 s\u0131rada tutkulu bir \u015fekilde \u00f6p\u00fc\u015ft\u00fc -","og_description":"Meghan Markle ve Prens Harry, Kolombiya gezilerinin son g\u00fcn\u00fcnde Cali&#8217;de dikkat \u00e7ekici anlar ya\u015fad\u0131. \u00c7ift, yerel bir gen\u00e7lik organizasyonunun dans etkinli\u011fine kat\u0131larak salsa yapt\u0131 ve bu s\u0131rada tutkulu bir \u015fekilde \u00f6p\u00fc\u015ft\u00fc. Sussex D\u00fc\u015fesi Meghan, &#8220;Afro kad\u0131nlar ve g\u00fc\u00e7&#8221; konulu bir konferansta ak\u0131c\u0131 \u0130spanyolcas\u0131yla konu\u015farak dinleyenleri etkiledi. 20 y\u0131l \u00f6nce Arjantin&#8217;de \u00f6\u011frendi\u011fi \u0130spanyolcas\u0131n\u0131 kullanarak Kolombiya Ba\u015fkan","og_url":"https:\/\/kibrisdakik.com\/?p=55358","article_published_time":"2024-08-19T08:51:22+00:00","og_image":[{"width":466,"height":733,"url":"https:\/\/kibrisdakik.com\/wp-content\/uploads\/2024\/08\/meghan-markle-ve-prens-harry-kolombiya-da-salsa-17734220_6563_m-466x420.jpg","type":"image\/jpeg"}],"author":"admin","twitter_card":"summary_large_image","twitter_misc":{"Yazan:":"admin","Tahmini okuma s\u00fcresi":"1 dakika"},"schema":{"@context":"https:\/\/schema.org","@graph":[{"@type":"Article","@id":"https:\/\/kibrisdakik.com\/?p=55358#article","isPartOf":{"@id":"https:\/\/kibrisdakik.com\/?p=55358"},"author":{"name":"admin","@id":"https:\/\/kibrisdakik.com\/#\/schema\/person\/9cd9d437bbb44f72b73ba127e06d8e79"},"headline":"Meghan Markle ve Prens Harry, Kolombiya&#8217;da salsa dans\u0131 yapt\u0131klar\u0131 s\u0131rada tutkulu bir \u015fekilde \u00f6p\u00fc\u015ft\u00fc","datePublished":"2024-08-19T08:51:22+00:00","mainEntityOfPage":{"@id":"https:\/\/kibrisdakik.com\/?p=55358"},"wordCount":174,"commentCount":0,"image":{"@id":"https:\/\/kibrisdakik.com\/?p=55358#primaryimage"},"thumbnailUrl":"https:\/\/kibrisdakik.com\/wp-content\/uploads\/2024\/08\/meghan-markle-ve-prens-harry-kolombiya-da-salsa-17734220_6563_m-466x420.jpg","articleSection":["Magazin"],"inLanguage":"tr","potentialAction":[{"@type":"CommentAction","name":"Comment","target":["https:\/\/kibrisdakik.com\/?p=55358#respond"]}]},{"@type":"WebPage","@id":"https:\/\/kibrisdakik.com\/?p=55358","url":"https:\/\/kibrisdakik.com\/?p=55358","name":"Meghan Markle ve Prens Harry, Kolombiya'da salsa dans\u0131 yapt\u0131klar\u0131 s\u0131rada tutkulu bir \u015fekilde \u00f6p\u00fc\u015ft\u00fc -","isPartOf":{"@id":"https:\/\/kibrisdakik.com\/#website"},"primaryImageOfPage":{"@id":"https:\/\/kibrisdakik.com\/?p=55358#primaryimage"},"image":{"@id":"https:\/\/kibrisdakik.com\/?p=55358#primaryimage"},"thumbnailUrl":"https:\/\/kibrisdakik.com\/wp-content\/uploads\/2024\/08\/meghan-markle-ve-prens-harry-kolombiya-da-salsa-17734220_6563_m-466x420.jpg","datePublished":"2024-08-19T08:51:22+00:00","author":{"@id":"https:\/\/kibrisdakik.com\/#\/schema\/person\/9cd9d437bbb44f72b73ba127e06d8e79"},"breadcrumb":{"@id":"https:\/\/kibrisdakik.com\/?p=55358#breadcrumb"},"inLanguage":"tr","potentialAction":[{"@type":"ReadAction","target":["https:\/\/kibrisdakik.com\/?p=55358"]}]},{"@type":"ImageObject","inLanguage":"tr","@id":"https:\/\/kibrisdakik.com\/?p=55358#primaryimage","url":"https:\/\/kibrisdakik.com\/wp-content\/uploads\/2024\/08\/meghan-markle-ve-prens-harry-kolombiya-da-salsa-17734220_6563_m-466x420.jpg","contentUrl":"https:\/\/kibrisdakik.com\/wp-content\/uploads\/2024\/08\/meghan-markle-ve-prens-harry-kolombiya-da-salsa-17734220_6563_m-466x420.jpg","width":466,"height":733},{"@type":"BreadcrumbList","@id":"https:\/\/kibrisdakik.com\/?p=55358#breadcrumb","itemListElement":[{"@type":"ListItem","position":1,"name":"Home","item":"https:\/\/kibrisdakik.com\/"},{"@type":"ListItem","position":2,"name":"Meghan Markle ve Prens Harry, Kolombiya&#8217;da salsa dans\u0131 yapt\u0131klar\u0131 s\u0131rada tutkulu bir \u015fekilde \u00f6p\u00fc\u015ft\u00fc"}]},{"@type":"WebSite","@id":"https:\/\/kibrisdakik.com\/#website","url":"https:\/\/kibrisdakik.com\/","name":"","description":"Tam vaktinde haber","potentialAction":[{"@type":"SearchAction","target":{"@type":"EntryPoint","urlTemplate":"https:\/\/kibrisdakik.com\/?s={search_term_string}"},"query-input":{"@type":"PropertyValueSpecification","valueRequired":true,"valueName":"search_term_string"}}],"inLanguage":"tr"},{"@type":"Person","@id":"https:\/\/kibrisdakik.com\/#\/schema\/person\/9cd9d437bbb44f72b73ba127e06d8e79","name":"admin","image":{"@type":"ImageObject","inLanguage":"tr","@id":"https:\/\/secure.gravatar.com\/avatar\/ccc17943b9d660506c869530f897617f7cb1c21a4bf30023f252596d83e1f007?s=96&d=mm&r=g","url":"https:\/\/secure.gravatar.com\/avatar\/ccc17943b9d660506c869530f897617f7cb1c21a4bf30023f252596d83e1f007?s=96&d=mm&r=g","contentUrl":"https:\/\/secure.gravatar.com\/avatar\/ccc17943b9d660506c869530f897617f7cb1c21a4bf30023f252596d83e1f007?s=96&d=mm&r=g","caption":"admin"},"sameAs":["https:\/\/kibrisdakik.com"],"url":"https:\/\/kibrisdakik.com\/?author=1"}]}},"_links":{"self":[{"href":"https:\/\/kibrisdakik.com\/index.php?rest_route=\/wp\/v2\/posts\/55358","targetHints":{"allow":["GET"]}}],"collection":[{"href":"https:\/\/kibrisdakik.com\/index.php?rest_route=\/wp\/v2\/posts"}],"about":[{"href":"https:\/\/kibrisdakik.com\/index.php?rest_route=\/wp\/v2\/types\/post"}],"author":[{"embeddable":true,"href":"https:\/\/kibrisdakik.com\/index.php?rest_route=\/wp\/v2\/users\/1"}],"replies":[{"embeddable":true,"href":"https:\/\/kibrisdakik.com\/index.php?rest_route=%2Fwp%2Fv2%2Fcomments&post=55358"}],"version-history":[{"count":0,"href":"https:\/\/kibrisdakik.com\/index.php?rest_route=\/wp\/v2\/posts\/55358\/revisions"}],"wp:featuredmedia":[{"embeddable":true,"href":"https:\/\/kibrisdakik.com\/index.php?rest_route=\/wp\/v2\/media\/55359"}],"wp:attachment":[{"href":"https:\/\/kibrisdakik.com\/index.php?rest_route=%2Fwp%2Fv2%2Fmedia&parent=55358"}],"wp:term":[{"taxonomy":"category","embeddable":true,"href":"https:\/\/kibrisdakik.com\/index.php?rest_route=%2Fwp%2Fv2%2Fcategories&post=55358"},{"taxonomy":"post_tag","embeddable":true,"href":"https:\/\/kibrisdakik.com\/index.php?rest_route=%2Fwp%2Fv2%2Ftags&post=55358"}],"curies":[{"name":"wp","href":"https:\/\/api.w.org\/{rel}","templated":true}]}}