{"id":55399,"date":"2024-08-19T14:56:48","date_gmt":"2024-08-19T11:56:48","guid":{"rendered":"https:\/\/kibrisdakik.com\/index.php\/2024\/08\/19\/gobeklitepe-ziyaretci-sayisinda-yeni-bir-rekora-imza-atti\/"},"modified":"2024-08-19T14:56:48","modified_gmt":"2024-08-19T11:56:48","slug":"gobeklitepe-ziyaretci-sayisinda-yeni-bir-rekora-imza-atti","status":"publish","type":"post","link":"https:\/\/kibrisdakik.com\/?p=55399","title":{"rendered":"G\u00f6beklitepe ziyaret\u00e7i say\u0131s\u0131nda yeni bir rekora imza att\u0131"},"content":{"rendered":"<p><img decoding=\"async\" src=\"https:\/\/foto.haberler.com\/haber\/2024\/08\/19\/gobeklitepe-ziyaretci-sayisinda-yeni-bir-rekora-17734922_6523_amp.jpg\" \/><\/p>\n<div id=\"\">\n<p>2018 y\u0131l\u0131nda UNESCO D\u00fcnya Miras\u0131 Listesi&#8217;nde yer alan ve d\u00fcnya tarihi a\u00e7\u0131s\u0131ndan b\u00fcy\u00fck \u00f6nem ta\u015f\u0131yan  <a class=\"keyword\" href=\"https:\/\/www.haberler.com\/gobeklitepe\/\" title=\"G\u00f6beklitepe Haberleri, G\u00f6beklitepe Haberi, G\u00f6beklitepe Haber\"><strong>G\u00f6beklitepe<\/strong><\/a>, ilk 7 ayl\u0131k ziyaret\u00e7i say\u0131s\u0131 bak\u0131m\u0131ndan \u00f6nceki y\u0131llar\u0131 geride b\u0131rakt\u0131. <\/p>\n<h3>Z\u0130YARET\u00c7\u0130 SAYISI REKOR D\u00dcZEYE ULA\u015eTI <\/h3>\n<p>\u00d6nceki y\u0131llar\u0131n ayn\u0131 d\u00f6nemine g\u00f6re en y\u00fcksek ziyaret\u00e7i say\u0131s\u0131na bu y\u0131l ula\u015fan  <a class=\"keyword\" href=\"https:\/\/www.haberler.com\/gobeklitepe\/\" title=\"G\u00f6beklitepe Haberleri, G\u00f6beklitepe Haberi, G\u00f6beklitepe Haber\"><strong>G\u00f6beklitepe<\/strong><\/a>&#8216;yi 2022 y\u0131l\u0131n\u0131n ilk 7 ay\u0131nda 290 bin yerli ve yabanc\u0131 turist ziyaret ederken, bu rakam bu y\u0131l\u0131n ayn\u0131 d\u00f6neminde 326 bin olarak kay\u0131tlara ge\u00e7ti.<\/p>\n<p>Rakamlar\u0131 ve geli\u015fmeleri sosyal medya arac\u0131l\u0131\u011f\u0131yla aktaran \u015eanl\u0131urfa Valisi Hasan \u015e\u0131ldak, b\u00f6lgenin tan\u0131t\u0131m\u0131 ve turizm hareketinin daha da geli\u015fmesi i\u00e7in G\u00f6beklitepe ile ilgili \u00e7al\u0131\u015fmalar\u0131 hassasiyetle takip ettiklerini ifade etti. Vali \u015e\u0131ldak, &#8220;Ta\u015f Tepeler Projesi kapsam\u0131nda 10 farkl\u0131 noktadaki kaz\u0131 \u00e7al\u0131\u015fmalar\u0131yla adeta a\u00e7\u0131k hava m\u00fczesi niteli\u011finde zengin arkeolojik mirasa sahip olan \u015eanl\u0131urfa, y\u00fcr\u00fct\u00fclen \u00e7al\u0131\u015fmalarla bu k\u00fclt\u00fcrel miras\u0131n her ge\u00e7en g\u00fcn a\u00e7\u0131\u011fa \u00e7\u0131kar\u0131lmas\u0131 sonucunda daha \u00e7ok ziyaret\u00e7iyi misafir edecek, k\u00fclt\u00fcr ve turizm \u015fehri kimli\u011fi g\u00fc\u00e7lenecek&#8221; ifadelerini kulland\u0131.<\/p>\n<h4 id=\"nwsKeywords\"> <a href=\"https:\/\/www.haberler.com\/gobeklitepe\/\" title=\"G\u00f6beklitepe\" class=\"hbptTag\">G\u00f6beklitepe<\/a>  <a href=\"https:\/\/www.haberler.com\/turizm\/\" title=\"Turizm\" class=\"hbptTag\">Turizm<\/a>  <a href=\"https:\/\/www.haberler.com\/kultur-sanat\/\" title=\"K\u00fclt\u00fcr Sanat\" class=\"hbptTag\">K\u00fclt\u00fcr Sanat<\/a>  <a href=\"https:\/\/www.haberler.com\/\" title=\"Haberler\" class=\"hbptTag\">Haberler<\/a> <\/h4>\n<\/div>\n","protected":false},"excerpt":{"rendered":"<p>2018 y\u0131l\u0131nda UNESCO D\u00fcnya Miras\u0131 Listesi&#8217;nde yer alan ve d\u00fcnya tarihi a\u00e7\u0131s\u0131ndan b\u00fcy\u00fck \u00f6nem ta\u015f\u0131yan G\u00f6beklitepe, ilk 7 ayl\u0131k ziyaret\u00e7i say\u0131s\u0131 bak\u0131m\u0131ndan \u00f6nceki y\u0131llar\u0131 geride b\u0131rakt\u0131. Z\u0130YARET\u00c7\u0130 SAYISI REKOR D\u00dcZEYE ULA\u015eTI \u00d6nceki y\u0131llar\u0131n ayn\u0131 d\u00f6nemine g\u00f6re en y\u00fcksek ziyaret\u00e7i say\u0131s\u0131na bu y\u0131l ula\u015fan G\u00f6beklitepe&#8216;yi 2022 y\u0131l\u0131n\u0131n ilk 7 ay\u0131nda 290 bin yerli ve yabanc\u0131 turist<\/p>\n","protected":false},"author":1,"featured_media":55400,"comment_status":"open","ping_status":"open","sticky":false,"template":"","format":"standard","meta":{"footnotes":""},"categories":[83],"tags":[],"class_list":["post-55399","post","type-post","status-publish","format-standard","has-post-thumbnail","hentry","category-magazin"],"yoast_head":"<!-- This site is optimized with the Yoast SEO plugin v27.4 - https:\/\/yoast.com\/product\/yoast-seo-wordpress\/ -->\n<title>G\u00f6beklitepe ziyaret\u00e7i say\u0131s\u0131nda yeni bir rekora imza att\u0131 -<\/title>\n<meta name=\"robots\" content=\"index, follow, max-snippet:-1, max-image-preview:large, max-video-preview:-1\" \/>\n<link rel=\"canonical\" href=\"https:\/\/kibrisdakik.com\/?p=55399\" \/>\n<meta property=\"og:locale\" content=\"tr_TR\" \/>\n<meta property=\"og:type\" content=\"article\" \/>\n<meta property=\"og:title\" content=\"G\u00f6beklitepe ziyaret\u00e7i say\u0131s\u0131nda yeni bir rekora imza att\u0131 -\" \/>\n<meta property=\"og:description\" content=\"2018 y\u0131l\u0131nda UNESCO D\u00fcnya Miras\u0131 Listesi&#8217;nde yer alan ve d\u00fcnya tarihi a\u00e7\u0131s\u0131ndan b\u00fcy\u00fck \u00f6nem ta\u015f\u0131yan G\u00f6beklitepe, ilk 7 ayl\u0131k ziyaret\u00e7i say\u0131s\u0131 bak\u0131m\u0131ndan \u00f6nceki y\u0131llar\u0131 geride b\u0131rakt\u0131. Z\u0130YARET\u00c7\u0130 SAYISI REKOR D\u00dcZEYE ULA\u015eTI \u00d6nceki y\u0131llar\u0131n ayn\u0131 d\u00f6nemine g\u00f6re en y\u00fcksek ziyaret\u00e7i say\u0131s\u0131na bu y\u0131l ula\u015fan G\u00f6beklitepe&#8216;yi 2022 y\u0131l\u0131n\u0131n ilk 7 ay\u0131nda 290 bin yerli ve yabanc\u0131 turist\" \/>\n<meta property=\"og:url\" content=\"https:\/\/kibrisdakik.com\/?p=55399\" \/>\n<meta property=\"article:published_time\" content=\"2024-08-19T11:56:48+00:00\" \/>\n<meta property=\"og:image\" content=\"https:\/\/kibrisdakik.com\/wp-content\/uploads\/2024\/08\/gobeklitepe-ziyaretci-sayisinda-yeni-bir-rekora-17734922_6523_amp.jpg\" \/>\n\t<meta property=\"og:image:width\" content=\"1202\" \/>\n\t<meta property=\"og:image:height\" content=\"675\" \/>\n\t<meta property=\"og:image:type\" content=\"image\/jpeg\" \/>\n<meta name=\"author\" content=\"admin\" \/>\n<meta name=\"twitter:card\" content=\"summary_large_image\" \/>\n<meta name=\"twitter:label1\" content=\"Yazan:\" \/>\n\t<meta name=\"twitter:data1\" content=\"admin\" \/>\n\t<meta name=\"twitter:label2\" content=\"Tahmini okuma s\u00fcresi\" \/>\n\t<meta name=\"twitter:data2\" content=\"1 dakika\" \/>\n<script type=\"application\/ld+json\" class=\"yoast-schema-graph\">{\"@context\":\"https:\\\/\\\/schema.org\",\"@graph\":[{\"@type\":\"Article\",\"@id\":\"https:\\\/\\\/kibrisdakik.com\\\/?p=55399#article\",\"isPartOf\":{\"@id\":\"https:\\\/\\\/kibrisdakik.com\\\/?p=55399\"},\"author\":{\"name\":\"admin\",\"@id\":\"https:\\\/\\\/kibrisdakik.com\\\/#\\\/schema\\\/person\\\/9cd9d437bbb44f72b73ba127e06d8e79\"},\"headline\":\"G\u00f6beklitepe ziyaret\u00e7i say\u0131s\u0131nda yeni bir rekora imza att\u0131\",\"datePublished\":\"2024-08-19T11:56:48+00:00\",\"mainEntityOfPage\":{\"@id\":\"https:\\\/\\\/kibrisdakik.com\\\/?p=55399\"},\"wordCount\":231,\"commentCount\":0,\"image\":{\"@id\":\"https:\\\/\\\/kibrisdakik.com\\\/?p=55399#primaryimage\"},\"thumbnailUrl\":\"https:\\\/\\\/kibrisdakik.com\\\/wp-content\\\/uploads\\\/2024\\\/08\\\/gobeklitepe-ziyaretci-sayisinda-yeni-bir-rekora-17734922_6523_amp.jpg\",\"articleSection\":[\"Magazin\"],\"inLanguage\":\"tr\",\"potentialAction\":[{\"@type\":\"CommentAction\",\"name\":\"Comment\",\"target\":[\"https:\\\/\\\/kibrisdakik.com\\\/?p=55399#respond\"]}]},{\"@type\":\"WebPage\",\"@id\":\"https:\\\/\\\/kibrisdakik.com\\\/?p=55399\",\"url\":\"https:\\\/\\\/kibrisdakik.com\\\/?p=55399\",\"name\":\"G\u00f6beklitepe ziyaret\u00e7i say\u0131s\u0131nda yeni bir rekora imza att\u0131 -\",\"isPartOf\":{\"@id\":\"https:\\\/\\\/kibrisdakik.com\\\/#website\"},\"primaryImageOfPage\":{\"@id\":\"https:\\\/\\\/kibrisdakik.com\\\/?p=55399#primaryimage\"},\"image\":{\"@id\":\"https:\\\/\\\/kibrisdakik.com\\\/?p=55399#primaryimage\"},\"thumbnailUrl\":\"https:\\\/\\\/kibrisdakik.com\\\/wp-content\\\/uploads\\\/2024\\\/08\\\/gobeklitepe-ziyaretci-sayisinda-yeni-bir-rekora-17734922_6523_amp.jpg\",\"datePublished\":\"2024-08-19T11:56:48+00:00\",\"author\":{\"@id\":\"https:\\\/\\\/kibrisdakik.com\\\/#\\\/schema\\\/person\\\/9cd9d437bbb44f72b73ba127e06d8e79\"},\"breadcrumb\":{\"@id\":\"https:\\\/\\\/kibrisdakik.com\\\/?p=55399#breadcrumb\"},\"inLanguage\":\"tr\",\"potentialAction\":[{\"@type\":\"ReadAction\",\"target\":[\"https:\\\/\\\/kibrisdakik.com\\\/?p=55399\"]}]},{\"@type\":\"ImageObject\",\"inLanguage\":\"tr\",\"@id\":\"https:\\\/\\\/kibrisdakik.com\\\/?p=55399#primaryimage\",\"url\":\"https:\\\/\\\/kibrisdakik.com\\\/wp-content\\\/uploads\\\/2024\\\/08\\\/gobeklitepe-ziyaretci-sayisinda-yeni-bir-rekora-17734922_6523_amp.jpg\",\"contentUrl\":\"https:\\\/\\\/kibrisdakik.com\\\/wp-content\\\/uploads\\\/2024\\\/08\\\/gobeklitepe-ziyaretci-sayisinda-yeni-bir-rekora-17734922_6523_amp.jpg\",\"width\":1202,\"height\":675},{\"@type\":\"BreadcrumbList\",\"@id\":\"https:\\\/\\\/kibrisdakik.com\\\/?p=55399#breadcrumb\",\"itemListElement\":[{\"@type\":\"ListItem\",\"position\":1,\"name\":\"Home\",\"item\":\"https:\\\/\\\/kibrisdakik.com\\\/\"},{\"@type\":\"ListItem\",\"position\":2,\"name\":\"G\u00f6beklitepe ziyaret\u00e7i say\u0131s\u0131nda yeni bir rekora imza att\u0131\"}]},{\"@type\":\"WebSite\",\"@id\":\"https:\\\/\\\/kibrisdakik.com\\\/#website\",\"url\":\"https:\\\/\\\/kibrisdakik.com\\\/\",\"name\":\"\",\"description\":\"Tam vaktinde haber\",\"potentialAction\":[{\"@type\":\"SearchAction\",\"target\":{\"@type\":\"EntryPoint\",\"urlTemplate\":\"https:\\\/\\\/kibrisdakik.com\\\/?s={search_term_string}\"},\"query-input\":{\"@type\":\"PropertyValueSpecification\",\"valueRequired\":true,\"valueName\":\"search_term_string\"}}],\"inLanguage\":\"tr\"},{\"@type\":\"Person\",\"@id\":\"https:\\\/\\\/kibrisdakik.com\\\/#\\\/schema\\\/person\\\/9cd9d437bbb44f72b73ba127e06d8e79\",\"name\":\"admin\",\"image\":{\"@type\":\"ImageObject\",\"inLanguage\":\"tr\",\"@id\":\"https:\\\/\\\/secure.gravatar.com\\\/avatar\\\/ccc17943b9d660506c869530f897617f7cb1c21a4bf30023f252596d83e1f007?s=96&d=mm&r=g\",\"url\":\"https:\\\/\\\/secure.gravatar.com\\\/avatar\\\/ccc17943b9d660506c869530f897617f7cb1c21a4bf30023f252596d83e1f007?s=96&d=mm&r=g\",\"contentUrl\":\"https:\\\/\\\/secure.gravatar.com\\\/avatar\\\/ccc17943b9d660506c869530f897617f7cb1c21a4bf30023f252596d83e1f007?s=96&d=mm&r=g\",\"caption\":\"admin\"},\"sameAs\":[\"https:\\\/\\\/kibrisdakik.com\"],\"url\":\"https:\\\/\\\/kibrisdakik.com\\\/?author=1\"}]}<\/script>\n<!-- \/ Yoast SEO plugin. -->","yoast_head_json":{"title":"G\u00f6beklitepe ziyaret\u00e7i say\u0131s\u0131nda yeni bir rekora imza att\u0131 -","robots":{"index":"index","follow":"follow","max-snippet":"max-snippet:-1","max-image-preview":"max-image-preview:large","max-video-preview":"max-video-preview:-1"},"canonical":"https:\/\/kibrisdakik.com\/?p=55399","og_locale":"tr_TR","og_type":"article","og_title":"G\u00f6beklitepe ziyaret\u00e7i say\u0131s\u0131nda yeni bir rekora imza att\u0131 -","og_description":"2018 y\u0131l\u0131nda UNESCO D\u00fcnya Miras\u0131 Listesi&#8217;nde yer alan ve d\u00fcnya tarihi a\u00e7\u0131s\u0131ndan b\u00fcy\u00fck \u00f6nem ta\u015f\u0131yan G\u00f6beklitepe, ilk 7 ayl\u0131k ziyaret\u00e7i say\u0131s\u0131 bak\u0131m\u0131ndan \u00f6nceki y\u0131llar\u0131 geride b\u0131rakt\u0131. Z\u0130YARET\u00c7\u0130 SAYISI REKOR D\u00dcZEYE ULA\u015eTI \u00d6nceki y\u0131llar\u0131n ayn\u0131 d\u00f6nemine g\u00f6re en y\u00fcksek ziyaret\u00e7i say\u0131s\u0131na bu y\u0131l ula\u015fan G\u00f6beklitepe&#8216;yi 2022 y\u0131l\u0131n\u0131n ilk 7 ay\u0131nda 290 bin yerli ve yabanc\u0131 turist","og_url":"https:\/\/kibrisdakik.com\/?p=55399","article_published_time":"2024-08-19T11:56:48+00:00","og_image":[{"width":1202,"height":675,"url":"https:\/\/kibrisdakik.com\/wp-content\/uploads\/2024\/08\/gobeklitepe-ziyaretci-sayisinda-yeni-bir-rekora-17734922_6523_amp.jpg","type":"image\/jpeg"}],"author":"admin","twitter_card":"summary_large_image","twitter_misc":{"Yazan:":"admin","Tahmini okuma s\u00fcresi":"1 dakika"},"schema":{"@context":"https:\/\/schema.org","@graph":[{"@type":"Article","@id":"https:\/\/kibrisdakik.com\/?p=55399#article","isPartOf":{"@id":"https:\/\/kibrisdakik.com\/?p=55399"},"author":{"name":"admin","@id":"https:\/\/kibrisdakik.com\/#\/schema\/person\/9cd9d437bbb44f72b73ba127e06d8e79"},"headline":"G\u00f6beklitepe ziyaret\u00e7i say\u0131s\u0131nda yeni bir rekora imza att\u0131","datePublished":"2024-08-19T11:56:48+00:00","mainEntityOfPage":{"@id":"https:\/\/kibrisdakik.com\/?p=55399"},"wordCount":231,"commentCount":0,"image":{"@id":"https:\/\/kibrisdakik.com\/?p=55399#primaryimage"},"thumbnailUrl":"https:\/\/kibrisdakik.com\/wp-content\/uploads\/2024\/08\/gobeklitepe-ziyaretci-sayisinda-yeni-bir-rekora-17734922_6523_amp.jpg","articleSection":["Magazin"],"inLanguage":"tr","potentialAction":[{"@type":"CommentAction","name":"Comment","target":["https:\/\/kibrisdakik.com\/?p=55399#respond"]}]},{"@type":"WebPage","@id":"https:\/\/kibrisdakik.com\/?p=55399","url":"https:\/\/kibrisdakik.com\/?p=55399","name":"G\u00f6beklitepe ziyaret\u00e7i say\u0131s\u0131nda yeni bir rekora imza att\u0131 -","isPartOf":{"@id":"https:\/\/kibrisdakik.com\/#website"},"primaryImageOfPage":{"@id":"https:\/\/kibrisdakik.com\/?p=55399#primaryimage"},"image":{"@id":"https:\/\/kibrisdakik.com\/?p=55399#primaryimage"},"thumbnailUrl":"https:\/\/kibrisdakik.com\/wp-content\/uploads\/2024\/08\/gobeklitepe-ziyaretci-sayisinda-yeni-bir-rekora-17734922_6523_amp.jpg","datePublished":"2024-08-19T11:56:48+00:00","author":{"@id":"https:\/\/kibrisdakik.com\/#\/schema\/person\/9cd9d437bbb44f72b73ba127e06d8e79"},"breadcrumb":{"@id":"https:\/\/kibrisdakik.com\/?p=55399#breadcrumb"},"inLanguage":"tr","potentialAction":[{"@type":"ReadAction","target":["https:\/\/kibrisdakik.com\/?p=55399"]}]},{"@type":"ImageObject","inLanguage":"tr","@id":"https:\/\/kibrisdakik.com\/?p=55399#primaryimage","url":"https:\/\/kibrisdakik.com\/wp-content\/uploads\/2024\/08\/gobeklitepe-ziyaretci-sayisinda-yeni-bir-rekora-17734922_6523_amp.jpg","contentUrl":"https:\/\/kibrisdakik.com\/wp-content\/uploads\/2024\/08\/gobeklitepe-ziyaretci-sayisinda-yeni-bir-rekora-17734922_6523_amp.jpg","width":1202,"height":675},{"@type":"BreadcrumbList","@id":"https:\/\/kibrisdakik.com\/?p=55399#breadcrumb","itemListElement":[{"@type":"ListItem","position":1,"name":"Home","item":"https:\/\/kibrisdakik.com\/"},{"@type":"ListItem","position":2,"name":"G\u00f6beklitepe ziyaret\u00e7i say\u0131s\u0131nda yeni bir rekora imza att\u0131"}]},{"@type":"WebSite","@id":"https:\/\/kibrisdakik.com\/#website","url":"https:\/\/kibrisdakik.com\/","name":"","description":"Tam vaktinde haber","potentialAction":[{"@type":"SearchAction","target":{"@type":"EntryPoint","urlTemplate":"https:\/\/kibrisdakik.com\/?s={search_term_string}"},"query-input":{"@type":"PropertyValueSpecification","valueRequired":true,"valueName":"search_term_string"}}],"inLanguage":"tr"},{"@type":"Person","@id":"https:\/\/kibrisdakik.com\/#\/schema\/person\/9cd9d437bbb44f72b73ba127e06d8e79","name":"admin","image":{"@type":"ImageObject","inLanguage":"tr","@id":"https:\/\/secure.gravatar.com\/avatar\/ccc17943b9d660506c869530f897617f7cb1c21a4bf30023f252596d83e1f007?s=96&d=mm&r=g","url":"https:\/\/secure.gravatar.com\/avatar\/ccc17943b9d660506c869530f897617f7cb1c21a4bf30023f252596d83e1f007?s=96&d=mm&r=g","contentUrl":"https:\/\/secure.gravatar.com\/avatar\/ccc17943b9d660506c869530f897617f7cb1c21a4bf30023f252596d83e1f007?s=96&d=mm&r=g","caption":"admin"},"sameAs":["https:\/\/kibrisdakik.com"],"url":"https:\/\/kibrisdakik.com\/?author=1"}]}},"_links":{"self":[{"href":"https:\/\/kibrisdakik.com\/index.php?rest_route=\/wp\/v2\/posts\/55399","targetHints":{"allow":["GET"]}}],"collection":[{"href":"https:\/\/kibrisdakik.com\/index.php?rest_route=\/wp\/v2\/posts"}],"about":[{"href":"https:\/\/kibrisdakik.com\/index.php?rest_route=\/wp\/v2\/types\/post"}],"author":[{"embeddable":true,"href":"https:\/\/kibrisdakik.com\/index.php?rest_route=\/wp\/v2\/users\/1"}],"replies":[{"embeddable":true,"href":"https:\/\/kibrisdakik.com\/index.php?rest_route=%2Fwp%2Fv2%2Fcomments&post=55399"}],"version-history":[{"count":0,"href":"https:\/\/kibrisdakik.com\/index.php?rest_route=\/wp\/v2\/posts\/55399\/revisions"}],"wp:featuredmedia":[{"embeddable":true,"href":"https:\/\/kibrisdakik.com\/index.php?rest_route=\/wp\/v2\/media\/55400"}],"wp:attachment":[{"href":"https:\/\/kibrisdakik.com\/index.php?rest_route=%2Fwp%2Fv2%2Fmedia&parent=55399"}],"wp:term":[{"taxonomy":"category","embeddable":true,"href":"https:\/\/kibrisdakik.com\/index.php?rest_route=%2Fwp%2Fv2%2Fcategories&post=55399"},{"taxonomy":"post_tag","embeddable":true,"href":"https:\/\/kibrisdakik.com\/index.php?rest_route=%2Fwp%2Fv2%2Ftags&post=55399"}],"curies":[{"name":"wp","href":"https:\/\/api.w.org\/{rel}","templated":true}]}}