{"id":55417,"date":"2024-08-19T15:46:31","date_gmt":"2024-08-19T12:46:31","guid":{"rendered":"https:\/\/kibrisdakik.com\/index.php\/2024\/08\/19\/ali-koca-saldiran-fatih-ozkanin-suc-dosyasi-kabarik-cikti\/"},"modified":"2024-08-19T15:46:31","modified_gmt":"2024-08-19T12:46:31","slug":"ali-koca-saldiran-fatih-ozkanin-suc-dosyasi-kabarik-cikti","status":"publish","type":"post","link":"https:\/\/kibrisdakik.com\/?p=55417","title":{"rendered":"Ali Ko\u00e7&#8217;a sald\u0131ran Fatih \u00d6zkan&#8217;\u0131n su\u00e7 dosyas\u0131 kabar\u0131k \u00e7\u0131kt\u0131"},"content":{"rendered":"<p><\/p>\n<div id=\"\">\n<p>G\u00f6ztepe-  <a class=\"keyword\" href=\"https:\/\/www.haberler.com\/fenerbahce\/\" title=\"Fenerbah\u00e7e Haberleri, Fenerbah\u00e7e Haberi, Fenerbah\u00e7e Haber\"><strong>Fenerbah\u00e7e<\/strong><\/a> ma\u00e7\u0131nda Fenerbah\u00e7e Ba\u015fkan\u0131 Ali Ko\u00e7&#8217;a sald\u0131ran Fatih \u00d6zkan&#8217;\u0131n daha \u00f6nce bir\u00e7ok su\u00e7a kar\u0131\u015ft\u0131\u011f\u0131 ortaya \u00e7\u0131kt\u0131. \u00d6zkan, ma\u00e7\u0131n ertesi g\u00fcn\u00fc tekrar g\u00f6zalt\u0131na al\u0131nd\u0131 ve adliyeye sevk edildi. \u00c7\u0131kar\u0131ld\u0131\u011f\u0131 mahkemece ev hapsiyle cezaland\u0131r\u0131ld\u0131. G\u00f6ztepeli \u0130\u015f \u0130nsanlar\u0131 Derne\u011fi \u00fcyesi ve y\u00f6neticisi olan \u00d6zkan&#8217;\u0131n ba\u015fta tehdit, hakaret, yaralama, ka\u00e7ak\u00e7\u0131l\u0131k olmak \u00fczere 10 adet su\u00e7 kayd\u0131 bulunuyor. <\/p>\n<h3>EV HAPS\u0130 CEZASI ALDI<\/h3>\n<p>S\u00f6zc\u00fc&#8217;den \u0130rfan Yirmibe\u015f&#8217;in haberine g\u00f6re; Ali Ko\u00e7&#8217;a sald\u0131rd\u0131ktan sonra polisler taraf\u0131ndan olay yerinden uzakla\u015ft\u0131r\u0131lan \u00d6zkan, k\u0131yafet de\u011fi\u015ftirdikten sonra stattaki g\u00f6revine devam etti. \u00d6zkan&#8217;\u0131n g\u00f6zalt\u0131na al\u0131nmad\u0131\u011f\u0131 foto\u011fraflarla kan\u0131tlan\u0131nca, ma\u00e7\u0131n ertesi g\u00fcn\u00fc tekrar g\u00f6zalt\u0131na al\u0131nd\u0131 ve adliyeye sevk edildi. \u00d6zkan \u00e7\u0131kar\u0131ld\u0131\u011f\u0131 mahkemece ev hapsiyle cezaland\u0131r\u0131ld\u0131. <\/p>\n<h3>10 FARKLI SU\u00c7 KAYDI VAR<\/h3>\n<p>G\u00f6ztepeli \u0130\u015f \u0130nsanlar\u0131 Derne\u011fi \u00fcyesi ve y\u00f6neticisi olan \u00d6zkan&#8217;\u0131n ba\u015fta tehdit, hakaret, yaralama, ka\u00e7ak\u00e7\u0131l\u0131k olmak \u00fczere 10 adet su\u00e7 kayd\u0131 bulunuyor. \u00d6te yandan, \u00d6zkan&#8217;\u0131n daha \u00f6nce yapt\u0131\u011f\u0131 sosyal medya payla\u015f\u0131mlar\u0131nda ba\u015fta Fenerbah\u00e7e olmak \u00fczere \u0130stanbul kul\u00fcpleriyle ilgili nefret payla\u015f\u0131mlar\u0131da sosyal medyada g\u00fcndeme geldi. Fatih \u00d6zkan&#8217;\u0131n g\u00f6zalt\u0131ndayken polislere verdi\u011fi ifadesinde, &#8220;Ali Ko\u00e7&#8217;u saha d\u0131\u015f\u0131na \u00e7\u0131kartmak istedim. Yerler \u0131slakt\u0131. H\u0131z\u0131m\u0131 ayarlayamad\u0131m. \u0130stemeden, sert ittim. Yaralama kast\u0131m yoktu&#8221; dedi\u011fi \u00f6\u011frenilmi\u015fti.<\/p>\n<div class=\"orderFlex\">\n<div class=\"hbptItem imgtxtarea\">\n<div class=\"hbptAuthorImg\"><img decoding=\"async\" class=\"lazyload imgelips\" src=\"https:\/\/foto.haberler.com\/genel\/editor\/2022\/02\/07\/editor--578167.jpg\" alt=\"\u0130brahim \u00c7elik\"\/><\/div>\n<\/div>\n<\/div>\n<h4 id=\"nwsKeywords\"> <a href=\"https:\/\/www.haberler.com\/fenerbahce\/\" title=\"Fenerbah\u00e7e\" class=\"hbptTag\">Fenerbah\u00e7e<\/a>  <a href=\"https:\/\/www.haberler.com\/ali-koc\/\" title=\"Ali Ko\u00e7\" class=\"hbptTag\">Ali Ko\u00e7<\/a>  <a href=\"https:\/\/www.haberler.com\/hukuk\/\" title=\"Hukuk\" class=\"hbptTag\">Hukuk<\/a>  <a href=\"https:\/\/www.haberler.com\/spor\/\" title=\"Spor\" class=\"hbptTag\">Spor<\/a>  <a href=\"https:\/\/www.haberler.com\/\" title=\"Haberler\" class=\"hbptTag\">Haberler<\/a> <\/h4>\n<\/div>\n","protected":false},"excerpt":{"rendered":"<p>G\u00f6ztepe- Fenerbah\u00e7e ma\u00e7\u0131nda Fenerbah\u00e7e Ba\u015fkan\u0131 Ali Ko\u00e7&#8217;a sald\u0131ran Fatih \u00d6zkan&#8217;\u0131n daha \u00f6nce bir\u00e7ok su\u00e7a kar\u0131\u015ft\u0131\u011f\u0131 ortaya \u00e7\u0131kt\u0131. \u00d6zkan, ma\u00e7\u0131n ertesi g\u00fcn\u00fc tekrar g\u00f6zalt\u0131na al\u0131nd\u0131 ve adliyeye sevk edildi. \u00c7\u0131kar\u0131ld\u0131\u011f\u0131 mahkemece ev hapsiyle cezaland\u0131r\u0131ld\u0131. G\u00f6ztepeli \u0130\u015f \u0130nsanlar\u0131 Derne\u011fi \u00fcyesi ve y\u00f6neticisi olan \u00d6zkan&#8217;\u0131n ba\u015fta tehdit, hakaret, yaralama, ka\u00e7ak\u00e7\u0131l\u0131k olmak \u00fczere 10 adet su\u00e7 kayd\u0131 bulunuyor. EV<\/p>\n","protected":false},"author":1,"featured_media":55347,"comment_status":"open","ping_status":"open","sticky":false,"template":"","format":"standard","meta":{"footnotes":""},"categories":[83],"tags":[],"class_list":["post-55417","post","type-post","status-publish","format-standard","has-post-thumbnail","hentry","category-magazin"],"yoast_head":"<!-- This site is optimized with the Yoast SEO plugin v28.3 - https:\/\/yoast.com\/product\/yoast-seo-wordpress\/ -->\n<title>Ali Ko\u00e7&#039;a sald\u0131ran Fatih \u00d6zkan&#039;\u0131n su\u00e7 dosyas\u0131 kabar\u0131k \u00e7\u0131kt\u0131 -<\/title>\n<meta name=\"robots\" content=\"index, follow, max-snippet:-1, max-image-preview:large, max-video-preview:-1\" \/>\n<link rel=\"canonical\" href=\"https:\/\/kibrisdakik.com\/?p=55417\" \/>\n<meta property=\"og:locale\" content=\"tr_TR\" \/>\n<meta property=\"og:type\" content=\"article\" \/>\n<meta property=\"og:title\" content=\"Ali Ko\u00e7&#039;a sald\u0131ran Fatih \u00d6zkan&#039;\u0131n su\u00e7 dosyas\u0131 kabar\u0131k \u00e7\u0131kt\u0131 -\" \/>\n<meta property=\"og:description\" content=\"G\u00f6ztepe- Fenerbah\u00e7e ma\u00e7\u0131nda Fenerbah\u00e7e Ba\u015fkan\u0131 Ali Ko\u00e7&#8217;a sald\u0131ran Fatih \u00d6zkan&#8217;\u0131n daha \u00f6nce bir\u00e7ok su\u00e7a kar\u0131\u015ft\u0131\u011f\u0131 ortaya \u00e7\u0131kt\u0131. \u00d6zkan, ma\u00e7\u0131n ertesi g\u00fcn\u00fc tekrar g\u00f6zalt\u0131na al\u0131nd\u0131 ve adliyeye sevk edildi. \u00c7\u0131kar\u0131ld\u0131\u011f\u0131 mahkemece ev hapsiyle cezaland\u0131r\u0131ld\u0131. G\u00f6ztepeli \u0130\u015f \u0130nsanlar\u0131 Derne\u011fi \u00fcyesi ve y\u00f6neticisi olan \u00d6zkan&#8217;\u0131n ba\u015fta tehdit, hakaret, yaralama, ka\u00e7ak\u00e7\u0131l\u0131k olmak \u00fczere 10 adet su\u00e7 kayd\u0131 bulunuyor. EV\" \/>\n<meta property=\"og:url\" content=\"https:\/\/kibrisdakik.com\/?p=55417\" \/>\n<meta property=\"article:published_time\" content=\"2024-08-19T12:46:31+00:00\" \/>\n<meta property=\"og:image\" content=\"https:\/\/kibrisdakik.com\/wp-content\/uploads\/2024\/08\/editor-578167.jpg\" \/>\n\t<meta property=\"og:image:width\" content=\"196\" \/>\n\t<meta property=\"og:image:height\" content=\"196\" \/>\n\t<meta property=\"og:image:type\" content=\"image\/jpeg\" \/>\n<meta name=\"author\" content=\"admin\" \/>\n<meta name=\"twitter:card\" content=\"summary_large_image\" \/>\n<meta name=\"twitter:label1\" content=\"Yazan:\" \/>\n\t<meta name=\"twitter:data1\" content=\"admin\" \/>\n\t<meta name=\"twitter:label2\" content=\"Tahmini okuma s\u00fcresi\" \/>\n\t<meta name=\"twitter:data2\" content=\"1 dakika\" \/>\n<script type=\"application\/ld+json\" class=\"yoast-schema-graph\">{\"@context\":\"https:\\\/\\\/schema.org\",\"@graph\":[{\"@type\":\"Article\",\"@id\":\"https:\\\/\\\/kibrisdakik.com\\\/?p=55417#article\",\"isPartOf\":{\"@id\":\"https:\\\/\\\/kibrisdakik.com\\\/?p=55417\"},\"author\":{\"name\":\"admin\",\"@id\":\"https:\\\/\\\/kibrisdakik.com\\\/#\\\/schema\\\/person\\\/9cd9d437bbb44f72b73ba127e06d8e79\"},\"headline\":\"Ali Ko\u00e7&#8217;a sald\u0131ran Fatih \u00d6zkan&#8217;\u0131n su\u00e7 dosyas\u0131 kabar\u0131k \u00e7\u0131kt\u0131\",\"datePublished\":\"2024-08-19T12:46:31+00:00\",\"mainEntityOfPage\":{\"@id\":\"https:\\\/\\\/kibrisdakik.com\\\/?p=55417\"},\"wordCount\":274,\"commentCount\":0,\"publisher\":{\"@id\":\"https:\\\/\\\/kibrisdakik.com\\\/#organization\"},\"image\":{\"@id\":\"https:\\\/\\\/kibrisdakik.com\\\/?p=55417#primaryimage\"},\"thumbnailUrl\":\"https:\\\/\\\/kibrisdakik.com\\\/wp-content\\\/uploads\\\/2024\\\/08\\\/editor-578167.jpg\",\"articleSection\":[\"Magazin\"],\"inLanguage\":\"tr\",\"potentialAction\":[{\"@type\":\"CommentAction\",\"name\":\"Comment\",\"target\":[\"https:\\\/\\\/kibrisdakik.com\\\/?p=55417#respond\"]}]},{\"@type\":\"WebPage\",\"@id\":\"https:\\\/\\\/kibrisdakik.com\\\/?p=55417\",\"url\":\"https:\\\/\\\/kibrisdakik.com\\\/?p=55417\",\"name\":\"Ali Ko\u00e7'a sald\u0131ran Fatih \u00d6zkan'\u0131n su\u00e7 dosyas\u0131 kabar\u0131k \u00e7\u0131kt\u0131 -\",\"isPartOf\":{\"@id\":\"https:\\\/\\\/kibrisdakik.com\\\/#website\"},\"primaryImageOfPage\":{\"@id\":\"https:\\\/\\\/kibrisdakik.com\\\/?p=55417#primaryimage\"},\"image\":{\"@id\":\"https:\\\/\\\/kibrisdakik.com\\\/?p=55417#primaryimage\"},\"thumbnailUrl\":\"https:\\\/\\\/kibrisdakik.com\\\/wp-content\\\/uploads\\\/2024\\\/08\\\/editor-578167.jpg\",\"datePublished\":\"2024-08-19T12:46:31+00:00\",\"breadcrumb\":{\"@id\":\"https:\\\/\\\/kibrisdakik.com\\\/?p=55417#breadcrumb\"},\"inLanguage\":\"tr\",\"potentialAction\":[{\"@type\":\"ReadAction\",\"target\":[\"https:\\\/\\\/kibrisdakik.com\\\/?p=55417\"]}]},{\"@type\":\"ImageObject\",\"inLanguage\":\"tr\",\"@id\":\"https:\\\/\\\/kibrisdakik.com\\\/?p=55417#primaryimage\",\"url\":\"https:\\\/\\\/kibrisdakik.com\\\/wp-content\\\/uploads\\\/2024\\\/08\\\/editor-578167.jpg\",\"contentUrl\":\"https:\\\/\\\/kibrisdakik.com\\\/wp-content\\\/uploads\\\/2024\\\/08\\\/editor-578167.jpg\",\"width\":196,\"height\":196},{\"@type\":\"BreadcrumbList\",\"@id\":\"https:\\\/\\\/kibrisdakik.com\\\/?p=55417#breadcrumb\",\"itemListElement\":[{\"@type\":\"ListItem\",\"position\":1,\"name\":\"Home\",\"item\":\"https:\\\/\\\/kibrisdakik.com\\\/\"},{\"@type\":\"ListItem\",\"position\":2,\"name\":\"Ali Ko\u00e7&#8217;a sald\u0131ran Fatih \u00d6zkan&#8217;\u0131n su\u00e7 dosyas\u0131 kabar\u0131k \u00e7\u0131kt\u0131\"}]},{\"@type\":\"WebSite\",\"@id\":\"https:\\\/\\\/kibrisdakik.com\\\/#website\",\"url\":\"https:\\\/\\\/kibrisdakik.com\\\/\",\"name\":\"K\u0131br\u0131s Dakik\",\"description\":\"Tam vaktinde haber\",\"publisher\":{\"@id\":\"https:\\\/\\\/kibrisdakik.com\\\/#organization\"},\"potentialAction\":[{\"@type\":\"SearchAction\",\"target\":{\"@type\":\"EntryPoint\",\"urlTemplate\":\"https:\\\/\\\/kibrisdakik.com\\\/?s={search_term_string}\"},\"query-input\":{\"@type\":\"PropertyValueSpecification\",\"valueRequired\":true,\"valueName\":\"search_term_string\"}}],\"inLanguage\":\"tr\"},{\"@type\":\"Organization\",\"@id\":\"https:\\\/\\\/kibrisdakik.com\\\/#organization\",\"name\":\"K\u0131br\u0131s Dakik\",\"url\":\"https:\\\/\\\/kibrisdakik.com\\\/\",\"logo\":{\"@type\":\"ImageObject\",\"inLanguage\":\"tr\",\"@id\":\"https:\\\/\\\/kibrisdakik.com\\\/#\\\/schema\\\/logo\\\/image\\\/\",\"url\":\"https:\\\/\\\/kibrisdakik.com\\\/wp-content\\\/uploads\\\/2025\\\/10\\\/cropped-WhatsApp-Image-2025-10-02-at-12.58.31.jpeg\",\"contentUrl\":\"https:\\\/\\\/kibrisdakik.com\\\/wp-content\\\/uploads\\\/2025\\\/10\\\/cropped-WhatsApp-Image-2025-10-02-at-12.58.31.jpeg\",\"width\":1237,\"height\":190,\"caption\":\"K\u0131br\u0131s Dakik\"},\"image\":{\"@id\":\"https:\\\/\\\/kibrisdakik.com\\\/#\\\/schema\\\/logo\\\/image\\\/\"}},{\"@type\":\"Person\",\"@id\":\"https:\\\/\\\/kibrisdakik.com\\\/#\\\/schema\\\/person\\\/9cd9d437bbb44f72b73ba127e06d8e79\",\"name\":\"admin\",\"image\":{\"@type\":\"ImageObject\",\"inLanguage\":\"tr\",\"@id\":\"https:\\\/\\\/secure.gravatar.com\\\/avatar\\\/ccc17943b9d660506c869530f897617f7cb1c21a4bf30023f252596d83e1f007?s=96&d=mm&r=g\",\"url\":\"https:\\\/\\\/secure.gravatar.com\\\/avatar\\\/ccc17943b9d660506c869530f897617f7cb1c21a4bf30023f252596d83e1f007?s=96&d=mm&r=g\",\"contentUrl\":\"https:\\\/\\\/secure.gravatar.com\\\/avatar\\\/ccc17943b9d660506c869530f897617f7cb1c21a4bf30023f252596d83e1f007?s=96&d=mm&r=g\",\"caption\":\"admin\"},\"sameAs\":[\"https:\\\/\\\/kibrisdakik.com\"],\"url\":\"https:\\\/\\\/kibrisdakik.com\\\/?author=1\"}]}<\/script>\n<!-- \/ Yoast SEO plugin. -->","yoast_head_json":{"title":"Ali Ko\u00e7'a sald\u0131ran Fatih \u00d6zkan'\u0131n su\u00e7 dosyas\u0131 kabar\u0131k \u00e7\u0131kt\u0131 -","robots":{"index":"index","follow":"follow","max-snippet":"max-snippet:-1","max-image-preview":"max-image-preview:large","max-video-preview":"max-video-preview:-1"},"canonical":"https:\/\/kibrisdakik.com\/?p=55417","og_locale":"tr_TR","og_type":"article","og_title":"Ali Ko\u00e7'a sald\u0131ran Fatih \u00d6zkan'\u0131n su\u00e7 dosyas\u0131 kabar\u0131k \u00e7\u0131kt\u0131 -","og_description":"G\u00f6ztepe- Fenerbah\u00e7e ma\u00e7\u0131nda Fenerbah\u00e7e Ba\u015fkan\u0131 Ali Ko\u00e7&#8217;a sald\u0131ran Fatih \u00d6zkan&#8217;\u0131n daha \u00f6nce bir\u00e7ok su\u00e7a kar\u0131\u015ft\u0131\u011f\u0131 ortaya \u00e7\u0131kt\u0131. \u00d6zkan, ma\u00e7\u0131n ertesi g\u00fcn\u00fc tekrar g\u00f6zalt\u0131na al\u0131nd\u0131 ve adliyeye sevk edildi. \u00c7\u0131kar\u0131ld\u0131\u011f\u0131 mahkemece ev hapsiyle cezaland\u0131r\u0131ld\u0131. G\u00f6ztepeli \u0130\u015f \u0130nsanlar\u0131 Derne\u011fi \u00fcyesi ve y\u00f6neticisi olan \u00d6zkan&#8217;\u0131n ba\u015fta tehdit, hakaret, yaralama, ka\u00e7ak\u00e7\u0131l\u0131k olmak \u00fczere 10 adet su\u00e7 kayd\u0131 bulunuyor. EV","og_url":"https:\/\/kibrisdakik.com\/?p=55417","article_published_time":"2024-08-19T12:46:31+00:00","og_image":[{"width":196,"height":196,"url":"https:\/\/kibrisdakik.com\/wp-content\/uploads\/2024\/08\/editor-578167.jpg","type":"image\/jpeg"}],"author":"admin","twitter_card":"summary_large_image","twitter_misc":{"Yazan:":"admin","Tahmini okuma s\u00fcresi":"1 dakika"},"schema":{"@context":"https:\/\/schema.org","@graph":[{"@type":"Article","@id":"https:\/\/kibrisdakik.com\/?p=55417#article","isPartOf":{"@id":"https:\/\/kibrisdakik.com\/?p=55417"},"author":{"name":"admin","@id":"https:\/\/kibrisdakik.com\/#\/schema\/person\/9cd9d437bbb44f72b73ba127e06d8e79"},"headline":"Ali Ko\u00e7&#8217;a sald\u0131ran Fatih \u00d6zkan&#8217;\u0131n su\u00e7 dosyas\u0131 kabar\u0131k \u00e7\u0131kt\u0131","datePublished":"2024-08-19T12:46:31+00:00","mainEntityOfPage":{"@id":"https:\/\/kibrisdakik.com\/?p=55417"},"wordCount":274,"commentCount":0,"publisher":{"@id":"https:\/\/kibrisdakik.com\/#organization"},"image":{"@id":"https:\/\/kibrisdakik.com\/?p=55417#primaryimage"},"thumbnailUrl":"https:\/\/kibrisdakik.com\/wp-content\/uploads\/2024\/08\/editor-578167.jpg","articleSection":["Magazin"],"inLanguage":"tr","potentialAction":[{"@type":"CommentAction","name":"Comment","target":["https:\/\/kibrisdakik.com\/?p=55417#respond"]}]},{"@type":"WebPage","@id":"https:\/\/kibrisdakik.com\/?p=55417","url":"https:\/\/kibrisdakik.com\/?p=55417","name":"Ali Ko\u00e7'a sald\u0131ran Fatih \u00d6zkan'\u0131n su\u00e7 dosyas\u0131 kabar\u0131k \u00e7\u0131kt\u0131 -","isPartOf":{"@id":"https:\/\/kibrisdakik.com\/#website"},"primaryImageOfPage":{"@id":"https:\/\/kibrisdakik.com\/?p=55417#primaryimage"},"image":{"@id":"https:\/\/kibrisdakik.com\/?p=55417#primaryimage"},"thumbnailUrl":"https:\/\/kibrisdakik.com\/wp-content\/uploads\/2024\/08\/editor-578167.jpg","datePublished":"2024-08-19T12:46:31+00:00","breadcrumb":{"@id":"https:\/\/kibrisdakik.com\/?p=55417#breadcrumb"},"inLanguage":"tr","potentialAction":[{"@type":"ReadAction","target":["https:\/\/kibrisdakik.com\/?p=55417"]}]},{"@type":"ImageObject","inLanguage":"tr","@id":"https:\/\/kibrisdakik.com\/?p=55417#primaryimage","url":"https:\/\/kibrisdakik.com\/wp-content\/uploads\/2024\/08\/editor-578167.jpg","contentUrl":"https:\/\/kibrisdakik.com\/wp-content\/uploads\/2024\/08\/editor-578167.jpg","width":196,"height":196},{"@type":"BreadcrumbList","@id":"https:\/\/kibrisdakik.com\/?p=55417#breadcrumb","itemListElement":[{"@type":"ListItem","position":1,"name":"Home","item":"https:\/\/kibrisdakik.com\/"},{"@type":"ListItem","position":2,"name":"Ali Ko\u00e7&#8217;a sald\u0131ran Fatih \u00d6zkan&#8217;\u0131n su\u00e7 dosyas\u0131 kabar\u0131k \u00e7\u0131kt\u0131"}]},{"@type":"WebSite","@id":"https:\/\/kibrisdakik.com\/#website","url":"https:\/\/kibrisdakik.com\/","name":"K\u0131br\u0131s Dakik","description":"Tam vaktinde haber","publisher":{"@id":"https:\/\/kibrisdakik.com\/#organization"},"potentialAction":[{"@type":"SearchAction","target":{"@type":"EntryPoint","urlTemplate":"https:\/\/kibrisdakik.com\/?s={search_term_string}"},"query-input":{"@type":"PropertyValueSpecification","valueRequired":true,"valueName":"search_term_string"}}],"inLanguage":"tr"},{"@type":"Organization","@id":"https:\/\/kibrisdakik.com\/#organization","name":"K\u0131br\u0131s Dakik","url":"https:\/\/kibrisdakik.com\/","logo":{"@type":"ImageObject","inLanguage":"tr","@id":"https:\/\/kibrisdakik.com\/#\/schema\/logo\/image\/","url":"https:\/\/kibrisdakik.com\/wp-content\/uploads\/2025\/10\/cropped-WhatsApp-Image-2025-10-02-at-12.58.31.jpeg","contentUrl":"https:\/\/kibrisdakik.com\/wp-content\/uploads\/2025\/10\/cropped-WhatsApp-Image-2025-10-02-at-12.58.31.jpeg","width":1237,"height":190,"caption":"K\u0131br\u0131s Dakik"},"image":{"@id":"https:\/\/kibrisdakik.com\/#\/schema\/logo\/image\/"}},{"@type":"Person","@id":"https:\/\/kibrisdakik.com\/#\/schema\/person\/9cd9d437bbb44f72b73ba127e06d8e79","name":"admin","image":{"@type":"ImageObject","inLanguage":"tr","@id":"https:\/\/secure.gravatar.com\/avatar\/ccc17943b9d660506c869530f897617f7cb1c21a4bf30023f252596d83e1f007?s=96&d=mm&r=g","url":"https:\/\/secure.gravatar.com\/avatar\/ccc17943b9d660506c869530f897617f7cb1c21a4bf30023f252596d83e1f007?s=96&d=mm&r=g","contentUrl":"https:\/\/secure.gravatar.com\/avatar\/ccc17943b9d660506c869530f897617f7cb1c21a4bf30023f252596d83e1f007?s=96&d=mm&r=g","caption":"admin"},"sameAs":["https:\/\/kibrisdakik.com"],"url":"https:\/\/kibrisdakik.com\/?author=1"}]}},"_links":{"self":[{"href":"https:\/\/kibrisdakik.com\/index.php?rest_route=\/wp\/v2\/posts\/55417","targetHints":{"allow":["GET"]}}],"collection":[{"href":"https:\/\/kibrisdakik.com\/index.php?rest_route=\/wp\/v2\/posts"}],"about":[{"href":"https:\/\/kibrisdakik.com\/index.php?rest_route=\/wp\/v2\/types\/post"}],"author":[{"embeddable":true,"href":"https:\/\/kibrisdakik.com\/index.php?rest_route=\/wp\/v2\/users\/1"}],"replies":[{"embeddable":true,"href":"https:\/\/kibrisdakik.com\/index.php?rest_route=%2Fwp%2Fv2%2Fcomments&post=55417"}],"version-history":[{"count":0,"href":"https:\/\/kibrisdakik.com\/index.php?rest_route=\/wp\/v2\/posts\/55417\/revisions"}],"wp:featuredmedia":[{"embeddable":true,"href":"https:\/\/kibrisdakik.com\/index.php?rest_route=\/wp\/v2\/media\/55347"}],"wp:attachment":[{"href":"https:\/\/kibrisdakik.com\/index.php?rest_route=%2Fwp%2Fv2%2Fmedia&parent=55417"}],"wp:term":[{"taxonomy":"category","embeddable":true,"href":"https:\/\/kibrisdakik.com\/index.php?rest_route=%2Fwp%2Fv2%2Fcategories&post=55417"},{"taxonomy":"post_tag","embeddable":true,"href":"https:\/\/kibrisdakik.com\/index.php?rest_route=%2Fwp%2Fv2%2Ftags&post=55417"}],"curies":[{"name":"wp","href":"https:\/\/api.w.org\/{rel}","templated":true}]}}