{"id":55438,"date":"2024-08-19T16:42:33","date_gmt":"2024-08-19T13:42:33","guid":{"rendered":"https:\/\/kibrisdakik.com\/index.php\/2024\/08\/19\/daha-fazla-dayanamadi-zahadan-canli-yayinda-olay-galatasaray-itirafi\/"},"modified":"2024-08-19T16:42:33","modified_gmt":"2024-08-19T13:42:33","slug":"daha-fazla-dayanamadi-zahadan-canli-yayinda-olay-galatasaray-itirafi","status":"publish","type":"post","link":"https:\/\/kibrisdakik.com\/?p=55438","title":{"rendered":"Daha fazla dayanamad\u0131! Zaha&#8217;dan canl\u0131 yay\u0131nda olay Galatasaray itiraf\u0131"},"content":{"rendered":"<p><img decoding=\"async\" src=\"https:\/\/foto.haberler.com\/haber\/2024\/08\/19\/daha-fazla-dayanamadi-zaha-dan-canli-yayinda-17735327_5384_amp.jpg\" \/><\/p>\n<div id=\"\">\n<p> <a class=\"keyword\" href=\"https:\/\/www.haberler.com\/galatasaray\/\" title=\"Galatasaray Haberleri, Galatasaray Haberi, Galatasaray Haber\"><strong>Galatasaray<\/strong><\/a>&#8216;da ad\u0131 Premier Lig ekipleriyle an\u0131lan ve tak\u0131mda kal\u0131p kalmayaca\u011f\u0131 hen\u00fcz belli olmayan  <a class=\"keyword\" href=\"https:\/\/www.haberler.com\/wilfried-zaha\/\" title=\"Wilfried Zaha Haberleri, Wilfried Zaha Haberi, Wilfried Zaha Haber\"><strong>Wilfried Zaha<\/strong><\/a>, Twitch yay\u0131n\u0131nda a\u00e7\u0131klamalarda bulundu. Kendisine y\u00f6netilen ele\u015ftirilere yan\u0131t veren Fildi\u015fi Sahilli oyuncu, canl\u0131 yay\u0131nda \u00e7ok konu\u015fulacak ifadeler kulland\u0131.<\/p>\n<h3>&#8220;NEDEN OYNAMADI\u011eIMI Y\u00d6NET\u0130C\u0130LERE SORUN&#8221;<\/h3>\n<p>Y\u0131ld\u0131z oyuncu, kendisine ait Twitch kanal\u0131nda sar\u0131-k\u0131rm\u0131z\u0131l\u0131 taraftarlar\u0131n ele\u015ftirilerine yan\u0131t verdi. Tecr\u00fcbeli futbolcu, &#8220;Buraya gelip kul\u00fcbe sayg\u0131s\u0131zl\u0131k etti\u011fim ve bunun gibi \u015feyler hakk\u0131nda konu\u015fanlar i\u00e7in; \u00d6ncelikle, ben sadece oyunumu oynamaya \u00e7al\u0131\u015f\u0131yorum. E\u011fer neden oynamad\u0131\u011f\u0131m hakk\u0131nda konu\u015fmak istiyorsan\u0131z; Y\u00f6neticilere sorun, ben bu konuda konu\u015fmak i\u00e7in burada de\u011filim. Baz\u0131 \u015feyler \u00fczerinde kontrol\u00fcm yok. Tek yapt\u0131\u011f\u0131m antrenmana gitmek, o kadar&#8221; a\u00e7\u0131klamas\u0131n\u0131 yapt\u0131.<\/p>\n<h3>&#8220;GALATASARAY&#8217;A DM ATIN&#8221;<\/h3>\n<p>Zaha, a\u00e7\u0131klamas\u0131n\u0131n devam\u0131nda &#8220;Yani Galatasaray hakk\u0131nda bir \u015feyler konu\u015fmak istiyorsan\u0131z, Galatasaray Instagram sayfas\u0131na gidin ve onlara DM at\u0131n. Ben evdeyim. Oyunumun tad\u0131n\u0131 \u00e7\u0131kar\u0131yorum, sonra bug\u00fcn antrenmana gidece\u011fim, hepsi bu, kimseye sayg\u0131s\u0131zl\u0131k etmedim&#8221; dedi.<\/p>\n<h3>GALATASARAY KAR\u0130YER\u0130<\/h3>\n<p>Ge\u00e7en sezon ba\u015f\u0131nda bonservis bedeli olmadan Galatasaray&#8217;a transfer olan 31 ya\u015f\u0131ndaki y\u0131ld\u0131z, t\u00fcm kulvarlarda 43 ma\u00e7ta forma giyerken 10 gol ve be\u015f asistlik performans sergiledi. G\u00fcncel piyasa de\u011feri 11 milyon euro olarak g\u00f6sterilen Wilfried Zaha&#8217;n\u0131n sar\u0131-k\u0131rm\u0131z\u0131l\u0131 tak\u0131mla 2026 y\u0131l\u0131na kadar s\u00f6zle\u015fmesi bulunuyor.<\/p>\n<div class=\"editorSade\">Kaynak: Haberler.com \/  <a href=\"https:\/\/www.haberler.com\/spor\/\" title=\"Spor Haberleri\">Spor<\/a> <\/div>\n<h4 id=\"nwsKeywords\"> <a href=\"https:\/\/www.haberler.com\/wilfried-zaha\/\" title=\"Wilfried Zaha\" class=\"hbptTag\">Wilfried Zaha<\/a>  <a href=\"https:\/\/www.haberler.com\/galatasaray\/\" title=\"Galatasaray\" class=\"hbptTag\">Galatasaray<\/a>  <a href=\"https:\/\/www.haberler.com\/futbol\/\" title=\"Futbol\" class=\"hbptTag\">Futbol<\/a>  <a href=\"https:\/\/www.haberler.com\/spor\/\" title=\"Spor\" class=\"hbptTag\">Spor<\/a>  <a href=\"https:\/\/www.haberler.com\/\" title=\"Haberler\" class=\"hbptTag\">Haberler<\/a> <\/h4>\n<\/div>\n","protected":false},"excerpt":{"rendered":"<p>Galatasaray&#8216;da ad\u0131 Premier Lig ekipleriyle an\u0131lan ve tak\u0131mda kal\u0131p kalmayaca\u011f\u0131 hen\u00fcz belli olmayan Wilfried Zaha, Twitch yay\u0131n\u0131nda a\u00e7\u0131klamalarda bulundu. Kendisine y\u00f6netilen ele\u015ftirilere yan\u0131t veren Fildi\u015fi Sahilli oyuncu, canl\u0131 yay\u0131nda \u00e7ok konu\u015fulacak ifadeler kulland\u0131. &#8220;NEDEN OYNAMADI\u011eIMI Y\u00d6NET\u0130C\u0130LERE SORUN&#8221; Y\u0131ld\u0131z oyuncu, kendisine ait Twitch kanal\u0131nda sar\u0131-k\u0131rm\u0131z\u0131l\u0131 taraftarlar\u0131n ele\u015ftirilerine yan\u0131t verdi. Tecr\u00fcbeli futbolcu, &#8220;Buraya gelip kul\u00fcbe sayg\u0131s\u0131zl\u0131k etti\u011fim<\/p>\n","protected":false},"author":1,"featured_media":55439,"comment_status":"open","ping_status":"open","sticky":false,"template":"","format":"standard","meta":{"footnotes":""},"categories":[83],"tags":[],"class_list":["post-55438","post","type-post","status-publish","format-standard","has-post-thumbnail","hentry","category-magazin"],"yoast_head":"<!-- This site is optimized with the Yoast SEO plugin v27.5 - https:\/\/yoast.com\/product\/yoast-seo-wordpress\/ -->\n<title>Daha fazla dayanamad\u0131! Zaha&#039;dan canl\u0131 yay\u0131nda olay Galatasaray itiraf\u0131 -<\/title>\n<meta name=\"robots\" content=\"index, follow, max-snippet:-1, max-image-preview:large, max-video-preview:-1\" \/>\n<link rel=\"canonical\" href=\"https:\/\/kibrisdakik.com\/?p=55438\" \/>\n<meta property=\"og:locale\" content=\"tr_TR\" \/>\n<meta property=\"og:type\" content=\"article\" \/>\n<meta property=\"og:title\" content=\"Daha fazla dayanamad\u0131! Zaha&#039;dan canl\u0131 yay\u0131nda olay Galatasaray itiraf\u0131 -\" \/>\n<meta property=\"og:description\" content=\"Galatasaray&#8216;da ad\u0131 Premier Lig ekipleriyle an\u0131lan ve tak\u0131mda kal\u0131p kalmayaca\u011f\u0131 hen\u00fcz belli olmayan Wilfried Zaha, Twitch yay\u0131n\u0131nda a\u00e7\u0131klamalarda bulundu. Kendisine y\u00f6netilen ele\u015ftirilere yan\u0131t veren Fildi\u015fi Sahilli oyuncu, canl\u0131 yay\u0131nda \u00e7ok konu\u015fulacak ifadeler kulland\u0131. &#8220;NEDEN OYNAMADI\u011eIMI Y\u00d6NET\u0130C\u0130LERE SORUN&#8221; Y\u0131ld\u0131z oyuncu, kendisine ait Twitch kanal\u0131nda sar\u0131-k\u0131rm\u0131z\u0131l\u0131 taraftarlar\u0131n ele\u015ftirilerine yan\u0131t verdi. Tecr\u00fcbeli futbolcu, &#8220;Buraya gelip kul\u00fcbe sayg\u0131s\u0131zl\u0131k etti\u011fim\" \/>\n<meta property=\"og:url\" content=\"https:\/\/kibrisdakik.com\/?p=55438\" \/>\n<meta property=\"article:published_time\" content=\"2024-08-19T13:42:33+00:00\" \/>\n<meta property=\"og:image\" content=\"https:\/\/kibrisdakik.com\/wp-content\/uploads\/2024\/08\/daha-fazla-dayanamadi-zaha-dan-canli-yayinda-17735327_5384_amp.jpg\" \/>\n\t<meta property=\"og:image:width\" content=\"1202\" \/>\n\t<meta property=\"og:image:height\" content=\"675\" \/>\n\t<meta property=\"og:image:type\" content=\"image\/jpeg\" \/>\n<meta name=\"author\" content=\"admin\" \/>\n<meta name=\"twitter:card\" content=\"summary_large_image\" \/>\n<meta name=\"twitter:label1\" content=\"Yazan:\" \/>\n\t<meta name=\"twitter:data1\" content=\"admin\" \/>\n\t<meta name=\"twitter:label2\" content=\"Tahmini okuma s\u00fcresi\" \/>\n\t<meta name=\"twitter:data2\" content=\"1 dakika\" \/>\n<script type=\"application\/ld+json\" class=\"yoast-schema-graph\">{\"@context\":\"https:\\\/\\\/schema.org\",\"@graph\":[{\"@type\":\"Article\",\"@id\":\"https:\\\/\\\/kibrisdakik.com\\\/?p=55438#article\",\"isPartOf\":{\"@id\":\"https:\\\/\\\/kibrisdakik.com\\\/?p=55438\"},\"author\":{\"name\":\"admin\",\"@id\":\"https:\\\/\\\/kibrisdakik.com\\\/#\\\/schema\\\/person\\\/9cd9d437bbb44f72b73ba127e06d8e79\"},\"headline\":\"Daha fazla dayanamad\u0131! Zaha&#8217;dan canl\u0131 yay\u0131nda olay Galatasaray itiraf\u0131\",\"datePublished\":\"2024-08-19T13:42:33+00:00\",\"mainEntityOfPage\":{\"@id\":\"https:\\\/\\\/kibrisdakik.com\\\/?p=55438\"},\"wordCount\":279,\"commentCount\":0,\"image\":{\"@id\":\"https:\\\/\\\/kibrisdakik.com\\\/?p=55438#primaryimage\"},\"thumbnailUrl\":\"https:\\\/\\\/kibrisdakik.com\\\/wp-content\\\/uploads\\\/2024\\\/08\\\/daha-fazla-dayanamadi-zaha-dan-canli-yayinda-17735327_5384_amp.jpg\",\"articleSection\":[\"Magazin\"],\"inLanguage\":\"tr\",\"potentialAction\":[{\"@type\":\"CommentAction\",\"name\":\"Comment\",\"target\":[\"https:\\\/\\\/kibrisdakik.com\\\/?p=55438#respond\"]}]},{\"@type\":\"WebPage\",\"@id\":\"https:\\\/\\\/kibrisdakik.com\\\/?p=55438\",\"url\":\"https:\\\/\\\/kibrisdakik.com\\\/?p=55438\",\"name\":\"Daha fazla dayanamad\u0131! Zaha'dan canl\u0131 yay\u0131nda olay Galatasaray itiraf\u0131 -\",\"isPartOf\":{\"@id\":\"https:\\\/\\\/kibrisdakik.com\\\/#website\"},\"primaryImageOfPage\":{\"@id\":\"https:\\\/\\\/kibrisdakik.com\\\/?p=55438#primaryimage\"},\"image\":{\"@id\":\"https:\\\/\\\/kibrisdakik.com\\\/?p=55438#primaryimage\"},\"thumbnailUrl\":\"https:\\\/\\\/kibrisdakik.com\\\/wp-content\\\/uploads\\\/2024\\\/08\\\/daha-fazla-dayanamadi-zaha-dan-canli-yayinda-17735327_5384_amp.jpg\",\"datePublished\":\"2024-08-19T13:42:33+00:00\",\"author\":{\"@id\":\"https:\\\/\\\/kibrisdakik.com\\\/#\\\/schema\\\/person\\\/9cd9d437bbb44f72b73ba127e06d8e79\"},\"breadcrumb\":{\"@id\":\"https:\\\/\\\/kibrisdakik.com\\\/?p=55438#breadcrumb\"},\"inLanguage\":\"tr\",\"potentialAction\":[{\"@type\":\"ReadAction\",\"target\":[\"https:\\\/\\\/kibrisdakik.com\\\/?p=55438\"]}]},{\"@type\":\"ImageObject\",\"inLanguage\":\"tr\",\"@id\":\"https:\\\/\\\/kibrisdakik.com\\\/?p=55438#primaryimage\",\"url\":\"https:\\\/\\\/kibrisdakik.com\\\/wp-content\\\/uploads\\\/2024\\\/08\\\/daha-fazla-dayanamadi-zaha-dan-canli-yayinda-17735327_5384_amp.jpg\",\"contentUrl\":\"https:\\\/\\\/kibrisdakik.com\\\/wp-content\\\/uploads\\\/2024\\\/08\\\/daha-fazla-dayanamadi-zaha-dan-canli-yayinda-17735327_5384_amp.jpg\",\"width\":1202,\"height\":675},{\"@type\":\"BreadcrumbList\",\"@id\":\"https:\\\/\\\/kibrisdakik.com\\\/?p=55438#breadcrumb\",\"itemListElement\":[{\"@type\":\"ListItem\",\"position\":1,\"name\":\"Home\",\"item\":\"https:\\\/\\\/kibrisdakik.com\\\/\"},{\"@type\":\"ListItem\",\"position\":2,\"name\":\"Daha fazla dayanamad\u0131! Zaha&#8217;dan canl\u0131 yay\u0131nda olay Galatasaray itiraf\u0131\"}]},{\"@type\":\"WebSite\",\"@id\":\"https:\\\/\\\/kibrisdakik.com\\\/#website\",\"url\":\"https:\\\/\\\/kibrisdakik.com\\\/\",\"name\":\"\",\"description\":\"Tam vaktinde haber\",\"potentialAction\":[{\"@type\":\"SearchAction\",\"target\":{\"@type\":\"EntryPoint\",\"urlTemplate\":\"https:\\\/\\\/kibrisdakik.com\\\/?s={search_term_string}\"},\"query-input\":{\"@type\":\"PropertyValueSpecification\",\"valueRequired\":true,\"valueName\":\"search_term_string\"}}],\"inLanguage\":\"tr\"},{\"@type\":\"Person\",\"@id\":\"https:\\\/\\\/kibrisdakik.com\\\/#\\\/schema\\\/person\\\/9cd9d437bbb44f72b73ba127e06d8e79\",\"name\":\"admin\",\"image\":{\"@type\":\"ImageObject\",\"inLanguage\":\"tr\",\"@id\":\"https:\\\/\\\/secure.gravatar.com\\\/avatar\\\/ccc17943b9d660506c869530f897617f7cb1c21a4bf30023f252596d83e1f007?s=96&d=mm&r=g\",\"url\":\"https:\\\/\\\/secure.gravatar.com\\\/avatar\\\/ccc17943b9d660506c869530f897617f7cb1c21a4bf30023f252596d83e1f007?s=96&d=mm&r=g\",\"contentUrl\":\"https:\\\/\\\/secure.gravatar.com\\\/avatar\\\/ccc17943b9d660506c869530f897617f7cb1c21a4bf30023f252596d83e1f007?s=96&d=mm&r=g\",\"caption\":\"admin\"},\"sameAs\":[\"https:\\\/\\\/kibrisdakik.com\"],\"url\":\"https:\\\/\\\/kibrisdakik.com\\\/?author=1\"}]}<\/script>\n<!-- \/ Yoast SEO plugin. -->","yoast_head_json":{"title":"Daha fazla dayanamad\u0131! Zaha'dan canl\u0131 yay\u0131nda olay Galatasaray itiraf\u0131 -","robots":{"index":"index","follow":"follow","max-snippet":"max-snippet:-1","max-image-preview":"max-image-preview:large","max-video-preview":"max-video-preview:-1"},"canonical":"https:\/\/kibrisdakik.com\/?p=55438","og_locale":"tr_TR","og_type":"article","og_title":"Daha fazla dayanamad\u0131! Zaha'dan canl\u0131 yay\u0131nda olay Galatasaray itiraf\u0131 -","og_description":"Galatasaray&#8216;da ad\u0131 Premier Lig ekipleriyle an\u0131lan ve tak\u0131mda kal\u0131p kalmayaca\u011f\u0131 hen\u00fcz belli olmayan Wilfried Zaha, Twitch yay\u0131n\u0131nda a\u00e7\u0131klamalarda bulundu. Kendisine y\u00f6netilen ele\u015ftirilere yan\u0131t veren Fildi\u015fi Sahilli oyuncu, canl\u0131 yay\u0131nda \u00e7ok konu\u015fulacak ifadeler kulland\u0131. &#8220;NEDEN OYNAMADI\u011eIMI Y\u00d6NET\u0130C\u0130LERE SORUN&#8221; Y\u0131ld\u0131z oyuncu, kendisine ait Twitch kanal\u0131nda sar\u0131-k\u0131rm\u0131z\u0131l\u0131 taraftarlar\u0131n ele\u015ftirilerine yan\u0131t verdi. Tecr\u00fcbeli futbolcu, &#8220;Buraya gelip kul\u00fcbe sayg\u0131s\u0131zl\u0131k etti\u011fim","og_url":"https:\/\/kibrisdakik.com\/?p=55438","article_published_time":"2024-08-19T13:42:33+00:00","og_image":[{"width":1202,"height":675,"url":"https:\/\/kibrisdakik.com\/wp-content\/uploads\/2024\/08\/daha-fazla-dayanamadi-zaha-dan-canli-yayinda-17735327_5384_amp.jpg","type":"image\/jpeg"}],"author":"admin","twitter_card":"summary_large_image","twitter_misc":{"Yazan:":"admin","Tahmini okuma s\u00fcresi":"1 dakika"},"schema":{"@context":"https:\/\/schema.org","@graph":[{"@type":"Article","@id":"https:\/\/kibrisdakik.com\/?p=55438#article","isPartOf":{"@id":"https:\/\/kibrisdakik.com\/?p=55438"},"author":{"name":"admin","@id":"https:\/\/kibrisdakik.com\/#\/schema\/person\/9cd9d437bbb44f72b73ba127e06d8e79"},"headline":"Daha fazla dayanamad\u0131! Zaha&#8217;dan canl\u0131 yay\u0131nda olay Galatasaray itiraf\u0131","datePublished":"2024-08-19T13:42:33+00:00","mainEntityOfPage":{"@id":"https:\/\/kibrisdakik.com\/?p=55438"},"wordCount":279,"commentCount":0,"image":{"@id":"https:\/\/kibrisdakik.com\/?p=55438#primaryimage"},"thumbnailUrl":"https:\/\/kibrisdakik.com\/wp-content\/uploads\/2024\/08\/daha-fazla-dayanamadi-zaha-dan-canli-yayinda-17735327_5384_amp.jpg","articleSection":["Magazin"],"inLanguage":"tr","potentialAction":[{"@type":"CommentAction","name":"Comment","target":["https:\/\/kibrisdakik.com\/?p=55438#respond"]}]},{"@type":"WebPage","@id":"https:\/\/kibrisdakik.com\/?p=55438","url":"https:\/\/kibrisdakik.com\/?p=55438","name":"Daha fazla dayanamad\u0131! Zaha'dan canl\u0131 yay\u0131nda olay Galatasaray itiraf\u0131 -","isPartOf":{"@id":"https:\/\/kibrisdakik.com\/#website"},"primaryImageOfPage":{"@id":"https:\/\/kibrisdakik.com\/?p=55438#primaryimage"},"image":{"@id":"https:\/\/kibrisdakik.com\/?p=55438#primaryimage"},"thumbnailUrl":"https:\/\/kibrisdakik.com\/wp-content\/uploads\/2024\/08\/daha-fazla-dayanamadi-zaha-dan-canli-yayinda-17735327_5384_amp.jpg","datePublished":"2024-08-19T13:42:33+00:00","author":{"@id":"https:\/\/kibrisdakik.com\/#\/schema\/person\/9cd9d437bbb44f72b73ba127e06d8e79"},"breadcrumb":{"@id":"https:\/\/kibrisdakik.com\/?p=55438#breadcrumb"},"inLanguage":"tr","potentialAction":[{"@type":"ReadAction","target":["https:\/\/kibrisdakik.com\/?p=55438"]}]},{"@type":"ImageObject","inLanguage":"tr","@id":"https:\/\/kibrisdakik.com\/?p=55438#primaryimage","url":"https:\/\/kibrisdakik.com\/wp-content\/uploads\/2024\/08\/daha-fazla-dayanamadi-zaha-dan-canli-yayinda-17735327_5384_amp.jpg","contentUrl":"https:\/\/kibrisdakik.com\/wp-content\/uploads\/2024\/08\/daha-fazla-dayanamadi-zaha-dan-canli-yayinda-17735327_5384_amp.jpg","width":1202,"height":675},{"@type":"BreadcrumbList","@id":"https:\/\/kibrisdakik.com\/?p=55438#breadcrumb","itemListElement":[{"@type":"ListItem","position":1,"name":"Home","item":"https:\/\/kibrisdakik.com\/"},{"@type":"ListItem","position":2,"name":"Daha fazla dayanamad\u0131! Zaha&#8217;dan canl\u0131 yay\u0131nda olay Galatasaray itiraf\u0131"}]},{"@type":"WebSite","@id":"https:\/\/kibrisdakik.com\/#website","url":"https:\/\/kibrisdakik.com\/","name":"","description":"Tam vaktinde haber","potentialAction":[{"@type":"SearchAction","target":{"@type":"EntryPoint","urlTemplate":"https:\/\/kibrisdakik.com\/?s={search_term_string}"},"query-input":{"@type":"PropertyValueSpecification","valueRequired":true,"valueName":"search_term_string"}}],"inLanguage":"tr"},{"@type":"Person","@id":"https:\/\/kibrisdakik.com\/#\/schema\/person\/9cd9d437bbb44f72b73ba127e06d8e79","name":"admin","image":{"@type":"ImageObject","inLanguage":"tr","@id":"https:\/\/secure.gravatar.com\/avatar\/ccc17943b9d660506c869530f897617f7cb1c21a4bf30023f252596d83e1f007?s=96&d=mm&r=g","url":"https:\/\/secure.gravatar.com\/avatar\/ccc17943b9d660506c869530f897617f7cb1c21a4bf30023f252596d83e1f007?s=96&d=mm&r=g","contentUrl":"https:\/\/secure.gravatar.com\/avatar\/ccc17943b9d660506c869530f897617f7cb1c21a4bf30023f252596d83e1f007?s=96&d=mm&r=g","caption":"admin"},"sameAs":["https:\/\/kibrisdakik.com"],"url":"https:\/\/kibrisdakik.com\/?author=1"}]}},"_links":{"self":[{"href":"https:\/\/kibrisdakik.com\/index.php?rest_route=\/wp\/v2\/posts\/55438","targetHints":{"allow":["GET"]}}],"collection":[{"href":"https:\/\/kibrisdakik.com\/index.php?rest_route=\/wp\/v2\/posts"}],"about":[{"href":"https:\/\/kibrisdakik.com\/index.php?rest_route=\/wp\/v2\/types\/post"}],"author":[{"embeddable":true,"href":"https:\/\/kibrisdakik.com\/index.php?rest_route=\/wp\/v2\/users\/1"}],"replies":[{"embeddable":true,"href":"https:\/\/kibrisdakik.com\/index.php?rest_route=%2Fwp%2Fv2%2Fcomments&post=55438"}],"version-history":[{"count":0,"href":"https:\/\/kibrisdakik.com\/index.php?rest_route=\/wp\/v2\/posts\/55438\/revisions"}],"wp:featuredmedia":[{"embeddable":true,"href":"https:\/\/kibrisdakik.com\/index.php?rest_route=\/wp\/v2\/media\/55439"}],"wp:attachment":[{"href":"https:\/\/kibrisdakik.com\/index.php?rest_route=%2Fwp%2Fv2%2Fmedia&parent=55438"}],"wp:term":[{"taxonomy":"category","embeddable":true,"href":"https:\/\/kibrisdakik.com\/index.php?rest_route=%2Fwp%2Fv2%2Fcategories&post=55438"},{"taxonomy":"post_tag","embeddable":true,"href":"https:\/\/kibrisdakik.com\/index.php?rest_route=%2Fwp%2Fv2%2Ftags&post=55438"}],"curies":[{"name":"wp","href":"https:\/\/api.w.org\/{rel}","templated":true}]}}