{"id":55456,"date":"2024-08-19T17:35:19","date_gmt":"2024-08-19T14:35:19","guid":{"rendered":"https:\/\/kibrisdakik.com\/index.php\/2024\/08\/19\/15-yasindaki-kiz-ogrenci-uyusturucu-aldiktan-sonra-elektrikli-tren-raylarina-duserek-hayatini-kaybetti\/"},"modified":"2024-08-19T17:35:19","modified_gmt":"2024-08-19T14:35:19","slug":"15-yasindaki-kiz-ogrenci-uyusturucu-aldiktan-sonra-elektrikli-tren-raylarina-duserek-hayatini-kaybetti","status":"publish","type":"post","link":"https:\/\/kibrisdakik.com\/?p=55456","title":{"rendered":"15 ya\u015f\u0131ndaki k\u0131z \u00f6\u011frenci, uyu\u015fturucu ald\u0131ktan sonra elektrikli tren raylar\u0131na d\u00fc\u015ferek hayat\u0131n\u0131 kaybetti"},"content":{"rendered":"<p><\/p>\n<div id=\"\">\n<p>15 ya\u015f\u0131ndaki \u00f6\u011frenci, esrar i\u00e7tikten sonra elektrikli tren hatt\u0131na d\u00fc\u015ferek elektrik \u00e7arpmas\u0131 sonucu \u00f6ld\u00fc<\/p>\n<p>Hampshire, Basingstoke&#8217;tan 15 ya\u015f\u0131ndaki Amy Hursey, ge\u00e7en y\u0131l 20 Nisan&#8217;da elektrikli tren ray\u0131na d\u00fc\u015ferek an\u0131nda hayat\u0131n\u0131 kaybetti.<\/p>\n<p>Acil servisler, raylarda bir ki\u015fi oldu\u011fu ihbar\u0131 \u00fczerine saat 17:22&#8217;de Basingstoke tren istasyonuna \u00e7a\u011fr\u0131ld\u0131. Amy ne yaz\u0131k ki olay yerinde \u00f6l\u00fc ilan edildi.<\/p>\n<p>\u00d6l\u00fcm soru\u015fturmas\u0131 bu sabah Hampshire, Winchester&#8217;da ger\u00e7ekle\u015ftirildi.<\/p>\n<p>Sorgu yarg\u0131c\u0131 Jason Pegg \u015funlar\u0131 s\u00f6yledi: &#8220;Amy platformdan ayr\u0131ld\u0131 ve elektrikli raya d\u00fc\u015ft\u00fc, bu da elektrik \u00e7arpmas\u0131na neden oldu. Amy&#8217;nin platformdan d\u00fc\u015fmeyi ama\u00e7lay\u0131p ama\u00e7lamad\u0131\u011f\u0131, bilin\u00e7siz ve istemsiz bir hareket mi oldu\u011fu yoksa sadece t\u00f6kezleyip mi d\u00fc\u015ft\u00fc\u011f\u00fc belirlenemedi. Bir netlik eksikli\u011fi var. Ancak Amy&#8217;nin bili\u015fsel i\u015flevini muhtemelen azaltan bir miktar esrar t\u00fcketti\u011finden eminim. Esrar\u0131n kendisinin Amy&#8217;nin \u00f6l\u00fcm\u00fcne katk\u0131da bulundu\u011fundan eminim. Bili\u015fsel i\u015flevini ve ayn\u0131 zamanda muhakemesini azaltt\u0131, bence bu da \u00f6l\u00fcm\u00fcne yol a\u00e7t\u0131.&#8221;<\/p>\n<p>Soru\u015fturmada, trajedi ya\u015fanmadan \u00f6nceki anlarda Amy&#8217;nin platformda beklerken \u00e7ekilmi\u015f video g\u00f6r\u00fcnt\u00fcleri g\u00f6sterildi. Amyy\u00fcr\u00fcmeye ba\u015flad\u0131 ve sonra tren hatt\u0131na d\u00fc\u015ft\u00fc. Ancak sorgu yarg\u0131c\u0131, d\u00fc\u015f\u00fc\u015f\u00fcn kesin ko\u015fullar\u0131n\u0131n belirsiz kald\u0131\u011f\u0131n\u0131 kabul etti.<\/p>\n<p><img loading=\"lazy\" decoding=\"async\" class=\"hbptMainImage lazyload ImgDetay\" src=\"https:\/\/foto.haberler.com\/haber\/2024\/08\/19\/15-yasindaki-kiz-ogrenci-uyusturucu-aldiktan-17735502_8872_m.jpg\" alt=\"15 ya\u015f\u0131ndaki k\u0131z \u00f6\u011frenci, uyu\u015fturucu ald\u0131ktan sonra elektrikli tren raylar\u0131na d\u00fc\u015ferek hayat\u0131n\u0131 kaybetti\" width=\"640\" height=\"841\"\/><\/p>\n<p><img loading=\"lazy\" decoding=\"async\" class=\"hbptMainImage lazyload ImgDetay\" src=\"https:\/\/foto.haberler.com\/haber\/2024\/08\/19\/15-yasindaki-kiz-ogrenci-uyusturucu-aldiktan-17735502_2419_m.jpg\" alt=\"15 ya\u015f\u0131ndaki k\u0131z \u00f6\u011frenci, uyu\u015fturucu ald\u0131ktan sonra elektrikli tren raylar\u0131na d\u00fc\u015ferek hayat\u0131n\u0131 kaybetti\" width=\"640\" height=\"397\"\/><\/p>\n<h4 id=\"nwsKeywords\"> <a href=\"https:\/\/www.haberler.com\/birlesik-krallik\/\" title=\"Birle\u015fik Krall\u0131k\" class=\"hbptTag\">Birle\u015fik Krall\u0131k<\/a>  <a href=\"https:\/\/www.haberler.com\/hukuk\/\" title=\"Hukuk\" class=\"hbptTag\">Hukuk<\/a>  <a href=\"https:\/\/www.haberler.com\/3-sayfa\/\" title=\"3.Sayfa\" class=\"hbptTag\">3.Sayfa<\/a>  <a href=\"https:\/\/www.haberler.com\/yasam\/\" title=\"Ya\u015fam\" class=\"hbptTag\">Ya\u015fam<\/a>  <a href=\"https:\/\/www.haberler.com\/\" title=\"Haberler\" class=\"hbptTag\">Haberler<\/a> <\/h4>\n<\/div>\n","protected":false},"excerpt":{"rendered":"<p>15 ya\u015f\u0131ndaki \u00f6\u011frenci, esrar i\u00e7tikten sonra elektrikli tren hatt\u0131na d\u00fc\u015ferek elektrik \u00e7arpmas\u0131 sonucu \u00f6ld\u00fc Hampshire, Basingstoke&#8217;tan 15 ya\u015f\u0131ndaki Amy Hursey, ge\u00e7en y\u0131l 20 Nisan&#8217;da elektrikli tren ray\u0131na d\u00fc\u015ferek an\u0131nda hayat\u0131n\u0131 kaybetti. Acil servisler, raylarda bir ki\u015fi oldu\u011fu ihbar\u0131 \u00fczerine saat 17:22&#8217;de Basingstoke tren istasyonuna \u00e7a\u011fr\u0131ld\u0131. Amy ne yaz\u0131k ki olay yerinde \u00f6l\u00fc ilan edildi. \u00d6l\u00fcm<\/p>\n","protected":false},"author":1,"featured_media":55457,"comment_status":"open","ping_status":"open","sticky":false,"template":"","format":"standard","meta":{"footnotes":""},"categories":[83],"tags":[],"class_list":["post-55456","post","type-post","status-publish","format-standard","has-post-thumbnail","hentry","category-magazin"],"yoast_head":"<!-- This site is optimized with the Yoast SEO plugin v27.5 - https:\/\/yoast.com\/product\/yoast-seo-wordpress\/ -->\n<title>15 ya\u015f\u0131ndaki k\u0131z \u00f6\u011frenci, uyu\u015fturucu ald\u0131ktan sonra elektrikli tren raylar\u0131na d\u00fc\u015ferek hayat\u0131n\u0131 kaybetti -<\/title>\n<meta name=\"robots\" content=\"index, follow, max-snippet:-1, max-image-preview:large, max-video-preview:-1\" \/>\n<link rel=\"canonical\" href=\"https:\/\/kibrisdakik.com\/?p=55456\" \/>\n<meta property=\"og:locale\" content=\"tr_TR\" \/>\n<meta property=\"og:type\" content=\"article\" \/>\n<meta property=\"og:title\" content=\"15 ya\u015f\u0131ndaki k\u0131z \u00f6\u011frenci, uyu\u015fturucu ald\u0131ktan sonra elektrikli tren raylar\u0131na d\u00fc\u015ferek hayat\u0131n\u0131 kaybetti -\" \/>\n<meta property=\"og:description\" content=\"15 ya\u015f\u0131ndaki \u00f6\u011frenci, esrar i\u00e7tikten sonra elektrikli tren hatt\u0131na d\u00fc\u015ferek elektrik \u00e7arpmas\u0131 sonucu \u00f6ld\u00fc Hampshire, Basingstoke&#8217;tan 15 ya\u015f\u0131ndaki Amy Hursey, ge\u00e7en y\u0131l 20 Nisan&#8217;da elektrikli tren ray\u0131na d\u00fc\u015ferek an\u0131nda hayat\u0131n\u0131 kaybetti. Acil servisler, raylarda bir ki\u015fi oldu\u011fu ihbar\u0131 \u00fczerine saat 17:22&#8217;de Basingstoke tren istasyonuna \u00e7a\u011fr\u0131ld\u0131. Amy ne yaz\u0131k ki olay yerinde \u00f6l\u00fc ilan edildi. \u00d6l\u00fcm\" \/>\n<meta property=\"og:url\" content=\"https:\/\/kibrisdakik.com\/?p=55456\" \/>\n<meta property=\"article:published_time\" content=\"2024-08-19T14:35:19+00:00\" \/>\n<meta property=\"og:image\" content=\"https:\/\/kibrisdakik.com\/wp-content\/uploads\/2024\/08\/15-yasindaki-kiz-ogrenci-uyusturucu-aldiktan-17735502_8872_m-640x420.jpg\" \/>\n\t<meta property=\"og:image:width\" content=\"640\" \/>\n\t<meta property=\"og:image:height\" content=\"844\" \/>\n\t<meta property=\"og:image:type\" content=\"image\/jpeg\" \/>\n<meta name=\"author\" content=\"admin\" \/>\n<meta name=\"twitter:card\" content=\"summary_large_image\" \/>\n<meta name=\"twitter:label1\" content=\"Yazan:\" \/>\n\t<meta name=\"twitter:data1\" content=\"admin\" \/>\n\t<meta name=\"twitter:label2\" content=\"Tahmini okuma s\u00fcresi\" \/>\n\t<meta name=\"twitter:data2\" content=\"1 dakika\" \/>\n<script type=\"application\/ld+json\" class=\"yoast-schema-graph\">{\"@context\":\"https:\\\/\\\/schema.org\",\"@graph\":[{\"@type\":\"Article\",\"@id\":\"https:\\\/\\\/kibrisdakik.com\\\/?p=55456#article\",\"isPartOf\":{\"@id\":\"https:\\\/\\\/kibrisdakik.com\\\/?p=55456\"},\"author\":{\"name\":\"admin\",\"@id\":\"https:\\\/\\\/kibrisdakik.com\\\/#\\\/schema\\\/person\\\/9cd9d437bbb44f72b73ba127e06d8e79\"},\"headline\":\"15 ya\u015f\u0131ndaki k\u0131z \u00f6\u011frenci, uyu\u015fturucu ald\u0131ktan sonra elektrikli tren raylar\u0131na d\u00fc\u015ferek hayat\u0131n\u0131 kaybetti\",\"datePublished\":\"2024-08-19T14:35:19+00:00\",\"mainEntityOfPage\":{\"@id\":\"https:\\\/\\\/kibrisdakik.com\\\/?p=55456\"},\"wordCount\":252,\"commentCount\":0,\"image\":{\"@id\":\"https:\\\/\\\/kibrisdakik.com\\\/?p=55456#primaryimage\"},\"thumbnailUrl\":\"https:\\\/\\\/kibrisdakik.com\\\/wp-content\\\/uploads\\\/2024\\\/08\\\/15-yasindaki-kiz-ogrenci-uyusturucu-aldiktan-17735502_8872_m-640x420.jpg\",\"articleSection\":[\"Magazin\"],\"inLanguage\":\"tr\",\"potentialAction\":[{\"@type\":\"CommentAction\",\"name\":\"Comment\",\"target\":[\"https:\\\/\\\/kibrisdakik.com\\\/?p=55456#respond\"]}]},{\"@type\":\"WebPage\",\"@id\":\"https:\\\/\\\/kibrisdakik.com\\\/?p=55456\",\"url\":\"https:\\\/\\\/kibrisdakik.com\\\/?p=55456\",\"name\":\"15 ya\u015f\u0131ndaki k\u0131z \u00f6\u011frenci, uyu\u015fturucu ald\u0131ktan sonra elektrikli tren raylar\u0131na d\u00fc\u015ferek hayat\u0131n\u0131 kaybetti -\",\"isPartOf\":{\"@id\":\"https:\\\/\\\/kibrisdakik.com\\\/#website\"},\"primaryImageOfPage\":{\"@id\":\"https:\\\/\\\/kibrisdakik.com\\\/?p=55456#primaryimage\"},\"image\":{\"@id\":\"https:\\\/\\\/kibrisdakik.com\\\/?p=55456#primaryimage\"},\"thumbnailUrl\":\"https:\\\/\\\/kibrisdakik.com\\\/wp-content\\\/uploads\\\/2024\\\/08\\\/15-yasindaki-kiz-ogrenci-uyusturucu-aldiktan-17735502_8872_m-640x420.jpg\",\"datePublished\":\"2024-08-19T14:35:19+00:00\",\"author\":{\"@id\":\"https:\\\/\\\/kibrisdakik.com\\\/#\\\/schema\\\/person\\\/9cd9d437bbb44f72b73ba127e06d8e79\"},\"breadcrumb\":{\"@id\":\"https:\\\/\\\/kibrisdakik.com\\\/?p=55456#breadcrumb\"},\"inLanguage\":\"tr\",\"potentialAction\":[{\"@type\":\"ReadAction\",\"target\":[\"https:\\\/\\\/kibrisdakik.com\\\/?p=55456\"]}]},{\"@type\":\"ImageObject\",\"inLanguage\":\"tr\",\"@id\":\"https:\\\/\\\/kibrisdakik.com\\\/?p=55456#primaryimage\",\"url\":\"https:\\\/\\\/kibrisdakik.com\\\/wp-content\\\/uploads\\\/2024\\\/08\\\/15-yasindaki-kiz-ogrenci-uyusturucu-aldiktan-17735502_8872_m-640x420.jpg\",\"contentUrl\":\"https:\\\/\\\/kibrisdakik.com\\\/wp-content\\\/uploads\\\/2024\\\/08\\\/15-yasindaki-kiz-ogrenci-uyusturucu-aldiktan-17735502_8872_m-640x420.jpg\",\"width\":640,\"height\":844},{\"@type\":\"BreadcrumbList\",\"@id\":\"https:\\\/\\\/kibrisdakik.com\\\/?p=55456#breadcrumb\",\"itemListElement\":[{\"@type\":\"ListItem\",\"position\":1,\"name\":\"Home\",\"item\":\"https:\\\/\\\/kibrisdakik.com\\\/\"},{\"@type\":\"ListItem\",\"position\":2,\"name\":\"15 ya\u015f\u0131ndaki k\u0131z \u00f6\u011frenci, uyu\u015fturucu ald\u0131ktan sonra elektrikli tren raylar\u0131na d\u00fc\u015ferek hayat\u0131n\u0131 kaybetti\"}]},{\"@type\":\"WebSite\",\"@id\":\"https:\\\/\\\/kibrisdakik.com\\\/#website\",\"url\":\"https:\\\/\\\/kibrisdakik.com\\\/\",\"name\":\"\",\"description\":\"Tam vaktinde haber\",\"potentialAction\":[{\"@type\":\"SearchAction\",\"target\":{\"@type\":\"EntryPoint\",\"urlTemplate\":\"https:\\\/\\\/kibrisdakik.com\\\/?s={search_term_string}\"},\"query-input\":{\"@type\":\"PropertyValueSpecification\",\"valueRequired\":true,\"valueName\":\"search_term_string\"}}],\"inLanguage\":\"tr\"},{\"@type\":\"Person\",\"@id\":\"https:\\\/\\\/kibrisdakik.com\\\/#\\\/schema\\\/person\\\/9cd9d437bbb44f72b73ba127e06d8e79\",\"name\":\"admin\",\"image\":{\"@type\":\"ImageObject\",\"inLanguage\":\"tr\",\"@id\":\"https:\\\/\\\/secure.gravatar.com\\\/avatar\\\/ccc17943b9d660506c869530f897617f7cb1c21a4bf30023f252596d83e1f007?s=96&d=mm&r=g\",\"url\":\"https:\\\/\\\/secure.gravatar.com\\\/avatar\\\/ccc17943b9d660506c869530f897617f7cb1c21a4bf30023f252596d83e1f007?s=96&d=mm&r=g\",\"contentUrl\":\"https:\\\/\\\/secure.gravatar.com\\\/avatar\\\/ccc17943b9d660506c869530f897617f7cb1c21a4bf30023f252596d83e1f007?s=96&d=mm&r=g\",\"caption\":\"admin\"},\"sameAs\":[\"https:\\\/\\\/kibrisdakik.com\"],\"url\":\"https:\\\/\\\/kibrisdakik.com\\\/?author=1\"}]}<\/script>\n<!-- \/ Yoast SEO plugin. -->","yoast_head_json":{"title":"15 ya\u015f\u0131ndaki k\u0131z \u00f6\u011frenci, uyu\u015fturucu ald\u0131ktan sonra elektrikli tren raylar\u0131na d\u00fc\u015ferek hayat\u0131n\u0131 kaybetti -","robots":{"index":"index","follow":"follow","max-snippet":"max-snippet:-1","max-image-preview":"max-image-preview:large","max-video-preview":"max-video-preview:-1"},"canonical":"https:\/\/kibrisdakik.com\/?p=55456","og_locale":"tr_TR","og_type":"article","og_title":"15 ya\u015f\u0131ndaki k\u0131z \u00f6\u011frenci, uyu\u015fturucu ald\u0131ktan sonra elektrikli tren raylar\u0131na d\u00fc\u015ferek hayat\u0131n\u0131 kaybetti -","og_description":"15 ya\u015f\u0131ndaki \u00f6\u011frenci, esrar i\u00e7tikten sonra elektrikli tren hatt\u0131na d\u00fc\u015ferek elektrik \u00e7arpmas\u0131 sonucu \u00f6ld\u00fc Hampshire, Basingstoke&#8217;tan 15 ya\u015f\u0131ndaki Amy Hursey, ge\u00e7en y\u0131l 20 Nisan&#8217;da elektrikli tren ray\u0131na d\u00fc\u015ferek an\u0131nda hayat\u0131n\u0131 kaybetti. Acil servisler, raylarda bir ki\u015fi oldu\u011fu ihbar\u0131 \u00fczerine saat 17:22&#8217;de Basingstoke tren istasyonuna \u00e7a\u011fr\u0131ld\u0131. Amy ne yaz\u0131k ki olay yerinde \u00f6l\u00fc ilan edildi. \u00d6l\u00fcm","og_url":"https:\/\/kibrisdakik.com\/?p=55456","article_published_time":"2024-08-19T14:35:19+00:00","og_image":[{"width":640,"height":844,"url":"https:\/\/kibrisdakik.com\/wp-content\/uploads\/2024\/08\/15-yasindaki-kiz-ogrenci-uyusturucu-aldiktan-17735502_8872_m-640x420.jpg","type":"image\/jpeg"}],"author":"admin","twitter_card":"summary_large_image","twitter_misc":{"Yazan:":"admin","Tahmini okuma s\u00fcresi":"1 dakika"},"schema":{"@context":"https:\/\/schema.org","@graph":[{"@type":"Article","@id":"https:\/\/kibrisdakik.com\/?p=55456#article","isPartOf":{"@id":"https:\/\/kibrisdakik.com\/?p=55456"},"author":{"name":"admin","@id":"https:\/\/kibrisdakik.com\/#\/schema\/person\/9cd9d437bbb44f72b73ba127e06d8e79"},"headline":"15 ya\u015f\u0131ndaki k\u0131z \u00f6\u011frenci, uyu\u015fturucu ald\u0131ktan sonra elektrikli tren raylar\u0131na d\u00fc\u015ferek hayat\u0131n\u0131 kaybetti","datePublished":"2024-08-19T14:35:19+00:00","mainEntityOfPage":{"@id":"https:\/\/kibrisdakik.com\/?p=55456"},"wordCount":252,"commentCount":0,"image":{"@id":"https:\/\/kibrisdakik.com\/?p=55456#primaryimage"},"thumbnailUrl":"https:\/\/kibrisdakik.com\/wp-content\/uploads\/2024\/08\/15-yasindaki-kiz-ogrenci-uyusturucu-aldiktan-17735502_8872_m-640x420.jpg","articleSection":["Magazin"],"inLanguage":"tr","potentialAction":[{"@type":"CommentAction","name":"Comment","target":["https:\/\/kibrisdakik.com\/?p=55456#respond"]}]},{"@type":"WebPage","@id":"https:\/\/kibrisdakik.com\/?p=55456","url":"https:\/\/kibrisdakik.com\/?p=55456","name":"15 ya\u015f\u0131ndaki k\u0131z \u00f6\u011frenci, uyu\u015fturucu ald\u0131ktan sonra elektrikli tren raylar\u0131na d\u00fc\u015ferek hayat\u0131n\u0131 kaybetti -","isPartOf":{"@id":"https:\/\/kibrisdakik.com\/#website"},"primaryImageOfPage":{"@id":"https:\/\/kibrisdakik.com\/?p=55456#primaryimage"},"image":{"@id":"https:\/\/kibrisdakik.com\/?p=55456#primaryimage"},"thumbnailUrl":"https:\/\/kibrisdakik.com\/wp-content\/uploads\/2024\/08\/15-yasindaki-kiz-ogrenci-uyusturucu-aldiktan-17735502_8872_m-640x420.jpg","datePublished":"2024-08-19T14:35:19+00:00","author":{"@id":"https:\/\/kibrisdakik.com\/#\/schema\/person\/9cd9d437bbb44f72b73ba127e06d8e79"},"breadcrumb":{"@id":"https:\/\/kibrisdakik.com\/?p=55456#breadcrumb"},"inLanguage":"tr","potentialAction":[{"@type":"ReadAction","target":["https:\/\/kibrisdakik.com\/?p=55456"]}]},{"@type":"ImageObject","inLanguage":"tr","@id":"https:\/\/kibrisdakik.com\/?p=55456#primaryimage","url":"https:\/\/kibrisdakik.com\/wp-content\/uploads\/2024\/08\/15-yasindaki-kiz-ogrenci-uyusturucu-aldiktan-17735502_8872_m-640x420.jpg","contentUrl":"https:\/\/kibrisdakik.com\/wp-content\/uploads\/2024\/08\/15-yasindaki-kiz-ogrenci-uyusturucu-aldiktan-17735502_8872_m-640x420.jpg","width":640,"height":844},{"@type":"BreadcrumbList","@id":"https:\/\/kibrisdakik.com\/?p=55456#breadcrumb","itemListElement":[{"@type":"ListItem","position":1,"name":"Home","item":"https:\/\/kibrisdakik.com\/"},{"@type":"ListItem","position":2,"name":"15 ya\u015f\u0131ndaki k\u0131z \u00f6\u011frenci, uyu\u015fturucu ald\u0131ktan sonra elektrikli tren raylar\u0131na d\u00fc\u015ferek hayat\u0131n\u0131 kaybetti"}]},{"@type":"WebSite","@id":"https:\/\/kibrisdakik.com\/#website","url":"https:\/\/kibrisdakik.com\/","name":"","description":"Tam vaktinde haber","potentialAction":[{"@type":"SearchAction","target":{"@type":"EntryPoint","urlTemplate":"https:\/\/kibrisdakik.com\/?s={search_term_string}"},"query-input":{"@type":"PropertyValueSpecification","valueRequired":true,"valueName":"search_term_string"}}],"inLanguage":"tr"},{"@type":"Person","@id":"https:\/\/kibrisdakik.com\/#\/schema\/person\/9cd9d437bbb44f72b73ba127e06d8e79","name":"admin","image":{"@type":"ImageObject","inLanguage":"tr","@id":"https:\/\/secure.gravatar.com\/avatar\/ccc17943b9d660506c869530f897617f7cb1c21a4bf30023f252596d83e1f007?s=96&d=mm&r=g","url":"https:\/\/secure.gravatar.com\/avatar\/ccc17943b9d660506c869530f897617f7cb1c21a4bf30023f252596d83e1f007?s=96&d=mm&r=g","contentUrl":"https:\/\/secure.gravatar.com\/avatar\/ccc17943b9d660506c869530f897617f7cb1c21a4bf30023f252596d83e1f007?s=96&d=mm&r=g","caption":"admin"},"sameAs":["https:\/\/kibrisdakik.com"],"url":"https:\/\/kibrisdakik.com\/?author=1"}]}},"_links":{"self":[{"href":"https:\/\/kibrisdakik.com\/index.php?rest_route=\/wp\/v2\/posts\/55456","targetHints":{"allow":["GET"]}}],"collection":[{"href":"https:\/\/kibrisdakik.com\/index.php?rest_route=\/wp\/v2\/posts"}],"about":[{"href":"https:\/\/kibrisdakik.com\/index.php?rest_route=\/wp\/v2\/types\/post"}],"author":[{"embeddable":true,"href":"https:\/\/kibrisdakik.com\/index.php?rest_route=\/wp\/v2\/users\/1"}],"replies":[{"embeddable":true,"href":"https:\/\/kibrisdakik.com\/index.php?rest_route=%2Fwp%2Fv2%2Fcomments&post=55456"}],"version-history":[{"count":0,"href":"https:\/\/kibrisdakik.com\/index.php?rest_route=\/wp\/v2\/posts\/55456\/revisions"}],"wp:featuredmedia":[{"embeddable":true,"href":"https:\/\/kibrisdakik.com\/index.php?rest_route=\/wp\/v2\/media\/55457"}],"wp:attachment":[{"href":"https:\/\/kibrisdakik.com\/index.php?rest_route=%2Fwp%2Fv2%2Fmedia&parent=55456"}],"wp:term":[{"taxonomy":"category","embeddable":true,"href":"https:\/\/kibrisdakik.com\/index.php?rest_route=%2Fwp%2Fv2%2Fcategories&post=55456"},{"taxonomy":"post_tag","embeddable":true,"href":"https:\/\/kibrisdakik.com\/index.php?rest_route=%2Fwp%2Fv2%2Ftags&post=55456"}],"curies":[{"name":"wp","href":"https:\/\/api.w.org\/{rel}","templated":true}]}}