{"id":55458,"date":"2024-08-19T16:38:44","date_gmt":"2024-08-19T13:38:44","guid":{"rendered":"https:\/\/kibrisdakik.com\/index.php\/2024\/08\/19\/haftalik-itfaiye-raporu-3\/"},"modified":"2024-08-19T16:38:44","modified_gmt":"2024-08-19T13:38:44","slug":"haftalik-itfaiye-raporu-3","status":"publish","type":"post","link":"https:\/\/kibrisdakik.com\/?p=55458","title":{"rendered":"Haftal\u0131k itfaiye raporu"},"content":{"rendered":"<p><\/p>\n<div>\n<div class=\"mariselle-image-container center\">\n                <img loading=\"lazy\" decoding=\"async\" width=\"706\" height=\"431\" class=\"lazy-image\" alt=\"\" sizes=\"auto, (max-width: 706px) 100vw, 706px\" src=\"https:\/\/brtk.net\/wp-content\/uploads\/2024\/08\/19\/itfaiye81.jpg?ver=ed12f66de10d7d3b3d4e61eaddc92a4c\" srcset=\"https:\/\/brtk.net\/wp-content\/uploads\/2024\/08\/19\/itfaiye81.jpg?ver=ed12f66de10d7d3b3d4e61eaddc92a4c 706w, https:\/\/brtk.net\/wp-content\/uploads\/2024\/08\/19\/itfaiye81-300x183.jpg?ver=79084b77689cd5b71232525021e4bb02 300w\"\/>                            <\/div>\n<p><a href=\"https:\/\/brtk.net\/\">KKTC<\/a>\u2018de 12-18 A\u011fustos tarihlerini kapsayan s\u00fcre i\u00e7erisinde, 11 yang\u0131n ve 31 \u00f6zel servis olay\u0131 meydana geldi\u011fi bildirildi.<\/p>\n<p>Polis Genel M\u00fcd\u00fcrl\u00fc\u011f\u00fc\u2019nden yay\u0131nlanan raporda, yang\u0131nlar sonucu meydana gelen toplam zarar miktar\u0131n\u0131n 1,112,500 TL oldu\u011fu belirtildi.<\/p>\n<p>Ayn\u0131 tarih aral\u0131\u011f\u0131nda meydana gelen yang\u0131nlar\u0131n muhtemel sebepleri raporda, \u201cki\u015fi\/ler taraf\u0131ndan temizlik maksad\u0131yla yakma, elektrik prizinin y\u00fcklenip \u0131s\u0131nmas\u0131, baca i\u00e7erisinde biriken ya\u011f ve tortular\u0131n alevlenmesi, s\u00f6nd\u00fcr\u00fclmeden at\u0131lan sigara izmaritleri ve elektrik tellerinin birbirine temas edip at\u0131lan k\u0131v\u0131lc\u0131mlar\u0131n kuru otlar\u0131 tutu\u015fturmas\u0131\u201d sonucu olarak kaydedildi.<\/p>\n<p>\u00d6zel Servis Olaylar\u0131 ise, asans\u00f6rde mahsur kalan \u015fah\u0131slar\u0131n kurtar\u0131lmas\u0131, yol g\u00fcvenli\u011fi sa\u011flanmas\u0131, yang\u0131na kar\u015f\u0131 tedbir alma, bah\u00e7e sulama havuzu ile derin su kuyusunda mahsur kalan k\u00f6pek ve ke\u00e7inin kurtar\u0131lmas\u0131, \u00f6zel g\u00f6rev ve hayat\u0131n\u0131 kaybeden \u015fah\u0131slar\u0131n adli soru\u015fturma ama\u00e7l\u0131 hastaneye sevkinin sa\u011flanmas\u0131 olarak yer ald\u0131.<\/p>\n<\/p><\/div>\n<p><script async\n                    defer\n                    crossorigin=\"anonymous\"\n                    src=\"https:\/\/connect.facebook.net\/tr_TR\/sdk.js#xfbml=1&#038;version=v3.3\"\n            ><\/script><\/p>\n","protected":false},"excerpt":{"rendered":"<p>KKTC\u2018de 12-18 A\u011fustos tarihlerini kapsayan s\u00fcre i\u00e7erisinde, 11 yang\u0131n ve 31 \u00f6zel servis olay\u0131 meydana geldi\u011fi bildirildi. Polis Genel M\u00fcd\u00fcrl\u00fc\u011f\u00fc\u2019nden yay\u0131nlanan raporda, yang\u0131nlar sonucu meydana gelen toplam zarar miktar\u0131n\u0131n 1,112,500 TL oldu\u011fu belirtildi. Ayn\u0131 tarih aral\u0131\u011f\u0131nda meydana gelen yang\u0131nlar\u0131n muhtemel sebepleri raporda, \u201cki\u015fi\/ler taraf\u0131ndan temizlik maksad\u0131yla yakma, elektrik prizinin y\u00fcklenip \u0131s\u0131nmas\u0131, baca i\u00e7erisinde biriken ya\u011f<\/p>\n","protected":false},"author":1,"featured_media":55459,"comment_status":"open","ping_status":"open","sticky":false,"template":"","format":"standard","meta":{"footnotes":""},"categories":[1],"tags":[],"class_list":["post-55458","post","type-post","status-publish","format-standard","has-post-thumbnail","hentry","category-gundem"],"yoast_head":"<!-- This site is optimized with the Yoast SEO plugin v27.4 - https:\/\/yoast.com\/product\/yoast-seo-wordpress\/ -->\n<title>Haftal\u0131k itfaiye raporu -<\/title>\n<meta name=\"robots\" content=\"index, follow, max-snippet:-1, max-image-preview:large, max-video-preview:-1\" \/>\n<link rel=\"canonical\" href=\"https:\/\/kibrisdakik.com\/?p=55458\" \/>\n<meta property=\"og:locale\" content=\"tr_TR\" \/>\n<meta property=\"og:type\" content=\"article\" \/>\n<meta property=\"og:title\" content=\"Haftal\u0131k itfaiye raporu -\" \/>\n<meta property=\"og:description\" content=\"KKTC\u2018de 12-18 A\u011fustos tarihlerini kapsayan s\u00fcre i\u00e7erisinde, 11 yang\u0131n ve 31 \u00f6zel servis olay\u0131 meydana geldi\u011fi bildirildi. Polis Genel M\u00fcd\u00fcrl\u00fc\u011f\u00fc\u2019nden yay\u0131nlanan raporda, yang\u0131nlar sonucu meydana gelen toplam zarar miktar\u0131n\u0131n 1,112,500 TL oldu\u011fu belirtildi. Ayn\u0131 tarih aral\u0131\u011f\u0131nda meydana gelen yang\u0131nlar\u0131n muhtemel sebepleri raporda, \u201cki\u015fi\/ler taraf\u0131ndan temizlik maksad\u0131yla yakma, elektrik prizinin y\u00fcklenip \u0131s\u0131nmas\u0131, baca i\u00e7erisinde biriken ya\u011f\" \/>\n<meta property=\"og:url\" content=\"https:\/\/kibrisdakik.com\/?p=55458\" \/>\n<meta property=\"article:published_time\" content=\"2024-08-19T13:38:44+00:00\" \/>\n<meta property=\"og:image\" content=\"https:\/\/kibrisdakik.com\/wp-content\/uploads\/2024\/08\/itfaiye81-706x420.jpg\" \/>\n\t<meta property=\"og:image:width\" content=\"706\" \/>\n\t<meta property=\"og:image:height\" content=\"431\" \/>\n\t<meta property=\"og:image:type\" content=\"image\/jpeg\" \/>\n<meta name=\"author\" content=\"admin\" \/>\n<meta name=\"twitter:card\" content=\"summary_large_image\" \/>\n<meta name=\"twitter:label1\" content=\"Yazan:\" \/>\n\t<meta name=\"twitter:data1\" content=\"admin\" \/>\n\t<meta name=\"twitter:label2\" content=\"Tahmini okuma s\u00fcresi\" \/>\n\t<meta name=\"twitter:data2\" content=\"1 dakika\" \/>\n<script type=\"application\/ld+json\" class=\"yoast-schema-graph\">{\"@context\":\"https:\\\/\\\/schema.org\",\"@graph\":[{\"@type\":\"Article\",\"@id\":\"https:\\\/\\\/kibrisdakik.com\\\/?p=55458#article\",\"isPartOf\":{\"@id\":\"https:\\\/\\\/kibrisdakik.com\\\/?p=55458\"},\"author\":{\"name\":\"admin\",\"@id\":\"https:\\\/\\\/kibrisdakik.com\\\/#\\\/schema\\\/person\\\/9cd9d437bbb44f72b73ba127e06d8e79\"},\"headline\":\"Haftal\u0131k itfaiye raporu\",\"datePublished\":\"2024-08-19T13:38:44+00:00\",\"mainEntityOfPage\":{\"@id\":\"https:\\\/\\\/kibrisdakik.com\\\/?p=55458\"},\"wordCount\":175,\"commentCount\":0,\"image\":{\"@id\":\"https:\\\/\\\/kibrisdakik.com\\\/?p=55458#primaryimage\"},\"thumbnailUrl\":\"https:\\\/\\\/kibrisdakik.com\\\/wp-content\\\/uploads\\\/2024\\\/08\\\/itfaiye81-706x420.jpg\",\"articleSection\":[\"G\u00fcndem\"],\"inLanguage\":\"tr\",\"potentialAction\":[{\"@type\":\"CommentAction\",\"name\":\"Comment\",\"target\":[\"https:\\\/\\\/kibrisdakik.com\\\/?p=55458#respond\"]}]},{\"@type\":\"WebPage\",\"@id\":\"https:\\\/\\\/kibrisdakik.com\\\/?p=55458\",\"url\":\"https:\\\/\\\/kibrisdakik.com\\\/?p=55458\",\"name\":\"Haftal\u0131k itfaiye raporu -\",\"isPartOf\":{\"@id\":\"https:\\\/\\\/kibrisdakik.com\\\/#website\"},\"primaryImageOfPage\":{\"@id\":\"https:\\\/\\\/kibrisdakik.com\\\/?p=55458#primaryimage\"},\"image\":{\"@id\":\"https:\\\/\\\/kibrisdakik.com\\\/?p=55458#primaryimage\"},\"thumbnailUrl\":\"https:\\\/\\\/kibrisdakik.com\\\/wp-content\\\/uploads\\\/2024\\\/08\\\/itfaiye81-706x420.jpg\",\"datePublished\":\"2024-08-19T13:38:44+00:00\",\"author\":{\"@id\":\"https:\\\/\\\/kibrisdakik.com\\\/#\\\/schema\\\/person\\\/9cd9d437bbb44f72b73ba127e06d8e79\"},\"breadcrumb\":{\"@id\":\"https:\\\/\\\/kibrisdakik.com\\\/?p=55458#breadcrumb\"},\"inLanguage\":\"tr\",\"potentialAction\":[{\"@type\":\"ReadAction\",\"target\":[\"https:\\\/\\\/kibrisdakik.com\\\/?p=55458\"]}]},{\"@type\":\"ImageObject\",\"inLanguage\":\"tr\",\"@id\":\"https:\\\/\\\/kibrisdakik.com\\\/?p=55458#primaryimage\",\"url\":\"https:\\\/\\\/kibrisdakik.com\\\/wp-content\\\/uploads\\\/2024\\\/08\\\/itfaiye81-706x420.jpg\",\"contentUrl\":\"https:\\\/\\\/kibrisdakik.com\\\/wp-content\\\/uploads\\\/2024\\\/08\\\/itfaiye81-706x420.jpg\",\"width\":706,\"height\":431},{\"@type\":\"BreadcrumbList\",\"@id\":\"https:\\\/\\\/kibrisdakik.com\\\/?p=55458#breadcrumb\",\"itemListElement\":[{\"@type\":\"ListItem\",\"position\":1,\"name\":\"Home\",\"item\":\"https:\\\/\\\/kibrisdakik.com\\\/\"},{\"@type\":\"ListItem\",\"position\":2,\"name\":\"Haftal\u0131k itfaiye raporu\"}]},{\"@type\":\"WebSite\",\"@id\":\"https:\\\/\\\/kibrisdakik.com\\\/#website\",\"url\":\"https:\\\/\\\/kibrisdakik.com\\\/\",\"name\":\"\",\"description\":\"Tam vaktinde haber\",\"potentialAction\":[{\"@type\":\"SearchAction\",\"target\":{\"@type\":\"EntryPoint\",\"urlTemplate\":\"https:\\\/\\\/kibrisdakik.com\\\/?s={search_term_string}\"},\"query-input\":{\"@type\":\"PropertyValueSpecification\",\"valueRequired\":true,\"valueName\":\"search_term_string\"}}],\"inLanguage\":\"tr\"},{\"@type\":\"Person\",\"@id\":\"https:\\\/\\\/kibrisdakik.com\\\/#\\\/schema\\\/person\\\/9cd9d437bbb44f72b73ba127e06d8e79\",\"name\":\"admin\",\"image\":{\"@type\":\"ImageObject\",\"inLanguage\":\"tr\",\"@id\":\"https:\\\/\\\/secure.gravatar.com\\\/avatar\\\/ccc17943b9d660506c869530f897617f7cb1c21a4bf30023f252596d83e1f007?s=96&d=mm&r=g\",\"url\":\"https:\\\/\\\/secure.gravatar.com\\\/avatar\\\/ccc17943b9d660506c869530f897617f7cb1c21a4bf30023f252596d83e1f007?s=96&d=mm&r=g\",\"contentUrl\":\"https:\\\/\\\/secure.gravatar.com\\\/avatar\\\/ccc17943b9d660506c869530f897617f7cb1c21a4bf30023f252596d83e1f007?s=96&d=mm&r=g\",\"caption\":\"admin\"},\"sameAs\":[\"https:\\\/\\\/kibrisdakik.com\"],\"url\":\"https:\\\/\\\/kibrisdakik.com\\\/?author=1\"}]}<\/script>\n<!-- \/ Yoast SEO plugin. -->","yoast_head_json":{"title":"Haftal\u0131k itfaiye raporu -","robots":{"index":"index","follow":"follow","max-snippet":"max-snippet:-1","max-image-preview":"max-image-preview:large","max-video-preview":"max-video-preview:-1"},"canonical":"https:\/\/kibrisdakik.com\/?p=55458","og_locale":"tr_TR","og_type":"article","og_title":"Haftal\u0131k itfaiye raporu -","og_description":"KKTC\u2018de 12-18 A\u011fustos tarihlerini kapsayan s\u00fcre i\u00e7erisinde, 11 yang\u0131n ve 31 \u00f6zel servis olay\u0131 meydana geldi\u011fi bildirildi. Polis Genel M\u00fcd\u00fcrl\u00fc\u011f\u00fc\u2019nden yay\u0131nlanan raporda, yang\u0131nlar sonucu meydana gelen toplam zarar miktar\u0131n\u0131n 1,112,500 TL oldu\u011fu belirtildi. Ayn\u0131 tarih aral\u0131\u011f\u0131nda meydana gelen yang\u0131nlar\u0131n muhtemel sebepleri raporda, \u201cki\u015fi\/ler taraf\u0131ndan temizlik maksad\u0131yla yakma, elektrik prizinin y\u00fcklenip \u0131s\u0131nmas\u0131, baca i\u00e7erisinde biriken ya\u011f","og_url":"https:\/\/kibrisdakik.com\/?p=55458","article_published_time":"2024-08-19T13:38:44+00:00","og_image":[{"width":706,"height":431,"url":"https:\/\/kibrisdakik.com\/wp-content\/uploads\/2024\/08\/itfaiye81-706x420.jpg","type":"image\/jpeg"}],"author":"admin","twitter_card":"summary_large_image","twitter_misc":{"Yazan:":"admin","Tahmini okuma s\u00fcresi":"1 dakika"},"schema":{"@context":"https:\/\/schema.org","@graph":[{"@type":"Article","@id":"https:\/\/kibrisdakik.com\/?p=55458#article","isPartOf":{"@id":"https:\/\/kibrisdakik.com\/?p=55458"},"author":{"name":"admin","@id":"https:\/\/kibrisdakik.com\/#\/schema\/person\/9cd9d437bbb44f72b73ba127e06d8e79"},"headline":"Haftal\u0131k itfaiye raporu","datePublished":"2024-08-19T13:38:44+00:00","mainEntityOfPage":{"@id":"https:\/\/kibrisdakik.com\/?p=55458"},"wordCount":175,"commentCount":0,"image":{"@id":"https:\/\/kibrisdakik.com\/?p=55458#primaryimage"},"thumbnailUrl":"https:\/\/kibrisdakik.com\/wp-content\/uploads\/2024\/08\/itfaiye81-706x420.jpg","articleSection":["G\u00fcndem"],"inLanguage":"tr","potentialAction":[{"@type":"CommentAction","name":"Comment","target":["https:\/\/kibrisdakik.com\/?p=55458#respond"]}]},{"@type":"WebPage","@id":"https:\/\/kibrisdakik.com\/?p=55458","url":"https:\/\/kibrisdakik.com\/?p=55458","name":"Haftal\u0131k itfaiye raporu -","isPartOf":{"@id":"https:\/\/kibrisdakik.com\/#website"},"primaryImageOfPage":{"@id":"https:\/\/kibrisdakik.com\/?p=55458#primaryimage"},"image":{"@id":"https:\/\/kibrisdakik.com\/?p=55458#primaryimage"},"thumbnailUrl":"https:\/\/kibrisdakik.com\/wp-content\/uploads\/2024\/08\/itfaiye81-706x420.jpg","datePublished":"2024-08-19T13:38:44+00:00","author":{"@id":"https:\/\/kibrisdakik.com\/#\/schema\/person\/9cd9d437bbb44f72b73ba127e06d8e79"},"breadcrumb":{"@id":"https:\/\/kibrisdakik.com\/?p=55458#breadcrumb"},"inLanguage":"tr","potentialAction":[{"@type":"ReadAction","target":["https:\/\/kibrisdakik.com\/?p=55458"]}]},{"@type":"ImageObject","inLanguage":"tr","@id":"https:\/\/kibrisdakik.com\/?p=55458#primaryimage","url":"https:\/\/kibrisdakik.com\/wp-content\/uploads\/2024\/08\/itfaiye81-706x420.jpg","contentUrl":"https:\/\/kibrisdakik.com\/wp-content\/uploads\/2024\/08\/itfaiye81-706x420.jpg","width":706,"height":431},{"@type":"BreadcrumbList","@id":"https:\/\/kibrisdakik.com\/?p=55458#breadcrumb","itemListElement":[{"@type":"ListItem","position":1,"name":"Home","item":"https:\/\/kibrisdakik.com\/"},{"@type":"ListItem","position":2,"name":"Haftal\u0131k itfaiye raporu"}]},{"@type":"WebSite","@id":"https:\/\/kibrisdakik.com\/#website","url":"https:\/\/kibrisdakik.com\/","name":"","description":"Tam vaktinde haber","potentialAction":[{"@type":"SearchAction","target":{"@type":"EntryPoint","urlTemplate":"https:\/\/kibrisdakik.com\/?s={search_term_string}"},"query-input":{"@type":"PropertyValueSpecification","valueRequired":true,"valueName":"search_term_string"}}],"inLanguage":"tr"},{"@type":"Person","@id":"https:\/\/kibrisdakik.com\/#\/schema\/person\/9cd9d437bbb44f72b73ba127e06d8e79","name":"admin","image":{"@type":"ImageObject","inLanguage":"tr","@id":"https:\/\/secure.gravatar.com\/avatar\/ccc17943b9d660506c869530f897617f7cb1c21a4bf30023f252596d83e1f007?s=96&d=mm&r=g","url":"https:\/\/secure.gravatar.com\/avatar\/ccc17943b9d660506c869530f897617f7cb1c21a4bf30023f252596d83e1f007?s=96&d=mm&r=g","contentUrl":"https:\/\/secure.gravatar.com\/avatar\/ccc17943b9d660506c869530f897617f7cb1c21a4bf30023f252596d83e1f007?s=96&d=mm&r=g","caption":"admin"},"sameAs":["https:\/\/kibrisdakik.com"],"url":"https:\/\/kibrisdakik.com\/?author=1"}]}},"_links":{"self":[{"href":"https:\/\/kibrisdakik.com\/index.php?rest_route=\/wp\/v2\/posts\/55458","targetHints":{"allow":["GET"]}}],"collection":[{"href":"https:\/\/kibrisdakik.com\/index.php?rest_route=\/wp\/v2\/posts"}],"about":[{"href":"https:\/\/kibrisdakik.com\/index.php?rest_route=\/wp\/v2\/types\/post"}],"author":[{"embeddable":true,"href":"https:\/\/kibrisdakik.com\/index.php?rest_route=\/wp\/v2\/users\/1"}],"replies":[{"embeddable":true,"href":"https:\/\/kibrisdakik.com\/index.php?rest_route=%2Fwp%2Fv2%2Fcomments&post=55458"}],"version-history":[{"count":0,"href":"https:\/\/kibrisdakik.com\/index.php?rest_route=\/wp\/v2\/posts\/55458\/revisions"}],"wp:featuredmedia":[{"embeddable":true,"href":"https:\/\/kibrisdakik.com\/index.php?rest_route=\/wp\/v2\/media\/55459"}],"wp:attachment":[{"href":"https:\/\/kibrisdakik.com\/index.php?rest_route=%2Fwp%2Fv2%2Fmedia&parent=55458"}],"wp:term":[{"taxonomy":"category","embeddable":true,"href":"https:\/\/kibrisdakik.com\/index.php?rest_route=%2Fwp%2Fv2%2Fcategories&post=55458"},{"taxonomy":"post_tag","embeddable":true,"href":"https:\/\/kibrisdakik.com\/index.php?rest_route=%2Fwp%2Fv2%2Ftags&post=55458"}],"curies":[{"name":"wp","href":"https:\/\/api.w.org\/{rel}","templated":true}]}}