{"id":55511,"date":"2024-08-19T21:40:35","date_gmt":"2024-08-19T18:40:35","guid":{"rendered":"https:\/\/kibrisdakik.com\/index.php\/2024\/08\/19\/cumhurba%e1%b9%a3kani-tatarrum-liderligi-ekonomimizi-cokertmeye-yonelik-abluka-siyasetinin-odagina-bu-kez-turizm-sektorumuzu-koydu\/"},"modified":"2024-08-19T21:40:35","modified_gmt":"2024-08-19T18:40:35","slug":"cumhurba%e1%b9%a3kani-tatarrum-liderligi-ekonomimizi-cokertmeye-yonelik-abluka-siyasetinin-odagina-bu-kez-turizm-sektorumuzu-koydu","status":"publish","type":"post","link":"https:\/\/kibrisdakik.com\/?p=55511","title":{"rendered":"Cumhurba\u1e63kan\u0131 Tatar:Rum Liderli\u011fi, ekonomimizi \u00e7\u00f6kertmeye y\u00f6nelik abluka siyasetinin oda\u011f\u0131na bu kez turizm sekt\u00f6r\u00fcm\u00fcz\u00fc koydu"},"content":{"rendered":"<div>\n<div class=\"mariselle-image-container center\">\n                                            <\/div>\n<p>Cumhurba\u015fkan\u0131 Ersin Tatar, Rum Liderli\u011finin turizm sekt\u00f6r\u00fcm\u00fcz\u00fc hedef alan d\u00fc\u015fmanca giri\u015fimine ili\u015fkin a\u00e7\u0131klama yapt\u0131<\/p>\n<p>Cumhurba\u015fkan\u0131 Ersin Tatar a\u00e7\u0131klamas\u0131nda \u015fu ifadelere yer verdi: <\/p>\n<p>\u201cRum Liderli\u011fi, ekonomimizi \u00e7\u00f6kertmeye y\u00f6nelik \u201cabluka siyasetinin\u201d oda\u011f\u0131na bu kez turizm sekt\u00f6r\u00fcm\u00fcz\u00fc koymu\u015ftur.  Buna g\u00f6re, \u00fclkemizde tatil yapmak isteyen, AB vatanda\u015flar\u0131 da dahil olmak \u00fczere, \u00f6nceden rezervasyon yapm\u0131\u015f olan ki\u015filerin ge\u00e7i\u015fini tamamen yasa d\u0131\u015f\u0131 bir \u015fekilde engellemeye y\u00f6nelik ad\u0131mlar atmaktad\u0131r. Rum y\u00f6netimi, bu siyasetini \u0130lgili tur operat\u00f6rlerine \u015fantaj yaparak y\u00fcr\u00fctmektedir. <\/p>\n<p>Bu durum ba\u015fta Rum Lideri ve dolay\u0131s\u0131yla GKRY\u2019nin,  K\u0131br\u0131s adas\u0131n\u0131n gelece\u011fine dair ger\u00e7ek niyetini bir kez daha ortaya koymaktad\u0131r. <\/p>\n<p>Rum Liderli\u011fi, 61 y\u0131ld\u0131r devam ettirdi\u011fi bask\u0131c\u0131 ve K\u0131br\u0131s T\u00fcrk halk\u0131n\u0131n temel insan haklar\u0131n\u0131 ihlal eden izolasyon zulm\u00fc siyasetini s\u00fcrd\u00fcrmekte ve \u00f6zellikle ge\u00e7ti\u011fimiz Ocak ay\u0131ndan bu yana bu siyasetini ileriye g\u00f6t\u00fcrme pahas\u0131na uluslararas\u0131 hukuku ayaklar alt\u0131na almaktad\u0131r. <\/p>\n<p>Ge\u00e7ti\u011fimiz hafta itibar\u0131yla sekt\u00f6r temsilcileri ve turizm \u00f6rg\u00fctlerimizle yap\u0131lan isti\u015fareler \u00fczerine, Avrupa Birli\u011fi de dahil olmak \u00fczere, ilgili uluslararas\u0131 taraflarla temasa ge\u00e7ilmi\u015f ve Rum taraf\u0131n\u0131n bu d\u00fc\u015fmanl\u0131k i\u00e7eren siyasetine m\u00fcdahale \u00e7a\u011fr\u0131s\u0131 yap\u0131lm\u0131\u015ft\u0131r. <\/p>\n<p>\u00dclkemizdeki ta\u015f\u0131nmaz mal yat\u0131r\u0131mlar\u0131 ile \u00fcniversitelerimizi yok etmeye y\u00f6nelik s\u00fcrd\u00fcrd\u00fckleri ve 1963 sonras\u0131n\u0131 aratmayan abluka siyasetini bu kez de turizm sekt\u00f6r\u00fcm\u00fcz\u00fc i\u00e7ine alacak \u015fekilde geni\u015fleten Rum Liderli\u011fini bu \u00e7a\u011f d\u0131\u015f\u0131 siyasetine son vermeye \u00e7a\u011f\u0131r\u0131yorum. <\/p>\n<p>K\u0131br\u0131s adas\u0131nda bug\u00fcn en fazla ihtiya\u00e7 duydu\u011fumuz, iki taraf aras\u0131nda i\u015fbirli\u011fi ortam\u0131n\u0131n tesis edilmesidir. Rum Liderini, bu ilkel siyasetinden vazge\u00e7meye ve ileriye do\u011fru yeni i\u015fbirliklerinin tesisine y\u00f6nelik ad\u0131m atmaya davet ediyorum. <\/p>\n<p>Halk\u0131m\u0131n hak ve \u00e7\u0131karlar\u0131n\u0131 her platformda korumakla m\u00fckellef bir Cumhurba\u015fkan\u0131 olarak, AB de dahil olmak \u00fczere ilgili uluslararas\u0131 \u00e7evreler nezdinde konunun yak\u0131ndan takip\u00e7isi olaca\u011f\u0131m.\u201d<\/p>\n<\/p><\/div>\n<p><script async\n                    defer\n                    crossorigin=\"anonymous\"\n                    src=\"https:\/\/connect.facebook.net\/tr_TR\/sdk.js#xfbml=1&#038;version=v3.3\"\n            ><\/script><\/p>\n","protected":false},"excerpt":{"rendered":"<p>Cumhurba\u015fkan\u0131 Ersin Tatar, Rum Liderli\u011finin turizm sekt\u00f6r\u00fcm\u00fcz\u00fc hedef alan d\u00fc\u015fmanca giri\u015fimine ili\u015fkin a\u00e7\u0131klama yapt\u0131 Cumhurba\u015fkan\u0131 Ersin Tatar a\u00e7\u0131klamas\u0131nda \u015fu ifadelere yer verdi: \u201cRum Liderli\u011fi, ekonomimizi \u00e7\u00f6kertmeye y\u00f6nelik \u201cabluka siyasetinin\u201d oda\u011f\u0131na bu kez turizm sekt\u00f6r\u00fcm\u00fcz\u00fc koymu\u015ftur. Buna g\u00f6re, \u00fclkemizde tatil yapmak isteyen, AB vatanda\u015flar\u0131 da dahil olmak \u00fczere, \u00f6nceden rezervasyon yapm\u0131\u015f olan ki\u015filerin ge\u00e7i\u015fini tamamen yasa<\/p>\n","protected":false},"author":1,"featured_media":55512,"comment_status":"open","ping_status":"open","sticky":false,"template":"","format":"standard","meta":{"footnotes":""},"categories":[81],"tags":[],"class_list":["post-55511","post","type-post","status-publish","format-standard","has-post-thumbnail","hentry","category-kibris"],"yoast_head":"<!-- This site is optimized with the Yoast SEO plugin v28.3 - https:\/\/yoast.com\/product\/yoast-seo-wordpress\/ -->\n<title>Cumhurba\u1e63kan\u0131 Tatar:Rum Liderli\u011fi, ekonomimizi \u00e7\u00f6kertmeye y\u00f6nelik abluka siyasetinin oda\u011f\u0131na bu kez turizm sekt\u00f6r\u00fcm\u00fcz\u00fc koydu -<\/title>\n<meta name=\"robots\" content=\"index, follow, max-snippet:-1, max-image-preview:large, max-video-preview:-1\" \/>\n<link rel=\"canonical\" href=\"https:\/\/kibrisdakik.com\/?p=55511\" \/>\n<meta property=\"og:locale\" content=\"tr_TR\" \/>\n<meta property=\"og:type\" content=\"article\" \/>\n<meta property=\"og:title\" content=\"Cumhurba\u1e63kan\u0131 Tatar:Rum Liderli\u011fi, ekonomimizi \u00e7\u00f6kertmeye y\u00f6nelik abluka siyasetinin oda\u011f\u0131na bu kez turizm sekt\u00f6r\u00fcm\u00fcz\u00fc koydu -\" \/>\n<meta property=\"og:description\" content=\"Cumhurba\u015fkan\u0131 Ersin Tatar, Rum Liderli\u011finin turizm sekt\u00f6r\u00fcm\u00fcz\u00fc hedef alan d\u00fc\u015fmanca giri\u015fimine ili\u015fkin a\u00e7\u0131klama yapt\u0131 Cumhurba\u015fkan\u0131 Ersin Tatar a\u00e7\u0131klamas\u0131nda \u015fu ifadelere yer verdi: \u201cRum Liderli\u011fi, ekonomimizi \u00e7\u00f6kertmeye y\u00f6nelik \u201cabluka siyasetinin\u201d oda\u011f\u0131na bu kez turizm sekt\u00f6r\u00fcm\u00fcz\u00fc koymu\u015ftur. Buna g\u00f6re, \u00fclkemizde tatil yapmak isteyen, AB vatanda\u015flar\u0131 da dahil olmak \u00fczere, \u00f6nceden rezervasyon yapm\u0131\u015f olan ki\u015filerin ge\u00e7i\u015fini tamamen yasa\" \/>\n<meta property=\"og:url\" content=\"https:\/\/kibrisdakik.com\/?p=55511\" \/>\n<meta property=\"article:published_time\" content=\"2024-08-19T18:40:35+00:00\" \/>\n<meta property=\"og:image\" content=\"https:\/\/kibrisdakik.com\/wp-content\/uploads\/2024\/08\/tatar511-740x420.jpg\" \/>\n\t<meta property=\"og:image:width\" content=\"1024\" \/>\n\t<meta property=\"og:image:height\" content=\"682\" \/>\n\t<meta property=\"og:image:type\" content=\"image\/jpeg\" \/>\n<meta name=\"author\" content=\"admin\" \/>\n<meta name=\"twitter:card\" content=\"summary_large_image\" \/>\n<meta name=\"twitter:label1\" content=\"Yazan:\" \/>\n\t<meta name=\"twitter:data1\" content=\"admin\" \/>\n\t<meta name=\"twitter:label2\" content=\"Tahmini okuma s\u00fcresi\" \/>\n\t<meta name=\"twitter:data2\" content=\"2 dakika\" \/>\n<script type=\"application\/ld+json\" class=\"yoast-schema-graph\">{\"@context\":\"https:\\\/\\\/schema.org\",\"@graph\":[{\"@type\":\"Article\",\"@id\":\"https:\\\/\\\/kibrisdakik.com\\\/?p=55511#article\",\"isPartOf\":{\"@id\":\"https:\\\/\\\/kibrisdakik.com\\\/?p=55511\"},\"author\":{\"name\":\"admin\",\"@id\":\"https:\\\/\\\/kibrisdakik.com\\\/#\\\/schema\\\/person\\\/9cd9d437bbb44f72b73ba127e06d8e79\"},\"headline\":\"Cumhurba\u1e63kan\u0131 Tatar:Rum Liderli\u011fi, ekonomimizi \u00e7\u00f6kertmeye y\u00f6nelik abluka siyasetinin oda\u011f\u0131na bu kez turizm sekt\u00f6r\u00fcm\u00fcz\u00fc koydu\",\"datePublished\":\"2024-08-19T18:40:35+00:00\",\"mainEntityOfPage\":{\"@id\":\"https:\\\/\\\/kibrisdakik.com\\\/?p=55511\"},\"wordCount\":391,\"commentCount\":0,\"publisher\":{\"@id\":\"https:\\\/\\\/kibrisdakik.com\\\/#organization\"},\"image\":{\"@id\":\"https:\\\/\\\/kibrisdakik.com\\\/?p=55511#primaryimage\"},\"thumbnailUrl\":\"https:\\\/\\\/kibrisdakik.com\\\/wp-content\\\/uploads\\\/2024\\\/08\\\/tatar511-740x420.jpg\",\"articleSection\":[\"K\u0131br\u0131s\"],\"inLanguage\":\"tr\",\"potentialAction\":[{\"@type\":\"CommentAction\",\"name\":\"Comment\",\"target\":[\"https:\\\/\\\/kibrisdakik.com\\\/?p=55511#respond\"]}]},{\"@type\":\"WebPage\",\"@id\":\"https:\\\/\\\/kibrisdakik.com\\\/?p=55511\",\"url\":\"https:\\\/\\\/kibrisdakik.com\\\/?p=55511\",\"name\":\"Cumhurba\u1e63kan\u0131 Tatar:Rum Liderli\u011fi, ekonomimizi \u00e7\u00f6kertmeye y\u00f6nelik abluka siyasetinin oda\u011f\u0131na bu kez turizm sekt\u00f6r\u00fcm\u00fcz\u00fc koydu -\",\"isPartOf\":{\"@id\":\"https:\\\/\\\/kibrisdakik.com\\\/#website\"},\"primaryImageOfPage\":{\"@id\":\"https:\\\/\\\/kibrisdakik.com\\\/?p=55511#primaryimage\"},\"image\":{\"@id\":\"https:\\\/\\\/kibrisdakik.com\\\/?p=55511#primaryimage\"},\"thumbnailUrl\":\"https:\\\/\\\/kibrisdakik.com\\\/wp-content\\\/uploads\\\/2024\\\/08\\\/tatar511-740x420.jpg\",\"datePublished\":\"2024-08-19T18:40:35+00:00\",\"breadcrumb\":{\"@id\":\"https:\\\/\\\/kibrisdakik.com\\\/?p=55511#breadcrumb\"},\"inLanguage\":\"tr\",\"potentialAction\":[{\"@type\":\"ReadAction\",\"target\":[\"https:\\\/\\\/kibrisdakik.com\\\/?p=55511\"]}]},{\"@type\":\"ImageObject\",\"inLanguage\":\"tr\",\"@id\":\"https:\\\/\\\/kibrisdakik.com\\\/?p=55511#primaryimage\",\"url\":\"https:\\\/\\\/kibrisdakik.com\\\/wp-content\\\/uploads\\\/2024\\\/08\\\/tatar511-740x420.jpg\",\"contentUrl\":\"https:\\\/\\\/kibrisdakik.com\\\/wp-content\\\/uploads\\\/2024\\\/08\\\/tatar511-740x420.jpg\",\"width\":1024,\"height\":682},{\"@type\":\"BreadcrumbList\",\"@id\":\"https:\\\/\\\/kibrisdakik.com\\\/?p=55511#breadcrumb\",\"itemListElement\":[{\"@type\":\"ListItem\",\"position\":1,\"name\":\"Home\",\"item\":\"https:\\\/\\\/kibrisdakik.com\\\/\"},{\"@type\":\"ListItem\",\"position\":2,\"name\":\"Cumhurba\u1e63kan\u0131 Tatar:Rum Liderli\u011fi, ekonomimizi \u00e7\u00f6kertmeye y\u00f6nelik abluka siyasetinin oda\u011f\u0131na bu kez turizm sekt\u00f6r\u00fcm\u00fcz\u00fc koydu\"}]},{\"@type\":\"WebSite\",\"@id\":\"https:\\\/\\\/kibrisdakik.com\\\/#website\",\"url\":\"https:\\\/\\\/kibrisdakik.com\\\/\",\"name\":\"K\u0131br\u0131s Dakik\",\"description\":\"Tam vaktinde haber\",\"publisher\":{\"@id\":\"https:\\\/\\\/kibrisdakik.com\\\/#organization\"},\"potentialAction\":[{\"@type\":\"SearchAction\",\"target\":{\"@type\":\"EntryPoint\",\"urlTemplate\":\"https:\\\/\\\/kibrisdakik.com\\\/?s={search_term_string}\"},\"query-input\":{\"@type\":\"PropertyValueSpecification\",\"valueRequired\":true,\"valueName\":\"search_term_string\"}}],\"inLanguage\":\"tr\"},{\"@type\":\"Organization\",\"@id\":\"https:\\\/\\\/kibrisdakik.com\\\/#organization\",\"name\":\"K\u0131br\u0131s Dakik\",\"url\":\"https:\\\/\\\/kibrisdakik.com\\\/\",\"logo\":{\"@type\":\"ImageObject\",\"inLanguage\":\"tr\",\"@id\":\"https:\\\/\\\/kibrisdakik.com\\\/#\\\/schema\\\/logo\\\/image\\\/\",\"url\":\"https:\\\/\\\/kibrisdakik.com\\\/wp-content\\\/uploads\\\/2025\\\/10\\\/cropped-WhatsApp-Image-2025-10-02-at-12.58.31.jpeg\",\"contentUrl\":\"https:\\\/\\\/kibrisdakik.com\\\/wp-content\\\/uploads\\\/2025\\\/10\\\/cropped-WhatsApp-Image-2025-10-02-at-12.58.31.jpeg\",\"width\":1237,\"height\":190,\"caption\":\"K\u0131br\u0131s Dakik\"},\"image\":{\"@id\":\"https:\\\/\\\/kibrisdakik.com\\\/#\\\/schema\\\/logo\\\/image\\\/\"}},{\"@type\":\"Person\",\"@id\":\"https:\\\/\\\/kibrisdakik.com\\\/#\\\/schema\\\/person\\\/9cd9d437bbb44f72b73ba127e06d8e79\",\"name\":\"admin\",\"image\":{\"@type\":\"ImageObject\",\"inLanguage\":\"tr\",\"@id\":\"https:\\\/\\\/secure.gravatar.com\\\/avatar\\\/ccc17943b9d660506c869530f897617f7cb1c21a4bf30023f252596d83e1f007?s=96&d=mm&r=g\",\"url\":\"https:\\\/\\\/secure.gravatar.com\\\/avatar\\\/ccc17943b9d660506c869530f897617f7cb1c21a4bf30023f252596d83e1f007?s=96&d=mm&r=g\",\"contentUrl\":\"https:\\\/\\\/secure.gravatar.com\\\/avatar\\\/ccc17943b9d660506c869530f897617f7cb1c21a4bf30023f252596d83e1f007?s=96&d=mm&r=g\",\"caption\":\"admin\"},\"sameAs\":[\"https:\\\/\\\/kibrisdakik.com\"],\"url\":\"https:\\\/\\\/kibrisdakik.com\\\/?author=1\"}]}<\/script>\n<!-- \/ Yoast SEO plugin. -->","yoast_head_json":{"title":"Cumhurba\u1e63kan\u0131 Tatar:Rum Liderli\u011fi, ekonomimizi \u00e7\u00f6kertmeye y\u00f6nelik abluka siyasetinin oda\u011f\u0131na bu kez turizm sekt\u00f6r\u00fcm\u00fcz\u00fc koydu -","robots":{"index":"index","follow":"follow","max-snippet":"max-snippet:-1","max-image-preview":"max-image-preview:large","max-video-preview":"max-video-preview:-1"},"canonical":"https:\/\/kibrisdakik.com\/?p=55511","og_locale":"tr_TR","og_type":"article","og_title":"Cumhurba\u1e63kan\u0131 Tatar:Rum Liderli\u011fi, ekonomimizi \u00e7\u00f6kertmeye y\u00f6nelik abluka siyasetinin oda\u011f\u0131na bu kez turizm sekt\u00f6r\u00fcm\u00fcz\u00fc koydu -","og_description":"Cumhurba\u015fkan\u0131 Ersin Tatar, Rum Liderli\u011finin turizm sekt\u00f6r\u00fcm\u00fcz\u00fc hedef alan d\u00fc\u015fmanca giri\u015fimine ili\u015fkin a\u00e7\u0131klama yapt\u0131 Cumhurba\u015fkan\u0131 Ersin Tatar a\u00e7\u0131klamas\u0131nda \u015fu ifadelere yer verdi: \u201cRum Liderli\u011fi, ekonomimizi \u00e7\u00f6kertmeye y\u00f6nelik \u201cabluka siyasetinin\u201d oda\u011f\u0131na bu kez turizm sekt\u00f6r\u00fcm\u00fcz\u00fc koymu\u015ftur. Buna g\u00f6re, \u00fclkemizde tatil yapmak isteyen, AB vatanda\u015flar\u0131 da dahil olmak \u00fczere, \u00f6nceden rezervasyon yapm\u0131\u015f olan ki\u015filerin ge\u00e7i\u015fini tamamen yasa","og_url":"https:\/\/kibrisdakik.com\/?p=55511","article_published_time":"2024-08-19T18:40:35+00:00","og_image":[{"width":1024,"height":682,"url":"https:\/\/kibrisdakik.com\/wp-content\/uploads\/2024\/08\/tatar511-740x420.jpg","type":"image\/jpeg"}],"author":"admin","twitter_card":"summary_large_image","twitter_misc":{"Yazan:":"admin","Tahmini okuma s\u00fcresi":"2 dakika"},"schema":{"@context":"https:\/\/schema.org","@graph":[{"@type":"Article","@id":"https:\/\/kibrisdakik.com\/?p=55511#article","isPartOf":{"@id":"https:\/\/kibrisdakik.com\/?p=55511"},"author":{"name":"admin","@id":"https:\/\/kibrisdakik.com\/#\/schema\/person\/9cd9d437bbb44f72b73ba127e06d8e79"},"headline":"Cumhurba\u1e63kan\u0131 Tatar:Rum Liderli\u011fi, ekonomimizi \u00e7\u00f6kertmeye y\u00f6nelik abluka siyasetinin oda\u011f\u0131na bu kez turizm sekt\u00f6r\u00fcm\u00fcz\u00fc koydu","datePublished":"2024-08-19T18:40:35+00:00","mainEntityOfPage":{"@id":"https:\/\/kibrisdakik.com\/?p=55511"},"wordCount":391,"commentCount":0,"publisher":{"@id":"https:\/\/kibrisdakik.com\/#organization"},"image":{"@id":"https:\/\/kibrisdakik.com\/?p=55511#primaryimage"},"thumbnailUrl":"https:\/\/kibrisdakik.com\/wp-content\/uploads\/2024\/08\/tatar511-740x420.jpg","articleSection":["K\u0131br\u0131s"],"inLanguage":"tr","potentialAction":[{"@type":"CommentAction","name":"Comment","target":["https:\/\/kibrisdakik.com\/?p=55511#respond"]}]},{"@type":"WebPage","@id":"https:\/\/kibrisdakik.com\/?p=55511","url":"https:\/\/kibrisdakik.com\/?p=55511","name":"Cumhurba\u1e63kan\u0131 Tatar:Rum Liderli\u011fi, ekonomimizi \u00e7\u00f6kertmeye y\u00f6nelik abluka siyasetinin oda\u011f\u0131na bu kez turizm sekt\u00f6r\u00fcm\u00fcz\u00fc koydu -","isPartOf":{"@id":"https:\/\/kibrisdakik.com\/#website"},"primaryImageOfPage":{"@id":"https:\/\/kibrisdakik.com\/?p=55511#primaryimage"},"image":{"@id":"https:\/\/kibrisdakik.com\/?p=55511#primaryimage"},"thumbnailUrl":"https:\/\/kibrisdakik.com\/wp-content\/uploads\/2024\/08\/tatar511-740x420.jpg","datePublished":"2024-08-19T18:40:35+00:00","breadcrumb":{"@id":"https:\/\/kibrisdakik.com\/?p=55511#breadcrumb"},"inLanguage":"tr","potentialAction":[{"@type":"ReadAction","target":["https:\/\/kibrisdakik.com\/?p=55511"]}]},{"@type":"ImageObject","inLanguage":"tr","@id":"https:\/\/kibrisdakik.com\/?p=55511#primaryimage","url":"https:\/\/kibrisdakik.com\/wp-content\/uploads\/2024\/08\/tatar511-740x420.jpg","contentUrl":"https:\/\/kibrisdakik.com\/wp-content\/uploads\/2024\/08\/tatar511-740x420.jpg","width":1024,"height":682},{"@type":"BreadcrumbList","@id":"https:\/\/kibrisdakik.com\/?p=55511#breadcrumb","itemListElement":[{"@type":"ListItem","position":1,"name":"Home","item":"https:\/\/kibrisdakik.com\/"},{"@type":"ListItem","position":2,"name":"Cumhurba\u1e63kan\u0131 Tatar:Rum Liderli\u011fi, ekonomimizi \u00e7\u00f6kertmeye y\u00f6nelik abluka siyasetinin oda\u011f\u0131na bu kez turizm sekt\u00f6r\u00fcm\u00fcz\u00fc koydu"}]},{"@type":"WebSite","@id":"https:\/\/kibrisdakik.com\/#website","url":"https:\/\/kibrisdakik.com\/","name":"K\u0131br\u0131s Dakik","description":"Tam vaktinde haber","publisher":{"@id":"https:\/\/kibrisdakik.com\/#organization"},"potentialAction":[{"@type":"SearchAction","target":{"@type":"EntryPoint","urlTemplate":"https:\/\/kibrisdakik.com\/?s={search_term_string}"},"query-input":{"@type":"PropertyValueSpecification","valueRequired":true,"valueName":"search_term_string"}}],"inLanguage":"tr"},{"@type":"Organization","@id":"https:\/\/kibrisdakik.com\/#organization","name":"K\u0131br\u0131s Dakik","url":"https:\/\/kibrisdakik.com\/","logo":{"@type":"ImageObject","inLanguage":"tr","@id":"https:\/\/kibrisdakik.com\/#\/schema\/logo\/image\/","url":"https:\/\/kibrisdakik.com\/wp-content\/uploads\/2025\/10\/cropped-WhatsApp-Image-2025-10-02-at-12.58.31.jpeg","contentUrl":"https:\/\/kibrisdakik.com\/wp-content\/uploads\/2025\/10\/cropped-WhatsApp-Image-2025-10-02-at-12.58.31.jpeg","width":1237,"height":190,"caption":"K\u0131br\u0131s Dakik"},"image":{"@id":"https:\/\/kibrisdakik.com\/#\/schema\/logo\/image\/"}},{"@type":"Person","@id":"https:\/\/kibrisdakik.com\/#\/schema\/person\/9cd9d437bbb44f72b73ba127e06d8e79","name":"admin","image":{"@type":"ImageObject","inLanguage":"tr","@id":"https:\/\/secure.gravatar.com\/avatar\/ccc17943b9d660506c869530f897617f7cb1c21a4bf30023f252596d83e1f007?s=96&d=mm&r=g","url":"https:\/\/secure.gravatar.com\/avatar\/ccc17943b9d660506c869530f897617f7cb1c21a4bf30023f252596d83e1f007?s=96&d=mm&r=g","contentUrl":"https:\/\/secure.gravatar.com\/avatar\/ccc17943b9d660506c869530f897617f7cb1c21a4bf30023f252596d83e1f007?s=96&d=mm&r=g","caption":"admin"},"sameAs":["https:\/\/kibrisdakik.com"],"url":"https:\/\/kibrisdakik.com\/?author=1"}]}},"_links":{"self":[{"href":"https:\/\/kibrisdakik.com\/index.php?rest_route=\/wp\/v2\/posts\/55511","targetHints":{"allow":["GET"]}}],"collection":[{"href":"https:\/\/kibrisdakik.com\/index.php?rest_route=\/wp\/v2\/posts"}],"about":[{"href":"https:\/\/kibrisdakik.com\/index.php?rest_route=\/wp\/v2\/types\/post"}],"author":[{"embeddable":true,"href":"https:\/\/kibrisdakik.com\/index.php?rest_route=\/wp\/v2\/users\/1"}],"replies":[{"embeddable":true,"href":"https:\/\/kibrisdakik.com\/index.php?rest_route=%2Fwp%2Fv2%2Fcomments&post=55511"}],"version-history":[{"count":0,"href":"https:\/\/kibrisdakik.com\/index.php?rest_route=\/wp\/v2\/posts\/55511\/revisions"}],"wp:featuredmedia":[{"embeddable":true,"href":"https:\/\/kibrisdakik.com\/index.php?rest_route=\/wp\/v2\/media\/55512"}],"wp:attachment":[{"href":"https:\/\/kibrisdakik.com\/index.php?rest_route=%2Fwp%2Fv2%2Fmedia&parent=55511"}],"wp:term":[{"taxonomy":"category","embeddable":true,"href":"https:\/\/kibrisdakik.com\/index.php?rest_route=%2Fwp%2Fv2%2Fcategories&post=55511"},{"taxonomy":"post_tag","embeddable":true,"href":"https:\/\/kibrisdakik.com\/index.php?rest_route=%2Fwp%2Fv2%2Ftags&post=55511"}],"curies":[{"name":"wp","href":"https:\/\/api.w.org\/{rel}","templated":true}]}}