{"id":55517,"date":"2024-08-19T21:48:59","date_gmt":"2024-08-19T18:48:59","guid":{"rendered":"https:\/\/kibrisdakik.com\/index.php\/2024\/08\/19\/tacoy-orgut-secimlerinin-hic-birinde-taraf-olmadim\/"},"modified":"2024-08-19T21:48:59","modified_gmt":"2024-08-19T18:48:59","slug":"tacoy-orgut-secimlerinin-hic-birinde-taraf-olmadim","status":"publish","type":"post","link":"https:\/\/kibrisdakik.com\/?p=55517","title":{"rendered":"Ta\u00e7oy: \u201c\u00d6rg\u00fct se\u00e7imlerinin hi\u00e7 birinde taraf olmad\u0131m\u201d"},"content":{"rendered":"<div>\n<div class=\"mariselle-image-container center\">\n                                            <\/div>\n<p>Ulusal Birlik Partisi (UBP) Genel Ba\u015fkan Aday\u0131 Hasan Ta\u00e7oy, UBP il\u00e7e \u00f6rg\u00fctleri se\u00e7imlerinde hi\u00e7bir aday i\u00e7in taraf olmad\u0131\u011f\u0131n\u0131 vurgulayarak, 21 Eyl\u00fcl\u2019de se\u00e7ilecek genel ba\u015fkan\u0131n bu ki\u015filerle \u00e7al\u0131\u015faca\u011f\u0131n\u0131 an\u0131msatt\u0131.<\/p>\n<p>Hasan Ta\u00e7oy ofisinden yap\u0131lan a\u00e7\u0131klamaya g\u00f6re, Genel Ba\u015fkan Aday\u0131 Hasan Ta\u00e7oy, Gen\u00e7 TV\u2019de kat\u0131ld\u0131\u011f\u0131 programda Muazzez Gazihan\u2019\u0131n g\u00fcndeme ili\u015fkin sorular\u0131n\u0131 yan\u0131tlad\u0131.<\/p>\n<p>UBP\u2019nin \u015fu an bir demokrasi s\u0131nav\u0131 vermekte oldu\u011funun belirten Ta\u00e7oy, il\u00e7e \u00f6rg\u00fctleri se\u00e7iminde taban\u0131n gelip oy kulland\u0131\u011f\u0131 sand\u0131klardan \u00e7\u0131kan sonu\u00e7lar\u0131n bir yer hari\u00e7 hi\u00e7birisinin kendisine s\u00fcrpriz olmad\u0131\u011f\u0131n\u0131 s\u00f6yledi.<\/p>\n<p>Ta\u00e7oy, il\u00e7e \u00f6rg\u00fctleri se\u00e7iminde hi\u00e7bir yerde hi\u00e7bir aday i\u00e7in farkl\u0131 bir \u00e7al\u0131\u015fma yapmad\u0131\u011f\u0131n\u0131n ve taraf olmad\u0131\u011f\u0131n\u0131n alt\u0131n\u0131 \u00e7izerek, bunun nedenini \u201cGenel ba\u015fkan olacak bir aday alt kademede se\u00e7ilen kim olursa olsun onunla birlikte hareket etmek durumundad\u0131r. UBP bir demokratik yar\u0131\u015f ya\u015farken arkada\u015flar\u0131m\u0131z iyisiyle ve k\u00f6t\u00fcs\u00fcyle bir se\u00e7im kazanacak ya da kaybedecek. Rekabet bir g\u00fcnl\u00fck rekabettir. Rekabet biter ve d\u00fc\u015fmanl\u0131k diye bir \u015fey olmaz. Siyasette s\u00fcrekli d\u00fc\u015fmanl\u0131k diye bir olgunun olmad\u0131\u011f\u0131n\u0131 s\u00fcrekli dile getirmekteyim. Bir rekabet ortam\u0131 vard\u0131r, o rekabet ya\u015fan\u0131r ve biter. Bundan sonra en b\u00fcy\u00fck g\u00fcc\u00fcm\u00fcz, partimizin ad\u0131nda da olan birli\u011fimizdir.\u201d \u015feklinde aktard\u0131.<\/p>\n<p>\u201cHerhangi bir il\u00e7ede iddia edildi\u011fi gibi ya da gazete man\u015fetlerinde yer ald\u0131\u011f\u0131 \u015fekliyle \u00dcstel\u2019in adaylar\u0131 kazand\u0131 \u015feklindeki s\u00f6ylemlere ben kat\u0131lmam.\u201d diyen Ta\u00e7oy, \u00f6rg\u00fct se\u00e7imlerdeki kazanc\u0131n ki\u015filerin de\u011fil UBP\u2019nin kazanc\u0131 oldu\u011funu vurgulad\u0131.<\/p>\n<p>-\u201c\u0130ki il\u00e7ede adaylar, \u00dcstel\u2019in ba\u015fbakan koltu\u011funu kullanarak yapt\u0131\u011f\u0131 bask\u0131lar sonucunda \u00e7ekilmek zorunda kald\u0131\u201d<\/p>\n<p>Hasan Ta\u00e7oy, \u00fc\u00e7 il\u00e7ede aday bile \u00e7\u0131kmad\u0131\u011f\u0131n\u0131 ve tek aday\u0131n se\u00e7imsiz se\u00e7ildi\u011fini an\u0131msatarak, iki il\u00e7ede ise adaylar\u0131n \u00dcstel\u2019in ba\u015fbakan koltu\u011funu kullanarak yapt\u0131\u011f\u0131 bask\u0131lar sonucunda \u00e7ekilmek zorunda kald\u0131klar\u0131n\u0131 iddia etti.<\/p>\n<p>Lefko\u015fa\u2019da sadece gen\u00e7lik kollar\u0131 se\u00e7imi yap\u0131ld\u0131\u011f\u0131na i\u015faret eden Ta\u00e7oy, kad\u0131n kollar\u0131 ba\u015fkanl\u0131\u011f\u0131 i\u00e7in aday olan bir ismin, \u00fcyeli\u011finin zaman a\u00e7\u0131s\u0131ndan gereken yeterlili\u011fe eri\u015fmedi\u011fi i\u00e7in mahkeme taraf\u0131ndan adayl\u0131\u011f\u0131n\u0131n engellenmi\u015f oldu\u011funu hat\u0131rlatt\u0131.<\/p>\n<p>Ta\u00e7oy, bu noktaya en ba\u015f\u0131ndan beridir i\u015faret ettiklerini belirterek, \u201cAma ne yaz\u0131k ki mevcut y\u00f6netimde bir d\u00fc\u015f\u00fcnce yap\u0131s\u0131 var ve bu d\u00fc\u015f\u00fcnce yap\u0131s\u0131n\u0131n i\u00e7erisinde \u015fahsi ve menfi duygularla hareket edilmesinden dolay\u0131 mahkeme bir karar verdi ve bizim iddiam\u0131z\u0131 kabul etti. Bunun sonucunda da se\u00e7imlere 19 bine yak\u0131n bir \u00fcye ile gidildi. Bu bizim i\u00e7in bir kazan\u0131md\u0131r. Demokratik se\u00e7imlere bilinmeyen kurallarla gitmek do\u011fru ve ahlakl\u0131 bir davran\u0131\u015f de\u011fildir. Siyasi ahlaka ayk\u0131r\u0131 bir davran\u0131\u015ft\u0131r.\u201d diye konu\u015ftu.<\/p>\n<p>\u201cUBP\u2019de se\u00e7ilen arkada\u015flar sadece bir ki\u015fiyi de\u011fil UBP taban\u0131n\u0131 temsil eden arkada\u015flard\u0131r.\u201d diyen Ta\u00e7oy, 21 Eyl\u00fcl\u2019de se\u00e7ilecek genel ba\u015fkan\u0131n bu ki\u015filerle \u00e7al\u0131\u015faca\u011f\u0131n\u0131 an\u0131msatt\u0131.<\/p>\n<p>Ta\u00e7oy, \u201cKendimize g\u00f6re kurallar koymak sadece kendi menfi duygular\u0131m\u0131z\u0131 tatmin eder. Oysa bizim hedefimiz UBP\u2019ye g\u00f6n\u00fcl vermi\u015f olanlar\u0131n duygular\u0131n\u0131 tatmin etmektir. Sadece bir ki\u015finin ya da bir z\u00fcmrenin de\u011fil, d\u00fc\u015f\u00fcncesi her ne olursa olsun t\u00fcm UBP\u2019lilerin duygular\u0131n\u0131n tatmin edilmesi zorunlulu\u011fu vard\u0131r.\u201d dedi. \u201cHerkes ba\u015f\u0131n\u0131 iki elinin aras\u0131na als\u0131n\u201d diyen Ta\u00e7oy, durumdan memnun olmayanlar\u0131n gidece\u011fi alternatif bulundu\u011funu s\u00f6yledi.<\/p>\n<p>Hasan Ta\u00e7oy, \u201cBu demokratik yar\u0131\u015f\u0131n sonunda kazanan ki\u015filer olmaz. Bu yar\u0131\u015f\u0131n\u0131n sonunda kazanan partimiz ve \u00fclkemiz olur. UBP millettir, vatand\u0131r, devlettir. Bu devleti y\u00f6netecek olanlar da birlik ve beraberli\u011fin i\u00e7erisinden \u00e7\u0131kacak olanlard\u0131r.\u201d dedi.<\/p>\n<\/p><\/div>\n<p><script async\n                    defer\n                    crossorigin=\"anonymous\"\n                    src=\"https:\/\/connect.facebook.net\/tr_TR\/sdk.js#xfbml=1&#038;version=v3.3\"\n            ><\/script><\/p>\n","protected":false},"excerpt":{"rendered":"<p>Ulusal Birlik Partisi (UBP) Genel Ba\u015fkan Aday\u0131 Hasan Ta\u00e7oy, UBP il\u00e7e \u00f6rg\u00fctleri se\u00e7imlerinde hi\u00e7bir aday i\u00e7in taraf olmad\u0131\u011f\u0131n\u0131 vurgulayarak, 21 Eyl\u00fcl\u2019de se\u00e7ilecek genel ba\u015fkan\u0131n bu ki\u015filerle \u00e7al\u0131\u015faca\u011f\u0131n\u0131 an\u0131msatt\u0131. Hasan Ta\u00e7oy ofisinden yap\u0131lan a\u00e7\u0131klamaya g\u00f6re, Genel Ba\u015fkan Aday\u0131 Hasan Ta\u00e7oy, Gen\u00e7 TV\u2019de kat\u0131ld\u0131\u011f\u0131 programda Muazzez Gazihan\u2019\u0131n g\u00fcndeme ili\u015fkin sorular\u0131n\u0131 yan\u0131tlad\u0131. UBP\u2019nin \u015fu an bir demokrasi s\u0131nav\u0131<\/p>\n","protected":false},"author":1,"featured_media":55518,"comment_status":"open","ping_status":"open","sticky":false,"template":"","format":"standard","meta":{"footnotes":""},"categories":[81],"tags":[],"class_list":["post-55517","post","type-post","status-publish","format-standard","has-post-thumbnail","hentry","category-kibris"],"yoast_head":"<!-- This site is optimized with the Yoast SEO plugin v27.4 - https:\/\/yoast.com\/product\/yoast-seo-wordpress\/ -->\n<title>Ta\u00e7oy: \u201c\u00d6rg\u00fct se\u00e7imlerinin hi\u00e7 birinde taraf olmad\u0131m\u201d -<\/title>\n<meta name=\"robots\" content=\"index, follow, max-snippet:-1, max-image-preview:large, max-video-preview:-1\" \/>\n<link rel=\"canonical\" href=\"https:\/\/kibrisdakik.com\/?p=55517\" \/>\n<meta property=\"og:locale\" content=\"tr_TR\" \/>\n<meta property=\"og:type\" content=\"article\" \/>\n<meta property=\"og:title\" content=\"Ta\u00e7oy: \u201c\u00d6rg\u00fct se\u00e7imlerinin hi\u00e7 birinde taraf olmad\u0131m\u201d -\" \/>\n<meta property=\"og:description\" content=\"Ulusal Birlik Partisi (UBP) Genel Ba\u015fkan Aday\u0131 Hasan Ta\u00e7oy, UBP il\u00e7e \u00f6rg\u00fctleri se\u00e7imlerinde hi\u00e7bir aday i\u00e7in taraf olmad\u0131\u011f\u0131n\u0131 vurgulayarak, 21 Eyl\u00fcl\u2019de se\u00e7ilecek genel ba\u015fkan\u0131n bu ki\u015filerle \u00e7al\u0131\u015faca\u011f\u0131n\u0131 an\u0131msatt\u0131. Hasan Ta\u00e7oy ofisinden yap\u0131lan a\u00e7\u0131klamaya g\u00f6re, Genel Ba\u015fkan Aday\u0131 Hasan Ta\u00e7oy, Gen\u00e7 TV\u2019de kat\u0131ld\u0131\u011f\u0131 programda Muazzez Gazihan\u2019\u0131n g\u00fcndeme ili\u015fkin sorular\u0131n\u0131 yan\u0131tlad\u0131. UBP\u2019nin \u015fu an bir demokrasi s\u0131nav\u0131\" \/>\n<meta property=\"og:url\" content=\"https:\/\/kibrisdakik.com\/?p=55517\" \/>\n<meta property=\"article:published_time\" content=\"2024-08-19T18:48:59+00:00\" \/>\n<meta property=\"og:image\" content=\"https:\/\/kibrisdakik.com\/wp-content\/uploads\/2024\/08\/tacoy30-740x420.jpg\" \/>\n\t<meta property=\"og:image:width\" content=\"1079\" \/>\n\t<meta property=\"og:image:height\" content=\"720\" \/>\n\t<meta property=\"og:image:type\" content=\"image\/jpeg\" \/>\n<meta name=\"author\" content=\"admin\" \/>\n<meta name=\"twitter:card\" content=\"summary_large_image\" \/>\n<meta name=\"twitter:label1\" content=\"Yazan:\" \/>\n\t<meta name=\"twitter:data1\" content=\"admin\" \/>\n\t<meta name=\"twitter:label2\" content=\"Tahmini okuma s\u00fcresi\" \/>\n\t<meta name=\"twitter:data2\" content=\"3 dakika\" \/>\n<script type=\"application\/ld+json\" class=\"yoast-schema-graph\">{\"@context\":\"https:\\\/\\\/schema.org\",\"@graph\":[{\"@type\":\"Article\",\"@id\":\"https:\\\/\\\/kibrisdakik.com\\\/?p=55517#article\",\"isPartOf\":{\"@id\":\"https:\\\/\\\/kibrisdakik.com\\\/?p=55517\"},\"author\":{\"name\":\"admin\",\"@id\":\"https:\\\/\\\/kibrisdakik.com\\\/#\\\/schema\\\/person\\\/9cd9d437bbb44f72b73ba127e06d8e79\"},\"headline\":\"Ta\u00e7oy: \u201c\u00d6rg\u00fct se\u00e7imlerinin hi\u00e7 birinde taraf olmad\u0131m\u201d\",\"datePublished\":\"2024-08-19T18:48:59+00:00\",\"mainEntityOfPage\":{\"@id\":\"https:\\\/\\\/kibrisdakik.com\\\/?p=55517\"},\"wordCount\":695,\"commentCount\":0,\"image\":{\"@id\":\"https:\\\/\\\/kibrisdakik.com\\\/?p=55517#primaryimage\"},\"thumbnailUrl\":\"https:\\\/\\\/kibrisdakik.com\\\/wp-content\\\/uploads\\\/2024\\\/08\\\/tacoy30-740x420.jpg\",\"articleSection\":[\"K\u0131br\u0131s\"],\"inLanguage\":\"tr\",\"potentialAction\":[{\"@type\":\"CommentAction\",\"name\":\"Comment\",\"target\":[\"https:\\\/\\\/kibrisdakik.com\\\/?p=55517#respond\"]}]},{\"@type\":\"WebPage\",\"@id\":\"https:\\\/\\\/kibrisdakik.com\\\/?p=55517\",\"url\":\"https:\\\/\\\/kibrisdakik.com\\\/?p=55517\",\"name\":\"Ta\u00e7oy: \u201c\u00d6rg\u00fct se\u00e7imlerinin hi\u00e7 birinde taraf olmad\u0131m\u201d -\",\"isPartOf\":{\"@id\":\"https:\\\/\\\/kibrisdakik.com\\\/#website\"},\"primaryImageOfPage\":{\"@id\":\"https:\\\/\\\/kibrisdakik.com\\\/?p=55517#primaryimage\"},\"image\":{\"@id\":\"https:\\\/\\\/kibrisdakik.com\\\/?p=55517#primaryimage\"},\"thumbnailUrl\":\"https:\\\/\\\/kibrisdakik.com\\\/wp-content\\\/uploads\\\/2024\\\/08\\\/tacoy30-740x420.jpg\",\"datePublished\":\"2024-08-19T18:48:59+00:00\",\"author\":{\"@id\":\"https:\\\/\\\/kibrisdakik.com\\\/#\\\/schema\\\/person\\\/9cd9d437bbb44f72b73ba127e06d8e79\"},\"breadcrumb\":{\"@id\":\"https:\\\/\\\/kibrisdakik.com\\\/?p=55517#breadcrumb\"},\"inLanguage\":\"tr\",\"potentialAction\":[{\"@type\":\"ReadAction\",\"target\":[\"https:\\\/\\\/kibrisdakik.com\\\/?p=55517\"]}]},{\"@type\":\"ImageObject\",\"inLanguage\":\"tr\",\"@id\":\"https:\\\/\\\/kibrisdakik.com\\\/?p=55517#primaryimage\",\"url\":\"https:\\\/\\\/kibrisdakik.com\\\/wp-content\\\/uploads\\\/2024\\\/08\\\/tacoy30-740x420.jpg\",\"contentUrl\":\"https:\\\/\\\/kibrisdakik.com\\\/wp-content\\\/uploads\\\/2024\\\/08\\\/tacoy30-740x420.jpg\",\"width\":1079,\"height\":720},{\"@type\":\"BreadcrumbList\",\"@id\":\"https:\\\/\\\/kibrisdakik.com\\\/?p=55517#breadcrumb\",\"itemListElement\":[{\"@type\":\"ListItem\",\"position\":1,\"name\":\"Home\",\"item\":\"https:\\\/\\\/kibrisdakik.com\\\/\"},{\"@type\":\"ListItem\",\"position\":2,\"name\":\"Ta\u00e7oy: \u201c\u00d6rg\u00fct se\u00e7imlerinin hi\u00e7 birinde taraf olmad\u0131m\u201d\"}]},{\"@type\":\"WebSite\",\"@id\":\"https:\\\/\\\/kibrisdakik.com\\\/#website\",\"url\":\"https:\\\/\\\/kibrisdakik.com\\\/\",\"name\":\"\",\"description\":\"Tam vaktinde haber\",\"potentialAction\":[{\"@type\":\"SearchAction\",\"target\":{\"@type\":\"EntryPoint\",\"urlTemplate\":\"https:\\\/\\\/kibrisdakik.com\\\/?s={search_term_string}\"},\"query-input\":{\"@type\":\"PropertyValueSpecification\",\"valueRequired\":true,\"valueName\":\"search_term_string\"}}],\"inLanguage\":\"tr\"},{\"@type\":\"Person\",\"@id\":\"https:\\\/\\\/kibrisdakik.com\\\/#\\\/schema\\\/person\\\/9cd9d437bbb44f72b73ba127e06d8e79\",\"name\":\"admin\",\"image\":{\"@type\":\"ImageObject\",\"inLanguage\":\"tr\",\"@id\":\"https:\\\/\\\/secure.gravatar.com\\\/avatar\\\/ccc17943b9d660506c869530f897617f7cb1c21a4bf30023f252596d83e1f007?s=96&d=mm&r=g\",\"url\":\"https:\\\/\\\/secure.gravatar.com\\\/avatar\\\/ccc17943b9d660506c869530f897617f7cb1c21a4bf30023f252596d83e1f007?s=96&d=mm&r=g\",\"contentUrl\":\"https:\\\/\\\/secure.gravatar.com\\\/avatar\\\/ccc17943b9d660506c869530f897617f7cb1c21a4bf30023f252596d83e1f007?s=96&d=mm&r=g\",\"caption\":\"admin\"},\"sameAs\":[\"https:\\\/\\\/kibrisdakik.com\"],\"url\":\"https:\\\/\\\/kibrisdakik.com\\\/?author=1\"}]}<\/script>\n<!-- \/ Yoast SEO plugin. -->","yoast_head_json":{"title":"Ta\u00e7oy: \u201c\u00d6rg\u00fct se\u00e7imlerinin hi\u00e7 birinde taraf olmad\u0131m\u201d -","robots":{"index":"index","follow":"follow","max-snippet":"max-snippet:-1","max-image-preview":"max-image-preview:large","max-video-preview":"max-video-preview:-1"},"canonical":"https:\/\/kibrisdakik.com\/?p=55517","og_locale":"tr_TR","og_type":"article","og_title":"Ta\u00e7oy: \u201c\u00d6rg\u00fct se\u00e7imlerinin hi\u00e7 birinde taraf olmad\u0131m\u201d -","og_description":"Ulusal Birlik Partisi (UBP) Genel Ba\u015fkan Aday\u0131 Hasan Ta\u00e7oy, UBP il\u00e7e \u00f6rg\u00fctleri se\u00e7imlerinde hi\u00e7bir aday i\u00e7in taraf olmad\u0131\u011f\u0131n\u0131 vurgulayarak, 21 Eyl\u00fcl\u2019de se\u00e7ilecek genel ba\u015fkan\u0131n bu ki\u015filerle \u00e7al\u0131\u015faca\u011f\u0131n\u0131 an\u0131msatt\u0131. Hasan Ta\u00e7oy ofisinden yap\u0131lan a\u00e7\u0131klamaya g\u00f6re, Genel Ba\u015fkan Aday\u0131 Hasan Ta\u00e7oy, Gen\u00e7 TV\u2019de kat\u0131ld\u0131\u011f\u0131 programda Muazzez Gazihan\u2019\u0131n g\u00fcndeme ili\u015fkin sorular\u0131n\u0131 yan\u0131tlad\u0131. UBP\u2019nin \u015fu an bir demokrasi s\u0131nav\u0131","og_url":"https:\/\/kibrisdakik.com\/?p=55517","article_published_time":"2024-08-19T18:48:59+00:00","og_image":[{"width":1079,"height":720,"url":"https:\/\/kibrisdakik.com\/wp-content\/uploads\/2024\/08\/tacoy30-740x420.jpg","type":"image\/jpeg"}],"author":"admin","twitter_card":"summary_large_image","twitter_misc":{"Yazan:":"admin","Tahmini okuma s\u00fcresi":"3 dakika"},"schema":{"@context":"https:\/\/schema.org","@graph":[{"@type":"Article","@id":"https:\/\/kibrisdakik.com\/?p=55517#article","isPartOf":{"@id":"https:\/\/kibrisdakik.com\/?p=55517"},"author":{"name":"admin","@id":"https:\/\/kibrisdakik.com\/#\/schema\/person\/9cd9d437bbb44f72b73ba127e06d8e79"},"headline":"Ta\u00e7oy: \u201c\u00d6rg\u00fct se\u00e7imlerinin hi\u00e7 birinde taraf olmad\u0131m\u201d","datePublished":"2024-08-19T18:48:59+00:00","mainEntityOfPage":{"@id":"https:\/\/kibrisdakik.com\/?p=55517"},"wordCount":695,"commentCount":0,"image":{"@id":"https:\/\/kibrisdakik.com\/?p=55517#primaryimage"},"thumbnailUrl":"https:\/\/kibrisdakik.com\/wp-content\/uploads\/2024\/08\/tacoy30-740x420.jpg","articleSection":["K\u0131br\u0131s"],"inLanguage":"tr","potentialAction":[{"@type":"CommentAction","name":"Comment","target":["https:\/\/kibrisdakik.com\/?p=55517#respond"]}]},{"@type":"WebPage","@id":"https:\/\/kibrisdakik.com\/?p=55517","url":"https:\/\/kibrisdakik.com\/?p=55517","name":"Ta\u00e7oy: \u201c\u00d6rg\u00fct se\u00e7imlerinin hi\u00e7 birinde taraf olmad\u0131m\u201d -","isPartOf":{"@id":"https:\/\/kibrisdakik.com\/#website"},"primaryImageOfPage":{"@id":"https:\/\/kibrisdakik.com\/?p=55517#primaryimage"},"image":{"@id":"https:\/\/kibrisdakik.com\/?p=55517#primaryimage"},"thumbnailUrl":"https:\/\/kibrisdakik.com\/wp-content\/uploads\/2024\/08\/tacoy30-740x420.jpg","datePublished":"2024-08-19T18:48:59+00:00","author":{"@id":"https:\/\/kibrisdakik.com\/#\/schema\/person\/9cd9d437bbb44f72b73ba127e06d8e79"},"breadcrumb":{"@id":"https:\/\/kibrisdakik.com\/?p=55517#breadcrumb"},"inLanguage":"tr","potentialAction":[{"@type":"ReadAction","target":["https:\/\/kibrisdakik.com\/?p=55517"]}]},{"@type":"ImageObject","inLanguage":"tr","@id":"https:\/\/kibrisdakik.com\/?p=55517#primaryimage","url":"https:\/\/kibrisdakik.com\/wp-content\/uploads\/2024\/08\/tacoy30-740x420.jpg","contentUrl":"https:\/\/kibrisdakik.com\/wp-content\/uploads\/2024\/08\/tacoy30-740x420.jpg","width":1079,"height":720},{"@type":"BreadcrumbList","@id":"https:\/\/kibrisdakik.com\/?p=55517#breadcrumb","itemListElement":[{"@type":"ListItem","position":1,"name":"Home","item":"https:\/\/kibrisdakik.com\/"},{"@type":"ListItem","position":2,"name":"Ta\u00e7oy: \u201c\u00d6rg\u00fct se\u00e7imlerinin hi\u00e7 birinde taraf olmad\u0131m\u201d"}]},{"@type":"WebSite","@id":"https:\/\/kibrisdakik.com\/#website","url":"https:\/\/kibrisdakik.com\/","name":"","description":"Tam vaktinde haber","potentialAction":[{"@type":"SearchAction","target":{"@type":"EntryPoint","urlTemplate":"https:\/\/kibrisdakik.com\/?s={search_term_string}"},"query-input":{"@type":"PropertyValueSpecification","valueRequired":true,"valueName":"search_term_string"}}],"inLanguage":"tr"},{"@type":"Person","@id":"https:\/\/kibrisdakik.com\/#\/schema\/person\/9cd9d437bbb44f72b73ba127e06d8e79","name":"admin","image":{"@type":"ImageObject","inLanguage":"tr","@id":"https:\/\/secure.gravatar.com\/avatar\/ccc17943b9d660506c869530f897617f7cb1c21a4bf30023f252596d83e1f007?s=96&d=mm&r=g","url":"https:\/\/secure.gravatar.com\/avatar\/ccc17943b9d660506c869530f897617f7cb1c21a4bf30023f252596d83e1f007?s=96&d=mm&r=g","contentUrl":"https:\/\/secure.gravatar.com\/avatar\/ccc17943b9d660506c869530f897617f7cb1c21a4bf30023f252596d83e1f007?s=96&d=mm&r=g","caption":"admin"},"sameAs":["https:\/\/kibrisdakik.com"],"url":"https:\/\/kibrisdakik.com\/?author=1"}]}},"_links":{"self":[{"href":"https:\/\/kibrisdakik.com\/index.php?rest_route=\/wp\/v2\/posts\/55517","targetHints":{"allow":["GET"]}}],"collection":[{"href":"https:\/\/kibrisdakik.com\/index.php?rest_route=\/wp\/v2\/posts"}],"about":[{"href":"https:\/\/kibrisdakik.com\/index.php?rest_route=\/wp\/v2\/types\/post"}],"author":[{"embeddable":true,"href":"https:\/\/kibrisdakik.com\/index.php?rest_route=\/wp\/v2\/users\/1"}],"replies":[{"embeddable":true,"href":"https:\/\/kibrisdakik.com\/index.php?rest_route=%2Fwp%2Fv2%2Fcomments&post=55517"}],"version-history":[{"count":0,"href":"https:\/\/kibrisdakik.com\/index.php?rest_route=\/wp\/v2\/posts\/55517\/revisions"}],"wp:featuredmedia":[{"embeddable":true,"href":"https:\/\/kibrisdakik.com\/index.php?rest_route=\/wp\/v2\/media\/55518"}],"wp:attachment":[{"href":"https:\/\/kibrisdakik.com\/index.php?rest_route=%2Fwp%2Fv2%2Fmedia&parent=55517"}],"wp:term":[{"taxonomy":"category","embeddable":true,"href":"https:\/\/kibrisdakik.com\/index.php?rest_route=%2Fwp%2Fv2%2Fcategories&post=55517"},{"taxonomy":"post_tag","embeddable":true,"href":"https:\/\/kibrisdakik.com\/index.php?rest_route=%2Fwp%2Fv2%2Ftags&post=55517"}],"curies":[{"name":"wp","href":"https:\/\/api.w.org\/{rel}","templated":true}]}}