{"id":55537,"date":"2024-08-19T21:17:49","date_gmt":"2024-08-19T18:17:49","guid":{"rendered":"https:\/\/kibrisdakik.com\/index.php\/2024\/08\/19\/abd-disisleri-bakani-blinken-duyurdu-netanyahu-ateskes-formulunu-kabul-etti\/"},"modified":"2024-08-19T21:17:49","modified_gmt":"2024-08-19T18:17:49","slug":"abd-disisleri-bakani-blinken-duyurdu-netanyahu-ateskes-formulunu-kabul-etti","status":"publish","type":"post","link":"https:\/\/kibrisdakik.com\/?p=55537","title":{"rendered":"ABD D\u0131\u015fi\u015fleri Bakan\u0131 Blinken duyurdu: Netanyahu, ate\u015fkes form\u00fcl\u00fcn\u00fc kabul etti"},"content":{"rendered":"<p><\/p>\n<div id=\"\">\n<p>ABD D\u0131\u015fi\u015fleri Bakan\u0131 Antony Blinken, \u0130srail Ba\u015fbakan\u0131  <a class=\"keyword\" href=\"https:\/\/www.haberler.com\/binyamin-netanyahu\/\" title=\"Binyamin Netanyahu Haberleri, Binyamin Netanyahu Haberi, Binyamin Netanyahu Haber\"><strong>Binyamin Netanyahu<\/strong><\/a>&#8216;nun ABD taraf\u0131ndan ge\u00e7en hafta Katar&#8217;\u0131n ba\u015fkenti Doha&#8217;daki m\u00fczakerelerde hem \u0130srail hem de Hamas&#8217;\u0131n kabul edebilece\u011fi bir ate\u015fkes form\u00fcl\u00fc bulmak i\u00e7in sunulan \u00f6neriyi kabul etti\u011fini a\u00e7\u0131klad\u0131.<\/p>\n<p>\u0130srail&#8217;deki temaslar\u0131n\u0131 tamamlayan ABD D\u0131\u015fi\u015fleri Bakan\u0131 Blinken, bas\u0131n toplant\u0131s\u0131 d\u00fczenledi. Blinken, i\u015fgal alt\u0131ndaki Gazze \u015eeridi&#8217;nde ate\u015fkes sa\u011flanmas\u0131na y\u00f6nelik diplomatik giri\u015fimlerin ba\u015far\u0131ya ula\u015fmas\u0131 i\u00e7in b\u00f6lgede bulundu\u011funu belirterek, son yap\u0131lan ate\u015fkes \u00f6nerisinin \u0130srail&#8217;in g\u00fcvenlik \u00e7\u0131karlar\u0131n\u0131 dikkate ald\u0131\u011f\u0131n\u0131 ifade etti.<\/p>\n<p><img loading=\"lazy\" decoding=\"async\" class=\"hbptMainImage lazyload ImgDetay\" src=\"https:\/\/foto.haberler.com\/haber\/2024\/08\/19\/abd-disisleri-bakani-blinken-duyurdu-netanyahu-17736061_6198_m.jpg\" alt=\"ABD D\u0131\u015fi\u015fleri Bakan\u0131 Blinken duyurdu: Netanyahu, ate\u015fkes form\u00fcl\u00fcn\u00fc kabul etti\" width=\"640\" height=\"471\"\/><\/p>\n<h3>NETANYAHU ATE\u015eKES FORM\u00dcL\u00dc \u0130\u00c7\u0130N SUNULAN \u00d6NER\u0130Y\u0130 KABUL ETT\u0130<\/h3>\n<p>\u0130srail Ba\u015fbakan\u0131 Binyamin Netanyahu ile &#8220;\u00e7ok yap\u0131c\u0131 bir g\u00f6r\u00fc\u015fme&#8221; ger\u00e7ekle\u015ftirdi\u011fini s\u00f6yleyen Blinken, Netanyahu&#8217;nun ABD taraf\u0131ndan ge\u00e7en hafta Katar&#8217;\u0131n ba\u015fkenti Doha&#8217;daki m\u00fczakerelerde hem \u0130srail hem de Hamas&#8217;\u0131n kabul edebilece\u011fi bir ate\u015fkes form\u00fcl\u00fc bulmak i\u00e7in sunulan \u00f6neriyi kabul etti\u011fini a\u00e7\u0131klad\u0131. Hamas&#8217;\u0131n da \u0130srail gibi bu \u00f6neriyi kabul etmesi gerekti\u011fini aktaran Blinken, &#8220;\u015eimdi ayn\u0131 \u015feyi yapmak Hamas&#8217;\u0131n g\u00f6revi&#8221; dedi.<\/p>\n<h3>&#8220;B\u0130R SONRAK\u0130 \u00d6NEML\u0130 ADIM HAMAS&#8217;IN EVET DEMES\u0130&#8221;<\/h3>\n<p>Taraflar\u0131n bir araya gelerek bu anla\u015fma kapsam\u0131nda verdikleri taahh\u00fctleri nas\u0131l uygulayacaklar\u0131 konusunda net bir anlay\u0131\u015fa varma s\u00fcrecini tamamlamalar\u0131 gerekti\u011fini belirten Blinken, &#8220;Bir sonraki \u00f6nemli ad\u0131m Hamas&#8217;\u0131n evet demesi&#8221; dedi. \u0130srail y\u00f6netiminden Bat\u0131 \u015eeria&#8217;da Filistinlilere sald\u0131ran Yahudi yerle\u015fimcilere kar\u015f\u0131 harekete ge\u00e7melerini istedi\u011fini s\u00f6yleyen Blinken, &#8220;Bu t\u00fcr \u015fiddeti \u00f6nlemek i\u00e7in harekete ge\u00e7ilmesini, bundan sorumlu olan ki\u015filerin hesap vermesini bekliyoruz.&#8221; dedi.<\/p>\n<p>\u00d6te yandan ABD Ba\u015fkan\u0131 Blinken, \u0130srail&#8217;deki temaslar\u0131n\u0131n ard\u0131ndan M\u0131s\u0131r ve Katar&#8217;\u0131 ziyaret ederek, \u0130srail ve Hamas aras\u0131nda ate\u015fkes m\u00fczakerelerine y\u00f6nelik devam eden \u00e7abalar\u0131 ele alacak.<\/p>\n<figure class=\"type:primaryimage hbhOrder\" style=\"margin-bottom: 20px;\"><img loading=\"lazy\" decoding=\"async\" width=\"1202\" height=\"675\" class=\"hbptMainImage\" id=\"HaberImage\" src=\"https:\/\/foto.haberler.com\/haber\/2024\/08\/19\/abd-disisleri-bakani-blinken-israil-ve-hamas-17736061_662_amp.jpg\"\/><\/figure>\n<h4 id=\"nwsKeywords\"> <a href=\"https:\/\/www.haberler.com\/binyamin-netanyahu\/\" title=\"Binyamin Netanyahu\" class=\"hbptTag\">Binyamin Netanyahu<\/a>  <a href=\"https:\/\/www.haberler.com\/antony-blinken\/\" title=\"Antony Blinken\" class=\"hbptTag\">Antony Blinken<\/a>  <a href=\"https:\/\/www.haberler.com\/israil\/\" title=\"\u0130srail\" class=\"hbptTag\">\u0130srail<\/a>  <a href=\"https:\/\/www.haberler.com\/gazze\/\" title=\"Gazze\" class=\"hbptTag\">Gazze<\/a>  <a href=\"https:\/\/www.haberler.com\/katar\/\" title=\"Katar\" class=\"hbptTag\">Katar<\/a>  <a href=\"https:\/\/www.haberler.com\/dunya\/\" title=\"D\u00fcnya\" class=\"hbptTag\">D\u00fcnya<\/a>  <a href=\"https:\/\/www.haberler.com\/doha\/\" title=\"Doha\" class=\"hbptTag\">Doha<\/a>  <a href=\"https:\/\/www.haberler.com\/politika\/\" title=\"Politika\" class=\"hbptTag\">Politika<\/a>  <a href=\"https:\/\/www.haberler.com\/dunya\/\" title=\"D\u00fcnya\" class=\"hbptTag\">D\u00fcnya<\/a>  <a href=\"https:\/\/www.haberler.com\/guncel\/\" title=\"G\u00fcncel\" class=\"hbptTag\">G\u00fcncel<\/a>  <a href=\"https:\/\/www.haberler.com\/\" title=\"Haberler\" class=\"hbptTag\">Haberler<\/a> <\/h4>\n<\/div>\n","protected":false},"excerpt":{"rendered":"<p>ABD D\u0131\u015fi\u015fleri Bakan\u0131 Antony Blinken, \u0130srail Ba\u015fbakan\u0131 Binyamin Netanyahu&#8216;nun ABD taraf\u0131ndan ge\u00e7en hafta Katar&#8217;\u0131n ba\u015fkenti Doha&#8217;daki m\u00fczakerelerde hem \u0130srail hem de Hamas&#8217;\u0131n kabul edebilece\u011fi bir ate\u015fkes form\u00fcl\u00fc bulmak i\u00e7in sunulan \u00f6neriyi kabul etti\u011fini a\u00e7\u0131klad\u0131. \u0130srail&#8217;deki temaslar\u0131n\u0131 tamamlayan ABD D\u0131\u015fi\u015fleri Bakan\u0131 Blinken, bas\u0131n toplant\u0131s\u0131 d\u00fczenledi. Blinken, i\u015fgal alt\u0131ndaki Gazze \u015eeridi&#8217;nde ate\u015fkes sa\u011flanmas\u0131na y\u00f6nelik diplomatik giri\u015fimlerin ba\u015far\u0131ya<\/p>\n","protected":false},"author":1,"featured_media":55538,"comment_status":"open","ping_status":"open","sticky":false,"template":"","format":"standard","meta":{"footnotes":""},"categories":[83],"tags":[],"class_list":["post-55537","post","type-post","status-publish","format-standard","has-post-thumbnail","hentry","category-magazin"],"yoast_head":"<!-- This site is optimized with the Yoast SEO plugin v27.4 - https:\/\/yoast.com\/product\/yoast-seo-wordpress\/ -->\n<title>ABD D\u0131\u015fi\u015fleri Bakan\u0131 Blinken duyurdu: Netanyahu, ate\u015fkes form\u00fcl\u00fcn\u00fc kabul etti -<\/title>\n<meta name=\"robots\" content=\"index, follow, max-snippet:-1, max-image-preview:large, max-video-preview:-1\" \/>\n<link rel=\"canonical\" href=\"https:\/\/kibrisdakik.com\/?p=55537\" \/>\n<meta property=\"og:locale\" content=\"tr_TR\" \/>\n<meta property=\"og:type\" content=\"article\" \/>\n<meta property=\"og:title\" content=\"ABD D\u0131\u015fi\u015fleri Bakan\u0131 Blinken duyurdu: Netanyahu, ate\u015fkes form\u00fcl\u00fcn\u00fc kabul etti -\" \/>\n<meta property=\"og:description\" content=\"ABD D\u0131\u015fi\u015fleri Bakan\u0131 Antony Blinken, \u0130srail Ba\u015fbakan\u0131 Binyamin Netanyahu&#8216;nun ABD taraf\u0131ndan ge\u00e7en hafta Katar&#8217;\u0131n ba\u015fkenti Doha&#8217;daki m\u00fczakerelerde hem \u0130srail hem de Hamas&#8217;\u0131n kabul edebilece\u011fi bir ate\u015fkes form\u00fcl\u00fc bulmak i\u00e7in sunulan \u00f6neriyi kabul etti\u011fini a\u00e7\u0131klad\u0131. \u0130srail&#8217;deki temaslar\u0131n\u0131 tamamlayan ABD D\u0131\u015fi\u015fleri Bakan\u0131 Blinken, bas\u0131n toplant\u0131s\u0131 d\u00fczenledi. Blinken, i\u015fgal alt\u0131ndaki Gazze \u015eeridi&#8217;nde ate\u015fkes sa\u011flanmas\u0131na y\u00f6nelik diplomatik giri\u015fimlerin ba\u015far\u0131ya\" \/>\n<meta property=\"og:url\" content=\"https:\/\/kibrisdakik.com\/?p=55537\" \/>\n<meta property=\"article:published_time\" content=\"2024-08-19T18:17:49+00:00\" \/>\n<meta property=\"og:image\" content=\"https:\/\/kibrisdakik.com\/wp-content\/uploads\/2024\/08\/abd-disisleri-bakani-blinken-duyurdu-netanyahu-17736061_6198_m-640x420.jpg\" \/>\n\t<meta property=\"og:image:width\" content=\"640\" \/>\n\t<meta property=\"og:image:height\" content=\"470\" \/>\n\t<meta property=\"og:image:type\" content=\"image\/jpeg\" \/>\n<meta name=\"author\" content=\"admin\" \/>\n<meta name=\"twitter:card\" content=\"summary_large_image\" \/>\n<meta name=\"twitter:label1\" content=\"Yazan:\" \/>\n\t<meta name=\"twitter:data1\" content=\"admin\" \/>\n\t<meta name=\"twitter:label2\" content=\"Tahmini okuma s\u00fcresi\" \/>\n\t<meta name=\"twitter:data2\" content=\"2 dakika\" \/>\n<script type=\"application\/ld+json\" class=\"yoast-schema-graph\">{\"@context\":\"https:\\\/\\\/schema.org\",\"@graph\":[{\"@type\":\"Article\",\"@id\":\"https:\\\/\\\/kibrisdakik.com\\\/?p=55537#article\",\"isPartOf\":{\"@id\":\"https:\\\/\\\/kibrisdakik.com\\\/?p=55537\"},\"author\":{\"name\":\"admin\",\"@id\":\"https:\\\/\\\/kibrisdakik.com\\\/#\\\/schema\\\/person\\\/9cd9d437bbb44f72b73ba127e06d8e79\"},\"headline\":\"ABD D\u0131\u015fi\u015fleri Bakan\u0131 Blinken duyurdu: Netanyahu, ate\u015fkes form\u00fcl\u00fcn\u00fc kabul etti\",\"datePublished\":\"2024-08-19T18:17:49+00:00\",\"mainEntityOfPage\":{\"@id\":\"https:\\\/\\\/kibrisdakik.com\\\/?p=55537\"},\"wordCount\":354,\"commentCount\":0,\"image\":{\"@id\":\"https:\\\/\\\/kibrisdakik.com\\\/?p=55537#primaryimage\"},\"thumbnailUrl\":\"https:\\\/\\\/kibrisdakik.com\\\/wp-content\\\/uploads\\\/2024\\\/08\\\/abd-disisleri-bakani-blinken-duyurdu-netanyahu-17736061_6198_m-640x420.jpg\",\"articleSection\":[\"Magazin\"],\"inLanguage\":\"tr\",\"potentialAction\":[{\"@type\":\"CommentAction\",\"name\":\"Comment\",\"target\":[\"https:\\\/\\\/kibrisdakik.com\\\/?p=55537#respond\"]}]},{\"@type\":\"WebPage\",\"@id\":\"https:\\\/\\\/kibrisdakik.com\\\/?p=55537\",\"url\":\"https:\\\/\\\/kibrisdakik.com\\\/?p=55537\",\"name\":\"ABD D\u0131\u015fi\u015fleri Bakan\u0131 Blinken duyurdu: Netanyahu, ate\u015fkes form\u00fcl\u00fcn\u00fc kabul etti -\",\"isPartOf\":{\"@id\":\"https:\\\/\\\/kibrisdakik.com\\\/#website\"},\"primaryImageOfPage\":{\"@id\":\"https:\\\/\\\/kibrisdakik.com\\\/?p=55537#primaryimage\"},\"image\":{\"@id\":\"https:\\\/\\\/kibrisdakik.com\\\/?p=55537#primaryimage\"},\"thumbnailUrl\":\"https:\\\/\\\/kibrisdakik.com\\\/wp-content\\\/uploads\\\/2024\\\/08\\\/abd-disisleri-bakani-blinken-duyurdu-netanyahu-17736061_6198_m-640x420.jpg\",\"datePublished\":\"2024-08-19T18:17:49+00:00\",\"author\":{\"@id\":\"https:\\\/\\\/kibrisdakik.com\\\/#\\\/schema\\\/person\\\/9cd9d437bbb44f72b73ba127e06d8e79\"},\"breadcrumb\":{\"@id\":\"https:\\\/\\\/kibrisdakik.com\\\/?p=55537#breadcrumb\"},\"inLanguage\":\"tr\",\"potentialAction\":[{\"@type\":\"ReadAction\",\"target\":[\"https:\\\/\\\/kibrisdakik.com\\\/?p=55537\"]}]},{\"@type\":\"ImageObject\",\"inLanguage\":\"tr\",\"@id\":\"https:\\\/\\\/kibrisdakik.com\\\/?p=55537#primaryimage\",\"url\":\"https:\\\/\\\/kibrisdakik.com\\\/wp-content\\\/uploads\\\/2024\\\/08\\\/abd-disisleri-bakani-blinken-duyurdu-netanyahu-17736061_6198_m-640x420.jpg\",\"contentUrl\":\"https:\\\/\\\/kibrisdakik.com\\\/wp-content\\\/uploads\\\/2024\\\/08\\\/abd-disisleri-bakani-blinken-duyurdu-netanyahu-17736061_6198_m-640x420.jpg\",\"width\":640,\"height\":470},{\"@type\":\"BreadcrumbList\",\"@id\":\"https:\\\/\\\/kibrisdakik.com\\\/?p=55537#breadcrumb\",\"itemListElement\":[{\"@type\":\"ListItem\",\"position\":1,\"name\":\"Home\",\"item\":\"https:\\\/\\\/kibrisdakik.com\\\/\"},{\"@type\":\"ListItem\",\"position\":2,\"name\":\"ABD D\u0131\u015fi\u015fleri Bakan\u0131 Blinken duyurdu: Netanyahu, ate\u015fkes form\u00fcl\u00fcn\u00fc kabul etti\"}]},{\"@type\":\"WebSite\",\"@id\":\"https:\\\/\\\/kibrisdakik.com\\\/#website\",\"url\":\"https:\\\/\\\/kibrisdakik.com\\\/\",\"name\":\"\",\"description\":\"Tam vaktinde haber\",\"potentialAction\":[{\"@type\":\"SearchAction\",\"target\":{\"@type\":\"EntryPoint\",\"urlTemplate\":\"https:\\\/\\\/kibrisdakik.com\\\/?s={search_term_string}\"},\"query-input\":{\"@type\":\"PropertyValueSpecification\",\"valueRequired\":true,\"valueName\":\"search_term_string\"}}],\"inLanguage\":\"tr\"},{\"@type\":\"Person\",\"@id\":\"https:\\\/\\\/kibrisdakik.com\\\/#\\\/schema\\\/person\\\/9cd9d437bbb44f72b73ba127e06d8e79\",\"name\":\"admin\",\"image\":{\"@type\":\"ImageObject\",\"inLanguage\":\"tr\",\"@id\":\"https:\\\/\\\/secure.gravatar.com\\\/avatar\\\/ccc17943b9d660506c869530f897617f7cb1c21a4bf30023f252596d83e1f007?s=96&d=mm&r=g\",\"url\":\"https:\\\/\\\/secure.gravatar.com\\\/avatar\\\/ccc17943b9d660506c869530f897617f7cb1c21a4bf30023f252596d83e1f007?s=96&d=mm&r=g\",\"contentUrl\":\"https:\\\/\\\/secure.gravatar.com\\\/avatar\\\/ccc17943b9d660506c869530f897617f7cb1c21a4bf30023f252596d83e1f007?s=96&d=mm&r=g\",\"caption\":\"admin\"},\"sameAs\":[\"https:\\\/\\\/kibrisdakik.com\"],\"url\":\"https:\\\/\\\/kibrisdakik.com\\\/?author=1\"}]}<\/script>\n<!-- \/ Yoast SEO plugin. -->","yoast_head_json":{"title":"ABD D\u0131\u015fi\u015fleri Bakan\u0131 Blinken duyurdu: Netanyahu, ate\u015fkes form\u00fcl\u00fcn\u00fc kabul etti -","robots":{"index":"index","follow":"follow","max-snippet":"max-snippet:-1","max-image-preview":"max-image-preview:large","max-video-preview":"max-video-preview:-1"},"canonical":"https:\/\/kibrisdakik.com\/?p=55537","og_locale":"tr_TR","og_type":"article","og_title":"ABD D\u0131\u015fi\u015fleri Bakan\u0131 Blinken duyurdu: Netanyahu, ate\u015fkes form\u00fcl\u00fcn\u00fc kabul etti -","og_description":"ABD D\u0131\u015fi\u015fleri Bakan\u0131 Antony Blinken, \u0130srail Ba\u015fbakan\u0131 Binyamin Netanyahu&#8216;nun ABD taraf\u0131ndan ge\u00e7en hafta Katar&#8217;\u0131n ba\u015fkenti Doha&#8217;daki m\u00fczakerelerde hem \u0130srail hem de Hamas&#8217;\u0131n kabul edebilece\u011fi bir ate\u015fkes form\u00fcl\u00fc bulmak i\u00e7in sunulan \u00f6neriyi kabul etti\u011fini a\u00e7\u0131klad\u0131. \u0130srail&#8217;deki temaslar\u0131n\u0131 tamamlayan ABD D\u0131\u015fi\u015fleri Bakan\u0131 Blinken, bas\u0131n toplant\u0131s\u0131 d\u00fczenledi. Blinken, i\u015fgal alt\u0131ndaki Gazze \u015eeridi&#8217;nde ate\u015fkes sa\u011flanmas\u0131na y\u00f6nelik diplomatik giri\u015fimlerin ba\u015far\u0131ya","og_url":"https:\/\/kibrisdakik.com\/?p=55537","article_published_time":"2024-08-19T18:17:49+00:00","og_image":[{"width":640,"height":470,"url":"https:\/\/kibrisdakik.com\/wp-content\/uploads\/2024\/08\/abd-disisleri-bakani-blinken-duyurdu-netanyahu-17736061_6198_m-640x420.jpg","type":"image\/jpeg"}],"author":"admin","twitter_card":"summary_large_image","twitter_misc":{"Yazan:":"admin","Tahmini okuma s\u00fcresi":"2 dakika"},"schema":{"@context":"https:\/\/schema.org","@graph":[{"@type":"Article","@id":"https:\/\/kibrisdakik.com\/?p=55537#article","isPartOf":{"@id":"https:\/\/kibrisdakik.com\/?p=55537"},"author":{"name":"admin","@id":"https:\/\/kibrisdakik.com\/#\/schema\/person\/9cd9d437bbb44f72b73ba127e06d8e79"},"headline":"ABD D\u0131\u015fi\u015fleri Bakan\u0131 Blinken duyurdu: Netanyahu, ate\u015fkes form\u00fcl\u00fcn\u00fc kabul etti","datePublished":"2024-08-19T18:17:49+00:00","mainEntityOfPage":{"@id":"https:\/\/kibrisdakik.com\/?p=55537"},"wordCount":354,"commentCount":0,"image":{"@id":"https:\/\/kibrisdakik.com\/?p=55537#primaryimage"},"thumbnailUrl":"https:\/\/kibrisdakik.com\/wp-content\/uploads\/2024\/08\/abd-disisleri-bakani-blinken-duyurdu-netanyahu-17736061_6198_m-640x420.jpg","articleSection":["Magazin"],"inLanguage":"tr","potentialAction":[{"@type":"CommentAction","name":"Comment","target":["https:\/\/kibrisdakik.com\/?p=55537#respond"]}]},{"@type":"WebPage","@id":"https:\/\/kibrisdakik.com\/?p=55537","url":"https:\/\/kibrisdakik.com\/?p=55537","name":"ABD D\u0131\u015fi\u015fleri Bakan\u0131 Blinken duyurdu: Netanyahu, ate\u015fkes form\u00fcl\u00fcn\u00fc kabul etti -","isPartOf":{"@id":"https:\/\/kibrisdakik.com\/#website"},"primaryImageOfPage":{"@id":"https:\/\/kibrisdakik.com\/?p=55537#primaryimage"},"image":{"@id":"https:\/\/kibrisdakik.com\/?p=55537#primaryimage"},"thumbnailUrl":"https:\/\/kibrisdakik.com\/wp-content\/uploads\/2024\/08\/abd-disisleri-bakani-blinken-duyurdu-netanyahu-17736061_6198_m-640x420.jpg","datePublished":"2024-08-19T18:17:49+00:00","author":{"@id":"https:\/\/kibrisdakik.com\/#\/schema\/person\/9cd9d437bbb44f72b73ba127e06d8e79"},"breadcrumb":{"@id":"https:\/\/kibrisdakik.com\/?p=55537#breadcrumb"},"inLanguage":"tr","potentialAction":[{"@type":"ReadAction","target":["https:\/\/kibrisdakik.com\/?p=55537"]}]},{"@type":"ImageObject","inLanguage":"tr","@id":"https:\/\/kibrisdakik.com\/?p=55537#primaryimage","url":"https:\/\/kibrisdakik.com\/wp-content\/uploads\/2024\/08\/abd-disisleri-bakani-blinken-duyurdu-netanyahu-17736061_6198_m-640x420.jpg","contentUrl":"https:\/\/kibrisdakik.com\/wp-content\/uploads\/2024\/08\/abd-disisleri-bakani-blinken-duyurdu-netanyahu-17736061_6198_m-640x420.jpg","width":640,"height":470},{"@type":"BreadcrumbList","@id":"https:\/\/kibrisdakik.com\/?p=55537#breadcrumb","itemListElement":[{"@type":"ListItem","position":1,"name":"Home","item":"https:\/\/kibrisdakik.com\/"},{"@type":"ListItem","position":2,"name":"ABD D\u0131\u015fi\u015fleri Bakan\u0131 Blinken duyurdu: Netanyahu, ate\u015fkes form\u00fcl\u00fcn\u00fc kabul etti"}]},{"@type":"WebSite","@id":"https:\/\/kibrisdakik.com\/#website","url":"https:\/\/kibrisdakik.com\/","name":"","description":"Tam vaktinde haber","potentialAction":[{"@type":"SearchAction","target":{"@type":"EntryPoint","urlTemplate":"https:\/\/kibrisdakik.com\/?s={search_term_string}"},"query-input":{"@type":"PropertyValueSpecification","valueRequired":true,"valueName":"search_term_string"}}],"inLanguage":"tr"},{"@type":"Person","@id":"https:\/\/kibrisdakik.com\/#\/schema\/person\/9cd9d437bbb44f72b73ba127e06d8e79","name":"admin","image":{"@type":"ImageObject","inLanguage":"tr","@id":"https:\/\/secure.gravatar.com\/avatar\/ccc17943b9d660506c869530f897617f7cb1c21a4bf30023f252596d83e1f007?s=96&d=mm&r=g","url":"https:\/\/secure.gravatar.com\/avatar\/ccc17943b9d660506c869530f897617f7cb1c21a4bf30023f252596d83e1f007?s=96&d=mm&r=g","contentUrl":"https:\/\/secure.gravatar.com\/avatar\/ccc17943b9d660506c869530f897617f7cb1c21a4bf30023f252596d83e1f007?s=96&d=mm&r=g","caption":"admin"},"sameAs":["https:\/\/kibrisdakik.com"],"url":"https:\/\/kibrisdakik.com\/?author=1"}]}},"_links":{"self":[{"href":"https:\/\/kibrisdakik.com\/index.php?rest_route=\/wp\/v2\/posts\/55537","targetHints":{"allow":["GET"]}}],"collection":[{"href":"https:\/\/kibrisdakik.com\/index.php?rest_route=\/wp\/v2\/posts"}],"about":[{"href":"https:\/\/kibrisdakik.com\/index.php?rest_route=\/wp\/v2\/types\/post"}],"author":[{"embeddable":true,"href":"https:\/\/kibrisdakik.com\/index.php?rest_route=\/wp\/v2\/users\/1"}],"replies":[{"embeddable":true,"href":"https:\/\/kibrisdakik.com\/index.php?rest_route=%2Fwp%2Fv2%2Fcomments&post=55537"}],"version-history":[{"count":0,"href":"https:\/\/kibrisdakik.com\/index.php?rest_route=\/wp\/v2\/posts\/55537\/revisions"}],"wp:featuredmedia":[{"embeddable":true,"href":"https:\/\/kibrisdakik.com\/index.php?rest_route=\/wp\/v2\/media\/55538"}],"wp:attachment":[{"href":"https:\/\/kibrisdakik.com\/index.php?rest_route=%2Fwp%2Fv2%2Fmedia&parent=55537"}],"wp:term":[{"taxonomy":"category","embeddable":true,"href":"https:\/\/kibrisdakik.com\/index.php?rest_route=%2Fwp%2Fv2%2Fcategories&post=55537"},{"taxonomy":"post_tag","embeddable":true,"href":"https:\/\/kibrisdakik.com\/index.php?rest_route=%2Fwp%2Fv2%2Ftags&post=55537"}],"curies":[{"name":"wp","href":"https:\/\/api.w.org\/{rel}","templated":true}]}}