{"id":55553,"date":"2024-08-20T00:51:23","date_gmt":"2024-08-19T21:51:23","guid":{"rendered":"https:\/\/kibrisdakik.com\/index.php\/2024\/08\/20\/sila-dogu-dilan-polatla-cekildigi-fotografi-paylasti-beyazlarini-boyayacagiz-toparlanacaksin-kardesim\/"},"modified":"2024-08-20T00:51:23","modified_gmt":"2024-08-19T21:51:23","slug":"sila-dogu-dilan-polatla-cekildigi-fotografi-paylasti-beyazlarini-boyayacagiz-toparlanacaksin-kardesim","status":"publish","type":"post","link":"https:\/\/kibrisdakik.com\/?p=55553","title":{"rendered":"S\u0131la Do\u011fu, Dilan Polat&#8217;la \u00e7ekildi\u011fi foto\u011fraf\u0131 payla\u015ft\u0131: Beyazlar\u0131n\u0131 boyayaca\u011f\u0131z, toparlanacaks\u0131n karde\u015fim"},"content":{"rendered":"<p><img decoding=\"async\" src=\"https:\/\/foto.haberler.com\/haber\/2024\/08\/20\/sila-dogu-dilan-polat-la-cekildigi-fotografi-17736614_2004_amp.jpg\" \/><\/p>\n<div id=\"\">\n<p>&#8220;Su\u00e7 i\u015flemek amac\u0131yla \u00f6rg\u00fct kurma, y\u00f6netme&#8221;, &#8220;su\u00e7tan kaynaklanan mal varl\u0131\u011f\u0131 de\u011ferlerini aklama&#8221; ve &#8220;Futbol ve Di\u011fer  <a class=\"keyword\" href=\"https:\/\/www.haberler.com\/spor\/\" title=\"Spor, Spor Haberleri, Spor Haber\"><strong>Spor<\/strong><\/a> M\u00fcsabakalar\u0131nda Bahis ve \u015eans Oyunlar\u0131 D\u00fczenlenmesi Hakk\u0131nda Kanun&#8217;a muhalefet&#8221; su\u00e7lar\u0131ndan hakk\u0131nda a\u00e7\u0131lan dava kapsam\u0131nda tutuklu bulunan Dilan Polat hakk\u0131nda tahliye karar\u0131 verildi. Dilan Polat, tutuklu bulundu\u011fu cezaevinden tahliye edildi. Polat hakk\u0131nda yurt d\u0131\u015f\u0131na \u00e7\u0131k\u0131\u015f yasa\u011f\u0131 verildi. <\/p>\n<p>Dilan Polat&#8217;\u0131n a\u00e7\u0131klama yap\u0131p yapmayaca\u011f\u0131 merak edilirken, karde\u015fi S\u0131la Do\u011fu&#8217;dan dikkat \u00e7eken bir payla\u015f\u0131m geldi. Instagram hesab\u0131ndan Dilan Polat&#8217;la birlikte evde \u00e7ekildi\u011fi foto\u011fraf\u0131 payla\u015fan Do\u011fu, &#8220;G\u00fczel dilekleriniz i\u00e7in \u00e7ok te\u015fekk\u00fcr ederiz. Beyazlar\u0131n\u0131 ben ve Nilda boyayaca\u011f\u0131z. Toparlanacaks\u0131n karde\u015fim.&#8221; notunu d\u00fc\u015ft\u00fc.<\/p>\n<h4 id=\"nwsKeywords\"> <a href=\"https:\/\/www.haberler.com\/3-sayfa\/\" title=\"3.Sayfa\" class=\"hbptTag\">3.Sayfa<\/a>  <a href=\"https:\/\/www.haberler.com\/teknoloji\/\" title=\"Teknoloji\" class=\"hbptTag\">Teknoloji<\/a>  <a href=\"https:\/\/www.haberler.com\/\" title=\"Haberler\" class=\"hbptTag\">Haberler<\/a> <\/h4>\n<\/div>\n","protected":false},"excerpt":{"rendered":"<p>&#8220;Su\u00e7 i\u015flemek amac\u0131yla \u00f6rg\u00fct kurma, y\u00f6netme&#8221;, &#8220;su\u00e7tan kaynaklanan mal varl\u0131\u011f\u0131 de\u011ferlerini aklama&#8221; ve &#8220;Futbol ve Di\u011fer Spor M\u00fcsabakalar\u0131nda Bahis ve \u015eans Oyunlar\u0131 D\u00fczenlenmesi Hakk\u0131nda Kanun&#8217;a muhalefet&#8221; su\u00e7lar\u0131ndan hakk\u0131nda a\u00e7\u0131lan dava kapsam\u0131nda tutuklu bulunan Dilan Polat hakk\u0131nda tahliye karar\u0131 verildi. Dilan Polat, tutuklu bulundu\u011fu cezaevinden tahliye edildi. Polat hakk\u0131nda yurt d\u0131\u015f\u0131na \u00e7\u0131k\u0131\u015f yasa\u011f\u0131 verildi. Dilan Polat&#8217;\u0131n<\/p>\n","protected":false},"author":1,"featured_media":55554,"comment_status":"open","ping_status":"open","sticky":false,"template":"","format":"standard","meta":{"footnotes":""},"categories":[83],"tags":[],"class_list":["post-55553","post","type-post","status-publish","format-standard","has-post-thumbnail","hentry","category-magazin"],"yoast_head":"<!-- This site is optimized with the Yoast SEO plugin v27.5 - https:\/\/yoast.com\/product\/yoast-seo-wordpress\/ -->\n<title>S\u0131la Do\u011fu, Dilan Polat&#039;la \u00e7ekildi\u011fi foto\u011fraf\u0131 payla\u015ft\u0131: Beyazlar\u0131n\u0131 boyayaca\u011f\u0131z, toparlanacaks\u0131n karde\u015fim -<\/title>\n<meta name=\"robots\" content=\"index, follow, max-snippet:-1, max-image-preview:large, max-video-preview:-1\" \/>\n<link rel=\"canonical\" href=\"https:\/\/kibrisdakik.com\/?p=55553\" \/>\n<meta property=\"og:locale\" content=\"tr_TR\" \/>\n<meta property=\"og:type\" content=\"article\" \/>\n<meta property=\"og:title\" content=\"S\u0131la Do\u011fu, Dilan Polat&#039;la \u00e7ekildi\u011fi foto\u011fraf\u0131 payla\u015ft\u0131: Beyazlar\u0131n\u0131 boyayaca\u011f\u0131z, toparlanacaks\u0131n karde\u015fim -\" \/>\n<meta property=\"og:description\" content=\"&#8220;Su\u00e7 i\u015flemek amac\u0131yla \u00f6rg\u00fct kurma, y\u00f6netme&#8221;, &#8220;su\u00e7tan kaynaklanan mal varl\u0131\u011f\u0131 de\u011ferlerini aklama&#8221; ve &#8220;Futbol ve Di\u011fer Spor M\u00fcsabakalar\u0131nda Bahis ve \u015eans Oyunlar\u0131 D\u00fczenlenmesi Hakk\u0131nda Kanun&#8217;a muhalefet&#8221; su\u00e7lar\u0131ndan hakk\u0131nda a\u00e7\u0131lan dava kapsam\u0131nda tutuklu bulunan Dilan Polat hakk\u0131nda tahliye karar\u0131 verildi. Dilan Polat, tutuklu bulundu\u011fu cezaevinden tahliye edildi. Polat hakk\u0131nda yurt d\u0131\u015f\u0131na \u00e7\u0131k\u0131\u015f yasa\u011f\u0131 verildi. Dilan Polat&#8217;\u0131n\" \/>\n<meta property=\"og:url\" content=\"https:\/\/kibrisdakik.com\/?p=55553\" \/>\n<meta property=\"article:published_time\" content=\"2024-08-19T21:51:23+00:00\" \/>\n<meta property=\"og:image\" content=\"https:\/\/kibrisdakik.com\/wp-content\/uploads\/2024\/08\/sila-dogu-dilan-polat-la-cekildigi-fotografi-17736614_2004_amp.jpg\" \/>\n\t<meta property=\"og:image:width\" content=\"1202\" \/>\n\t<meta property=\"og:image:height\" content=\"675\" \/>\n\t<meta property=\"og:image:type\" content=\"image\/jpeg\" \/>\n<meta name=\"author\" content=\"admin\" \/>\n<meta name=\"twitter:card\" content=\"summary_large_image\" \/>\n<meta name=\"twitter:label1\" content=\"Yazan:\" \/>\n\t<meta name=\"twitter:data1\" content=\"admin\" \/>\n\t<meta name=\"twitter:label2\" content=\"Tahmini okuma s\u00fcresi\" \/>\n\t<meta name=\"twitter:data2\" content=\"1 dakika\" \/>\n<script type=\"application\/ld+json\" class=\"yoast-schema-graph\">{\"@context\":\"https:\\\/\\\/schema.org\",\"@graph\":[{\"@type\":\"Article\",\"@id\":\"https:\\\/\\\/kibrisdakik.com\\\/?p=55553#article\",\"isPartOf\":{\"@id\":\"https:\\\/\\\/kibrisdakik.com\\\/?p=55553\"},\"author\":{\"name\":\"admin\",\"@id\":\"https:\\\/\\\/kibrisdakik.com\\\/#\\\/schema\\\/person\\\/9cd9d437bbb44f72b73ba127e06d8e79\"},\"headline\":\"S\u0131la Do\u011fu, Dilan Polat&#8217;la \u00e7ekildi\u011fi foto\u011fraf\u0131 payla\u015ft\u0131: Beyazlar\u0131n\u0131 boyayaca\u011f\u0131z, toparlanacaks\u0131n karde\u015fim\",\"datePublished\":\"2024-08-19T21:51:23+00:00\",\"mainEntityOfPage\":{\"@id\":\"https:\\\/\\\/kibrisdakik.com\\\/?p=55553\"},\"wordCount\":157,\"commentCount\":0,\"image\":{\"@id\":\"https:\\\/\\\/kibrisdakik.com\\\/?p=55553#primaryimage\"},\"thumbnailUrl\":\"https:\\\/\\\/kibrisdakik.com\\\/wp-content\\\/uploads\\\/2024\\\/08\\\/sila-dogu-dilan-polat-la-cekildigi-fotografi-17736614_2004_amp.jpg\",\"articleSection\":[\"Magazin\"],\"inLanguage\":\"tr\",\"potentialAction\":[{\"@type\":\"CommentAction\",\"name\":\"Comment\",\"target\":[\"https:\\\/\\\/kibrisdakik.com\\\/?p=55553#respond\"]}]},{\"@type\":\"WebPage\",\"@id\":\"https:\\\/\\\/kibrisdakik.com\\\/?p=55553\",\"url\":\"https:\\\/\\\/kibrisdakik.com\\\/?p=55553\",\"name\":\"S\u0131la Do\u011fu, Dilan Polat'la \u00e7ekildi\u011fi foto\u011fraf\u0131 payla\u015ft\u0131: Beyazlar\u0131n\u0131 boyayaca\u011f\u0131z, toparlanacaks\u0131n karde\u015fim -\",\"isPartOf\":{\"@id\":\"https:\\\/\\\/kibrisdakik.com\\\/#website\"},\"primaryImageOfPage\":{\"@id\":\"https:\\\/\\\/kibrisdakik.com\\\/?p=55553#primaryimage\"},\"image\":{\"@id\":\"https:\\\/\\\/kibrisdakik.com\\\/?p=55553#primaryimage\"},\"thumbnailUrl\":\"https:\\\/\\\/kibrisdakik.com\\\/wp-content\\\/uploads\\\/2024\\\/08\\\/sila-dogu-dilan-polat-la-cekildigi-fotografi-17736614_2004_amp.jpg\",\"datePublished\":\"2024-08-19T21:51:23+00:00\",\"author\":{\"@id\":\"https:\\\/\\\/kibrisdakik.com\\\/#\\\/schema\\\/person\\\/9cd9d437bbb44f72b73ba127e06d8e79\"},\"breadcrumb\":{\"@id\":\"https:\\\/\\\/kibrisdakik.com\\\/?p=55553#breadcrumb\"},\"inLanguage\":\"tr\",\"potentialAction\":[{\"@type\":\"ReadAction\",\"target\":[\"https:\\\/\\\/kibrisdakik.com\\\/?p=55553\"]}]},{\"@type\":\"ImageObject\",\"inLanguage\":\"tr\",\"@id\":\"https:\\\/\\\/kibrisdakik.com\\\/?p=55553#primaryimage\",\"url\":\"https:\\\/\\\/kibrisdakik.com\\\/wp-content\\\/uploads\\\/2024\\\/08\\\/sila-dogu-dilan-polat-la-cekildigi-fotografi-17736614_2004_amp.jpg\",\"contentUrl\":\"https:\\\/\\\/kibrisdakik.com\\\/wp-content\\\/uploads\\\/2024\\\/08\\\/sila-dogu-dilan-polat-la-cekildigi-fotografi-17736614_2004_amp.jpg\",\"width\":1202,\"height\":675},{\"@type\":\"BreadcrumbList\",\"@id\":\"https:\\\/\\\/kibrisdakik.com\\\/?p=55553#breadcrumb\",\"itemListElement\":[{\"@type\":\"ListItem\",\"position\":1,\"name\":\"Home\",\"item\":\"https:\\\/\\\/kibrisdakik.com\\\/\"},{\"@type\":\"ListItem\",\"position\":2,\"name\":\"S\u0131la Do\u011fu, Dilan Polat&#8217;la \u00e7ekildi\u011fi foto\u011fraf\u0131 payla\u015ft\u0131: Beyazlar\u0131n\u0131 boyayaca\u011f\u0131z, toparlanacaks\u0131n karde\u015fim\"}]},{\"@type\":\"WebSite\",\"@id\":\"https:\\\/\\\/kibrisdakik.com\\\/#website\",\"url\":\"https:\\\/\\\/kibrisdakik.com\\\/\",\"name\":\"\",\"description\":\"Tam vaktinde haber\",\"potentialAction\":[{\"@type\":\"SearchAction\",\"target\":{\"@type\":\"EntryPoint\",\"urlTemplate\":\"https:\\\/\\\/kibrisdakik.com\\\/?s={search_term_string}\"},\"query-input\":{\"@type\":\"PropertyValueSpecification\",\"valueRequired\":true,\"valueName\":\"search_term_string\"}}],\"inLanguage\":\"tr\"},{\"@type\":\"Person\",\"@id\":\"https:\\\/\\\/kibrisdakik.com\\\/#\\\/schema\\\/person\\\/9cd9d437bbb44f72b73ba127e06d8e79\",\"name\":\"admin\",\"image\":{\"@type\":\"ImageObject\",\"inLanguage\":\"tr\",\"@id\":\"https:\\\/\\\/secure.gravatar.com\\\/avatar\\\/ccc17943b9d660506c869530f897617f7cb1c21a4bf30023f252596d83e1f007?s=96&d=mm&r=g\",\"url\":\"https:\\\/\\\/secure.gravatar.com\\\/avatar\\\/ccc17943b9d660506c869530f897617f7cb1c21a4bf30023f252596d83e1f007?s=96&d=mm&r=g\",\"contentUrl\":\"https:\\\/\\\/secure.gravatar.com\\\/avatar\\\/ccc17943b9d660506c869530f897617f7cb1c21a4bf30023f252596d83e1f007?s=96&d=mm&r=g\",\"caption\":\"admin\"},\"sameAs\":[\"https:\\\/\\\/kibrisdakik.com\"],\"url\":\"https:\\\/\\\/kibrisdakik.com\\\/?author=1\"}]}<\/script>\n<!-- \/ Yoast SEO plugin. -->","yoast_head_json":{"title":"S\u0131la Do\u011fu, Dilan Polat'la \u00e7ekildi\u011fi foto\u011fraf\u0131 payla\u015ft\u0131: Beyazlar\u0131n\u0131 boyayaca\u011f\u0131z, toparlanacaks\u0131n karde\u015fim -","robots":{"index":"index","follow":"follow","max-snippet":"max-snippet:-1","max-image-preview":"max-image-preview:large","max-video-preview":"max-video-preview:-1"},"canonical":"https:\/\/kibrisdakik.com\/?p=55553","og_locale":"tr_TR","og_type":"article","og_title":"S\u0131la Do\u011fu, Dilan Polat'la \u00e7ekildi\u011fi foto\u011fraf\u0131 payla\u015ft\u0131: Beyazlar\u0131n\u0131 boyayaca\u011f\u0131z, toparlanacaks\u0131n karde\u015fim -","og_description":"&#8220;Su\u00e7 i\u015flemek amac\u0131yla \u00f6rg\u00fct kurma, y\u00f6netme&#8221;, &#8220;su\u00e7tan kaynaklanan mal varl\u0131\u011f\u0131 de\u011ferlerini aklama&#8221; ve &#8220;Futbol ve Di\u011fer Spor M\u00fcsabakalar\u0131nda Bahis ve \u015eans Oyunlar\u0131 D\u00fczenlenmesi Hakk\u0131nda Kanun&#8217;a muhalefet&#8221; su\u00e7lar\u0131ndan hakk\u0131nda a\u00e7\u0131lan dava kapsam\u0131nda tutuklu bulunan Dilan Polat hakk\u0131nda tahliye karar\u0131 verildi. Dilan Polat, tutuklu bulundu\u011fu cezaevinden tahliye edildi. Polat hakk\u0131nda yurt d\u0131\u015f\u0131na \u00e7\u0131k\u0131\u015f yasa\u011f\u0131 verildi. Dilan Polat&#8217;\u0131n","og_url":"https:\/\/kibrisdakik.com\/?p=55553","article_published_time":"2024-08-19T21:51:23+00:00","og_image":[{"width":1202,"height":675,"url":"https:\/\/kibrisdakik.com\/wp-content\/uploads\/2024\/08\/sila-dogu-dilan-polat-la-cekildigi-fotografi-17736614_2004_amp.jpg","type":"image\/jpeg"}],"author":"admin","twitter_card":"summary_large_image","twitter_misc":{"Yazan:":"admin","Tahmini okuma s\u00fcresi":"1 dakika"},"schema":{"@context":"https:\/\/schema.org","@graph":[{"@type":"Article","@id":"https:\/\/kibrisdakik.com\/?p=55553#article","isPartOf":{"@id":"https:\/\/kibrisdakik.com\/?p=55553"},"author":{"name":"admin","@id":"https:\/\/kibrisdakik.com\/#\/schema\/person\/9cd9d437bbb44f72b73ba127e06d8e79"},"headline":"S\u0131la Do\u011fu, Dilan Polat&#8217;la \u00e7ekildi\u011fi foto\u011fraf\u0131 payla\u015ft\u0131: Beyazlar\u0131n\u0131 boyayaca\u011f\u0131z, toparlanacaks\u0131n karde\u015fim","datePublished":"2024-08-19T21:51:23+00:00","mainEntityOfPage":{"@id":"https:\/\/kibrisdakik.com\/?p=55553"},"wordCount":157,"commentCount":0,"image":{"@id":"https:\/\/kibrisdakik.com\/?p=55553#primaryimage"},"thumbnailUrl":"https:\/\/kibrisdakik.com\/wp-content\/uploads\/2024\/08\/sila-dogu-dilan-polat-la-cekildigi-fotografi-17736614_2004_amp.jpg","articleSection":["Magazin"],"inLanguage":"tr","potentialAction":[{"@type":"CommentAction","name":"Comment","target":["https:\/\/kibrisdakik.com\/?p=55553#respond"]}]},{"@type":"WebPage","@id":"https:\/\/kibrisdakik.com\/?p=55553","url":"https:\/\/kibrisdakik.com\/?p=55553","name":"S\u0131la Do\u011fu, Dilan Polat'la \u00e7ekildi\u011fi foto\u011fraf\u0131 payla\u015ft\u0131: Beyazlar\u0131n\u0131 boyayaca\u011f\u0131z, toparlanacaks\u0131n karde\u015fim -","isPartOf":{"@id":"https:\/\/kibrisdakik.com\/#website"},"primaryImageOfPage":{"@id":"https:\/\/kibrisdakik.com\/?p=55553#primaryimage"},"image":{"@id":"https:\/\/kibrisdakik.com\/?p=55553#primaryimage"},"thumbnailUrl":"https:\/\/kibrisdakik.com\/wp-content\/uploads\/2024\/08\/sila-dogu-dilan-polat-la-cekildigi-fotografi-17736614_2004_amp.jpg","datePublished":"2024-08-19T21:51:23+00:00","author":{"@id":"https:\/\/kibrisdakik.com\/#\/schema\/person\/9cd9d437bbb44f72b73ba127e06d8e79"},"breadcrumb":{"@id":"https:\/\/kibrisdakik.com\/?p=55553#breadcrumb"},"inLanguage":"tr","potentialAction":[{"@type":"ReadAction","target":["https:\/\/kibrisdakik.com\/?p=55553"]}]},{"@type":"ImageObject","inLanguage":"tr","@id":"https:\/\/kibrisdakik.com\/?p=55553#primaryimage","url":"https:\/\/kibrisdakik.com\/wp-content\/uploads\/2024\/08\/sila-dogu-dilan-polat-la-cekildigi-fotografi-17736614_2004_amp.jpg","contentUrl":"https:\/\/kibrisdakik.com\/wp-content\/uploads\/2024\/08\/sila-dogu-dilan-polat-la-cekildigi-fotografi-17736614_2004_amp.jpg","width":1202,"height":675},{"@type":"BreadcrumbList","@id":"https:\/\/kibrisdakik.com\/?p=55553#breadcrumb","itemListElement":[{"@type":"ListItem","position":1,"name":"Home","item":"https:\/\/kibrisdakik.com\/"},{"@type":"ListItem","position":2,"name":"S\u0131la Do\u011fu, Dilan Polat&#8217;la \u00e7ekildi\u011fi foto\u011fraf\u0131 payla\u015ft\u0131: Beyazlar\u0131n\u0131 boyayaca\u011f\u0131z, toparlanacaks\u0131n karde\u015fim"}]},{"@type":"WebSite","@id":"https:\/\/kibrisdakik.com\/#website","url":"https:\/\/kibrisdakik.com\/","name":"","description":"Tam vaktinde haber","potentialAction":[{"@type":"SearchAction","target":{"@type":"EntryPoint","urlTemplate":"https:\/\/kibrisdakik.com\/?s={search_term_string}"},"query-input":{"@type":"PropertyValueSpecification","valueRequired":true,"valueName":"search_term_string"}}],"inLanguage":"tr"},{"@type":"Person","@id":"https:\/\/kibrisdakik.com\/#\/schema\/person\/9cd9d437bbb44f72b73ba127e06d8e79","name":"admin","image":{"@type":"ImageObject","inLanguage":"tr","@id":"https:\/\/secure.gravatar.com\/avatar\/ccc17943b9d660506c869530f897617f7cb1c21a4bf30023f252596d83e1f007?s=96&d=mm&r=g","url":"https:\/\/secure.gravatar.com\/avatar\/ccc17943b9d660506c869530f897617f7cb1c21a4bf30023f252596d83e1f007?s=96&d=mm&r=g","contentUrl":"https:\/\/secure.gravatar.com\/avatar\/ccc17943b9d660506c869530f897617f7cb1c21a4bf30023f252596d83e1f007?s=96&d=mm&r=g","caption":"admin"},"sameAs":["https:\/\/kibrisdakik.com"],"url":"https:\/\/kibrisdakik.com\/?author=1"}]}},"_links":{"self":[{"href":"https:\/\/kibrisdakik.com\/index.php?rest_route=\/wp\/v2\/posts\/55553","targetHints":{"allow":["GET"]}}],"collection":[{"href":"https:\/\/kibrisdakik.com\/index.php?rest_route=\/wp\/v2\/posts"}],"about":[{"href":"https:\/\/kibrisdakik.com\/index.php?rest_route=\/wp\/v2\/types\/post"}],"author":[{"embeddable":true,"href":"https:\/\/kibrisdakik.com\/index.php?rest_route=\/wp\/v2\/users\/1"}],"replies":[{"embeddable":true,"href":"https:\/\/kibrisdakik.com\/index.php?rest_route=%2Fwp%2Fv2%2Fcomments&post=55553"}],"version-history":[{"count":0,"href":"https:\/\/kibrisdakik.com\/index.php?rest_route=\/wp\/v2\/posts\/55553\/revisions"}],"wp:featuredmedia":[{"embeddable":true,"href":"https:\/\/kibrisdakik.com\/index.php?rest_route=\/wp\/v2\/media\/55554"}],"wp:attachment":[{"href":"https:\/\/kibrisdakik.com\/index.php?rest_route=%2Fwp%2Fv2%2Fmedia&parent=55553"}],"wp:term":[{"taxonomy":"category","embeddable":true,"href":"https:\/\/kibrisdakik.com\/index.php?rest_route=%2Fwp%2Fv2%2Fcategories&post=55553"},{"taxonomy":"post_tag","embeddable":true,"href":"https:\/\/kibrisdakik.com\/index.php?rest_route=%2Fwp%2Fv2%2Ftags&post=55553"}],"curies":[{"name":"wp","href":"https:\/\/api.w.org\/{rel}","templated":true}]}}