{"id":55571,"date":"2024-08-20T00:35:17","date_gmt":"2024-08-19T21:35:17","guid":{"rendered":"https:\/\/kibrisdakik.com\/index.php\/2024\/08\/20\/serikte-eski-belediye-baskan-yardimcisi-eski-meclis-uyesini-silahla-oldurdu\/"},"modified":"2024-08-20T00:35:17","modified_gmt":"2024-08-19T21:35:17","slug":"serikte-eski-belediye-baskan-yardimcisi-eski-meclis-uyesini-silahla-oldurdu","status":"publish","type":"post","link":"https:\/\/kibrisdakik.com\/?p=55571","title":{"rendered":"Serik&#8217;te eski belediye ba\u015fkan yard\u0131mc\u0131s\u0131, eski meclis \u00fcyesini silahla \u00f6ld\u00fcrd\u00fc"},"content":{"rendered":"<p><\/p>\n<div id=\"\">\n<p>Antalya&#8217;n\u0131n Serik il\u00e7esinde, eski Serik Belediye Ba\u015fkan Yard\u0131mc\u0131s\u0131 Ziya Y., belediyenin eski meclis \u00fcyesi Hasan Ali Tuncer&#8217;i d\u00fc\u011f\u00fcnde \u00e7\u0131kan kavgada silahla vurarak \u00f6ld\u00fcrd\u00fc.<\/p>\n<p><img loading=\"lazy\" decoding=\"async\" class=\"hbptMainImage lazyload ImgDetay\" src=\"https:\/\/foto.haberler.com\/haber\/2024\/08\/20\/serik-te-eski-belediye-baskan-yardimcisi-eski-17736582_9921_m.jpg\" alt=\"Serik'te eski belediye ba\u015fkan yard\u0131mc\u0131s\u0131, eski meclis \u00fcyesini silahla \u00f6ld\u00fcrd\u00fc\" width=\"640\" height=\"423\"\/><span class=\"figcaption\">Eski Serik Belediye Ba\u015fkan Yard\u0131mc\u0131s\u0131 Ziya Y.<\/span><\/p>\n<h3>D\u00dc\u011e\u00dcNDE ESK\u0130 BELED\u0130YE MECL\u0130S \u00dcYES\u0130N\u0130 VURDU<\/h3>\n<p>Belk\u0131s Mahallesi&#8217;nde bir d\u00fc\u011f\u00fcne davetli olarak kat\u0131lan ge\u00e7en d\u00f6nemin Belediye Ba\u015fkan Yard\u0131mc\u0131s\u0131 Ziya Y. (63) ile ayn\u0131 d\u00f6nem Serik Belediyesi meclis \u00fcyeli\u011fi yapan Tuncer (45) aras\u0131nda bilinmeyen nedenle tart\u0131\u015fma \u00e7\u0131kt\u0131. Tart\u0131\u015fman\u0131n kavgaya d\u00f6n\u00fc\u015fmesi \u00fczerine Ziya Y. yan\u0131nda ta\u015f\u0131d\u0131\u011f\u0131 silahla Tuncer&#8217;e ate\u015f etti. D\u00fc\u011f\u00fcndekilerin ihbar\u0131yla olay yerine 112 Acil Sa\u011fl\u0131k ve polis ekipleri sevk edildi.<\/p>\n<p><img loading=\"lazy\" decoding=\"async\" class=\"hbptMainImage lazyload ImgDetay\" src=\"https:\/\/foto.haberler.com\/haber\/2024\/08\/20\/serik-te-eski-belediye-baskan-yardimcisi-eski-17736582_6395_m.jpg\" alt=\"Serik'te eski belediye ba\u015fkan yard\u0131mc\u0131s\u0131, eski meclis \u00fcyesini silahla \u00f6ld\u00fcrd\u00fc\" width=\"640\" height=\"640\"\/><span class=\"figcaption\">Eski Serik Belediyesi Meclis \u00dcyesi Hasan Ali Tuncer<\/span><\/p>\n<h3>HASTANEDE HAYATINI KAYBETT\u0130<\/h3>\n<p>Bu s\u0131rada d\u00fc\u011f\u00fcnde bulunan bir doktorun ilk m\u00fcdahaleyi yapt\u0131\u011f\u0131 Tuncer, olay yerine gelen sa\u011fl\u0131k ekibince Serik Devlet Hastanesine kald\u0131r\u0131ld\u0131. Tuncer yap\u0131lan m\u00fcdahaleye ra\u011fmen kurtar\u0131lamad\u0131. Ziya Y, polislerce g\u00f6zalt\u0131na al\u0131nd\u0131.<\/p>\n<figure class=\"type:primaryimage hbhOrder\" style=\"margin-bottom: 20px;\"><img loading=\"lazy\" decoding=\"async\" width=\"1202\" height=\"675\" class=\"hbptMainImage\" id=\"HaberImage\" src=\"https:\/\/foto.haberler.com\/haber\/2024\/08\/20\/serik-te-eski-belediye-baskan-yardimcisi-eski-17736582_1493_amp.jpg\"\/><\/figure>\n<h4 id=\"nwsKeywords\"> <a href=\"https:\/\/www.haberler.com\/ali-tuncer\/\" title=\"Ali Tuncer\" class=\"hbptTag\">Ali Tuncer<\/a>  <a href=\"https:\/\/www.haberler.com\/antalya\/\" title=\"antalya\" class=\"hbptTag\">antalya<\/a>  <a href=\"https:\/\/www.haberler.com\/3-sayfa\/\" title=\"3-sayfa\" class=\"hbptTag\">3-sayfa<\/a>  <a href=\"https:\/\/www.haberler.com\/serik\/\" title=\"serik\" class=\"hbptTag\">serik<\/a>  <a href=\"https:\/\/www.haberler.com\/guvenlik\/\" title=\"G\u00fcvenlik\" class=\"hbptTag\">G\u00fcvenlik<\/a>  <a href=\"https:\/\/www.haberler.com\/suc\/\" title=\"Su\u00e7\" class=\"hbptTag\">Su\u00e7<\/a>  <a href=\"https:\/\/www.haberler.com\/hukuk\/\" title=\"Hukuk\" class=\"hbptTag\">Hukuk<\/a>  <a href=\"https:\/\/www.haberler.com\/3-sayfa\/\" title=\"3.Sayfa\" class=\"hbptTag\">3.Sayfa<\/a>  <a href=\"https:\/\/www.haberler.com\/guncel\/\" title=\"G\u00fcncel\" class=\"hbptTag\">G\u00fcncel<\/a>  <a href=\"https:\/\/www.haberler.com\/\" title=\"Haberler\" class=\"hbptTag\">Haberler<\/a> <\/h4>\n<\/div>\n","protected":false},"excerpt":{"rendered":"<p>Antalya&#8217;n\u0131n Serik il\u00e7esinde, eski Serik Belediye Ba\u015fkan Yard\u0131mc\u0131s\u0131 Ziya Y., belediyenin eski meclis \u00fcyesi Hasan Ali Tuncer&#8217;i d\u00fc\u011f\u00fcnde \u00e7\u0131kan kavgada silahla vurarak \u00f6ld\u00fcrd\u00fc. Eski Serik Belediye Ba\u015fkan Yard\u0131mc\u0131s\u0131 Ziya Y. D\u00dc\u011e\u00dcNDE ESK\u0130 BELED\u0130YE MECL\u0130S \u00dcYES\u0130N\u0130 VURDU Belk\u0131s Mahallesi&#8217;nde bir d\u00fc\u011f\u00fcne davetli olarak kat\u0131lan ge\u00e7en d\u00f6nemin Belediye Ba\u015fkan Yard\u0131mc\u0131s\u0131 Ziya Y. (63) ile ayn\u0131 d\u00f6nem Serik<\/p>\n","protected":false},"author":1,"featured_media":55572,"comment_status":"open","ping_status":"open","sticky":false,"template":"","format":"standard","meta":{"footnotes":""},"categories":[83],"tags":[],"class_list":["post-55571","post","type-post","status-publish","format-standard","has-post-thumbnail","hentry","category-magazin"],"yoast_head":"<!-- This site is optimized with the Yoast SEO plugin v27.4 - https:\/\/yoast.com\/product\/yoast-seo-wordpress\/ -->\n<title>Serik&#039;te eski belediye ba\u015fkan yard\u0131mc\u0131s\u0131, eski meclis \u00fcyesini silahla \u00f6ld\u00fcrd\u00fc -<\/title>\n<meta name=\"robots\" content=\"index, follow, max-snippet:-1, max-image-preview:large, max-video-preview:-1\" \/>\n<link rel=\"canonical\" href=\"https:\/\/kibrisdakik.com\/?p=55571\" \/>\n<meta property=\"og:locale\" content=\"tr_TR\" \/>\n<meta property=\"og:type\" content=\"article\" \/>\n<meta property=\"og:title\" content=\"Serik&#039;te eski belediye ba\u015fkan yard\u0131mc\u0131s\u0131, eski meclis \u00fcyesini silahla \u00f6ld\u00fcrd\u00fc -\" \/>\n<meta property=\"og:description\" content=\"Antalya&#8217;n\u0131n Serik il\u00e7esinde, eski Serik Belediye Ba\u015fkan Yard\u0131mc\u0131s\u0131 Ziya Y., belediyenin eski meclis \u00fcyesi Hasan Ali Tuncer&#8217;i d\u00fc\u011f\u00fcnde \u00e7\u0131kan kavgada silahla vurarak \u00f6ld\u00fcrd\u00fc. Eski Serik Belediye Ba\u015fkan Yard\u0131mc\u0131s\u0131 Ziya Y. D\u00dc\u011e\u00dcNDE ESK\u0130 BELED\u0130YE MECL\u0130S \u00dcYES\u0130N\u0130 VURDU Belk\u0131s Mahallesi&#8217;nde bir d\u00fc\u011f\u00fcne davetli olarak kat\u0131lan ge\u00e7en d\u00f6nemin Belediye Ba\u015fkan Yard\u0131mc\u0131s\u0131 Ziya Y. (63) ile ayn\u0131 d\u00f6nem Serik\" \/>\n<meta property=\"og:url\" content=\"https:\/\/kibrisdakik.com\/?p=55571\" \/>\n<meta property=\"article:published_time\" content=\"2024-08-19T21:35:17+00:00\" \/>\n<meta property=\"og:image\" content=\"https:\/\/kibrisdakik.com\/wp-content\/uploads\/2024\/08\/serik-te-eski-belediye-baskan-yardimcisi-eski-17736582_9921_m-640x420.jpg\" \/>\n\t<meta property=\"og:image:width\" content=\"640\" \/>\n\t<meta property=\"og:image:height\" content=\"423\" \/>\n\t<meta property=\"og:image:type\" content=\"image\/jpeg\" \/>\n<meta name=\"author\" content=\"admin\" \/>\n<meta name=\"twitter:card\" content=\"summary_large_image\" \/>\n<meta name=\"twitter:label1\" content=\"Yazan:\" \/>\n\t<meta name=\"twitter:data1\" content=\"admin\" \/>\n\t<meta name=\"twitter:label2\" content=\"Tahmini okuma s\u00fcresi\" \/>\n\t<meta name=\"twitter:data2\" content=\"1 dakika\" \/>\n<script type=\"application\/ld+json\" class=\"yoast-schema-graph\">{\"@context\":\"https:\\\/\\\/schema.org\",\"@graph\":[{\"@type\":\"Article\",\"@id\":\"https:\\\/\\\/kibrisdakik.com\\\/?p=55571#article\",\"isPartOf\":{\"@id\":\"https:\\\/\\\/kibrisdakik.com\\\/?p=55571\"},\"author\":{\"name\":\"admin\",\"@id\":\"https:\\\/\\\/kibrisdakik.com\\\/#\\\/schema\\\/person\\\/9cd9d437bbb44f72b73ba127e06d8e79\"},\"headline\":\"Serik&#8217;te eski belediye ba\u015fkan yard\u0131mc\u0131s\u0131, eski meclis \u00fcyesini silahla \u00f6ld\u00fcrd\u00fc\",\"datePublished\":\"2024-08-19T21:35:17+00:00\",\"mainEntityOfPage\":{\"@id\":\"https:\\\/\\\/kibrisdakik.com\\\/?p=55571\"},\"wordCount\":204,\"commentCount\":0,\"image\":{\"@id\":\"https:\\\/\\\/kibrisdakik.com\\\/?p=55571#primaryimage\"},\"thumbnailUrl\":\"https:\\\/\\\/kibrisdakik.com\\\/wp-content\\\/uploads\\\/2024\\\/08\\\/serik-te-eski-belediye-baskan-yardimcisi-eski-17736582_9921_m-640x420.jpg\",\"articleSection\":[\"Magazin\"],\"inLanguage\":\"tr\",\"potentialAction\":[{\"@type\":\"CommentAction\",\"name\":\"Comment\",\"target\":[\"https:\\\/\\\/kibrisdakik.com\\\/?p=55571#respond\"]}]},{\"@type\":\"WebPage\",\"@id\":\"https:\\\/\\\/kibrisdakik.com\\\/?p=55571\",\"url\":\"https:\\\/\\\/kibrisdakik.com\\\/?p=55571\",\"name\":\"Serik'te eski belediye ba\u015fkan yard\u0131mc\u0131s\u0131, eski meclis \u00fcyesini silahla \u00f6ld\u00fcrd\u00fc -\",\"isPartOf\":{\"@id\":\"https:\\\/\\\/kibrisdakik.com\\\/#website\"},\"primaryImageOfPage\":{\"@id\":\"https:\\\/\\\/kibrisdakik.com\\\/?p=55571#primaryimage\"},\"image\":{\"@id\":\"https:\\\/\\\/kibrisdakik.com\\\/?p=55571#primaryimage\"},\"thumbnailUrl\":\"https:\\\/\\\/kibrisdakik.com\\\/wp-content\\\/uploads\\\/2024\\\/08\\\/serik-te-eski-belediye-baskan-yardimcisi-eski-17736582_9921_m-640x420.jpg\",\"datePublished\":\"2024-08-19T21:35:17+00:00\",\"author\":{\"@id\":\"https:\\\/\\\/kibrisdakik.com\\\/#\\\/schema\\\/person\\\/9cd9d437bbb44f72b73ba127e06d8e79\"},\"breadcrumb\":{\"@id\":\"https:\\\/\\\/kibrisdakik.com\\\/?p=55571#breadcrumb\"},\"inLanguage\":\"tr\",\"potentialAction\":[{\"@type\":\"ReadAction\",\"target\":[\"https:\\\/\\\/kibrisdakik.com\\\/?p=55571\"]}]},{\"@type\":\"ImageObject\",\"inLanguage\":\"tr\",\"@id\":\"https:\\\/\\\/kibrisdakik.com\\\/?p=55571#primaryimage\",\"url\":\"https:\\\/\\\/kibrisdakik.com\\\/wp-content\\\/uploads\\\/2024\\\/08\\\/serik-te-eski-belediye-baskan-yardimcisi-eski-17736582_9921_m-640x420.jpg\",\"contentUrl\":\"https:\\\/\\\/kibrisdakik.com\\\/wp-content\\\/uploads\\\/2024\\\/08\\\/serik-te-eski-belediye-baskan-yardimcisi-eski-17736582_9921_m-640x420.jpg\",\"width\":640,\"height\":423},{\"@type\":\"BreadcrumbList\",\"@id\":\"https:\\\/\\\/kibrisdakik.com\\\/?p=55571#breadcrumb\",\"itemListElement\":[{\"@type\":\"ListItem\",\"position\":1,\"name\":\"Home\",\"item\":\"https:\\\/\\\/kibrisdakik.com\\\/\"},{\"@type\":\"ListItem\",\"position\":2,\"name\":\"Serik&#8217;te eski belediye ba\u015fkan yard\u0131mc\u0131s\u0131, eski meclis \u00fcyesini silahla \u00f6ld\u00fcrd\u00fc\"}]},{\"@type\":\"WebSite\",\"@id\":\"https:\\\/\\\/kibrisdakik.com\\\/#website\",\"url\":\"https:\\\/\\\/kibrisdakik.com\\\/\",\"name\":\"\",\"description\":\"Tam vaktinde haber\",\"potentialAction\":[{\"@type\":\"SearchAction\",\"target\":{\"@type\":\"EntryPoint\",\"urlTemplate\":\"https:\\\/\\\/kibrisdakik.com\\\/?s={search_term_string}\"},\"query-input\":{\"@type\":\"PropertyValueSpecification\",\"valueRequired\":true,\"valueName\":\"search_term_string\"}}],\"inLanguage\":\"tr\"},{\"@type\":\"Person\",\"@id\":\"https:\\\/\\\/kibrisdakik.com\\\/#\\\/schema\\\/person\\\/9cd9d437bbb44f72b73ba127e06d8e79\",\"name\":\"admin\",\"image\":{\"@type\":\"ImageObject\",\"inLanguage\":\"tr\",\"@id\":\"https:\\\/\\\/secure.gravatar.com\\\/avatar\\\/ccc17943b9d660506c869530f897617f7cb1c21a4bf30023f252596d83e1f007?s=96&d=mm&r=g\",\"url\":\"https:\\\/\\\/secure.gravatar.com\\\/avatar\\\/ccc17943b9d660506c869530f897617f7cb1c21a4bf30023f252596d83e1f007?s=96&d=mm&r=g\",\"contentUrl\":\"https:\\\/\\\/secure.gravatar.com\\\/avatar\\\/ccc17943b9d660506c869530f897617f7cb1c21a4bf30023f252596d83e1f007?s=96&d=mm&r=g\",\"caption\":\"admin\"},\"sameAs\":[\"https:\\\/\\\/kibrisdakik.com\"],\"url\":\"https:\\\/\\\/kibrisdakik.com\\\/?author=1\"}]}<\/script>\n<!-- \/ Yoast SEO plugin. -->","yoast_head_json":{"title":"Serik'te eski belediye ba\u015fkan yard\u0131mc\u0131s\u0131, eski meclis \u00fcyesini silahla \u00f6ld\u00fcrd\u00fc -","robots":{"index":"index","follow":"follow","max-snippet":"max-snippet:-1","max-image-preview":"max-image-preview:large","max-video-preview":"max-video-preview:-1"},"canonical":"https:\/\/kibrisdakik.com\/?p=55571","og_locale":"tr_TR","og_type":"article","og_title":"Serik'te eski belediye ba\u015fkan yard\u0131mc\u0131s\u0131, eski meclis \u00fcyesini silahla \u00f6ld\u00fcrd\u00fc -","og_description":"Antalya&#8217;n\u0131n Serik il\u00e7esinde, eski Serik Belediye Ba\u015fkan Yard\u0131mc\u0131s\u0131 Ziya Y., belediyenin eski meclis \u00fcyesi Hasan Ali Tuncer&#8217;i d\u00fc\u011f\u00fcnde \u00e7\u0131kan kavgada silahla vurarak \u00f6ld\u00fcrd\u00fc. Eski Serik Belediye Ba\u015fkan Yard\u0131mc\u0131s\u0131 Ziya Y. D\u00dc\u011e\u00dcNDE ESK\u0130 BELED\u0130YE MECL\u0130S \u00dcYES\u0130N\u0130 VURDU Belk\u0131s Mahallesi&#8217;nde bir d\u00fc\u011f\u00fcne davetli olarak kat\u0131lan ge\u00e7en d\u00f6nemin Belediye Ba\u015fkan Yard\u0131mc\u0131s\u0131 Ziya Y. (63) ile ayn\u0131 d\u00f6nem Serik","og_url":"https:\/\/kibrisdakik.com\/?p=55571","article_published_time":"2024-08-19T21:35:17+00:00","og_image":[{"width":640,"height":423,"url":"https:\/\/kibrisdakik.com\/wp-content\/uploads\/2024\/08\/serik-te-eski-belediye-baskan-yardimcisi-eski-17736582_9921_m-640x420.jpg","type":"image\/jpeg"}],"author":"admin","twitter_card":"summary_large_image","twitter_misc":{"Yazan:":"admin","Tahmini okuma s\u00fcresi":"1 dakika"},"schema":{"@context":"https:\/\/schema.org","@graph":[{"@type":"Article","@id":"https:\/\/kibrisdakik.com\/?p=55571#article","isPartOf":{"@id":"https:\/\/kibrisdakik.com\/?p=55571"},"author":{"name":"admin","@id":"https:\/\/kibrisdakik.com\/#\/schema\/person\/9cd9d437bbb44f72b73ba127e06d8e79"},"headline":"Serik&#8217;te eski belediye ba\u015fkan yard\u0131mc\u0131s\u0131, eski meclis \u00fcyesini silahla \u00f6ld\u00fcrd\u00fc","datePublished":"2024-08-19T21:35:17+00:00","mainEntityOfPage":{"@id":"https:\/\/kibrisdakik.com\/?p=55571"},"wordCount":204,"commentCount":0,"image":{"@id":"https:\/\/kibrisdakik.com\/?p=55571#primaryimage"},"thumbnailUrl":"https:\/\/kibrisdakik.com\/wp-content\/uploads\/2024\/08\/serik-te-eski-belediye-baskan-yardimcisi-eski-17736582_9921_m-640x420.jpg","articleSection":["Magazin"],"inLanguage":"tr","potentialAction":[{"@type":"CommentAction","name":"Comment","target":["https:\/\/kibrisdakik.com\/?p=55571#respond"]}]},{"@type":"WebPage","@id":"https:\/\/kibrisdakik.com\/?p=55571","url":"https:\/\/kibrisdakik.com\/?p=55571","name":"Serik'te eski belediye ba\u015fkan yard\u0131mc\u0131s\u0131, eski meclis \u00fcyesini silahla \u00f6ld\u00fcrd\u00fc -","isPartOf":{"@id":"https:\/\/kibrisdakik.com\/#website"},"primaryImageOfPage":{"@id":"https:\/\/kibrisdakik.com\/?p=55571#primaryimage"},"image":{"@id":"https:\/\/kibrisdakik.com\/?p=55571#primaryimage"},"thumbnailUrl":"https:\/\/kibrisdakik.com\/wp-content\/uploads\/2024\/08\/serik-te-eski-belediye-baskan-yardimcisi-eski-17736582_9921_m-640x420.jpg","datePublished":"2024-08-19T21:35:17+00:00","author":{"@id":"https:\/\/kibrisdakik.com\/#\/schema\/person\/9cd9d437bbb44f72b73ba127e06d8e79"},"breadcrumb":{"@id":"https:\/\/kibrisdakik.com\/?p=55571#breadcrumb"},"inLanguage":"tr","potentialAction":[{"@type":"ReadAction","target":["https:\/\/kibrisdakik.com\/?p=55571"]}]},{"@type":"ImageObject","inLanguage":"tr","@id":"https:\/\/kibrisdakik.com\/?p=55571#primaryimage","url":"https:\/\/kibrisdakik.com\/wp-content\/uploads\/2024\/08\/serik-te-eski-belediye-baskan-yardimcisi-eski-17736582_9921_m-640x420.jpg","contentUrl":"https:\/\/kibrisdakik.com\/wp-content\/uploads\/2024\/08\/serik-te-eski-belediye-baskan-yardimcisi-eski-17736582_9921_m-640x420.jpg","width":640,"height":423},{"@type":"BreadcrumbList","@id":"https:\/\/kibrisdakik.com\/?p=55571#breadcrumb","itemListElement":[{"@type":"ListItem","position":1,"name":"Home","item":"https:\/\/kibrisdakik.com\/"},{"@type":"ListItem","position":2,"name":"Serik&#8217;te eski belediye ba\u015fkan yard\u0131mc\u0131s\u0131, eski meclis \u00fcyesini silahla \u00f6ld\u00fcrd\u00fc"}]},{"@type":"WebSite","@id":"https:\/\/kibrisdakik.com\/#website","url":"https:\/\/kibrisdakik.com\/","name":"","description":"Tam vaktinde haber","potentialAction":[{"@type":"SearchAction","target":{"@type":"EntryPoint","urlTemplate":"https:\/\/kibrisdakik.com\/?s={search_term_string}"},"query-input":{"@type":"PropertyValueSpecification","valueRequired":true,"valueName":"search_term_string"}}],"inLanguage":"tr"},{"@type":"Person","@id":"https:\/\/kibrisdakik.com\/#\/schema\/person\/9cd9d437bbb44f72b73ba127e06d8e79","name":"admin","image":{"@type":"ImageObject","inLanguage":"tr","@id":"https:\/\/secure.gravatar.com\/avatar\/ccc17943b9d660506c869530f897617f7cb1c21a4bf30023f252596d83e1f007?s=96&d=mm&r=g","url":"https:\/\/secure.gravatar.com\/avatar\/ccc17943b9d660506c869530f897617f7cb1c21a4bf30023f252596d83e1f007?s=96&d=mm&r=g","contentUrl":"https:\/\/secure.gravatar.com\/avatar\/ccc17943b9d660506c869530f897617f7cb1c21a4bf30023f252596d83e1f007?s=96&d=mm&r=g","caption":"admin"},"sameAs":["https:\/\/kibrisdakik.com"],"url":"https:\/\/kibrisdakik.com\/?author=1"}]}},"_links":{"self":[{"href":"https:\/\/kibrisdakik.com\/index.php?rest_route=\/wp\/v2\/posts\/55571","targetHints":{"allow":["GET"]}}],"collection":[{"href":"https:\/\/kibrisdakik.com\/index.php?rest_route=\/wp\/v2\/posts"}],"about":[{"href":"https:\/\/kibrisdakik.com\/index.php?rest_route=\/wp\/v2\/types\/post"}],"author":[{"embeddable":true,"href":"https:\/\/kibrisdakik.com\/index.php?rest_route=\/wp\/v2\/users\/1"}],"replies":[{"embeddable":true,"href":"https:\/\/kibrisdakik.com\/index.php?rest_route=%2Fwp%2Fv2%2Fcomments&post=55571"}],"version-history":[{"count":0,"href":"https:\/\/kibrisdakik.com\/index.php?rest_route=\/wp\/v2\/posts\/55571\/revisions"}],"wp:featuredmedia":[{"embeddable":true,"href":"https:\/\/kibrisdakik.com\/index.php?rest_route=\/wp\/v2\/media\/55572"}],"wp:attachment":[{"href":"https:\/\/kibrisdakik.com\/index.php?rest_route=%2Fwp%2Fv2%2Fmedia&parent=55571"}],"wp:term":[{"taxonomy":"category","embeddable":true,"href":"https:\/\/kibrisdakik.com\/index.php?rest_route=%2Fwp%2Fv2%2Fcategories&post=55571"},{"taxonomy":"post_tag","embeddable":true,"href":"https:\/\/kibrisdakik.com\/index.php?rest_route=%2Fwp%2Fv2%2Ftags&post=55571"}],"curies":[{"name":"wp","href":"https:\/\/api.w.org\/{rel}","templated":true}]}}