{"id":55573,"date":"2024-08-20T00:18:02","date_gmt":"2024-08-19T21:18:02","guid":{"rendered":"https:\/\/kibrisdakik.com\/index.php\/2024\/08\/20\/taciz-iddiasi-mahalleyi-karistirdi-kasabi-ofkeli-kalabaligin-elinden-polis-kurtardi\/"},"modified":"2024-08-20T00:18:02","modified_gmt":"2024-08-19T21:18:02","slug":"taciz-iddiasi-mahalleyi-karistirdi-kasabi-ofkeli-kalabaligin-elinden-polis-kurtardi","status":"publish","type":"post","link":"https:\/\/kibrisdakik.com\/?p=55573","title":{"rendered":"Taciz iddias\u0131 mahalleyi kar\u0131\u015ft\u0131rd\u0131! Kasab\u0131, \u00f6fkeli kalabal\u0131\u011f\u0131n elinden polis kurtard\u0131"},"content":{"rendered":"<p><\/p>\n<div id=\"\">\n<p> <a class=\"keyword\" href=\"https:\/\/www.haberler.com\/esenyurt\/\" title=\"Esenyurt Haberleri, Esenyurt Haberi, Esenyurt Haber\"><strong>Esenyurt<\/strong><\/a>&#8216;ta bir i\u015f yerinde 2 k\u0131z \u00e7ocu\u011funa y\u00f6nelik taciz iddias\u0131, mahallede gerginli\u011fe neden oldu. Taciz iddias\u0131n\u0131n ger\u00e7ekle\u015fti\u011fi i\u015f yerinin sahibi Y.E. g\u00f6zalt\u0131na al\u0131n\u0131rken, polis \u00e7evrede geni\u015f g\u00fcvenlik \u00f6nlemi ald\u0131.<\/p>\n<p><img loading=\"lazy\" decoding=\"async\" class=\"hbptMainImage lazyload ImgDetay\" src=\"https:\/\/foto.haberler.com\/haber\/2024\/08\/20\/esenyurt-ta-is-yerinde-taciz-iddiasi-is-yeri-17736552_8989_m.jpg\" alt=\"Esenyurt'ta \u0130\u015f Yerinde Taciz \u0130ddias\u0131: \u0130\u015f Yeri Sahibi G\u00f6zalt\u0131na Al\u0131nd\u0131\" width=\"640\" height=\"480\"\/><\/p>\n<h3>TAC\u0130Z \u0130DD\u0130ASI MAHALLEY\u0130 KARI\u015eTIRDI<\/h3>\n<p>Olay, saat 18.00 s\u0131ralar\u0131nda Selahaddin Eyyubi Mahallesi 1530. Sokak&#8217;ta ger\u00e7ekle\u015fti. \u0130ddiaya g\u00f6re, et ve \u015fark\u00fcteri \u00fcr\u00fcnlerinin sat\u0131ld\u0131\u011f\u0131 d\u00fckkana al\u0131\u015fveri\u015f yapmak \u00fczere gelen ya\u015f\u0131 k\u00fc\u00e7\u00fck 2 k\u0131z \u00e7ocu\u011fu tacize u\u011frad\u0131. \u00c7ocuklar\u0131n kendilerini korumak i\u00e7in ba\u011f\u0131rarak yard\u0131m \u00e7a\u011f\u0131rmas\u0131 \u00fczerine \u00e7evrede bulunanlar i\u015f yerinde topland\u0131. \u0130hbar \u00fczerine olay yerine polis ekipleri sevk edildi.<\/p>\n<p><img loading=\"lazy\" decoding=\"async\" class=\"hbptMainImage lazyload ImgDetay\" src=\"https:\/\/foto.haberler.com\/haber\/2024\/08\/20\/esenyurt-ta-is-yerinde-taciz-iddiasi-is-yeri-17736552_2948_m.jpg\" alt=\"Esenyurt'ta \u0130\u015f Yerinde Taciz \u0130ddias\u0131: \u0130\u015f Yeri Sahibi G\u00f6zalt\u0131na Al\u0131nd\u0131\" width=\"640\" height=\"480\"\/><\/p>\n<h3>KASABI L\u0130N\u00c7 ETMEK \u0130STED\u0130LER<\/h3>\n<p>\u00d6fkeli mahalleli ve i\u015f yeri sahibi aras\u0131nda k\u0131sa s\u00fcreli ya\u015fanan arbede polis ekiplerinin m\u00fcdahalesiyle son buldu. Bu s\u0131rada i\u015f yerinin kepenkleri ve camlar\u0131 zarar g\u00f6rd\u00fc. Olay yerine \u00e7ok say\u0131da takviye \u00e7evik kuvvet ve \u00f6zel harekat polisi sevk edildi. \u00c7evrede ve olay\u0131n ya\u015fand\u0131\u011f\u0131 iddia edilen i\u015f yerinde geni\u015f g\u00fcvenlik \u00f6nlemleri al\u0131nmas\u0131n\u0131n ard\u0131ndan iki k\u0131z \u00e7ocu\u011funu taciz etti\u011fi iddias\u0131yla g\u00f6zalt\u0131na al\u0131nan i\u015f yeri sahibi Y. E., polis merkezine g\u00f6t\u00fcr\u00fcld\u00fc.<\/p>\n<p>Polis ekipleri, g\u00fcvenlik kamera g\u00f6r\u00fcnt\u00fclerini incelemeye ald\u0131. Polisin olayla ilgili incelemesi devam ederken, tacizin ger\u00e7ekle\u015fti\u011fi iddia edilen kasap d\u00fckkan\u0131 ve \u00e7evresinde g\u00fcvenlik \u00f6nlemleri al\u0131nd\u0131. \u015e\u00fcphelinin emniyetteki i\u015flemleri s\u00fcrerken, polisin olayla ilgili incelemesi devam ediyor.<\/p>\n<figure class=\"type:primaryimage hbhOrder\" style=\"margin-bottom: 20px;\"><img loading=\"lazy\" decoding=\"async\" width=\"1202\" height=\"675\" class=\"hbptMainImage\" id=\"HaberImage\" src=\"https:\/\/foto.haberler.com\/haber\/2024\/08\/20\/esenyurt-ta-is-yerinde-taciz-iddiasi-is-yeri-17736552_1682_amp.jpg\"\/><\/figure>\n<div class=\"editorSade\">Kaynak: Demir\u00f6ren Haber Ajans\u0131 \/  <a href=\"https:\/\/www.haberler.com\/guncel\/\" title=\"G\u00fcncel Haberleri\">G\u00fcncel<\/a> <\/div>\n<h4 id=\"nwsKeywords\"> <a href=\"https:\/\/www.haberler.com\/esenyurt\/\" title=\"Esenyurt\" class=\"hbptTag\">Esenyurt<\/a>  <a href=\"https:\/\/www.haberler.com\/3-sayfa\/\" title=\"3-sayfa\" class=\"hbptTag\">3-sayfa<\/a>  <a href=\"https:\/\/www.haberler.com\/3-sayfa\/\" title=\"3.Sayfa\" class=\"hbptTag\">3.Sayfa<\/a>  <a href=\"https:\/\/www.haberler.com\/guncel\/\" title=\"G\u00fcncel\" class=\"hbptTag\">G\u00fcncel<\/a>  <a href=\"https:\/\/www.haberler.com\/\" title=\"Haberler\" class=\"hbptTag\">Haberler<\/a> <\/h4>\n<\/div>\n","protected":false},"excerpt":{"rendered":"<p>Esenyurt&#8216;ta bir i\u015f yerinde 2 k\u0131z \u00e7ocu\u011funa y\u00f6nelik taciz iddias\u0131, mahallede gerginli\u011fe neden oldu. Taciz iddias\u0131n\u0131n ger\u00e7ekle\u015fti\u011fi i\u015f yerinin sahibi Y.E. g\u00f6zalt\u0131na al\u0131n\u0131rken, polis \u00e7evrede geni\u015f g\u00fcvenlik \u00f6nlemi ald\u0131. TAC\u0130Z \u0130DD\u0130ASI MAHALLEY\u0130 KARI\u015eTIRDI Olay, saat 18.00 s\u0131ralar\u0131nda Selahaddin Eyyubi Mahallesi 1530. Sokak&#8217;ta ger\u00e7ekle\u015fti. \u0130ddiaya g\u00f6re, et ve \u015fark\u00fcteri \u00fcr\u00fcnlerinin sat\u0131ld\u0131\u011f\u0131 d\u00fckkana al\u0131\u015fveri\u015f yapmak \u00fczere gelen<\/p>\n","protected":false},"author":1,"featured_media":55574,"comment_status":"open","ping_status":"open","sticky":false,"template":"","format":"standard","meta":{"footnotes":""},"categories":[83],"tags":[],"class_list":["post-55573","post","type-post","status-publish","format-standard","has-post-thumbnail","hentry","category-magazin"],"yoast_head":"<!-- This site is optimized with the Yoast SEO plugin v27.5 - https:\/\/yoast.com\/product\/yoast-seo-wordpress\/ -->\n<title>Taciz iddias\u0131 mahalleyi kar\u0131\u015ft\u0131rd\u0131! Kasab\u0131, \u00f6fkeli kalabal\u0131\u011f\u0131n elinden polis kurtard\u0131 -<\/title>\n<meta name=\"robots\" content=\"index, follow, max-snippet:-1, max-image-preview:large, max-video-preview:-1\" \/>\n<link rel=\"canonical\" href=\"https:\/\/kibrisdakik.com\/?p=55573\" \/>\n<meta property=\"og:locale\" content=\"tr_TR\" \/>\n<meta property=\"og:type\" content=\"article\" \/>\n<meta property=\"og:title\" content=\"Taciz iddias\u0131 mahalleyi kar\u0131\u015ft\u0131rd\u0131! Kasab\u0131, \u00f6fkeli kalabal\u0131\u011f\u0131n elinden polis kurtard\u0131 -\" \/>\n<meta property=\"og:description\" content=\"Esenyurt&#8216;ta bir i\u015f yerinde 2 k\u0131z \u00e7ocu\u011funa y\u00f6nelik taciz iddias\u0131, mahallede gerginli\u011fe neden oldu. Taciz iddias\u0131n\u0131n ger\u00e7ekle\u015fti\u011fi i\u015f yerinin sahibi Y.E. g\u00f6zalt\u0131na al\u0131n\u0131rken, polis \u00e7evrede geni\u015f g\u00fcvenlik \u00f6nlemi ald\u0131. TAC\u0130Z \u0130DD\u0130ASI MAHALLEY\u0130 KARI\u015eTIRDI Olay, saat 18.00 s\u0131ralar\u0131nda Selahaddin Eyyubi Mahallesi 1530. Sokak&#8217;ta ger\u00e7ekle\u015fti. \u0130ddiaya g\u00f6re, et ve \u015fark\u00fcteri \u00fcr\u00fcnlerinin sat\u0131ld\u0131\u011f\u0131 d\u00fckkana al\u0131\u015fveri\u015f yapmak \u00fczere gelen\" \/>\n<meta property=\"og:url\" content=\"https:\/\/kibrisdakik.com\/?p=55573\" \/>\n<meta property=\"article:published_time\" content=\"2024-08-19T21:18:02+00:00\" \/>\n<meta property=\"og:image\" content=\"https:\/\/kibrisdakik.com\/wp-content\/uploads\/2024\/08\/esenyurt-ta-is-yerinde-taciz-iddiasi-is-yeri-17736552_8989_m-640x420.jpg\" \/>\n\t<meta property=\"og:image:width\" content=\"640\" \/>\n\t<meta property=\"og:image:height\" content=\"480\" \/>\n\t<meta property=\"og:image:type\" content=\"image\/jpeg\" \/>\n<meta name=\"author\" content=\"admin\" \/>\n<meta name=\"twitter:card\" content=\"summary_large_image\" \/>\n<meta name=\"twitter:label1\" content=\"Yazan:\" \/>\n\t<meta name=\"twitter:data1\" content=\"admin\" \/>\n\t<meta name=\"twitter:label2\" content=\"Tahmini okuma s\u00fcresi\" \/>\n\t<meta name=\"twitter:data2\" content=\"1 dakika\" \/>\n<script type=\"application\/ld+json\" class=\"yoast-schema-graph\">{\"@context\":\"https:\\\/\\\/schema.org\",\"@graph\":[{\"@type\":\"Article\",\"@id\":\"https:\\\/\\\/kibrisdakik.com\\\/?p=55573#article\",\"isPartOf\":{\"@id\":\"https:\\\/\\\/kibrisdakik.com\\\/?p=55573\"},\"author\":{\"name\":\"admin\",\"@id\":\"https:\\\/\\\/kibrisdakik.com\\\/#\\\/schema\\\/person\\\/9cd9d437bbb44f72b73ba127e06d8e79\"},\"headline\":\"Taciz iddias\u0131 mahalleyi kar\u0131\u015ft\u0131rd\u0131! Kasab\u0131, \u00f6fkeli kalabal\u0131\u011f\u0131n elinden polis kurtard\u0131\",\"datePublished\":\"2024-08-19T21:18:02+00:00\",\"mainEntityOfPage\":{\"@id\":\"https:\\\/\\\/kibrisdakik.com\\\/?p=55573\"},\"wordCount\":287,\"commentCount\":0,\"image\":{\"@id\":\"https:\\\/\\\/kibrisdakik.com\\\/?p=55573#primaryimage\"},\"thumbnailUrl\":\"https:\\\/\\\/kibrisdakik.com\\\/wp-content\\\/uploads\\\/2024\\\/08\\\/esenyurt-ta-is-yerinde-taciz-iddiasi-is-yeri-17736552_8989_m-640x420.jpg\",\"articleSection\":[\"Magazin\"],\"inLanguage\":\"tr\",\"potentialAction\":[{\"@type\":\"CommentAction\",\"name\":\"Comment\",\"target\":[\"https:\\\/\\\/kibrisdakik.com\\\/?p=55573#respond\"]}]},{\"@type\":\"WebPage\",\"@id\":\"https:\\\/\\\/kibrisdakik.com\\\/?p=55573\",\"url\":\"https:\\\/\\\/kibrisdakik.com\\\/?p=55573\",\"name\":\"Taciz iddias\u0131 mahalleyi kar\u0131\u015ft\u0131rd\u0131! Kasab\u0131, \u00f6fkeli kalabal\u0131\u011f\u0131n elinden polis kurtard\u0131 -\",\"isPartOf\":{\"@id\":\"https:\\\/\\\/kibrisdakik.com\\\/#website\"},\"primaryImageOfPage\":{\"@id\":\"https:\\\/\\\/kibrisdakik.com\\\/?p=55573#primaryimage\"},\"image\":{\"@id\":\"https:\\\/\\\/kibrisdakik.com\\\/?p=55573#primaryimage\"},\"thumbnailUrl\":\"https:\\\/\\\/kibrisdakik.com\\\/wp-content\\\/uploads\\\/2024\\\/08\\\/esenyurt-ta-is-yerinde-taciz-iddiasi-is-yeri-17736552_8989_m-640x420.jpg\",\"datePublished\":\"2024-08-19T21:18:02+00:00\",\"author\":{\"@id\":\"https:\\\/\\\/kibrisdakik.com\\\/#\\\/schema\\\/person\\\/9cd9d437bbb44f72b73ba127e06d8e79\"},\"breadcrumb\":{\"@id\":\"https:\\\/\\\/kibrisdakik.com\\\/?p=55573#breadcrumb\"},\"inLanguage\":\"tr\",\"potentialAction\":[{\"@type\":\"ReadAction\",\"target\":[\"https:\\\/\\\/kibrisdakik.com\\\/?p=55573\"]}]},{\"@type\":\"ImageObject\",\"inLanguage\":\"tr\",\"@id\":\"https:\\\/\\\/kibrisdakik.com\\\/?p=55573#primaryimage\",\"url\":\"https:\\\/\\\/kibrisdakik.com\\\/wp-content\\\/uploads\\\/2024\\\/08\\\/esenyurt-ta-is-yerinde-taciz-iddiasi-is-yeri-17736552_8989_m-640x420.jpg\",\"contentUrl\":\"https:\\\/\\\/kibrisdakik.com\\\/wp-content\\\/uploads\\\/2024\\\/08\\\/esenyurt-ta-is-yerinde-taciz-iddiasi-is-yeri-17736552_8989_m-640x420.jpg\",\"width\":640,\"height\":480},{\"@type\":\"BreadcrumbList\",\"@id\":\"https:\\\/\\\/kibrisdakik.com\\\/?p=55573#breadcrumb\",\"itemListElement\":[{\"@type\":\"ListItem\",\"position\":1,\"name\":\"Home\",\"item\":\"https:\\\/\\\/kibrisdakik.com\\\/\"},{\"@type\":\"ListItem\",\"position\":2,\"name\":\"Taciz iddias\u0131 mahalleyi kar\u0131\u015ft\u0131rd\u0131! Kasab\u0131, \u00f6fkeli kalabal\u0131\u011f\u0131n elinden polis kurtard\u0131\"}]},{\"@type\":\"WebSite\",\"@id\":\"https:\\\/\\\/kibrisdakik.com\\\/#website\",\"url\":\"https:\\\/\\\/kibrisdakik.com\\\/\",\"name\":\"\",\"description\":\"Tam vaktinde haber\",\"potentialAction\":[{\"@type\":\"SearchAction\",\"target\":{\"@type\":\"EntryPoint\",\"urlTemplate\":\"https:\\\/\\\/kibrisdakik.com\\\/?s={search_term_string}\"},\"query-input\":{\"@type\":\"PropertyValueSpecification\",\"valueRequired\":true,\"valueName\":\"search_term_string\"}}],\"inLanguage\":\"tr\"},{\"@type\":\"Person\",\"@id\":\"https:\\\/\\\/kibrisdakik.com\\\/#\\\/schema\\\/person\\\/9cd9d437bbb44f72b73ba127e06d8e79\",\"name\":\"admin\",\"image\":{\"@type\":\"ImageObject\",\"inLanguage\":\"tr\",\"@id\":\"https:\\\/\\\/secure.gravatar.com\\\/avatar\\\/ccc17943b9d660506c869530f897617f7cb1c21a4bf30023f252596d83e1f007?s=96&d=mm&r=g\",\"url\":\"https:\\\/\\\/secure.gravatar.com\\\/avatar\\\/ccc17943b9d660506c869530f897617f7cb1c21a4bf30023f252596d83e1f007?s=96&d=mm&r=g\",\"contentUrl\":\"https:\\\/\\\/secure.gravatar.com\\\/avatar\\\/ccc17943b9d660506c869530f897617f7cb1c21a4bf30023f252596d83e1f007?s=96&d=mm&r=g\",\"caption\":\"admin\"},\"sameAs\":[\"https:\\\/\\\/kibrisdakik.com\"],\"url\":\"https:\\\/\\\/kibrisdakik.com\\\/?author=1\"}]}<\/script>\n<!-- \/ Yoast SEO plugin. -->","yoast_head_json":{"title":"Taciz iddias\u0131 mahalleyi kar\u0131\u015ft\u0131rd\u0131! Kasab\u0131, \u00f6fkeli kalabal\u0131\u011f\u0131n elinden polis kurtard\u0131 -","robots":{"index":"index","follow":"follow","max-snippet":"max-snippet:-1","max-image-preview":"max-image-preview:large","max-video-preview":"max-video-preview:-1"},"canonical":"https:\/\/kibrisdakik.com\/?p=55573","og_locale":"tr_TR","og_type":"article","og_title":"Taciz iddias\u0131 mahalleyi kar\u0131\u015ft\u0131rd\u0131! Kasab\u0131, \u00f6fkeli kalabal\u0131\u011f\u0131n elinden polis kurtard\u0131 -","og_description":"Esenyurt&#8216;ta bir i\u015f yerinde 2 k\u0131z \u00e7ocu\u011funa y\u00f6nelik taciz iddias\u0131, mahallede gerginli\u011fe neden oldu. Taciz iddias\u0131n\u0131n ger\u00e7ekle\u015fti\u011fi i\u015f yerinin sahibi Y.E. g\u00f6zalt\u0131na al\u0131n\u0131rken, polis \u00e7evrede geni\u015f g\u00fcvenlik \u00f6nlemi ald\u0131. TAC\u0130Z \u0130DD\u0130ASI MAHALLEY\u0130 KARI\u015eTIRDI Olay, saat 18.00 s\u0131ralar\u0131nda Selahaddin Eyyubi Mahallesi 1530. Sokak&#8217;ta ger\u00e7ekle\u015fti. \u0130ddiaya g\u00f6re, et ve \u015fark\u00fcteri \u00fcr\u00fcnlerinin sat\u0131ld\u0131\u011f\u0131 d\u00fckkana al\u0131\u015fveri\u015f yapmak \u00fczere gelen","og_url":"https:\/\/kibrisdakik.com\/?p=55573","article_published_time":"2024-08-19T21:18:02+00:00","og_image":[{"width":640,"height":480,"url":"https:\/\/kibrisdakik.com\/wp-content\/uploads\/2024\/08\/esenyurt-ta-is-yerinde-taciz-iddiasi-is-yeri-17736552_8989_m-640x420.jpg","type":"image\/jpeg"}],"author":"admin","twitter_card":"summary_large_image","twitter_misc":{"Yazan:":"admin","Tahmini okuma s\u00fcresi":"1 dakika"},"schema":{"@context":"https:\/\/schema.org","@graph":[{"@type":"Article","@id":"https:\/\/kibrisdakik.com\/?p=55573#article","isPartOf":{"@id":"https:\/\/kibrisdakik.com\/?p=55573"},"author":{"name":"admin","@id":"https:\/\/kibrisdakik.com\/#\/schema\/person\/9cd9d437bbb44f72b73ba127e06d8e79"},"headline":"Taciz iddias\u0131 mahalleyi kar\u0131\u015ft\u0131rd\u0131! Kasab\u0131, \u00f6fkeli kalabal\u0131\u011f\u0131n elinden polis kurtard\u0131","datePublished":"2024-08-19T21:18:02+00:00","mainEntityOfPage":{"@id":"https:\/\/kibrisdakik.com\/?p=55573"},"wordCount":287,"commentCount":0,"image":{"@id":"https:\/\/kibrisdakik.com\/?p=55573#primaryimage"},"thumbnailUrl":"https:\/\/kibrisdakik.com\/wp-content\/uploads\/2024\/08\/esenyurt-ta-is-yerinde-taciz-iddiasi-is-yeri-17736552_8989_m-640x420.jpg","articleSection":["Magazin"],"inLanguage":"tr","potentialAction":[{"@type":"CommentAction","name":"Comment","target":["https:\/\/kibrisdakik.com\/?p=55573#respond"]}]},{"@type":"WebPage","@id":"https:\/\/kibrisdakik.com\/?p=55573","url":"https:\/\/kibrisdakik.com\/?p=55573","name":"Taciz iddias\u0131 mahalleyi kar\u0131\u015ft\u0131rd\u0131! Kasab\u0131, \u00f6fkeli kalabal\u0131\u011f\u0131n elinden polis kurtard\u0131 -","isPartOf":{"@id":"https:\/\/kibrisdakik.com\/#website"},"primaryImageOfPage":{"@id":"https:\/\/kibrisdakik.com\/?p=55573#primaryimage"},"image":{"@id":"https:\/\/kibrisdakik.com\/?p=55573#primaryimage"},"thumbnailUrl":"https:\/\/kibrisdakik.com\/wp-content\/uploads\/2024\/08\/esenyurt-ta-is-yerinde-taciz-iddiasi-is-yeri-17736552_8989_m-640x420.jpg","datePublished":"2024-08-19T21:18:02+00:00","author":{"@id":"https:\/\/kibrisdakik.com\/#\/schema\/person\/9cd9d437bbb44f72b73ba127e06d8e79"},"breadcrumb":{"@id":"https:\/\/kibrisdakik.com\/?p=55573#breadcrumb"},"inLanguage":"tr","potentialAction":[{"@type":"ReadAction","target":["https:\/\/kibrisdakik.com\/?p=55573"]}]},{"@type":"ImageObject","inLanguage":"tr","@id":"https:\/\/kibrisdakik.com\/?p=55573#primaryimage","url":"https:\/\/kibrisdakik.com\/wp-content\/uploads\/2024\/08\/esenyurt-ta-is-yerinde-taciz-iddiasi-is-yeri-17736552_8989_m-640x420.jpg","contentUrl":"https:\/\/kibrisdakik.com\/wp-content\/uploads\/2024\/08\/esenyurt-ta-is-yerinde-taciz-iddiasi-is-yeri-17736552_8989_m-640x420.jpg","width":640,"height":480},{"@type":"BreadcrumbList","@id":"https:\/\/kibrisdakik.com\/?p=55573#breadcrumb","itemListElement":[{"@type":"ListItem","position":1,"name":"Home","item":"https:\/\/kibrisdakik.com\/"},{"@type":"ListItem","position":2,"name":"Taciz iddias\u0131 mahalleyi kar\u0131\u015ft\u0131rd\u0131! Kasab\u0131, \u00f6fkeli kalabal\u0131\u011f\u0131n elinden polis kurtard\u0131"}]},{"@type":"WebSite","@id":"https:\/\/kibrisdakik.com\/#website","url":"https:\/\/kibrisdakik.com\/","name":"","description":"Tam vaktinde haber","potentialAction":[{"@type":"SearchAction","target":{"@type":"EntryPoint","urlTemplate":"https:\/\/kibrisdakik.com\/?s={search_term_string}"},"query-input":{"@type":"PropertyValueSpecification","valueRequired":true,"valueName":"search_term_string"}}],"inLanguage":"tr"},{"@type":"Person","@id":"https:\/\/kibrisdakik.com\/#\/schema\/person\/9cd9d437bbb44f72b73ba127e06d8e79","name":"admin","image":{"@type":"ImageObject","inLanguage":"tr","@id":"https:\/\/secure.gravatar.com\/avatar\/ccc17943b9d660506c869530f897617f7cb1c21a4bf30023f252596d83e1f007?s=96&d=mm&r=g","url":"https:\/\/secure.gravatar.com\/avatar\/ccc17943b9d660506c869530f897617f7cb1c21a4bf30023f252596d83e1f007?s=96&d=mm&r=g","contentUrl":"https:\/\/secure.gravatar.com\/avatar\/ccc17943b9d660506c869530f897617f7cb1c21a4bf30023f252596d83e1f007?s=96&d=mm&r=g","caption":"admin"},"sameAs":["https:\/\/kibrisdakik.com"],"url":"https:\/\/kibrisdakik.com\/?author=1"}]}},"_links":{"self":[{"href":"https:\/\/kibrisdakik.com\/index.php?rest_route=\/wp\/v2\/posts\/55573","targetHints":{"allow":["GET"]}}],"collection":[{"href":"https:\/\/kibrisdakik.com\/index.php?rest_route=\/wp\/v2\/posts"}],"about":[{"href":"https:\/\/kibrisdakik.com\/index.php?rest_route=\/wp\/v2\/types\/post"}],"author":[{"embeddable":true,"href":"https:\/\/kibrisdakik.com\/index.php?rest_route=\/wp\/v2\/users\/1"}],"replies":[{"embeddable":true,"href":"https:\/\/kibrisdakik.com\/index.php?rest_route=%2Fwp%2Fv2%2Fcomments&post=55573"}],"version-history":[{"count":0,"href":"https:\/\/kibrisdakik.com\/index.php?rest_route=\/wp\/v2\/posts\/55573\/revisions"}],"wp:featuredmedia":[{"embeddable":true,"href":"https:\/\/kibrisdakik.com\/index.php?rest_route=\/wp\/v2\/media\/55574"}],"wp:attachment":[{"href":"https:\/\/kibrisdakik.com\/index.php?rest_route=%2Fwp%2Fv2%2Fmedia&parent=55573"}],"wp:term":[{"taxonomy":"category","embeddable":true,"href":"https:\/\/kibrisdakik.com\/index.php?rest_route=%2Fwp%2Fv2%2Fcategories&post=55573"},{"taxonomy":"post_tag","embeddable":true,"href":"https:\/\/kibrisdakik.com\/index.php?rest_route=%2Fwp%2Fv2%2Ftags&post=55573"}],"curies":[{"name":"wp","href":"https:\/\/api.w.org\/{rel}","templated":true}]}}