{"id":55581,"date":"2024-08-20T09:27:26","date_gmt":"2024-08-20T06:27:26","guid":{"rendered":"https:\/\/kibrisdakik.com\/index.php\/2024\/08\/20\/gittigi-markette-ic-camasirini-cikarip-ekmek-reyonuna-atan-sosyal-medya-fenomeni-buyuk-tepki-cekti\/"},"modified":"2024-08-20T09:27:26","modified_gmt":"2024-08-20T06:27:26","slug":"gittigi-markette-ic-camasirini-cikarip-ekmek-reyonuna-atan-sosyal-medya-fenomeni-buyuk-tepki-cekti","status":"publish","type":"post","link":"https:\/\/kibrisdakik.com\/?p=55581","title":{"rendered":"Gitti\u011fi markette i\u00e7 \u00e7ama\u015f\u0131r\u0131n\u0131 \u00e7\u0131kar\u0131p ekmek reyonuna atan sosyal medya fenomeni, b\u00fcy\u00fck tepki \u00e7ekti"},"content":{"rendered":"<p><\/p>\n<div id=\"\">\n<p>\u0130ngiliz sosyal medya fenomeni Chloe Lopez, i\u00e7 \u00e7ama\u015f\u0131r\u0131n\u0131 uygunsuz yerlere b\u0131rakarak internette b\u00fcy\u00fck bir tart\u0131\u015fma ba\u015flatt\u0131.<\/p>\n<p>Lopez&#8217;in son yapt\u0131\u011f\u0131 olay, \u0130spanya&#8217;da bir benzin istasyonunda i\u00e7 \u00e7ama\u015f\u0131r\u0131n\u0131 yak\u0131t pompas\u0131na asmas\u0131 oldu. Daha \u00f6nce de bir s\u00fcpermarketin ekmek reyonuna kullan\u0131lm\u0131\u015f i\u00e7 \u00e7ama\u015f\u0131r\u0131 b\u0131rakmas\u0131 b\u00fcy\u00fck tepki toplam\u0131\u015ft\u0131.<\/p>\n<p>\u0130spanyol bir  <a class=\"keyword\" href=\"https:\/\/www.haberler.com\/\" title=\"Haber, Haberler\"><strong>haber<\/strong><\/a> kayna\u011f\u0131na g\u00f6re, Lopez bu tuhaf davran\u0131\u015f\u0131 farkl\u0131 yerlerde tekrarlad\u0131. Hatta bir s\u00fcpermarket zinciri, bu olaylar nedeniyle Lopez hakk\u0131nda yasal i\u015flem ba\u015flatmay\u0131 d\u00fc\u015f\u00fcn\u00fcyor.<\/p>\n<p>Lopez&#8217;in i\u00e7 \u00e7ama\u015f\u0131r\u0131n\u0131 b\u0131rakt\u0131\u011f\u0131 di\u011fer yerler aras\u0131nda bir mobilya ma\u011fazas\u0131nda yast\u0131k alt\u0131, bir otomat makinesi ve yeni bir ceketin cebi de var.<\/p>\n<p>Benzin istasyonundaki son videosu binlerce be\u011feni ald\u0131. Ancak tepkiler kar\u0131\u015f\u0131k: Baz\u0131lar\u0131 bu hareketleri e\u011flenceli bulurken, di\u011ferleri \u00e7ok rahats\u0131z edici oldu\u011funu d\u00fc\u015f\u00fcn\u00fcyor.<\/p>\n<p>\u00d6yle ki baz\u0131 \u0130spanyollar Lopez&#8217;e \u00fclkeyi terk etmesini s\u00f6yledi. Sosyal medyada pek \u00e7ok ki\u015fi bu davran\u0131\u015flar\u0131n yasaklanmas\u0131 gerekti\u011fini savunuyor. Baz\u0131lar\u0131 bu hareketlerin sa\u011fl\u0131k a\u00e7\u0131s\u0131ndan tehlikeli olabilece\u011fini ve sadece ilgi \u00e7ekmek i\u00e7in yap\u0131ld\u0131\u011f\u0131n\u0131 d\u00fc\u015f\u00fcn\u00fcyor.<\/p>\n<p>Sonu\u00e7 olarak, Lopez&#8217;in bu tart\u0131\u015fmal\u0131 davran\u0131\u015flar\u0131 hem destek g\u00f6r\u00fcyor hem de ciddi ele\u015ftiriler al\u0131yor.<\/p>\n<p><img loading=\"lazy\" decoding=\"async\" class=\"hbptMainImage lazyload ImgDetay\" src=\"https:\/\/foto.haberler.com\/haber\/2024\/08\/20\/gittigi-markette-ic-camasirini-cikarip-ekmek-17736857_670_m.jpg\" alt=\"Gitti\u011fi markette i\u00e7 \u00e7ama\u015f\u0131r\u0131n\u0131 \u00e7\u0131kar\u0131p ekmek reyonuna atan sosyal medya fenomeni, b\u00fcy\u00fck tepki \u00e7ekti\" width=\"640\" height=\"704\"\/><\/p>\n<p><img loading=\"lazy\" decoding=\"async\" class=\"hbptMainImage lazyload ImgDetay\" src=\"https:\/\/foto.haberler.com\/haber\/2024\/08\/20\/gittigi-markette-ic-camasirini-cikarip-ekmek-17736857_8603_m.jpg\" alt=\"Gitti\u011fi markette i\u00e7 \u00e7ama\u015f\u0131r\u0131n\u0131 \u00e7\u0131kar\u0131p ekmek reyonuna atan sosyal medya fenomeni, b\u00fcy\u00fck tepki \u00e7ekti\" width=\"640\" height=\"751\"\/><\/p>\n<figure class=\"type:primaryimage hbhOrder\" style=\"margin-bottom: 20px;\"><img loading=\"lazy\" decoding=\"async\" width=\"1202\" height=\"675\" class=\"hbptMainImage\" id=\"HaberImage\" src=\"https:\/\/foto.haberler.com\/haber\/2024\/08\/20\/gittigi-markette-ic-camasirini-cikarip-ekmek-17736857_6505_amp.jpg\"\/><\/figure>\n<h4 id=\"nwsKeywords\"> <a href=\"https:\/\/www.haberler.com\/sosyal-medya\/\" title=\"Sosyal Medya\" class=\"hbptTag\">Sosyal Medya<\/a>  <a href=\"https:\/\/www.haberler.com\/sosyal-medya\/\" title=\"Sosyal Medya\" class=\"hbptTag\">Sosyal Medya<\/a>  <a href=\"https:\/\/www.haberler.com\/instagram\/\" title=\"Instagram\" class=\"hbptTag\">Instagram<\/a>  <a href=\"https:\/\/www.haberler.com\/ispanya\/\" title=\"\u0130spanya\" class=\"hbptTag\">\u0130spanya<\/a>  <a href=\"https:\/\/www.haberler.com\/3-sayfa\/\" title=\"3-sayfa\" class=\"hbptTag\">3-sayfa<\/a>  <a href=\"https:\/\/www.haberler.com\/ekmek\/\" title=\"Ekmek\" class=\"hbptTag\">Ekmek<\/a>  <a href=\"https:\/\/www.haberler.com\/sosyal-medya\/\" title=\"Sosyal Medya\" class=\"hbptTag\">Sosyal Medya<\/a>  <a href=\"https:\/\/www.haberler.com\/3-sayfa\/\" title=\"3.Sayfa\" class=\"hbptTag\">3.Sayfa<\/a>  <a href=\"https:\/\/www.haberler.com\/sosyal-medya\/\" title=\"Sosyal Medya\" class=\"hbptTag\">Sosyal Medya<\/a>  <a href=\"https:\/\/www.haberler.com\/magazin\/\" title=\"Magazin\" class=\"hbptTag\">Magazin<\/a>  <a href=\"https:\/\/www.haberler.com\/yasam\/\" title=\"Ya\u015fam\" class=\"hbptTag\">Ya\u015fam<\/a>  <a href=\"https:\/\/www.haberler.com\/\" title=\"Haberler\" class=\"hbptTag\">Haberler<\/a> <\/h4>\n<\/div>\n","protected":false},"excerpt":{"rendered":"<p>\u0130ngiliz sosyal medya fenomeni Chloe Lopez, i\u00e7 \u00e7ama\u015f\u0131r\u0131n\u0131 uygunsuz yerlere b\u0131rakarak internette b\u00fcy\u00fck bir tart\u0131\u015fma ba\u015flatt\u0131. Lopez&#8217;in son yapt\u0131\u011f\u0131 olay, \u0130spanya&#8217;da bir benzin istasyonunda i\u00e7 \u00e7ama\u015f\u0131r\u0131n\u0131 yak\u0131t pompas\u0131na asmas\u0131 oldu. Daha \u00f6nce de bir s\u00fcpermarketin ekmek reyonuna kullan\u0131lm\u0131\u015f i\u00e7 \u00e7ama\u015f\u0131r\u0131 b\u0131rakmas\u0131 b\u00fcy\u00fck tepki toplam\u0131\u015ft\u0131. \u0130spanyol bir haber kayna\u011f\u0131na g\u00f6re, Lopez bu tuhaf davran\u0131\u015f\u0131 farkl\u0131 yerlerde<\/p>\n","protected":false},"author":1,"featured_media":55582,"comment_status":"open","ping_status":"open","sticky":false,"template":"","format":"standard","meta":{"footnotes":""},"categories":[83],"tags":[],"class_list":["post-55581","post","type-post","status-publish","format-standard","has-post-thumbnail","hentry","category-magazin"],"yoast_head":"<!-- This site is optimized with the Yoast SEO plugin v27.5 - https:\/\/yoast.com\/product\/yoast-seo-wordpress\/ -->\n<title>Gitti\u011fi markette i\u00e7 \u00e7ama\u015f\u0131r\u0131n\u0131 \u00e7\u0131kar\u0131p ekmek reyonuna atan sosyal medya fenomeni, b\u00fcy\u00fck tepki \u00e7ekti -<\/title>\n<meta name=\"robots\" content=\"index, follow, max-snippet:-1, max-image-preview:large, max-video-preview:-1\" \/>\n<link rel=\"canonical\" href=\"https:\/\/kibrisdakik.com\/?p=55581\" \/>\n<meta property=\"og:locale\" content=\"tr_TR\" \/>\n<meta property=\"og:type\" content=\"article\" \/>\n<meta property=\"og:title\" content=\"Gitti\u011fi markette i\u00e7 \u00e7ama\u015f\u0131r\u0131n\u0131 \u00e7\u0131kar\u0131p ekmek reyonuna atan sosyal medya fenomeni, b\u00fcy\u00fck tepki \u00e7ekti -\" \/>\n<meta property=\"og:description\" content=\"\u0130ngiliz sosyal medya fenomeni Chloe Lopez, i\u00e7 \u00e7ama\u015f\u0131r\u0131n\u0131 uygunsuz yerlere b\u0131rakarak internette b\u00fcy\u00fck bir tart\u0131\u015fma ba\u015flatt\u0131. Lopez&#8217;in son yapt\u0131\u011f\u0131 olay, \u0130spanya&#8217;da bir benzin istasyonunda i\u00e7 \u00e7ama\u015f\u0131r\u0131n\u0131 yak\u0131t pompas\u0131na asmas\u0131 oldu. Daha \u00f6nce de bir s\u00fcpermarketin ekmek reyonuna kullan\u0131lm\u0131\u015f i\u00e7 \u00e7ama\u015f\u0131r\u0131 b\u0131rakmas\u0131 b\u00fcy\u00fck tepki toplam\u0131\u015ft\u0131. \u0130spanyol bir haber kayna\u011f\u0131na g\u00f6re, Lopez bu tuhaf davran\u0131\u015f\u0131 farkl\u0131 yerlerde\" \/>\n<meta property=\"og:url\" content=\"https:\/\/kibrisdakik.com\/?p=55581\" \/>\n<meta property=\"article:published_time\" content=\"2024-08-20T06:27:26+00:00\" \/>\n<meta property=\"og:image\" content=\"https:\/\/kibrisdakik.com\/wp-content\/uploads\/2024\/08\/gittigi-markette-ic-camasirini-cikarip-ekmek-17736857_670_m-640x420.jpg\" \/>\n\t<meta property=\"og:image:width\" content=\"640\" \/>\n\t<meta property=\"og:image:height\" content=\"705\" \/>\n\t<meta property=\"og:image:type\" content=\"image\/jpeg\" \/>\n<meta name=\"author\" content=\"admin\" \/>\n<meta name=\"twitter:card\" content=\"summary_large_image\" \/>\n<meta name=\"twitter:label1\" content=\"Yazan:\" \/>\n\t<meta name=\"twitter:data1\" content=\"admin\" \/>\n\t<meta name=\"twitter:label2\" content=\"Tahmini okuma s\u00fcresi\" \/>\n\t<meta name=\"twitter:data2\" content=\"1 dakika\" \/>\n<script type=\"application\/ld+json\" class=\"yoast-schema-graph\">{\"@context\":\"https:\\\/\\\/schema.org\",\"@graph\":[{\"@type\":\"Article\",\"@id\":\"https:\\\/\\\/kibrisdakik.com\\\/?p=55581#article\",\"isPartOf\":{\"@id\":\"https:\\\/\\\/kibrisdakik.com\\\/?p=55581\"},\"author\":{\"name\":\"admin\",\"@id\":\"https:\\\/\\\/kibrisdakik.com\\\/#\\\/schema\\\/person\\\/9cd9d437bbb44f72b73ba127e06d8e79\"},\"headline\":\"Gitti\u011fi markette i\u00e7 \u00e7ama\u015f\u0131r\u0131n\u0131 \u00e7\u0131kar\u0131p ekmek reyonuna atan sosyal medya fenomeni, b\u00fcy\u00fck tepki \u00e7ekti\",\"datePublished\":\"2024-08-20T06:27:26+00:00\",\"mainEntityOfPage\":{\"@id\":\"https:\\\/\\\/kibrisdakik.com\\\/?p=55581\"},\"wordCount\":261,\"commentCount\":0,\"image\":{\"@id\":\"https:\\\/\\\/kibrisdakik.com\\\/?p=55581#primaryimage\"},\"thumbnailUrl\":\"https:\\\/\\\/kibrisdakik.com\\\/wp-content\\\/uploads\\\/2024\\\/08\\\/gittigi-markette-ic-camasirini-cikarip-ekmek-17736857_670_m-640x420.jpg\",\"articleSection\":[\"Magazin\"],\"inLanguage\":\"tr\",\"potentialAction\":[{\"@type\":\"CommentAction\",\"name\":\"Comment\",\"target\":[\"https:\\\/\\\/kibrisdakik.com\\\/?p=55581#respond\"]}]},{\"@type\":\"WebPage\",\"@id\":\"https:\\\/\\\/kibrisdakik.com\\\/?p=55581\",\"url\":\"https:\\\/\\\/kibrisdakik.com\\\/?p=55581\",\"name\":\"Gitti\u011fi markette i\u00e7 \u00e7ama\u015f\u0131r\u0131n\u0131 \u00e7\u0131kar\u0131p ekmek reyonuna atan sosyal medya fenomeni, b\u00fcy\u00fck tepki \u00e7ekti -\",\"isPartOf\":{\"@id\":\"https:\\\/\\\/kibrisdakik.com\\\/#website\"},\"primaryImageOfPage\":{\"@id\":\"https:\\\/\\\/kibrisdakik.com\\\/?p=55581#primaryimage\"},\"image\":{\"@id\":\"https:\\\/\\\/kibrisdakik.com\\\/?p=55581#primaryimage\"},\"thumbnailUrl\":\"https:\\\/\\\/kibrisdakik.com\\\/wp-content\\\/uploads\\\/2024\\\/08\\\/gittigi-markette-ic-camasirini-cikarip-ekmek-17736857_670_m-640x420.jpg\",\"datePublished\":\"2024-08-20T06:27:26+00:00\",\"author\":{\"@id\":\"https:\\\/\\\/kibrisdakik.com\\\/#\\\/schema\\\/person\\\/9cd9d437bbb44f72b73ba127e06d8e79\"},\"breadcrumb\":{\"@id\":\"https:\\\/\\\/kibrisdakik.com\\\/?p=55581#breadcrumb\"},\"inLanguage\":\"tr\",\"potentialAction\":[{\"@type\":\"ReadAction\",\"target\":[\"https:\\\/\\\/kibrisdakik.com\\\/?p=55581\"]}]},{\"@type\":\"ImageObject\",\"inLanguage\":\"tr\",\"@id\":\"https:\\\/\\\/kibrisdakik.com\\\/?p=55581#primaryimage\",\"url\":\"https:\\\/\\\/kibrisdakik.com\\\/wp-content\\\/uploads\\\/2024\\\/08\\\/gittigi-markette-ic-camasirini-cikarip-ekmek-17736857_670_m-640x420.jpg\",\"contentUrl\":\"https:\\\/\\\/kibrisdakik.com\\\/wp-content\\\/uploads\\\/2024\\\/08\\\/gittigi-markette-ic-camasirini-cikarip-ekmek-17736857_670_m-640x420.jpg\",\"width\":640,\"height\":705},{\"@type\":\"BreadcrumbList\",\"@id\":\"https:\\\/\\\/kibrisdakik.com\\\/?p=55581#breadcrumb\",\"itemListElement\":[{\"@type\":\"ListItem\",\"position\":1,\"name\":\"Home\",\"item\":\"https:\\\/\\\/kibrisdakik.com\\\/\"},{\"@type\":\"ListItem\",\"position\":2,\"name\":\"Gitti\u011fi markette i\u00e7 \u00e7ama\u015f\u0131r\u0131n\u0131 \u00e7\u0131kar\u0131p ekmek reyonuna atan sosyal medya fenomeni, b\u00fcy\u00fck tepki \u00e7ekti\"}]},{\"@type\":\"WebSite\",\"@id\":\"https:\\\/\\\/kibrisdakik.com\\\/#website\",\"url\":\"https:\\\/\\\/kibrisdakik.com\\\/\",\"name\":\"\",\"description\":\"Tam vaktinde haber\",\"potentialAction\":[{\"@type\":\"SearchAction\",\"target\":{\"@type\":\"EntryPoint\",\"urlTemplate\":\"https:\\\/\\\/kibrisdakik.com\\\/?s={search_term_string}\"},\"query-input\":{\"@type\":\"PropertyValueSpecification\",\"valueRequired\":true,\"valueName\":\"search_term_string\"}}],\"inLanguage\":\"tr\"},{\"@type\":\"Person\",\"@id\":\"https:\\\/\\\/kibrisdakik.com\\\/#\\\/schema\\\/person\\\/9cd9d437bbb44f72b73ba127e06d8e79\",\"name\":\"admin\",\"image\":{\"@type\":\"ImageObject\",\"inLanguage\":\"tr\",\"@id\":\"https:\\\/\\\/secure.gravatar.com\\\/avatar\\\/ccc17943b9d660506c869530f897617f7cb1c21a4bf30023f252596d83e1f007?s=96&d=mm&r=g\",\"url\":\"https:\\\/\\\/secure.gravatar.com\\\/avatar\\\/ccc17943b9d660506c869530f897617f7cb1c21a4bf30023f252596d83e1f007?s=96&d=mm&r=g\",\"contentUrl\":\"https:\\\/\\\/secure.gravatar.com\\\/avatar\\\/ccc17943b9d660506c869530f897617f7cb1c21a4bf30023f252596d83e1f007?s=96&d=mm&r=g\",\"caption\":\"admin\"},\"sameAs\":[\"https:\\\/\\\/kibrisdakik.com\"],\"url\":\"https:\\\/\\\/kibrisdakik.com\\\/?author=1\"}]}<\/script>\n<!-- \/ Yoast SEO plugin. -->","yoast_head_json":{"title":"Gitti\u011fi markette i\u00e7 \u00e7ama\u015f\u0131r\u0131n\u0131 \u00e7\u0131kar\u0131p ekmek reyonuna atan sosyal medya fenomeni, b\u00fcy\u00fck tepki \u00e7ekti -","robots":{"index":"index","follow":"follow","max-snippet":"max-snippet:-1","max-image-preview":"max-image-preview:large","max-video-preview":"max-video-preview:-1"},"canonical":"https:\/\/kibrisdakik.com\/?p=55581","og_locale":"tr_TR","og_type":"article","og_title":"Gitti\u011fi markette i\u00e7 \u00e7ama\u015f\u0131r\u0131n\u0131 \u00e7\u0131kar\u0131p ekmek reyonuna atan sosyal medya fenomeni, b\u00fcy\u00fck tepki \u00e7ekti -","og_description":"\u0130ngiliz sosyal medya fenomeni Chloe Lopez, i\u00e7 \u00e7ama\u015f\u0131r\u0131n\u0131 uygunsuz yerlere b\u0131rakarak internette b\u00fcy\u00fck bir tart\u0131\u015fma ba\u015flatt\u0131. Lopez&#8217;in son yapt\u0131\u011f\u0131 olay, \u0130spanya&#8217;da bir benzin istasyonunda i\u00e7 \u00e7ama\u015f\u0131r\u0131n\u0131 yak\u0131t pompas\u0131na asmas\u0131 oldu. Daha \u00f6nce de bir s\u00fcpermarketin ekmek reyonuna kullan\u0131lm\u0131\u015f i\u00e7 \u00e7ama\u015f\u0131r\u0131 b\u0131rakmas\u0131 b\u00fcy\u00fck tepki toplam\u0131\u015ft\u0131. \u0130spanyol bir haber kayna\u011f\u0131na g\u00f6re, Lopez bu tuhaf davran\u0131\u015f\u0131 farkl\u0131 yerlerde","og_url":"https:\/\/kibrisdakik.com\/?p=55581","article_published_time":"2024-08-20T06:27:26+00:00","og_image":[{"width":640,"height":705,"url":"https:\/\/kibrisdakik.com\/wp-content\/uploads\/2024\/08\/gittigi-markette-ic-camasirini-cikarip-ekmek-17736857_670_m-640x420.jpg","type":"image\/jpeg"}],"author":"admin","twitter_card":"summary_large_image","twitter_misc":{"Yazan:":"admin","Tahmini okuma s\u00fcresi":"1 dakika"},"schema":{"@context":"https:\/\/schema.org","@graph":[{"@type":"Article","@id":"https:\/\/kibrisdakik.com\/?p=55581#article","isPartOf":{"@id":"https:\/\/kibrisdakik.com\/?p=55581"},"author":{"name":"admin","@id":"https:\/\/kibrisdakik.com\/#\/schema\/person\/9cd9d437bbb44f72b73ba127e06d8e79"},"headline":"Gitti\u011fi markette i\u00e7 \u00e7ama\u015f\u0131r\u0131n\u0131 \u00e7\u0131kar\u0131p ekmek reyonuna atan sosyal medya fenomeni, b\u00fcy\u00fck tepki \u00e7ekti","datePublished":"2024-08-20T06:27:26+00:00","mainEntityOfPage":{"@id":"https:\/\/kibrisdakik.com\/?p=55581"},"wordCount":261,"commentCount":0,"image":{"@id":"https:\/\/kibrisdakik.com\/?p=55581#primaryimage"},"thumbnailUrl":"https:\/\/kibrisdakik.com\/wp-content\/uploads\/2024\/08\/gittigi-markette-ic-camasirini-cikarip-ekmek-17736857_670_m-640x420.jpg","articleSection":["Magazin"],"inLanguage":"tr","potentialAction":[{"@type":"CommentAction","name":"Comment","target":["https:\/\/kibrisdakik.com\/?p=55581#respond"]}]},{"@type":"WebPage","@id":"https:\/\/kibrisdakik.com\/?p=55581","url":"https:\/\/kibrisdakik.com\/?p=55581","name":"Gitti\u011fi markette i\u00e7 \u00e7ama\u015f\u0131r\u0131n\u0131 \u00e7\u0131kar\u0131p ekmek reyonuna atan sosyal medya fenomeni, b\u00fcy\u00fck tepki \u00e7ekti -","isPartOf":{"@id":"https:\/\/kibrisdakik.com\/#website"},"primaryImageOfPage":{"@id":"https:\/\/kibrisdakik.com\/?p=55581#primaryimage"},"image":{"@id":"https:\/\/kibrisdakik.com\/?p=55581#primaryimage"},"thumbnailUrl":"https:\/\/kibrisdakik.com\/wp-content\/uploads\/2024\/08\/gittigi-markette-ic-camasirini-cikarip-ekmek-17736857_670_m-640x420.jpg","datePublished":"2024-08-20T06:27:26+00:00","author":{"@id":"https:\/\/kibrisdakik.com\/#\/schema\/person\/9cd9d437bbb44f72b73ba127e06d8e79"},"breadcrumb":{"@id":"https:\/\/kibrisdakik.com\/?p=55581#breadcrumb"},"inLanguage":"tr","potentialAction":[{"@type":"ReadAction","target":["https:\/\/kibrisdakik.com\/?p=55581"]}]},{"@type":"ImageObject","inLanguage":"tr","@id":"https:\/\/kibrisdakik.com\/?p=55581#primaryimage","url":"https:\/\/kibrisdakik.com\/wp-content\/uploads\/2024\/08\/gittigi-markette-ic-camasirini-cikarip-ekmek-17736857_670_m-640x420.jpg","contentUrl":"https:\/\/kibrisdakik.com\/wp-content\/uploads\/2024\/08\/gittigi-markette-ic-camasirini-cikarip-ekmek-17736857_670_m-640x420.jpg","width":640,"height":705},{"@type":"BreadcrumbList","@id":"https:\/\/kibrisdakik.com\/?p=55581#breadcrumb","itemListElement":[{"@type":"ListItem","position":1,"name":"Home","item":"https:\/\/kibrisdakik.com\/"},{"@type":"ListItem","position":2,"name":"Gitti\u011fi markette i\u00e7 \u00e7ama\u015f\u0131r\u0131n\u0131 \u00e7\u0131kar\u0131p ekmek reyonuna atan sosyal medya fenomeni, b\u00fcy\u00fck tepki \u00e7ekti"}]},{"@type":"WebSite","@id":"https:\/\/kibrisdakik.com\/#website","url":"https:\/\/kibrisdakik.com\/","name":"","description":"Tam vaktinde haber","potentialAction":[{"@type":"SearchAction","target":{"@type":"EntryPoint","urlTemplate":"https:\/\/kibrisdakik.com\/?s={search_term_string}"},"query-input":{"@type":"PropertyValueSpecification","valueRequired":true,"valueName":"search_term_string"}}],"inLanguage":"tr"},{"@type":"Person","@id":"https:\/\/kibrisdakik.com\/#\/schema\/person\/9cd9d437bbb44f72b73ba127e06d8e79","name":"admin","image":{"@type":"ImageObject","inLanguage":"tr","@id":"https:\/\/secure.gravatar.com\/avatar\/ccc17943b9d660506c869530f897617f7cb1c21a4bf30023f252596d83e1f007?s=96&d=mm&r=g","url":"https:\/\/secure.gravatar.com\/avatar\/ccc17943b9d660506c869530f897617f7cb1c21a4bf30023f252596d83e1f007?s=96&d=mm&r=g","contentUrl":"https:\/\/secure.gravatar.com\/avatar\/ccc17943b9d660506c869530f897617f7cb1c21a4bf30023f252596d83e1f007?s=96&d=mm&r=g","caption":"admin"},"sameAs":["https:\/\/kibrisdakik.com"],"url":"https:\/\/kibrisdakik.com\/?author=1"}]}},"_links":{"self":[{"href":"https:\/\/kibrisdakik.com\/index.php?rest_route=\/wp\/v2\/posts\/55581","targetHints":{"allow":["GET"]}}],"collection":[{"href":"https:\/\/kibrisdakik.com\/index.php?rest_route=\/wp\/v2\/posts"}],"about":[{"href":"https:\/\/kibrisdakik.com\/index.php?rest_route=\/wp\/v2\/types\/post"}],"author":[{"embeddable":true,"href":"https:\/\/kibrisdakik.com\/index.php?rest_route=\/wp\/v2\/users\/1"}],"replies":[{"embeddable":true,"href":"https:\/\/kibrisdakik.com\/index.php?rest_route=%2Fwp%2Fv2%2Fcomments&post=55581"}],"version-history":[{"count":0,"href":"https:\/\/kibrisdakik.com\/index.php?rest_route=\/wp\/v2\/posts\/55581\/revisions"}],"wp:featuredmedia":[{"embeddable":true,"href":"https:\/\/kibrisdakik.com\/index.php?rest_route=\/wp\/v2\/media\/55582"}],"wp:attachment":[{"href":"https:\/\/kibrisdakik.com\/index.php?rest_route=%2Fwp%2Fv2%2Fmedia&parent=55581"}],"wp:term":[{"taxonomy":"category","embeddable":true,"href":"https:\/\/kibrisdakik.com\/index.php?rest_route=%2Fwp%2Fv2%2Fcategories&post=55581"},{"taxonomy":"post_tag","embeddable":true,"href":"https:\/\/kibrisdakik.com\/index.php?rest_route=%2Fwp%2Fv2%2Ftags&post=55581"}],"curies":[{"name":"wp","href":"https:\/\/api.w.org\/{rel}","templated":true}]}}