{"id":55583,"date":"2024-08-20T08:33:47","date_gmt":"2024-08-20T05:33:47","guid":{"rendered":"https:\/\/kibrisdakik.com\/index.php\/2024\/08\/20\/hikayesi-yurek-yakmisti-turkiyenin-konustugu-yuruyen-adam-evinde-olu-bulundu\/"},"modified":"2024-08-20T08:33:47","modified_gmt":"2024-08-20T05:33:47","slug":"hikayesi-yurek-yakmisti-turkiyenin-konustugu-yuruyen-adam-evinde-olu-bulundu","status":"publish","type":"post","link":"https:\/\/kibrisdakik.com\/?p=55583","title":{"rendered":"Hikayesi y\u00fcrek yakm\u0131\u015ft\u0131! T\u00fcrkiye&#8217;nin konu\u015ftu\u011fu y\u00fcr\u00fcyen adam evinde \u00f6l\u00fc bulundu"},"content":{"rendered":"<p><\/p>\n<div id=\"\">\n<p>D100 karayolunda Tuzla ile Maltepe aras\u0131nda y\u0131llard\u0131r her g\u00fcn kilometrelerce y\u00fcr\u00fcyen Selami Salman,  <a class=\"keyword\" href=\"https:\/\/www.haberler.com\/pendik\/\" title=\"Pendik Haberleri, Pendik Haberi, Pendik Haber\"><strong>Pendik<\/strong><\/a>&#8216;teki ya\u015fad\u0131\u011f\u0131 evde \u00f6l\u00fc bulundu. Ekipler taraf\u0131ndan evde \u00f6l\u00fc bulunan Salman&#8217;\u0131n naa\u015f\u0131 \u00f6l\u00fcm nedeninin belirlenmesi i\u00e7in otopsi yap\u0131lmak \u00fczere Adli T\u0131p Kurumu&#8217;na kald\u0131r\u0131ld\u0131.<\/p>\n<h3>EV\u0130NDE \u00d6L\u00dc BULUNDU<\/h3>\n<p>Olay, \u0130stanbul&#8217;un Pendik il\u00e7esi Kavakp\u0131nar Mahallesi Terzi Sokak \u00fczerindeki bir evde saat 21.00 s\u0131ralar\u0131nda ya\u015fand\u0131. Edinilen bilgiye g\u00f6re, \u00e7o\u011fu ki\u015finin her g\u00fcn g\u00f6rd\u00fc\u011f\u00fc Salman, Pendik&#8217;te yakla\u015f\u0131k iki g\u00fcnd\u00fcr kay\u0131pt\u0131. Yap\u0131lan arama \u00e7al\u0131\u015fmalar\u0131 sonucunda Salman, ya\u015fad\u0131\u011f\u0131 evde \u00f6l\u00fc olarak bulundu. Yak\u0131nlar\u0131 taraf\u0131ndan polis ekiplerine  <a class=\"keyword\" href=\"https:\/\/www.haberler.com\/\" title=\"Haber, Haberler\"><strong>haber<\/strong><\/a> verildi. Durumun bildirilmesi \u00fczerine olay yerine \u00e7ok say\u0131da polis, olay yeri inceleme ekipleri ve sa\u011fl\u0131k ekipleri sevk edildi. Olay yerine gelen sa\u011fl\u0131k ekipleri, Salman&#8217;\u0131n hayat\u0131n\u0131 kaybetti\u011fini bildirdi. Olay yeri inceleme ekiplerinin yapt\u0131\u011f\u0131 \u00e7al\u0131\u015fman\u0131n ard\u0131ndan Selami Salman&#8217;\u0131n naa\u015f\u0131 \u00f6l\u00fcm nedeninin belirlenebilmesi i\u00e7in otopsi yap\u0131lmak \u00fczere Adli T\u0131p Kurumu&#8217;na kald\u0131r\u0131ld\u0131. Polis ekipleri olayla ilgili detayl\u0131 inceleme ba\u015flatt\u0131.<\/p>\n<p><img loading=\"lazy\" decoding=\"async\" class=\"hbptMainImage lazyload ImgDetay\" src=\"https:\/\/foto.haberler.com\/haber\/2024\/08\/20\/hikayesi-yurek-yakmisti-turkiye-nin-konustugu-17736763_4838_m.jpg\" alt=\"Hikayesi y\u00fcrek yakm\u0131\u015ft\u0131! T\u00fcrkiye'nin konu\u015ftu\u011fu y\u00fcr\u00fcyen adam evinde \u00f6l\u00fc bulundu\" width=\"640\" height=\"362\"\/><\/p>\n<h3>H\u0130KAYES\u0130 Y\u00dcREK YAKMI\u015eTI<\/h3>\n<p>O\u011flu Selami Salman ile ayn\u0131 apartmanda ya\u015fayan annesi Medine Salman, Selami Salman&#8217;\u0131n daha gen\u00e7 ya\u015flar\u0131nda ne\u015feli bir insan oldu\u011funu \u015fimdiki halinden farkl\u0131 oldu\u011funu belirtmi\u015fti. O\u011flunun gen\u00e7 ya\u015flar\u0131nda sevdi\u011fi kad\u0131n ile ni\u015fanland\u0131\u011f\u0131n\u0131, k\u0131z taraf\u0131n\u0131n istememesi \u00fczerine 9 y\u0131l s\u00fcren ni\u015fan\u0131n bozuldu\u011funu s\u00f6yleyen Medine Salman, yakla\u015f\u0131k 10 y\u0131l \u00f6nce de o\u011flunun d\u00fc\u015ferek kaza ge\u00e7irdi\u011fini ve kafas\u0131ndan yaraland\u0131\u011f\u0131n\u0131 s\u00f6ylemi\u015fti. Anne Medine Salman, Selami Salman&#8217;\u0131n ni\u015fan\u0131n\u0131n bozulmas\u0131n\u0131n ve kafas\u0131ndan yaralanmas\u0131n\u0131n psikolojisini ve sa\u011fl\u0131\u011f\u0131n\u0131 k\u00f6t\u00fc etkiledi\u011fini bu olaylardan sonra o\u011flunun s\u00fcrekli yollarda y\u00fcr\u00fcmeye ba\u015flad\u0131\u011f\u0131n\u0131 ifade etmi\u015fti.<\/p>\n<p><img loading=\"lazy\" decoding=\"async\" class=\"hbptMainImage lazyload ImgDetay\" src=\"https:\/\/foto.haberler.com\/haber\/2024\/08\/20\/hikayesi-yurek-yakmisti-turkiye-nin-konustugu-17736763_5404_o.jpg\" alt=\"Hikayesi y\u00fcrek yakm\u0131\u015ft\u0131! T\u00fcrkiye'nin konu\u015ftu\u011fu y\u00fcr\u00fcyen adam evinde \u00f6l\u00fc bulundu\" width=\"640\" height=\"359\"\/><\/p>\n<h3>&#8220;NEDEN Y\u00dcR\u00dcYORSUN?&#8221; SORUSUNA YANIT VERM\u0130\u015eT\u0130<\/h3>\n<p>E-5 karayolunda y\u00fcr\u00fcrken ayn\u0131 zamanda bas\u0131n mensuplar\u0131n\u0131n sorular\u0131n\u0131 yan\u0131tlayan Selami Salman, &#8220;\u0130ki tur at\u0131yorum. Sabah ve ak\u015fam. Sabah 8&#8217;de \u00e7\u0131k\u0131yorum. S\u00f6yleyecek bir \u015fey yok. Ne diyece\u011fim? Sen de y\u00fcr\u00fcyorsun, sen neden y\u00fcr\u00fcyorsun? Y\u00fcr\u00fcrken bunalm\u0131yorum. Kartal&#8217;a kadar y\u00fcr\u00fcyorum, Tersane K\u00f6pr\u00fcs\u00fc&#8217;nden d\u00f6n\u00fcyorum. Sonra eve gidiyorum. Selami&#8217;yi ar\u0131yor millet, o benim&#8221; demi\u015fti.<\/p>\n<h3>&#8220;BURASI BANA \u0130Y\u0130 GEL\u0130YOR&#8221;<\/h3>\n<p>Neden y\u00fcr\u00fcyorsun sorusu \u00fczerine Selami Salman, &#8220;Bekle g\u00f6r&#8221; \u015feklinde cevap vermi\u015fti. Salman konu\u015fmas\u0131n\u0131n devam\u0131nda, &#8220;Buras\u0131 bana iyi geliyor. Bir istedi\u011fim yok. Arabalardan su veriyorlar&#8221; ifadelerini kullanm\u0131\u015ft\u0131.<\/p>\n<h3>N\u0130\u015eANI BOZULUNDA HAYATI ALT \u00dcST OLMU\u015eTU <\/h3>\n<p>Selami Salman&#8217;\u0131n annesi Medine Salman, ge\u00e7ti\u011fimiz aylarda verdi\u011fi bir r\u00f6portajda &#8220;\u00d6nceden \u00e7ok ne\u015feli bir \u00e7ocuktu. Bir k\u0131z sevmi\u015fti, ni\u015fanlad\u0131m. 9 sene ni\u015fanl\u0131 kald\u0131. Ondan sonra d\u00fc\u011f\u00fcne haz\u0131rlan\u0131rken ni\u015fan bozuldu, k\u0131z taraf\u0131 vermedi. Psikolojisi bozuldu bunun. Kendini oraya buraya vurdu. &#8216;Daha evlenmem&#8217; dedi. Bir de kaza ge\u00e7irdi, kafas\u0131n\u0131 vurmu\u015f. Ondan sonra hala yollarda dola\u015f\u0131yor. \u00d6teki \u00e7ocuklar\u0131m gibi sa\u011fl\u0131kl\u0131 olmas\u0131n\u0131 istiyorum ama g\u00fcc\u00fcm yok. Beyim \u00f6leli 33 sene oldu. Bazen \u00e7ocuklar i\u00e7in k\u0131zlar i\u00e7in &#8216;gelmesinler&#8217; diyor. Ama her zaman de\u011fil. Sevdi\u011fi k\u0131z \u00e7oktan evlendi \u00e7oluk \u00e7ocu\u011fu var. Ama bu evlenmedi. \u00c7aresizim. K\u00f6t\u00fc evde oturuyor diyorlarm\u0131\u015f internette. Ne ilgisi var. Ben orada iki gelinle oturdum, ka\u00e7 tane torunla \u00e7ocukla oturdum. &#8216;Yolda y\u00fcr\u00fcyor&#8217; diyorlar. A\u00e7 susuz san\u0131yorlar. Yar\u0131 yiyor yar\u0131 yemiyor. G\u00fcne\u015fte so\u011fukta k\u0131\u015fta dola\u015f\u0131yor. Sa\u011fl\u0131kl\u0131 olsa demek ki dola\u015fmaz bu kadar. Tedavi edilmesini istiyorum&#8221; demi\u015fti. <\/p>\n<figure class=\"type:primaryimage hbhOrder\" style=\"margin-bottom: 20px;\"><img loading=\"lazy\" decoding=\"async\" width=\"1202\" height=\"675\" class=\"hbptMainImage\" id=\"HaberImage\" src=\"https:\/\/foto.haberler.com\/haber\/2024\/08\/20\/hikayesi-yurek-yakmisti-turkiye-nin-konustugu-17736763_9969_amp.jpg\"\/><\/figure>\n<div class=\"editorSade\">Kaynak: \u0130hlas Haber Ajans\u0131 \/  <a href=\"https:\/\/www.haberler.com\/3-sayfa\/\" title=\"3.Sayfa Haberleri\">3.Sayfa<\/a> <\/div>\n<h4 id=\"nwsKeywords\"> <a href=\"https:\/\/www.haberler.com\/istanbul\/\" title=\"istanbul\" class=\"hbptTag\">istanbul<\/a>  <a href=\"https:\/\/www.haberler.com\/adli-tip\/\" title=\"Adli T\u0131p\" class=\"hbptTag\">Adli T\u0131p<\/a>  <a href=\"https:\/\/www.haberler.com\/3-sayfa\/\" title=\"3-sayfa\" class=\"hbptTag\">3-sayfa<\/a>  <a href=\"https:\/\/www.haberler.com\/maltepe\/\" title=\"Maltepe\" class=\"hbptTag\">Maltepe<\/a>  <a href=\"https:\/\/www.haberler.com\/turkiye\/\" title=\"T\u00fcrkiye\" class=\"hbptTag\">T\u00fcrkiye<\/a>  <a href=\"https:\/\/www.haberler.com\/pendik\/\" title=\"Pendik\" class=\"hbptTag\">Pendik<\/a>  <a href=\"https:\/\/www.haberler.com\/tuzla\/\" title=\"Tuzla\" class=\"hbptTag\">Tuzla<\/a>  <a href=\"https:\/\/www.haberler.com\/olaylar\/\" title=\"Olaylar\" class=\"hbptTag\">Olaylar<\/a>  <a href=\"https:\/\/www.haberler.com\/adli-tip\/\" title=\"Adli T\u0131p\" class=\"hbptTag\">Adli T\u0131p<\/a>  <a href=\"https:\/\/www.haberler.com\/olum\/\" title=\"\u00d6l\u00fcm\" class=\"hbptTag\">\u00d6l\u00fcm<\/a>  <a href=\"https:\/\/www.haberler.com\/istanbul\/\" title=\"\u0130stanbul\" class=\"hbptTag\">\u0130stanbul<\/a>  <a href=\"https:\/\/www.haberler.com\/3-sayfa\/\" title=\"3.Sayfa\" class=\"hbptTag\">3.Sayfa<\/a>  <a href=\"https:\/\/www.haberler.com\/yasam\/\" title=\"Ya\u015fam\" class=\"hbptTag\">Ya\u015fam<\/a>  <a href=\"https:\/\/www.haberler.com\/guncel\/\" title=\"G\u00fcncel\" class=\"hbptTag\">G\u00fcncel<\/a>  <a href=\"https:\/\/www.haberler.com\/\" title=\"Haberler\" class=\"hbptTag\">Haberler<\/a> <\/h4>\n<\/div>\n","protected":false},"excerpt":{"rendered":"<p>D100 karayolunda Tuzla ile Maltepe aras\u0131nda y\u0131llard\u0131r her g\u00fcn kilometrelerce y\u00fcr\u00fcyen Selami Salman, Pendik&#8216;teki ya\u015fad\u0131\u011f\u0131 evde \u00f6l\u00fc bulundu. Ekipler taraf\u0131ndan evde \u00f6l\u00fc bulunan Salman&#8217;\u0131n naa\u015f\u0131 \u00f6l\u00fcm nedeninin belirlenmesi i\u00e7in otopsi yap\u0131lmak \u00fczere Adli T\u0131p Kurumu&#8217;na kald\u0131r\u0131ld\u0131. EV\u0130NDE \u00d6L\u00dc BULUNDU Olay, \u0130stanbul&#8217;un Pendik il\u00e7esi Kavakp\u0131nar Mahallesi Terzi Sokak \u00fczerindeki bir evde saat 21.00 s\u0131ralar\u0131nda ya\u015fand\u0131. Edinilen<\/p>\n","protected":false},"author":1,"featured_media":55584,"comment_status":"open","ping_status":"open","sticky":false,"template":"","format":"standard","meta":{"footnotes":""},"categories":[83],"tags":[],"class_list":["post-55583","post","type-post","status-publish","format-standard","has-post-thumbnail","hentry","category-magazin"],"yoast_head":"<!-- This site is optimized with the Yoast SEO plugin v27.4 - https:\/\/yoast.com\/product\/yoast-seo-wordpress\/ -->\n<title>Hikayesi y\u00fcrek yakm\u0131\u015ft\u0131! T\u00fcrkiye&#039;nin konu\u015ftu\u011fu y\u00fcr\u00fcyen adam evinde \u00f6l\u00fc bulundu -<\/title>\n<meta name=\"robots\" content=\"index, follow, max-snippet:-1, max-image-preview:large, max-video-preview:-1\" \/>\n<link rel=\"canonical\" href=\"https:\/\/kibrisdakik.com\/?p=55583\" \/>\n<meta property=\"og:locale\" content=\"tr_TR\" \/>\n<meta property=\"og:type\" content=\"article\" \/>\n<meta property=\"og:title\" content=\"Hikayesi y\u00fcrek yakm\u0131\u015ft\u0131! T\u00fcrkiye&#039;nin konu\u015ftu\u011fu y\u00fcr\u00fcyen adam evinde \u00f6l\u00fc bulundu -\" \/>\n<meta property=\"og:description\" content=\"D100 karayolunda Tuzla ile Maltepe aras\u0131nda y\u0131llard\u0131r her g\u00fcn kilometrelerce y\u00fcr\u00fcyen Selami Salman, Pendik&#8216;teki ya\u015fad\u0131\u011f\u0131 evde \u00f6l\u00fc bulundu. Ekipler taraf\u0131ndan evde \u00f6l\u00fc bulunan Salman&#8217;\u0131n naa\u015f\u0131 \u00f6l\u00fcm nedeninin belirlenmesi i\u00e7in otopsi yap\u0131lmak \u00fczere Adli T\u0131p Kurumu&#8217;na kald\u0131r\u0131ld\u0131. EV\u0130NDE \u00d6L\u00dc BULUNDU Olay, \u0130stanbul&#8217;un Pendik il\u00e7esi Kavakp\u0131nar Mahallesi Terzi Sokak \u00fczerindeki bir evde saat 21.00 s\u0131ralar\u0131nda ya\u015fand\u0131. Edinilen\" \/>\n<meta property=\"og:url\" content=\"https:\/\/kibrisdakik.com\/?p=55583\" \/>\n<meta property=\"article:published_time\" content=\"2024-08-20T05:33:47+00:00\" \/>\n<meta property=\"og:image\" content=\"https:\/\/kibrisdakik.com\/wp-content\/uploads\/2024\/08\/hikayesi-yurek-yakmisti-turkiye-nin-konustugu-17736763_4838_m.jpg\" \/>\n\t<meta property=\"og:image:width\" content=\"640\" \/>\n\t<meta property=\"og:image:height\" content=\"361\" \/>\n\t<meta property=\"og:image:type\" content=\"image\/jpeg\" \/>\n<meta name=\"author\" content=\"admin\" \/>\n<meta name=\"twitter:card\" content=\"summary_large_image\" \/>\n<meta name=\"twitter:label1\" content=\"Yazan:\" \/>\n\t<meta name=\"twitter:data1\" content=\"admin\" \/>\n\t<meta name=\"twitter:label2\" content=\"Tahmini okuma s\u00fcresi\" \/>\n\t<meta name=\"twitter:data2\" content=\"3 dakika\" \/>\n<script type=\"application\/ld+json\" class=\"yoast-schema-graph\">{\"@context\":\"https:\\\/\\\/schema.org\",\"@graph\":[{\"@type\":\"Article\",\"@id\":\"https:\\\/\\\/kibrisdakik.com\\\/?p=55583#article\",\"isPartOf\":{\"@id\":\"https:\\\/\\\/kibrisdakik.com\\\/?p=55583\"},\"author\":{\"name\":\"admin\",\"@id\":\"https:\\\/\\\/kibrisdakik.com\\\/#\\\/schema\\\/person\\\/9cd9d437bbb44f72b73ba127e06d8e79\"},\"headline\":\"Hikayesi y\u00fcrek yakm\u0131\u015ft\u0131! T\u00fcrkiye&#8217;nin konu\u015ftu\u011fu y\u00fcr\u00fcyen adam evinde \u00f6l\u00fc bulundu\",\"datePublished\":\"2024-08-20T05:33:47+00:00\",\"mainEntityOfPage\":{\"@id\":\"https:\\\/\\\/kibrisdakik.com\\\/?p=55583\"},\"wordCount\":686,\"commentCount\":0,\"image\":{\"@id\":\"https:\\\/\\\/kibrisdakik.com\\\/?p=55583#primaryimage\"},\"thumbnailUrl\":\"https:\\\/\\\/kibrisdakik.com\\\/wp-content\\\/uploads\\\/2024\\\/08\\\/hikayesi-yurek-yakmisti-turkiye-nin-konustugu-17736763_4838_m.jpg\",\"articleSection\":[\"Magazin\"],\"inLanguage\":\"tr\",\"potentialAction\":[{\"@type\":\"CommentAction\",\"name\":\"Comment\",\"target\":[\"https:\\\/\\\/kibrisdakik.com\\\/?p=55583#respond\"]}]},{\"@type\":\"WebPage\",\"@id\":\"https:\\\/\\\/kibrisdakik.com\\\/?p=55583\",\"url\":\"https:\\\/\\\/kibrisdakik.com\\\/?p=55583\",\"name\":\"Hikayesi y\u00fcrek yakm\u0131\u015ft\u0131! T\u00fcrkiye'nin konu\u015ftu\u011fu y\u00fcr\u00fcyen adam evinde \u00f6l\u00fc bulundu -\",\"isPartOf\":{\"@id\":\"https:\\\/\\\/kibrisdakik.com\\\/#website\"},\"primaryImageOfPage\":{\"@id\":\"https:\\\/\\\/kibrisdakik.com\\\/?p=55583#primaryimage\"},\"image\":{\"@id\":\"https:\\\/\\\/kibrisdakik.com\\\/?p=55583#primaryimage\"},\"thumbnailUrl\":\"https:\\\/\\\/kibrisdakik.com\\\/wp-content\\\/uploads\\\/2024\\\/08\\\/hikayesi-yurek-yakmisti-turkiye-nin-konustugu-17736763_4838_m.jpg\",\"datePublished\":\"2024-08-20T05:33:47+00:00\",\"author\":{\"@id\":\"https:\\\/\\\/kibrisdakik.com\\\/#\\\/schema\\\/person\\\/9cd9d437bbb44f72b73ba127e06d8e79\"},\"breadcrumb\":{\"@id\":\"https:\\\/\\\/kibrisdakik.com\\\/?p=55583#breadcrumb\"},\"inLanguage\":\"tr\",\"potentialAction\":[{\"@type\":\"ReadAction\",\"target\":[\"https:\\\/\\\/kibrisdakik.com\\\/?p=55583\"]}]},{\"@type\":\"ImageObject\",\"inLanguage\":\"tr\",\"@id\":\"https:\\\/\\\/kibrisdakik.com\\\/?p=55583#primaryimage\",\"url\":\"https:\\\/\\\/kibrisdakik.com\\\/wp-content\\\/uploads\\\/2024\\\/08\\\/hikayesi-yurek-yakmisti-turkiye-nin-konustugu-17736763_4838_m.jpg\",\"contentUrl\":\"https:\\\/\\\/kibrisdakik.com\\\/wp-content\\\/uploads\\\/2024\\\/08\\\/hikayesi-yurek-yakmisti-turkiye-nin-konustugu-17736763_4838_m.jpg\",\"width\":640,\"height\":361},{\"@type\":\"BreadcrumbList\",\"@id\":\"https:\\\/\\\/kibrisdakik.com\\\/?p=55583#breadcrumb\",\"itemListElement\":[{\"@type\":\"ListItem\",\"position\":1,\"name\":\"Home\",\"item\":\"https:\\\/\\\/kibrisdakik.com\\\/\"},{\"@type\":\"ListItem\",\"position\":2,\"name\":\"Hikayesi y\u00fcrek yakm\u0131\u015ft\u0131! T\u00fcrkiye&#8217;nin konu\u015ftu\u011fu y\u00fcr\u00fcyen adam evinde \u00f6l\u00fc bulundu\"}]},{\"@type\":\"WebSite\",\"@id\":\"https:\\\/\\\/kibrisdakik.com\\\/#website\",\"url\":\"https:\\\/\\\/kibrisdakik.com\\\/\",\"name\":\"\",\"description\":\"Tam vaktinde haber\",\"potentialAction\":[{\"@type\":\"SearchAction\",\"target\":{\"@type\":\"EntryPoint\",\"urlTemplate\":\"https:\\\/\\\/kibrisdakik.com\\\/?s={search_term_string}\"},\"query-input\":{\"@type\":\"PropertyValueSpecification\",\"valueRequired\":true,\"valueName\":\"search_term_string\"}}],\"inLanguage\":\"tr\"},{\"@type\":\"Person\",\"@id\":\"https:\\\/\\\/kibrisdakik.com\\\/#\\\/schema\\\/person\\\/9cd9d437bbb44f72b73ba127e06d8e79\",\"name\":\"admin\",\"image\":{\"@type\":\"ImageObject\",\"inLanguage\":\"tr\",\"@id\":\"https:\\\/\\\/secure.gravatar.com\\\/avatar\\\/ccc17943b9d660506c869530f897617f7cb1c21a4bf30023f252596d83e1f007?s=96&d=mm&r=g\",\"url\":\"https:\\\/\\\/secure.gravatar.com\\\/avatar\\\/ccc17943b9d660506c869530f897617f7cb1c21a4bf30023f252596d83e1f007?s=96&d=mm&r=g\",\"contentUrl\":\"https:\\\/\\\/secure.gravatar.com\\\/avatar\\\/ccc17943b9d660506c869530f897617f7cb1c21a4bf30023f252596d83e1f007?s=96&d=mm&r=g\",\"caption\":\"admin\"},\"sameAs\":[\"https:\\\/\\\/kibrisdakik.com\"],\"url\":\"https:\\\/\\\/kibrisdakik.com\\\/?author=1\"}]}<\/script>\n<!-- \/ Yoast SEO plugin. -->","yoast_head_json":{"title":"Hikayesi y\u00fcrek yakm\u0131\u015ft\u0131! T\u00fcrkiye'nin konu\u015ftu\u011fu y\u00fcr\u00fcyen adam evinde \u00f6l\u00fc bulundu -","robots":{"index":"index","follow":"follow","max-snippet":"max-snippet:-1","max-image-preview":"max-image-preview:large","max-video-preview":"max-video-preview:-1"},"canonical":"https:\/\/kibrisdakik.com\/?p=55583","og_locale":"tr_TR","og_type":"article","og_title":"Hikayesi y\u00fcrek yakm\u0131\u015ft\u0131! T\u00fcrkiye'nin konu\u015ftu\u011fu y\u00fcr\u00fcyen adam evinde \u00f6l\u00fc bulundu -","og_description":"D100 karayolunda Tuzla ile Maltepe aras\u0131nda y\u0131llard\u0131r her g\u00fcn kilometrelerce y\u00fcr\u00fcyen Selami Salman, Pendik&#8216;teki ya\u015fad\u0131\u011f\u0131 evde \u00f6l\u00fc bulundu. Ekipler taraf\u0131ndan evde \u00f6l\u00fc bulunan Salman&#8217;\u0131n naa\u015f\u0131 \u00f6l\u00fcm nedeninin belirlenmesi i\u00e7in otopsi yap\u0131lmak \u00fczere Adli T\u0131p Kurumu&#8217;na kald\u0131r\u0131ld\u0131. EV\u0130NDE \u00d6L\u00dc BULUNDU Olay, \u0130stanbul&#8217;un Pendik il\u00e7esi Kavakp\u0131nar Mahallesi Terzi Sokak \u00fczerindeki bir evde saat 21.00 s\u0131ralar\u0131nda ya\u015fand\u0131. Edinilen","og_url":"https:\/\/kibrisdakik.com\/?p=55583","article_published_time":"2024-08-20T05:33:47+00:00","og_image":[{"width":640,"height":361,"url":"https:\/\/kibrisdakik.com\/wp-content\/uploads\/2024\/08\/hikayesi-yurek-yakmisti-turkiye-nin-konustugu-17736763_4838_m.jpg","type":"image\/jpeg"}],"author":"admin","twitter_card":"summary_large_image","twitter_misc":{"Yazan:":"admin","Tahmini okuma s\u00fcresi":"3 dakika"},"schema":{"@context":"https:\/\/schema.org","@graph":[{"@type":"Article","@id":"https:\/\/kibrisdakik.com\/?p=55583#article","isPartOf":{"@id":"https:\/\/kibrisdakik.com\/?p=55583"},"author":{"name":"admin","@id":"https:\/\/kibrisdakik.com\/#\/schema\/person\/9cd9d437bbb44f72b73ba127e06d8e79"},"headline":"Hikayesi y\u00fcrek yakm\u0131\u015ft\u0131! T\u00fcrkiye&#8217;nin konu\u015ftu\u011fu y\u00fcr\u00fcyen adam evinde \u00f6l\u00fc bulundu","datePublished":"2024-08-20T05:33:47+00:00","mainEntityOfPage":{"@id":"https:\/\/kibrisdakik.com\/?p=55583"},"wordCount":686,"commentCount":0,"image":{"@id":"https:\/\/kibrisdakik.com\/?p=55583#primaryimage"},"thumbnailUrl":"https:\/\/kibrisdakik.com\/wp-content\/uploads\/2024\/08\/hikayesi-yurek-yakmisti-turkiye-nin-konustugu-17736763_4838_m.jpg","articleSection":["Magazin"],"inLanguage":"tr","potentialAction":[{"@type":"CommentAction","name":"Comment","target":["https:\/\/kibrisdakik.com\/?p=55583#respond"]}]},{"@type":"WebPage","@id":"https:\/\/kibrisdakik.com\/?p=55583","url":"https:\/\/kibrisdakik.com\/?p=55583","name":"Hikayesi y\u00fcrek yakm\u0131\u015ft\u0131! T\u00fcrkiye'nin konu\u015ftu\u011fu y\u00fcr\u00fcyen adam evinde \u00f6l\u00fc bulundu -","isPartOf":{"@id":"https:\/\/kibrisdakik.com\/#website"},"primaryImageOfPage":{"@id":"https:\/\/kibrisdakik.com\/?p=55583#primaryimage"},"image":{"@id":"https:\/\/kibrisdakik.com\/?p=55583#primaryimage"},"thumbnailUrl":"https:\/\/kibrisdakik.com\/wp-content\/uploads\/2024\/08\/hikayesi-yurek-yakmisti-turkiye-nin-konustugu-17736763_4838_m.jpg","datePublished":"2024-08-20T05:33:47+00:00","author":{"@id":"https:\/\/kibrisdakik.com\/#\/schema\/person\/9cd9d437bbb44f72b73ba127e06d8e79"},"breadcrumb":{"@id":"https:\/\/kibrisdakik.com\/?p=55583#breadcrumb"},"inLanguage":"tr","potentialAction":[{"@type":"ReadAction","target":["https:\/\/kibrisdakik.com\/?p=55583"]}]},{"@type":"ImageObject","inLanguage":"tr","@id":"https:\/\/kibrisdakik.com\/?p=55583#primaryimage","url":"https:\/\/kibrisdakik.com\/wp-content\/uploads\/2024\/08\/hikayesi-yurek-yakmisti-turkiye-nin-konustugu-17736763_4838_m.jpg","contentUrl":"https:\/\/kibrisdakik.com\/wp-content\/uploads\/2024\/08\/hikayesi-yurek-yakmisti-turkiye-nin-konustugu-17736763_4838_m.jpg","width":640,"height":361},{"@type":"BreadcrumbList","@id":"https:\/\/kibrisdakik.com\/?p=55583#breadcrumb","itemListElement":[{"@type":"ListItem","position":1,"name":"Home","item":"https:\/\/kibrisdakik.com\/"},{"@type":"ListItem","position":2,"name":"Hikayesi y\u00fcrek yakm\u0131\u015ft\u0131! T\u00fcrkiye&#8217;nin konu\u015ftu\u011fu y\u00fcr\u00fcyen adam evinde \u00f6l\u00fc bulundu"}]},{"@type":"WebSite","@id":"https:\/\/kibrisdakik.com\/#website","url":"https:\/\/kibrisdakik.com\/","name":"","description":"Tam vaktinde haber","potentialAction":[{"@type":"SearchAction","target":{"@type":"EntryPoint","urlTemplate":"https:\/\/kibrisdakik.com\/?s={search_term_string}"},"query-input":{"@type":"PropertyValueSpecification","valueRequired":true,"valueName":"search_term_string"}}],"inLanguage":"tr"},{"@type":"Person","@id":"https:\/\/kibrisdakik.com\/#\/schema\/person\/9cd9d437bbb44f72b73ba127e06d8e79","name":"admin","image":{"@type":"ImageObject","inLanguage":"tr","@id":"https:\/\/secure.gravatar.com\/avatar\/ccc17943b9d660506c869530f897617f7cb1c21a4bf30023f252596d83e1f007?s=96&d=mm&r=g","url":"https:\/\/secure.gravatar.com\/avatar\/ccc17943b9d660506c869530f897617f7cb1c21a4bf30023f252596d83e1f007?s=96&d=mm&r=g","contentUrl":"https:\/\/secure.gravatar.com\/avatar\/ccc17943b9d660506c869530f897617f7cb1c21a4bf30023f252596d83e1f007?s=96&d=mm&r=g","caption":"admin"},"sameAs":["https:\/\/kibrisdakik.com"],"url":"https:\/\/kibrisdakik.com\/?author=1"}]}},"_links":{"self":[{"href":"https:\/\/kibrisdakik.com\/index.php?rest_route=\/wp\/v2\/posts\/55583","targetHints":{"allow":["GET"]}}],"collection":[{"href":"https:\/\/kibrisdakik.com\/index.php?rest_route=\/wp\/v2\/posts"}],"about":[{"href":"https:\/\/kibrisdakik.com\/index.php?rest_route=\/wp\/v2\/types\/post"}],"author":[{"embeddable":true,"href":"https:\/\/kibrisdakik.com\/index.php?rest_route=\/wp\/v2\/users\/1"}],"replies":[{"embeddable":true,"href":"https:\/\/kibrisdakik.com\/index.php?rest_route=%2Fwp%2Fv2%2Fcomments&post=55583"}],"version-history":[{"count":0,"href":"https:\/\/kibrisdakik.com\/index.php?rest_route=\/wp\/v2\/posts\/55583\/revisions"}],"wp:featuredmedia":[{"embeddable":true,"href":"https:\/\/kibrisdakik.com\/index.php?rest_route=\/wp\/v2\/media\/55584"}],"wp:attachment":[{"href":"https:\/\/kibrisdakik.com\/index.php?rest_route=%2Fwp%2Fv2%2Fmedia&parent=55583"}],"wp:term":[{"taxonomy":"category","embeddable":true,"href":"https:\/\/kibrisdakik.com\/index.php?rest_route=%2Fwp%2Fv2%2Fcategories&post=55583"},{"taxonomy":"post_tag","embeddable":true,"href":"https:\/\/kibrisdakik.com\/index.php?rest_route=%2Fwp%2Fv2%2Ftags&post=55583"}],"curies":[{"name":"wp","href":"https:\/\/api.w.org\/{rel}","templated":true}]}}