{"id":5560,"date":"2023-04-22T16:11:56","date_gmt":"2023-04-22T16:11:56","guid":{"rendered":"https:\/\/kibrisdakik.com\/index.php\/2023\/04\/22\/ustel-enerjide-dev-bir-adim-atiyoruz\/"},"modified":"2023-04-22T16:11:56","modified_gmt":"2023-04-22T16:11:56","slug":"ustel-enerjide-dev-bir-adim-atiyoruz","status":"publish","type":"post","link":"https:\/\/kibrisdakik.com\/?p=5560","title":{"rendered":"\u00dcstel: Enerjide dev bir ad\u0131m at\u0131yoruz"},"content":{"rendered":"<p><\/p>\n<div>\n<div class=\"mariselle-image-container center\">\n                <img width=\"1079\" height=\"480\" class=\"lazy-image\" alt=\"\" decoding=\"async\" loading=\"lazy\" sizes=\"auto, (max-width: 1079px) 100vw, 1079px\" src=\"https:\/\/brtk.net\/wp-content\/uploads\/2023\/04\/22\/Screenshot_20230422_183718_Gallery.jpg?ver=ab9a3ccd54c39b8da295bf39fe79f737\" srcset=\"https:\/\/brtk.net\/wp-content\/uploads\/2023\/04\/22\/Screenshot_20230422_183718_Gallery.jpg?ver=ab9a3ccd54c39b8da295bf39fe79f737 1079w, https:\/\/brtk.net\/wp-content\/uploads\/2023\/04\/22\/Screenshot_20230422_183718_Gallery-300x133.jpg?ver=ab9a3ccd54c39b8da295bf39fe79f737 300w, https:\/\/brtk.net\/wp-content\/uploads\/2023\/04\/22\/Screenshot_20230422_183718_Gallery-1024x456.jpg?ver=ab9a3ccd54c39b8da295bf39fe79f737 1024w, https:\/\/brtk.net\/wp-content\/uploads\/2023\/04\/22\/Screenshot_20230422_183718_Gallery-768x342.jpg?ver=ab9a3ccd54c39b8da295bf39fe79f737 768w\"\/>                            <\/div>\n<p>Ba\u015fbakan, Ulusal Birlik Partisi Genel Ba\u015fkan\u0131 \u00dcnal \u00dcstel e\u015fi Zerrin \u00dcstel ile il\u00e7e merkezlerine bayram ziyareti ger\u00e7ekle\u015ftirdi.<\/p>\n<p>Ba\u015fbakan \u00dcstel, ziyaretleri \u00e7er\u00e7evesinde partisinin il\u00e7e binalar\u0131nda, partilileri ve halkla bayramla\u015ft\u0131.   <\/p>\n<p>Bayramla\u015fma etkinli\u011fine Cumhuriyet Meclisi Ba\u015fkan\u0131 Zorlu T\u00f6re baz\u0131 partili bakanlar, milletvekilleri ve \u00e7ok say\u0131da vatanda\u015f kat\u0131ld\u0131.<\/p>\n<p>Ba\u015fbakan \u00dcnal \u00dcstel ilk dura\u011f\u0131 olan Gazima\u011fusa\u2019da milletvekilli\u011fi ara se\u00e7imi konusunda a\u00e7\u0131klamalarda bulundu. <\/p>\n<p>Cumhuriyet Meclisi\u2019nden bir milletvekilinin ayr\u0131ld\u0131\u011f\u0131n\u0131 ve Anayasa gere\u011fi Haziran ay\u0131nda bir milletvekili i\u00e7in se\u00e7ime gidilece\u011fini dile getiren \u00dcstel, se\u00e7imin 25 Haziran da ger\u00e7ekle\u015fece\u011fini s\u00f6yledi.<\/p>\n<p>60 g\u00fcnl\u00fck se\u00e7im yasa\u011f\u0131 s\u00fcresinin k\u0131salt\u0131lmas\u0131 i\u00e7in yasa \u00e7\u0131kar\u0131lmas\u0131 y\u00f6n\u00fcnde \u00e7al\u0131\u015fma ba\u015flat\u0131laca\u011f\u0131n\u0131 s\u00f6yleyen \u00dcstel, ard\u0131ndan da ara se\u00e7im i\u00e7in start verilece\u011fini kaydetti. <\/p>\n<p>Ba\u015fbakan ve <a href=\"https:\/\/brtk.net\/\"\/><a href=\"https:\/\/brtk.net\/\"\/><a href=\"https:\/\/brtk.net\/\"\/><a href=\"https:\/\/brtk.net\/\"\/><a href=\"https:\/\/brtk.net\/\">UBP<\/a> Genel Ba\u015fkan\u0131 \u00dcnal \u00dcstel ile heyetinin ikinci dura\u011f\u0131 \u0130skele il\u00e7esi oldu. <\/p>\n<p>\u00dcstel burada T\u00fcrkiye ile imzalanan mali i\u015fbirli\u011fi protokol\u00fcn\u00fc ve enerji politikalar\u0131 konusunda mesajlare verdi. <\/p>\n<p> \u201cEnerjide de dev bir ad\u0131m at\u0131yoruz\u201d diyen Ba\u015fkanan \u00dcstel, anavatan T\u00fcrkiye\u2019nin katk\u0131lar\u0131 ile kablo ile elektrik gelmesi i\u00e7in start\u0131n verildi\u011fini ve \u00e7al\u0131\u015fmalara ba\u015fland\u0131\u011f\u0131n\u0131 belirtti.<\/p>\n<p>S\u00f6z konusu sistem ile g\u00fcne\u015f enerjisinden daha fazla yararlan\u0131laca\u011f\u0131n\u0131 ve elektrik maliyetlerinin de d\u00fc\u015fece\u011fini aktaran Ba\u015fbakan \u00dcstel, g\u00fcne\u015f enerji sistemlerinin yayg\u0131nla\u015fmas\u0131yla birlikte ileride ayn\u0131 kablo ile T\u00fcrkiye\u2019ye elektrik enerjisi sat\u0131labilece\u011fini belirtti.<\/p>\n<p>\u00dcstel ve beraberindeki heyet Girne de de partilileri ve halkla bayramla\u015ft\u0131. <\/p>\n<p> Ba\u015fbakan ve <a href=\"https:\/\/brtk.net\/\"\/><a href=\"https:\/\/brtk.net\/\"\/><a href=\"https:\/\/brtk.net\/\"\/><a href=\"https:\/\/brtk.net\/\"\/><a href=\"https:\/\/brtk.net\/\">UBP<\/a> Genel Ba\u015fkan\u0131 \u00dcnal \u00dcstel, Girne\u2019de partisinin ara se\u00e7imdeki aday\u0131 konusuna a\u00e7\u0131kl\u0131k getirdi. <\/p>\n<p> <a href=\"https:\/\/brtk.net\/\"\/><a href=\"https:\/\/brtk.net\/\"\/><a href=\"https:\/\/brtk.net\/\"\/><a href=\"https:\/\/brtk.net\/\"\/><a href=\"https:\/\/brtk.net\/\">UBP<\/a>\u2019nin Haziran\u2019da yap\u0131lacak olan ara se\u00e7imde milletvekili say\u0131\u0131sn\u0131 25\u2019e \u00e7\u0131karmas\u0131n\u0131n b\u00fcy\u00fck \u00f6nem ta\u015f\u0131d\u0131\u011f\u0131na vurgu yapan \u00dcstel, partililerden ara se\u00e7im i\u00e7in  birlik beraberlik i\u00e7inde  \u00e7al\u0131\u015fmalar\u0131n\u0131 istedi. <\/p>\n<p>\u00d6n\u00fcm\u00fczdeki hafta \u00c7ar\u015famba g\u00fcn\u00fc,  Merkez y\u00f6netim Kurulu toplant\u0131s\u0131nda ara se\u00e7im ve aday belirleme konusunun ele al\u0131naca\u011f\u0131n\u0131 dile getiren \u00dcstel, Merkezi Y\u00f6netim Kurulu\u2019na  1 aday \u00f6nereceklerini s\u00f6yledi. <\/p>\n<p>\u015eu ana kadar bu konuda hi\u00e7bir s\u0131k\u0131nt\u0131 olmad\u0131\u011f\u0131n\u0131 ,deneyimli \u0130\u015fadam\u0131 , <a href=\"https:\/\/brtk.net\/\"\/><a href=\"https:\/\/brtk.net\/\"\/><a href=\"https:\/\/brtk.net\/\"\/><a href=\"https:\/\/brtk.net\/\"\/><a href=\"https:\/\/brtk.net\/\">UBP<\/a>\u2019li  Ali Ba\u015fman\u2019\u0131n \u00f6nerilerine evet dedi\u011fini  kaydeden \u00dcstel, \u201cBunu yetkili organlarla toplant\u0131  yapt\u0131ktan sonra, yetkili organlardan da  bu karar\u0131 \u00e7\u0131kar\u0131p kamuoyuyla payla\u015faca\u011f\u0131z\u201ddiye konu\u015ftu. <\/p>\n<p>Ba\u015fbakan, <a href=\"https:\/\/brtk.net\/\"\/><a href=\"https:\/\/brtk.net\/\"\/><a href=\"https:\/\/brtk.net\/\"\/><a href=\"https:\/\/brtk.net\/\"\/><a href=\"https:\/\/brtk.net\/\">UBP<\/a> Genel Ba\u015fkan\u0131 \u00dcstel ve heyeti il\u00e7e merkezlerine ger\u00e7ekle\u015ftirdi\u011fi bayram siyaretleri \u00e7er\u00e7evesinde Lefke ve G\u00fczlyurt\u2019ta da partilileri ve vatanda\u015flarla biraraya geldi. <\/p>\n<p>Her iki il\u00e7ede de bayram tebriklerini <a href=\"https:\/\/brtk.net\/\"\/><a href=\"https:\/\/brtk.net\/\"\/><a href=\"https:\/\/brtk.net\/\"\/><a href=\"https:\/\/brtk.net\/\"\/><a href=\"https:\/\/brtk.net\/\">UBP<\/a> il\u00e7e merkezlerinde kabul eden  \u00dcstel, belediyeler reformu ve sonu\u00e7lar\u0131na ili\u015fkin de a\u00e7\u0131klamalarda bulundu. <\/p>\n<p>\u00dcstel, yap\u0131lan yasal d\u00fczenleme ve reformlarla belediyelerin mali kaynaklar\u0131n\u0131 art\u0131rarak daha rahat hizmet vermelerine olanak sa\u011flad\u0131klar\u0131n\u0131 s\u00f6yledi. <\/p>\n<p>Ba\u015fbakan \u00dcstel , G\u00fczelyurt ile beldelere y\u00f6nelik bayram ziyaretlerini tamamlam\u0131\u015f oldu.<\/p>\n<\/p><\/div>\n<p><script async\n                    defer\n                    crossorigin=\"anonymous\"\n                    src=\"https:\/\/connect.facebook.net\/tr_TR\/sdk.js#xfbml=1&#038;version=v3.3\"\n            ><\/script><\/p>\n","protected":false},"excerpt":{"rendered":"<p>Ba\u015fbakan, Ulusal Birlik Partisi Genel Ba\u015fkan\u0131 \u00dcnal \u00dcstel e\u015fi Zerrin \u00dcstel ile il\u00e7e merkezlerine bayram ziyareti ger\u00e7ekle\u015ftirdi. Ba\u015fbakan \u00dcstel, ziyaretleri \u00e7er\u00e7evesinde partisinin il\u00e7e binalar\u0131nda, partilileri ve halkla bayramla\u015ft\u0131. Bayramla\u015fma etkinli\u011fine Cumhuriyet Meclisi Ba\u015fkan\u0131 Zorlu T\u00f6re baz\u0131 partili bakanlar, milletvekilleri ve \u00e7ok say\u0131da vatanda\u015f kat\u0131ld\u0131. Ba\u015fbakan \u00dcnal \u00dcstel ilk dura\u011f\u0131 olan Gazima\u011fusa\u2019da milletvekilli\u011fi ara se\u00e7imi konusunda<\/p>\n","protected":false},"author":1,"featured_media":5561,"comment_status":"open","ping_status":"open","sticky":false,"template":"","format":"standard","meta":{"footnotes":""},"categories":[1],"tags":[],"class_list":["post-5560","post","type-post","status-publish","format-standard","has-post-thumbnail","hentry","category-gundem"],"yoast_head":"<!-- This site is optimized with the Yoast SEO plugin v27.4 - https:\/\/yoast.com\/product\/yoast-seo-wordpress\/ -->\n<title>\u00dcstel: Enerjide dev bir ad\u0131m at\u0131yoruz -<\/title>\n<meta name=\"robots\" content=\"index, follow, max-snippet:-1, max-image-preview:large, max-video-preview:-1\" \/>\n<link rel=\"canonical\" href=\"https:\/\/kibrisdakik.com\/?p=5560\" \/>\n<meta property=\"og:locale\" content=\"tr_TR\" \/>\n<meta property=\"og:type\" content=\"article\" \/>\n<meta property=\"og:title\" content=\"\u00dcstel: Enerjide dev bir ad\u0131m at\u0131yoruz -\" \/>\n<meta property=\"og:description\" content=\"Ba\u015fbakan, Ulusal Birlik Partisi Genel Ba\u015fkan\u0131 \u00dcnal \u00dcstel e\u015fi Zerrin \u00dcstel ile il\u00e7e merkezlerine bayram ziyareti ger\u00e7ekle\u015ftirdi. Ba\u015fbakan \u00dcstel, ziyaretleri \u00e7er\u00e7evesinde partisinin il\u00e7e binalar\u0131nda, partilileri ve halkla bayramla\u015ft\u0131. Bayramla\u015fma etkinli\u011fine Cumhuriyet Meclisi Ba\u015fkan\u0131 Zorlu T\u00f6re baz\u0131 partili bakanlar, milletvekilleri ve \u00e7ok say\u0131da vatanda\u015f kat\u0131ld\u0131. Ba\u015fbakan \u00dcnal \u00dcstel ilk dura\u011f\u0131 olan Gazima\u011fusa\u2019da milletvekilli\u011fi ara se\u00e7imi konusunda\" \/>\n<meta property=\"og:url\" content=\"https:\/\/kibrisdakik.com\/?p=5560\" \/>\n<meta property=\"article:published_time\" content=\"2023-04-22T16:11:56+00:00\" \/>\n<meta property=\"og:image\" content=\"https:\/\/kibrisdakik.com\/wp-content\/uploads\/2023\/04\/Screenshot_20230422_183718_Gallery-740x420.jpg\" \/>\n\t<meta property=\"og:image:width\" content=\"1079\" \/>\n\t<meta property=\"og:image:height\" content=\"480\" \/>\n\t<meta property=\"og:image:type\" content=\"image\/jpeg\" \/>\n<meta name=\"author\" content=\"admin\" \/>\n<meta name=\"twitter:card\" content=\"summary_large_image\" \/>\n<meta name=\"twitter:label1\" content=\"Yazan:\" \/>\n\t<meta name=\"twitter:data1\" content=\"admin\" \/>\n\t<meta name=\"twitter:label2\" content=\"Tahmini okuma s\u00fcresi\" \/>\n\t<meta name=\"twitter:data2\" content=\"3 dakika\" \/>\n<script type=\"application\/ld+json\" class=\"yoast-schema-graph\">{\"@context\":\"https:\\\/\\\/schema.org\",\"@graph\":[{\"@type\":\"Article\",\"@id\":\"https:\\\/\\\/kibrisdakik.com\\\/?p=5560#article\",\"isPartOf\":{\"@id\":\"https:\\\/\\\/kibrisdakik.com\\\/?p=5560\"},\"author\":{\"name\":\"admin\",\"@id\":\"https:\\\/\\\/kibrisdakik.com\\\/#\\\/schema\\\/person\\\/9cd9d437bbb44f72b73ba127e06d8e79\"},\"headline\":\"\u00dcstel: Enerjide dev bir ad\u0131m at\u0131yoruz\",\"datePublished\":\"2023-04-22T16:11:56+00:00\",\"mainEntityOfPage\":{\"@id\":\"https:\\\/\\\/kibrisdakik.com\\\/?p=5560\"},\"wordCount\":536,\"commentCount\":0,\"image\":{\"@id\":\"https:\\\/\\\/kibrisdakik.com\\\/?p=5560#primaryimage\"},\"thumbnailUrl\":\"https:\\\/\\\/kibrisdakik.com\\\/wp-content\\\/uploads\\\/2023\\\/04\\\/Screenshot_20230422_183718_Gallery-740x420.jpg\",\"articleSection\":[\"G\u00fcndem\"],\"inLanguage\":\"tr\",\"potentialAction\":[{\"@type\":\"CommentAction\",\"name\":\"Comment\",\"target\":[\"https:\\\/\\\/kibrisdakik.com\\\/?p=5560#respond\"]}]},{\"@type\":\"WebPage\",\"@id\":\"https:\\\/\\\/kibrisdakik.com\\\/?p=5560\",\"url\":\"https:\\\/\\\/kibrisdakik.com\\\/?p=5560\",\"name\":\"\u00dcstel: Enerjide dev bir ad\u0131m at\u0131yoruz -\",\"isPartOf\":{\"@id\":\"https:\\\/\\\/kibrisdakik.com\\\/#website\"},\"primaryImageOfPage\":{\"@id\":\"https:\\\/\\\/kibrisdakik.com\\\/?p=5560#primaryimage\"},\"image\":{\"@id\":\"https:\\\/\\\/kibrisdakik.com\\\/?p=5560#primaryimage\"},\"thumbnailUrl\":\"https:\\\/\\\/kibrisdakik.com\\\/wp-content\\\/uploads\\\/2023\\\/04\\\/Screenshot_20230422_183718_Gallery-740x420.jpg\",\"datePublished\":\"2023-04-22T16:11:56+00:00\",\"author\":{\"@id\":\"https:\\\/\\\/kibrisdakik.com\\\/#\\\/schema\\\/person\\\/9cd9d437bbb44f72b73ba127e06d8e79\"},\"breadcrumb\":{\"@id\":\"https:\\\/\\\/kibrisdakik.com\\\/?p=5560#breadcrumb\"},\"inLanguage\":\"tr\",\"potentialAction\":[{\"@type\":\"ReadAction\",\"target\":[\"https:\\\/\\\/kibrisdakik.com\\\/?p=5560\"]}]},{\"@type\":\"ImageObject\",\"inLanguage\":\"tr\",\"@id\":\"https:\\\/\\\/kibrisdakik.com\\\/?p=5560#primaryimage\",\"url\":\"https:\\\/\\\/kibrisdakik.com\\\/wp-content\\\/uploads\\\/2023\\\/04\\\/Screenshot_20230422_183718_Gallery-740x420.jpg\",\"contentUrl\":\"https:\\\/\\\/kibrisdakik.com\\\/wp-content\\\/uploads\\\/2023\\\/04\\\/Screenshot_20230422_183718_Gallery-740x420.jpg\",\"width\":1079,\"height\":480},{\"@type\":\"BreadcrumbList\",\"@id\":\"https:\\\/\\\/kibrisdakik.com\\\/?p=5560#breadcrumb\",\"itemListElement\":[{\"@type\":\"ListItem\",\"position\":1,\"name\":\"Home\",\"item\":\"https:\\\/\\\/kibrisdakik.com\\\/\"},{\"@type\":\"ListItem\",\"position\":2,\"name\":\"\u00dcstel: Enerjide dev bir ad\u0131m at\u0131yoruz\"}]},{\"@type\":\"WebSite\",\"@id\":\"https:\\\/\\\/kibrisdakik.com\\\/#website\",\"url\":\"https:\\\/\\\/kibrisdakik.com\\\/\",\"name\":\"\",\"description\":\"Tam vaktinde haber\",\"potentialAction\":[{\"@type\":\"SearchAction\",\"target\":{\"@type\":\"EntryPoint\",\"urlTemplate\":\"https:\\\/\\\/kibrisdakik.com\\\/?s={search_term_string}\"},\"query-input\":{\"@type\":\"PropertyValueSpecification\",\"valueRequired\":true,\"valueName\":\"search_term_string\"}}],\"inLanguage\":\"tr\"},{\"@type\":\"Person\",\"@id\":\"https:\\\/\\\/kibrisdakik.com\\\/#\\\/schema\\\/person\\\/9cd9d437bbb44f72b73ba127e06d8e79\",\"name\":\"admin\",\"image\":{\"@type\":\"ImageObject\",\"inLanguage\":\"tr\",\"@id\":\"https:\\\/\\\/secure.gravatar.com\\\/avatar\\\/ccc17943b9d660506c869530f897617f7cb1c21a4bf30023f252596d83e1f007?s=96&d=mm&r=g\",\"url\":\"https:\\\/\\\/secure.gravatar.com\\\/avatar\\\/ccc17943b9d660506c869530f897617f7cb1c21a4bf30023f252596d83e1f007?s=96&d=mm&r=g\",\"contentUrl\":\"https:\\\/\\\/secure.gravatar.com\\\/avatar\\\/ccc17943b9d660506c869530f897617f7cb1c21a4bf30023f252596d83e1f007?s=96&d=mm&r=g\",\"caption\":\"admin\"},\"sameAs\":[\"https:\\\/\\\/kibrisdakik.com\"],\"url\":\"https:\\\/\\\/kibrisdakik.com\\\/?author=1\"}]}<\/script>\n<!-- \/ Yoast SEO plugin. -->","yoast_head_json":{"title":"\u00dcstel: Enerjide dev bir ad\u0131m at\u0131yoruz -","robots":{"index":"index","follow":"follow","max-snippet":"max-snippet:-1","max-image-preview":"max-image-preview:large","max-video-preview":"max-video-preview:-1"},"canonical":"https:\/\/kibrisdakik.com\/?p=5560","og_locale":"tr_TR","og_type":"article","og_title":"\u00dcstel: Enerjide dev bir ad\u0131m at\u0131yoruz -","og_description":"Ba\u015fbakan, Ulusal Birlik Partisi Genel Ba\u015fkan\u0131 \u00dcnal \u00dcstel e\u015fi Zerrin \u00dcstel ile il\u00e7e merkezlerine bayram ziyareti ger\u00e7ekle\u015ftirdi. Ba\u015fbakan \u00dcstel, ziyaretleri \u00e7er\u00e7evesinde partisinin il\u00e7e binalar\u0131nda, partilileri ve halkla bayramla\u015ft\u0131. Bayramla\u015fma etkinli\u011fine Cumhuriyet Meclisi Ba\u015fkan\u0131 Zorlu T\u00f6re baz\u0131 partili bakanlar, milletvekilleri ve \u00e7ok say\u0131da vatanda\u015f kat\u0131ld\u0131. Ba\u015fbakan \u00dcnal \u00dcstel ilk dura\u011f\u0131 olan Gazima\u011fusa\u2019da milletvekilli\u011fi ara se\u00e7imi konusunda","og_url":"https:\/\/kibrisdakik.com\/?p=5560","article_published_time":"2023-04-22T16:11:56+00:00","og_image":[{"width":1079,"height":480,"url":"https:\/\/kibrisdakik.com\/wp-content\/uploads\/2023\/04\/Screenshot_20230422_183718_Gallery-740x420.jpg","type":"image\/jpeg"}],"author":"admin","twitter_card":"summary_large_image","twitter_misc":{"Yazan:":"admin","Tahmini okuma s\u00fcresi":"3 dakika"},"schema":{"@context":"https:\/\/schema.org","@graph":[{"@type":"Article","@id":"https:\/\/kibrisdakik.com\/?p=5560#article","isPartOf":{"@id":"https:\/\/kibrisdakik.com\/?p=5560"},"author":{"name":"admin","@id":"https:\/\/kibrisdakik.com\/#\/schema\/person\/9cd9d437bbb44f72b73ba127e06d8e79"},"headline":"\u00dcstel: Enerjide dev bir ad\u0131m at\u0131yoruz","datePublished":"2023-04-22T16:11:56+00:00","mainEntityOfPage":{"@id":"https:\/\/kibrisdakik.com\/?p=5560"},"wordCount":536,"commentCount":0,"image":{"@id":"https:\/\/kibrisdakik.com\/?p=5560#primaryimage"},"thumbnailUrl":"https:\/\/kibrisdakik.com\/wp-content\/uploads\/2023\/04\/Screenshot_20230422_183718_Gallery-740x420.jpg","articleSection":["G\u00fcndem"],"inLanguage":"tr","potentialAction":[{"@type":"CommentAction","name":"Comment","target":["https:\/\/kibrisdakik.com\/?p=5560#respond"]}]},{"@type":"WebPage","@id":"https:\/\/kibrisdakik.com\/?p=5560","url":"https:\/\/kibrisdakik.com\/?p=5560","name":"\u00dcstel: Enerjide dev bir ad\u0131m at\u0131yoruz -","isPartOf":{"@id":"https:\/\/kibrisdakik.com\/#website"},"primaryImageOfPage":{"@id":"https:\/\/kibrisdakik.com\/?p=5560#primaryimage"},"image":{"@id":"https:\/\/kibrisdakik.com\/?p=5560#primaryimage"},"thumbnailUrl":"https:\/\/kibrisdakik.com\/wp-content\/uploads\/2023\/04\/Screenshot_20230422_183718_Gallery-740x420.jpg","datePublished":"2023-04-22T16:11:56+00:00","author":{"@id":"https:\/\/kibrisdakik.com\/#\/schema\/person\/9cd9d437bbb44f72b73ba127e06d8e79"},"breadcrumb":{"@id":"https:\/\/kibrisdakik.com\/?p=5560#breadcrumb"},"inLanguage":"tr","potentialAction":[{"@type":"ReadAction","target":["https:\/\/kibrisdakik.com\/?p=5560"]}]},{"@type":"ImageObject","inLanguage":"tr","@id":"https:\/\/kibrisdakik.com\/?p=5560#primaryimage","url":"https:\/\/kibrisdakik.com\/wp-content\/uploads\/2023\/04\/Screenshot_20230422_183718_Gallery-740x420.jpg","contentUrl":"https:\/\/kibrisdakik.com\/wp-content\/uploads\/2023\/04\/Screenshot_20230422_183718_Gallery-740x420.jpg","width":1079,"height":480},{"@type":"BreadcrumbList","@id":"https:\/\/kibrisdakik.com\/?p=5560#breadcrumb","itemListElement":[{"@type":"ListItem","position":1,"name":"Home","item":"https:\/\/kibrisdakik.com\/"},{"@type":"ListItem","position":2,"name":"\u00dcstel: Enerjide dev bir ad\u0131m at\u0131yoruz"}]},{"@type":"WebSite","@id":"https:\/\/kibrisdakik.com\/#website","url":"https:\/\/kibrisdakik.com\/","name":"","description":"Tam vaktinde haber","potentialAction":[{"@type":"SearchAction","target":{"@type":"EntryPoint","urlTemplate":"https:\/\/kibrisdakik.com\/?s={search_term_string}"},"query-input":{"@type":"PropertyValueSpecification","valueRequired":true,"valueName":"search_term_string"}}],"inLanguage":"tr"},{"@type":"Person","@id":"https:\/\/kibrisdakik.com\/#\/schema\/person\/9cd9d437bbb44f72b73ba127e06d8e79","name":"admin","image":{"@type":"ImageObject","inLanguage":"tr","@id":"https:\/\/secure.gravatar.com\/avatar\/ccc17943b9d660506c869530f897617f7cb1c21a4bf30023f252596d83e1f007?s=96&d=mm&r=g","url":"https:\/\/secure.gravatar.com\/avatar\/ccc17943b9d660506c869530f897617f7cb1c21a4bf30023f252596d83e1f007?s=96&d=mm&r=g","contentUrl":"https:\/\/secure.gravatar.com\/avatar\/ccc17943b9d660506c869530f897617f7cb1c21a4bf30023f252596d83e1f007?s=96&d=mm&r=g","caption":"admin"},"sameAs":["https:\/\/kibrisdakik.com"],"url":"https:\/\/kibrisdakik.com\/?author=1"}]}},"_links":{"self":[{"href":"https:\/\/kibrisdakik.com\/index.php?rest_route=\/wp\/v2\/posts\/5560","targetHints":{"allow":["GET"]}}],"collection":[{"href":"https:\/\/kibrisdakik.com\/index.php?rest_route=\/wp\/v2\/posts"}],"about":[{"href":"https:\/\/kibrisdakik.com\/index.php?rest_route=\/wp\/v2\/types\/post"}],"author":[{"embeddable":true,"href":"https:\/\/kibrisdakik.com\/index.php?rest_route=\/wp\/v2\/users\/1"}],"replies":[{"embeddable":true,"href":"https:\/\/kibrisdakik.com\/index.php?rest_route=%2Fwp%2Fv2%2Fcomments&post=5560"}],"version-history":[{"count":0,"href":"https:\/\/kibrisdakik.com\/index.php?rest_route=\/wp\/v2\/posts\/5560\/revisions"}],"wp:featuredmedia":[{"embeddable":true,"href":"https:\/\/kibrisdakik.com\/index.php?rest_route=\/wp\/v2\/media\/5561"}],"wp:attachment":[{"href":"https:\/\/kibrisdakik.com\/index.php?rest_route=%2Fwp%2Fv2%2Fmedia&parent=5560"}],"wp:term":[{"taxonomy":"category","embeddable":true,"href":"https:\/\/kibrisdakik.com\/index.php?rest_route=%2Fwp%2Fv2%2Fcategories&post=5560"},{"taxonomy":"post_tag","embeddable":true,"href":"https:\/\/kibrisdakik.com\/index.php?rest_route=%2Fwp%2Fv2%2Ftags&post=5560"}],"curies":[{"name":"wp","href":"https:\/\/api.w.org\/{rel}","templated":true}]}}