{"id":55607,"date":"2024-08-20T11:41:18","date_gmt":"2024-08-20T08:41:18","guid":{"rendered":"https:\/\/kibrisdakik.com\/index.php\/2024\/08\/20\/ali-koca-saldiran-fatih-ozkan-ozur-diledi\/"},"modified":"2024-08-20T11:41:18","modified_gmt":"2024-08-20T08:41:18","slug":"ali-koca-saldiran-fatih-ozkan-ozur-diledi","status":"publish","type":"post","link":"https:\/\/kibrisdakik.com\/?p=55607","title":{"rendered":"Ali Ko\u00e7&#8217;a sald\u0131ran Fatih \u00d6zkan, \u00f6z\u00fcr diledi"},"content":{"rendered":"<p><img decoding=\"async\" src=\"https:\/\/foto.haberler.com\/haber\/2024\/08\/20\/ali-koc-a-saldiran-fatih-ozkan-ozur-diledi-17737443_147_amp.jpg\" \/><\/p>\n<div id=\"\">\n<p>Trendyol S\u00fcper Lig&#8217;in 2. haftas\u0131nda oynanan G\u00f6ztepe-  <a class=\"keyword\" href=\"https:\/\/www.haberler.com\/fenerbahce\/\" title=\"Fenerbah\u00e7e Haberleri, Fenerbah\u00e7e Haberi, Fenerbah\u00e7e Haber\"><strong>Fenerbah\u00e7e<\/strong><\/a> ma\u00e7\u0131n\u0131n devre aras\u0131nda Fenerbah\u00e7e Ba\u015fkan\u0131 Ali Ko\u00e7&#8217;a sald\u0131ran G\u00f6ztepe y\u00f6netim kurulu \u00fcyesi Fatih \u00d6zkan sar\u0131-lacivertli camiadan ve Ali Ko\u00e7&#8217;tan \u00f6z\u00fcr diledi.<\/p>\n<h3>EV HAPS\u0130 ALMI\u015eTI<\/h3>\n<p>Savc\u0131l\u0131kta ifade veren Fatih \u00d6zkan, &#8220;Ali Ko\u00e7&#8217;u saha d\u0131\u015f\u0131na \u00e7\u0131karmak istedim. Yerler \u0131slakt\u0131, h\u0131z\u0131m\u0131 ayarlayamad\u0131m ve istemeden sert bir \u015fekilde ittim. Yaralama kast\u0131m yoktu.&#8221; diyerek kendini savunmu\u015ftu. Ancak bu savunma, hukuki s\u00fcre\u00e7te \u00d6zkan&#8217;\u0131n ceza almas\u0131na engel olamad\u0131. Mahkeme, \u00d6zkan&#8217;a ev hapsi cezas\u0131 verdi.<\/p>\n<h3>&#8220;AL\u0130 KO\u00c7&#8217;TAN \u00d6Z\u00dcR D\u0130LER\u0130M&#8221;<\/h3>\n<p>Sosyal medya hesab\u0131ndan bir a\u00e7\u0131klama yaparak sar\u0131-lacivertli camiadan \u00f6z\u00fcr dileyen \u00d6zkan, &#8220;17\/08\/24 tarihinde futbolumuzun iki g\u00fczide kul\u00fcb\u00fc aras\u0131nda oynanan m\u00fcsabaka s\u0131ras\u0131nda meydana gelen ve halihaz\u0131rda kamuoyunu me\u015fgul etmeye devam eden menfur olay\u0131n bir taraf\u0131 olarak ya\u015fanan bu olay nedeni ile son derece \u00fczg\u00fcn oldu\u011fumun bilinmesini isterim. Kamuoyunun bu olay nedeni ile daha fazla me\u015fgul edilmemesi; her iki g\u00fczide kul\u00fcbe g\u00f6n\u00fcl vermi\u015f taraftarlar\u0131n y\u0131prat\u0131lmamas\u0131 i\u00e7in ba\u015fta t\u00fcm kamuoyu olmak \u00fczere mensubu oldu\u011fum G\u00f6ztepe  <a class=\"keyword\" href=\"https:\/\/www.haberler.com\/spor\/\" title=\"Spor, Spor Haberleri, Spor Haber\"><strong>Spor<\/strong><\/a> Kul\u00fcb\u00fc, kul\u00fcp onursal ba\u015fkan\u0131 Mehmet Sepil, Fenerbah\u00e7e Spor kul\u00fcb\u00fc ba\u015fkan\u0131 Ali Y. Ko\u00e7 ile t\u00fcm Fenerbah\u00e7e camias\u0131ndan \u00f6z\u00fcr diledi\u011fimi kamuoyuna sayg\u0131 ile bildiririm&#8221; ifadelerini kulland\u0131.<\/p>\n<h4 id=\"nwsKeywords\"> <a href=\"https:\/\/www.haberler.com\/fenerbahce\/\" title=\"Fenerbah\u00e7e\" class=\"hbptTag\">Fenerbah\u00e7e<\/a>  <a href=\"https:\/\/www.haberler.com\/ali-koc\/\" title=\"Ali Ko\u00e7\" class=\"hbptTag\">Ali Ko\u00e7<\/a>  <a href=\"https:\/\/www.haberler.com\/hukuk\/\" title=\"Hukuk\" class=\"hbptTag\">Hukuk<\/a>  <a href=\"https:\/\/www.haberler.com\/spor\/\" title=\"Spor\" class=\"hbptTag\">Spor<\/a>  <a href=\"https:\/\/www.haberler.com\/guncel\/\" title=\"G\u00fcncel\" class=\"hbptTag\">G\u00fcncel<\/a>  <a href=\"https:\/\/www.haberler.com\/\" title=\"Haberler\" class=\"hbptTag\">Haberler<\/a> <\/h4>\n<\/div>\n","protected":false},"excerpt":{"rendered":"<p>Trendyol S\u00fcper Lig&#8217;in 2. haftas\u0131nda oynanan G\u00f6ztepe- Fenerbah\u00e7e ma\u00e7\u0131n\u0131n devre aras\u0131nda Fenerbah\u00e7e Ba\u015fkan\u0131 Ali Ko\u00e7&#8217;a sald\u0131ran G\u00f6ztepe y\u00f6netim kurulu \u00fcyesi Fatih \u00d6zkan sar\u0131-lacivertli camiadan ve Ali Ko\u00e7&#8217;tan \u00f6z\u00fcr diledi. EV HAPS\u0130 ALMI\u015eTI Savc\u0131l\u0131kta ifade veren Fatih \u00d6zkan, &#8220;Ali Ko\u00e7&#8217;u saha d\u0131\u015f\u0131na \u00e7\u0131karmak istedim. Yerler \u0131slakt\u0131, h\u0131z\u0131m\u0131 ayarlayamad\u0131m ve istemeden sert bir \u015fekilde ittim. Yaralama kast\u0131m<\/p>\n","protected":false},"author":1,"featured_media":55608,"comment_status":"open","ping_status":"open","sticky":false,"template":"","format":"standard","meta":{"footnotes":""},"categories":[83],"tags":[],"class_list":["post-55607","post","type-post","status-publish","format-standard","has-post-thumbnail","hentry","category-magazin"],"yoast_head":"<!-- This site is optimized with the Yoast SEO plugin v27.4 - https:\/\/yoast.com\/product\/yoast-seo-wordpress\/ -->\n<title>Ali Ko\u00e7&#039;a sald\u0131ran Fatih \u00d6zkan, \u00f6z\u00fcr diledi -<\/title>\n<meta name=\"robots\" content=\"index, follow, max-snippet:-1, max-image-preview:large, max-video-preview:-1\" \/>\n<link rel=\"canonical\" href=\"https:\/\/kibrisdakik.com\/?p=55607\" \/>\n<meta property=\"og:locale\" content=\"tr_TR\" \/>\n<meta property=\"og:type\" content=\"article\" \/>\n<meta property=\"og:title\" content=\"Ali Ko\u00e7&#039;a sald\u0131ran Fatih \u00d6zkan, \u00f6z\u00fcr diledi -\" \/>\n<meta property=\"og:description\" content=\"Trendyol S\u00fcper Lig&#8217;in 2. haftas\u0131nda oynanan G\u00f6ztepe- Fenerbah\u00e7e ma\u00e7\u0131n\u0131n devre aras\u0131nda Fenerbah\u00e7e Ba\u015fkan\u0131 Ali Ko\u00e7&#8217;a sald\u0131ran G\u00f6ztepe y\u00f6netim kurulu \u00fcyesi Fatih \u00d6zkan sar\u0131-lacivertli camiadan ve Ali Ko\u00e7&#8217;tan \u00f6z\u00fcr diledi. EV HAPS\u0130 ALMI\u015eTI Savc\u0131l\u0131kta ifade veren Fatih \u00d6zkan, &#8220;Ali Ko\u00e7&#8217;u saha d\u0131\u015f\u0131na \u00e7\u0131karmak istedim. Yerler \u0131slakt\u0131, h\u0131z\u0131m\u0131 ayarlayamad\u0131m ve istemeden sert bir \u015fekilde ittim. Yaralama kast\u0131m\" \/>\n<meta property=\"og:url\" content=\"https:\/\/kibrisdakik.com\/?p=55607\" \/>\n<meta property=\"article:published_time\" content=\"2024-08-20T08:41:18+00:00\" \/>\n<meta property=\"og:image\" content=\"https:\/\/kibrisdakik.com\/wp-content\/uploads\/2024\/08\/ali-koc-a-saldiran-fatih-ozkan-ozur-diledi-17737443_147_amp.jpg\" \/>\n\t<meta property=\"og:image:width\" content=\"1202\" \/>\n\t<meta property=\"og:image:height\" content=\"675\" \/>\n\t<meta property=\"og:image:type\" content=\"image\/jpeg\" \/>\n<meta name=\"author\" content=\"admin\" \/>\n<meta name=\"twitter:card\" content=\"summary_large_image\" \/>\n<meta name=\"twitter:label1\" content=\"Yazan:\" \/>\n\t<meta name=\"twitter:data1\" content=\"admin\" \/>\n\t<meta name=\"twitter:label2\" content=\"Tahmini okuma s\u00fcresi\" \/>\n\t<meta name=\"twitter:data2\" content=\"1 dakika\" \/>\n<script type=\"application\/ld+json\" class=\"yoast-schema-graph\">{\"@context\":\"https:\\\/\\\/schema.org\",\"@graph\":[{\"@type\":\"Article\",\"@id\":\"https:\\\/\\\/kibrisdakik.com\\\/?p=55607#article\",\"isPartOf\":{\"@id\":\"https:\\\/\\\/kibrisdakik.com\\\/?p=55607\"},\"author\":{\"name\":\"admin\",\"@id\":\"https:\\\/\\\/kibrisdakik.com\\\/#\\\/schema\\\/person\\\/9cd9d437bbb44f72b73ba127e06d8e79\"},\"headline\":\"Ali Ko\u00e7&#8217;a sald\u0131ran Fatih \u00d6zkan, \u00f6z\u00fcr diledi\",\"datePublished\":\"2024-08-20T08:41:18+00:00\",\"mainEntityOfPage\":{\"@id\":\"https:\\\/\\\/kibrisdakik.com\\\/?p=55607\"},\"wordCount\":268,\"commentCount\":0,\"image\":{\"@id\":\"https:\\\/\\\/kibrisdakik.com\\\/?p=55607#primaryimage\"},\"thumbnailUrl\":\"https:\\\/\\\/kibrisdakik.com\\\/wp-content\\\/uploads\\\/2024\\\/08\\\/ali-koc-a-saldiran-fatih-ozkan-ozur-diledi-17737443_147_amp.jpg\",\"articleSection\":[\"Magazin\"],\"inLanguage\":\"tr\",\"potentialAction\":[{\"@type\":\"CommentAction\",\"name\":\"Comment\",\"target\":[\"https:\\\/\\\/kibrisdakik.com\\\/?p=55607#respond\"]}]},{\"@type\":\"WebPage\",\"@id\":\"https:\\\/\\\/kibrisdakik.com\\\/?p=55607\",\"url\":\"https:\\\/\\\/kibrisdakik.com\\\/?p=55607\",\"name\":\"Ali Ko\u00e7'a sald\u0131ran Fatih \u00d6zkan, \u00f6z\u00fcr diledi -\",\"isPartOf\":{\"@id\":\"https:\\\/\\\/kibrisdakik.com\\\/#website\"},\"primaryImageOfPage\":{\"@id\":\"https:\\\/\\\/kibrisdakik.com\\\/?p=55607#primaryimage\"},\"image\":{\"@id\":\"https:\\\/\\\/kibrisdakik.com\\\/?p=55607#primaryimage\"},\"thumbnailUrl\":\"https:\\\/\\\/kibrisdakik.com\\\/wp-content\\\/uploads\\\/2024\\\/08\\\/ali-koc-a-saldiran-fatih-ozkan-ozur-diledi-17737443_147_amp.jpg\",\"datePublished\":\"2024-08-20T08:41:18+00:00\",\"author\":{\"@id\":\"https:\\\/\\\/kibrisdakik.com\\\/#\\\/schema\\\/person\\\/9cd9d437bbb44f72b73ba127e06d8e79\"},\"breadcrumb\":{\"@id\":\"https:\\\/\\\/kibrisdakik.com\\\/?p=55607#breadcrumb\"},\"inLanguage\":\"tr\",\"potentialAction\":[{\"@type\":\"ReadAction\",\"target\":[\"https:\\\/\\\/kibrisdakik.com\\\/?p=55607\"]}]},{\"@type\":\"ImageObject\",\"inLanguage\":\"tr\",\"@id\":\"https:\\\/\\\/kibrisdakik.com\\\/?p=55607#primaryimage\",\"url\":\"https:\\\/\\\/kibrisdakik.com\\\/wp-content\\\/uploads\\\/2024\\\/08\\\/ali-koc-a-saldiran-fatih-ozkan-ozur-diledi-17737443_147_amp.jpg\",\"contentUrl\":\"https:\\\/\\\/kibrisdakik.com\\\/wp-content\\\/uploads\\\/2024\\\/08\\\/ali-koc-a-saldiran-fatih-ozkan-ozur-diledi-17737443_147_amp.jpg\",\"width\":1202,\"height\":675},{\"@type\":\"BreadcrumbList\",\"@id\":\"https:\\\/\\\/kibrisdakik.com\\\/?p=55607#breadcrumb\",\"itemListElement\":[{\"@type\":\"ListItem\",\"position\":1,\"name\":\"Home\",\"item\":\"https:\\\/\\\/kibrisdakik.com\\\/\"},{\"@type\":\"ListItem\",\"position\":2,\"name\":\"Ali Ko\u00e7&#8217;a sald\u0131ran Fatih \u00d6zkan, \u00f6z\u00fcr diledi\"}]},{\"@type\":\"WebSite\",\"@id\":\"https:\\\/\\\/kibrisdakik.com\\\/#website\",\"url\":\"https:\\\/\\\/kibrisdakik.com\\\/\",\"name\":\"\",\"description\":\"Tam vaktinde haber\",\"potentialAction\":[{\"@type\":\"SearchAction\",\"target\":{\"@type\":\"EntryPoint\",\"urlTemplate\":\"https:\\\/\\\/kibrisdakik.com\\\/?s={search_term_string}\"},\"query-input\":{\"@type\":\"PropertyValueSpecification\",\"valueRequired\":true,\"valueName\":\"search_term_string\"}}],\"inLanguage\":\"tr\"},{\"@type\":\"Person\",\"@id\":\"https:\\\/\\\/kibrisdakik.com\\\/#\\\/schema\\\/person\\\/9cd9d437bbb44f72b73ba127e06d8e79\",\"name\":\"admin\",\"image\":{\"@type\":\"ImageObject\",\"inLanguage\":\"tr\",\"@id\":\"https:\\\/\\\/secure.gravatar.com\\\/avatar\\\/ccc17943b9d660506c869530f897617f7cb1c21a4bf30023f252596d83e1f007?s=96&d=mm&r=g\",\"url\":\"https:\\\/\\\/secure.gravatar.com\\\/avatar\\\/ccc17943b9d660506c869530f897617f7cb1c21a4bf30023f252596d83e1f007?s=96&d=mm&r=g\",\"contentUrl\":\"https:\\\/\\\/secure.gravatar.com\\\/avatar\\\/ccc17943b9d660506c869530f897617f7cb1c21a4bf30023f252596d83e1f007?s=96&d=mm&r=g\",\"caption\":\"admin\"},\"sameAs\":[\"https:\\\/\\\/kibrisdakik.com\"],\"url\":\"https:\\\/\\\/kibrisdakik.com\\\/?author=1\"}]}<\/script>\n<!-- \/ Yoast SEO plugin. -->","yoast_head_json":{"title":"Ali Ko\u00e7'a sald\u0131ran Fatih \u00d6zkan, \u00f6z\u00fcr diledi -","robots":{"index":"index","follow":"follow","max-snippet":"max-snippet:-1","max-image-preview":"max-image-preview:large","max-video-preview":"max-video-preview:-1"},"canonical":"https:\/\/kibrisdakik.com\/?p=55607","og_locale":"tr_TR","og_type":"article","og_title":"Ali Ko\u00e7'a sald\u0131ran Fatih \u00d6zkan, \u00f6z\u00fcr diledi -","og_description":"Trendyol S\u00fcper Lig&#8217;in 2. haftas\u0131nda oynanan G\u00f6ztepe- Fenerbah\u00e7e ma\u00e7\u0131n\u0131n devre aras\u0131nda Fenerbah\u00e7e Ba\u015fkan\u0131 Ali Ko\u00e7&#8217;a sald\u0131ran G\u00f6ztepe y\u00f6netim kurulu \u00fcyesi Fatih \u00d6zkan sar\u0131-lacivertli camiadan ve Ali Ko\u00e7&#8217;tan \u00f6z\u00fcr diledi. EV HAPS\u0130 ALMI\u015eTI Savc\u0131l\u0131kta ifade veren Fatih \u00d6zkan, &#8220;Ali Ko\u00e7&#8217;u saha d\u0131\u015f\u0131na \u00e7\u0131karmak istedim. Yerler \u0131slakt\u0131, h\u0131z\u0131m\u0131 ayarlayamad\u0131m ve istemeden sert bir \u015fekilde ittim. Yaralama kast\u0131m","og_url":"https:\/\/kibrisdakik.com\/?p=55607","article_published_time":"2024-08-20T08:41:18+00:00","og_image":[{"width":1202,"height":675,"url":"https:\/\/kibrisdakik.com\/wp-content\/uploads\/2024\/08\/ali-koc-a-saldiran-fatih-ozkan-ozur-diledi-17737443_147_amp.jpg","type":"image\/jpeg"}],"author":"admin","twitter_card":"summary_large_image","twitter_misc":{"Yazan:":"admin","Tahmini okuma s\u00fcresi":"1 dakika"},"schema":{"@context":"https:\/\/schema.org","@graph":[{"@type":"Article","@id":"https:\/\/kibrisdakik.com\/?p=55607#article","isPartOf":{"@id":"https:\/\/kibrisdakik.com\/?p=55607"},"author":{"name":"admin","@id":"https:\/\/kibrisdakik.com\/#\/schema\/person\/9cd9d437bbb44f72b73ba127e06d8e79"},"headline":"Ali Ko\u00e7&#8217;a sald\u0131ran Fatih \u00d6zkan, \u00f6z\u00fcr diledi","datePublished":"2024-08-20T08:41:18+00:00","mainEntityOfPage":{"@id":"https:\/\/kibrisdakik.com\/?p=55607"},"wordCount":268,"commentCount":0,"image":{"@id":"https:\/\/kibrisdakik.com\/?p=55607#primaryimage"},"thumbnailUrl":"https:\/\/kibrisdakik.com\/wp-content\/uploads\/2024\/08\/ali-koc-a-saldiran-fatih-ozkan-ozur-diledi-17737443_147_amp.jpg","articleSection":["Magazin"],"inLanguage":"tr","potentialAction":[{"@type":"CommentAction","name":"Comment","target":["https:\/\/kibrisdakik.com\/?p=55607#respond"]}]},{"@type":"WebPage","@id":"https:\/\/kibrisdakik.com\/?p=55607","url":"https:\/\/kibrisdakik.com\/?p=55607","name":"Ali Ko\u00e7'a sald\u0131ran Fatih \u00d6zkan, \u00f6z\u00fcr diledi -","isPartOf":{"@id":"https:\/\/kibrisdakik.com\/#website"},"primaryImageOfPage":{"@id":"https:\/\/kibrisdakik.com\/?p=55607#primaryimage"},"image":{"@id":"https:\/\/kibrisdakik.com\/?p=55607#primaryimage"},"thumbnailUrl":"https:\/\/kibrisdakik.com\/wp-content\/uploads\/2024\/08\/ali-koc-a-saldiran-fatih-ozkan-ozur-diledi-17737443_147_amp.jpg","datePublished":"2024-08-20T08:41:18+00:00","author":{"@id":"https:\/\/kibrisdakik.com\/#\/schema\/person\/9cd9d437bbb44f72b73ba127e06d8e79"},"breadcrumb":{"@id":"https:\/\/kibrisdakik.com\/?p=55607#breadcrumb"},"inLanguage":"tr","potentialAction":[{"@type":"ReadAction","target":["https:\/\/kibrisdakik.com\/?p=55607"]}]},{"@type":"ImageObject","inLanguage":"tr","@id":"https:\/\/kibrisdakik.com\/?p=55607#primaryimage","url":"https:\/\/kibrisdakik.com\/wp-content\/uploads\/2024\/08\/ali-koc-a-saldiran-fatih-ozkan-ozur-diledi-17737443_147_amp.jpg","contentUrl":"https:\/\/kibrisdakik.com\/wp-content\/uploads\/2024\/08\/ali-koc-a-saldiran-fatih-ozkan-ozur-diledi-17737443_147_amp.jpg","width":1202,"height":675},{"@type":"BreadcrumbList","@id":"https:\/\/kibrisdakik.com\/?p=55607#breadcrumb","itemListElement":[{"@type":"ListItem","position":1,"name":"Home","item":"https:\/\/kibrisdakik.com\/"},{"@type":"ListItem","position":2,"name":"Ali Ko\u00e7&#8217;a sald\u0131ran Fatih \u00d6zkan, \u00f6z\u00fcr diledi"}]},{"@type":"WebSite","@id":"https:\/\/kibrisdakik.com\/#website","url":"https:\/\/kibrisdakik.com\/","name":"","description":"Tam vaktinde haber","potentialAction":[{"@type":"SearchAction","target":{"@type":"EntryPoint","urlTemplate":"https:\/\/kibrisdakik.com\/?s={search_term_string}"},"query-input":{"@type":"PropertyValueSpecification","valueRequired":true,"valueName":"search_term_string"}}],"inLanguage":"tr"},{"@type":"Person","@id":"https:\/\/kibrisdakik.com\/#\/schema\/person\/9cd9d437bbb44f72b73ba127e06d8e79","name":"admin","image":{"@type":"ImageObject","inLanguage":"tr","@id":"https:\/\/secure.gravatar.com\/avatar\/ccc17943b9d660506c869530f897617f7cb1c21a4bf30023f252596d83e1f007?s=96&d=mm&r=g","url":"https:\/\/secure.gravatar.com\/avatar\/ccc17943b9d660506c869530f897617f7cb1c21a4bf30023f252596d83e1f007?s=96&d=mm&r=g","contentUrl":"https:\/\/secure.gravatar.com\/avatar\/ccc17943b9d660506c869530f897617f7cb1c21a4bf30023f252596d83e1f007?s=96&d=mm&r=g","caption":"admin"},"sameAs":["https:\/\/kibrisdakik.com"],"url":"https:\/\/kibrisdakik.com\/?author=1"}]}},"_links":{"self":[{"href":"https:\/\/kibrisdakik.com\/index.php?rest_route=\/wp\/v2\/posts\/55607","targetHints":{"allow":["GET"]}}],"collection":[{"href":"https:\/\/kibrisdakik.com\/index.php?rest_route=\/wp\/v2\/posts"}],"about":[{"href":"https:\/\/kibrisdakik.com\/index.php?rest_route=\/wp\/v2\/types\/post"}],"author":[{"embeddable":true,"href":"https:\/\/kibrisdakik.com\/index.php?rest_route=\/wp\/v2\/users\/1"}],"replies":[{"embeddable":true,"href":"https:\/\/kibrisdakik.com\/index.php?rest_route=%2Fwp%2Fv2%2Fcomments&post=55607"}],"version-history":[{"count":0,"href":"https:\/\/kibrisdakik.com\/index.php?rest_route=\/wp\/v2\/posts\/55607\/revisions"}],"wp:featuredmedia":[{"embeddable":true,"href":"https:\/\/kibrisdakik.com\/index.php?rest_route=\/wp\/v2\/media\/55608"}],"wp:attachment":[{"href":"https:\/\/kibrisdakik.com\/index.php?rest_route=%2Fwp%2Fv2%2Fmedia&parent=55607"}],"wp:term":[{"taxonomy":"category","embeddable":true,"href":"https:\/\/kibrisdakik.com\/index.php?rest_route=%2Fwp%2Fv2%2Fcategories&post=55607"},{"taxonomy":"post_tag","embeddable":true,"href":"https:\/\/kibrisdakik.com\/index.php?rest_route=%2Fwp%2Fv2%2Ftags&post=55607"}],"curies":[{"name":"wp","href":"https:\/\/api.w.org\/{rel}","templated":true}]}}