{"id":5567,"date":"2023-04-22T18:14:00","date_gmt":"2023-04-22T18:14:00","guid":{"rendered":"https:\/\/kibrisdakik.com\/index.php\/2023\/04\/22\/ertugruloglundan-baku-tvye-aciklama-onurlu-bir-mucadele-vermekteyiz\/"},"modified":"2023-04-22T18:14:00","modified_gmt":"2023-04-22T18:14:00","slug":"ertugruloglundan-baku-tvye-aciklama-onurlu-bir-mucadele-vermekteyiz","status":"publish","type":"post","link":"https:\/\/kibrisdakik.com\/?p=5567","title":{"rendered":"Ertu\u011frulo\u011flu\u2019ndan Bak\u00fc TV\u2019ye a\u00e7\u0131klama: Onurlu bir m\u00fccadele vermekteyiz:"},"content":{"rendered":"<p><\/p>\n<div>\n<div class=\"mariselle-image-container center\">\n                <img width=\"900\" height=\"397\" class=\"lazy-image\" alt=\"\" decoding=\"async\" loading=\"lazy\" sizes=\"auto, (max-width: 900px) 100vw, 900px\" src=\"https:\/\/brtk.net\/wp-content\/uploads\/2023\/04\/10\/tahsin-ertugruloglu-jpg212.jpg?ver=4bf81a79907e0bee5d460bd5b7c4a46c\" srcset=\"https:\/\/brtk.net\/wp-content\/uploads\/2023\/04\/10\/tahsin-ertugruloglu-jpg212.jpg?ver=4bf81a79907e0bee5d460bd5b7c4a46c 900w, https:\/\/brtk.net\/wp-content\/uploads\/2023\/04\/10\/tahsin-ertugruloglu-jpg212-300x132.jpg?ver=4bf81a79907e0bee5d460bd5b7c4a46c 300w, https:\/\/brtk.net\/wp-content\/uploads\/2023\/04\/10\/tahsin-ertugruloglu-jpg212-768x339.jpg?ver=4bf81a79907e0bee5d460bd5b7c4a46c 768w\"\/>                            <\/div>\n<p>\u00a0<\/p>\n<p>D\u0131\u015fi\u015fleri Bakan\u0131 Tahsin Ertu\u011frulo\u011flu, <a href=\"https:\/\/brtk.net\/\">KKTC<\/a>\u2019de belgesel \u00e7ekimleri yapan Bak\u00fc TV\u2019ye K\u0131br\u0131s konusunda a\u00e7\u0131klamalar yapt\u0131.<\/p>\n<p>D\u0131\u015fi\u015fleri Bakanl\u0131\u011f\u0131ndan yap\u0131lan a\u00e7\u0131klamaya g\u00f6re, K\u0131br\u0131s konusunun d\u00fcn\u00fc, bug\u00fcn\u00fc, Azerbaycan ile ili\u015fkiler, T\u00fcrk Devletler Te\u015fkilat\u0131\u2019na g\u00f6zlemci \u00fcyelik konular\u0131nda kapsaml\u0131 de\u011ferlendirmeler yapan D\u0131\u015fi\u015fleri Bakan\u0131 Ertu\u011frulo\u011flu, K\u0131br\u0131s sorununun bir stat\u00fc sorunu oldu\u011funu anlatt\u0131.<\/p>\n<p>Avrupa\u2019n\u0131n ortas\u0131nda Bosna Hersek\u2019in ya\u015fad\u0131\u011f\u0131 zulm\u00fc, K\u0131br\u0131s T\u00fcrklerinin y\u0131llar \u00f6nce ya\u015fad\u0131\u011f\u0131n\u0131 anlatan Ertu\u011frulo\u011flu, \u201cVah\u015fetin her t\u00fcrl\u00fcs\u00fcn\u00fc ya\u015fad\u0131k, teslim olmad\u0131k, boyun e\u011fmedik. Anavatan T\u00fcrkiye\u2019nin de deste\u011fi ile \u00e7ok onurlu bir m\u00fccadele vermekteyiz\u201d dedi.<\/p>\n<\/p><\/div>\n<p><script async\n                    defer\n                    crossorigin=\"anonymous\"\n                    src=\"https:\/\/connect.facebook.net\/tr_TR\/sdk.js#xfbml=1&#038;version=v3.3\"\n            ><\/script><\/p>\n","protected":false},"excerpt":{"rendered":"<p>\u00a0 D\u0131\u015fi\u015fleri Bakan\u0131 Tahsin Ertu\u011frulo\u011flu, KKTC\u2019de belgesel \u00e7ekimleri yapan Bak\u00fc TV\u2019ye K\u0131br\u0131s konusunda a\u00e7\u0131klamalar yapt\u0131. D\u0131\u015fi\u015fleri Bakanl\u0131\u011f\u0131ndan yap\u0131lan a\u00e7\u0131klamaya g\u00f6re, K\u0131br\u0131s konusunun d\u00fcn\u00fc, bug\u00fcn\u00fc, Azerbaycan ile ili\u015fkiler, T\u00fcrk Devletler Te\u015fkilat\u0131\u2019na g\u00f6zlemci \u00fcyelik konular\u0131nda kapsaml\u0131 de\u011ferlendirmeler yapan D\u0131\u015fi\u015fleri Bakan\u0131 Ertu\u011frulo\u011flu, K\u0131br\u0131s sorununun bir stat\u00fc sorunu oldu\u011funu anlatt\u0131. Avrupa\u2019n\u0131n ortas\u0131nda Bosna Hersek\u2019in ya\u015fad\u0131\u011f\u0131 zulm\u00fc, K\u0131br\u0131s T\u00fcrklerinin y\u0131llar<\/p>\n","protected":false},"author":1,"featured_media":5568,"comment_status":"open","ping_status":"open","sticky":false,"template":"","format":"standard","meta":{"footnotes":""},"categories":[1],"tags":[],"class_list":["post-5567","post","type-post","status-publish","format-standard","has-post-thumbnail","hentry","category-gundem"],"yoast_head":"<!-- This site is optimized with the Yoast SEO plugin v27.5 - https:\/\/yoast.com\/product\/yoast-seo-wordpress\/ -->\n<title>Ertu\u011frulo\u011flu\u2019ndan Bak\u00fc TV\u2019ye a\u00e7\u0131klama: Onurlu bir m\u00fccadele vermekteyiz: -<\/title>\n<meta name=\"robots\" content=\"index, follow, max-snippet:-1, max-image-preview:large, max-video-preview:-1\" \/>\n<link rel=\"canonical\" href=\"https:\/\/kibrisdakik.com\/?p=5567\" \/>\n<meta property=\"og:locale\" content=\"tr_TR\" \/>\n<meta property=\"og:type\" content=\"article\" \/>\n<meta property=\"og:title\" content=\"Ertu\u011frulo\u011flu\u2019ndan Bak\u00fc TV\u2019ye a\u00e7\u0131klama: Onurlu bir m\u00fccadele vermekteyiz: -\" \/>\n<meta property=\"og:description\" content=\"\u00a0 D\u0131\u015fi\u015fleri Bakan\u0131 Tahsin Ertu\u011frulo\u011flu, KKTC\u2019de belgesel \u00e7ekimleri yapan Bak\u00fc TV\u2019ye K\u0131br\u0131s konusunda a\u00e7\u0131klamalar yapt\u0131. D\u0131\u015fi\u015fleri Bakanl\u0131\u011f\u0131ndan yap\u0131lan a\u00e7\u0131klamaya g\u00f6re, K\u0131br\u0131s konusunun d\u00fcn\u00fc, bug\u00fcn\u00fc, Azerbaycan ile ili\u015fkiler, T\u00fcrk Devletler Te\u015fkilat\u0131\u2019na g\u00f6zlemci \u00fcyelik konular\u0131nda kapsaml\u0131 de\u011ferlendirmeler yapan D\u0131\u015fi\u015fleri Bakan\u0131 Ertu\u011frulo\u011flu, K\u0131br\u0131s sorununun bir stat\u00fc sorunu oldu\u011funu anlatt\u0131. Avrupa\u2019n\u0131n ortas\u0131nda Bosna Hersek\u2019in ya\u015fad\u0131\u011f\u0131 zulm\u00fc, K\u0131br\u0131s T\u00fcrklerinin y\u0131llar\" \/>\n<meta property=\"og:url\" content=\"https:\/\/kibrisdakik.com\/?p=5567\" \/>\n<meta property=\"article:published_time\" content=\"2023-04-22T18:14:00+00:00\" \/>\n<meta property=\"og:image\" content=\"https:\/\/kibrisdakik.com\/wp-content\/uploads\/2023\/04\/tahsin-ertugruloglu-jpg211-740x397.jpg\" \/>\n\t<meta property=\"og:image:width\" content=\"900\" \/>\n\t<meta property=\"og:image:height\" content=\"397\" \/>\n\t<meta property=\"og:image:type\" content=\"image\/jpeg\" \/>\n<meta name=\"author\" content=\"admin\" \/>\n<meta name=\"twitter:card\" content=\"summary_large_image\" \/>\n<meta name=\"twitter:label1\" content=\"Yazan:\" \/>\n\t<meta name=\"twitter:data1\" content=\"admin\" \/>\n\t<meta name=\"twitter:label2\" content=\"Tahmini okuma s\u00fcresi\" \/>\n\t<meta name=\"twitter:data2\" content=\"1 dakika\" \/>\n<script type=\"application\/ld+json\" class=\"yoast-schema-graph\">{\"@context\":\"https:\\\/\\\/schema.org\",\"@graph\":[{\"@type\":\"Article\",\"@id\":\"https:\\\/\\\/kibrisdakik.com\\\/?p=5567#article\",\"isPartOf\":{\"@id\":\"https:\\\/\\\/kibrisdakik.com\\\/?p=5567\"},\"author\":{\"name\":\"admin\",\"@id\":\"https:\\\/\\\/kibrisdakik.com\\\/#\\\/schema\\\/person\\\/9cd9d437bbb44f72b73ba127e06d8e79\"},\"headline\":\"Ertu\u011frulo\u011flu\u2019ndan Bak\u00fc TV\u2019ye a\u00e7\u0131klama: Onurlu bir m\u00fccadele vermekteyiz:\",\"datePublished\":\"2023-04-22T18:14:00+00:00\",\"mainEntityOfPage\":{\"@id\":\"https:\\\/\\\/kibrisdakik.com\\\/?p=5567\"},\"wordCount\":149,\"commentCount\":0,\"image\":{\"@id\":\"https:\\\/\\\/kibrisdakik.com\\\/?p=5567#primaryimage\"},\"thumbnailUrl\":\"https:\\\/\\\/kibrisdakik.com\\\/wp-content\\\/uploads\\\/2023\\\/04\\\/tahsin-ertugruloglu-jpg211-740x397.jpg\",\"articleSection\":[\"G\u00fcndem\"],\"inLanguage\":\"tr\",\"potentialAction\":[{\"@type\":\"CommentAction\",\"name\":\"Comment\",\"target\":[\"https:\\\/\\\/kibrisdakik.com\\\/?p=5567#respond\"]}]},{\"@type\":\"WebPage\",\"@id\":\"https:\\\/\\\/kibrisdakik.com\\\/?p=5567\",\"url\":\"https:\\\/\\\/kibrisdakik.com\\\/?p=5567\",\"name\":\"Ertu\u011frulo\u011flu\u2019ndan Bak\u00fc TV\u2019ye a\u00e7\u0131klama: Onurlu bir m\u00fccadele vermekteyiz: -\",\"isPartOf\":{\"@id\":\"https:\\\/\\\/kibrisdakik.com\\\/#website\"},\"primaryImageOfPage\":{\"@id\":\"https:\\\/\\\/kibrisdakik.com\\\/?p=5567#primaryimage\"},\"image\":{\"@id\":\"https:\\\/\\\/kibrisdakik.com\\\/?p=5567#primaryimage\"},\"thumbnailUrl\":\"https:\\\/\\\/kibrisdakik.com\\\/wp-content\\\/uploads\\\/2023\\\/04\\\/tahsin-ertugruloglu-jpg211-740x397.jpg\",\"datePublished\":\"2023-04-22T18:14:00+00:00\",\"author\":{\"@id\":\"https:\\\/\\\/kibrisdakik.com\\\/#\\\/schema\\\/person\\\/9cd9d437bbb44f72b73ba127e06d8e79\"},\"breadcrumb\":{\"@id\":\"https:\\\/\\\/kibrisdakik.com\\\/?p=5567#breadcrumb\"},\"inLanguage\":\"tr\",\"potentialAction\":[{\"@type\":\"ReadAction\",\"target\":[\"https:\\\/\\\/kibrisdakik.com\\\/?p=5567\"]}]},{\"@type\":\"ImageObject\",\"inLanguage\":\"tr\",\"@id\":\"https:\\\/\\\/kibrisdakik.com\\\/?p=5567#primaryimage\",\"url\":\"https:\\\/\\\/kibrisdakik.com\\\/wp-content\\\/uploads\\\/2023\\\/04\\\/tahsin-ertugruloglu-jpg211-740x397.jpg\",\"contentUrl\":\"https:\\\/\\\/kibrisdakik.com\\\/wp-content\\\/uploads\\\/2023\\\/04\\\/tahsin-ertugruloglu-jpg211-740x397.jpg\",\"width\":900,\"height\":397},{\"@type\":\"BreadcrumbList\",\"@id\":\"https:\\\/\\\/kibrisdakik.com\\\/?p=5567#breadcrumb\",\"itemListElement\":[{\"@type\":\"ListItem\",\"position\":1,\"name\":\"Home\",\"item\":\"https:\\\/\\\/kibrisdakik.com\\\/\"},{\"@type\":\"ListItem\",\"position\":2,\"name\":\"Ertu\u011frulo\u011flu\u2019ndan Bak\u00fc TV\u2019ye a\u00e7\u0131klama: Onurlu bir m\u00fccadele vermekteyiz:\"}]},{\"@type\":\"WebSite\",\"@id\":\"https:\\\/\\\/kibrisdakik.com\\\/#website\",\"url\":\"https:\\\/\\\/kibrisdakik.com\\\/\",\"name\":\"\",\"description\":\"Tam vaktinde haber\",\"potentialAction\":[{\"@type\":\"SearchAction\",\"target\":{\"@type\":\"EntryPoint\",\"urlTemplate\":\"https:\\\/\\\/kibrisdakik.com\\\/?s={search_term_string}\"},\"query-input\":{\"@type\":\"PropertyValueSpecification\",\"valueRequired\":true,\"valueName\":\"search_term_string\"}}],\"inLanguage\":\"tr\"},{\"@type\":\"Person\",\"@id\":\"https:\\\/\\\/kibrisdakik.com\\\/#\\\/schema\\\/person\\\/9cd9d437bbb44f72b73ba127e06d8e79\",\"name\":\"admin\",\"image\":{\"@type\":\"ImageObject\",\"inLanguage\":\"tr\",\"@id\":\"https:\\\/\\\/secure.gravatar.com\\\/avatar\\\/ccc17943b9d660506c869530f897617f7cb1c21a4bf30023f252596d83e1f007?s=96&d=mm&r=g\",\"url\":\"https:\\\/\\\/secure.gravatar.com\\\/avatar\\\/ccc17943b9d660506c869530f897617f7cb1c21a4bf30023f252596d83e1f007?s=96&d=mm&r=g\",\"contentUrl\":\"https:\\\/\\\/secure.gravatar.com\\\/avatar\\\/ccc17943b9d660506c869530f897617f7cb1c21a4bf30023f252596d83e1f007?s=96&d=mm&r=g\",\"caption\":\"admin\"},\"sameAs\":[\"https:\\\/\\\/kibrisdakik.com\"],\"url\":\"https:\\\/\\\/kibrisdakik.com\\\/?author=1\"}]}<\/script>\n<!-- \/ Yoast SEO plugin. -->","yoast_head_json":{"title":"Ertu\u011frulo\u011flu\u2019ndan Bak\u00fc TV\u2019ye a\u00e7\u0131klama: Onurlu bir m\u00fccadele vermekteyiz: -","robots":{"index":"index","follow":"follow","max-snippet":"max-snippet:-1","max-image-preview":"max-image-preview:large","max-video-preview":"max-video-preview:-1"},"canonical":"https:\/\/kibrisdakik.com\/?p=5567","og_locale":"tr_TR","og_type":"article","og_title":"Ertu\u011frulo\u011flu\u2019ndan Bak\u00fc TV\u2019ye a\u00e7\u0131klama: Onurlu bir m\u00fccadele vermekteyiz: -","og_description":"\u00a0 D\u0131\u015fi\u015fleri Bakan\u0131 Tahsin Ertu\u011frulo\u011flu, KKTC\u2019de belgesel \u00e7ekimleri yapan Bak\u00fc TV\u2019ye K\u0131br\u0131s konusunda a\u00e7\u0131klamalar yapt\u0131. D\u0131\u015fi\u015fleri Bakanl\u0131\u011f\u0131ndan yap\u0131lan a\u00e7\u0131klamaya g\u00f6re, K\u0131br\u0131s konusunun d\u00fcn\u00fc, bug\u00fcn\u00fc, Azerbaycan ile ili\u015fkiler, T\u00fcrk Devletler Te\u015fkilat\u0131\u2019na g\u00f6zlemci \u00fcyelik konular\u0131nda kapsaml\u0131 de\u011ferlendirmeler yapan D\u0131\u015fi\u015fleri Bakan\u0131 Ertu\u011frulo\u011flu, K\u0131br\u0131s sorununun bir stat\u00fc sorunu oldu\u011funu anlatt\u0131. Avrupa\u2019n\u0131n ortas\u0131nda Bosna Hersek\u2019in ya\u015fad\u0131\u011f\u0131 zulm\u00fc, K\u0131br\u0131s T\u00fcrklerinin y\u0131llar","og_url":"https:\/\/kibrisdakik.com\/?p=5567","article_published_time":"2023-04-22T18:14:00+00:00","og_image":[{"width":900,"height":397,"url":"https:\/\/kibrisdakik.com\/wp-content\/uploads\/2023\/04\/tahsin-ertugruloglu-jpg211-740x397.jpg","type":"image\/jpeg"}],"author":"admin","twitter_card":"summary_large_image","twitter_misc":{"Yazan:":"admin","Tahmini okuma s\u00fcresi":"1 dakika"},"schema":{"@context":"https:\/\/schema.org","@graph":[{"@type":"Article","@id":"https:\/\/kibrisdakik.com\/?p=5567#article","isPartOf":{"@id":"https:\/\/kibrisdakik.com\/?p=5567"},"author":{"name":"admin","@id":"https:\/\/kibrisdakik.com\/#\/schema\/person\/9cd9d437bbb44f72b73ba127e06d8e79"},"headline":"Ertu\u011frulo\u011flu\u2019ndan Bak\u00fc TV\u2019ye a\u00e7\u0131klama: Onurlu bir m\u00fccadele vermekteyiz:","datePublished":"2023-04-22T18:14:00+00:00","mainEntityOfPage":{"@id":"https:\/\/kibrisdakik.com\/?p=5567"},"wordCount":149,"commentCount":0,"image":{"@id":"https:\/\/kibrisdakik.com\/?p=5567#primaryimage"},"thumbnailUrl":"https:\/\/kibrisdakik.com\/wp-content\/uploads\/2023\/04\/tahsin-ertugruloglu-jpg211-740x397.jpg","articleSection":["G\u00fcndem"],"inLanguage":"tr","potentialAction":[{"@type":"CommentAction","name":"Comment","target":["https:\/\/kibrisdakik.com\/?p=5567#respond"]}]},{"@type":"WebPage","@id":"https:\/\/kibrisdakik.com\/?p=5567","url":"https:\/\/kibrisdakik.com\/?p=5567","name":"Ertu\u011frulo\u011flu\u2019ndan Bak\u00fc TV\u2019ye a\u00e7\u0131klama: Onurlu bir m\u00fccadele vermekteyiz: -","isPartOf":{"@id":"https:\/\/kibrisdakik.com\/#website"},"primaryImageOfPage":{"@id":"https:\/\/kibrisdakik.com\/?p=5567#primaryimage"},"image":{"@id":"https:\/\/kibrisdakik.com\/?p=5567#primaryimage"},"thumbnailUrl":"https:\/\/kibrisdakik.com\/wp-content\/uploads\/2023\/04\/tahsin-ertugruloglu-jpg211-740x397.jpg","datePublished":"2023-04-22T18:14:00+00:00","author":{"@id":"https:\/\/kibrisdakik.com\/#\/schema\/person\/9cd9d437bbb44f72b73ba127e06d8e79"},"breadcrumb":{"@id":"https:\/\/kibrisdakik.com\/?p=5567#breadcrumb"},"inLanguage":"tr","potentialAction":[{"@type":"ReadAction","target":["https:\/\/kibrisdakik.com\/?p=5567"]}]},{"@type":"ImageObject","inLanguage":"tr","@id":"https:\/\/kibrisdakik.com\/?p=5567#primaryimage","url":"https:\/\/kibrisdakik.com\/wp-content\/uploads\/2023\/04\/tahsin-ertugruloglu-jpg211-740x397.jpg","contentUrl":"https:\/\/kibrisdakik.com\/wp-content\/uploads\/2023\/04\/tahsin-ertugruloglu-jpg211-740x397.jpg","width":900,"height":397},{"@type":"BreadcrumbList","@id":"https:\/\/kibrisdakik.com\/?p=5567#breadcrumb","itemListElement":[{"@type":"ListItem","position":1,"name":"Home","item":"https:\/\/kibrisdakik.com\/"},{"@type":"ListItem","position":2,"name":"Ertu\u011frulo\u011flu\u2019ndan Bak\u00fc TV\u2019ye a\u00e7\u0131klama: Onurlu bir m\u00fccadele vermekteyiz:"}]},{"@type":"WebSite","@id":"https:\/\/kibrisdakik.com\/#website","url":"https:\/\/kibrisdakik.com\/","name":"","description":"Tam vaktinde haber","potentialAction":[{"@type":"SearchAction","target":{"@type":"EntryPoint","urlTemplate":"https:\/\/kibrisdakik.com\/?s={search_term_string}"},"query-input":{"@type":"PropertyValueSpecification","valueRequired":true,"valueName":"search_term_string"}}],"inLanguage":"tr"},{"@type":"Person","@id":"https:\/\/kibrisdakik.com\/#\/schema\/person\/9cd9d437bbb44f72b73ba127e06d8e79","name":"admin","image":{"@type":"ImageObject","inLanguage":"tr","@id":"https:\/\/secure.gravatar.com\/avatar\/ccc17943b9d660506c869530f897617f7cb1c21a4bf30023f252596d83e1f007?s=96&d=mm&r=g","url":"https:\/\/secure.gravatar.com\/avatar\/ccc17943b9d660506c869530f897617f7cb1c21a4bf30023f252596d83e1f007?s=96&d=mm&r=g","contentUrl":"https:\/\/secure.gravatar.com\/avatar\/ccc17943b9d660506c869530f897617f7cb1c21a4bf30023f252596d83e1f007?s=96&d=mm&r=g","caption":"admin"},"sameAs":["https:\/\/kibrisdakik.com"],"url":"https:\/\/kibrisdakik.com\/?author=1"}]}},"_links":{"self":[{"href":"https:\/\/kibrisdakik.com\/index.php?rest_route=\/wp\/v2\/posts\/5567","targetHints":{"allow":["GET"]}}],"collection":[{"href":"https:\/\/kibrisdakik.com\/index.php?rest_route=\/wp\/v2\/posts"}],"about":[{"href":"https:\/\/kibrisdakik.com\/index.php?rest_route=\/wp\/v2\/types\/post"}],"author":[{"embeddable":true,"href":"https:\/\/kibrisdakik.com\/index.php?rest_route=\/wp\/v2\/users\/1"}],"replies":[{"embeddable":true,"href":"https:\/\/kibrisdakik.com\/index.php?rest_route=%2Fwp%2Fv2%2Fcomments&post=5567"}],"version-history":[{"count":0,"href":"https:\/\/kibrisdakik.com\/index.php?rest_route=\/wp\/v2\/posts\/5567\/revisions"}],"wp:featuredmedia":[{"embeddable":true,"href":"https:\/\/kibrisdakik.com\/index.php?rest_route=\/wp\/v2\/media\/5568"}],"wp:attachment":[{"href":"https:\/\/kibrisdakik.com\/index.php?rest_route=%2Fwp%2Fv2%2Fmedia&parent=5567"}],"wp:term":[{"taxonomy":"category","embeddable":true,"href":"https:\/\/kibrisdakik.com\/index.php?rest_route=%2Fwp%2Fv2%2Fcategories&post=5567"},{"taxonomy":"post_tag","embeddable":true,"href":"https:\/\/kibrisdakik.com\/index.php?rest_route=%2Fwp%2Fv2%2Ftags&post=5567"}],"curies":[{"name":"wp","href":"https:\/\/api.w.org\/{rel}","templated":true}]}}