{"id":55724,"date":"2024-08-20T18:17:26","date_gmt":"2024-08-20T15:17:26","guid":{"rendered":"https:\/\/kibrisdakik.com\/index.php\/2024\/08\/20\/commolli-yuzunden-dunya-yildizi-kacmis-volkan-demirelden-yillar-sonra-olay-transfer-itirafi\/"},"modified":"2024-08-20T18:17:26","modified_gmt":"2024-08-20T15:17:26","slug":"commolli-yuzunden-dunya-yildizi-kacmis-volkan-demirelden-yillar-sonra-olay-transfer-itirafi","status":"publish","type":"post","link":"https:\/\/kibrisdakik.com\/?p=55724","title":{"rendered":"Commolli y\u00fcz\u00fcnden d\u00fcnya y\u0131ld\u0131z\u0131 ka\u00e7m\u0131\u015f! Volkan Demirel&#8217;den y\u0131llar sonra olay transfer itiraf\u0131"},"content":{"rendered":"<p><img decoding=\"async\" src=\"https:\/\/foto.haberler.com\/haber\/2024\/08\/20\/commolli-yuzunden-dunya-yildizi-kacmis-volkan-17739135_267_amp.jpg\" \/><\/p>\n<div id=\"\">\n<p>Hatay  <a class=\"keyword\" href=\"https:\/\/www.haberler.com\/spor\/\" title=\"Spor, Spor Haberleri, Spor Haber\"><strong>spor<\/strong><\/a>&#8216;dan ayr\u0131ld\u0131ktan sonra teknik direkt\u00f6rl\u00fck kariyerini bir kenara b\u0131rakan ve  <a class=\"keyword\" href=\"https:\/\/www.haberler.com\/spor\/\" title=\"Spor, Spor Haberleri, Spor Haber\"><strong>spor<\/strong><\/a> yorumculu\u011fu yapmaya ba\u015flayan  <a class=\"keyword\" href=\"https:\/\/www.haberler.com\/fenerbahce\/\" title=\"Fenerbah\u00e7e Haberleri, Fenerbah\u00e7e Haberi, Fenerbah\u00e7e Haber\"><strong>Fenerbah\u00e7e<\/strong><\/a>&#8216;nin efsane ismi Volkan Demirel, aktif futbol kariyerine son verdikten sonra sar\u0131-lacivertli tak\u0131mda antren\u00f6r olarak g\u00f6rev yapt\u0131\u011f\u0131 d\u00f6neme ili\u015fkin \u00e7ok konu\u015fulacak bir transfer itiraf\u0131nda bulundu.<\/p>\n<h3>COMOLLI, MALANG SARR TRANSFER\u0130N\u0130 ENGELLEM\u0130\u015e<\/h3>\n<p>Asist Analiz Youtube kanal\u0131nda konu\u015fan Demirel, sar\u0131-lacivertliler i\u00e7in oyuncu izledi\u011fini s\u00f6yleyerek &#8220;Malang Sarr hakk\u0131nda rapor haz\u0131rlad\u0131m. O zaman Comolli, her \u015feyi \u00e7ok bilen sportif direkt\u00f6r\u00fcm\u00fcz\u00fcn yan\u0131na gittim ve alal\u0131m dedim. Bana &#8216;Ben varken bu kul\u00fcbe giremez&#8217; dedi. \u00c7ok \u00fcz\u00fclm\u00fc\u015ft\u00fcm. Oyuncu Chelsea g\u00f6rd\u00fc daha sonra&#8221; ifadelerini kulland\u0131<\/p>\n<h3>G\u00d6ZTEPE MA\u00c7I VE AL\u0130 KO\u00c7 S\u00d6ZLER\u0130<\/h3>\n<p>G\u00f6ztepe-  <a class=\"keyword\" href=\"https:\/\/www.haberler.com\/fenerbahce\/\" title=\"Fenerbah\u00e7e Haberleri, Fenerbah\u00e7e Haberi, Fenerbah\u00e7e Haber\"><strong>Fenerbah\u00e7e<\/strong><\/a> ma\u00e7\u0131nda ya\u015fanan olaylara da de\u011finen Volkan Demirel, &#8221;  <a class=\"keyword\" href=\"https:\/\/www.haberler.com\/ali-koc\/\" title=\"Ali Ko\u00e7 Haberleri, Ali Ko\u00e7 Haberi, Ali Ko\u00e7 Haber\"><strong>Ali Ko\u00e7<\/strong><\/a>&#8216;un oraya gitmemesi gerekiyordu. Birinin, &#8216;Dur ba\u015fkan ben giderim.&#8217; demesi laz\u0131md\u0131. Giderken kimse fark etmiyor, d\u00f6n\u00fc\u015fte oraya gitti\u011finiz g\u00f6r\u00fcl\u00fcnce de ister istemez taraftar bu. Paras\u0131n\u0131 biriktirmi\u015ftir, har\u00e7l\u0131\u011f\u0131ndan kesmi\u015ftir, babas\u0131ndan para alm\u0131\u015ft\u0131r, ben de yapt\u0131m bunlar\u0131. Fenerbah\u00e7e ma\u00e7\u0131na gitmek i\u00e7in okul da k\u0131rd\u0131m, babam\u0131n cebinden har\u00e7l\u0131k da ald\u0131m. Taraftar her zaman hakl\u0131d\u0131r. Taraftar ister, k\u00fcfreder, ba\u011f\u0131r\u0131r, atar. Yap\u0131lmas\u0131 gerekiyor mu? Hay\u0131r, ama bu ortama girildi\u011fi zaman, o stadyumda bunlar oluyor, her yerde oluyor&#8221; dedi.<\/p>\n<h3>MALANG SAAR K\u0130MD\u0130R?<\/h3>\n<p>Futbola do\u011fdu\u011fu \u015fehrin tak\u0131m\u0131nda ba\u015flayan Sarr, Nice&#8217;e 6 ya\u015f\u0131ndayken kat\u0131ld\u0131. Tak\u0131m\u0131yla ilk profesyonel ma\u00e7\u0131na 14 A\u011fustos 2016&#8217;da \u00e7\u0131kan Sarr, hen\u00fcz 17 ya\u015f\u0131nda tak\u0131m\u0131yla ilk gol\u00fcn\u00fc att\u0131. 2019-20 sezonu sonunda s\u00f6zle\u015fmesi biten Sarr, 15 y\u0131ld\u0131r b\u00fcnyesinde bulundu\u011fu kul\u00fcb\u00fc Nice&#8217;ten ayr\u0131ld\u0131 ve Chelsea ile 5 y\u0131ll\u0131k s\u00f6zle\u015fme imzalad\u0131. Chelsea, oyuncuyu 20220-2021 sezonunda Porto&#8217;ya kiraland\u0131. Porto&#8217;dan d\u00f6nd\u00fckten sonra 2021-2022 sezonunu Chelsea&#8217;de, 2022-2023 sezonunu ise kiral\u0131k olarak Monaco&#8217;da ge\u00e7irdi. \u0130ngiliz ekibinde ge\u00e7en sezon hi\u00e7 forma \u015fans\u0131 bulamayan Sarr, bu yaz ise bedelsiz olarak Lens&#8217;e transfer oldu.<\/p>\n<div class=\"editorSade\">Kaynak: Haberler.com \/  <a href=\"https:\/\/www.haberler.com\/spor\/\" title=\"Spor Haberleri\">Spor<\/a> <\/div>\n<h4 id=\"nwsKeywords\"> <a href=\"https:\/\/www.haberler.com\/volkan-demirel\/\" title=\"Volkan Demirel\" class=\"hbptTag\">Volkan Demirel<\/a>  <a href=\"https:\/\/www.haberler.com\/volkan-demirel\/\" title=\"Volkan Demirel\" class=\"hbptTag\">Volkan Demirel<\/a>  <a href=\"https:\/\/www.haberler.com\/fenerbahce\/\" title=\"Fenerbah\u00e7e\" class=\"hbptTag\">Fenerbah\u00e7e<\/a>  <a href=\"https:\/\/www.haberler.com\/fenerbahce\/\" title=\"Fenerbah\u00e7e\" class=\"hbptTag\">Fenerbah\u00e7e<\/a>  <a href=\"https:\/\/www.haberler.com\/ali-koc\/\" title=\"Ali Ko\u00e7\" class=\"hbptTag\">Ali Ko\u00e7<\/a>  <a href=\"https:\/\/www.haberler.com\/futbol\/\" title=\"Futbol\" class=\"hbptTag\">Futbol<\/a>  <a href=\"https:\/\/www.haberler.com\/dunya\/\" title=\"D\u00fcnya\" class=\"hbptTag\">D\u00fcnya<\/a>  <a href=\"https:\/\/www.haberler.com\/spor\/\" title=\"Spor\" class=\"hbptTag\">Spor<\/a>  <a href=\"https:\/\/www.haberler.com\/futbol\/\" title=\"Futbol\" class=\"hbptTag\">Futbol<\/a>  <a href=\"https:\/\/www.haberler.com\/spor\/\" title=\"Spor\" class=\"hbptTag\">Spor<\/a>  <a href=\"https:\/\/www.haberler.com\/\" title=\"Haberler\" class=\"hbptTag\">Haberler<\/a> <\/h4>\n<\/div>\n","protected":false},"excerpt":{"rendered":"<p>Hatay spor&#8216;dan ayr\u0131ld\u0131ktan sonra teknik direkt\u00f6rl\u00fck kariyerini bir kenara b\u0131rakan ve spor yorumculu\u011fu yapmaya ba\u015flayan Fenerbah\u00e7e&#8216;nin efsane ismi Volkan Demirel, aktif futbol kariyerine son verdikten sonra sar\u0131-lacivertli tak\u0131mda antren\u00f6r olarak g\u00f6rev yapt\u0131\u011f\u0131 d\u00f6neme ili\u015fkin \u00e7ok konu\u015fulacak bir transfer itiraf\u0131nda bulundu. COMOLLI, MALANG SARR TRANSFER\u0130N\u0130 ENGELLEM\u0130\u015e Asist Analiz Youtube kanal\u0131nda konu\u015fan Demirel, sar\u0131-lacivertliler i\u00e7in oyuncu izledi\u011fini<\/p>\n","protected":false},"author":1,"featured_media":55725,"comment_status":"open","ping_status":"open","sticky":false,"template":"","format":"standard","meta":{"footnotes":""},"categories":[83],"tags":[],"class_list":["post-55724","post","type-post","status-publish","format-standard","has-post-thumbnail","hentry","category-magazin"],"yoast_head":"<!-- This site is optimized with the Yoast SEO plugin v27.4 - https:\/\/yoast.com\/product\/yoast-seo-wordpress\/ -->\n<title>Commolli y\u00fcz\u00fcnden d\u00fcnya y\u0131ld\u0131z\u0131 ka\u00e7m\u0131\u015f! Volkan Demirel&#039;den y\u0131llar sonra olay transfer itiraf\u0131 -<\/title>\n<meta name=\"robots\" content=\"index, follow, max-snippet:-1, max-image-preview:large, max-video-preview:-1\" \/>\n<link rel=\"canonical\" href=\"https:\/\/kibrisdakik.com\/?p=55724\" \/>\n<meta property=\"og:locale\" content=\"tr_TR\" \/>\n<meta property=\"og:type\" content=\"article\" \/>\n<meta property=\"og:title\" content=\"Commolli y\u00fcz\u00fcnden d\u00fcnya y\u0131ld\u0131z\u0131 ka\u00e7m\u0131\u015f! Volkan Demirel&#039;den y\u0131llar sonra olay transfer itiraf\u0131 -\" \/>\n<meta property=\"og:description\" content=\"Hatay spor&#8216;dan ayr\u0131ld\u0131ktan sonra teknik direkt\u00f6rl\u00fck kariyerini bir kenara b\u0131rakan ve spor yorumculu\u011fu yapmaya ba\u015flayan Fenerbah\u00e7e&#8216;nin efsane ismi Volkan Demirel, aktif futbol kariyerine son verdikten sonra sar\u0131-lacivertli tak\u0131mda antren\u00f6r olarak g\u00f6rev yapt\u0131\u011f\u0131 d\u00f6neme ili\u015fkin \u00e7ok konu\u015fulacak bir transfer itiraf\u0131nda bulundu. COMOLLI, MALANG SARR TRANSFER\u0130N\u0130 ENGELLEM\u0130\u015e Asist Analiz Youtube kanal\u0131nda konu\u015fan Demirel, sar\u0131-lacivertliler i\u00e7in oyuncu izledi\u011fini\" \/>\n<meta property=\"og:url\" content=\"https:\/\/kibrisdakik.com\/?p=55724\" \/>\n<meta property=\"article:published_time\" content=\"2024-08-20T15:17:26+00:00\" \/>\n<meta property=\"og:image\" content=\"https:\/\/kibrisdakik.com\/wp-content\/uploads\/2024\/08\/commolli-yuzunden-dunya-yildizi-kacmis-volkan-17739135_267_amp.jpg\" \/>\n\t<meta property=\"og:image:width\" content=\"1202\" \/>\n\t<meta property=\"og:image:height\" content=\"675\" \/>\n\t<meta property=\"og:image:type\" content=\"image\/jpeg\" \/>\n<meta name=\"author\" content=\"admin\" \/>\n<meta name=\"twitter:card\" content=\"summary_large_image\" \/>\n<meta name=\"twitter:label1\" content=\"Yazan:\" \/>\n\t<meta name=\"twitter:data1\" content=\"admin\" \/>\n\t<meta name=\"twitter:label2\" content=\"Tahmini okuma s\u00fcresi\" \/>\n\t<meta name=\"twitter:data2\" content=\"2 dakika\" \/>\n<script type=\"application\/ld+json\" class=\"yoast-schema-graph\">{\"@context\":\"https:\\\/\\\/schema.org\",\"@graph\":[{\"@type\":\"Article\",\"@id\":\"https:\\\/\\\/kibrisdakik.com\\\/?p=55724#article\",\"isPartOf\":{\"@id\":\"https:\\\/\\\/kibrisdakik.com\\\/?p=55724\"},\"author\":{\"name\":\"admin\",\"@id\":\"https:\\\/\\\/kibrisdakik.com\\\/#\\\/schema\\\/person\\\/9cd9d437bbb44f72b73ba127e06d8e79\"},\"headline\":\"Commolli y\u00fcz\u00fcnden d\u00fcnya y\u0131ld\u0131z\u0131 ka\u00e7m\u0131\u015f! Volkan Demirel&#8217;den y\u0131llar sonra olay transfer itiraf\u0131\",\"datePublished\":\"2024-08-20T15:17:26+00:00\",\"mainEntityOfPage\":{\"@id\":\"https:\\\/\\\/kibrisdakik.com\\\/?p=55724\"},\"wordCount\":418,\"commentCount\":0,\"image\":{\"@id\":\"https:\\\/\\\/kibrisdakik.com\\\/?p=55724#primaryimage\"},\"thumbnailUrl\":\"https:\\\/\\\/kibrisdakik.com\\\/wp-content\\\/uploads\\\/2024\\\/08\\\/commolli-yuzunden-dunya-yildizi-kacmis-volkan-17739135_267_amp.jpg\",\"articleSection\":[\"Magazin\"],\"inLanguage\":\"tr\",\"potentialAction\":[{\"@type\":\"CommentAction\",\"name\":\"Comment\",\"target\":[\"https:\\\/\\\/kibrisdakik.com\\\/?p=55724#respond\"]}]},{\"@type\":\"WebPage\",\"@id\":\"https:\\\/\\\/kibrisdakik.com\\\/?p=55724\",\"url\":\"https:\\\/\\\/kibrisdakik.com\\\/?p=55724\",\"name\":\"Commolli y\u00fcz\u00fcnden d\u00fcnya y\u0131ld\u0131z\u0131 ka\u00e7m\u0131\u015f! Volkan Demirel'den y\u0131llar sonra olay transfer itiraf\u0131 -\",\"isPartOf\":{\"@id\":\"https:\\\/\\\/kibrisdakik.com\\\/#website\"},\"primaryImageOfPage\":{\"@id\":\"https:\\\/\\\/kibrisdakik.com\\\/?p=55724#primaryimage\"},\"image\":{\"@id\":\"https:\\\/\\\/kibrisdakik.com\\\/?p=55724#primaryimage\"},\"thumbnailUrl\":\"https:\\\/\\\/kibrisdakik.com\\\/wp-content\\\/uploads\\\/2024\\\/08\\\/commolli-yuzunden-dunya-yildizi-kacmis-volkan-17739135_267_amp.jpg\",\"datePublished\":\"2024-08-20T15:17:26+00:00\",\"author\":{\"@id\":\"https:\\\/\\\/kibrisdakik.com\\\/#\\\/schema\\\/person\\\/9cd9d437bbb44f72b73ba127e06d8e79\"},\"breadcrumb\":{\"@id\":\"https:\\\/\\\/kibrisdakik.com\\\/?p=55724#breadcrumb\"},\"inLanguage\":\"tr\",\"potentialAction\":[{\"@type\":\"ReadAction\",\"target\":[\"https:\\\/\\\/kibrisdakik.com\\\/?p=55724\"]}]},{\"@type\":\"ImageObject\",\"inLanguage\":\"tr\",\"@id\":\"https:\\\/\\\/kibrisdakik.com\\\/?p=55724#primaryimage\",\"url\":\"https:\\\/\\\/kibrisdakik.com\\\/wp-content\\\/uploads\\\/2024\\\/08\\\/commolli-yuzunden-dunya-yildizi-kacmis-volkan-17739135_267_amp.jpg\",\"contentUrl\":\"https:\\\/\\\/kibrisdakik.com\\\/wp-content\\\/uploads\\\/2024\\\/08\\\/commolli-yuzunden-dunya-yildizi-kacmis-volkan-17739135_267_amp.jpg\",\"width\":1202,\"height\":675},{\"@type\":\"BreadcrumbList\",\"@id\":\"https:\\\/\\\/kibrisdakik.com\\\/?p=55724#breadcrumb\",\"itemListElement\":[{\"@type\":\"ListItem\",\"position\":1,\"name\":\"Home\",\"item\":\"https:\\\/\\\/kibrisdakik.com\\\/\"},{\"@type\":\"ListItem\",\"position\":2,\"name\":\"Commolli y\u00fcz\u00fcnden d\u00fcnya y\u0131ld\u0131z\u0131 ka\u00e7m\u0131\u015f! Volkan Demirel&#8217;den y\u0131llar sonra olay transfer itiraf\u0131\"}]},{\"@type\":\"WebSite\",\"@id\":\"https:\\\/\\\/kibrisdakik.com\\\/#website\",\"url\":\"https:\\\/\\\/kibrisdakik.com\\\/\",\"name\":\"\",\"description\":\"Tam vaktinde haber\",\"potentialAction\":[{\"@type\":\"SearchAction\",\"target\":{\"@type\":\"EntryPoint\",\"urlTemplate\":\"https:\\\/\\\/kibrisdakik.com\\\/?s={search_term_string}\"},\"query-input\":{\"@type\":\"PropertyValueSpecification\",\"valueRequired\":true,\"valueName\":\"search_term_string\"}}],\"inLanguage\":\"tr\"},{\"@type\":\"Person\",\"@id\":\"https:\\\/\\\/kibrisdakik.com\\\/#\\\/schema\\\/person\\\/9cd9d437bbb44f72b73ba127e06d8e79\",\"name\":\"admin\",\"image\":{\"@type\":\"ImageObject\",\"inLanguage\":\"tr\",\"@id\":\"https:\\\/\\\/secure.gravatar.com\\\/avatar\\\/ccc17943b9d660506c869530f897617f7cb1c21a4bf30023f252596d83e1f007?s=96&d=mm&r=g\",\"url\":\"https:\\\/\\\/secure.gravatar.com\\\/avatar\\\/ccc17943b9d660506c869530f897617f7cb1c21a4bf30023f252596d83e1f007?s=96&d=mm&r=g\",\"contentUrl\":\"https:\\\/\\\/secure.gravatar.com\\\/avatar\\\/ccc17943b9d660506c869530f897617f7cb1c21a4bf30023f252596d83e1f007?s=96&d=mm&r=g\",\"caption\":\"admin\"},\"sameAs\":[\"https:\\\/\\\/kibrisdakik.com\"],\"url\":\"https:\\\/\\\/kibrisdakik.com\\\/?author=1\"}]}<\/script>\n<!-- \/ Yoast SEO plugin. -->","yoast_head_json":{"title":"Commolli y\u00fcz\u00fcnden d\u00fcnya y\u0131ld\u0131z\u0131 ka\u00e7m\u0131\u015f! Volkan Demirel'den y\u0131llar sonra olay transfer itiraf\u0131 -","robots":{"index":"index","follow":"follow","max-snippet":"max-snippet:-1","max-image-preview":"max-image-preview:large","max-video-preview":"max-video-preview:-1"},"canonical":"https:\/\/kibrisdakik.com\/?p=55724","og_locale":"tr_TR","og_type":"article","og_title":"Commolli y\u00fcz\u00fcnden d\u00fcnya y\u0131ld\u0131z\u0131 ka\u00e7m\u0131\u015f! Volkan Demirel'den y\u0131llar sonra olay transfer itiraf\u0131 -","og_description":"Hatay spor&#8216;dan ayr\u0131ld\u0131ktan sonra teknik direkt\u00f6rl\u00fck kariyerini bir kenara b\u0131rakan ve spor yorumculu\u011fu yapmaya ba\u015flayan Fenerbah\u00e7e&#8216;nin efsane ismi Volkan Demirel, aktif futbol kariyerine son verdikten sonra sar\u0131-lacivertli tak\u0131mda antren\u00f6r olarak g\u00f6rev yapt\u0131\u011f\u0131 d\u00f6neme ili\u015fkin \u00e7ok konu\u015fulacak bir transfer itiraf\u0131nda bulundu. COMOLLI, MALANG SARR TRANSFER\u0130N\u0130 ENGELLEM\u0130\u015e Asist Analiz Youtube kanal\u0131nda konu\u015fan Demirel, sar\u0131-lacivertliler i\u00e7in oyuncu izledi\u011fini","og_url":"https:\/\/kibrisdakik.com\/?p=55724","article_published_time":"2024-08-20T15:17:26+00:00","og_image":[{"width":1202,"height":675,"url":"https:\/\/kibrisdakik.com\/wp-content\/uploads\/2024\/08\/commolli-yuzunden-dunya-yildizi-kacmis-volkan-17739135_267_amp.jpg","type":"image\/jpeg"}],"author":"admin","twitter_card":"summary_large_image","twitter_misc":{"Yazan:":"admin","Tahmini okuma s\u00fcresi":"2 dakika"},"schema":{"@context":"https:\/\/schema.org","@graph":[{"@type":"Article","@id":"https:\/\/kibrisdakik.com\/?p=55724#article","isPartOf":{"@id":"https:\/\/kibrisdakik.com\/?p=55724"},"author":{"name":"admin","@id":"https:\/\/kibrisdakik.com\/#\/schema\/person\/9cd9d437bbb44f72b73ba127e06d8e79"},"headline":"Commolli y\u00fcz\u00fcnden d\u00fcnya y\u0131ld\u0131z\u0131 ka\u00e7m\u0131\u015f! Volkan Demirel&#8217;den y\u0131llar sonra olay transfer itiraf\u0131","datePublished":"2024-08-20T15:17:26+00:00","mainEntityOfPage":{"@id":"https:\/\/kibrisdakik.com\/?p=55724"},"wordCount":418,"commentCount":0,"image":{"@id":"https:\/\/kibrisdakik.com\/?p=55724#primaryimage"},"thumbnailUrl":"https:\/\/kibrisdakik.com\/wp-content\/uploads\/2024\/08\/commolli-yuzunden-dunya-yildizi-kacmis-volkan-17739135_267_amp.jpg","articleSection":["Magazin"],"inLanguage":"tr","potentialAction":[{"@type":"CommentAction","name":"Comment","target":["https:\/\/kibrisdakik.com\/?p=55724#respond"]}]},{"@type":"WebPage","@id":"https:\/\/kibrisdakik.com\/?p=55724","url":"https:\/\/kibrisdakik.com\/?p=55724","name":"Commolli y\u00fcz\u00fcnden d\u00fcnya y\u0131ld\u0131z\u0131 ka\u00e7m\u0131\u015f! Volkan Demirel'den y\u0131llar sonra olay transfer itiraf\u0131 -","isPartOf":{"@id":"https:\/\/kibrisdakik.com\/#website"},"primaryImageOfPage":{"@id":"https:\/\/kibrisdakik.com\/?p=55724#primaryimage"},"image":{"@id":"https:\/\/kibrisdakik.com\/?p=55724#primaryimage"},"thumbnailUrl":"https:\/\/kibrisdakik.com\/wp-content\/uploads\/2024\/08\/commolli-yuzunden-dunya-yildizi-kacmis-volkan-17739135_267_amp.jpg","datePublished":"2024-08-20T15:17:26+00:00","author":{"@id":"https:\/\/kibrisdakik.com\/#\/schema\/person\/9cd9d437bbb44f72b73ba127e06d8e79"},"breadcrumb":{"@id":"https:\/\/kibrisdakik.com\/?p=55724#breadcrumb"},"inLanguage":"tr","potentialAction":[{"@type":"ReadAction","target":["https:\/\/kibrisdakik.com\/?p=55724"]}]},{"@type":"ImageObject","inLanguage":"tr","@id":"https:\/\/kibrisdakik.com\/?p=55724#primaryimage","url":"https:\/\/kibrisdakik.com\/wp-content\/uploads\/2024\/08\/commolli-yuzunden-dunya-yildizi-kacmis-volkan-17739135_267_amp.jpg","contentUrl":"https:\/\/kibrisdakik.com\/wp-content\/uploads\/2024\/08\/commolli-yuzunden-dunya-yildizi-kacmis-volkan-17739135_267_amp.jpg","width":1202,"height":675},{"@type":"BreadcrumbList","@id":"https:\/\/kibrisdakik.com\/?p=55724#breadcrumb","itemListElement":[{"@type":"ListItem","position":1,"name":"Home","item":"https:\/\/kibrisdakik.com\/"},{"@type":"ListItem","position":2,"name":"Commolli y\u00fcz\u00fcnden d\u00fcnya y\u0131ld\u0131z\u0131 ka\u00e7m\u0131\u015f! Volkan Demirel&#8217;den y\u0131llar sonra olay transfer itiraf\u0131"}]},{"@type":"WebSite","@id":"https:\/\/kibrisdakik.com\/#website","url":"https:\/\/kibrisdakik.com\/","name":"","description":"Tam vaktinde haber","potentialAction":[{"@type":"SearchAction","target":{"@type":"EntryPoint","urlTemplate":"https:\/\/kibrisdakik.com\/?s={search_term_string}"},"query-input":{"@type":"PropertyValueSpecification","valueRequired":true,"valueName":"search_term_string"}}],"inLanguage":"tr"},{"@type":"Person","@id":"https:\/\/kibrisdakik.com\/#\/schema\/person\/9cd9d437bbb44f72b73ba127e06d8e79","name":"admin","image":{"@type":"ImageObject","inLanguage":"tr","@id":"https:\/\/secure.gravatar.com\/avatar\/ccc17943b9d660506c869530f897617f7cb1c21a4bf30023f252596d83e1f007?s=96&d=mm&r=g","url":"https:\/\/secure.gravatar.com\/avatar\/ccc17943b9d660506c869530f897617f7cb1c21a4bf30023f252596d83e1f007?s=96&d=mm&r=g","contentUrl":"https:\/\/secure.gravatar.com\/avatar\/ccc17943b9d660506c869530f897617f7cb1c21a4bf30023f252596d83e1f007?s=96&d=mm&r=g","caption":"admin"},"sameAs":["https:\/\/kibrisdakik.com"],"url":"https:\/\/kibrisdakik.com\/?author=1"}]}},"_links":{"self":[{"href":"https:\/\/kibrisdakik.com\/index.php?rest_route=\/wp\/v2\/posts\/55724","targetHints":{"allow":["GET"]}}],"collection":[{"href":"https:\/\/kibrisdakik.com\/index.php?rest_route=\/wp\/v2\/posts"}],"about":[{"href":"https:\/\/kibrisdakik.com\/index.php?rest_route=\/wp\/v2\/types\/post"}],"author":[{"embeddable":true,"href":"https:\/\/kibrisdakik.com\/index.php?rest_route=\/wp\/v2\/users\/1"}],"replies":[{"embeddable":true,"href":"https:\/\/kibrisdakik.com\/index.php?rest_route=%2Fwp%2Fv2%2Fcomments&post=55724"}],"version-history":[{"count":0,"href":"https:\/\/kibrisdakik.com\/index.php?rest_route=\/wp\/v2\/posts\/55724\/revisions"}],"wp:featuredmedia":[{"embeddable":true,"href":"https:\/\/kibrisdakik.com\/index.php?rest_route=\/wp\/v2\/media\/55725"}],"wp:attachment":[{"href":"https:\/\/kibrisdakik.com\/index.php?rest_route=%2Fwp%2Fv2%2Fmedia&parent=55724"}],"wp:term":[{"taxonomy":"category","embeddable":true,"href":"https:\/\/kibrisdakik.com\/index.php?rest_route=%2Fwp%2Fv2%2Fcategories&post=55724"},{"taxonomy":"post_tag","embeddable":true,"href":"https:\/\/kibrisdakik.com\/index.php?rest_route=%2Fwp%2Fv2%2Ftags&post=55724"}],"curies":[{"name":"wp","href":"https:\/\/api.w.org\/{rel}","templated":true}]}}