{"id":55757,"date":"2024-08-20T21:15:36","date_gmt":"2024-08-20T18:15:36","guid":{"rendered":"https:\/\/kibrisdakik.com\/index.php\/2024\/08\/20\/var-kayitlari-aciklandi-hakemlerin-icardinin-iptal-edilen-golunde-ne-konustuklari-ortaya-cikti\/"},"modified":"2024-08-20T21:15:36","modified_gmt":"2024-08-20T18:15:36","slug":"var-kayitlari-aciklandi-hakemlerin-icardinin-iptal-edilen-golunde-ne-konustuklari-ortaya-cikti","status":"publish","type":"post","link":"https:\/\/kibrisdakik.com\/?p=55757","title":{"rendered":"VAR kay\u0131tlar\u0131 a\u00e7\u0131kland\u0131! Hakemlerin Icardi&#8217;nin iptal edilen gol\u00fcnde ne konu\u015ftuklar\u0131 ortaya \u00e7\u0131kt\u0131"},"content":{"rendered":"<p><\/p>\n<div id=\"\">\n<p> <a class=\"keyword\" href=\"https:\/\/www.haberler.com\/trendyol-super-lig\/\" title=\"Trendyol S\u00fcper Lig Haberleri, Trendyol S\u00fcper Lig Haberi, Trendyol S\u00fcper Lig Haber\"><strong>Trendyol S\u00fcper Lig<\/strong><\/a>&#8216;de ikinci haftan\u0131n tamamlanmas\u0131n\u0131n ard\u0131ndan kar\u015f\u0131la\u015fmalardaki VAR kay\u0131tlar\u0131 a\u00e7\u0131kland\u0131. Kay\u0131tlarda Fenerbah\u00e7e, Galatasaray ve Be\u015fikta\u015f ma\u00e7lar\u0131ndaki pozisyonlar da yer ald\u0131.<\/p>\n<h3>ICARDI&#8217;N\u0130N \u0130PTAL OLAN GOL\u00dc<\/h3>\n<p><strong>VAR:<\/strong> Galatasarayl\u0131 oyuncu, Konyal\u0131n\u0131n \u00f6n\u00fcne aya\u011f\u0131n\u0131 koydu\u011fu i\u00e7in topa vuruyor. Konyal\u0131n\u0131n topa vuru\u015funu engellemek i\u00e7in aya\u011f\u0131n\u0131 \u00f6n\u00fcne koyuyor. Konyal\u0131 topa vurmak isterken Galatasarayl\u0131n\u0131n aya\u011f\u0131na \u00e7arp\u0131p topa gidiyor. Onun i\u00e7in sahada inceleme \u00f6neriyorum.<\/p>\n<p><strong>Diren\u00e7 Tonusluo\u011flu: <\/strong> Geldim a\u011fabey.<\/p>\n<p><strong>VAR: <\/strong> Konyal\u0131, Galatasarayl\u0131n\u0131n aya\u011f\u0131na vurdu\u011fu i\u00e7in topa vuruyor. Topa Galatasarayl\u0131 topa temas etmi\u015f oluyor.<\/p>\n<p><strong>Diren\u00e7 Tonusluo\u011flu: <\/strong> Galatasarayl\u0131 oyuncu topa de\u011femiyor do\u011fru mu? Ba\u015fka bir a\u00e7\u0131n\u0131z var m\u0131?<\/p>\n<p><strong>VAR:<\/strong> Sana \u015fimdi ba\u015fka bir a\u00e7\u0131 daha g\u00f6sterece\u011fim. Galatasarayl\u0131 oyuncu Konyal\u0131&#8217;n\u0131n \u00f6n\u00fcne aya\u011f\u0131n\u0131 koydu\u011fu i\u00e7in topa temas\u0131 sa\u011fl\u0131yor.<\/p>\n<p><strong>Diren\u00e7 Tonusluo\u011flu: <\/strong> Tamam a\u011fabey g\u00f6rd\u00fcm. Faul ile oyuna ba\u015flayaca\u011f\u0131m, gol\u00fc iptal ediyorum.<\/p>\n<div class=\"hbContainer hbmainp\" style=\"padding: 0px!important; max-width: 532px;\">\n<div id=\"hd-haberici-haber-blogu\">\n<section class=\"hbRow hbNewsBox hbNewsBoxHead hbContainer hbBoxScope vStyle hbIndex metinRklCover\">\n<div class=\"miniCardCover\" style=\" background: #E1F0FF;\"> <a href=\"https:\/\/www.haberler.com\/3-sayfa\/d100-karayolunda-yillardir-yuruyen-adam-evde-olu-bulundu-17736763-haberi\/\" target=\"_blank\" rel=\"noopener\"><\/p>\n<div class=\"imgTitleCover\">\n<div class=\"imgCover\"><img decoding=\"async\" alt=\"img\" class=\"hbptMainImage lazyload ImgDetay\" src=\"https:\/\/foto.haberler.com\/manset\/2024\/08\/20\/yuruyen-adam-oldu_17736763_11.jpg\"\/><\/div>\n<\/div>\n<p><\/a> <\/div>\n<\/section>\n<\/div>\n<\/div>\n<p><img loading=\"lazy\" decoding=\"async\" class=\"hbptMainImage lazyload ImgDetay\" src=\"https:\/\/foto.haberler.com\/haber\/2024\/08\/20\/var-kayitlari-aciklandi-hakemlerin-icardi-nin-17739540_2913_m.jpg\" alt=\"VAR kay\u0131tlar\u0131 a\u00e7\u0131kland\u0131! Hakemlerin Icardi'nin iptal edilen gol\u00fcnde ne konu\u015ftuklar\u0131 ortaya \u00e7\u0131kt\u0131\" width=\"640\" height=\"346\"\/><span class=\"figcaption\">G\u00d6R\u00dcNT\u00dc: BEINSPORTS<\/span><\/p>\n<h3>G\u00d6ZTEPEL\u0130 ROMULO&#8217;NUN FENERBAH\u00c7E MA\u00c7INDA \u0130PTAL ED\u0130LEN GOL\u00dc<\/h3>\n<p><strong>VAR: <\/strong> Potansiyel bir gol iptali i\u00e7in sana sahada inceleme \u00f6neriyorum. H\u00fccum faul.<\/p>\n<p><strong>Kadir Sa\u011flam: <\/strong> Geldim, hi\u00e7 sesin gelmiyor. Tamam g\u00f6rd\u00fcm, gol\u00fc iptal ediyorum. Faul ile ba\u015flayaca\u011f\u0131m.<\/p>\n<p><strong>VAR: <\/strong> APP&#8217;de oldu\u011funu g\u00f6sterece\u011fim bekle, sonuna kadar izletece\u011fim sana.<\/p>\n<p><strong>Kadir Sa\u011flam:<\/strong> Tamam g\u00f6ster. Tamam.<\/p>\n<p><strong>VAR:<\/strong> Ayaktaki temas an\u0131na bir daha gel, zoom yap burada dur.<\/p>\n<p><img loading=\"lazy\" decoding=\"async\" class=\"hbptMainImage lazyload ImgDetay\" src=\"https:\/\/foto.haberler.com\/haber\/2024\/08\/20\/var-kayitlari-aciklandi-hakemlerin-icardi-nin-17739540_9524_m.jpg\" alt=\"VAR kay\u0131tlar\u0131 a\u00e7\u0131kland\u0131! Hakemlerin Icardi'nin iptal edilen gol\u00fcnde ne konu\u015ftuklar\u0131 ortaya \u00e7\u0131kt\u0131\" width=\"640\" height=\"360\"\/><span class=\"figcaption\">G\u00d6R\u00dcNT\u00dc: BEINSPORTS<\/span><\/p>\n<h3>G\u00dcRAY VURAL&#8217;IN BE\u015e\u0130KTA\u015e MA\u00c7INDA G\u00d6RD\u00dc\u011e\u00dc KIRMIZI KART<\/h3>\n<p><strong>VAR: <\/strong> Mehmet, potansiyel k\u0131rm\u0131z\u0131 kart i\u00e7in sahada inceleme \u00f6neriyorum.<\/p>\n<p><strong>Mehmet T\u00fcrkmen:<\/strong> Tamam geliyorum.<\/p>\n<p><strong>VAR: <\/strong> Haydi gel.<\/p>\n<p><strong>VAR: <\/strong> \u0130lk aya\u011f\u0131n esnemesini g\u00f6steriyorum sana.<\/p>\n<p><strong>Mehmet T\u00fcrkmen:<\/strong> Temas noktas\u0131.<\/p>\n<p><strong>VAR: <\/strong> Evet kramponun \u00e7ivileri, h\u0131z, \u015fiddet, temas noktas\u0131, aya\u011f\u0131n esnemesi.<\/p>\n<p><strong>Mehmet T\u00fcrkmen: <\/strong> Kramponun \u00e7ivileri, ayak gergin, rakibin sa\u011fl\u0131\u011f\u0131n\u0131 tehlikeye at\u0131yor. Norma h\u0131zda da oynat\u0131r m\u0131s\u0131n? Ba\u015fka bir a\u00e7\u0131 daha ver. G\u00f6rd\u00fcm a\u011fabey tamam. 11 numara, sar\u0131 kart iptal, k\u0131rm\u0131z\u0131 kart.<\/p>\n<p><img loading=\"lazy\" decoding=\"async\" class=\"hbptMainImage lazyload ImgDetay\" src=\"https:\/\/foto.haberler.com\/haber\/2024\/08\/20\/var-kayitlari-aciklandi-hakemlerin-icardi-nin-17739540_4828_m.jpg\" alt=\"VAR kay\u0131tlar\u0131 a\u00e7\u0131kland\u0131! Hakemlerin Icardi'nin iptal edilen gol\u00fcnde ne konu\u015ftuklar\u0131 ortaya \u00e7\u0131kt\u0131\" width=\"640\" height=\"355\"\/><\/p>\n<div class=\"editorSade\">Kaynak: Haberler.com \/  <a href=\"https:\/\/www.haberler.com\/spor\/\" title=\"Spor Haberleri\">Spor<\/a> <\/div>\n<h4 id=\"nwsKeywords\"> <a href=\"https:\/\/www.haberler.com\/turkiye-futbol-federasyonu\/\" title=\"T\u00fcrkiye Futbol Federasyonu\" class=\"hbptTag\">T\u00fcrkiye Futbol Federasyonu<\/a>  <a href=\"https:\/\/www.haberler.com\/trendyol-super-lig\/\" title=\"Trendyol S\u00fcper Lig\" class=\"hbptTag\">Trendyol S\u00fcper Lig<\/a>  <a href=\"https:\/\/www.haberler.com\/mauro-icardi\/\" title=\"Mauro Icardi\" class=\"hbptTag\">Mauro Icardi<\/a>  <a href=\"https:\/\/www.haberler.com\/mauro-icardi\/\" title=\"Mauro Icardi\" class=\"hbptTag\">Mauro Icardi<\/a>  <a href=\"https:\/\/www.haberler.com\/galatasaray\/\" title=\"Galatasaray\" class=\"hbptTag\">Galatasaray<\/a>  <a href=\"https:\/\/www.haberler.com\/fenerbahce\/\" title=\"Fenerbah\u00e7e\" class=\"hbptTag\">Fenerbah\u00e7e<\/a>  <a href=\"https:\/\/www.haberler.com\/fenerbahce\/\" title=\"Fenerbah\u00e7e\" class=\"hbptTag\">Fenerbah\u00e7e<\/a>  <a href=\"https:\/\/www.haberler.com\/besiktas\/\" title=\"Be\u015fikta\u015f\" class=\"hbptTag\">Be\u015fikta\u015f<\/a>  <a href=\"https:\/\/www.haberler.com\/besiktas\/\" title=\"Be\u015fikta\u015f\" class=\"hbptTag\">Be\u015fikta\u015f<\/a>  <a href=\"https:\/\/www.haberler.com\/futbol\/\" title=\"Futbol\" class=\"hbptTag\">Futbol<\/a>  <a href=\"https:\/\/www.haberler.com\/spor\/\" title=\"Spor\" class=\"hbptTag\">Spor<\/a>  <a href=\"https:\/\/www.haberler.com\/super-lig\/\" title=\"S\u00fcper Lig\" class=\"hbptTag\">S\u00fcper Lig<\/a>  <a href=\"https:\/\/www.haberler.com\/futbol\/\" title=\"Futbol\" class=\"hbptTag\">Futbol<\/a>  <a href=\"https:\/\/www.haberler.com\/spor\/\" title=\"Spor\" class=\"hbptTag\">Spor<\/a>  <a href=\"https:\/\/www.haberler.com\/\" title=\"Haberler\" class=\"hbptTag\">Haberler<\/a> <\/h4>\n<\/div>\n","protected":false},"excerpt":{"rendered":"<p>Trendyol S\u00fcper Lig&#8216;de ikinci haftan\u0131n tamamlanmas\u0131n\u0131n ard\u0131ndan kar\u015f\u0131la\u015fmalardaki VAR kay\u0131tlar\u0131 a\u00e7\u0131kland\u0131. Kay\u0131tlarda Fenerbah\u00e7e, Galatasaray ve Be\u015fikta\u015f ma\u00e7lar\u0131ndaki pozisyonlar da yer ald\u0131. ICARDI&#8217;N\u0130N \u0130PTAL OLAN GOL\u00dc VAR: Galatasarayl\u0131 oyuncu, Konyal\u0131n\u0131n \u00f6n\u00fcne aya\u011f\u0131n\u0131 koydu\u011fu i\u00e7in topa vuruyor. Konyal\u0131n\u0131n topa vuru\u015funu engellemek i\u00e7in aya\u011f\u0131n\u0131 \u00f6n\u00fcne koyuyor. Konyal\u0131 topa vurmak isterken Galatasarayl\u0131n\u0131n aya\u011f\u0131na \u00e7arp\u0131p topa gidiyor. Onun i\u00e7in sahada<\/p>\n","protected":false},"author":1,"featured_media":55741,"comment_status":"open","ping_status":"open","sticky":false,"template":"","format":"standard","meta":{"footnotes":""},"categories":[83],"tags":[],"class_list":["post-55757","post","type-post","status-publish","format-standard","has-post-thumbnail","hentry","category-magazin"],"yoast_head":"<!-- This site is optimized with the Yoast SEO plugin v27.5 - https:\/\/yoast.com\/product\/yoast-seo-wordpress\/ -->\n<title>VAR kay\u0131tlar\u0131 a\u00e7\u0131kland\u0131! Hakemlerin Icardi&#039;nin iptal edilen gol\u00fcnde ne konu\u015ftuklar\u0131 ortaya \u00e7\u0131kt\u0131 -<\/title>\n<meta name=\"robots\" content=\"index, follow, max-snippet:-1, max-image-preview:large, max-video-preview:-1\" \/>\n<link rel=\"canonical\" href=\"https:\/\/kibrisdakik.com\/?p=55757\" \/>\n<meta property=\"og:locale\" content=\"tr_TR\" \/>\n<meta property=\"og:type\" content=\"article\" \/>\n<meta property=\"og:title\" content=\"VAR kay\u0131tlar\u0131 a\u00e7\u0131kland\u0131! Hakemlerin Icardi&#039;nin iptal edilen gol\u00fcnde ne konu\u015ftuklar\u0131 ortaya \u00e7\u0131kt\u0131 -\" \/>\n<meta property=\"og:description\" content=\"Trendyol S\u00fcper Lig&#8216;de ikinci haftan\u0131n tamamlanmas\u0131n\u0131n ard\u0131ndan kar\u015f\u0131la\u015fmalardaki VAR kay\u0131tlar\u0131 a\u00e7\u0131kland\u0131. Kay\u0131tlarda Fenerbah\u00e7e, Galatasaray ve Be\u015fikta\u015f ma\u00e7lar\u0131ndaki pozisyonlar da yer ald\u0131. ICARDI&#8217;N\u0130N \u0130PTAL OLAN GOL\u00dc VAR: Galatasarayl\u0131 oyuncu, Konyal\u0131n\u0131n \u00f6n\u00fcne aya\u011f\u0131n\u0131 koydu\u011fu i\u00e7in topa vuruyor. Konyal\u0131n\u0131n topa vuru\u015funu engellemek i\u00e7in aya\u011f\u0131n\u0131 \u00f6n\u00fcne koyuyor. Konyal\u0131 topa vurmak isterken Galatasarayl\u0131n\u0131n aya\u011f\u0131na \u00e7arp\u0131p topa gidiyor. Onun i\u00e7in sahada\" \/>\n<meta property=\"og:url\" content=\"https:\/\/kibrisdakik.com\/?p=55757\" \/>\n<meta property=\"article:published_time\" content=\"2024-08-20T18:15:36+00:00\" \/>\n<meta property=\"og:image\" content=\"https:\/\/kibrisdakik.com\/wp-content\/uploads\/2024\/08\/yuruyen-adam-oldu_17736763_11.jpg\" \/>\n\t<meta property=\"og:image:width\" content=\"732\" \/>\n\t<meta property=\"og:image:height\" content=\"411\" \/>\n\t<meta property=\"og:image:type\" content=\"image\/jpeg\" \/>\n<meta name=\"author\" content=\"admin\" \/>\n<meta name=\"twitter:card\" content=\"summary_large_image\" \/>\n<meta name=\"twitter:label1\" content=\"Yazan:\" \/>\n\t<meta name=\"twitter:data1\" content=\"admin\" \/>\n\t<meta name=\"twitter:label2\" content=\"Tahmini okuma s\u00fcresi\" \/>\n\t<meta name=\"twitter:data2\" content=\"2 dakika\" \/>\n<script type=\"application\/ld+json\" class=\"yoast-schema-graph\">{\"@context\":\"https:\\\/\\\/schema.org\",\"@graph\":[{\"@type\":\"Article\",\"@id\":\"https:\\\/\\\/kibrisdakik.com\\\/?p=55757#article\",\"isPartOf\":{\"@id\":\"https:\\\/\\\/kibrisdakik.com\\\/?p=55757\"},\"author\":{\"name\":\"admin\",\"@id\":\"https:\\\/\\\/kibrisdakik.com\\\/#\\\/schema\\\/person\\\/9cd9d437bbb44f72b73ba127e06d8e79\"},\"headline\":\"VAR kay\u0131tlar\u0131 a\u00e7\u0131kland\u0131! Hakemlerin Icardi&#8217;nin iptal edilen gol\u00fcnde ne konu\u015ftuklar\u0131 ortaya \u00e7\u0131kt\u0131\",\"datePublished\":\"2024-08-20T18:15:36+00:00\",\"mainEntityOfPage\":{\"@id\":\"https:\\\/\\\/kibrisdakik.com\\\/?p=55757\"},\"wordCount\":413,\"commentCount\":0,\"image\":{\"@id\":\"https:\\\/\\\/kibrisdakik.com\\\/?p=55757#primaryimage\"},\"thumbnailUrl\":\"https:\\\/\\\/kibrisdakik.com\\\/wp-content\\\/uploads\\\/2024\\\/08\\\/yuruyen-adam-oldu_17736763_11.jpg\",\"articleSection\":[\"Magazin\"],\"inLanguage\":\"tr\",\"potentialAction\":[{\"@type\":\"CommentAction\",\"name\":\"Comment\",\"target\":[\"https:\\\/\\\/kibrisdakik.com\\\/?p=55757#respond\"]}]},{\"@type\":\"WebPage\",\"@id\":\"https:\\\/\\\/kibrisdakik.com\\\/?p=55757\",\"url\":\"https:\\\/\\\/kibrisdakik.com\\\/?p=55757\",\"name\":\"VAR kay\u0131tlar\u0131 a\u00e7\u0131kland\u0131! Hakemlerin Icardi'nin iptal edilen gol\u00fcnde ne konu\u015ftuklar\u0131 ortaya \u00e7\u0131kt\u0131 -\",\"isPartOf\":{\"@id\":\"https:\\\/\\\/kibrisdakik.com\\\/#website\"},\"primaryImageOfPage\":{\"@id\":\"https:\\\/\\\/kibrisdakik.com\\\/?p=55757#primaryimage\"},\"image\":{\"@id\":\"https:\\\/\\\/kibrisdakik.com\\\/?p=55757#primaryimage\"},\"thumbnailUrl\":\"https:\\\/\\\/kibrisdakik.com\\\/wp-content\\\/uploads\\\/2024\\\/08\\\/yuruyen-adam-oldu_17736763_11.jpg\",\"datePublished\":\"2024-08-20T18:15:36+00:00\",\"author\":{\"@id\":\"https:\\\/\\\/kibrisdakik.com\\\/#\\\/schema\\\/person\\\/9cd9d437bbb44f72b73ba127e06d8e79\"},\"breadcrumb\":{\"@id\":\"https:\\\/\\\/kibrisdakik.com\\\/?p=55757#breadcrumb\"},\"inLanguage\":\"tr\",\"potentialAction\":[{\"@type\":\"ReadAction\",\"target\":[\"https:\\\/\\\/kibrisdakik.com\\\/?p=55757\"]}]},{\"@type\":\"ImageObject\",\"inLanguage\":\"tr\",\"@id\":\"https:\\\/\\\/kibrisdakik.com\\\/?p=55757#primaryimage\",\"url\":\"https:\\\/\\\/kibrisdakik.com\\\/wp-content\\\/uploads\\\/2024\\\/08\\\/yuruyen-adam-oldu_17736763_11.jpg\",\"contentUrl\":\"https:\\\/\\\/kibrisdakik.com\\\/wp-content\\\/uploads\\\/2024\\\/08\\\/yuruyen-adam-oldu_17736763_11.jpg\",\"width\":732,\"height\":411},{\"@type\":\"BreadcrumbList\",\"@id\":\"https:\\\/\\\/kibrisdakik.com\\\/?p=55757#breadcrumb\",\"itemListElement\":[{\"@type\":\"ListItem\",\"position\":1,\"name\":\"Home\",\"item\":\"https:\\\/\\\/kibrisdakik.com\\\/\"},{\"@type\":\"ListItem\",\"position\":2,\"name\":\"VAR kay\u0131tlar\u0131 a\u00e7\u0131kland\u0131! Hakemlerin Icardi&#8217;nin iptal edilen gol\u00fcnde ne konu\u015ftuklar\u0131 ortaya \u00e7\u0131kt\u0131\"}]},{\"@type\":\"WebSite\",\"@id\":\"https:\\\/\\\/kibrisdakik.com\\\/#website\",\"url\":\"https:\\\/\\\/kibrisdakik.com\\\/\",\"name\":\"\",\"description\":\"Tam vaktinde haber\",\"potentialAction\":[{\"@type\":\"SearchAction\",\"target\":{\"@type\":\"EntryPoint\",\"urlTemplate\":\"https:\\\/\\\/kibrisdakik.com\\\/?s={search_term_string}\"},\"query-input\":{\"@type\":\"PropertyValueSpecification\",\"valueRequired\":true,\"valueName\":\"search_term_string\"}}],\"inLanguage\":\"tr\"},{\"@type\":\"Person\",\"@id\":\"https:\\\/\\\/kibrisdakik.com\\\/#\\\/schema\\\/person\\\/9cd9d437bbb44f72b73ba127e06d8e79\",\"name\":\"admin\",\"image\":{\"@type\":\"ImageObject\",\"inLanguage\":\"tr\",\"@id\":\"https:\\\/\\\/secure.gravatar.com\\\/avatar\\\/ccc17943b9d660506c869530f897617f7cb1c21a4bf30023f252596d83e1f007?s=96&d=mm&r=g\",\"url\":\"https:\\\/\\\/secure.gravatar.com\\\/avatar\\\/ccc17943b9d660506c869530f897617f7cb1c21a4bf30023f252596d83e1f007?s=96&d=mm&r=g\",\"contentUrl\":\"https:\\\/\\\/secure.gravatar.com\\\/avatar\\\/ccc17943b9d660506c869530f897617f7cb1c21a4bf30023f252596d83e1f007?s=96&d=mm&r=g\",\"caption\":\"admin\"},\"sameAs\":[\"https:\\\/\\\/kibrisdakik.com\"],\"url\":\"https:\\\/\\\/kibrisdakik.com\\\/?author=1\"}]}<\/script>\n<!-- \/ Yoast SEO plugin. -->","yoast_head_json":{"title":"VAR kay\u0131tlar\u0131 a\u00e7\u0131kland\u0131! Hakemlerin Icardi'nin iptal edilen gol\u00fcnde ne konu\u015ftuklar\u0131 ortaya \u00e7\u0131kt\u0131 -","robots":{"index":"index","follow":"follow","max-snippet":"max-snippet:-1","max-image-preview":"max-image-preview:large","max-video-preview":"max-video-preview:-1"},"canonical":"https:\/\/kibrisdakik.com\/?p=55757","og_locale":"tr_TR","og_type":"article","og_title":"VAR kay\u0131tlar\u0131 a\u00e7\u0131kland\u0131! Hakemlerin Icardi'nin iptal edilen gol\u00fcnde ne konu\u015ftuklar\u0131 ortaya \u00e7\u0131kt\u0131 -","og_description":"Trendyol S\u00fcper Lig&#8216;de ikinci haftan\u0131n tamamlanmas\u0131n\u0131n ard\u0131ndan kar\u015f\u0131la\u015fmalardaki VAR kay\u0131tlar\u0131 a\u00e7\u0131kland\u0131. Kay\u0131tlarda Fenerbah\u00e7e, Galatasaray ve Be\u015fikta\u015f ma\u00e7lar\u0131ndaki pozisyonlar da yer ald\u0131. ICARDI&#8217;N\u0130N \u0130PTAL OLAN GOL\u00dc VAR: Galatasarayl\u0131 oyuncu, Konyal\u0131n\u0131n \u00f6n\u00fcne aya\u011f\u0131n\u0131 koydu\u011fu i\u00e7in topa vuruyor. Konyal\u0131n\u0131n topa vuru\u015funu engellemek i\u00e7in aya\u011f\u0131n\u0131 \u00f6n\u00fcne koyuyor. Konyal\u0131 topa vurmak isterken Galatasarayl\u0131n\u0131n aya\u011f\u0131na \u00e7arp\u0131p topa gidiyor. Onun i\u00e7in sahada","og_url":"https:\/\/kibrisdakik.com\/?p=55757","article_published_time":"2024-08-20T18:15:36+00:00","og_image":[{"width":732,"height":411,"url":"https:\/\/kibrisdakik.com\/wp-content\/uploads\/2024\/08\/yuruyen-adam-oldu_17736763_11.jpg","type":"image\/jpeg"}],"author":"admin","twitter_card":"summary_large_image","twitter_misc":{"Yazan:":"admin","Tahmini okuma s\u00fcresi":"2 dakika"},"schema":{"@context":"https:\/\/schema.org","@graph":[{"@type":"Article","@id":"https:\/\/kibrisdakik.com\/?p=55757#article","isPartOf":{"@id":"https:\/\/kibrisdakik.com\/?p=55757"},"author":{"name":"admin","@id":"https:\/\/kibrisdakik.com\/#\/schema\/person\/9cd9d437bbb44f72b73ba127e06d8e79"},"headline":"VAR kay\u0131tlar\u0131 a\u00e7\u0131kland\u0131! Hakemlerin Icardi&#8217;nin iptal edilen gol\u00fcnde ne konu\u015ftuklar\u0131 ortaya \u00e7\u0131kt\u0131","datePublished":"2024-08-20T18:15:36+00:00","mainEntityOfPage":{"@id":"https:\/\/kibrisdakik.com\/?p=55757"},"wordCount":413,"commentCount":0,"image":{"@id":"https:\/\/kibrisdakik.com\/?p=55757#primaryimage"},"thumbnailUrl":"https:\/\/kibrisdakik.com\/wp-content\/uploads\/2024\/08\/yuruyen-adam-oldu_17736763_11.jpg","articleSection":["Magazin"],"inLanguage":"tr","potentialAction":[{"@type":"CommentAction","name":"Comment","target":["https:\/\/kibrisdakik.com\/?p=55757#respond"]}]},{"@type":"WebPage","@id":"https:\/\/kibrisdakik.com\/?p=55757","url":"https:\/\/kibrisdakik.com\/?p=55757","name":"VAR kay\u0131tlar\u0131 a\u00e7\u0131kland\u0131! Hakemlerin Icardi'nin iptal edilen gol\u00fcnde ne konu\u015ftuklar\u0131 ortaya \u00e7\u0131kt\u0131 -","isPartOf":{"@id":"https:\/\/kibrisdakik.com\/#website"},"primaryImageOfPage":{"@id":"https:\/\/kibrisdakik.com\/?p=55757#primaryimage"},"image":{"@id":"https:\/\/kibrisdakik.com\/?p=55757#primaryimage"},"thumbnailUrl":"https:\/\/kibrisdakik.com\/wp-content\/uploads\/2024\/08\/yuruyen-adam-oldu_17736763_11.jpg","datePublished":"2024-08-20T18:15:36+00:00","author":{"@id":"https:\/\/kibrisdakik.com\/#\/schema\/person\/9cd9d437bbb44f72b73ba127e06d8e79"},"breadcrumb":{"@id":"https:\/\/kibrisdakik.com\/?p=55757#breadcrumb"},"inLanguage":"tr","potentialAction":[{"@type":"ReadAction","target":["https:\/\/kibrisdakik.com\/?p=55757"]}]},{"@type":"ImageObject","inLanguage":"tr","@id":"https:\/\/kibrisdakik.com\/?p=55757#primaryimage","url":"https:\/\/kibrisdakik.com\/wp-content\/uploads\/2024\/08\/yuruyen-adam-oldu_17736763_11.jpg","contentUrl":"https:\/\/kibrisdakik.com\/wp-content\/uploads\/2024\/08\/yuruyen-adam-oldu_17736763_11.jpg","width":732,"height":411},{"@type":"BreadcrumbList","@id":"https:\/\/kibrisdakik.com\/?p=55757#breadcrumb","itemListElement":[{"@type":"ListItem","position":1,"name":"Home","item":"https:\/\/kibrisdakik.com\/"},{"@type":"ListItem","position":2,"name":"VAR kay\u0131tlar\u0131 a\u00e7\u0131kland\u0131! Hakemlerin Icardi&#8217;nin iptal edilen gol\u00fcnde ne konu\u015ftuklar\u0131 ortaya \u00e7\u0131kt\u0131"}]},{"@type":"WebSite","@id":"https:\/\/kibrisdakik.com\/#website","url":"https:\/\/kibrisdakik.com\/","name":"","description":"Tam vaktinde haber","potentialAction":[{"@type":"SearchAction","target":{"@type":"EntryPoint","urlTemplate":"https:\/\/kibrisdakik.com\/?s={search_term_string}"},"query-input":{"@type":"PropertyValueSpecification","valueRequired":true,"valueName":"search_term_string"}}],"inLanguage":"tr"},{"@type":"Person","@id":"https:\/\/kibrisdakik.com\/#\/schema\/person\/9cd9d437bbb44f72b73ba127e06d8e79","name":"admin","image":{"@type":"ImageObject","inLanguage":"tr","@id":"https:\/\/secure.gravatar.com\/avatar\/ccc17943b9d660506c869530f897617f7cb1c21a4bf30023f252596d83e1f007?s=96&d=mm&r=g","url":"https:\/\/secure.gravatar.com\/avatar\/ccc17943b9d660506c869530f897617f7cb1c21a4bf30023f252596d83e1f007?s=96&d=mm&r=g","contentUrl":"https:\/\/secure.gravatar.com\/avatar\/ccc17943b9d660506c869530f897617f7cb1c21a4bf30023f252596d83e1f007?s=96&d=mm&r=g","caption":"admin"},"sameAs":["https:\/\/kibrisdakik.com"],"url":"https:\/\/kibrisdakik.com\/?author=1"}]}},"_links":{"self":[{"href":"https:\/\/kibrisdakik.com\/index.php?rest_route=\/wp\/v2\/posts\/55757","targetHints":{"allow":["GET"]}}],"collection":[{"href":"https:\/\/kibrisdakik.com\/index.php?rest_route=\/wp\/v2\/posts"}],"about":[{"href":"https:\/\/kibrisdakik.com\/index.php?rest_route=\/wp\/v2\/types\/post"}],"author":[{"embeddable":true,"href":"https:\/\/kibrisdakik.com\/index.php?rest_route=\/wp\/v2\/users\/1"}],"replies":[{"embeddable":true,"href":"https:\/\/kibrisdakik.com\/index.php?rest_route=%2Fwp%2Fv2%2Fcomments&post=55757"}],"version-history":[{"count":0,"href":"https:\/\/kibrisdakik.com\/index.php?rest_route=\/wp\/v2\/posts\/55757\/revisions"}],"wp:featuredmedia":[{"embeddable":true,"href":"https:\/\/kibrisdakik.com\/index.php?rest_route=\/wp\/v2\/media\/55741"}],"wp:attachment":[{"href":"https:\/\/kibrisdakik.com\/index.php?rest_route=%2Fwp%2Fv2%2Fmedia&parent=55757"}],"wp:term":[{"taxonomy":"category","embeddable":true,"href":"https:\/\/kibrisdakik.com\/index.php?rest_route=%2Fwp%2Fv2%2Fcategories&post=55757"},{"taxonomy":"post_tag","embeddable":true,"href":"https:\/\/kibrisdakik.com\/index.php?rest_route=%2Fwp%2Fv2%2Ftags&post=55757"}],"curies":[{"name":"wp","href":"https:\/\/api.w.org\/{rel}","templated":true}]}}