{"id":55778,"date":"2024-08-20T15:14:48","date_gmt":"2024-08-20T12:14:48","guid":{"rendered":"https:\/\/kibrisdakik.com\/index.php\/2024\/08\/20\/kibrisin-guneyinde-batili-ulkelerin-artan-askeri-varligi-tartisiliyor\/"},"modified":"2024-08-20T15:14:48","modified_gmt":"2024-08-20T12:14:48","slug":"kibrisin-guneyinde-batili-ulkelerin-artan-askeri-varligi-tartisiliyor","status":"publish","type":"post","link":"https:\/\/kibrisdakik.com\/?p=55778","title":{"rendered":"K\u0131br\u0131s\u2019\u0131n g\u00fcneyinde Bat\u0131l\u0131 \u00fclkelerin artan askeri varl\u0131\u011f\u0131 tart\u0131\u015f\u0131l\u0131yor"},"content":{"rendered":"<p><\/p>\n<div>\n<div class=\"mariselle-image-container center\">\n                <img loading=\"lazy\" decoding=\"async\" width=\"864\" height=\"486\" class=\"lazy-image\" alt=\"\" sizes=\"auto, (max-width: 864px) 100vw, 864px\" src=\"https:\/\/brtk.net\/wp-content\/uploads\/2024\/08\/20\/thumbs-b-c-37dc82a5c0235e4b6be5500e235c89f0.jpg?ver=a25cb61a15ced41395e0f3dd6a54d73c\" srcset=\"https:\/\/brtk.net\/wp-content\/uploads\/2024\/08\/20\/thumbs-b-c-37dc82a5c0235e4b6be5500e235c89f0.jpg?ver=a25cb61a15ced41395e0f3dd6a54d73c 864w, https:\/\/brtk.net\/wp-content\/uploads\/2024\/08\/20\/thumbs-b-c-37dc82a5c0235e4b6be5500e235c89f0-300x169.jpg?ver=0eb72eb77e3baee6939f82aaf75fcc45 300w, https:\/\/brtk.net\/wp-content\/uploads\/2024\/08\/20\/thumbs-b-c-37dc82a5c0235e4b6be5500e235c89f0-768x432.jpg?ver=0eb72eb77e3baee6939f82aaf75fcc45 768w\"\/>                            <\/div>\n<p>G\u00fcney K\u0131br\u0131s Rum Y\u00f6netimi\u2019nin (GKRY) limanlar\u0131na yana\u015fan ba\u015fta ABD ve \u0130ngiltere amfibi h\u00fccum gemileri olmak \u00fczere yabanc\u0131 askeri varl\u0131\u011f\u0131n\u0131n son d\u00f6nemdeki \u201ch\u0131zl\u0131 art\u0131\u015f\u0131\u201d dikkat \u00e7ekiyor.<\/p>\n<p>Anadolu Ajans\u0131\u2019n\u0131n (AA) haberine g\u00f6re, ABD\u2019ye ait USS Wasp (LHD 1) helikopter ve u\u00e7ak ta\u015f\u0131ma kapasiteli amfibi h\u00fccum gemisi, ge\u00e7en hafta Limasol Liman\u0131\u2019na demirledi. Ard\u0131ndan \u0130ngiltere\u2019ye ait amfibi h\u00fccum gemileri ada a\u00e7\u0131klar\u0131na geldi.<\/p>\n<p>Ge\u00e7en hafta bir s\u00f6rf\u00e7\u00fcn\u00fcn, Limasol yak\u0131nlar\u0131nda hangi \u00fclkeye ait oldu\u011fu bilinmeyen denizalt\u0131 g\u00f6r\u00fcnt\u00fclemesi, G\u00fcney K\u0131br\u0131s\u2019taki askeri y\u0131\u011f\u0131na\u011f\u0131n san\u0131landan \u00e7ok daha fazla oldu\u011fu y\u00f6n\u00fcnde tart\u0131\u015fmalara yol a\u00e7t\u0131.<\/p>\n<p>ABD\u2019ye ait \u0130srail\u2019e yak\u0131t ta\u015f\u0131yan Overseas Santorini adl\u0131 geminin, Limasol Liman\u0131\u2019na ikmal yapmak \u00fczere gelece\u011fi iddialar\u0131na, K\u0131br\u0131sl\u0131 Hukuk\u00e7ular Grubu ile ana muhalefetteki AKEL Partisi tepki g\u00f6sterdi.<\/p>\n<p>Overseas Santorini\u2019nin GKRY\u2019de hi\u00e7bir liman\u0131 kullanmas\u0131n\u0131 istemediklerini a\u00e7\u0131klayan K\u0131br\u0131sl\u0131 Hukuk\u00e7ular Grubu, \u0130srail ile i\u015fbirli\u011finin derhal durdurulmas\u0131n\u0131 isteyerek, \u201cSoyk\u0131r\u0131ma liman yok\u201d ad\u0131yla kampanya ba\u015flatt\u0131.<\/p>\n<p>Baz\u0131 sendikalar taraf\u0131ndan desteklenen kampanya \u00e7er\u00e7evesinde aktivistler de Limasol\u2019da protesto g\u00f6sterileri d\u00fczenledi.<\/p>\n<p>\u2013 Yabanc\u0131 \u00fclke gemilerinin ziyaretleri \u015fubattan bu yana s\u00fcr\u00fcyor<\/p>\n<p>\u015eubat 2024\u2019te amfibi h\u00fccum gemisi USS Bataan (LHD 5) Larnaka Liman\u0131\u2019n\u0131 ziyaret ederken, may\u0131s ay\u0131nda ABD donanmas\u0131na ait bir denizalt\u0131n\u0131n ard\u0131ndan USS Arleigh Burke sava\u015f gemisi bir s\u00fcreli\u011fine GKRY\u2019ye geldi.<\/p>\n<p>Temmuzda Do\u011fu Akdeniz\u2019de g\u00f6rev yapan ABD 6. Filo\u2019ya ba\u011fl\u0131 USS Arleigh Burke isimli g\u00fcd\u00fcml\u00fc f\u00fcze destroyeri ile USS Roosevelt gemisi GKRY\u2019nin Limasol Liman\u0131\u2019n\u0131 ziyaret etti.<\/p>\n<p>\u2013 Kara ve hava g\u00fcc\u00fc y\u0131\u011f\u0131na\u011f\u0131 da art\u0131yor<\/p>\n<p>GKRY\u2019ye gelen Bat\u0131l\u0131 deniz kuvvetlerinin yan\u0131 s\u0131ra kara ve hava g\u00fcc\u00fc konusunda da y\u0131\u011f\u0131naklar\u0131n artt\u0131\u011f\u0131 bildiriliyor.<\/p>\n<p>\u0130ngiltere\u2019nin adadaki egemen \u00fcslerine \u0130srail\u2019in Gazze\u2019ye y\u00f6nelik sald\u0131r\u0131lar\u0131n\u0131n ba\u015flad\u0131\u011f\u0131 7 Ekim\u2019den bu yana takviye koman<a href=\"https:\/\/brtk.net\/\">dolar<\/a> g\u00f6nderildi\u011fi ileri s\u00fcr\u00fcl\u00fcyor.<\/p>\n<p>Havargi gazetesinin g\u00f6re, \u0130ngiltere\u2019ye ait A\u011frotur Havaalan\u0131\u2019nda 1000\u2019den fazla komando haz\u0131r bekletiliyor.<\/p>\n<p>Rum Savunma Bakan\u0131 Vasilis Palmas, \u201cdost ve m\u00fcttefik \u00fclkeler\u201d olarak tan\u0131mlad\u0131\u011f\u0131 ABD, Kanada, Almanya, Fransa\u2019n\u0131n GKRY\u2019deki askeri varl\u0131\u011f\u0131n\u0131 son a\u00e7\u0131klamas\u0131yla kabul etti.<\/p>\n<p>Kanada, Almanya ve \u0130sve\u00e7\u2019in u\u00e7ar ve y\u00fczer kapasiteleri ile L\u00fcbnan\u2019dan olas\u0131 bir durumda vatanda\u015flar\u0131n\u0131 tahliye etmek \u00fczere GKRY\u2019de bulunduklar\u0131 belirtildi.<\/p>\n<p>ABD ve \u0130ngiltere\u2019nin GKRY\u2019deki hava g\u00fcc\u00fc hareketlerinin de son d\u00f6nemde yo\u011funlukla artt\u0131\u011f\u0131 ileri s\u00fcr\u00fcl\u00fcyor.<\/p>\n<p>\u2013 \u0130ngiliz \u00fcslerinden kalkan u\u00e7aklar ve yeni lojman in\u015fas\u0131<\/p>\n<p>\u0130ngiltere\u2019ye ait baz\u0131 \u00fcslerin \u0130srail\u2019e istihbarat ve hava deste\u011fi sa\u011flad\u0131\u011f\u0131 iddia edilirken, nisanda da \u0130ran\u2019\u0131n \u0130srail\u2019e sald\u0131r\u0131s\u0131 s\u0131ras\u0131nda \u0130ngiltere\u2019ye ait sava\u015f ve erken uyar\u0131 u\u00e7aklar\u0131 \u0130srail\u2019in savunmas\u0131nda \u00f6nemli rol oynad\u0131.<\/p>\n<p>\u0130ngiltere topra\u011f\u0131 say\u0131lan K\u0131br\u0131s\u2019taki egemen \u00fcsler A\u011frotur ve Dikelya, Yemen\u2019de \u0130ran destekli Husilerin bombalanmas\u0131 s\u00fcrecinde etkin olarak kullan\u0131l\u0131yor.<\/p>\n<p>\u00dcslerdeki personel say\u0131s\u0131n\u0131n artmas\u0131ndan dolay\u0131 \u0130ngiltere\u2019nin \u00fcslere yeni lojmanlar yapt\u0131\u011f\u0131na ili\u015fkin haberler, Rum bas\u0131n\u0131nda yer al\u0131yor. \u0130ngiltere ise yeni lojmanlar\u0131n yenileme ve deprem riski nedeniyle in\u015fa edildi\u011fini savunuyor.<\/p>\n<p>\u2013 Amerikan g\u00fc\u00e7lerinin adadaki askeri varl\u0131\u011f\u0131<\/p>\n<p>ABD u\u00e7aklar\u0131n\u0131n \u0130srail\u2019in Gazze\u2019ye y\u00f6nelik sald\u0131r\u0131lar\u0131n\u0131 desteklemek \u00fczere 7 Ekim 2023\u2019ten itibaren \u0130ngiliz \u00fcslerinden \u0130srail\u2019e gizlice u\u00e7ak g\u00f6nderdi\u011fi de \u00f6ne s\u00fcr\u00fcl\u00fcyor.<\/p>\n<p>ABD\u2019nin GKRY \u00fczerinden \u0130srail\u2019e silah deste\u011fi sa\u011flad\u0131\u011f\u0131 iddias\u0131 ve adadaki varl\u0131\u011f\u0131na tepki g\u00f6steren a\u015f\u0131r\u0131 solcu ana muhalefet partisi AKEL, Amerikan g\u00fc\u00e7lerinin, adada \u0130ngiliz \u00fcsleri i\u00e7inde ve d\u0131\u015f\u0131nda toplanmaya devam etmesinin tehlikeleri ve endi\u015feleri art\u0131rd\u0131\u011f\u0131na i\u015faret ediyor.<\/p>\n<p>Ge\u00e7en ay GKRY Savunma Bakan\u0131 Vasilis Palmas\u2019\u0131n yap\u0131m a\u015famas\u0131nda oldu\u011funu a\u00e7\u0131klad\u0131\u011f\u0131 helikopter \u00fcss\u00fcne, ABD ordusunun \u201cChinook\u201d tipi helikopterlerinin konu\u015fland\u0131r\u0131laca\u011f\u0131 iddia edilmi\u015fti.<\/p>\n<p>\u2013 Askeri y\u0131\u011f\u0131na\u011f\u0131n temel amac\u0131 \u0130srail\u2019in \u201chimaye\u201d edilmesi<\/p>\n<p>Bah\u00e7e\u015fehir \u00dcniversitesi Stratejik Ara\u015ft\u0131rmalar Merkezi (SAM) Ba\u015fkan\u0131 Abdullah A\u011far, konu ile ilgili AA muhabirine de\u011ferlendirmelerde bulundu.<\/p>\n<p>A\u011far, 7 Ekim sonras\u0131ndaki s\u00fcre\u00e7te ABD, \u0130ngiltere ile Fransa\u2019n\u0131n ve baz\u0131 m\u00fcttefiklerinin sava\u015f gemilerinin Do\u011fu Akdeniz\u2019de boy g\u00f6sterdi\u011finin g\u00f6r\u00fcld\u00fc\u011f\u00fcn\u00fc belirterek, \u201cDo\u011fu Akdeniz, K\u0131z\u0131ldeniz, Babu\u2019l Mendep Bo\u011faz\u0131, ard\u0131ndan Hint Okyanusu, Basra K\u00f6rfezi ve oradaki H\u00fcrm\u00fcz Bo\u011faz\u0131; yani bak\u0131ld\u0131\u011f\u0131 zaman Bat\u0131, m\u00fcttefikleriyle birlikte; sava\u015fa angaje olan m\u00fcttefikleriyle birlikte b\u00fct\u00fcn Arap Yar\u0131madas\u0131\u2019n\u0131 denizlerden ku\u015fatt\u0131.\u201d dedi.<\/p>\n<p>Buradaki temel amac\u0131n \u0130srail\u2019in \u201chimaye\u201d edilmesi oldu\u011funu ve bunun \u015fu ana kadar ba\u015far\u0131ld\u0131\u011f\u0131n\u0131 s\u00f6yleyen A\u011far, s\u00f6z konusu \u00fclkelerin \u201c\u00e7al\u0131\u015fmalar\u0131 gereken \u00e7ok farkl\u0131 sava\u015f projeksiyonlar\u0131\u201d oldu\u011fu de\u011ferlendirmesinde bulundu.<\/p>\n<p>A\u011far, L\u00fcbnan ile Yemen\u2019in yan\u0131 s\u0131ra Irak ve Suriye\u2019dekiler ba\u015fta olmak \u00fczere \u201c\u0130ran\u2019\u0131n vekilleri ve \u0130ran\u2019\u0131n\u201d da bir sava\u015fa dahil olma riski oldu\u011funa de\u011finerek, \u201cBir di\u011fer taraf\u0131yla da kendi eksenlerinde duran m\u00fcttefiklerinin k\u0131r\u0131lganla\u015fmas\u0131 ve ba\u015fka eksene kaymayla ilgili ortaya \u00e7\u0131kan riskler var.\u201d diye konu\u015ftu.<\/p>\n<p>ABD\u2019nin b\u00f6lgeye \u00e7ok b\u00fcy\u00fck hava, kara, deniz ve denizalt\u0131 y\u0131\u011f\u0131na\u011f\u0131 getirdi\u011fine i\u015faret eden A\u011far, b\u00f6lgedeki yap\u0131lanmalar\u0131n \u201colas\u0131 b\u00fct\u00fcn senaryolara\u201d haz\u0131rl\u0131k oldu\u011fu tespitinde bulundu.<\/p>\n<p>A\u011far, \u201d (M\u00fcttefikler) \u0130nisiyatifi elinde bulundurmak i\u00e7in bu g\u00f6rev gruplar\u0131n\u0131 hem savunma maksad\u0131yla hem sald\u0131r\u0131 maksad\u0131yla hem insani maksatla hem de kamu diplomasinin maksad\u0131yla kullanacak.\u201d ifadesini kulland\u0131.<\/p>\n<p>Gazze\u2019deki durumun Yunanistan ve GKRY taraf\u0131ndan mali, askeri ve jeopolitik alanlarda \u201cf\u0131rsat\u201d olarak g\u00f6r\u00fcld\u00fc\u011f\u00fcn\u00fc de dile getiren A\u011far, bu nedenle Bat\u0131l\u0131 \u00fclkelerin gemilerine, u\u00e7aklar\u0131na, askeri y\u0131\u011f\u0131na\u011f\u0131na alan a\u00e7t\u0131klar\u0131n\u0131 s\u00f6zlerine ekledi.<\/p>\n<p>\u2013 \u201cK\u0131br\u0131s\u2019\u0131n bir \u2018bar\u0131\u015f adas\u0131\u2019 olabilmesi bu \u00fcsler burada bulundu\u011fu m\u00fcddet\u00e7e m\u00fcmk\u00fcn de\u011fil\u201d<\/p>\n<p>Ba\u015fkent \u00dcniversitesi K\u0131br\u0131s T\u00fcrk Tarihi Ara\u015ft\u0131rmalar\u0131 Merkezi M\u00fcd\u00fcr\u00fc Do\u00e7. Dr. Mehmet Balyemez, Do\u011fu Akdeniz ve K\u0131br\u0131s\u2019\u0131n birbirinden ayr\u0131 d\u00fc\u015f\u00fcn\u00fclemeyece\u011fini belirterek, \u201cDo\u011fu Akdeniz dedi\u011finiz zaman Orta Do\u011fu\u2019yu, T\u00fcrkiye\u2019yi, Kuzey Afrika\u2019y\u0131, S\u00fcvey\u015f Kanal\u0131\u2019n\u0131, \u0130srail\u2019i hep beraber d\u00fc\u015f\u00fcnd\u00fc\u011f\u00fcm\u00fczde K\u0131br\u0131s, Do\u011fu Akdeniz\u2019in ileri karakolu pozisyonundad\u0131r. Dolay\u0131s\u0131yla Do\u011fu Akdeniz\u2019deki geli\u015fmeler neredeyse 200 y\u0131ld\u0131r s\u00fcrekli s\u0131cakt\u0131r.\u201d dedi.<\/p>\n<p>K\u0131br\u0131s\u2019\u0131n Do\u011fu Akdeniz\u2019deki \u00fc\u00e7\u00fcnc\u00fc b\u00fcy\u00fck ada oldu\u011funa, Ada\u2019n\u0131n Orta Do\u011fu\u2019nun bat\u0131 k\u0131y\u0131lar\u0131na, \u0130srail ve M\u0131s\u0131r\u2019a yak\u0131nl\u0131\u011f\u0131ndan dolay\u0131 \u00f6neminin artt\u0131\u011f\u0131na i\u015faret eden Balyemez, \u0130ngiltere\u2019nin adadaki egemen \u00fcslerine ili\u015fkin \u015funlar\u0131 kaydetti:<\/p>\n<p>\u201c\u0130ngiltere\u2019nin G\u00fcney K\u0131br\u0131s Rum Y\u00f6netimi s\u0131n\u0131rlar\u0131 i\u00e7inde A\u011frotur ve Dikelya\u2019da iki egemen \u00fcss\u00fc bulunmakta. Bu \u00fcsler a\u015fa\u011f\u0131 yukar\u0131 yetmi\u015f y\u0131ld\u0131r K\u0131br\u0131s\u2019ta var. Yani bug\u00fcn i\u00e7in bu \u00fcsler orada kurulmu\u015f da askeri hareketlilik varm\u0131\u015f gibi d\u00fc\u015f\u00fcn\u00fclmemesi gerekiyor. \u0130ngiltere Ada\u2019da iki operasyonel \u00fcs kurmu\u015ftur. Bu \u00fcslerin hukuki dayana\u011f\u0131 1960\u2019ta kurulan K\u0131br\u0131s Cumhuriyeti anayasas\u0131nda yer alm\u0131\u015ft\u0131r. Yani buras\u0131 egemen \u00fcsler b\u00f6lgesidir ve yasamas\u0131, y\u00fcr\u00fctmesi, yarg\u0131s\u0131, K\u0131br\u0131s\u2019taki h\u00fck\u00fcmetlerden ayr\u0131d\u0131r.\u201d<\/p>\n<p>Balyemez, \u00fcslerden birinin askeri harekat \u00fcss\u00fc olarak di\u011ferinin ise istihbarat merkezli kullan\u0131ld\u0131\u011f\u0131na da i\u015faret ederek, \u0130ngiltere\u2019nin \u0130srail\u2019in Gazze\u2019ye y\u00f6nelik sald\u0131r\u0131lar\u0131nda bu \u00fcslerden \u0130srail\u2019e istihbarat deste\u011fi verdi\u011fini ve Hizbullah Hareketi Genel Sekreteri Hasan Nasrallah\u2019\u0131n \u0130ngiliz \u00fcslerinden gelecek sald\u0131r\u0131 kar\u015f\u0131s\u0131nda bu \u00fcslerin hedef olaca\u011f\u0131 tehdidini hat\u0131rlatt\u0131.<\/p>\n<p>Mehmet Balyemez, \u201cKuruldu\u011fu andan itibaren asl\u0131nda bu adadaki \u00fcsler K\u0131br\u0131s\u2019\u0131n g\u00fcvenli\u011fi i\u00e7in bir tehdit. Yani K\u0131br\u0131s\u2019\u0131n bir \u2018bar\u0131\u015f adas\u0131\u2019 olabilmesi bu \u00fcsler burada bulundu\u011fu m\u00fcddet\u00e7e m\u00fcmk\u00fcn de\u011fil.\u201d de\u011ferlendirmesini yapt\u0131.<\/p>\n<p>AA\/TAK<\/p>\n<\/p><\/div>\n<p><script async\n                    defer\n                    crossorigin=\"anonymous\"\n                    src=\"https:\/\/connect.facebook.net\/tr_TR\/sdk.js#xfbml=1&#038;version=v3.3\"\n            ><\/script><\/p>\n","protected":false},"excerpt":{"rendered":"<p>G\u00fcney K\u0131br\u0131s Rum Y\u00f6netimi\u2019nin (GKRY) limanlar\u0131na yana\u015fan ba\u015fta ABD ve \u0130ngiltere amfibi h\u00fccum gemileri olmak \u00fczere yabanc\u0131 askeri varl\u0131\u011f\u0131n\u0131n son d\u00f6nemdeki \u201ch\u0131zl\u0131 art\u0131\u015f\u0131\u201d dikkat \u00e7ekiyor. Anadolu Ajans\u0131\u2019n\u0131n (AA) haberine g\u00f6re, ABD\u2019ye ait USS Wasp (LHD 1) helikopter ve u\u00e7ak ta\u015f\u0131ma kapasiteli amfibi h\u00fccum gemisi, ge\u00e7en hafta Limasol Liman\u0131\u2019na demirledi. Ard\u0131ndan \u0130ngiltere\u2019ye ait amfibi h\u00fccum gemileri<\/p>\n","protected":false},"author":1,"featured_media":55779,"comment_status":"open","ping_status":"open","sticky":false,"template":"","format":"standard","meta":{"footnotes":""},"categories":[1],"tags":[],"class_list":["post-55778","post","type-post","status-publish","format-standard","has-post-thumbnail","hentry","category-gundem"],"yoast_head":"<!-- This site is optimized with the Yoast SEO plugin v27.4 - https:\/\/yoast.com\/product\/yoast-seo-wordpress\/ -->\n<title>K\u0131br\u0131s\u2019\u0131n g\u00fcneyinde Bat\u0131l\u0131 \u00fclkelerin artan askeri varl\u0131\u011f\u0131 tart\u0131\u015f\u0131l\u0131yor -<\/title>\n<meta name=\"robots\" content=\"index, follow, max-snippet:-1, max-image-preview:large, max-video-preview:-1\" \/>\n<link rel=\"canonical\" href=\"https:\/\/kibrisdakik.com\/?p=55778\" \/>\n<meta property=\"og:locale\" content=\"tr_TR\" \/>\n<meta property=\"og:type\" content=\"article\" \/>\n<meta property=\"og:title\" content=\"K\u0131br\u0131s\u2019\u0131n g\u00fcneyinde Bat\u0131l\u0131 \u00fclkelerin artan askeri varl\u0131\u011f\u0131 tart\u0131\u015f\u0131l\u0131yor -\" \/>\n<meta property=\"og:description\" content=\"G\u00fcney K\u0131br\u0131s Rum Y\u00f6netimi\u2019nin (GKRY) limanlar\u0131na yana\u015fan ba\u015fta ABD ve \u0130ngiltere amfibi h\u00fccum gemileri olmak \u00fczere yabanc\u0131 askeri varl\u0131\u011f\u0131n\u0131n son d\u00f6nemdeki \u201ch\u0131zl\u0131 art\u0131\u015f\u0131\u201d dikkat \u00e7ekiyor. Anadolu Ajans\u0131\u2019n\u0131n (AA) haberine g\u00f6re, ABD\u2019ye ait USS Wasp (LHD 1) helikopter ve u\u00e7ak ta\u015f\u0131ma kapasiteli amfibi h\u00fccum gemisi, ge\u00e7en hafta Limasol Liman\u0131\u2019na demirledi. Ard\u0131ndan \u0130ngiltere\u2019ye ait amfibi h\u00fccum gemileri\" \/>\n<meta property=\"og:url\" content=\"https:\/\/kibrisdakik.com\/?p=55778\" \/>\n<meta property=\"article:published_time\" content=\"2024-08-20T12:14:48+00:00\" \/>\n<meta property=\"og:image\" content=\"https:\/\/kibrisdakik.com\/wp-content\/uploads\/2024\/08\/thumbs-b-c-37dc82a5c0235e4b6be5500e235c89f0-740x420.jpg\" \/>\n\t<meta property=\"og:image:width\" content=\"864\" \/>\n\t<meta property=\"og:image:height\" content=\"486\" \/>\n\t<meta property=\"og:image:type\" content=\"image\/jpeg\" \/>\n<meta name=\"author\" content=\"admin\" \/>\n<meta name=\"twitter:card\" content=\"summary_large_image\" \/>\n<meta name=\"twitter:label1\" content=\"Yazan:\" \/>\n\t<meta name=\"twitter:data1\" content=\"admin\" \/>\n\t<meta name=\"twitter:label2\" content=\"Tahmini okuma s\u00fcresi\" \/>\n\t<meta name=\"twitter:data2\" content=\"7 dakika\" \/>\n<script type=\"application\/ld+json\" class=\"yoast-schema-graph\">{\"@context\":\"https:\\\/\\\/schema.org\",\"@graph\":[{\"@type\":\"Article\",\"@id\":\"https:\\\/\\\/kibrisdakik.com\\\/?p=55778#article\",\"isPartOf\":{\"@id\":\"https:\\\/\\\/kibrisdakik.com\\\/?p=55778\"},\"author\":{\"name\":\"admin\",\"@id\":\"https:\\\/\\\/kibrisdakik.com\\\/#\\\/schema\\\/person\\\/9cd9d437bbb44f72b73ba127e06d8e79\"},\"headline\":\"K\u0131br\u0131s\u2019\u0131n g\u00fcneyinde Bat\u0131l\u0131 \u00fclkelerin artan askeri varl\u0131\u011f\u0131 tart\u0131\u015f\u0131l\u0131yor\",\"datePublished\":\"2024-08-20T12:14:48+00:00\",\"mainEntityOfPage\":{\"@id\":\"https:\\\/\\\/kibrisdakik.com\\\/?p=55778\"},\"wordCount\":1452,\"commentCount\":0,\"image\":{\"@id\":\"https:\\\/\\\/kibrisdakik.com\\\/?p=55778#primaryimage\"},\"thumbnailUrl\":\"https:\\\/\\\/kibrisdakik.com\\\/wp-content\\\/uploads\\\/2024\\\/08\\\/thumbs-b-c-37dc82a5c0235e4b6be5500e235c89f0-740x420.jpg\",\"articleSection\":[\"G\u00fcndem\"],\"inLanguage\":\"tr\",\"potentialAction\":[{\"@type\":\"CommentAction\",\"name\":\"Comment\",\"target\":[\"https:\\\/\\\/kibrisdakik.com\\\/?p=55778#respond\"]}]},{\"@type\":\"WebPage\",\"@id\":\"https:\\\/\\\/kibrisdakik.com\\\/?p=55778\",\"url\":\"https:\\\/\\\/kibrisdakik.com\\\/?p=55778\",\"name\":\"K\u0131br\u0131s\u2019\u0131n g\u00fcneyinde Bat\u0131l\u0131 \u00fclkelerin artan askeri varl\u0131\u011f\u0131 tart\u0131\u015f\u0131l\u0131yor -\",\"isPartOf\":{\"@id\":\"https:\\\/\\\/kibrisdakik.com\\\/#website\"},\"primaryImageOfPage\":{\"@id\":\"https:\\\/\\\/kibrisdakik.com\\\/?p=55778#primaryimage\"},\"image\":{\"@id\":\"https:\\\/\\\/kibrisdakik.com\\\/?p=55778#primaryimage\"},\"thumbnailUrl\":\"https:\\\/\\\/kibrisdakik.com\\\/wp-content\\\/uploads\\\/2024\\\/08\\\/thumbs-b-c-37dc82a5c0235e4b6be5500e235c89f0-740x420.jpg\",\"datePublished\":\"2024-08-20T12:14:48+00:00\",\"author\":{\"@id\":\"https:\\\/\\\/kibrisdakik.com\\\/#\\\/schema\\\/person\\\/9cd9d437bbb44f72b73ba127e06d8e79\"},\"breadcrumb\":{\"@id\":\"https:\\\/\\\/kibrisdakik.com\\\/?p=55778#breadcrumb\"},\"inLanguage\":\"tr\",\"potentialAction\":[{\"@type\":\"ReadAction\",\"target\":[\"https:\\\/\\\/kibrisdakik.com\\\/?p=55778\"]}]},{\"@type\":\"ImageObject\",\"inLanguage\":\"tr\",\"@id\":\"https:\\\/\\\/kibrisdakik.com\\\/?p=55778#primaryimage\",\"url\":\"https:\\\/\\\/kibrisdakik.com\\\/wp-content\\\/uploads\\\/2024\\\/08\\\/thumbs-b-c-37dc82a5c0235e4b6be5500e235c89f0-740x420.jpg\",\"contentUrl\":\"https:\\\/\\\/kibrisdakik.com\\\/wp-content\\\/uploads\\\/2024\\\/08\\\/thumbs-b-c-37dc82a5c0235e4b6be5500e235c89f0-740x420.jpg\",\"width\":864,\"height\":486},{\"@type\":\"BreadcrumbList\",\"@id\":\"https:\\\/\\\/kibrisdakik.com\\\/?p=55778#breadcrumb\",\"itemListElement\":[{\"@type\":\"ListItem\",\"position\":1,\"name\":\"Home\",\"item\":\"https:\\\/\\\/kibrisdakik.com\\\/\"},{\"@type\":\"ListItem\",\"position\":2,\"name\":\"K\u0131br\u0131s\u2019\u0131n g\u00fcneyinde Bat\u0131l\u0131 \u00fclkelerin artan askeri varl\u0131\u011f\u0131 tart\u0131\u015f\u0131l\u0131yor\"}]},{\"@type\":\"WebSite\",\"@id\":\"https:\\\/\\\/kibrisdakik.com\\\/#website\",\"url\":\"https:\\\/\\\/kibrisdakik.com\\\/\",\"name\":\"\",\"description\":\"Tam vaktinde haber\",\"potentialAction\":[{\"@type\":\"SearchAction\",\"target\":{\"@type\":\"EntryPoint\",\"urlTemplate\":\"https:\\\/\\\/kibrisdakik.com\\\/?s={search_term_string}\"},\"query-input\":{\"@type\":\"PropertyValueSpecification\",\"valueRequired\":true,\"valueName\":\"search_term_string\"}}],\"inLanguage\":\"tr\"},{\"@type\":\"Person\",\"@id\":\"https:\\\/\\\/kibrisdakik.com\\\/#\\\/schema\\\/person\\\/9cd9d437bbb44f72b73ba127e06d8e79\",\"name\":\"admin\",\"image\":{\"@type\":\"ImageObject\",\"inLanguage\":\"tr\",\"@id\":\"https:\\\/\\\/secure.gravatar.com\\\/avatar\\\/ccc17943b9d660506c869530f897617f7cb1c21a4bf30023f252596d83e1f007?s=96&d=mm&r=g\",\"url\":\"https:\\\/\\\/secure.gravatar.com\\\/avatar\\\/ccc17943b9d660506c869530f897617f7cb1c21a4bf30023f252596d83e1f007?s=96&d=mm&r=g\",\"contentUrl\":\"https:\\\/\\\/secure.gravatar.com\\\/avatar\\\/ccc17943b9d660506c869530f897617f7cb1c21a4bf30023f252596d83e1f007?s=96&d=mm&r=g\",\"caption\":\"admin\"},\"sameAs\":[\"https:\\\/\\\/kibrisdakik.com\"],\"url\":\"https:\\\/\\\/kibrisdakik.com\\\/?author=1\"}]}<\/script>\n<!-- \/ Yoast SEO plugin. -->","yoast_head_json":{"title":"K\u0131br\u0131s\u2019\u0131n g\u00fcneyinde Bat\u0131l\u0131 \u00fclkelerin artan askeri varl\u0131\u011f\u0131 tart\u0131\u015f\u0131l\u0131yor -","robots":{"index":"index","follow":"follow","max-snippet":"max-snippet:-1","max-image-preview":"max-image-preview:large","max-video-preview":"max-video-preview:-1"},"canonical":"https:\/\/kibrisdakik.com\/?p=55778","og_locale":"tr_TR","og_type":"article","og_title":"K\u0131br\u0131s\u2019\u0131n g\u00fcneyinde Bat\u0131l\u0131 \u00fclkelerin artan askeri varl\u0131\u011f\u0131 tart\u0131\u015f\u0131l\u0131yor -","og_description":"G\u00fcney K\u0131br\u0131s Rum Y\u00f6netimi\u2019nin (GKRY) limanlar\u0131na yana\u015fan ba\u015fta ABD ve \u0130ngiltere amfibi h\u00fccum gemileri olmak \u00fczere yabanc\u0131 askeri varl\u0131\u011f\u0131n\u0131n son d\u00f6nemdeki \u201ch\u0131zl\u0131 art\u0131\u015f\u0131\u201d dikkat \u00e7ekiyor. Anadolu Ajans\u0131\u2019n\u0131n (AA) haberine g\u00f6re, ABD\u2019ye ait USS Wasp (LHD 1) helikopter ve u\u00e7ak ta\u015f\u0131ma kapasiteli amfibi h\u00fccum gemisi, ge\u00e7en hafta Limasol Liman\u0131\u2019na demirledi. Ard\u0131ndan \u0130ngiltere\u2019ye ait amfibi h\u00fccum gemileri","og_url":"https:\/\/kibrisdakik.com\/?p=55778","article_published_time":"2024-08-20T12:14:48+00:00","og_image":[{"width":864,"height":486,"url":"https:\/\/kibrisdakik.com\/wp-content\/uploads\/2024\/08\/thumbs-b-c-37dc82a5c0235e4b6be5500e235c89f0-740x420.jpg","type":"image\/jpeg"}],"author":"admin","twitter_card":"summary_large_image","twitter_misc":{"Yazan:":"admin","Tahmini okuma s\u00fcresi":"7 dakika"},"schema":{"@context":"https:\/\/schema.org","@graph":[{"@type":"Article","@id":"https:\/\/kibrisdakik.com\/?p=55778#article","isPartOf":{"@id":"https:\/\/kibrisdakik.com\/?p=55778"},"author":{"name":"admin","@id":"https:\/\/kibrisdakik.com\/#\/schema\/person\/9cd9d437bbb44f72b73ba127e06d8e79"},"headline":"K\u0131br\u0131s\u2019\u0131n g\u00fcneyinde Bat\u0131l\u0131 \u00fclkelerin artan askeri varl\u0131\u011f\u0131 tart\u0131\u015f\u0131l\u0131yor","datePublished":"2024-08-20T12:14:48+00:00","mainEntityOfPage":{"@id":"https:\/\/kibrisdakik.com\/?p=55778"},"wordCount":1452,"commentCount":0,"image":{"@id":"https:\/\/kibrisdakik.com\/?p=55778#primaryimage"},"thumbnailUrl":"https:\/\/kibrisdakik.com\/wp-content\/uploads\/2024\/08\/thumbs-b-c-37dc82a5c0235e4b6be5500e235c89f0-740x420.jpg","articleSection":["G\u00fcndem"],"inLanguage":"tr","potentialAction":[{"@type":"CommentAction","name":"Comment","target":["https:\/\/kibrisdakik.com\/?p=55778#respond"]}]},{"@type":"WebPage","@id":"https:\/\/kibrisdakik.com\/?p=55778","url":"https:\/\/kibrisdakik.com\/?p=55778","name":"K\u0131br\u0131s\u2019\u0131n g\u00fcneyinde Bat\u0131l\u0131 \u00fclkelerin artan askeri varl\u0131\u011f\u0131 tart\u0131\u015f\u0131l\u0131yor -","isPartOf":{"@id":"https:\/\/kibrisdakik.com\/#website"},"primaryImageOfPage":{"@id":"https:\/\/kibrisdakik.com\/?p=55778#primaryimage"},"image":{"@id":"https:\/\/kibrisdakik.com\/?p=55778#primaryimage"},"thumbnailUrl":"https:\/\/kibrisdakik.com\/wp-content\/uploads\/2024\/08\/thumbs-b-c-37dc82a5c0235e4b6be5500e235c89f0-740x420.jpg","datePublished":"2024-08-20T12:14:48+00:00","author":{"@id":"https:\/\/kibrisdakik.com\/#\/schema\/person\/9cd9d437bbb44f72b73ba127e06d8e79"},"breadcrumb":{"@id":"https:\/\/kibrisdakik.com\/?p=55778#breadcrumb"},"inLanguage":"tr","potentialAction":[{"@type":"ReadAction","target":["https:\/\/kibrisdakik.com\/?p=55778"]}]},{"@type":"ImageObject","inLanguage":"tr","@id":"https:\/\/kibrisdakik.com\/?p=55778#primaryimage","url":"https:\/\/kibrisdakik.com\/wp-content\/uploads\/2024\/08\/thumbs-b-c-37dc82a5c0235e4b6be5500e235c89f0-740x420.jpg","contentUrl":"https:\/\/kibrisdakik.com\/wp-content\/uploads\/2024\/08\/thumbs-b-c-37dc82a5c0235e4b6be5500e235c89f0-740x420.jpg","width":864,"height":486},{"@type":"BreadcrumbList","@id":"https:\/\/kibrisdakik.com\/?p=55778#breadcrumb","itemListElement":[{"@type":"ListItem","position":1,"name":"Home","item":"https:\/\/kibrisdakik.com\/"},{"@type":"ListItem","position":2,"name":"K\u0131br\u0131s\u2019\u0131n g\u00fcneyinde Bat\u0131l\u0131 \u00fclkelerin artan askeri varl\u0131\u011f\u0131 tart\u0131\u015f\u0131l\u0131yor"}]},{"@type":"WebSite","@id":"https:\/\/kibrisdakik.com\/#website","url":"https:\/\/kibrisdakik.com\/","name":"","description":"Tam vaktinde haber","potentialAction":[{"@type":"SearchAction","target":{"@type":"EntryPoint","urlTemplate":"https:\/\/kibrisdakik.com\/?s={search_term_string}"},"query-input":{"@type":"PropertyValueSpecification","valueRequired":true,"valueName":"search_term_string"}}],"inLanguage":"tr"},{"@type":"Person","@id":"https:\/\/kibrisdakik.com\/#\/schema\/person\/9cd9d437bbb44f72b73ba127e06d8e79","name":"admin","image":{"@type":"ImageObject","inLanguage":"tr","@id":"https:\/\/secure.gravatar.com\/avatar\/ccc17943b9d660506c869530f897617f7cb1c21a4bf30023f252596d83e1f007?s=96&d=mm&r=g","url":"https:\/\/secure.gravatar.com\/avatar\/ccc17943b9d660506c869530f897617f7cb1c21a4bf30023f252596d83e1f007?s=96&d=mm&r=g","contentUrl":"https:\/\/secure.gravatar.com\/avatar\/ccc17943b9d660506c869530f897617f7cb1c21a4bf30023f252596d83e1f007?s=96&d=mm&r=g","caption":"admin"},"sameAs":["https:\/\/kibrisdakik.com"],"url":"https:\/\/kibrisdakik.com\/?author=1"}]}},"_links":{"self":[{"href":"https:\/\/kibrisdakik.com\/index.php?rest_route=\/wp\/v2\/posts\/55778","targetHints":{"allow":["GET"]}}],"collection":[{"href":"https:\/\/kibrisdakik.com\/index.php?rest_route=\/wp\/v2\/posts"}],"about":[{"href":"https:\/\/kibrisdakik.com\/index.php?rest_route=\/wp\/v2\/types\/post"}],"author":[{"embeddable":true,"href":"https:\/\/kibrisdakik.com\/index.php?rest_route=\/wp\/v2\/users\/1"}],"replies":[{"embeddable":true,"href":"https:\/\/kibrisdakik.com\/index.php?rest_route=%2Fwp%2Fv2%2Fcomments&post=55778"}],"version-history":[{"count":0,"href":"https:\/\/kibrisdakik.com\/index.php?rest_route=\/wp\/v2\/posts\/55778\/revisions"}],"wp:featuredmedia":[{"embeddable":true,"href":"https:\/\/kibrisdakik.com\/index.php?rest_route=\/wp\/v2\/media\/55779"}],"wp:attachment":[{"href":"https:\/\/kibrisdakik.com\/index.php?rest_route=%2Fwp%2Fv2%2Fmedia&parent=55778"}],"wp:term":[{"taxonomy":"category","embeddable":true,"href":"https:\/\/kibrisdakik.com\/index.php?rest_route=%2Fwp%2Fv2%2Fcategories&post=55778"},{"taxonomy":"post_tag","embeddable":true,"href":"https:\/\/kibrisdakik.com\/index.php?rest_route=%2Fwp%2Fv2%2Ftags&post=55778"}],"curies":[{"name":"wp","href":"https:\/\/api.w.org\/{rel}","templated":true}]}}