{"id":55806,"date":"2024-08-21T09:57:35","date_gmt":"2024-08-21T06:57:35","guid":{"rendered":"https:\/\/kibrisdakik.com\/index.php\/2024\/08\/21\/dokunulmazliginin-kaldirilmasini-isteyen-suleyman-soyluya-ret\/"},"modified":"2024-08-21T09:57:35","modified_gmt":"2024-08-21T06:57:35","slug":"dokunulmazliginin-kaldirilmasini-isteyen-suleyman-soyluya-ret","status":"publish","type":"post","link":"https:\/\/kibrisdakik.com\/?p=55806","title":{"rendered":"Dokunulmazl\u0131\u011f\u0131n\u0131n kald\u0131r\u0131lmas\u0131n\u0131 isteyen S\u00fcleyman Soylu&#8217;ya ret"},"content":{"rendered":"<p><\/p>\n<div id=\"\">\n<p>AK Parti \u0130stanbul Milletvekili ve eski \u0130\u00e7i\u015fleri Bakan\u0131 S\u00fcleyman Soylu, ge\u00e7ti\u011fimiz haftalarda T\u00fcrkiye B\u00fcy\u00fck Millet Meclisi&#8217;ne ba\u015fvurup, dokunulmazl\u0131\u011f\u0131n\u0131n kald\u0131r\u0131lmas\u0131n\u0131 istemi\u015fti. <\/p>\n<p>Soylu dilek\u00e7esinde, &#8220;Karalama ve iftira kampanyalar\u0131nda su\u00e7 yap\u0131lar\u0131 ile fikir ortakl\u0131\u011f\u0131 ve i\u015fbirli\u011fi i\u00e7erisinde olanlar\u0131n y\u0131k\u0131c\u0131l\u0131\u011f\u0131na bigane kalmamay\u0131, her an\u0131 sadakat, kararl\u0131l\u0131k ve fedakarl\u0131kla dokunmu\u015f m\u00fccadelenin r\u00f6van\u015f\u0131n\u0131 almak isteyenlere kar\u015f\u0131 vazge\u00e7ilmez sorumluluk&#8221; ifadelerini kulland\u0131.<\/p>\n<p><img loading=\"lazy\" decoding=\"async\" class=\"hbptMainImage lazyload ImgDetay\" src=\"https:\/\/foto.haberler.com\/haber\/2024\/08\/21\/dokunulmazliginin-kaldirilmasini-isteyen-suleyman-17740304_3602_m.jpg\" alt=\"Dokunulmazl\u0131\u011f\u0131n\u0131n kald\u0131r\u0131lmas\u0131n\u0131 isteyen S\u00fcleyman Soylu'ya ret\" width=\"640\" height=\"410\"\/><\/p>\n<h3>&#8220;YAPILAB\u0130LECEK B\u0130R \u015eEY YOKTUR&#8221;<\/h3>\n<p>Soylu&#8217;nun dilek\u00e7esine TBMM Ba\u015fkan\u0131 Numan Kurtulmu\u015f&#8217;tan yan\u0131t geldi. S\u00f6zc\u00fc yazar\u0131 Aytun\u00e7 Erkin&#8217;in aktard\u0131\u011f\u0131na g\u00f6re; Kurtulmu\u015f imzal\u0131 yan\u0131tta &#8220;Yasama dokunulmazl\u0131\u011f\u0131n\u0131n kald\u0131r\u0131lmas\u0131na ili\u015fkin i\u015flemler yukar\u0131da yer verilen Anayasa ve \u0130\u00e7t\u00fcz\u00fck h\u00fck\u00fcmleri \u00e7er\u00e7evesinde ger\u00e7ekle\u015ftirilmektedir. Ayr\u0131ca Ba\u015fkanl\u0131\u011f\u0131m\u0131za hakk\u0131n\u0131zda herhangi bir tezkere ula\u015fmam\u0131\u015ft\u0131r. Bu a\u00e7\u0131klamalar do\u011frultusunda ba\u015fvurunuz hakk\u0131nda Ba\u015fkanl\u0131\u011f\u0131m\u0131zca yap\u0131labilecek herhangi bir i\u015flem yoktur&#8221; denildi. <\/p>\n<h3>NE OLMU\u015eTU?<\/h3>\n<p>Bir \u00f6nceki \u0130\u00e7i\u015fleri Bakan\u0131 ve AK Parti \u0130stanbul Milletvekili S\u00fcleyman Soylu, yasama dokunulmazl\u0131\u011f\u0131n\u0131n kald\u0131r\u0131lmas\u0131 istemiyle, 26 Temmuz Cuma g\u00fcn\u00fc TBMM Ba\u015fkanl\u0131\u011f\u0131&#8217;na dilek\u00e7eyle ba\u015fvuruda bulunmu\u015ftu. Hakk\u0131nda yay\u0131mlanan haberlerin karalama ve iftira ama\u00e7l\u0131 yap\u0131ld\u0131\u011f\u0131n\u0131 \u00f6ne s\u00fcren Soylu, &#8220;milletin g\u00f6z\u00fcnde istifham ve soru i\u015fareti olu\u015fturmay\u0131 ama\u00e7layan \u015fer odaklar\u0131yla hukuk zemininde m\u00fccadele etmenin zaruri hal ald\u0131\u011f\u0131n\u0131&#8221; ifade etmi\u015fti.<\/p>\n<p>\u0130\u00e7i\u015fleri Bakanl\u0131\u011f\u0131 g\u00f6revinden ayr\u0131ld\u0131\u011f\u0131nda bu yana bir y\u0131l i\u00e7erisinde aleyhinde, yalan, hakaret, karalama ve iftira i\u00e7erikli oldu\u011funu iddia etti\u011fi 11 bin 500 televizyon haberi, 1454 gazete haberi ve 628 k\u00f6\u015fe yaz\u0131s\u0131 ile makale, 218 bin internet ve sosyal medya haberi yap\u0131ld\u0131\u011f\u0131n\u0131 aktaran Soylu, &#8220;Hakk\u0131mda g\u00f6rev d\u00f6nemimize ait TBMM&#8217;de herhangi bir konuda fezleke i\u015flemi bulunmamas\u0131na ra\u011fmen, CHP Genel Ba\u015fkanlar\u0131 ve s\u00f6zc\u00fcleri, muhtelif tarihlerde sarf ettikleri mesnetsiz karalamalar ve iftiralarla dokunulmazl\u0131k z\u0131rh\u0131na s\u0131\u011f\u0131narak korundu\u011fumu defalarca ifade edip, bu \u015fekilde kamuoyunu bilerek yanl\u0131\u015f y\u00f6nlendirmi\u015flerdir. Yine CHP Genel Ba\u015fkanlar\u0131 ve s\u00f6zc\u00fcleri, \u00fclkemizin b\u00f6l\u00fcnmez b\u00fct\u00fcnl\u00fc\u011f\u00fcn\u00fc y\u0131llard\u0131r tehdit eden PKK ter\u00f6r \u00f6rg\u00fct\u00fc ve onun siyasi birliktelik ve uzla\u015f\u0131 y\u00fcr\u00fctt\u00fc\u011f\u00fc Meclis&#8217;teki temsilcilerine, FET\u00d6 ve DHKP-C&#8217;ye kar\u015f\u0131 yapmad\u0131klar\u0131n\u0131, yapamad\u0131klar\u0131n\u0131, s\u00f6ylemediklerini ve s\u00f6yleyemediklerini, \u00fcstelik de onlarla birlikte, g\u00f6rev yapt\u0131\u011f\u0131m\u0131z d\u00f6neme ve \u015fahs\u0131ma kar\u015f\u0131, milletimizin g\u00f6z\u00fc \u00f6n\u00fcnde e\u015f zamanl\u0131 bir kampanya y\u00fcr\u00fctmektedirler&#8221; demi\u015fti.<\/p>\n<p>Soylu, \u015fu ifadeleri kullanm\u0131\u015ft\u0131: &#8220;Elbette ki demokrasiye ve hukuka olan ba\u011fl\u0131l\u0131\u011f\u0131m, devletime olan sadakatim, milletimize kar\u015f\u0131 sorumlulu\u011fum ve Gazi Meclis&#8217;imizin iradesine olan sayg\u0131m; yapt\u0131\u011f\u0131m\u0131z g\u00f6revlerin ve verdi\u011fimiz m\u00fccadelelerin her bir an\u0131n\u0131n do\u011frulu\u011funa olan inanc\u0131m gere\u011fi t\u00fcm bu karalama, iftira ve itibars\u0131zla\u015ft\u0131rma kampanyas\u0131 kar\u015f\u0131s\u0131nda, i\u015fbu yasama dokunulmazl\u0131\u011f\u0131m\u0131n kald\u0131r\u0131lmas\u0131 ba\u015fvurusunda bulunulmas\u0131 zorunlulu\u011fu has\u0131l olmu\u015ftur. G\u00f6revde bulundu\u011fum d\u00f6nemlerle ilgili hakk\u0131mda y\u00fcr\u00fct\u00fclen karalama, iftira ve itibars\u0131zla\u015ft\u0131rma kampanyalar\u0131 kar\u015f\u0131s\u0131nda, hakkaniyetin ve ger\u00e7eklerin tecellisi i\u00e7in T\u00fcrkiye Cumhuriyeti Anayasas\u0131 ve TBMM \u0130\u00e7t\u00fcz\u00fc\u011f\u00fcn\u00fcn ilgili maddeleri \u00e7er\u00e7evesinde, yasama dokunulmazl\u0131\u011f\u0131m\u0131n kald\u0131r\u0131lmas\u0131n\u0131n gere\u011fini arz ederim.&#8221;??????<\/p>\n<div class=\"orderFlex\">\n<div class=\"hbptItem imgtxtarea\">\n<div class=\"hbptAuthorImg\"><img decoding=\"async\" class=\"lazyload imgelips\" src=\"https:\/\/foto.haberler.com\/genel\/editor\/2021\/05\/12\/editor--982692.jpg\" alt=\"Olgun K\u0131z\u0131ltepe\"\/><\/div>\n<\/div>\n<\/div>\n<h4 id=\"nwsKeywords\"> <a href=\"https:\/\/www.haberler.com\/numan-kurtulmus\/\" title=\"Numan Kurtulmu\u015f\" class=\"hbptTag\">Numan Kurtulmu\u015f<\/a>  <a href=\"https:\/\/www.haberler.com\/meclis-baskani\/\" title=\"Meclis Ba\u015fkan\u0131\" class=\"hbptTag\">Meclis Ba\u015fkan\u0131<\/a>  <a href=\"https:\/\/www.haberler.com\/suleyman-soylu\/\" title=\"S\u00fcleyman Soylu\" class=\"hbptTag\">S\u00fcleyman Soylu<\/a>  <a href=\"https:\/\/www.haberler.com\/suleyman-soylu\/\" title=\"S\u00fcleyman Soylu\" class=\"hbptTag\">S\u00fcleyman Soylu<\/a>  <a href=\"https:\/\/www.haberler.com\/politika\/\" title=\"Politika\" class=\"hbptTag\">Politika<\/a>  <a href=\"https:\/\/www.haberler.com\/guncel\/\" title=\"G\u00fcncel\" class=\"hbptTag\">G\u00fcncel<\/a>  <a href=\"https:\/\/www.haberler.com\/\" title=\"Haberler\" class=\"hbptTag\">Haberler<\/a> <\/h4>\n<\/div>\n","protected":false},"excerpt":{"rendered":"<p>AK Parti \u0130stanbul Milletvekili ve eski \u0130\u00e7i\u015fleri Bakan\u0131 S\u00fcleyman Soylu, ge\u00e7ti\u011fimiz haftalarda T\u00fcrkiye B\u00fcy\u00fck Millet Meclisi&#8217;ne ba\u015fvurup, dokunulmazl\u0131\u011f\u0131n\u0131n kald\u0131r\u0131lmas\u0131n\u0131 istemi\u015fti. Soylu dilek\u00e7esinde, &#8220;Karalama ve iftira kampanyalar\u0131nda su\u00e7 yap\u0131lar\u0131 ile fikir ortakl\u0131\u011f\u0131 ve i\u015fbirli\u011fi i\u00e7erisinde olanlar\u0131n y\u0131k\u0131c\u0131l\u0131\u011f\u0131na bigane kalmamay\u0131, her an\u0131 sadakat, kararl\u0131l\u0131k ve fedakarl\u0131kla dokunmu\u015f m\u00fccadelenin r\u00f6van\u015f\u0131n\u0131 almak isteyenlere kar\u015f\u0131 vazge\u00e7ilmez sorumluluk&#8221; ifadelerini kulland\u0131. &#8220;YAPILAB\u0130LECEK<\/p>\n","protected":false},"author":1,"featured_media":55807,"comment_status":"open","ping_status":"open","sticky":false,"template":"","format":"standard","meta":{"footnotes":""},"categories":[83],"tags":[],"class_list":["post-55806","post","type-post","status-publish","format-standard","has-post-thumbnail","hentry","category-magazin"],"yoast_head":"<!-- This site is optimized with the Yoast SEO plugin v27.4 - https:\/\/yoast.com\/product\/yoast-seo-wordpress\/ -->\n<title>Dokunulmazl\u0131\u011f\u0131n\u0131n kald\u0131r\u0131lmas\u0131n\u0131 isteyen S\u00fcleyman Soylu&#039;ya ret -<\/title>\n<meta name=\"robots\" content=\"index, follow, max-snippet:-1, max-image-preview:large, max-video-preview:-1\" \/>\n<link rel=\"canonical\" href=\"https:\/\/kibrisdakik.com\/?p=55806\" \/>\n<meta property=\"og:locale\" content=\"tr_TR\" \/>\n<meta property=\"og:type\" content=\"article\" \/>\n<meta property=\"og:title\" content=\"Dokunulmazl\u0131\u011f\u0131n\u0131n kald\u0131r\u0131lmas\u0131n\u0131 isteyen S\u00fcleyman Soylu&#039;ya ret -\" \/>\n<meta property=\"og:description\" content=\"AK Parti \u0130stanbul Milletvekili ve eski \u0130\u00e7i\u015fleri Bakan\u0131 S\u00fcleyman Soylu, ge\u00e7ti\u011fimiz haftalarda T\u00fcrkiye B\u00fcy\u00fck Millet Meclisi&#8217;ne ba\u015fvurup, dokunulmazl\u0131\u011f\u0131n\u0131n kald\u0131r\u0131lmas\u0131n\u0131 istemi\u015fti. Soylu dilek\u00e7esinde, &#8220;Karalama ve iftira kampanyalar\u0131nda su\u00e7 yap\u0131lar\u0131 ile fikir ortakl\u0131\u011f\u0131 ve i\u015fbirli\u011fi i\u00e7erisinde olanlar\u0131n y\u0131k\u0131c\u0131l\u0131\u011f\u0131na bigane kalmamay\u0131, her an\u0131 sadakat, kararl\u0131l\u0131k ve fedakarl\u0131kla dokunmu\u015f m\u00fccadelenin r\u00f6van\u015f\u0131n\u0131 almak isteyenlere kar\u015f\u0131 vazge\u00e7ilmez sorumluluk&#8221; ifadelerini kulland\u0131. &#8220;YAPILAB\u0130LECEK\" \/>\n<meta property=\"og:url\" content=\"https:\/\/kibrisdakik.com\/?p=55806\" \/>\n<meta property=\"article:published_time\" content=\"2024-08-21T06:57:35+00:00\" \/>\n<meta property=\"og:image\" content=\"https:\/\/kibrisdakik.com\/wp-content\/uploads\/2024\/08\/dokunulmazliginin-kaldirilmasini-isteyen-suleyman-17740304_3602_m.jpg\" \/>\n\t<meta property=\"og:image:width\" content=\"640\" \/>\n\t<meta property=\"og:image:height\" content=\"409\" \/>\n\t<meta property=\"og:image:type\" content=\"image\/jpeg\" \/>\n<meta name=\"author\" content=\"admin\" \/>\n<meta name=\"twitter:card\" content=\"summary_large_image\" \/>\n<meta name=\"twitter:label1\" content=\"Yazan:\" \/>\n\t<meta name=\"twitter:data1\" content=\"admin\" \/>\n\t<meta name=\"twitter:label2\" content=\"Tahmini okuma s\u00fcresi\" \/>\n\t<meta name=\"twitter:data2\" content=\"3 dakika\" \/>\n<script type=\"application\/ld+json\" class=\"yoast-schema-graph\">{\"@context\":\"https:\\\/\\\/schema.org\",\"@graph\":[{\"@type\":\"Article\",\"@id\":\"https:\\\/\\\/kibrisdakik.com\\\/?p=55806#article\",\"isPartOf\":{\"@id\":\"https:\\\/\\\/kibrisdakik.com\\\/?p=55806\"},\"author\":{\"name\":\"admin\",\"@id\":\"https:\\\/\\\/kibrisdakik.com\\\/#\\\/schema\\\/person\\\/9cd9d437bbb44f72b73ba127e06d8e79\"},\"headline\":\"Dokunulmazl\u0131\u011f\u0131n\u0131n kald\u0131r\u0131lmas\u0131n\u0131 isteyen S\u00fcleyman Soylu&#8217;ya ret\",\"datePublished\":\"2024-08-21T06:57:35+00:00\",\"mainEntityOfPage\":{\"@id\":\"https:\\\/\\\/kibrisdakik.com\\\/?p=55806\"},\"wordCount\":622,\"commentCount\":0,\"image\":{\"@id\":\"https:\\\/\\\/kibrisdakik.com\\\/?p=55806#primaryimage\"},\"thumbnailUrl\":\"https:\\\/\\\/kibrisdakik.com\\\/wp-content\\\/uploads\\\/2024\\\/08\\\/dokunulmazliginin-kaldirilmasini-isteyen-suleyman-17740304_3602_m.jpg\",\"articleSection\":[\"Magazin\"],\"inLanguage\":\"tr\",\"potentialAction\":[{\"@type\":\"CommentAction\",\"name\":\"Comment\",\"target\":[\"https:\\\/\\\/kibrisdakik.com\\\/?p=55806#respond\"]}]},{\"@type\":\"WebPage\",\"@id\":\"https:\\\/\\\/kibrisdakik.com\\\/?p=55806\",\"url\":\"https:\\\/\\\/kibrisdakik.com\\\/?p=55806\",\"name\":\"Dokunulmazl\u0131\u011f\u0131n\u0131n kald\u0131r\u0131lmas\u0131n\u0131 isteyen S\u00fcleyman Soylu'ya ret -\",\"isPartOf\":{\"@id\":\"https:\\\/\\\/kibrisdakik.com\\\/#website\"},\"primaryImageOfPage\":{\"@id\":\"https:\\\/\\\/kibrisdakik.com\\\/?p=55806#primaryimage\"},\"image\":{\"@id\":\"https:\\\/\\\/kibrisdakik.com\\\/?p=55806#primaryimage\"},\"thumbnailUrl\":\"https:\\\/\\\/kibrisdakik.com\\\/wp-content\\\/uploads\\\/2024\\\/08\\\/dokunulmazliginin-kaldirilmasini-isteyen-suleyman-17740304_3602_m.jpg\",\"datePublished\":\"2024-08-21T06:57:35+00:00\",\"author\":{\"@id\":\"https:\\\/\\\/kibrisdakik.com\\\/#\\\/schema\\\/person\\\/9cd9d437bbb44f72b73ba127e06d8e79\"},\"breadcrumb\":{\"@id\":\"https:\\\/\\\/kibrisdakik.com\\\/?p=55806#breadcrumb\"},\"inLanguage\":\"tr\",\"potentialAction\":[{\"@type\":\"ReadAction\",\"target\":[\"https:\\\/\\\/kibrisdakik.com\\\/?p=55806\"]}]},{\"@type\":\"ImageObject\",\"inLanguage\":\"tr\",\"@id\":\"https:\\\/\\\/kibrisdakik.com\\\/?p=55806#primaryimage\",\"url\":\"https:\\\/\\\/kibrisdakik.com\\\/wp-content\\\/uploads\\\/2024\\\/08\\\/dokunulmazliginin-kaldirilmasini-isteyen-suleyman-17740304_3602_m.jpg\",\"contentUrl\":\"https:\\\/\\\/kibrisdakik.com\\\/wp-content\\\/uploads\\\/2024\\\/08\\\/dokunulmazliginin-kaldirilmasini-isteyen-suleyman-17740304_3602_m.jpg\",\"width\":640,\"height\":409},{\"@type\":\"BreadcrumbList\",\"@id\":\"https:\\\/\\\/kibrisdakik.com\\\/?p=55806#breadcrumb\",\"itemListElement\":[{\"@type\":\"ListItem\",\"position\":1,\"name\":\"Home\",\"item\":\"https:\\\/\\\/kibrisdakik.com\\\/\"},{\"@type\":\"ListItem\",\"position\":2,\"name\":\"Dokunulmazl\u0131\u011f\u0131n\u0131n kald\u0131r\u0131lmas\u0131n\u0131 isteyen S\u00fcleyman Soylu&#8217;ya ret\"}]},{\"@type\":\"WebSite\",\"@id\":\"https:\\\/\\\/kibrisdakik.com\\\/#website\",\"url\":\"https:\\\/\\\/kibrisdakik.com\\\/\",\"name\":\"\",\"description\":\"Tam vaktinde haber\",\"potentialAction\":[{\"@type\":\"SearchAction\",\"target\":{\"@type\":\"EntryPoint\",\"urlTemplate\":\"https:\\\/\\\/kibrisdakik.com\\\/?s={search_term_string}\"},\"query-input\":{\"@type\":\"PropertyValueSpecification\",\"valueRequired\":true,\"valueName\":\"search_term_string\"}}],\"inLanguage\":\"tr\"},{\"@type\":\"Person\",\"@id\":\"https:\\\/\\\/kibrisdakik.com\\\/#\\\/schema\\\/person\\\/9cd9d437bbb44f72b73ba127e06d8e79\",\"name\":\"admin\",\"image\":{\"@type\":\"ImageObject\",\"inLanguage\":\"tr\",\"@id\":\"https:\\\/\\\/secure.gravatar.com\\\/avatar\\\/ccc17943b9d660506c869530f897617f7cb1c21a4bf30023f252596d83e1f007?s=96&d=mm&r=g\",\"url\":\"https:\\\/\\\/secure.gravatar.com\\\/avatar\\\/ccc17943b9d660506c869530f897617f7cb1c21a4bf30023f252596d83e1f007?s=96&d=mm&r=g\",\"contentUrl\":\"https:\\\/\\\/secure.gravatar.com\\\/avatar\\\/ccc17943b9d660506c869530f897617f7cb1c21a4bf30023f252596d83e1f007?s=96&d=mm&r=g\",\"caption\":\"admin\"},\"sameAs\":[\"https:\\\/\\\/kibrisdakik.com\"],\"url\":\"https:\\\/\\\/kibrisdakik.com\\\/?author=1\"}]}<\/script>\n<!-- \/ Yoast SEO plugin. -->","yoast_head_json":{"title":"Dokunulmazl\u0131\u011f\u0131n\u0131n kald\u0131r\u0131lmas\u0131n\u0131 isteyen S\u00fcleyman Soylu'ya ret -","robots":{"index":"index","follow":"follow","max-snippet":"max-snippet:-1","max-image-preview":"max-image-preview:large","max-video-preview":"max-video-preview:-1"},"canonical":"https:\/\/kibrisdakik.com\/?p=55806","og_locale":"tr_TR","og_type":"article","og_title":"Dokunulmazl\u0131\u011f\u0131n\u0131n kald\u0131r\u0131lmas\u0131n\u0131 isteyen S\u00fcleyman Soylu'ya ret -","og_description":"AK Parti \u0130stanbul Milletvekili ve eski \u0130\u00e7i\u015fleri Bakan\u0131 S\u00fcleyman Soylu, ge\u00e7ti\u011fimiz haftalarda T\u00fcrkiye B\u00fcy\u00fck Millet Meclisi&#8217;ne ba\u015fvurup, dokunulmazl\u0131\u011f\u0131n\u0131n kald\u0131r\u0131lmas\u0131n\u0131 istemi\u015fti. Soylu dilek\u00e7esinde, &#8220;Karalama ve iftira kampanyalar\u0131nda su\u00e7 yap\u0131lar\u0131 ile fikir ortakl\u0131\u011f\u0131 ve i\u015fbirli\u011fi i\u00e7erisinde olanlar\u0131n y\u0131k\u0131c\u0131l\u0131\u011f\u0131na bigane kalmamay\u0131, her an\u0131 sadakat, kararl\u0131l\u0131k ve fedakarl\u0131kla dokunmu\u015f m\u00fccadelenin r\u00f6van\u015f\u0131n\u0131 almak isteyenlere kar\u015f\u0131 vazge\u00e7ilmez sorumluluk&#8221; ifadelerini kulland\u0131. &#8220;YAPILAB\u0130LECEK","og_url":"https:\/\/kibrisdakik.com\/?p=55806","article_published_time":"2024-08-21T06:57:35+00:00","og_image":[{"width":640,"height":409,"url":"https:\/\/kibrisdakik.com\/wp-content\/uploads\/2024\/08\/dokunulmazliginin-kaldirilmasini-isteyen-suleyman-17740304_3602_m.jpg","type":"image\/jpeg"}],"author":"admin","twitter_card":"summary_large_image","twitter_misc":{"Yazan:":"admin","Tahmini okuma s\u00fcresi":"3 dakika"},"schema":{"@context":"https:\/\/schema.org","@graph":[{"@type":"Article","@id":"https:\/\/kibrisdakik.com\/?p=55806#article","isPartOf":{"@id":"https:\/\/kibrisdakik.com\/?p=55806"},"author":{"name":"admin","@id":"https:\/\/kibrisdakik.com\/#\/schema\/person\/9cd9d437bbb44f72b73ba127e06d8e79"},"headline":"Dokunulmazl\u0131\u011f\u0131n\u0131n kald\u0131r\u0131lmas\u0131n\u0131 isteyen S\u00fcleyman Soylu&#8217;ya ret","datePublished":"2024-08-21T06:57:35+00:00","mainEntityOfPage":{"@id":"https:\/\/kibrisdakik.com\/?p=55806"},"wordCount":622,"commentCount":0,"image":{"@id":"https:\/\/kibrisdakik.com\/?p=55806#primaryimage"},"thumbnailUrl":"https:\/\/kibrisdakik.com\/wp-content\/uploads\/2024\/08\/dokunulmazliginin-kaldirilmasini-isteyen-suleyman-17740304_3602_m.jpg","articleSection":["Magazin"],"inLanguage":"tr","potentialAction":[{"@type":"CommentAction","name":"Comment","target":["https:\/\/kibrisdakik.com\/?p=55806#respond"]}]},{"@type":"WebPage","@id":"https:\/\/kibrisdakik.com\/?p=55806","url":"https:\/\/kibrisdakik.com\/?p=55806","name":"Dokunulmazl\u0131\u011f\u0131n\u0131n kald\u0131r\u0131lmas\u0131n\u0131 isteyen S\u00fcleyman Soylu'ya ret -","isPartOf":{"@id":"https:\/\/kibrisdakik.com\/#website"},"primaryImageOfPage":{"@id":"https:\/\/kibrisdakik.com\/?p=55806#primaryimage"},"image":{"@id":"https:\/\/kibrisdakik.com\/?p=55806#primaryimage"},"thumbnailUrl":"https:\/\/kibrisdakik.com\/wp-content\/uploads\/2024\/08\/dokunulmazliginin-kaldirilmasini-isteyen-suleyman-17740304_3602_m.jpg","datePublished":"2024-08-21T06:57:35+00:00","author":{"@id":"https:\/\/kibrisdakik.com\/#\/schema\/person\/9cd9d437bbb44f72b73ba127e06d8e79"},"breadcrumb":{"@id":"https:\/\/kibrisdakik.com\/?p=55806#breadcrumb"},"inLanguage":"tr","potentialAction":[{"@type":"ReadAction","target":["https:\/\/kibrisdakik.com\/?p=55806"]}]},{"@type":"ImageObject","inLanguage":"tr","@id":"https:\/\/kibrisdakik.com\/?p=55806#primaryimage","url":"https:\/\/kibrisdakik.com\/wp-content\/uploads\/2024\/08\/dokunulmazliginin-kaldirilmasini-isteyen-suleyman-17740304_3602_m.jpg","contentUrl":"https:\/\/kibrisdakik.com\/wp-content\/uploads\/2024\/08\/dokunulmazliginin-kaldirilmasini-isteyen-suleyman-17740304_3602_m.jpg","width":640,"height":409},{"@type":"BreadcrumbList","@id":"https:\/\/kibrisdakik.com\/?p=55806#breadcrumb","itemListElement":[{"@type":"ListItem","position":1,"name":"Home","item":"https:\/\/kibrisdakik.com\/"},{"@type":"ListItem","position":2,"name":"Dokunulmazl\u0131\u011f\u0131n\u0131n kald\u0131r\u0131lmas\u0131n\u0131 isteyen S\u00fcleyman Soylu&#8217;ya ret"}]},{"@type":"WebSite","@id":"https:\/\/kibrisdakik.com\/#website","url":"https:\/\/kibrisdakik.com\/","name":"","description":"Tam vaktinde haber","potentialAction":[{"@type":"SearchAction","target":{"@type":"EntryPoint","urlTemplate":"https:\/\/kibrisdakik.com\/?s={search_term_string}"},"query-input":{"@type":"PropertyValueSpecification","valueRequired":true,"valueName":"search_term_string"}}],"inLanguage":"tr"},{"@type":"Person","@id":"https:\/\/kibrisdakik.com\/#\/schema\/person\/9cd9d437bbb44f72b73ba127e06d8e79","name":"admin","image":{"@type":"ImageObject","inLanguage":"tr","@id":"https:\/\/secure.gravatar.com\/avatar\/ccc17943b9d660506c869530f897617f7cb1c21a4bf30023f252596d83e1f007?s=96&d=mm&r=g","url":"https:\/\/secure.gravatar.com\/avatar\/ccc17943b9d660506c869530f897617f7cb1c21a4bf30023f252596d83e1f007?s=96&d=mm&r=g","contentUrl":"https:\/\/secure.gravatar.com\/avatar\/ccc17943b9d660506c869530f897617f7cb1c21a4bf30023f252596d83e1f007?s=96&d=mm&r=g","caption":"admin"},"sameAs":["https:\/\/kibrisdakik.com"],"url":"https:\/\/kibrisdakik.com\/?author=1"}]}},"_links":{"self":[{"href":"https:\/\/kibrisdakik.com\/index.php?rest_route=\/wp\/v2\/posts\/55806","targetHints":{"allow":["GET"]}}],"collection":[{"href":"https:\/\/kibrisdakik.com\/index.php?rest_route=\/wp\/v2\/posts"}],"about":[{"href":"https:\/\/kibrisdakik.com\/index.php?rest_route=\/wp\/v2\/types\/post"}],"author":[{"embeddable":true,"href":"https:\/\/kibrisdakik.com\/index.php?rest_route=\/wp\/v2\/users\/1"}],"replies":[{"embeddable":true,"href":"https:\/\/kibrisdakik.com\/index.php?rest_route=%2Fwp%2Fv2%2Fcomments&post=55806"}],"version-history":[{"count":0,"href":"https:\/\/kibrisdakik.com\/index.php?rest_route=\/wp\/v2\/posts\/55806\/revisions"}],"wp:featuredmedia":[{"embeddable":true,"href":"https:\/\/kibrisdakik.com\/index.php?rest_route=\/wp\/v2\/media\/55807"}],"wp:attachment":[{"href":"https:\/\/kibrisdakik.com\/index.php?rest_route=%2Fwp%2Fv2%2Fmedia&parent=55806"}],"wp:term":[{"taxonomy":"category","embeddable":true,"href":"https:\/\/kibrisdakik.com\/index.php?rest_route=%2Fwp%2Fv2%2Fcategories&post=55806"},{"taxonomy":"post_tag","embeddable":true,"href":"https:\/\/kibrisdakik.com\/index.php?rest_route=%2Fwp%2Fv2%2Ftags&post=55806"}],"curies":[{"name":"wp","href":"https:\/\/api.w.org\/{rel}","templated":true}]}}