{"id":55879,"date":"2024-08-21T14:17:12","date_gmt":"2024-08-21T11:17:12","guid":{"rendered":"https:\/\/kibrisdakik.com\/index.php\/2024\/08\/21\/tacoy-ubpnin-herkesi-kucaklayan-guclu-bir-idareye-ihtiyaci-var\/"},"modified":"2024-08-21T14:17:12","modified_gmt":"2024-08-21T11:17:12","slug":"tacoy-ubpnin-herkesi-kucaklayan-guclu-bir-idareye-ihtiyaci-var","status":"publish","type":"post","link":"https:\/\/kibrisdakik.com\/?p=55879","title":{"rendered":"Ta\u00e7oy: \u201cUBP\u2019nin herkesi kucaklayan g\u00fc\u00e7l\u00fc bir idareye ihtiyac\u0131 var\u201d"},"content":{"rendered":"<div>\n<div class=\"mariselle-image-container center\">\n                                            <\/div>\n<p>Ulusal Birlik Partisi (UBP) Genel Ba\u015fkan aday\u0131 Hasan Ta\u00e7oy, k\u00f6t\u00fc gidi\u015fin d\u00fczelmesi i\u00e7in bir de\u011fi\u015fime ihtiya\u00e7 oldu\u011funu belirterek, UBP\u2019nin herkesi kucaklayan g\u00fc\u00e7l\u00fc bir idareye ihtiyac\u0131 oldu\u011funu kaydetti.<\/p>\n<p>Ofisinden verilen bilgiye g\u00f6re Ta\u00e7oy, K\u0131br\u0131s Postas\u0131 TV\u2019de Er\u00e7in \u015eahmaran\u2019\u0131n sorular\u0131n\u0131 yan\u0131tlad\u0131.<\/p>\n<p>Gen\u00e7li\u011finden beri UBP\u2019nin \u00e7e\u015fitli kademelerinde g\u00f6rev ald\u0131\u011f\u0131n\u0131 ifade eden Ta\u00e7oy, \u201c\u00c7ocuklar\u0131m bana zaman zaman, \u2018Bizden \u00e7ok UBP\u2019de zaman ge\u00e7iriyorsun\u2019 diye serzeni\u015fte de bulunmu\u015ftur. UBP benim i\u00e7erisinde b\u00fcy\u00fcd\u00fc\u011f\u00fcm b\u00fcy\u00fck ailemdir\u201d dedi.<\/p>\n<p>UBP\u2019lilerin parti y\u00f6netiminden, \u00fclkenin genelinin de \u00fclke y\u00f6netiminden memnun olmad\u0131\u011f\u0131n\u0131 savunan Ta\u00e7oy, bu ger\u00e7eklerden hareket ederek, genel ba\u015fkanl\u0131\u011fa aday oldu\u011funu s\u00f6yledi.<\/p>\n<p>\u201cKendisinin de hem parti hem de \u00fclke y\u00f6netiminden mutlu olmayan \u00e7o\u011funlu\u011fa dahil oldu\u011funu\u201d belirten Hasan Ta\u00e7oy, UBP\u2019nin girdi\u011fi son se\u00e7imlerdeki \u201cba\u015far\u0131s\u0131zl\u0131\u011f\u0131n\u0131n\u201d analizlerinin hala yap\u0131lmad\u0131\u011f\u0131n\u0131 ifade etti ve bu durumu ele\u015ftirdi.<\/p>\n<p>Adayl\u0131\u011f\u0131ndaki en temel etkenin \u00fclke g\u00fcndeminde de yer bulan adaletsizlikler ve yolsuzluklar oldu\u011funu kaydeden Ta\u00e7oy, \u201cparti i\u00e7erisinde giderek bozulan d\u00fczen ve bunun neden oldu\u011fu zemin kayb\u0131n\u0131\u201d da di\u011fer etken olarak dile getirdi.<\/p>\n<p>Vatan, millet ve devlet ruhuyla kurulmu\u015f olan UBP\u2019nin, \u00e7izgisinden uzakla\u015ft\u0131\u011f\u0131n\u0131 ve bu ruhtan eser kalmad\u0131\u011f\u0131n\u0131 savunan Ta\u00e7oy, \u201cO ruhtan eser yok ve sadece bir koltuk kavgas\u0131 var. Benim kavgam bu de\u011fil. Benim kavgam \u00fclkemdir, devletimdir, vatan\u0131md\u0131r, milletimdir\u201d dedi.<\/p>\n<p>-\u201cMutluysan\u0131z se\u00e7eceksiniz ama e\u011fer mutsuzsan\u0131z de\u011fi\u015ftireceksiniz\u201d<\/p>\n<p>UBP \u00fcyelerine, \u201cmutluysan\u0131z se\u00e7eceksiniz ama e\u011fer mutsuzsan\u0131z de\u011fi\u015ftireceksiniz\u201d \u015feklinde seslenen Ta\u00e7oy, d\u00fczensizli\u011fin ve bel alt\u0131 vurman\u0131n hi\u00e7bir devlete yaramad\u0131\u011f\u0131n\u0131, KKTC\u2019ye de fayda getirmedi\u011fini belirtti.<\/p>\n<p>Ta\u00e7oy, \u201cBen hi\u00e7 bel alt\u0131 vurmad\u0131m. Bana bu yap\u0131l\u0131yor olmas\u0131na ra\u011fmen ve yak\u0131n \u00e7evremde bana bunu yapmam\u0131 s\u00f6yleyenler de olmas\u0131na ra\u011fmen ben asla bel alt\u0131 vurmad\u0131m, vurmayaca\u011f\u0131m\u201d dedi.<\/p>\n<p>UBP Genel Ba\u015fkan\u0131 ve Ba\u015fbakan \u00dcnal \u00dcstel\u2019in \u201cG\u00fcc\u00fcm\u00fcz Birli\u011fimiz\u201d slogan\u0131na ra\u011fmen geri \u00e7ekilmesi i\u00e7in bask\u0131 uygulanan ve geri \u00e7ektirilen adaylar oldu\u011funu ileri s\u00fcren Ta\u00e7oy, bask\u0131yla susturulmaya \u00e7al\u0131\u015f\u0131lan taraflar bulundu\u011funu da iddia etti.<\/p>\n<p>\u201cKimse susmaz, kimsenin de susmaya niyeti yok\u201d diyen Ta\u00e7oy, susmu\u015f gibi g\u00f6r\u00fcnenlerin de g\u00fcn\u00fc geldi\u011finde konu\u015faca\u011f\u0131 bir yeri ve zaman\u0131 bulundu\u011funu s\u00f6yledi.<\/p>\n<p>\u0130l\u00e7e \u00f6rg\u00fct se\u00e7imlerinin sonu\u00e7lar\u0131 \u00fczerinden baz\u0131 yak\u0131\u015ft\u0131rmalar yap\u0131lmaya \u00e7al\u0131\u015f\u0131ld\u0131\u011f\u0131n\u0131 da belirten Ta\u00e7oy, \u201c\u00d6rne\u011fin Girne\u2019de kaybeden B\u00fclent arkada\u015f\u0131m da kazanan \u0130brahim arkada\u015f\u0131m da benim ger\u00e7ekten arkada\u015f\u0131md\u0131rlar. Se\u00e7imin \u00f6ncesinde de bu durum ayn\u0131yd\u0131, se\u00e7imin sonras\u0131nda da ayn\u0131d\u0131r. Baz\u0131 gazetelerde yazd\u0131\u011f\u0131 gibi kimse i\u00e7in kap\u0131 kap\u0131 gezip oy istemi\u015f de\u011filim\u201d dedi.<\/p>\n<p>Hasan Ta\u00e7oy, bug\u00fcn bir se\u00e7im olsa UBP\u2019nin iyi bir sonu\u00e7 almas\u0131n\u0131n m\u00fcmk\u00fcn olmad\u0131\u011f\u0131n\u0131 savunarak, k\u00f6t\u00fc gidi\u015fin d\u00fczelmesi i\u00e7in bir de\u011fi\u015fimine ihtiya\u00e7 oldu\u011funu kaydetti.<\/p>\n<p>\u201cUBP\u2019nin herkesi kucaklayan g\u00fc\u00e7l\u00fc bir idareye ihtiyac\u0131 var\u201d diyen Ta\u00e7oy, \u00fcyeler konusunda yap\u0131lm\u0131\u015f kas\u0131tl\u0131 yanl\u0131\u015flar\u0131n \u015fimdi mahkemelerden d\u00f6n\u00fcyor olmas\u0131ndan birilerinin utan\u00e7 duymas\u0131 gerekti\u011fini belirtti.<\/p>\n<p>Ta\u00e7oy, \u201cEline bir tomar oy pusulas\u0131 al\u0131p sand\u0131\u011fa atan utanmayacak ama bunu s\u00f6yleyen ben b\u00f6l\u00fcc\u00fcl\u00fck yapmakla su\u00e7lanaca\u011f\u0131m. Ulusal Birlik Partisi bu de\u011fildir. Bu d\u00f6nemde ben hayat\u0131mda g\u00f6rmedi\u011fim \u015feylere \u015fahit olmaktay\u0131m\u201d diye konu\u015ftu.<\/p>\n<p>\u00dcyelerin genelinin sessizli\u011fe b\u00fcr\u00fcnd\u00fc\u011f\u00fcn\u00fc ifade ederek, bunun nedenini sorgulayan Hasan Ta\u00e7oy, bunun tek nedeninin yap\u0131lan bask\u0131lar oldu\u011funu \u00f6ne s\u00fcrd\u00fc.<\/p>\n<p>Ta\u00e7oy, \u201cadayl\u0131ktan geri \u00e7ektirilen isimlerle\u201d de g\u00f6r\u00fc\u015ft\u00fc\u011f\u00fcn\u00fc ifade ederek, \u201cBunu yapan T\u00fcrkiye de\u011fildir, baz\u0131 farkl\u0131 zihniyetlerdir, bu bir taleptir\u201d dedi.<\/p>\n<p>-\u201cD\u00fcnyaya a\u00e7\u0131lan ve asla kapanmayacak yeg\u00e2ne kap\u0131m\u0131z olan TC devletinin de\u011ferini bilmeliyiz\u201d<\/p>\n<p>T\u00fcrkiye ile olan ili\u015fkileri bozmak de\u011fil, geli\u015ftirmek istedi\u011fini vurgulayan Ta\u00e7oy, \u201cHer zor bir \u015feyde ve her bir \u00e7\u0131kmazda \u2018emir b\u00fcy\u00fck yerden geldi\u2019 diyerek, bunu halletmeye \u00e7al\u0131\u015f\u0131yorlar. Ama b\u00f6yle bir d\u00fcnya yok. T\u00fcrkiye Cumhuriyeti devletini daha fazla k\u00f6t\u00fclemeyelim\u201d \u015feklinde konu\u015ftu.<\/p>\n<p>Hasan Ta\u00e7oy, K\u0131br\u0131s T\u00fcrk\u00fc\u2019n\u00fcn d\u00fcnyaya a\u00e7\u0131lan ve asla kapanmayacak olan tek kap\u0131s\u0131n\u0131n T\u00fcrkiye oldu\u011funu ifade ederek, bunun k\u0131ymetinin bilinmesi gerekti\u011fini vurgulad\u0131.<\/p>\n<p>Genel Ba\u015fkan se\u00e7ilmesi durumunda yeni h\u00fck\u00fcmeti kurma g\u00f6revinin Cumhurba\u015fkan\u0131 taraf\u0131ndan kendisine verilece\u011fini ifade eden Ta\u00e7oy, 2025\u2019teki Cumhurba\u015fkanl\u0131\u011f\u0131 se\u00e7imi sonras\u0131nda mutlaka erken genel se\u00e7ime gidilece\u011fi \u00f6ng\u00f6r\u00fcs\u00fcnde bulunarak, olas\u0131 bir durumda bu ger\u00e7e\u011fi g\u00f6z \u00f6n\u00fcnde tutup, bir \u201cse\u00e7im h\u00fck\u00fcmeti\u201d kuraca\u011f\u0131n\u0131 s\u00f6yledi.<\/p>\n<p>Verdi\u011fi bu mesaj\u0131n herkes taraf\u0131ndan iyi okunmas\u0131 ve do\u011fru anla\u015f\u0131lmas\u0131 gerekti\u011fini belirten Ta\u00e7oy, 2030 y\u0131l\u0131na kadarki siyasi stratejisinin haz\u0131r oldu\u011funu ve ataca\u011f\u0131 t\u00fcm ad\u0131mlar\u0131n\u0131 planlad\u0131\u011f\u0131n\u0131 kaydetti.<\/p>\n<\/p><\/div>\n<p><script async\n                    defer\n                    crossorigin=\"anonymous\"\n                    src=\"https:\/\/connect.facebook.net\/tr_TR\/sdk.js#xfbml=1&#038;version=v3.3\"\n            ><\/script><\/p>\n","protected":false},"excerpt":{"rendered":"<p>Ulusal Birlik Partisi (UBP) Genel Ba\u015fkan aday\u0131 Hasan Ta\u00e7oy, k\u00f6t\u00fc gidi\u015fin d\u00fczelmesi i\u00e7in bir de\u011fi\u015fime ihtiya\u00e7 oldu\u011funu belirterek, UBP\u2019nin herkesi kucaklayan g\u00fc\u00e7l\u00fc bir idareye ihtiyac\u0131 oldu\u011funu kaydetti. Ofisinden verilen bilgiye g\u00f6re Ta\u00e7oy, K\u0131br\u0131s Postas\u0131 TV\u2019de Er\u00e7in \u015eahmaran\u2019\u0131n sorular\u0131n\u0131 yan\u0131tlad\u0131. Gen\u00e7li\u011finden beri UBP\u2019nin \u00e7e\u015fitli kademelerinde g\u00f6rev ald\u0131\u011f\u0131n\u0131 ifade eden Ta\u00e7oy, \u201c\u00c7ocuklar\u0131m bana zaman zaman, \u2018Bizden \u00e7ok<\/p>\n","protected":false},"author":1,"featured_media":55880,"comment_status":"open","ping_status":"open","sticky":false,"template":"","format":"standard","meta":{"footnotes":""},"categories":[81],"tags":[],"class_list":["post-55879","post","type-post","status-publish","format-standard","has-post-thumbnail","hentry","category-kibris"],"yoast_head":"<!-- This site is optimized with the Yoast SEO plugin v27.4 - https:\/\/yoast.com\/product\/yoast-seo-wordpress\/ -->\n<title>Ta\u00e7oy: \u201cUBP\u2019nin herkesi kucaklayan g\u00fc\u00e7l\u00fc bir idareye ihtiyac\u0131 var\u201d -<\/title>\n<meta name=\"robots\" content=\"index, follow, max-snippet:-1, max-image-preview:large, max-video-preview:-1\" \/>\n<link rel=\"canonical\" href=\"https:\/\/kibrisdakik.com\/?p=55879\" \/>\n<meta property=\"og:locale\" content=\"tr_TR\" \/>\n<meta property=\"og:type\" content=\"article\" \/>\n<meta property=\"og:title\" content=\"Ta\u00e7oy: \u201cUBP\u2019nin herkesi kucaklayan g\u00fc\u00e7l\u00fc bir idareye ihtiyac\u0131 var\u201d -\" \/>\n<meta property=\"og:description\" content=\"Ulusal Birlik Partisi (UBP) Genel Ba\u015fkan aday\u0131 Hasan Ta\u00e7oy, k\u00f6t\u00fc gidi\u015fin d\u00fczelmesi i\u00e7in bir de\u011fi\u015fime ihtiya\u00e7 oldu\u011funu belirterek, UBP\u2019nin herkesi kucaklayan g\u00fc\u00e7l\u00fc bir idareye ihtiyac\u0131 oldu\u011funu kaydetti. Ofisinden verilen bilgiye g\u00f6re Ta\u00e7oy, K\u0131br\u0131s Postas\u0131 TV\u2019de Er\u00e7in \u015eahmaran\u2019\u0131n sorular\u0131n\u0131 yan\u0131tlad\u0131. Gen\u00e7li\u011finden beri UBP\u2019nin \u00e7e\u015fitli kademelerinde g\u00f6rev ald\u0131\u011f\u0131n\u0131 ifade eden Ta\u00e7oy, \u201c\u00c7ocuklar\u0131m bana zaman zaman, \u2018Bizden \u00e7ok\" \/>\n<meta property=\"og:url\" content=\"https:\/\/kibrisdakik.com\/?p=55879\" \/>\n<meta property=\"article:published_time\" content=\"2024-08-21T11:17:12+00:00\" \/>\n<meta property=\"og:image\" content=\"https:\/\/kibrisdakik.com\/wp-content\/uploads\/2024\/08\/hasan-tacoy-yaristan-cekilebilir-h98836-810031-706x420.jpg\" \/>\n\t<meta property=\"og:image:width\" content=\"706\" \/>\n\t<meta property=\"og:image:height\" content=\"431\" \/>\n\t<meta property=\"og:image:type\" content=\"image\/jpeg\" \/>\n<meta name=\"author\" content=\"admin\" \/>\n<meta name=\"twitter:card\" content=\"summary_large_image\" \/>\n<meta name=\"twitter:label1\" content=\"Yazan:\" \/>\n\t<meta name=\"twitter:data1\" content=\"admin\" \/>\n\t<meta name=\"twitter:label2\" content=\"Tahmini okuma s\u00fcresi\" \/>\n\t<meta name=\"twitter:data2\" content=\"5 dakika\" \/>\n<script type=\"application\/ld+json\" class=\"yoast-schema-graph\">{\"@context\":\"https:\\\/\\\/schema.org\",\"@graph\":[{\"@type\":\"Article\",\"@id\":\"https:\\\/\\\/kibrisdakik.com\\\/?p=55879#article\",\"isPartOf\":{\"@id\":\"https:\\\/\\\/kibrisdakik.com\\\/?p=55879\"},\"author\":{\"name\":\"admin\",\"@id\":\"https:\\\/\\\/kibrisdakik.com\\\/#\\\/schema\\\/person\\\/9cd9d437bbb44f72b73ba127e06d8e79\"},\"headline\":\"Ta\u00e7oy: \u201cUBP\u2019nin herkesi kucaklayan g\u00fc\u00e7l\u00fc bir idareye ihtiyac\u0131 var\u201d\",\"datePublished\":\"2024-08-21T11:17:12+00:00\",\"mainEntityOfPage\":{\"@id\":\"https:\\\/\\\/kibrisdakik.com\\\/?p=55879\"},\"wordCount\":919,\"commentCount\":0,\"image\":{\"@id\":\"https:\\\/\\\/kibrisdakik.com\\\/?p=55879#primaryimage\"},\"thumbnailUrl\":\"https:\\\/\\\/kibrisdakik.com\\\/wp-content\\\/uploads\\\/2024\\\/08\\\/hasan-tacoy-yaristan-cekilebilir-h98836-810031-706x420.jpg\",\"articleSection\":[\"K\u0131br\u0131s\"],\"inLanguage\":\"tr\",\"potentialAction\":[{\"@type\":\"CommentAction\",\"name\":\"Comment\",\"target\":[\"https:\\\/\\\/kibrisdakik.com\\\/?p=55879#respond\"]}]},{\"@type\":\"WebPage\",\"@id\":\"https:\\\/\\\/kibrisdakik.com\\\/?p=55879\",\"url\":\"https:\\\/\\\/kibrisdakik.com\\\/?p=55879\",\"name\":\"Ta\u00e7oy: \u201cUBP\u2019nin herkesi kucaklayan g\u00fc\u00e7l\u00fc bir idareye ihtiyac\u0131 var\u201d -\",\"isPartOf\":{\"@id\":\"https:\\\/\\\/kibrisdakik.com\\\/#website\"},\"primaryImageOfPage\":{\"@id\":\"https:\\\/\\\/kibrisdakik.com\\\/?p=55879#primaryimage\"},\"image\":{\"@id\":\"https:\\\/\\\/kibrisdakik.com\\\/?p=55879#primaryimage\"},\"thumbnailUrl\":\"https:\\\/\\\/kibrisdakik.com\\\/wp-content\\\/uploads\\\/2024\\\/08\\\/hasan-tacoy-yaristan-cekilebilir-h98836-810031-706x420.jpg\",\"datePublished\":\"2024-08-21T11:17:12+00:00\",\"author\":{\"@id\":\"https:\\\/\\\/kibrisdakik.com\\\/#\\\/schema\\\/person\\\/9cd9d437bbb44f72b73ba127e06d8e79\"},\"breadcrumb\":{\"@id\":\"https:\\\/\\\/kibrisdakik.com\\\/?p=55879#breadcrumb\"},\"inLanguage\":\"tr\",\"potentialAction\":[{\"@type\":\"ReadAction\",\"target\":[\"https:\\\/\\\/kibrisdakik.com\\\/?p=55879\"]}]},{\"@type\":\"ImageObject\",\"inLanguage\":\"tr\",\"@id\":\"https:\\\/\\\/kibrisdakik.com\\\/?p=55879#primaryimage\",\"url\":\"https:\\\/\\\/kibrisdakik.com\\\/wp-content\\\/uploads\\\/2024\\\/08\\\/hasan-tacoy-yaristan-cekilebilir-h98836-810031-706x420.jpg\",\"contentUrl\":\"https:\\\/\\\/kibrisdakik.com\\\/wp-content\\\/uploads\\\/2024\\\/08\\\/hasan-tacoy-yaristan-cekilebilir-h98836-810031-706x420.jpg\",\"width\":706,\"height\":431},{\"@type\":\"BreadcrumbList\",\"@id\":\"https:\\\/\\\/kibrisdakik.com\\\/?p=55879#breadcrumb\",\"itemListElement\":[{\"@type\":\"ListItem\",\"position\":1,\"name\":\"Home\",\"item\":\"https:\\\/\\\/kibrisdakik.com\\\/\"},{\"@type\":\"ListItem\",\"position\":2,\"name\":\"Ta\u00e7oy: \u201cUBP\u2019nin herkesi kucaklayan g\u00fc\u00e7l\u00fc bir idareye ihtiyac\u0131 var\u201d\"}]},{\"@type\":\"WebSite\",\"@id\":\"https:\\\/\\\/kibrisdakik.com\\\/#website\",\"url\":\"https:\\\/\\\/kibrisdakik.com\\\/\",\"name\":\"\",\"description\":\"Tam vaktinde haber\",\"potentialAction\":[{\"@type\":\"SearchAction\",\"target\":{\"@type\":\"EntryPoint\",\"urlTemplate\":\"https:\\\/\\\/kibrisdakik.com\\\/?s={search_term_string}\"},\"query-input\":{\"@type\":\"PropertyValueSpecification\",\"valueRequired\":true,\"valueName\":\"search_term_string\"}}],\"inLanguage\":\"tr\"},{\"@type\":\"Person\",\"@id\":\"https:\\\/\\\/kibrisdakik.com\\\/#\\\/schema\\\/person\\\/9cd9d437bbb44f72b73ba127e06d8e79\",\"name\":\"admin\",\"image\":{\"@type\":\"ImageObject\",\"inLanguage\":\"tr\",\"@id\":\"https:\\\/\\\/secure.gravatar.com\\\/avatar\\\/ccc17943b9d660506c869530f897617f7cb1c21a4bf30023f252596d83e1f007?s=96&d=mm&r=g\",\"url\":\"https:\\\/\\\/secure.gravatar.com\\\/avatar\\\/ccc17943b9d660506c869530f897617f7cb1c21a4bf30023f252596d83e1f007?s=96&d=mm&r=g\",\"contentUrl\":\"https:\\\/\\\/secure.gravatar.com\\\/avatar\\\/ccc17943b9d660506c869530f897617f7cb1c21a4bf30023f252596d83e1f007?s=96&d=mm&r=g\",\"caption\":\"admin\"},\"sameAs\":[\"https:\\\/\\\/kibrisdakik.com\"],\"url\":\"https:\\\/\\\/kibrisdakik.com\\\/?author=1\"}]}<\/script>\n<!-- \/ Yoast SEO plugin. -->","yoast_head_json":{"title":"Ta\u00e7oy: \u201cUBP\u2019nin herkesi kucaklayan g\u00fc\u00e7l\u00fc bir idareye ihtiyac\u0131 var\u201d -","robots":{"index":"index","follow":"follow","max-snippet":"max-snippet:-1","max-image-preview":"max-image-preview:large","max-video-preview":"max-video-preview:-1"},"canonical":"https:\/\/kibrisdakik.com\/?p=55879","og_locale":"tr_TR","og_type":"article","og_title":"Ta\u00e7oy: \u201cUBP\u2019nin herkesi kucaklayan g\u00fc\u00e7l\u00fc bir idareye ihtiyac\u0131 var\u201d -","og_description":"Ulusal Birlik Partisi (UBP) Genel Ba\u015fkan aday\u0131 Hasan Ta\u00e7oy, k\u00f6t\u00fc gidi\u015fin d\u00fczelmesi i\u00e7in bir de\u011fi\u015fime ihtiya\u00e7 oldu\u011funu belirterek, UBP\u2019nin herkesi kucaklayan g\u00fc\u00e7l\u00fc bir idareye ihtiyac\u0131 oldu\u011funu kaydetti. Ofisinden verilen bilgiye g\u00f6re Ta\u00e7oy, K\u0131br\u0131s Postas\u0131 TV\u2019de Er\u00e7in \u015eahmaran\u2019\u0131n sorular\u0131n\u0131 yan\u0131tlad\u0131. Gen\u00e7li\u011finden beri UBP\u2019nin \u00e7e\u015fitli kademelerinde g\u00f6rev ald\u0131\u011f\u0131n\u0131 ifade eden Ta\u00e7oy, \u201c\u00c7ocuklar\u0131m bana zaman zaman, \u2018Bizden \u00e7ok","og_url":"https:\/\/kibrisdakik.com\/?p=55879","article_published_time":"2024-08-21T11:17:12+00:00","og_image":[{"width":706,"height":431,"url":"https:\/\/kibrisdakik.com\/wp-content\/uploads\/2024\/08\/hasan-tacoy-yaristan-cekilebilir-h98836-810031-706x420.jpg","type":"image\/jpeg"}],"author":"admin","twitter_card":"summary_large_image","twitter_misc":{"Yazan:":"admin","Tahmini okuma s\u00fcresi":"5 dakika"},"schema":{"@context":"https:\/\/schema.org","@graph":[{"@type":"Article","@id":"https:\/\/kibrisdakik.com\/?p=55879#article","isPartOf":{"@id":"https:\/\/kibrisdakik.com\/?p=55879"},"author":{"name":"admin","@id":"https:\/\/kibrisdakik.com\/#\/schema\/person\/9cd9d437bbb44f72b73ba127e06d8e79"},"headline":"Ta\u00e7oy: \u201cUBP\u2019nin herkesi kucaklayan g\u00fc\u00e7l\u00fc bir idareye ihtiyac\u0131 var\u201d","datePublished":"2024-08-21T11:17:12+00:00","mainEntityOfPage":{"@id":"https:\/\/kibrisdakik.com\/?p=55879"},"wordCount":919,"commentCount":0,"image":{"@id":"https:\/\/kibrisdakik.com\/?p=55879#primaryimage"},"thumbnailUrl":"https:\/\/kibrisdakik.com\/wp-content\/uploads\/2024\/08\/hasan-tacoy-yaristan-cekilebilir-h98836-810031-706x420.jpg","articleSection":["K\u0131br\u0131s"],"inLanguage":"tr","potentialAction":[{"@type":"CommentAction","name":"Comment","target":["https:\/\/kibrisdakik.com\/?p=55879#respond"]}]},{"@type":"WebPage","@id":"https:\/\/kibrisdakik.com\/?p=55879","url":"https:\/\/kibrisdakik.com\/?p=55879","name":"Ta\u00e7oy: \u201cUBP\u2019nin herkesi kucaklayan g\u00fc\u00e7l\u00fc bir idareye ihtiyac\u0131 var\u201d -","isPartOf":{"@id":"https:\/\/kibrisdakik.com\/#website"},"primaryImageOfPage":{"@id":"https:\/\/kibrisdakik.com\/?p=55879#primaryimage"},"image":{"@id":"https:\/\/kibrisdakik.com\/?p=55879#primaryimage"},"thumbnailUrl":"https:\/\/kibrisdakik.com\/wp-content\/uploads\/2024\/08\/hasan-tacoy-yaristan-cekilebilir-h98836-810031-706x420.jpg","datePublished":"2024-08-21T11:17:12+00:00","author":{"@id":"https:\/\/kibrisdakik.com\/#\/schema\/person\/9cd9d437bbb44f72b73ba127e06d8e79"},"breadcrumb":{"@id":"https:\/\/kibrisdakik.com\/?p=55879#breadcrumb"},"inLanguage":"tr","potentialAction":[{"@type":"ReadAction","target":["https:\/\/kibrisdakik.com\/?p=55879"]}]},{"@type":"ImageObject","inLanguage":"tr","@id":"https:\/\/kibrisdakik.com\/?p=55879#primaryimage","url":"https:\/\/kibrisdakik.com\/wp-content\/uploads\/2024\/08\/hasan-tacoy-yaristan-cekilebilir-h98836-810031-706x420.jpg","contentUrl":"https:\/\/kibrisdakik.com\/wp-content\/uploads\/2024\/08\/hasan-tacoy-yaristan-cekilebilir-h98836-810031-706x420.jpg","width":706,"height":431},{"@type":"BreadcrumbList","@id":"https:\/\/kibrisdakik.com\/?p=55879#breadcrumb","itemListElement":[{"@type":"ListItem","position":1,"name":"Home","item":"https:\/\/kibrisdakik.com\/"},{"@type":"ListItem","position":2,"name":"Ta\u00e7oy: \u201cUBP\u2019nin herkesi kucaklayan g\u00fc\u00e7l\u00fc bir idareye ihtiyac\u0131 var\u201d"}]},{"@type":"WebSite","@id":"https:\/\/kibrisdakik.com\/#website","url":"https:\/\/kibrisdakik.com\/","name":"","description":"Tam vaktinde haber","potentialAction":[{"@type":"SearchAction","target":{"@type":"EntryPoint","urlTemplate":"https:\/\/kibrisdakik.com\/?s={search_term_string}"},"query-input":{"@type":"PropertyValueSpecification","valueRequired":true,"valueName":"search_term_string"}}],"inLanguage":"tr"},{"@type":"Person","@id":"https:\/\/kibrisdakik.com\/#\/schema\/person\/9cd9d437bbb44f72b73ba127e06d8e79","name":"admin","image":{"@type":"ImageObject","inLanguage":"tr","@id":"https:\/\/secure.gravatar.com\/avatar\/ccc17943b9d660506c869530f897617f7cb1c21a4bf30023f252596d83e1f007?s=96&d=mm&r=g","url":"https:\/\/secure.gravatar.com\/avatar\/ccc17943b9d660506c869530f897617f7cb1c21a4bf30023f252596d83e1f007?s=96&d=mm&r=g","contentUrl":"https:\/\/secure.gravatar.com\/avatar\/ccc17943b9d660506c869530f897617f7cb1c21a4bf30023f252596d83e1f007?s=96&d=mm&r=g","caption":"admin"},"sameAs":["https:\/\/kibrisdakik.com"],"url":"https:\/\/kibrisdakik.com\/?author=1"}]}},"_links":{"self":[{"href":"https:\/\/kibrisdakik.com\/index.php?rest_route=\/wp\/v2\/posts\/55879","targetHints":{"allow":["GET"]}}],"collection":[{"href":"https:\/\/kibrisdakik.com\/index.php?rest_route=\/wp\/v2\/posts"}],"about":[{"href":"https:\/\/kibrisdakik.com\/index.php?rest_route=\/wp\/v2\/types\/post"}],"author":[{"embeddable":true,"href":"https:\/\/kibrisdakik.com\/index.php?rest_route=\/wp\/v2\/users\/1"}],"replies":[{"embeddable":true,"href":"https:\/\/kibrisdakik.com\/index.php?rest_route=%2Fwp%2Fv2%2Fcomments&post=55879"}],"version-history":[{"count":0,"href":"https:\/\/kibrisdakik.com\/index.php?rest_route=\/wp\/v2\/posts\/55879\/revisions"}],"wp:featuredmedia":[{"embeddable":true,"href":"https:\/\/kibrisdakik.com\/index.php?rest_route=\/wp\/v2\/media\/55880"}],"wp:attachment":[{"href":"https:\/\/kibrisdakik.com\/index.php?rest_route=%2Fwp%2Fv2%2Fmedia&parent=55879"}],"wp:term":[{"taxonomy":"category","embeddable":true,"href":"https:\/\/kibrisdakik.com\/index.php?rest_route=%2Fwp%2Fv2%2Fcategories&post=55879"},{"taxonomy":"post_tag","embeddable":true,"href":"https:\/\/kibrisdakik.com\/index.php?rest_route=%2Fwp%2Fv2%2Ftags&post=55879"}],"curies":[{"name":"wp","href":"https:\/\/api.w.org\/{rel}","templated":true}]}}