{"id":55894,"date":"2024-08-21T14:51:09","date_gmt":"2024-08-21T11:51:09","guid":{"rendered":"https:\/\/kibrisdakik.com\/index.php\/2024\/08\/21\/cumhurbaskani-tatar-bartinda-kibris-gazileri-ve-sehit-aileleri-ile-bir-araya-geldi\/"},"modified":"2024-08-21T14:51:09","modified_gmt":"2024-08-21T11:51:09","slug":"cumhurbaskani-tatar-bartinda-kibris-gazileri-ve-sehit-aileleri-ile-bir-araya-geldi","status":"publish","type":"post","link":"https:\/\/kibrisdakik.com\/?p=55894","title":{"rendered":"Cumhurba\u015fkan\u0131 Tatar, Bart\u0131n\u2019da K\u0131br\u0131s gazileri ve \u015fehit aileleri ile bir araya geldi"},"content":{"rendered":"<div>\n<div class=\"mariselle-image-container center\">\n                                            <\/div>\n<p>Cumhurba\u015fkan\u0131 Ersin Tatar, K\u0131br\u0131s T\u00fcrk\u00fc\u2019n\u00fcn, 20 Temmuz 1974\u2019te T\u00fcrkiye\u2019nin m\u00fcdahalesiyle ba\u011f\u0131ms\u0131zl\u0131\u011fa ve \u00f6zg\u00fcrl\u00fc\u011fe kavu\u015ftu\u011funu belirterek, gazilere minnetini sundu, \u015fehitleri rahmetle and\u0131.<\/p>\n<p>Cumhurba\u015fkanl\u0131\u011f\u0131\u2019ndan yap\u0131lan a\u00e7\u0131klamaya g\u00f6re Cumhurba\u015fkan\u0131 Tatar, Bart\u0131n\u2019da K\u0131br\u0131s gazileri ve \u015fehit aileleri ile bir araya geldi.<\/p>\n<p><strong>\u2013Tatar: \u201cDo\u011fu Akdeniz\u2019de T\u00fcrk D\u00fcnyas\u0131\u2019n\u0131n serhat bek\u00e7ili\u011fini yap\u0131yoruz\u201d<\/strong><\/p>\n<p>Cumhurba\u015fkan\u0131 Tatar burada yapt\u0131\u011f\u0131 konu\u015fmada, etkinlikte bulunan T\u00fcrkiye Adalet Bakan\u0131 Y\u0131lmaz Tun\u00e7\u2019a, 6 \u015eubat depreminde hayat\u0131n\u0131 kaybeden \u015eampiyon Meleklerin ailelerinin adalet aray\u0131\u015f\u0131na g\u00f6sterdi\u011fi ilgi ve duyarl\u0131l\u0131ktan dolay\u0131 te\u015fekk\u00fcr etti.<\/p>\n<div class=\"mariselle-image-container center\">\n                <img loading=\"lazy\" decoding=\"async\" width=\"2560\" height=\"1633\" class=\"lazy-image\" alt=\"\" sizes=\"auto, (max-width: 2560px) 100vw, 2560px\" src=\"https:\/\/brtk.net\/wp-content\/uploads\/2024\/08\/21\/tatar-bartin-sehit-aileleri-1--scaled.jpeg?ver=13ad1c4aebf6ba6437b961e201788ff4\" srcset=\"https:\/\/brtk.net\/wp-content\/uploads\/2024\/08\/21\/tatar-bartin-sehit-aileleri-1--scaled.jpeg?ver=13ad1c4aebf6ba6437b961e201788ff4 2560w, https:\/\/brtk.net\/wp-content\/uploads\/2024\/08\/21\/tatar-bartin-sehit-aileleri-1--300x191.jpeg?ver=13ad1c4aebf6ba6437b961e201788ff4 300w, https:\/\/brtk.net\/wp-content\/uploads\/2024\/08\/21\/tatar-bartin-sehit-aileleri-1--1024x653.jpeg?ver=99ff0ba6d2d10f0334bac5f1b203c2e6 1024w, https:\/\/brtk.net\/wp-content\/uploads\/2024\/08\/21\/tatar-bartin-sehit-aileleri-1--768x490.jpeg?ver=99ff0ba6d2d10f0334bac5f1b203c2e6 768w, https:\/\/brtk.net\/wp-content\/uploads\/2024\/08\/21\/tatar-bartin-sehit-aileleri-1--1536x980.jpeg?ver=64581812cd685890f766c4d4136a50cd 1536w, https:\/\/brtk.net\/wp-content\/uploads\/2024\/08\/21\/tatar-bartin-sehit-aileleri-1--2048x1306.jpeg?ver=5fa9091558a78736a49ef1555daf1124 2048w, https:\/\/brtk.net\/wp-content\/uploads\/2024\/08\/21\/tatar-bartin-sehit-aileleri-1--566x360.jpeg?ver=10a7417bb6c590b31da9b82958621d42 566w\"\/>                            <\/div>\n<p>T\u00fcrkiye Cumhurba\u015fkan\u0131 Recep Tayyip Erdo\u011fan\u2019\u0131n, K\u0131br\u0131s Bar\u0131\u015f Harekat\u0131\u2019n\u0131n 50\u2019nci y\u0131l d\u00f6n\u00fcm\u00fc etkinliklerine kalabal\u0131k bir heyetle gelerek, K\u0131br\u0131s T\u00fcrk halk\u0131n\u0131n yaln\u0131z olmad\u0131\u011f\u0131 mesaj\u0131n\u0131 verdi\u011fini kaydeden Tatar, Erdo\u011fan\u2019\u0131n, Anavatan T\u00fcrkiye h\u00fck\u00fcmetinin K\u0131br\u0131s T\u00fcrk halk\u0131n\u0131n hakl\u0131 davas\u0131nda yan\u0131nda olmaya devam edece\u011fini belirtti\u011fini ifade etti.<\/p>\n<p>T\u00fcrkiye Cumhuriyeti Avrupa Birli\u011fi\u2019nde olmad\u0131\u011f\u0131 i\u00e7in federal \u00e7\u00f6z\u00fcmde \u201cT\u00fcrkiye Cumhuriyeti\u2019nin adadan \u00e7ekilmesi, garant\u00f6rl\u00fc\u011f\u00fcn\u00fcn modas\u0131 ge\u00e7ti\u011fi i\u00e7in son bulmas\u0131 gerekti\u011fi\u201d gibi bir tak\u0131m tart\u0131\u015fmalar\u0131n art\u0131k geride kald\u0131\u011f\u0131n\u0131 anlatan Cumhurba\u015fkan\u0131 Tatar, \u015f\u00f6yle konu\u015ftu:<\/p>\n<p>\u201cYeni milli siyasette egemen e\u015fitli\u011fimizin ve e\u015fit uluslararas\u0131 stat\u00fcm\u00fcz\u00fcn teyidiyle ancak bir m\u00fczakere s\u00fcrecinin tekrar ba\u015flayabilece\u011fini Say\u0131n Cumhurba\u015fkan\u0131 Recep Tayyip Erdo\u011fan, T\u00fcrkiye Cumhuriyeti ad\u0131na yine 20 Temmuz g\u00fcn\u00fc bizlerle payla\u015fm\u0131\u015ft\u0131r ve y\u00fcreklerimize su serpmi\u015ftir. Kendisine buradan bir kez daha te\u015fekk\u00fcrlerimi sunuyorum.\u201d<\/p>\n<p>T\u00fcrkiye Cumhuriyeti\u2019nin, hep mazlumlar\u0131n yan\u0131nda oldu\u011funu s\u00f6yleyen Cumhurba\u015fkan\u0131 Tatar, \u201cD\u00fcnya be\u015ften b\u00fcy\u00fckt\u00fcr, daha adil bir d\u00fcnya m\u00fcmk\u00fcnd\u00fcr\u201d s\u00f6z\u00fcn\u00fcn \u00e7ok anlaml\u0131 bir s\u00f6ylem oldu\u011funun vurgulad\u0131.<\/p>\n<p>K\u0131br\u0131s T\u00fcrk\u00fc\u2019n\u00fcn, 20 Temmuz 1974\u2019te T\u00fcrkiye\u2019nin m\u00fcdahalesiyle ba\u011f\u0131ms\u0131zl\u0131\u011fa ve \u00f6zg\u00fcrl\u00fc\u011fe kavu\u015ftu\u011funa i\u015faret eden Cumhurba\u015fkan\u0131 Tatar, gelinen noktada Do\u011fu Akdeniz\u2019de jeostratejik, jeopolitik geli\u015fmelerle K\u0131br\u0131s\u2019\u0131n eski K\u0131br\u0131s olmad\u0131\u011f\u0131n\u0131, Akdeniz\u2019in eski Akdeniz olmad\u0131\u011f\u0131n\u0131 kaydetti.<\/p>\n<p>D\u00fcnya \u00fclkelerinin jeostratejik avantajlar\u0131 u\u011fruna G\u00fcney K\u0131br\u0131s\u2019\u0131n lojistik \u00fcs haline geldi\u011fini ifade eden Tatar, farkl\u0131 \u00fclkelerin gemileriyle Gazze\u2019ye, Filistin\u2019e ya da ba\u015fka yerlere m\u00fcdahale edilmesine garant\u00f6r \u00fclke T\u00fcrkiye Cumhuriyeti\u2019nin seyirci kalmayaca\u011f\u0131n\u0131 vurgulad\u0131.<\/p>\n<p>Kuzey K\u0131br\u0131s T\u00fcrk Cumhuriyeti\u2019nin t\u00fcm bu geli\u015fmeler \u0131\u015f\u0131\u011f\u0131nda daha da \u00f6nem kazand\u0131\u011f\u0131n\u0131, stat\u00fcs\u00fcn\u00fcn y\u00fckseldi\u011fini kaydeden Cumhurba\u015fkan\u0131 Tatar, Kuzey K\u0131br\u0131s T\u00fcrk Cumhuriyeti\u2019nin T\u00fcrkiye Cumhuriyeti\u2019yle birlikte Do\u011fu Akdeniz\u2019de, milli birlik, ulusal \u00e7\u0131kar ve menfaatler i\u00e7in Mavi Vatan\u2019da ve hava sahas\u0131nda fevkalade \u00f6nemli bir noktaya geldi\u011fini dile getirdi.<\/p>\n<p>Gazilerin, milli de\u011ferlere sahip \u00e7\u0131kmak i\u00e7in ecdattan gelen sorumlulukla 50 y\u0131l \u00f6nce cesaretle, canlar\u0131n\u0131 siper ederek, K\u0131br\u0131s Bar\u0131\u015f Harekat\u0131\u2019na kat\u0131ld\u0131\u011f\u0131n\u0131 ifade eden Cumhurba\u015fkan\u0131 Tatar, gazilere minnetini sundu, \u015fehitleri rahmetle and\u0131.<\/p>\n<div class=\"mariselle-image-container center\">\n                <img loading=\"lazy\" decoding=\"async\" width=\"2560\" height=\"1701\" class=\"lazy-image\" alt=\"\" sizes=\"auto, (max-width: 2560px) 100vw, 2560px\" src=\"https:\/\/brtk.net\/wp-content\/uploads\/2024\/08\/21\/tatar-bartin-sehit-aileleri-3--scaled.jpg?ver=b950d42ed94b6dea39f6cb1c08ed3a1e\" srcset=\"https:\/\/brtk.net\/wp-content\/uploads\/2024\/08\/21\/tatar-bartin-sehit-aileleri-3--scaled.jpg?ver=b950d42ed94b6dea39f6cb1c08ed3a1e 2560w, https:\/\/brtk.net\/wp-content\/uploads\/2024\/08\/21\/tatar-bartin-sehit-aileleri-3--300x199.jpg?ver=b950d42ed94b6dea39f6cb1c08ed3a1e 300w, https:\/\/brtk.net\/wp-content\/uploads\/2024\/08\/21\/tatar-bartin-sehit-aileleri-3--1024x680.jpg?ver=3a85eb121d49ad578aa73f3bc8b4367d 1024w, https:\/\/brtk.net\/wp-content\/uploads\/2024\/08\/21\/tatar-bartin-sehit-aileleri-3--768x510.jpg?ver=3a85eb121d49ad578aa73f3bc8b4367d 768w, https:\/\/brtk.net\/wp-content\/uploads\/2024\/08\/21\/tatar-bartin-sehit-aileleri-3--1536x1020.jpg?ver=59c248a52d300f34fdc1af59159c5068 1536w, https:\/\/brtk.net\/wp-content\/uploads\/2024\/08\/21\/tatar-bartin-sehit-aileleri-3--2048x1361.jpg?ver=dc81fe2085678c990b40122670792f35 2048w\"\/>                            <\/div>\n<p>T\u00fcrkiye ile Kuzey K\u0131br\u0131s T\u00fcrk Cumhuriyeti aras\u0131ndaki ba\u011flar\u0131n ve ileti\u015fimin geli\u015fmesi gerekti\u011fini dile getiren Cumhurba\u015fkan\u0131 Tatar, yap\u0131lacak i\u015f birliklerinin \u00f6nemine vurgu yapt\u0131.<\/p>\n<p>Mustafa Kemal Atat\u00fcrk\u2019\u00fcn dedi\u011fi gibi askeri ba\u015far\u0131lar\u0131n ekonomik ba\u015far\u0131larla ta\u00e7land\u0131r\u0131lmas\u0131 gerekti\u011fini vurgulayan Cumhurba\u015fkan\u0131 Tatar, Kuzey K\u0131br\u0131s T\u00fcrk Cumhuriyeti\u2019nin kalk\u0131nmas\u0131 ve geli\u015fmesine y\u00f6nelik \u00e7al\u0131\u015fmalar\u0131n \u00f6nemini belirtti.<\/p>\n<p>T\u00fcrk Devletleri Te\u015fkilat\u0131\u2019nda, Kuzey K\u0131br\u0131s T\u00fcrk Cumhuriyeti\u2019nin yer ald\u0131\u011f\u0131n\u0131 aktaran Cumhurba\u015fkan\u0131 Tatar, Do\u011fu Akdeniz\u2019de T\u00fcrk D\u00fcnyas\u0131\u2019n\u0131n serhat bek\u00e7ili\u011fini yapt\u0131klar\u0131n\u0131 kaydetti.<\/p>\n<p><strong>-Tun\u00e7: \u201cDavan\u0131n yak\u0131n takip\u00e7isiyiz\u201d<\/strong><\/p>\n<p>T\u00fcrkiye Adalet Bakan\u0131 Y\u0131lmaz Tun\u00e7 ise konu\u015fmas\u0131nda, 6 \u015eubat 2023\u2019te meydana gelen Kahramanmara\u015f merkezli depremlerde, tarihin en b\u00fcy\u00fck afetlerinden birinin ya\u015fand\u0131\u011f\u0131n\u0131 belirterek, depremin ilk an\u0131ndan itibaren sorumlularla, adli s\u00fcre\u00e7leri ba\u015flatt\u0131klar\u0131n\u0131 ve bunu hassasiyetle s\u00fcrd\u00fcrd\u00fcklerini s\u00f6yledi.<\/p>\n<p>Deprem an\u0131nda T\u00fcrkiye\u2019de bulunan \u015eampiyon Melekleri, Ad\u0131yaman\u2019da kaybettiklerini ve b\u00fcy\u00fck bir ac\u0131 ya\u015fad\u0131klar\u0131n\u0131 anlatan Bakan Tun\u00e7, \u201c\u015eu anda devam eden bir yarg\u0131lama s\u00fcreci var. Bu yarg\u0131lama s\u00fcrecini de yak\u0131ndan takip ediyoruz. Sorumlular elbette hak ettikleri cezaya \u00e7arpt\u0131r\u0131lacak. Bundan hi\u00e7 kimsenin, \u00f6zellikle \u015eampiyon Meleklerimizin ailelerinin hi\u00e7 \u015f\u00fcphesi olmas\u0131n. Biz, davan\u0131n yak\u0131ndan takip\u00e7isiyiz\u201d dedi.<\/p>\n<\/p><\/div>\n<p><script async\n                    defer\n                    crossorigin=\"anonymous\"\n                    src=\"https:\/\/connect.facebook.net\/tr_TR\/sdk.js#xfbml=1&#038;version=v3.3\"\n            ><\/script><\/p>\n","protected":false},"excerpt":{"rendered":"<p>Cumhurba\u015fkan\u0131 Ersin Tatar, K\u0131br\u0131s T\u00fcrk\u00fc\u2019n\u00fcn, 20 Temmuz 1974\u2019te T\u00fcrkiye\u2019nin m\u00fcdahalesiyle ba\u011f\u0131ms\u0131zl\u0131\u011fa ve \u00f6zg\u00fcrl\u00fc\u011fe kavu\u015ftu\u011funu belirterek, gazilere minnetini sundu, \u015fehitleri rahmetle and\u0131. Cumhurba\u015fkanl\u0131\u011f\u0131\u2019ndan yap\u0131lan a\u00e7\u0131klamaya g\u00f6re Cumhurba\u015fkan\u0131 Tatar, Bart\u0131n\u2019da K\u0131br\u0131s gazileri ve \u015fehit aileleri ile bir araya geldi. \u2013Tatar: \u201cDo\u011fu Akdeniz\u2019de T\u00fcrk D\u00fcnyas\u0131\u2019n\u0131n serhat bek\u00e7ili\u011fini yap\u0131yoruz\u201d Cumhurba\u015fkan\u0131 Tatar burada yapt\u0131\u011f\u0131 konu\u015fmada, etkinlikte bulunan T\u00fcrkiye Adalet Bakan\u0131<\/p>\n","protected":false},"author":1,"featured_media":55895,"comment_status":"open","ping_status":"open","sticky":false,"template":"","format":"standard","meta":{"footnotes":""},"categories":[81],"tags":[],"class_list":["post-55894","post","type-post","status-publish","format-standard","has-post-thumbnail","hentry","category-kibris"],"yoast_head":"<!-- This site is optimized with the Yoast SEO plugin v27.4 - https:\/\/yoast.com\/product\/yoast-seo-wordpress\/ -->\n<title>Cumhurba\u015fkan\u0131 Tatar, Bart\u0131n\u2019da K\u0131br\u0131s gazileri ve \u015fehit aileleri ile bir araya geldi -<\/title>\n<meta name=\"robots\" content=\"index, follow, max-snippet:-1, max-image-preview:large, max-video-preview:-1\" \/>\n<link rel=\"canonical\" href=\"https:\/\/kibrisdakik.com\/?p=55894\" \/>\n<meta property=\"og:locale\" content=\"tr_TR\" \/>\n<meta property=\"og:type\" content=\"article\" \/>\n<meta property=\"og:title\" content=\"Cumhurba\u015fkan\u0131 Tatar, Bart\u0131n\u2019da K\u0131br\u0131s gazileri ve \u015fehit aileleri ile bir araya geldi -\" \/>\n<meta property=\"og:description\" content=\"Cumhurba\u015fkan\u0131 Ersin Tatar, K\u0131br\u0131s T\u00fcrk\u00fc\u2019n\u00fcn, 20 Temmuz 1974\u2019te T\u00fcrkiye\u2019nin m\u00fcdahalesiyle ba\u011f\u0131ms\u0131zl\u0131\u011fa ve \u00f6zg\u00fcrl\u00fc\u011fe kavu\u015ftu\u011funu belirterek, gazilere minnetini sundu, \u015fehitleri rahmetle and\u0131. Cumhurba\u015fkanl\u0131\u011f\u0131\u2019ndan yap\u0131lan a\u00e7\u0131klamaya g\u00f6re Cumhurba\u015fkan\u0131 Tatar, Bart\u0131n\u2019da K\u0131br\u0131s gazileri ve \u015fehit aileleri ile bir araya geldi. \u2013Tatar: \u201cDo\u011fu Akdeniz\u2019de T\u00fcrk D\u00fcnyas\u0131\u2019n\u0131n serhat bek\u00e7ili\u011fini yap\u0131yoruz\u201d Cumhurba\u015fkan\u0131 Tatar burada yapt\u0131\u011f\u0131 konu\u015fmada, etkinlikte bulunan T\u00fcrkiye Adalet Bakan\u0131\" \/>\n<meta property=\"og:url\" content=\"https:\/\/kibrisdakik.com\/?p=55894\" \/>\n<meta property=\"article:published_time\" content=\"2024-08-21T11:51:09+00:00\" \/>\n<meta property=\"og:image\" content=\"https:\/\/kibrisdakik.com\/wp-content\/uploads\/2024\/08\/tatar-bartin-sehit-aileleri-7-scaled-740x420.jpg\" \/>\n\t<meta property=\"og:image:width\" content=\"2560\" \/>\n\t<meta property=\"og:image:height\" content=\"1707\" \/>\n\t<meta property=\"og:image:type\" content=\"image\/jpeg\" \/>\n<meta name=\"author\" content=\"admin\" \/>\n<meta name=\"twitter:card\" content=\"summary_large_image\" \/>\n<meta name=\"twitter:label1\" content=\"Yazan:\" \/>\n\t<meta name=\"twitter:data1\" content=\"admin\" \/>\n\t<meta name=\"twitter:label2\" content=\"Tahmini okuma s\u00fcresi\" \/>\n\t<meta name=\"twitter:data2\" content=\"4 dakika\" \/>\n<script type=\"application\/ld+json\" class=\"yoast-schema-graph\">{\"@context\":\"https:\\\/\\\/schema.org\",\"@graph\":[{\"@type\":\"Article\",\"@id\":\"https:\\\/\\\/kibrisdakik.com\\\/?p=55894#article\",\"isPartOf\":{\"@id\":\"https:\\\/\\\/kibrisdakik.com\\\/?p=55894\"},\"author\":{\"name\":\"admin\",\"@id\":\"https:\\\/\\\/kibrisdakik.com\\\/#\\\/schema\\\/person\\\/9cd9d437bbb44f72b73ba127e06d8e79\"},\"headline\":\"Cumhurba\u015fkan\u0131 Tatar, Bart\u0131n\u2019da K\u0131br\u0131s gazileri ve \u015fehit aileleri ile bir araya geldi\",\"datePublished\":\"2024-08-21T11:51:09+00:00\",\"mainEntityOfPage\":{\"@id\":\"https:\\\/\\\/kibrisdakik.com\\\/?p=55894\"},\"wordCount\":838,\"commentCount\":0,\"image\":{\"@id\":\"https:\\\/\\\/kibrisdakik.com\\\/?p=55894#primaryimage\"},\"thumbnailUrl\":\"https:\\\/\\\/kibrisdakik.com\\\/wp-content\\\/uploads\\\/2024\\\/08\\\/tatar-bartin-sehit-aileleri-7-scaled-740x420.jpg\",\"articleSection\":[\"K\u0131br\u0131s\"],\"inLanguage\":\"tr\",\"potentialAction\":[{\"@type\":\"CommentAction\",\"name\":\"Comment\",\"target\":[\"https:\\\/\\\/kibrisdakik.com\\\/?p=55894#respond\"]}]},{\"@type\":\"WebPage\",\"@id\":\"https:\\\/\\\/kibrisdakik.com\\\/?p=55894\",\"url\":\"https:\\\/\\\/kibrisdakik.com\\\/?p=55894\",\"name\":\"Cumhurba\u015fkan\u0131 Tatar, Bart\u0131n\u2019da K\u0131br\u0131s gazileri ve \u015fehit aileleri ile bir araya geldi -\",\"isPartOf\":{\"@id\":\"https:\\\/\\\/kibrisdakik.com\\\/#website\"},\"primaryImageOfPage\":{\"@id\":\"https:\\\/\\\/kibrisdakik.com\\\/?p=55894#primaryimage\"},\"image\":{\"@id\":\"https:\\\/\\\/kibrisdakik.com\\\/?p=55894#primaryimage\"},\"thumbnailUrl\":\"https:\\\/\\\/kibrisdakik.com\\\/wp-content\\\/uploads\\\/2024\\\/08\\\/tatar-bartin-sehit-aileleri-7-scaled-740x420.jpg\",\"datePublished\":\"2024-08-21T11:51:09+00:00\",\"author\":{\"@id\":\"https:\\\/\\\/kibrisdakik.com\\\/#\\\/schema\\\/person\\\/9cd9d437bbb44f72b73ba127e06d8e79\"},\"breadcrumb\":{\"@id\":\"https:\\\/\\\/kibrisdakik.com\\\/?p=55894#breadcrumb\"},\"inLanguage\":\"tr\",\"potentialAction\":[{\"@type\":\"ReadAction\",\"target\":[\"https:\\\/\\\/kibrisdakik.com\\\/?p=55894\"]}]},{\"@type\":\"ImageObject\",\"inLanguage\":\"tr\",\"@id\":\"https:\\\/\\\/kibrisdakik.com\\\/?p=55894#primaryimage\",\"url\":\"https:\\\/\\\/kibrisdakik.com\\\/wp-content\\\/uploads\\\/2024\\\/08\\\/tatar-bartin-sehit-aileleri-7-scaled-740x420.jpg\",\"contentUrl\":\"https:\\\/\\\/kibrisdakik.com\\\/wp-content\\\/uploads\\\/2024\\\/08\\\/tatar-bartin-sehit-aileleri-7-scaled-740x420.jpg\",\"width\":2560,\"height\":1707},{\"@type\":\"BreadcrumbList\",\"@id\":\"https:\\\/\\\/kibrisdakik.com\\\/?p=55894#breadcrumb\",\"itemListElement\":[{\"@type\":\"ListItem\",\"position\":1,\"name\":\"Home\",\"item\":\"https:\\\/\\\/kibrisdakik.com\\\/\"},{\"@type\":\"ListItem\",\"position\":2,\"name\":\"Cumhurba\u015fkan\u0131 Tatar, Bart\u0131n\u2019da K\u0131br\u0131s gazileri ve \u015fehit aileleri ile bir araya geldi\"}]},{\"@type\":\"WebSite\",\"@id\":\"https:\\\/\\\/kibrisdakik.com\\\/#website\",\"url\":\"https:\\\/\\\/kibrisdakik.com\\\/\",\"name\":\"\",\"description\":\"Tam vaktinde haber\",\"potentialAction\":[{\"@type\":\"SearchAction\",\"target\":{\"@type\":\"EntryPoint\",\"urlTemplate\":\"https:\\\/\\\/kibrisdakik.com\\\/?s={search_term_string}\"},\"query-input\":{\"@type\":\"PropertyValueSpecification\",\"valueRequired\":true,\"valueName\":\"search_term_string\"}}],\"inLanguage\":\"tr\"},{\"@type\":\"Person\",\"@id\":\"https:\\\/\\\/kibrisdakik.com\\\/#\\\/schema\\\/person\\\/9cd9d437bbb44f72b73ba127e06d8e79\",\"name\":\"admin\",\"image\":{\"@type\":\"ImageObject\",\"inLanguage\":\"tr\",\"@id\":\"https:\\\/\\\/secure.gravatar.com\\\/avatar\\\/ccc17943b9d660506c869530f897617f7cb1c21a4bf30023f252596d83e1f007?s=96&d=mm&r=g\",\"url\":\"https:\\\/\\\/secure.gravatar.com\\\/avatar\\\/ccc17943b9d660506c869530f897617f7cb1c21a4bf30023f252596d83e1f007?s=96&d=mm&r=g\",\"contentUrl\":\"https:\\\/\\\/secure.gravatar.com\\\/avatar\\\/ccc17943b9d660506c869530f897617f7cb1c21a4bf30023f252596d83e1f007?s=96&d=mm&r=g\",\"caption\":\"admin\"},\"sameAs\":[\"https:\\\/\\\/kibrisdakik.com\"],\"url\":\"https:\\\/\\\/kibrisdakik.com\\\/?author=1\"}]}<\/script>\n<!-- \/ Yoast SEO plugin. -->","yoast_head_json":{"title":"Cumhurba\u015fkan\u0131 Tatar, Bart\u0131n\u2019da K\u0131br\u0131s gazileri ve \u015fehit aileleri ile bir araya geldi -","robots":{"index":"index","follow":"follow","max-snippet":"max-snippet:-1","max-image-preview":"max-image-preview:large","max-video-preview":"max-video-preview:-1"},"canonical":"https:\/\/kibrisdakik.com\/?p=55894","og_locale":"tr_TR","og_type":"article","og_title":"Cumhurba\u015fkan\u0131 Tatar, Bart\u0131n\u2019da K\u0131br\u0131s gazileri ve \u015fehit aileleri ile bir araya geldi -","og_description":"Cumhurba\u015fkan\u0131 Ersin Tatar, K\u0131br\u0131s T\u00fcrk\u00fc\u2019n\u00fcn, 20 Temmuz 1974\u2019te T\u00fcrkiye\u2019nin m\u00fcdahalesiyle ba\u011f\u0131ms\u0131zl\u0131\u011fa ve \u00f6zg\u00fcrl\u00fc\u011fe kavu\u015ftu\u011funu belirterek, gazilere minnetini sundu, \u015fehitleri rahmetle and\u0131. Cumhurba\u015fkanl\u0131\u011f\u0131\u2019ndan yap\u0131lan a\u00e7\u0131klamaya g\u00f6re Cumhurba\u015fkan\u0131 Tatar, Bart\u0131n\u2019da K\u0131br\u0131s gazileri ve \u015fehit aileleri ile bir araya geldi. \u2013Tatar: \u201cDo\u011fu Akdeniz\u2019de T\u00fcrk D\u00fcnyas\u0131\u2019n\u0131n serhat bek\u00e7ili\u011fini yap\u0131yoruz\u201d Cumhurba\u015fkan\u0131 Tatar burada yapt\u0131\u011f\u0131 konu\u015fmada, etkinlikte bulunan T\u00fcrkiye Adalet Bakan\u0131","og_url":"https:\/\/kibrisdakik.com\/?p=55894","article_published_time":"2024-08-21T11:51:09+00:00","og_image":[{"width":2560,"height":1707,"url":"https:\/\/kibrisdakik.com\/wp-content\/uploads\/2024\/08\/tatar-bartin-sehit-aileleri-7-scaled-740x420.jpg","type":"image\/jpeg"}],"author":"admin","twitter_card":"summary_large_image","twitter_misc":{"Yazan:":"admin","Tahmini okuma s\u00fcresi":"4 dakika"},"schema":{"@context":"https:\/\/schema.org","@graph":[{"@type":"Article","@id":"https:\/\/kibrisdakik.com\/?p=55894#article","isPartOf":{"@id":"https:\/\/kibrisdakik.com\/?p=55894"},"author":{"name":"admin","@id":"https:\/\/kibrisdakik.com\/#\/schema\/person\/9cd9d437bbb44f72b73ba127e06d8e79"},"headline":"Cumhurba\u015fkan\u0131 Tatar, Bart\u0131n\u2019da K\u0131br\u0131s gazileri ve \u015fehit aileleri ile bir araya geldi","datePublished":"2024-08-21T11:51:09+00:00","mainEntityOfPage":{"@id":"https:\/\/kibrisdakik.com\/?p=55894"},"wordCount":838,"commentCount":0,"image":{"@id":"https:\/\/kibrisdakik.com\/?p=55894#primaryimage"},"thumbnailUrl":"https:\/\/kibrisdakik.com\/wp-content\/uploads\/2024\/08\/tatar-bartin-sehit-aileleri-7-scaled-740x420.jpg","articleSection":["K\u0131br\u0131s"],"inLanguage":"tr","potentialAction":[{"@type":"CommentAction","name":"Comment","target":["https:\/\/kibrisdakik.com\/?p=55894#respond"]}]},{"@type":"WebPage","@id":"https:\/\/kibrisdakik.com\/?p=55894","url":"https:\/\/kibrisdakik.com\/?p=55894","name":"Cumhurba\u015fkan\u0131 Tatar, Bart\u0131n\u2019da K\u0131br\u0131s gazileri ve \u015fehit aileleri ile bir araya geldi -","isPartOf":{"@id":"https:\/\/kibrisdakik.com\/#website"},"primaryImageOfPage":{"@id":"https:\/\/kibrisdakik.com\/?p=55894#primaryimage"},"image":{"@id":"https:\/\/kibrisdakik.com\/?p=55894#primaryimage"},"thumbnailUrl":"https:\/\/kibrisdakik.com\/wp-content\/uploads\/2024\/08\/tatar-bartin-sehit-aileleri-7-scaled-740x420.jpg","datePublished":"2024-08-21T11:51:09+00:00","author":{"@id":"https:\/\/kibrisdakik.com\/#\/schema\/person\/9cd9d437bbb44f72b73ba127e06d8e79"},"breadcrumb":{"@id":"https:\/\/kibrisdakik.com\/?p=55894#breadcrumb"},"inLanguage":"tr","potentialAction":[{"@type":"ReadAction","target":["https:\/\/kibrisdakik.com\/?p=55894"]}]},{"@type":"ImageObject","inLanguage":"tr","@id":"https:\/\/kibrisdakik.com\/?p=55894#primaryimage","url":"https:\/\/kibrisdakik.com\/wp-content\/uploads\/2024\/08\/tatar-bartin-sehit-aileleri-7-scaled-740x420.jpg","contentUrl":"https:\/\/kibrisdakik.com\/wp-content\/uploads\/2024\/08\/tatar-bartin-sehit-aileleri-7-scaled-740x420.jpg","width":2560,"height":1707},{"@type":"BreadcrumbList","@id":"https:\/\/kibrisdakik.com\/?p=55894#breadcrumb","itemListElement":[{"@type":"ListItem","position":1,"name":"Home","item":"https:\/\/kibrisdakik.com\/"},{"@type":"ListItem","position":2,"name":"Cumhurba\u015fkan\u0131 Tatar, Bart\u0131n\u2019da K\u0131br\u0131s gazileri ve \u015fehit aileleri ile bir araya geldi"}]},{"@type":"WebSite","@id":"https:\/\/kibrisdakik.com\/#website","url":"https:\/\/kibrisdakik.com\/","name":"","description":"Tam vaktinde haber","potentialAction":[{"@type":"SearchAction","target":{"@type":"EntryPoint","urlTemplate":"https:\/\/kibrisdakik.com\/?s={search_term_string}"},"query-input":{"@type":"PropertyValueSpecification","valueRequired":true,"valueName":"search_term_string"}}],"inLanguage":"tr"},{"@type":"Person","@id":"https:\/\/kibrisdakik.com\/#\/schema\/person\/9cd9d437bbb44f72b73ba127e06d8e79","name":"admin","image":{"@type":"ImageObject","inLanguage":"tr","@id":"https:\/\/secure.gravatar.com\/avatar\/ccc17943b9d660506c869530f897617f7cb1c21a4bf30023f252596d83e1f007?s=96&d=mm&r=g","url":"https:\/\/secure.gravatar.com\/avatar\/ccc17943b9d660506c869530f897617f7cb1c21a4bf30023f252596d83e1f007?s=96&d=mm&r=g","contentUrl":"https:\/\/secure.gravatar.com\/avatar\/ccc17943b9d660506c869530f897617f7cb1c21a4bf30023f252596d83e1f007?s=96&d=mm&r=g","caption":"admin"},"sameAs":["https:\/\/kibrisdakik.com"],"url":"https:\/\/kibrisdakik.com\/?author=1"}]}},"_links":{"self":[{"href":"https:\/\/kibrisdakik.com\/index.php?rest_route=\/wp\/v2\/posts\/55894","targetHints":{"allow":["GET"]}}],"collection":[{"href":"https:\/\/kibrisdakik.com\/index.php?rest_route=\/wp\/v2\/posts"}],"about":[{"href":"https:\/\/kibrisdakik.com\/index.php?rest_route=\/wp\/v2\/types\/post"}],"author":[{"embeddable":true,"href":"https:\/\/kibrisdakik.com\/index.php?rest_route=\/wp\/v2\/users\/1"}],"replies":[{"embeddable":true,"href":"https:\/\/kibrisdakik.com\/index.php?rest_route=%2Fwp%2Fv2%2Fcomments&post=55894"}],"version-history":[{"count":0,"href":"https:\/\/kibrisdakik.com\/index.php?rest_route=\/wp\/v2\/posts\/55894\/revisions"}],"wp:featuredmedia":[{"embeddable":true,"href":"https:\/\/kibrisdakik.com\/index.php?rest_route=\/wp\/v2\/media\/55895"}],"wp:attachment":[{"href":"https:\/\/kibrisdakik.com\/index.php?rest_route=%2Fwp%2Fv2%2Fmedia&parent=55894"}],"wp:term":[{"taxonomy":"category","embeddable":true,"href":"https:\/\/kibrisdakik.com\/index.php?rest_route=%2Fwp%2Fv2%2Fcategories&post=55894"},{"taxonomy":"post_tag","embeddable":true,"href":"https:\/\/kibrisdakik.com\/index.php?rest_route=%2Fwp%2Fv2%2Ftags&post=55894"}],"curies":[{"name":"wp","href":"https:\/\/api.w.org\/{rel}","templated":true}]}}