{"id":55906,"date":"2024-08-21T15:19:25","date_gmt":"2024-08-21T12:19:25","guid":{"rendered":"https:\/\/kibrisdakik.com\/index.php\/2024\/08\/21\/fenerbahce-mi-galatasaray-mi-ilkay-gundoganin-yeni-adresi-belli-oldu\/"},"modified":"2024-08-21T15:19:25","modified_gmt":"2024-08-21T12:19:25","slug":"fenerbahce-mi-galatasaray-mi-ilkay-gundoganin-yeni-adresi-belli-oldu","status":"publish","type":"post","link":"https:\/\/kibrisdakik.com\/?p=55906","title":{"rendered":"Fenerbah\u00e7e mi Galatasaray m\u0131? \u0130lkay G\u00fcndo\u011fan&#8217;\u0131n yeni adresi belli oldu"},"content":{"rendered":"<p><img decoding=\"async\" src=\"https:\/\/foto.haberler.com\/haber\/2024\/08\/21\/fenerbahce-mi-galatasaray-mi-ilkay-gundogan-in-17741929_8632_amp.jpg\" \/><\/p>\n<div id=\"\">\n<p>\u0130ngiltere Premier Lig tak\u0131mlar\u0131ndan Manchester City, eski futbolcusu  <a class=\"keyword\" href=\"https:\/\/www.haberler.com\/ilkay-gundogan\/\" title=\"\u0130lkay G\u00fcndo\u011fan Haberleri, \u0130lkay G\u00fcndo\u011fan Haberi, \u0130lkay G\u00fcndo\u011fan Haber\"><strong>\u0130lkay G\u00fcndo\u011fan<\/strong><\/a>&#8216;\u0131 yeniden kadrosuna kat\u0131yor. Tecr\u00fcbeli futbolcu Manchester City ile 1 y\u0131l\u0131 opsiyonlu 2 y\u0131ll\u0131k s\u00f6zle\u015fme imzalayacak.<\/p>\n<p> <a class=\"keyword\" href=\"https:\/\/www.haberler.com\/ilkay-gundogan\/\" title=\"\u0130lkay G\u00fcndo\u011fan Haberleri, \u0130lkay G\u00fcndo\u011fan Haberi, \u0130lkay G\u00fcndo\u011fan Haber\"><strong>\u0130lkay G\u00fcndo\u011fan<\/strong><\/a>, yeniden Manchester City formas\u0131 giymeye haz\u0131rlan\u0131yor.<\/p>\n<p>Athletic&#8217;te yer alan haberde Manchester City ve \u0130lkay G\u00fcndo\u011fan s\u00f6zle\u015fme \u015fartlar\u0131nda anla\u015fma sa\u011flad\u0131\u011f\u0131, \u0130lkay&#8217;\u0131n Manchester City ile 1 y\u0131l\u0131 opsiyonlu 2 y\u0131ll\u0131k s\u00f6zle\u015fme imzalayaca\u011f\u0131 ifade edildi.<\/p>\n<p>S\u00d6ZLE\u015eMES\u0130 FESHED\u0130LECEK<\/p>\n<p>Barcelona&#8217;n\u0131n \u0130lkay G\u00fcndo\u011fan&#8217;\u0131n s\u00f6zle\u015fmesini feshedece\u011fi ve tecr\u00fcbeli futbolcunun iki y\u0131ll\u0131k alaca\u011f\u0131ndan vazge\u00e7ece\u011fi kaydedildi.<\/p>\n<p>\u0130lkay&#8217;\u0131n s\u00f6zle\u015fmesinindeki \u00fc\u00e7\u00fcnc\u00fc y\u0131l\u0131n ge\u00e7ti\u011fimiz sezonki ma\u00e7lar\u0131n y\u00fczde 60&#8217;\u0131ndan fazlas\u0131nda oynad\u0131\u011f\u0131 i\u00e7in aktif hale geldi\u011fi aktar\u0131ld\u0131.<\/p>\n<p>1 YIL SONRA YEN\u0130DEN PREMIER L\u0130G&#8217;DE<\/p>\n<p>\u0130lkay G\u00fcndo\u011fan, s\u00f6zle\u015fmesinin sona ermesinin ard\u0131ndan ge\u00e7ti\u011fimiz y\u0131l Manchester City&#8217;den ayr\u0131lm\u0131\u015ft\u0131.<\/p>\n<p>Manchester City ile s\u00f6zle\u015fmesinin bitmesinin ard\u0131ndan Barcelona&#8217;ya imza atan \u0130lkay, 1 sezon sonra yeniden Premier Lig&#8217;de forma giyecek.<\/p>\n<p>\u0130LKAY G\u00dcNDO\u011eAN&#8217;IN MANCHESTER CITY KAR\u0130YER\u0130<\/p>\n<p>Manchester City&#8217;de Pep Guardiola d\u00f6neminin ilk transferi olan \u0130lkay G\u00fcndo\u011fan, Premier Lig ekibinde 304 ma\u00e7a \u00e7\u0131kt\u0131.<\/p>\n<p>\u0130lkay, bu ma\u00e7larda 60 gol ve 38 asist kaydetti. Deneyimli oyuncu Manchester City ile Premier Lig (5), \u015eampiyonlar Ligi, F.A. Cup (2), \u0130ngiltere Lig Kupas\u0131 (4) ve Community Shield (2) \u015fampiyonluklar\u0131 ya\u015fad\u0131.<\/p>\n<p>Barcelona&#8217;dan ayr\u0131lmaya haz\u0131rlanan \u0130lkay G\u00fcndo\u011fan, eski tak\u0131m\u0131 Manchester City ile anla\u015fma sa\u011flad\u0131.<\/p>\n<p>The Athletic&#8217;te yer alan habere g\u00f6re, \u0130lkay G\u00fcndo\u011fan, Barcelona&#8217;dan bedelsiz olarak ayr\u0131lacak ve Manchester City ile 1+1 y\u0131ll\u0131k s\u00f6zle\u015fme imzalayacak.<\/p>\n<p>PEP&#8217;TEN ONAY VE ANLA\u015eMA<\/p>\n<p>Pep Guardiola&#8217;n\u0131n d\u00f6n\u00fc\u015f\u00fcne ye\u015fil \u0131\u015f\u0131k yakmas\u0131n\u0131n ard\u0131ndan deneyimli orta saha ile yap\u0131lan g\u00f6r\u00fc\u015fmelerde anla\u015fma sa\u011fland\u0131\u011f\u0131 belirtildi.<\/p>\n<p>\u0130lkay G\u00fcndo\u011fan, 2016-2023 y\u0131llar\u0131 aras\u0131nda Manchester City&#8217;de oynam\u0131\u015f ve \u0130ngiliz ekibinde 304 ma\u00e7ta 60 gol ve 38 asistlik performans sergilemi\u015fti.<\/p>\n<p>2023&#8217;te s\u00f6zle\u015fmesinin bitmesinin ard\u0131ndan Barcelona&#8217;ya imza atan 33 ya\u015f\u0131ndaki futbolcu, Katalan temsilcisinde ise 51 ma\u00e7ta 5 gol att\u0131 ve 14 asist yapt\u0131.<\/p>\n<div class=\"editorSade\">Kaynak: Haberler.com \/  <a href=\"https:\/\/www.haberler.com\/spor\/\" title=\"Spor Haberleri\">Spor<\/a> <\/div>\n<h4 id=\"nwsKeywords\"> <a href=\"https:\/\/www.haberler.com\/ilkay-gundogan\/\" title=\"\u0130lkay G\u00fcndo\u011fan\" class=\"hbptTag\">\u0130lkay G\u00fcndo\u011fan<\/a>  <a href=\"https:\/\/www.haberler.com\/spor\/\" title=\"Spor\" class=\"hbptTag\">Spor<\/a>  <a href=\"https:\/\/www.haberler.com\/spor\/\" title=\"Spor\" class=\"hbptTag\">Spor<\/a>  <a href=\"https:\/\/www.haberler.com\/\" title=\"Haberler\" class=\"hbptTag\">Haberler<\/a> <\/h4>\n<\/div>\n","protected":false},"excerpt":{"rendered":"<p>\u0130ngiltere Premier Lig tak\u0131mlar\u0131ndan Manchester City, eski futbolcusu \u0130lkay G\u00fcndo\u011fan&#8216;\u0131 yeniden kadrosuna kat\u0131yor. Tecr\u00fcbeli futbolcu Manchester City ile 1 y\u0131l\u0131 opsiyonlu 2 y\u0131ll\u0131k s\u00f6zle\u015fme imzalayacak. \u0130lkay G\u00fcndo\u011fan, yeniden Manchester City formas\u0131 giymeye haz\u0131rlan\u0131yor. Athletic&#8217;te yer alan haberde Manchester City ve \u0130lkay G\u00fcndo\u011fan s\u00f6zle\u015fme \u015fartlar\u0131nda anla\u015fma sa\u011flad\u0131\u011f\u0131, \u0130lkay&#8217;\u0131n Manchester City ile 1 y\u0131l\u0131 opsiyonlu 2 y\u0131ll\u0131k<\/p>\n","protected":false},"author":1,"featured_media":55907,"comment_status":"open","ping_status":"open","sticky":false,"template":"","format":"standard","meta":{"footnotes":""},"categories":[83],"tags":[],"class_list":["post-55906","post","type-post","status-publish","format-standard","has-post-thumbnail","hentry","category-magazin"],"yoast_head":"<!-- This site is optimized with the Yoast SEO plugin v27.4 - https:\/\/yoast.com\/product\/yoast-seo-wordpress\/ -->\n<title>Fenerbah\u00e7e mi Galatasaray m\u0131? \u0130lkay G\u00fcndo\u011fan&#039;\u0131n yeni adresi belli oldu -<\/title>\n<meta name=\"robots\" content=\"index, follow, max-snippet:-1, max-image-preview:large, max-video-preview:-1\" \/>\n<link rel=\"canonical\" href=\"https:\/\/kibrisdakik.com\/?p=55906\" \/>\n<meta property=\"og:locale\" content=\"tr_TR\" \/>\n<meta property=\"og:type\" content=\"article\" \/>\n<meta property=\"og:title\" content=\"Fenerbah\u00e7e mi Galatasaray m\u0131? \u0130lkay G\u00fcndo\u011fan&#039;\u0131n yeni adresi belli oldu -\" \/>\n<meta property=\"og:description\" content=\"\u0130ngiltere Premier Lig tak\u0131mlar\u0131ndan Manchester City, eski futbolcusu \u0130lkay G\u00fcndo\u011fan&#8216;\u0131 yeniden kadrosuna kat\u0131yor. Tecr\u00fcbeli futbolcu Manchester City ile 1 y\u0131l\u0131 opsiyonlu 2 y\u0131ll\u0131k s\u00f6zle\u015fme imzalayacak. \u0130lkay G\u00fcndo\u011fan, yeniden Manchester City formas\u0131 giymeye haz\u0131rlan\u0131yor. Athletic&#8217;te yer alan haberde Manchester City ve \u0130lkay G\u00fcndo\u011fan s\u00f6zle\u015fme \u015fartlar\u0131nda anla\u015fma sa\u011flad\u0131\u011f\u0131, \u0130lkay&#8217;\u0131n Manchester City ile 1 y\u0131l\u0131 opsiyonlu 2 y\u0131ll\u0131k\" \/>\n<meta property=\"og:url\" content=\"https:\/\/kibrisdakik.com\/?p=55906\" \/>\n<meta property=\"article:published_time\" content=\"2024-08-21T12:19:25+00:00\" \/>\n<meta property=\"og:image\" content=\"https:\/\/kibrisdakik.com\/wp-content\/uploads\/2024\/08\/fenerbahce-mi-galatasaray-mi-ilkay-gundogan-in-17741929_8632_amp.jpg\" \/>\n\t<meta property=\"og:image:width\" content=\"1202\" \/>\n\t<meta property=\"og:image:height\" content=\"675\" \/>\n\t<meta property=\"og:image:type\" content=\"image\/jpeg\" \/>\n<meta name=\"author\" content=\"admin\" \/>\n<meta name=\"twitter:card\" content=\"summary_large_image\" \/>\n<meta name=\"twitter:label1\" content=\"Yazan:\" \/>\n\t<meta name=\"twitter:data1\" content=\"admin\" \/>\n\t<meta name=\"twitter:label2\" content=\"Tahmini okuma s\u00fcresi\" \/>\n\t<meta name=\"twitter:data2\" content=\"2 dakika\" \/>\n<script type=\"application\/ld+json\" class=\"yoast-schema-graph\">{\"@context\":\"https:\\\/\\\/schema.org\",\"@graph\":[{\"@type\":\"Article\",\"@id\":\"https:\\\/\\\/kibrisdakik.com\\\/?p=55906#article\",\"isPartOf\":{\"@id\":\"https:\\\/\\\/kibrisdakik.com\\\/?p=55906\"},\"author\":{\"name\":\"admin\",\"@id\":\"https:\\\/\\\/kibrisdakik.com\\\/#\\\/schema\\\/person\\\/9cd9d437bbb44f72b73ba127e06d8e79\"},\"headline\":\"Fenerbah\u00e7e mi Galatasaray m\u0131? \u0130lkay G\u00fcndo\u011fan&#8217;\u0131n yeni adresi belli oldu\",\"datePublished\":\"2024-08-21T12:19:25+00:00\",\"mainEntityOfPage\":{\"@id\":\"https:\\\/\\\/kibrisdakik.com\\\/?p=55906\"},\"wordCount\":400,\"commentCount\":0,\"image\":{\"@id\":\"https:\\\/\\\/kibrisdakik.com\\\/?p=55906#primaryimage\"},\"thumbnailUrl\":\"https:\\\/\\\/kibrisdakik.com\\\/wp-content\\\/uploads\\\/2024\\\/08\\\/fenerbahce-mi-galatasaray-mi-ilkay-gundogan-in-17741929_8632_amp.jpg\",\"articleSection\":[\"Magazin\"],\"inLanguage\":\"tr\",\"potentialAction\":[{\"@type\":\"CommentAction\",\"name\":\"Comment\",\"target\":[\"https:\\\/\\\/kibrisdakik.com\\\/?p=55906#respond\"]}]},{\"@type\":\"WebPage\",\"@id\":\"https:\\\/\\\/kibrisdakik.com\\\/?p=55906\",\"url\":\"https:\\\/\\\/kibrisdakik.com\\\/?p=55906\",\"name\":\"Fenerbah\u00e7e mi Galatasaray m\u0131? \u0130lkay G\u00fcndo\u011fan'\u0131n yeni adresi belli oldu -\",\"isPartOf\":{\"@id\":\"https:\\\/\\\/kibrisdakik.com\\\/#website\"},\"primaryImageOfPage\":{\"@id\":\"https:\\\/\\\/kibrisdakik.com\\\/?p=55906#primaryimage\"},\"image\":{\"@id\":\"https:\\\/\\\/kibrisdakik.com\\\/?p=55906#primaryimage\"},\"thumbnailUrl\":\"https:\\\/\\\/kibrisdakik.com\\\/wp-content\\\/uploads\\\/2024\\\/08\\\/fenerbahce-mi-galatasaray-mi-ilkay-gundogan-in-17741929_8632_amp.jpg\",\"datePublished\":\"2024-08-21T12:19:25+00:00\",\"author\":{\"@id\":\"https:\\\/\\\/kibrisdakik.com\\\/#\\\/schema\\\/person\\\/9cd9d437bbb44f72b73ba127e06d8e79\"},\"breadcrumb\":{\"@id\":\"https:\\\/\\\/kibrisdakik.com\\\/?p=55906#breadcrumb\"},\"inLanguage\":\"tr\",\"potentialAction\":[{\"@type\":\"ReadAction\",\"target\":[\"https:\\\/\\\/kibrisdakik.com\\\/?p=55906\"]}]},{\"@type\":\"ImageObject\",\"inLanguage\":\"tr\",\"@id\":\"https:\\\/\\\/kibrisdakik.com\\\/?p=55906#primaryimage\",\"url\":\"https:\\\/\\\/kibrisdakik.com\\\/wp-content\\\/uploads\\\/2024\\\/08\\\/fenerbahce-mi-galatasaray-mi-ilkay-gundogan-in-17741929_8632_amp.jpg\",\"contentUrl\":\"https:\\\/\\\/kibrisdakik.com\\\/wp-content\\\/uploads\\\/2024\\\/08\\\/fenerbahce-mi-galatasaray-mi-ilkay-gundogan-in-17741929_8632_amp.jpg\",\"width\":1202,\"height\":675},{\"@type\":\"BreadcrumbList\",\"@id\":\"https:\\\/\\\/kibrisdakik.com\\\/?p=55906#breadcrumb\",\"itemListElement\":[{\"@type\":\"ListItem\",\"position\":1,\"name\":\"Home\",\"item\":\"https:\\\/\\\/kibrisdakik.com\\\/\"},{\"@type\":\"ListItem\",\"position\":2,\"name\":\"Fenerbah\u00e7e mi Galatasaray m\u0131? \u0130lkay G\u00fcndo\u011fan&#8217;\u0131n yeni adresi belli oldu\"}]},{\"@type\":\"WebSite\",\"@id\":\"https:\\\/\\\/kibrisdakik.com\\\/#website\",\"url\":\"https:\\\/\\\/kibrisdakik.com\\\/\",\"name\":\"\",\"description\":\"Tam vaktinde haber\",\"potentialAction\":[{\"@type\":\"SearchAction\",\"target\":{\"@type\":\"EntryPoint\",\"urlTemplate\":\"https:\\\/\\\/kibrisdakik.com\\\/?s={search_term_string}\"},\"query-input\":{\"@type\":\"PropertyValueSpecification\",\"valueRequired\":true,\"valueName\":\"search_term_string\"}}],\"inLanguage\":\"tr\"},{\"@type\":\"Person\",\"@id\":\"https:\\\/\\\/kibrisdakik.com\\\/#\\\/schema\\\/person\\\/9cd9d437bbb44f72b73ba127e06d8e79\",\"name\":\"admin\",\"image\":{\"@type\":\"ImageObject\",\"inLanguage\":\"tr\",\"@id\":\"https:\\\/\\\/secure.gravatar.com\\\/avatar\\\/ccc17943b9d660506c869530f897617f7cb1c21a4bf30023f252596d83e1f007?s=96&d=mm&r=g\",\"url\":\"https:\\\/\\\/secure.gravatar.com\\\/avatar\\\/ccc17943b9d660506c869530f897617f7cb1c21a4bf30023f252596d83e1f007?s=96&d=mm&r=g\",\"contentUrl\":\"https:\\\/\\\/secure.gravatar.com\\\/avatar\\\/ccc17943b9d660506c869530f897617f7cb1c21a4bf30023f252596d83e1f007?s=96&d=mm&r=g\",\"caption\":\"admin\"},\"sameAs\":[\"https:\\\/\\\/kibrisdakik.com\"],\"url\":\"https:\\\/\\\/kibrisdakik.com\\\/?author=1\"}]}<\/script>\n<!-- \/ Yoast SEO plugin. -->","yoast_head_json":{"title":"Fenerbah\u00e7e mi Galatasaray m\u0131? \u0130lkay G\u00fcndo\u011fan'\u0131n yeni adresi belli oldu -","robots":{"index":"index","follow":"follow","max-snippet":"max-snippet:-1","max-image-preview":"max-image-preview:large","max-video-preview":"max-video-preview:-1"},"canonical":"https:\/\/kibrisdakik.com\/?p=55906","og_locale":"tr_TR","og_type":"article","og_title":"Fenerbah\u00e7e mi Galatasaray m\u0131? \u0130lkay G\u00fcndo\u011fan'\u0131n yeni adresi belli oldu -","og_description":"\u0130ngiltere Premier Lig tak\u0131mlar\u0131ndan Manchester City, eski futbolcusu \u0130lkay G\u00fcndo\u011fan&#8216;\u0131 yeniden kadrosuna kat\u0131yor. Tecr\u00fcbeli futbolcu Manchester City ile 1 y\u0131l\u0131 opsiyonlu 2 y\u0131ll\u0131k s\u00f6zle\u015fme imzalayacak. \u0130lkay G\u00fcndo\u011fan, yeniden Manchester City formas\u0131 giymeye haz\u0131rlan\u0131yor. Athletic&#8217;te yer alan haberde Manchester City ve \u0130lkay G\u00fcndo\u011fan s\u00f6zle\u015fme \u015fartlar\u0131nda anla\u015fma sa\u011flad\u0131\u011f\u0131, \u0130lkay&#8217;\u0131n Manchester City ile 1 y\u0131l\u0131 opsiyonlu 2 y\u0131ll\u0131k","og_url":"https:\/\/kibrisdakik.com\/?p=55906","article_published_time":"2024-08-21T12:19:25+00:00","og_image":[{"width":1202,"height":675,"url":"https:\/\/kibrisdakik.com\/wp-content\/uploads\/2024\/08\/fenerbahce-mi-galatasaray-mi-ilkay-gundogan-in-17741929_8632_amp.jpg","type":"image\/jpeg"}],"author":"admin","twitter_card":"summary_large_image","twitter_misc":{"Yazan:":"admin","Tahmini okuma s\u00fcresi":"2 dakika"},"schema":{"@context":"https:\/\/schema.org","@graph":[{"@type":"Article","@id":"https:\/\/kibrisdakik.com\/?p=55906#article","isPartOf":{"@id":"https:\/\/kibrisdakik.com\/?p=55906"},"author":{"name":"admin","@id":"https:\/\/kibrisdakik.com\/#\/schema\/person\/9cd9d437bbb44f72b73ba127e06d8e79"},"headline":"Fenerbah\u00e7e mi Galatasaray m\u0131? \u0130lkay G\u00fcndo\u011fan&#8217;\u0131n yeni adresi belli oldu","datePublished":"2024-08-21T12:19:25+00:00","mainEntityOfPage":{"@id":"https:\/\/kibrisdakik.com\/?p=55906"},"wordCount":400,"commentCount":0,"image":{"@id":"https:\/\/kibrisdakik.com\/?p=55906#primaryimage"},"thumbnailUrl":"https:\/\/kibrisdakik.com\/wp-content\/uploads\/2024\/08\/fenerbahce-mi-galatasaray-mi-ilkay-gundogan-in-17741929_8632_amp.jpg","articleSection":["Magazin"],"inLanguage":"tr","potentialAction":[{"@type":"CommentAction","name":"Comment","target":["https:\/\/kibrisdakik.com\/?p=55906#respond"]}]},{"@type":"WebPage","@id":"https:\/\/kibrisdakik.com\/?p=55906","url":"https:\/\/kibrisdakik.com\/?p=55906","name":"Fenerbah\u00e7e mi Galatasaray m\u0131? \u0130lkay G\u00fcndo\u011fan'\u0131n yeni adresi belli oldu -","isPartOf":{"@id":"https:\/\/kibrisdakik.com\/#website"},"primaryImageOfPage":{"@id":"https:\/\/kibrisdakik.com\/?p=55906#primaryimage"},"image":{"@id":"https:\/\/kibrisdakik.com\/?p=55906#primaryimage"},"thumbnailUrl":"https:\/\/kibrisdakik.com\/wp-content\/uploads\/2024\/08\/fenerbahce-mi-galatasaray-mi-ilkay-gundogan-in-17741929_8632_amp.jpg","datePublished":"2024-08-21T12:19:25+00:00","author":{"@id":"https:\/\/kibrisdakik.com\/#\/schema\/person\/9cd9d437bbb44f72b73ba127e06d8e79"},"breadcrumb":{"@id":"https:\/\/kibrisdakik.com\/?p=55906#breadcrumb"},"inLanguage":"tr","potentialAction":[{"@type":"ReadAction","target":["https:\/\/kibrisdakik.com\/?p=55906"]}]},{"@type":"ImageObject","inLanguage":"tr","@id":"https:\/\/kibrisdakik.com\/?p=55906#primaryimage","url":"https:\/\/kibrisdakik.com\/wp-content\/uploads\/2024\/08\/fenerbahce-mi-galatasaray-mi-ilkay-gundogan-in-17741929_8632_amp.jpg","contentUrl":"https:\/\/kibrisdakik.com\/wp-content\/uploads\/2024\/08\/fenerbahce-mi-galatasaray-mi-ilkay-gundogan-in-17741929_8632_amp.jpg","width":1202,"height":675},{"@type":"BreadcrumbList","@id":"https:\/\/kibrisdakik.com\/?p=55906#breadcrumb","itemListElement":[{"@type":"ListItem","position":1,"name":"Home","item":"https:\/\/kibrisdakik.com\/"},{"@type":"ListItem","position":2,"name":"Fenerbah\u00e7e mi Galatasaray m\u0131? \u0130lkay G\u00fcndo\u011fan&#8217;\u0131n yeni adresi belli oldu"}]},{"@type":"WebSite","@id":"https:\/\/kibrisdakik.com\/#website","url":"https:\/\/kibrisdakik.com\/","name":"","description":"Tam vaktinde haber","potentialAction":[{"@type":"SearchAction","target":{"@type":"EntryPoint","urlTemplate":"https:\/\/kibrisdakik.com\/?s={search_term_string}"},"query-input":{"@type":"PropertyValueSpecification","valueRequired":true,"valueName":"search_term_string"}}],"inLanguage":"tr"},{"@type":"Person","@id":"https:\/\/kibrisdakik.com\/#\/schema\/person\/9cd9d437bbb44f72b73ba127e06d8e79","name":"admin","image":{"@type":"ImageObject","inLanguage":"tr","@id":"https:\/\/secure.gravatar.com\/avatar\/ccc17943b9d660506c869530f897617f7cb1c21a4bf30023f252596d83e1f007?s=96&d=mm&r=g","url":"https:\/\/secure.gravatar.com\/avatar\/ccc17943b9d660506c869530f897617f7cb1c21a4bf30023f252596d83e1f007?s=96&d=mm&r=g","contentUrl":"https:\/\/secure.gravatar.com\/avatar\/ccc17943b9d660506c869530f897617f7cb1c21a4bf30023f252596d83e1f007?s=96&d=mm&r=g","caption":"admin"},"sameAs":["https:\/\/kibrisdakik.com"],"url":"https:\/\/kibrisdakik.com\/?author=1"}]}},"_links":{"self":[{"href":"https:\/\/kibrisdakik.com\/index.php?rest_route=\/wp\/v2\/posts\/55906","targetHints":{"allow":["GET"]}}],"collection":[{"href":"https:\/\/kibrisdakik.com\/index.php?rest_route=\/wp\/v2\/posts"}],"about":[{"href":"https:\/\/kibrisdakik.com\/index.php?rest_route=\/wp\/v2\/types\/post"}],"author":[{"embeddable":true,"href":"https:\/\/kibrisdakik.com\/index.php?rest_route=\/wp\/v2\/users\/1"}],"replies":[{"embeddable":true,"href":"https:\/\/kibrisdakik.com\/index.php?rest_route=%2Fwp%2Fv2%2Fcomments&post=55906"}],"version-history":[{"count":0,"href":"https:\/\/kibrisdakik.com\/index.php?rest_route=\/wp\/v2\/posts\/55906\/revisions"}],"wp:featuredmedia":[{"embeddable":true,"href":"https:\/\/kibrisdakik.com\/index.php?rest_route=\/wp\/v2\/media\/55907"}],"wp:attachment":[{"href":"https:\/\/kibrisdakik.com\/index.php?rest_route=%2Fwp%2Fv2%2Fmedia&parent=55906"}],"wp:term":[{"taxonomy":"category","embeddable":true,"href":"https:\/\/kibrisdakik.com\/index.php?rest_route=%2Fwp%2Fv2%2Fcategories&post=55906"},{"taxonomy":"post_tag","embeddable":true,"href":"https:\/\/kibrisdakik.com\/index.php?rest_route=%2Fwp%2Fv2%2Ftags&post=55906"}],"curies":[{"name":"wp","href":"https:\/\/api.w.org\/{rel}","templated":true}]}}