{"id":55912,"date":"2024-08-21T15:29:04","date_gmt":"2024-08-21T12:29:04","guid":{"rendered":"https:\/\/kibrisdakik.com\/index.php\/2024\/08\/21\/ankarada-orman-yangini-alevlerin-sicradigi-bir-koy-tedbir-amacli-bosaltildi\/"},"modified":"2024-08-21T15:29:04","modified_gmt":"2024-08-21T12:29:04","slug":"ankarada-orman-yangini-alevlerin-sicradigi-bir-koy-tedbir-amacli-bosaltildi","status":"publish","type":"post","link":"https:\/\/kibrisdakik.com\/?p=55912","title":{"rendered":"Ankara&#8217;da orman yang\u0131n\u0131! Alevlerin s\u0131\u00e7rad\u0131\u011f\u0131 bir k\u00f6y, tedbir ama\u00e7l\u0131 bo\u015falt\u0131ld\u0131"},"content":{"rendered":"<p><img decoding=\"async\" src=\"https:\/\/foto.haberler.com\/haber\/2024\/08\/21\/ankara-da-orman-yangini-3-17741961_6285_amp.jpg\" \/><\/p>\n<div id=\"\">\n<p> <a class=\"keyword\" href=\"https:\/\/www.haberler.com\/ankara\/\" title=\"Ankara Haberleri, Ankara Haberi, Ankara Haber\"><strong>Ankara<\/strong><\/a>&#8216;n\u0131n K\u0131z\u0131lcahamam il\u00e7esinin k\u0131rsal \u015eahinler Mahallesi yak\u0131nlar\u0131nda orman yang\u0131n\u0131 \u00e7\u0131kt\u0131. Bolu s\u0131n\u0131r\u0131ndaki yang\u0131na Ankara, Bolu ve \u00e7evre il\u00e7elerden orman, itfaiye ve jandarma ekipleri sevk edildi. <\/p>\n<p>B\u00f6lgeye 2 de yang\u0131n s\u00f6nd\u00fcrme helikopteri y\u00f6nlendirildi. Ekipler, alevlerin yay\u0131lmas\u0131n\u0131 ve \u00e7evre mahallelere ula\u015fmas\u0131n\u0131 \u00f6nlemek i\u00e7in havadan ve karadan yang\u0131na m\u00fcdahale ediyor. <\/p>\n<div class=\"editorSade\">Kaynak: Demir\u00f6ren Haber Ajans\u0131 \/  <a href=\"https:\/\/www.haberler.com\/guncel\/\" title=\"G\u00fcncel Haberleri\">G\u00fcncel<\/a> <\/div>\n<h4 id=\"nwsKeywords\"> <a href=\"https:\/\/www.haberler.com\/orman-yangini\/\" title=\"Orman Yang\u0131n\u0131\" class=\"hbptTag\">Orman Yang\u0131n\u0131<\/a>  <a href=\"https:\/\/www.haberler.com\/kizilcahamam\/\" title=\"K\u0131z\u0131lcahamam\" class=\"hbptTag\">K\u0131z\u0131lcahamam<\/a>  <a href=\"https:\/\/www.haberler.com\/gerede\/\" title=\"Gerede\" class=\"hbptTag\">Gerede<\/a>  <a href=\"https:\/\/www.haberler.com\/ankara\/\" title=\"Ankara\" class=\"hbptTag\">Ankara<\/a>  <a href=\"https:\/\/www.haberler.com\/cevre\/\" title=\"\u00c7evre\" class=\"hbptTag\">\u00c7evre<\/a>  <a href=\"https:\/\/www.haberler.com\/dogal-afet\/\" title=\"Do\u011fal Afet\" class=\"hbptTag\">Do\u011fal Afet<\/a>  <a href=\"https:\/\/www.haberler.com\/dunya\/\" title=\"D\u00fcnya\" class=\"hbptTag\">D\u00fcnya<\/a>  <a href=\"https:\/\/www.haberler.com\/guncel\/\" title=\"G\u00fcncel\" class=\"hbptTag\">G\u00fcncel<\/a>  <a href=\"https:\/\/www.haberler.com\/\" title=\"Haberler\" class=\"hbptTag\">Haberler<\/a> <\/h4>\n<\/div>\n","protected":false},"excerpt":{"rendered":"<p>Ankara&#8216;n\u0131n K\u0131z\u0131lcahamam il\u00e7esinin k\u0131rsal \u015eahinler Mahallesi yak\u0131nlar\u0131nda orman yang\u0131n\u0131 \u00e7\u0131kt\u0131. Bolu s\u0131n\u0131r\u0131ndaki yang\u0131na Ankara, Bolu ve \u00e7evre il\u00e7elerden orman, itfaiye ve jandarma ekipleri sevk edildi. B\u00f6lgeye 2 de yang\u0131n s\u00f6nd\u00fcrme helikopteri y\u00f6nlendirildi. Ekipler, alevlerin yay\u0131lmas\u0131n\u0131 ve \u00e7evre mahallelere ula\u015fmas\u0131n\u0131 \u00f6nlemek i\u00e7in havadan ve karadan yang\u0131na m\u00fcdahale ediyor. Kaynak: Demir\u00f6ren Haber Ajans\u0131 \/ G\u00fcncel Orman Yang\u0131n\u0131<\/p>\n","protected":false},"author":1,"featured_media":55913,"comment_status":"open","ping_status":"open","sticky":false,"template":"","format":"standard","meta":{"footnotes":""},"categories":[83],"tags":[],"class_list":["post-55912","post","type-post","status-publish","format-standard","has-post-thumbnail","hentry","category-magazin"],"yoast_head":"<!-- This site is optimized with the Yoast SEO plugin v27.5 - https:\/\/yoast.com\/product\/yoast-seo-wordpress\/ -->\n<title>Ankara&#039;da orman yang\u0131n\u0131! Alevlerin s\u0131\u00e7rad\u0131\u011f\u0131 bir k\u00f6y, tedbir ama\u00e7l\u0131 bo\u015falt\u0131ld\u0131 -<\/title>\n<meta name=\"robots\" content=\"index, follow, max-snippet:-1, max-image-preview:large, max-video-preview:-1\" \/>\n<link rel=\"canonical\" href=\"https:\/\/kibrisdakik.com\/?p=55912\" \/>\n<meta property=\"og:locale\" content=\"tr_TR\" \/>\n<meta property=\"og:type\" content=\"article\" \/>\n<meta property=\"og:title\" content=\"Ankara&#039;da orman yang\u0131n\u0131! Alevlerin s\u0131\u00e7rad\u0131\u011f\u0131 bir k\u00f6y, tedbir ama\u00e7l\u0131 bo\u015falt\u0131ld\u0131 -\" \/>\n<meta property=\"og:description\" content=\"Ankara&#8216;n\u0131n K\u0131z\u0131lcahamam il\u00e7esinin k\u0131rsal \u015eahinler Mahallesi yak\u0131nlar\u0131nda orman yang\u0131n\u0131 \u00e7\u0131kt\u0131. Bolu s\u0131n\u0131r\u0131ndaki yang\u0131na Ankara, Bolu ve \u00e7evre il\u00e7elerden orman, itfaiye ve jandarma ekipleri sevk edildi. B\u00f6lgeye 2 de yang\u0131n s\u00f6nd\u00fcrme helikopteri y\u00f6nlendirildi. Ekipler, alevlerin yay\u0131lmas\u0131n\u0131 ve \u00e7evre mahallelere ula\u015fmas\u0131n\u0131 \u00f6nlemek i\u00e7in havadan ve karadan yang\u0131na m\u00fcdahale ediyor. Kaynak: Demir\u00f6ren Haber Ajans\u0131 \/ G\u00fcncel Orman Yang\u0131n\u0131\" \/>\n<meta property=\"og:url\" content=\"https:\/\/kibrisdakik.com\/?p=55912\" \/>\n<meta property=\"article:published_time\" content=\"2024-08-21T12:29:04+00:00\" \/>\n<meta property=\"og:image\" content=\"https:\/\/kibrisdakik.com\/wp-content\/uploads\/2024\/08\/ankara-da-orman-yangini-3-17741961_6285_amp.jpg\" \/>\n\t<meta property=\"og:image:width\" content=\"1202\" \/>\n\t<meta property=\"og:image:height\" content=\"675\" \/>\n\t<meta property=\"og:image:type\" content=\"image\/jpeg\" \/>\n<meta name=\"author\" content=\"admin\" \/>\n<meta name=\"twitter:card\" content=\"summary_large_image\" \/>\n<meta name=\"twitter:label1\" content=\"Yazan:\" \/>\n\t<meta name=\"twitter:data1\" content=\"admin\" \/>\n<script type=\"application\/ld+json\" class=\"yoast-schema-graph\">{\"@context\":\"https:\\\/\\\/schema.org\",\"@graph\":[{\"@type\":\"Article\",\"@id\":\"https:\\\/\\\/kibrisdakik.com\\\/?p=55912#article\",\"isPartOf\":{\"@id\":\"https:\\\/\\\/kibrisdakik.com\\\/?p=55912\"},\"author\":{\"name\":\"admin\",\"@id\":\"https:\\\/\\\/kibrisdakik.com\\\/#\\\/schema\\\/person\\\/9cd9d437bbb44f72b73ba127e06d8e79\"},\"headline\":\"Ankara&#8217;da orman yang\u0131n\u0131! Alevlerin s\u0131\u00e7rad\u0131\u011f\u0131 bir k\u00f6y, tedbir ama\u00e7l\u0131 bo\u015falt\u0131ld\u0131\",\"datePublished\":\"2024-08-21T12:29:04+00:00\",\"mainEntityOfPage\":{\"@id\":\"https:\\\/\\\/kibrisdakik.com\\\/?p=55912\"},\"wordCount\":112,\"commentCount\":0,\"image\":{\"@id\":\"https:\\\/\\\/kibrisdakik.com\\\/?p=55912#primaryimage\"},\"thumbnailUrl\":\"https:\\\/\\\/kibrisdakik.com\\\/wp-content\\\/uploads\\\/2024\\\/08\\\/ankara-da-orman-yangini-3-17741961_6285_amp.jpg\",\"articleSection\":[\"Magazin\"],\"inLanguage\":\"tr\",\"potentialAction\":[{\"@type\":\"CommentAction\",\"name\":\"Comment\",\"target\":[\"https:\\\/\\\/kibrisdakik.com\\\/?p=55912#respond\"]}]},{\"@type\":\"WebPage\",\"@id\":\"https:\\\/\\\/kibrisdakik.com\\\/?p=55912\",\"url\":\"https:\\\/\\\/kibrisdakik.com\\\/?p=55912\",\"name\":\"Ankara'da orman yang\u0131n\u0131! Alevlerin s\u0131\u00e7rad\u0131\u011f\u0131 bir k\u00f6y, tedbir ama\u00e7l\u0131 bo\u015falt\u0131ld\u0131 -\",\"isPartOf\":{\"@id\":\"https:\\\/\\\/kibrisdakik.com\\\/#website\"},\"primaryImageOfPage\":{\"@id\":\"https:\\\/\\\/kibrisdakik.com\\\/?p=55912#primaryimage\"},\"image\":{\"@id\":\"https:\\\/\\\/kibrisdakik.com\\\/?p=55912#primaryimage\"},\"thumbnailUrl\":\"https:\\\/\\\/kibrisdakik.com\\\/wp-content\\\/uploads\\\/2024\\\/08\\\/ankara-da-orman-yangini-3-17741961_6285_amp.jpg\",\"datePublished\":\"2024-08-21T12:29:04+00:00\",\"author\":{\"@id\":\"https:\\\/\\\/kibrisdakik.com\\\/#\\\/schema\\\/person\\\/9cd9d437bbb44f72b73ba127e06d8e79\"},\"breadcrumb\":{\"@id\":\"https:\\\/\\\/kibrisdakik.com\\\/?p=55912#breadcrumb\"},\"inLanguage\":\"tr\",\"potentialAction\":[{\"@type\":\"ReadAction\",\"target\":[\"https:\\\/\\\/kibrisdakik.com\\\/?p=55912\"]}]},{\"@type\":\"ImageObject\",\"inLanguage\":\"tr\",\"@id\":\"https:\\\/\\\/kibrisdakik.com\\\/?p=55912#primaryimage\",\"url\":\"https:\\\/\\\/kibrisdakik.com\\\/wp-content\\\/uploads\\\/2024\\\/08\\\/ankara-da-orman-yangini-3-17741961_6285_amp.jpg\",\"contentUrl\":\"https:\\\/\\\/kibrisdakik.com\\\/wp-content\\\/uploads\\\/2024\\\/08\\\/ankara-da-orman-yangini-3-17741961_6285_amp.jpg\",\"width\":1202,\"height\":675},{\"@type\":\"BreadcrumbList\",\"@id\":\"https:\\\/\\\/kibrisdakik.com\\\/?p=55912#breadcrumb\",\"itemListElement\":[{\"@type\":\"ListItem\",\"position\":1,\"name\":\"Home\",\"item\":\"https:\\\/\\\/kibrisdakik.com\\\/\"},{\"@type\":\"ListItem\",\"position\":2,\"name\":\"Ankara&#8217;da orman yang\u0131n\u0131! Alevlerin s\u0131\u00e7rad\u0131\u011f\u0131 bir k\u00f6y, tedbir ama\u00e7l\u0131 bo\u015falt\u0131ld\u0131\"}]},{\"@type\":\"WebSite\",\"@id\":\"https:\\\/\\\/kibrisdakik.com\\\/#website\",\"url\":\"https:\\\/\\\/kibrisdakik.com\\\/\",\"name\":\"\",\"description\":\"Tam vaktinde haber\",\"potentialAction\":[{\"@type\":\"SearchAction\",\"target\":{\"@type\":\"EntryPoint\",\"urlTemplate\":\"https:\\\/\\\/kibrisdakik.com\\\/?s={search_term_string}\"},\"query-input\":{\"@type\":\"PropertyValueSpecification\",\"valueRequired\":true,\"valueName\":\"search_term_string\"}}],\"inLanguage\":\"tr\"},{\"@type\":\"Person\",\"@id\":\"https:\\\/\\\/kibrisdakik.com\\\/#\\\/schema\\\/person\\\/9cd9d437bbb44f72b73ba127e06d8e79\",\"name\":\"admin\",\"image\":{\"@type\":\"ImageObject\",\"inLanguage\":\"tr\",\"@id\":\"https:\\\/\\\/secure.gravatar.com\\\/avatar\\\/ccc17943b9d660506c869530f897617f7cb1c21a4bf30023f252596d83e1f007?s=96&d=mm&r=g\",\"url\":\"https:\\\/\\\/secure.gravatar.com\\\/avatar\\\/ccc17943b9d660506c869530f897617f7cb1c21a4bf30023f252596d83e1f007?s=96&d=mm&r=g\",\"contentUrl\":\"https:\\\/\\\/secure.gravatar.com\\\/avatar\\\/ccc17943b9d660506c869530f897617f7cb1c21a4bf30023f252596d83e1f007?s=96&d=mm&r=g\",\"caption\":\"admin\"},\"sameAs\":[\"https:\\\/\\\/kibrisdakik.com\"],\"url\":\"https:\\\/\\\/kibrisdakik.com\\\/?author=1\"}]}<\/script>\n<!-- \/ Yoast SEO plugin. -->","yoast_head_json":{"title":"Ankara'da orman yang\u0131n\u0131! Alevlerin s\u0131\u00e7rad\u0131\u011f\u0131 bir k\u00f6y, tedbir ama\u00e7l\u0131 bo\u015falt\u0131ld\u0131 -","robots":{"index":"index","follow":"follow","max-snippet":"max-snippet:-1","max-image-preview":"max-image-preview:large","max-video-preview":"max-video-preview:-1"},"canonical":"https:\/\/kibrisdakik.com\/?p=55912","og_locale":"tr_TR","og_type":"article","og_title":"Ankara'da orman yang\u0131n\u0131! Alevlerin s\u0131\u00e7rad\u0131\u011f\u0131 bir k\u00f6y, tedbir ama\u00e7l\u0131 bo\u015falt\u0131ld\u0131 -","og_description":"Ankara&#8216;n\u0131n K\u0131z\u0131lcahamam il\u00e7esinin k\u0131rsal \u015eahinler Mahallesi yak\u0131nlar\u0131nda orman yang\u0131n\u0131 \u00e7\u0131kt\u0131. Bolu s\u0131n\u0131r\u0131ndaki yang\u0131na Ankara, Bolu ve \u00e7evre il\u00e7elerden orman, itfaiye ve jandarma ekipleri sevk edildi. B\u00f6lgeye 2 de yang\u0131n s\u00f6nd\u00fcrme helikopteri y\u00f6nlendirildi. Ekipler, alevlerin yay\u0131lmas\u0131n\u0131 ve \u00e7evre mahallelere ula\u015fmas\u0131n\u0131 \u00f6nlemek i\u00e7in havadan ve karadan yang\u0131na m\u00fcdahale ediyor. Kaynak: Demir\u00f6ren Haber Ajans\u0131 \/ G\u00fcncel Orman Yang\u0131n\u0131","og_url":"https:\/\/kibrisdakik.com\/?p=55912","article_published_time":"2024-08-21T12:29:04+00:00","og_image":[{"width":1202,"height":675,"url":"https:\/\/kibrisdakik.com\/wp-content\/uploads\/2024\/08\/ankara-da-orman-yangini-3-17741961_6285_amp.jpg","type":"image\/jpeg"}],"author":"admin","twitter_card":"summary_large_image","twitter_misc":{"Yazan:":"admin"},"schema":{"@context":"https:\/\/schema.org","@graph":[{"@type":"Article","@id":"https:\/\/kibrisdakik.com\/?p=55912#article","isPartOf":{"@id":"https:\/\/kibrisdakik.com\/?p=55912"},"author":{"name":"admin","@id":"https:\/\/kibrisdakik.com\/#\/schema\/person\/9cd9d437bbb44f72b73ba127e06d8e79"},"headline":"Ankara&#8217;da orman yang\u0131n\u0131! Alevlerin s\u0131\u00e7rad\u0131\u011f\u0131 bir k\u00f6y, tedbir ama\u00e7l\u0131 bo\u015falt\u0131ld\u0131","datePublished":"2024-08-21T12:29:04+00:00","mainEntityOfPage":{"@id":"https:\/\/kibrisdakik.com\/?p=55912"},"wordCount":112,"commentCount":0,"image":{"@id":"https:\/\/kibrisdakik.com\/?p=55912#primaryimage"},"thumbnailUrl":"https:\/\/kibrisdakik.com\/wp-content\/uploads\/2024\/08\/ankara-da-orman-yangini-3-17741961_6285_amp.jpg","articleSection":["Magazin"],"inLanguage":"tr","potentialAction":[{"@type":"CommentAction","name":"Comment","target":["https:\/\/kibrisdakik.com\/?p=55912#respond"]}]},{"@type":"WebPage","@id":"https:\/\/kibrisdakik.com\/?p=55912","url":"https:\/\/kibrisdakik.com\/?p=55912","name":"Ankara'da orman yang\u0131n\u0131! Alevlerin s\u0131\u00e7rad\u0131\u011f\u0131 bir k\u00f6y, tedbir ama\u00e7l\u0131 bo\u015falt\u0131ld\u0131 -","isPartOf":{"@id":"https:\/\/kibrisdakik.com\/#website"},"primaryImageOfPage":{"@id":"https:\/\/kibrisdakik.com\/?p=55912#primaryimage"},"image":{"@id":"https:\/\/kibrisdakik.com\/?p=55912#primaryimage"},"thumbnailUrl":"https:\/\/kibrisdakik.com\/wp-content\/uploads\/2024\/08\/ankara-da-orman-yangini-3-17741961_6285_amp.jpg","datePublished":"2024-08-21T12:29:04+00:00","author":{"@id":"https:\/\/kibrisdakik.com\/#\/schema\/person\/9cd9d437bbb44f72b73ba127e06d8e79"},"breadcrumb":{"@id":"https:\/\/kibrisdakik.com\/?p=55912#breadcrumb"},"inLanguage":"tr","potentialAction":[{"@type":"ReadAction","target":["https:\/\/kibrisdakik.com\/?p=55912"]}]},{"@type":"ImageObject","inLanguage":"tr","@id":"https:\/\/kibrisdakik.com\/?p=55912#primaryimage","url":"https:\/\/kibrisdakik.com\/wp-content\/uploads\/2024\/08\/ankara-da-orman-yangini-3-17741961_6285_amp.jpg","contentUrl":"https:\/\/kibrisdakik.com\/wp-content\/uploads\/2024\/08\/ankara-da-orman-yangini-3-17741961_6285_amp.jpg","width":1202,"height":675},{"@type":"BreadcrumbList","@id":"https:\/\/kibrisdakik.com\/?p=55912#breadcrumb","itemListElement":[{"@type":"ListItem","position":1,"name":"Home","item":"https:\/\/kibrisdakik.com\/"},{"@type":"ListItem","position":2,"name":"Ankara&#8217;da orman yang\u0131n\u0131! Alevlerin s\u0131\u00e7rad\u0131\u011f\u0131 bir k\u00f6y, tedbir ama\u00e7l\u0131 bo\u015falt\u0131ld\u0131"}]},{"@type":"WebSite","@id":"https:\/\/kibrisdakik.com\/#website","url":"https:\/\/kibrisdakik.com\/","name":"","description":"Tam vaktinde haber","potentialAction":[{"@type":"SearchAction","target":{"@type":"EntryPoint","urlTemplate":"https:\/\/kibrisdakik.com\/?s={search_term_string}"},"query-input":{"@type":"PropertyValueSpecification","valueRequired":true,"valueName":"search_term_string"}}],"inLanguage":"tr"},{"@type":"Person","@id":"https:\/\/kibrisdakik.com\/#\/schema\/person\/9cd9d437bbb44f72b73ba127e06d8e79","name":"admin","image":{"@type":"ImageObject","inLanguage":"tr","@id":"https:\/\/secure.gravatar.com\/avatar\/ccc17943b9d660506c869530f897617f7cb1c21a4bf30023f252596d83e1f007?s=96&d=mm&r=g","url":"https:\/\/secure.gravatar.com\/avatar\/ccc17943b9d660506c869530f897617f7cb1c21a4bf30023f252596d83e1f007?s=96&d=mm&r=g","contentUrl":"https:\/\/secure.gravatar.com\/avatar\/ccc17943b9d660506c869530f897617f7cb1c21a4bf30023f252596d83e1f007?s=96&d=mm&r=g","caption":"admin"},"sameAs":["https:\/\/kibrisdakik.com"],"url":"https:\/\/kibrisdakik.com\/?author=1"}]}},"_links":{"self":[{"href":"https:\/\/kibrisdakik.com\/index.php?rest_route=\/wp\/v2\/posts\/55912","targetHints":{"allow":["GET"]}}],"collection":[{"href":"https:\/\/kibrisdakik.com\/index.php?rest_route=\/wp\/v2\/posts"}],"about":[{"href":"https:\/\/kibrisdakik.com\/index.php?rest_route=\/wp\/v2\/types\/post"}],"author":[{"embeddable":true,"href":"https:\/\/kibrisdakik.com\/index.php?rest_route=\/wp\/v2\/users\/1"}],"replies":[{"embeddable":true,"href":"https:\/\/kibrisdakik.com\/index.php?rest_route=%2Fwp%2Fv2%2Fcomments&post=55912"}],"version-history":[{"count":0,"href":"https:\/\/kibrisdakik.com\/index.php?rest_route=\/wp\/v2\/posts\/55912\/revisions"}],"wp:featuredmedia":[{"embeddable":true,"href":"https:\/\/kibrisdakik.com\/index.php?rest_route=\/wp\/v2\/media\/55913"}],"wp:attachment":[{"href":"https:\/\/kibrisdakik.com\/index.php?rest_route=%2Fwp%2Fv2%2Fmedia&parent=55912"}],"wp:term":[{"taxonomy":"category","embeddable":true,"href":"https:\/\/kibrisdakik.com\/index.php?rest_route=%2Fwp%2Fv2%2Fcategories&post=55912"},{"taxonomy":"post_tag","embeddable":true,"href":"https:\/\/kibrisdakik.com\/index.php?rest_route=%2Fwp%2Fv2%2Ftags&post=55912"}],"curies":[{"name":"wp","href":"https:\/\/api.w.org\/{rel}","templated":true}]}}