{"id":55916,"date":"2024-08-21T15:49:41","date_gmt":"2024-08-21T12:49:41","guid":{"rendered":"https:\/\/kibrisdakik.com\/index.php\/2024\/08\/21\/yemen-aciklarinda-ticaret-gemisine-fuze-saldirisi-motoru-hasar-alan-gemide-buyuk-yangin-cikti\/"},"modified":"2024-08-21T15:49:41","modified_gmt":"2024-08-21T12:49:41","slug":"yemen-aciklarinda-ticaret-gemisine-fuze-saldirisi-motoru-hasar-alan-gemide-buyuk-yangin-cikti","status":"publish","type":"post","link":"https:\/\/kibrisdakik.com\/?p=55916","title":{"rendered":"Yemen a\u00e7\u0131klar\u0131nda ticaret gemisine f\u00fcze sald\u0131r\u0131s\u0131: Motoru hasar alan gemide b\u00fcy\u00fck yang\u0131n \u00e7\u0131kt\u0131"},"content":{"rendered":"<p><img decoding=\"async\" src=\"https:\/\/foto.haberler.com\/haber\/2024\/08\/21\/yemen-aciklarinda-ticaret-gemisine-fuze-saldirisi-17742101_6842_amp.jpg\" \/><\/p>\n<div id=\"\">\n<p>\u0130ngiliz deniz g\u00fcvenli\u011fi ajans\u0131 UKMTO, bug\u00fcn Yemen isyanc\u0131lar\u0131n\u0131n elindeki Hudeyde liman kenti a\u00e7\u0131klar\u0131nda bir ticaret gemisine \u00fc\u00e7 f\u00fczenin isabet etti\u011fini, gemide yang\u0131n \u00e7\u0131kt\u0131\u011f\u0131n\u0131 ve geminin motor g\u00fcc\u00fcn\u00fc kaybetti\u011fini bildirdi.<\/p>\n<p>\u0130ngiltere Deniz Ticaret Operasyonlar\u0131&#8217;na g\u00f6re, gemi ba\u015flang\u0131\u00e7ta iki k\u00fc\u00e7\u00fck tekneyle ate\u015f al\u0131\u015fveri\u015finde bulundu. Teknelerden birinde 3-5 ki\u015fi, di\u011ferinde ise yakla\u015f\u0131k 10 ki\u015fi bulunuyordu.<\/p>\n<p>Britanya Kraliyet Donanmas\u0131 taraf\u0131ndan y\u00f6netilen ajans, geminin daha sonra &#8220;iki tan\u0131mlanamayan f\u00fczeyle vurulduktan sonra \u00fc\u00e7\u00fcnc\u00fc bir f\u00fczeyle isabet ald\u0131\u011f\u0131n\u0131&#8221; belirtti.<\/p>\n<p>Ajans, &#8220;Gemide yang\u0131n \u00e7\u0131kt\u0131 ve gemi motor g\u00fcc\u00fcn\u00fc kaybetti&#8221; dedi ve can kayb\u0131 bildirilmedi\u011fini ekledi.<\/p>\n<p>UKMTO, &#8220;Gemi s\u00fcr\u00fckleniyor ve kontrol edilemiyor&#8221; a\u00e7\u0131klamas\u0131nda bulundu.<\/p>\n<p>Yunan liman yetkilisi s\u00f6zc\u00fcs\u00fc, geminin Yunan band\u0131ral\u0131 Sounion adl\u0131, Yunan denizcilik \u015firketi Delta Tankers&#8217;a ait bir petrol \u00fcr\u00fcnleri tankeri oldu\u011funu belirtti.<\/p>\n<p>Yunan liman yetkilisi, \u00e7o\u011funlu\u011fu Filipinli 25 ki\u015filik m\u00fcrettebat\u0131 olan geminin Irak&#8217;tan ayr\u0131ld\u0131\u011f\u0131n\u0131 ve bir\u00e7ok rafinerinin bulundu\u011fu Atina yak\u0131nlar\u0131ndaki bir limana gitti\u011fini s\u00f6yledi.<\/p>\n<p>Liman yetkilisine g\u00f6re, \u015fimdiye kadar herhangi bir yaralanma bildirilmedi ve geminin f\u00fczelerle veya insans\u0131z hava ara\u00e7lar\u0131yla vurulmu\u015f olabilece\u011fi belirtildi.<\/p>\n<p>Sald\u0131r\u0131y\u0131 hemen \u00fcstlenen olmad\u0131, ancak bu olay \u0130ran destekli Husi isyanc\u0131lar\u0131n Gazze&#8217;ye destek oldu\u011funu s\u00f6yledikleri, dokuz ayd\u0131r s\u00fcren K\u0131z\u0131ldeniz ve Aden K\u00f6rfezi&#8217;ndeki uluslararas\u0131 gemilere y\u00f6nelik kampanyas\u0131 kapsam\u0131nda ger\u00e7ekle\u015fti.<\/p>\n<p>\u0130syanc\u0131lar\u0131n roket ve insans\u0131z hava arac\u0131 sald\u0131r\u0131lar\u0131 kampanyas\u0131, normalde d\u00fcnya ticaretinin y\u00fczde 12&#8217;sine kadar olan k\u0131sm\u0131n\u0131 olu\u015fturan K\u0131z\u0131ldeniz&#8217;deki deniz trafi\u011fini ciddi \u015fekilde aksatt\u0131.<\/p>\n<p>ABD ve \u0130ngiltere, Ocak ay\u0131ndan bu yana Yemen&#8217;deki Husi hedeflerine sald\u0131rarak kar\u015f\u0131l\u0131k verdi, ancak bu sald\u0131r\u0131lar isyanc\u0131lar\u0131 cayd\u0131rmakta pek etkili olmad\u0131.<\/p>\n<h4 id=\"nwsKeywords\"> <a href=\"https:\/\/www.haberler.com\/yemen\/\" title=\"Yemen\" class=\"hbptTag\">Yemen<\/a>  <a href=\"https:\/\/www.haberler.com\/guvenlik\/\" title=\"G\u00fcvenlik\" class=\"hbptTag\">G\u00fcvenlik<\/a>  <a href=\"https:\/\/www.haberler.com\/dunya\/\" title=\"D\u00fcnya\" class=\"hbptTag\">D\u00fcnya<\/a>  <a href=\"https:\/\/www.haberler.com\/\" title=\"Haberler\" class=\"hbptTag\">Haberler<\/a> <\/h4>\n<\/div>\n","protected":false},"excerpt":{"rendered":"<p>\u0130ngiliz deniz g\u00fcvenli\u011fi ajans\u0131 UKMTO, bug\u00fcn Yemen isyanc\u0131lar\u0131n\u0131n elindeki Hudeyde liman kenti a\u00e7\u0131klar\u0131nda bir ticaret gemisine \u00fc\u00e7 f\u00fczenin isabet etti\u011fini, gemide yang\u0131n \u00e7\u0131kt\u0131\u011f\u0131n\u0131 ve geminin motor g\u00fcc\u00fcn\u00fc kaybetti\u011fini bildirdi. \u0130ngiltere Deniz Ticaret Operasyonlar\u0131&#8217;na g\u00f6re, gemi ba\u015flang\u0131\u00e7ta iki k\u00fc\u00e7\u00fck tekneyle ate\u015f al\u0131\u015fveri\u015finde bulundu. Teknelerden birinde 3-5 ki\u015fi, di\u011ferinde ise yakla\u015f\u0131k 10 ki\u015fi bulunuyordu. Britanya Kraliyet Donanmas\u0131<\/p>\n","protected":false},"author":1,"featured_media":55917,"comment_status":"open","ping_status":"open","sticky":false,"template":"","format":"standard","meta":{"footnotes":""},"categories":[83],"tags":[],"class_list":["post-55916","post","type-post","status-publish","format-standard","has-post-thumbnail","hentry","category-magazin"],"yoast_head":"<!-- This site is optimized with the Yoast SEO plugin v27.5 - https:\/\/yoast.com\/product\/yoast-seo-wordpress\/ -->\n<title>Yemen a\u00e7\u0131klar\u0131nda ticaret gemisine f\u00fcze sald\u0131r\u0131s\u0131: Motoru hasar alan gemide b\u00fcy\u00fck yang\u0131n \u00e7\u0131kt\u0131 -<\/title>\n<meta name=\"robots\" content=\"index, follow, max-snippet:-1, max-image-preview:large, max-video-preview:-1\" \/>\n<link rel=\"canonical\" href=\"https:\/\/kibrisdakik.com\/?p=55916\" \/>\n<meta property=\"og:locale\" content=\"tr_TR\" \/>\n<meta property=\"og:type\" content=\"article\" \/>\n<meta property=\"og:title\" content=\"Yemen a\u00e7\u0131klar\u0131nda ticaret gemisine f\u00fcze sald\u0131r\u0131s\u0131: Motoru hasar alan gemide b\u00fcy\u00fck yang\u0131n \u00e7\u0131kt\u0131 -\" \/>\n<meta property=\"og:description\" content=\"\u0130ngiliz deniz g\u00fcvenli\u011fi ajans\u0131 UKMTO, bug\u00fcn Yemen isyanc\u0131lar\u0131n\u0131n elindeki Hudeyde liman kenti a\u00e7\u0131klar\u0131nda bir ticaret gemisine \u00fc\u00e7 f\u00fczenin isabet etti\u011fini, gemide yang\u0131n \u00e7\u0131kt\u0131\u011f\u0131n\u0131 ve geminin motor g\u00fcc\u00fcn\u00fc kaybetti\u011fini bildirdi. \u0130ngiltere Deniz Ticaret Operasyonlar\u0131&#8217;na g\u00f6re, gemi ba\u015flang\u0131\u00e7ta iki k\u00fc\u00e7\u00fck tekneyle ate\u015f al\u0131\u015fveri\u015finde bulundu. Teknelerden birinde 3-5 ki\u015fi, di\u011ferinde ise yakla\u015f\u0131k 10 ki\u015fi bulunuyordu. Britanya Kraliyet Donanmas\u0131\" \/>\n<meta property=\"og:url\" content=\"https:\/\/kibrisdakik.com\/?p=55916\" \/>\n<meta property=\"article:published_time\" content=\"2024-08-21T12:49:41+00:00\" \/>\n<meta property=\"og:image\" content=\"https:\/\/kibrisdakik.com\/wp-content\/uploads\/2024\/08\/yemen-aciklarinda-ticaret-gemisine-fuze-saldirisi-17742101_6842_amp.jpg\" \/>\n\t<meta property=\"og:image:width\" content=\"1202\" \/>\n\t<meta property=\"og:image:height\" content=\"675\" \/>\n\t<meta property=\"og:image:type\" content=\"image\/jpeg\" \/>\n<meta name=\"author\" content=\"admin\" \/>\n<meta name=\"twitter:card\" content=\"summary_large_image\" \/>\n<meta name=\"twitter:label1\" content=\"Yazan:\" \/>\n\t<meta name=\"twitter:data1\" content=\"admin\" \/>\n\t<meta name=\"twitter:label2\" content=\"Tahmini okuma s\u00fcresi\" \/>\n\t<meta name=\"twitter:data2\" content=\"2 dakika\" \/>\n<script type=\"application\/ld+json\" class=\"yoast-schema-graph\">{\"@context\":\"https:\\\/\\\/schema.org\",\"@graph\":[{\"@type\":\"Article\",\"@id\":\"https:\\\/\\\/kibrisdakik.com\\\/?p=55916#article\",\"isPartOf\":{\"@id\":\"https:\\\/\\\/kibrisdakik.com\\\/?p=55916\"},\"author\":{\"name\":\"admin\",\"@id\":\"https:\\\/\\\/kibrisdakik.com\\\/#\\\/schema\\\/person\\\/9cd9d437bbb44f72b73ba127e06d8e79\"},\"headline\":\"Yemen a\u00e7\u0131klar\u0131nda ticaret gemisine f\u00fcze sald\u0131r\u0131s\u0131: Motoru hasar alan gemide b\u00fcy\u00fck yang\u0131n \u00e7\u0131kt\u0131\",\"datePublished\":\"2024-08-21T12:49:41+00:00\",\"mainEntityOfPage\":{\"@id\":\"https:\\\/\\\/kibrisdakik.com\\\/?p=55916\"},\"wordCount\":352,\"commentCount\":0,\"image\":{\"@id\":\"https:\\\/\\\/kibrisdakik.com\\\/?p=55916#primaryimage\"},\"thumbnailUrl\":\"https:\\\/\\\/kibrisdakik.com\\\/wp-content\\\/uploads\\\/2024\\\/08\\\/yemen-aciklarinda-ticaret-gemisine-fuze-saldirisi-17742101_6842_amp.jpg\",\"articleSection\":[\"Magazin\"],\"inLanguage\":\"tr\",\"potentialAction\":[{\"@type\":\"CommentAction\",\"name\":\"Comment\",\"target\":[\"https:\\\/\\\/kibrisdakik.com\\\/?p=55916#respond\"]}]},{\"@type\":\"WebPage\",\"@id\":\"https:\\\/\\\/kibrisdakik.com\\\/?p=55916\",\"url\":\"https:\\\/\\\/kibrisdakik.com\\\/?p=55916\",\"name\":\"Yemen a\u00e7\u0131klar\u0131nda ticaret gemisine f\u00fcze sald\u0131r\u0131s\u0131: Motoru hasar alan gemide b\u00fcy\u00fck yang\u0131n \u00e7\u0131kt\u0131 -\",\"isPartOf\":{\"@id\":\"https:\\\/\\\/kibrisdakik.com\\\/#website\"},\"primaryImageOfPage\":{\"@id\":\"https:\\\/\\\/kibrisdakik.com\\\/?p=55916#primaryimage\"},\"image\":{\"@id\":\"https:\\\/\\\/kibrisdakik.com\\\/?p=55916#primaryimage\"},\"thumbnailUrl\":\"https:\\\/\\\/kibrisdakik.com\\\/wp-content\\\/uploads\\\/2024\\\/08\\\/yemen-aciklarinda-ticaret-gemisine-fuze-saldirisi-17742101_6842_amp.jpg\",\"datePublished\":\"2024-08-21T12:49:41+00:00\",\"author\":{\"@id\":\"https:\\\/\\\/kibrisdakik.com\\\/#\\\/schema\\\/person\\\/9cd9d437bbb44f72b73ba127e06d8e79\"},\"breadcrumb\":{\"@id\":\"https:\\\/\\\/kibrisdakik.com\\\/?p=55916#breadcrumb\"},\"inLanguage\":\"tr\",\"potentialAction\":[{\"@type\":\"ReadAction\",\"target\":[\"https:\\\/\\\/kibrisdakik.com\\\/?p=55916\"]}]},{\"@type\":\"ImageObject\",\"inLanguage\":\"tr\",\"@id\":\"https:\\\/\\\/kibrisdakik.com\\\/?p=55916#primaryimage\",\"url\":\"https:\\\/\\\/kibrisdakik.com\\\/wp-content\\\/uploads\\\/2024\\\/08\\\/yemen-aciklarinda-ticaret-gemisine-fuze-saldirisi-17742101_6842_amp.jpg\",\"contentUrl\":\"https:\\\/\\\/kibrisdakik.com\\\/wp-content\\\/uploads\\\/2024\\\/08\\\/yemen-aciklarinda-ticaret-gemisine-fuze-saldirisi-17742101_6842_amp.jpg\",\"width\":1202,\"height\":675},{\"@type\":\"BreadcrumbList\",\"@id\":\"https:\\\/\\\/kibrisdakik.com\\\/?p=55916#breadcrumb\",\"itemListElement\":[{\"@type\":\"ListItem\",\"position\":1,\"name\":\"Home\",\"item\":\"https:\\\/\\\/kibrisdakik.com\\\/\"},{\"@type\":\"ListItem\",\"position\":2,\"name\":\"Yemen a\u00e7\u0131klar\u0131nda ticaret gemisine f\u00fcze sald\u0131r\u0131s\u0131: Motoru hasar alan gemide b\u00fcy\u00fck yang\u0131n \u00e7\u0131kt\u0131\"}]},{\"@type\":\"WebSite\",\"@id\":\"https:\\\/\\\/kibrisdakik.com\\\/#website\",\"url\":\"https:\\\/\\\/kibrisdakik.com\\\/\",\"name\":\"\",\"description\":\"Tam vaktinde haber\",\"potentialAction\":[{\"@type\":\"SearchAction\",\"target\":{\"@type\":\"EntryPoint\",\"urlTemplate\":\"https:\\\/\\\/kibrisdakik.com\\\/?s={search_term_string}\"},\"query-input\":{\"@type\":\"PropertyValueSpecification\",\"valueRequired\":true,\"valueName\":\"search_term_string\"}}],\"inLanguage\":\"tr\"},{\"@type\":\"Person\",\"@id\":\"https:\\\/\\\/kibrisdakik.com\\\/#\\\/schema\\\/person\\\/9cd9d437bbb44f72b73ba127e06d8e79\",\"name\":\"admin\",\"image\":{\"@type\":\"ImageObject\",\"inLanguage\":\"tr\",\"@id\":\"https:\\\/\\\/secure.gravatar.com\\\/avatar\\\/ccc17943b9d660506c869530f897617f7cb1c21a4bf30023f252596d83e1f007?s=96&d=mm&r=g\",\"url\":\"https:\\\/\\\/secure.gravatar.com\\\/avatar\\\/ccc17943b9d660506c869530f897617f7cb1c21a4bf30023f252596d83e1f007?s=96&d=mm&r=g\",\"contentUrl\":\"https:\\\/\\\/secure.gravatar.com\\\/avatar\\\/ccc17943b9d660506c869530f897617f7cb1c21a4bf30023f252596d83e1f007?s=96&d=mm&r=g\",\"caption\":\"admin\"},\"sameAs\":[\"https:\\\/\\\/kibrisdakik.com\"],\"url\":\"https:\\\/\\\/kibrisdakik.com\\\/?author=1\"}]}<\/script>\n<!-- \/ Yoast SEO plugin. -->","yoast_head_json":{"title":"Yemen a\u00e7\u0131klar\u0131nda ticaret gemisine f\u00fcze sald\u0131r\u0131s\u0131: Motoru hasar alan gemide b\u00fcy\u00fck yang\u0131n \u00e7\u0131kt\u0131 -","robots":{"index":"index","follow":"follow","max-snippet":"max-snippet:-1","max-image-preview":"max-image-preview:large","max-video-preview":"max-video-preview:-1"},"canonical":"https:\/\/kibrisdakik.com\/?p=55916","og_locale":"tr_TR","og_type":"article","og_title":"Yemen a\u00e7\u0131klar\u0131nda ticaret gemisine f\u00fcze sald\u0131r\u0131s\u0131: Motoru hasar alan gemide b\u00fcy\u00fck yang\u0131n \u00e7\u0131kt\u0131 -","og_description":"\u0130ngiliz deniz g\u00fcvenli\u011fi ajans\u0131 UKMTO, bug\u00fcn Yemen isyanc\u0131lar\u0131n\u0131n elindeki Hudeyde liman kenti a\u00e7\u0131klar\u0131nda bir ticaret gemisine \u00fc\u00e7 f\u00fczenin isabet etti\u011fini, gemide yang\u0131n \u00e7\u0131kt\u0131\u011f\u0131n\u0131 ve geminin motor g\u00fcc\u00fcn\u00fc kaybetti\u011fini bildirdi. \u0130ngiltere Deniz Ticaret Operasyonlar\u0131&#8217;na g\u00f6re, gemi ba\u015flang\u0131\u00e7ta iki k\u00fc\u00e7\u00fck tekneyle ate\u015f al\u0131\u015fveri\u015finde bulundu. Teknelerden birinde 3-5 ki\u015fi, di\u011ferinde ise yakla\u015f\u0131k 10 ki\u015fi bulunuyordu. Britanya Kraliyet Donanmas\u0131","og_url":"https:\/\/kibrisdakik.com\/?p=55916","article_published_time":"2024-08-21T12:49:41+00:00","og_image":[{"width":1202,"height":675,"url":"https:\/\/kibrisdakik.com\/wp-content\/uploads\/2024\/08\/yemen-aciklarinda-ticaret-gemisine-fuze-saldirisi-17742101_6842_amp.jpg","type":"image\/jpeg"}],"author":"admin","twitter_card":"summary_large_image","twitter_misc":{"Yazan:":"admin","Tahmini okuma s\u00fcresi":"2 dakika"},"schema":{"@context":"https:\/\/schema.org","@graph":[{"@type":"Article","@id":"https:\/\/kibrisdakik.com\/?p=55916#article","isPartOf":{"@id":"https:\/\/kibrisdakik.com\/?p=55916"},"author":{"name":"admin","@id":"https:\/\/kibrisdakik.com\/#\/schema\/person\/9cd9d437bbb44f72b73ba127e06d8e79"},"headline":"Yemen a\u00e7\u0131klar\u0131nda ticaret gemisine f\u00fcze sald\u0131r\u0131s\u0131: Motoru hasar alan gemide b\u00fcy\u00fck yang\u0131n \u00e7\u0131kt\u0131","datePublished":"2024-08-21T12:49:41+00:00","mainEntityOfPage":{"@id":"https:\/\/kibrisdakik.com\/?p=55916"},"wordCount":352,"commentCount":0,"image":{"@id":"https:\/\/kibrisdakik.com\/?p=55916#primaryimage"},"thumbnailUrl":"https:\/\/kibrisdakik.com\/wp-content\/uploads\/2024\/08\/yemen-aciklarinda-ticaret-gemisine-fuze-saldirisi-17742101_6842_amp.jpg","articleSection":["Magazin"],"inLanguage":"tr","potentialAction":[{"@type":"CommentAction","name":"Comment","target":["https:\/\/kibrisdakik.com\/?p=55916#respond"]}]},{"@type":"WebPage","@id":"https:\/\/kibrisdakik.com\/?p=55916","url":"https:\/\/kibrisdakik.com\/?p=55916","name":"Yemen a\u00e7\u0131klar\u0131nda ticaret gemisine f\u00fcze sald\u0131r\u0131s\u0131: Motoru hasar alan gemide b\u00fcy\u00fck yang\u0131n \u00e7\u0131kt\u0131 -","isPartOf":{"@id":"https:\/\/kibrisdakik.com\/#website"},"primaryImageOfPage":{"@id":"https:\/\/kibrisdakik.com\/?p=55916#primaryimage"},"image":{"@id":"https:\/\/kibrisdakik.com\/?p=55916#primaryimage"},"thumbnailUrl":"https:\/\/kibrisdakik.com\/wp-content\/uploads\/2024\/08\/yemen-aciklarinda-ticaret-gemisine-fuze-saldirisi-17742101_6842_amp.jpg","datePublished":"2024-08-21T12:49:41+00:00","author":{"@id":"https:\/\/kibrisdakik.com\/#\/schema\/person\/9cd9d437bbb44f72b73ba127e06d8e79"},"breadcrumb":{"@id":"https:\/\/kibrisdakik.com\/?p=55916#breadcrumb"},"inLanguage":"tr","potentialAction":[{"@type":"ReadAction","target":["https:\/\/kibrisdakik.com\/?p=55916"]}]},{"@type":"ImageObject","inLanguage":"tr","@id":"https:\/\/kibrisdakik.com\/?p=55916#primaryimage","url":"https:\/\/kibrisdakik.com\/wp-content\/uploads\/2024\/08\/yemen-aciklarinda-ticaret-gemisine-fuze-saldirisi-17742101_6842_amp.jpg","contentUrl":"https:\/\/kibrisdakik.com\/wp-content\/uploads\/2024\/08\/yemen-aciklarinda-ticaret-gemisine-fuze-saldirisi-17742101_6842_amp.jpg","width":1202,"height":675},{"@type":"BreadcrumbList","@id":"https:\/\/kibrisdakik.com\/?p=55916#breadcrumb","itemListElement":[{"@type":"ListItem","position":1,"name":"Home","item":"https:\/\/kibrisdakik.com\/"},{"@type":"ListItem","position":2,"name":"Yemen a\u00e7\u0131klar\u0131nda ticaret gemisine f\u00fcze sald\u0131r\u0131s\u0131: Motoru hasar alan gemide b\u00fcy\u00fck yang\u0131n \u00e7\u0131kt\u0131"}]},{"@type":"WebSite","@id":"https:\/\/kibrisdakik.com\/#website","url":"https:\/\/kibrisdakik.com\/","name":"","description":"Tam vaktinde haber","potentialAction":[{"@type":"SearchAction","target":{"@type":"EntryPoint","urlTemplate":"https:\/\/kibrisdakik.com\/?s={search_term_string}"},"query-input":{"@type":"PropertyValueSpecification","valueRequired":true,"valueName":"search_term_string"}}],"inLanguage":"tr"},{"@type":"Person","@id":"https:\/\/kibrisdakik.com\/#\/schema\/person\/9cd9d437bbb44f72b73ba127e06d8e79","name":"admin","image":{"@type":"ImageObject","inLanguage":"tr","@id":"https:\/\/secure.gravatar.com\/avatar\/ccc17943b9d660506c869530f897617f7cb1c21a4bf30023f252596d83e1f007?s=96&d=mm&r=g","url":"https:\/\/secure.gravatar.com\/avatar\/ccc17943b9d660506c869530f897617f7cb1c21a4bf30023f252596d83e1f007?s=96&d=mm&r=g","contentUrl":"https:\/\/secure.gravatar.com\/avatar\/ccc17943b9d660506c869530f897617f7cb1c21a4bf30023f252596d83e1f007?s=96&d=mm&r=g","caption":"admin"},"sameAs":["https:\/\/kibrisdakik.com"],"url":"https:\/\/kibrisdakik.com\/?author=1"}]}},"_links":{"self":[{"href":"https:\/\/kibrisdakik.com\/index.php?rest_route=\/wp\/v2\/posts\/55916","targetHints":{"allow":["GET"]}}],"collection":[{"href":"https:\/\/kibrisdakik.com\/index.php?rest_route=\/wp\/v2\/posts"}],"about":[{"href":"https:\/\/kibrisdakik.com\/index.php?rest_route=\/wp\/v2\/types\/post"}],"author":[{"embeddable":true,"href":"https:\/\/kibrisdakik.com\/index.php?rest_route=\/wp\/v2\/users\/1"}],"replies":[{"embeddable":true,"href":"https:\/\/kibrisdakik.com\/index.php?rest_route=%2Fwp%2Fv2%2Fcomments&post=55916"}],"version-history":[{"count":0,"href":"https:\/\/kibrisdakik.com\/index.php?rest_route=\/wp\/v2\/posts\/55916\/revisions"}],"wp:featuredmedia":[{"embeddable":true,"href":"https:\/\/kibrisdakik.com\/index.php?rest_route=\/wp\/v2\/media\/55917"}],"wp:attachment":[{"href":"https:\/\/kibrisdakik.com\/index.php?rest_route=%2Fwp%2Fv2%2Fmedia&parent=55916"}],"wp:term":[{"taxonomy":"category","embeddable":true,"href":"https:\/\/kibrisdakik.com\/index.php?rest_route=%2Fwp%2Fv2%2Fcategories&post=55916"},{"taxonomy":"post_tag","embeddable":true,"href":"https:\/\/kibrisdakik.com\/index.php?rest_route=%2Fwp%2Fv2%2Ftags&post=55916"}],"curies":[{"name":"wp","href":"https:\/\/api.w.org\/{rel}","templated":true}]}}