{"id":55920,"date":"2024-08-21T15:46:09","date_gmt":"2024-08-21T12:46:09","guid":{"rendered":"https:\/\/kibrisdakik.com\/index.php\/2024\/08\/21\/arda-guler-antrenmana-maskeyle-cikti-iste-nedeni\/"},"modified":"2024-08-21T15:46:09","modified_gmt":"2024-08-21T12:46:09","slug":"arda-guler-antrenmana-maskeyle-cikti-iste-nedeni","status":"publish","type":"post","link":"https:\/\/kibrisdakik.com\/?p=55920","title":{"rendered":"Arda G\u00fcler, antrenmana maskeyle \u00e7\u0131kt\u0131! \u0130\u015fte nedeni"},"content":{"rendered":"<p><\/p>\n<div id=\"\">\n<p> <a class=\"keyword\" href=\"https:\/\/www.haberler.com\/la-liga\/\" title=\"La Liga Haberleri, La Liga Haberi, La Liga Haber\"><strong>La Liga<\/strong><\/a>&#8216;n\u0131n ilk haftas\u0131nda Mallorca ile berabere kalan  <a class=\"keyword\" href=\"https:\/\/www.haberler.com\/real-madrid\/\" title=\"Real Madrid Haberleri, Real Madrid Haberi, Real Madrid Haber\"><strong>Real Madrid<\/strong><\/a>, ikinci hafta oynayaca\u011f\u0131 Real Valladolid ma\u00e7\u0131na odakland\u0131. Eflatun-beyazl\u0131larda Real Valladolid ile oynanacak ma\u00e7\u0131n haz\u0131rl\u0131klar\u0131 devam ederken milli futbolcu Arda G\u00fcler&#8217;in g\u00f6r\u00fcnt\u00fcs\u00fc g\u00fcndem oldu.<\/p>\n<h3>MASKEL\u0130 FOTO\u011eRAFI G\u00dcNDEM OLDU<\/h3>\n<p>Ligin ikinci haftas\u0131nda sahas\u0131nda 25 A\u011fustos Pazar g\u00fcn\u00fc Real Valladolid&#8217;i a\u011f\u0131rlayacak olan  <a class=\"keyword\" href=\"https:\/\/www.haberler.com\/real-madrid\/\" title=\"Real Madrid Haberleri, Real Madrid Haberi, Real Madrid Haber\"><strong>Real Madrid<\/strong><\/a>&#8216;de futbolcular, fiziksel testler i\u00e7in antrenmanda maskeyle \u00e7al\u0131\u015ft\u0131. Arda G\u00fcler&#8217;in maskeli g\u00f6r\u00fcnt\u00fcs\u00fc de sosyal medyada defalarca payla\u015f\u0131l\u0131rken, \u00e7ok say\u0131da be\u011feni ve yorum da ald\u0131.<\/p>\n<p><img loading=\"lazy\" decoding=\"async\" class=\"hbptMainImage lazyload ImgDetay\" src=\"https:\/\/foto.haberler.com\/haber\/2024\/08\/21\/arda-guler-antrenmana-maskeyle-cikti-iste-nedeni-17742081_3567_m.jpg\" alt=\"Arda G\u00fcler, antrenmana maskeyle \u00e7\u0131kt\u0131! \u0130\u015fte nedeni\" width=\"640\" height=\"360\"\/><\/p>\n<h3>UYGULAMANIN NEDEN\u0130<\/h3>\n<p>Bu teknik oksijen sa\u011flamaktan ziyade bir\u00e7ok geli\u015fmi\u015f \u00f6zelli\u011fe sahip.  <a class=\"keyword\" href=\"https:\/\/www.haberler.com\/real-madrid\/\" title=\"Real Madrid Haberleri, Real Madrid Haberi, Real Madrid Haber\"><strong>Real Madrid<\/strong><\/a>, bu uygulamaya \u00e7ok sakatl\u0131k ge\u00e7irilen sezonun ard\u0131ndan ba\u015flad\u0131. Madrid temsilcisi, y\u0131ld\u0131z futbolcular\u0131n\u0131 yakla\u015f\u0131k 70 sakatl\u0131\u011fa kurban verdi. Bu durum sa\u011fl\u0131k ekibinin ne kadar \u00f6nem arz etti\u011fini g\u00f6zler \u00f6n\u00fcne serdi. Dev kul\u00fcp, bu nedenle kritik d\u00f6nemlerde en \u00f6nemli oyunculardan mahrum kalma sorunu en aza indirmek i\u00e7in b\u00f6yle bir \u00f6nlem ald\u0131.<\/p>\n<h3>GE\u00c7EN SEZON SAKATLIKLARLA BO\u011eU\u015eTU<\/h3>\n<p>2023 yaz\u0131nda  <a class=\"keyword\" href=\"https:\/\/www.haberler.com\/real-madrid\/\" title=\"Real Madrid Haberleri, Real Madrid Haberi, Real Madrid Haber\"><strong>Real Madrid<\/strong><\/a>&#8216;e transfer olan ve ya\u015fad\u0131\u011f\u0131 sakatl\u0131klar nedeniyle ge\u00e7en sezonun ikinci yar\u0131s\u0131nda daha fazla forma \u015fans\u0131 bulan Arda G\u00fcler, geride kalan sezonda \u0130spanyol devinin formas\u0131n\u0131 5&#8217;i ilk 11 olmak \u00fczere toplamda 12 ma\u00e7ta giymi\u015fti. Arda, bu kar\u015f\u0131la\u015fmalarda ald\u0131\u011f\u0131 k\u0131s\u0131tl\u0131 s\u00fcreye ra\u011fmen 6 gol atmay\u0131 ba\u015farm\u0131\u015ft\u0131.<\/p>\n<h3>BU SEZON 2 MA\u00c7A DA SONRADAN G\u0130RD\u0130<\/h3>\n<p> <a class=\"keyword\" href=\"https:\/\/www.haberler.com\/real-madrid\/\" title=\"Real Madrid Haberleri, Real Madrid Haberi, Real Madrid Haber\"><strong>Real Madrid<\/strong><\/a>&#8216;in sezon \u00f6ncesindeki ABD kamp\u0131nda ortaya koydu\u011fu performansla alk\u0131\u015f alan milli y\u0131ld\u0131z\u0131m\u0131z Arda G\u00fcler, \u015eampiyonlar Ligi \u015fampiyonu Real Madrid ile Avrupa Ligi \u015fampiyonu Atalanta aras\u0131nda oynanan ve Madrid temsilcisinin 2-0 kazanarak kupay\u0131 m\u00fczesine g\u00f6t\u00fcrd\u00fc\u011f\u00fc S\u00fcper Kupa finalinde 88. dakikada forma \u015fans\u0131 bulmu\u015ftu. Gen\u00e7 futbolcu, ligin ilk haftas\u0131nda 1-1 berabere sonu\u00e7lanan Mallorca ma\u00e7\u0131nda da yine 88. dakikada oyuna girdi.<\/p>\n<div class=\"editorSade\">Kaynak: Haberler.com \/  <a href=\"https:\/\/www.haberler.com\/spor\/\" title=\"Spor Haberleri\">Spor<\/a> <\/div>\n<h4 id=\"nwsKeywords\"> <a href=\"https:\/\/www.haberler.com\/real-madrid\/\" title=\"Real Madrid\" class=\"hbptTag\">Real Madrid<\/a>  <a href=\"https:\/\/www.haberler.com\/real-madrid\/\" title=\"Real Madrid\" class=\"hbptTag\">Real Madrid<\/a>  <a href=\"https:\/\/www.haberler.com\/arda-guler\/\" title=\"Arda G\u00fcler\" class=\"hbptTag\">Arda G\u00fcler<\/a>  <a href=\"https:\/\/www.haberler.com\/arda-gedik\/\" title=\"Arda Gedik\" class=\"hbptTag\">Arda Gedik<\/a>  <a href=\"https:\/\/www.haberler.com\/la-liga\/\" title=\"La Liga\" class=\"hbptTag\">La Liga<\/a>  <a href=\"https:\/\/www.haberler.com\/madrid\/\" title=\"Madrid\" class=\"hbptTag\">Madrid<\/a>  <a href=\"https:\/\/www.haberler.com\/futbol\/\" title=\"Futbol\" class=\"hbptTag\">Futbol<\/a>  <a href=\"https:\/\/www.haberler.com\/spor\/\" title=\"Spor\" class=\"hbptTag\">Spor<\/a>  <a href=\"https:\/\/www.haberler.com\/\" title=\"Haberler\" class=\"hbptTag\">Haberler<\/a> <\/h4>\n<\/div>\n","protected":false},"excerpt":{"rendered":"<p>La Liga&#8216;n\u0131n ilk haftas\u0131nda Mallorca ile berabere kalan Real Madrid, ikinci hafta oynayaca\u011f\u0131 Real Valladolid ma\u00e7\u0131na odakland\u0131. Eflatun-beyazl\u0131larda Real Valladolid ile oynanacak ma\u00e7\u0131n haz\u0131rl\u0131klar\u0131 devam ederken milli futbolcu Arda G\u00fcler&#8217;in g\u00f6r\u00fcnt\u00fcs\u00fc g\u00fcndem oldu. MASKEL\u0130 FOTO\u011eRAFI G\u00dcNDEM OLDU Ligin ikinci haftas\u0131nda sahas\u0131nda 25 A\u011fustos Pazar g\u00fcn\u00fc Real Valladolid&#8217;i a\u011f\u0131rlayacak olan Real Madrid&#8216;de futbolcular, fiziksel testler i\u00e7in<\/p>\n","protected":false},"author":1,"featured_media":55921,"comment_status":"open","ping_status":"open","sticky":false,"template":"","format":"standard","meta":{"footnotes":""},"categories":[83],"tags":[],"class_list":["post-55920","post","type-post","status-publish","format-standard","has-post-thumbnail","hentry","category-magazin"],"yoast_head":"<!-- This site is optimized with the Yoast SEO plugin v27.4 - https:\/\/yoast.com\/product\/yoast-seo-wordpress\/ -->\n<title>Arda G\u00fcler, antrenmana maskeyle \u00e7\u0131kt\u0131! \u0130\u015fte nedeni -<\/title>\n<meta name=\"robots\" content=\"index, follow, max-snippet:-1, max-image-preview:large, max-video-preview:-1\" \/>\n<link rel=\"canonical\" href=\"https:\/\/kibrisdakik.com\/?p=55920\" \/>\n<meta property=\"og:locale\" content=\"tr_TR\" \/>\n<meta property=\"og:type\" content=\"article\" \/>\n<meta property=\"og:title\" content=\"Arda G\u00fcler, antrenmana maskeyle \u00e7\u0131kt\u0131! \u0130\u015fte nedeni -\" \/>\n<meta property=\"og:description\" content=\"La Liga&#8216;n\u0131n ilk haftas\u0131nda Mallorca ile berabere kalan Real Madrid, ikinci hafta oynayaca\u011f\u0131 Real Valladolid ma\u00e7\u0131na odakland\u0131. Eflatun-beyazl\u0131larda Real Valladolid ile oynanacak ma\u00e7\u0131n haz\u0131rl\u0131klar\u0131 devam ederken milli futbolcu Arda G\u00fcler&#8217;in g\u00f6r\u00fcnt\u00fcs\u00fc g\u00fcndem oldu. MASKEL\u0130 FOTO\u011eRAFI G\u00dcNDEM OLDU Ligin ikinci haftas\u0131nda sahas\u0131nda 25 A\u011fustos Pazar g\u00fcn\u00fc Real Valladolid&#8217;i a\u011f\u0131rlayacak olan Real Madrid&#8216;de futbolcular, fiziksel testler i\u00e7in\" \/>\n<meta property=\"og:url\" content=\"https:\/\/kibrisdakik.com\/?p=55920\" \/>\n<meta property=\"article:published_time\" content=\"2024-08-21T12:46:09+00:00\" \/>\n<meta property=\"og:image\" content=\"https:\/\/kibrisdakik.com\/wp-content\/uploads\/2024\/08\/arda-guler-antrenmana-maskeyle-cikti-iste-nedeni-17742081_3567_m.jpg\" \/>\n\t<meta property=\"og:image:width\" content=\"640\" \/>\n\t<meta property=\"og:image:height\" content=\"360\" \/>\n\t<meta property=\"og:image:type\" content=\"image\/jpeg\" \/>\n<meta name=\"author\" content=\"admin\" \/>\n<meta name=\"twitter:card\" content=\"summary_large_image\" \/>\n<meta name=\"twitter:label1\" content=\"Yazan:\" \/>\n\t<meta name=\"twitter:data1\" content=\"admin\" \/>\n\t<meta name=\"twitter:label2\" content=\"Tahmini okuma s\u00fcresi\" \/>\n\t<meta name=\"twitter:data2\" content=\"2 dakika\" \/>\n<script type=\"application\/ld+json\" class=\"yoast-schema-graph\">{\"@context\":\"https:\\\/\\\/schema.org\",\"@graph\":[{\"@type\":\"Article\",\"@id\":\"https:\\\/\\\/kibrisdakik.com\\\/?p=55920#article\",\"isPartOf\":{\"@id\":\"https:\\\/\\\/kibrisdakik.com\\\/?p=55920\"},\"author\":{\"name\":\"admin\",\"@id\":\"https:\\\/\\\/kibrisdakik.com\\\/#\\\/schema\\\/person\\\/9cd9d437bbb44f72b73ba127e06d8e79\"},\"headline\":\"Arda G\u00fcler, antrenmana maskeyle \u00e7\u0131kt\u0131! \u0130\u015fte nedeni\",\"datePublished\":\"2024-08-21T12:46:09+00:00\",\"mainEntityOfPage\":{\"@id\":\"https:\\\/\\\/kibrisdakik.com\\\/?p=55920\"},\"wordCount\":365,\"commentCount\":0,\"image\":{\"@id\":\"https:\\\/\\\/kibrisdakik.com\\\/?p=55920#primaryimage\"},\"thumbnailUrl\":\"https:\\\/\\\/kibrisdakik.com\\\/wp-content\\\/uploads\\\/2024\\\/08\\\/arda-guler-antrenmana-maskeyle-cikti-iste-nedeni-17742081_3567_m.jpg\",\"articleSection\":[\"Magazin\"],\"inLanguage\":\"tr\",\"potentialAction\":[{\"@type\":\"CommentAction\",\"name\":\"Comment\",\"target\":[\"https:\\\/\\\/kibrisdakik.com\\\/?p=55920#respond\"]}]},{\"@type\":\"WebPage\",\"@id\":\"https:\\\/\\\/kibrisdakik.com\\\/?p=55920\",\"url\":\"https:\\\/\\\/kibrisdakik.com\\\/?p=55920\",\"name\":\"Arda G\u00fcler, antrenmana maskeyle \u00e7\u0131kt\u0131! \u0130\u015fte nedeni -\",\"isPartOf\":{\"@id\":\"https:\\\/\\\/kibrisdakik.com\\\/#website\"},\"primaryImageOfPage\":{\"@id\":\"https:\\\/\\\/kibrisdakik.com\\\/?p=55920#primaryimage\"},\"image\":{\"@id\":\"https:\\\/\\\/kibrisdakik.com\\\/?p=55920#primaryimage\"},\"thumbnailUrl\":\"https:\\\/\\\/kibrisdakik.com\\\/wp-content\\\/uploads\\\/2024\\\/08\\\/arda-guler-antrenmana-maskeyle-cikti-iste-nedeni-17742081_3567_m.jpg\",\"datePublished\":\"2024-08-21T12:46:09+00:00\",\"author\":{\"@id\":\"https:\\\/\\\/kibrisdakik.com\\\/#\\\/schema\\\/person\\\/9cd9d437bbb44f72b73ba127e06d8e79\"},\"breadcrumb\":{\"@id\":\"https:\\\/\\\/kibrisdakik.com\\\/?p=55920#breadcrumb\"},\"inLanguage\":\"tr\",\"potentialAction\":[{\"@type\":\"ReadAction\",\"target\":[\"https:\\\/\\\/kibrisdakik.com\\\/?p=55920\"]}]},{\"@type\":\"ImageObject\",\"inLanguage\":\"tr\",\"@id\":\"https:\\\/\\\/kibrisdakik.com\\\/?p=55920#primaryimage\",\"url\":\"https:\\\/\\\/kibrisdakik.com\\\/wp-content\\\/uploads\\\/2024\\\/08\\\/arda-guler-antrenmana-maskeyle-cikti-iste-nedeni-17742081_3567_m.jpg\",\"contentUrl\":\"https:\\\/\\\/kibrisdakik.com\\\/wp-content\\\/uploads\\\/2024\\\/08\\\/arda-guler-antrenmana-maskeyle-cikti-iste-nedeni-17742081_3567_m.jpg\",\"width\":640,\"height\":360},{\"@type\":\"BreadcrumbList\",\"@id\":\"https:\\\/\\\/kibrisdakik.com\\\/?p=55920#breadcrumb\",\"itemListElement\":[{\"@type\":\"ListItem\",\"position\":1,\"name\":\"Home\",\"item\":\"https:\\\/\\\/kibrisdakik.com\\\/\"},{\"@type\":\"ListItem\",\"position\":2,\"name\":\"Arda G\u00fcler, antrenmana maskeyle \u00e7\u0131kt\u0131! \u0130\u015fte nedeni\"}]},{\"@type\":\"WebSite\",\"@id\":\"https:\\\/\\\/kibrisdakik.com\\\/#website\",\"url\":\"https:\\\/\\\/kibrisdakik.com\\\/\",\"name\":\"\",\"description\":\"Tam vaktinde haber\",\"potentialAction\":[{\"@type\":\"SearchAction\",\"target\":{\"@type\":\"EntryPoint\",\"urlTemplate\":\"https:\\\/\\\/kibrisdakik.com\\\/?s={search_term_string}\"},\"query-input\":{\"@type\":\"PropertyValueSpecification\",\"valueRequired\":true,\"valueName\":\"search_term_string\"}}],\"inLanguage\":\"tr\"},{\"@type\":\"Person\",\"@id\":\"https:\\\/\\\/kibrisdakik.com\\\/#\\\/schema\\\/person\\\/9cd9d437bbb44f72b73ba127e06d8e79\",\"name\":\"admin\",\"image\":{\"@type\":\"ImageObject\",\"inLanguage\":\"tr\",\"@id\":\"https:\\\/\\\/secure.gravatar.com\\\/avatar\\\/ccc17943b9d660506c869530f897617f7cb1c21a4bf30023f252596d83e1f007?s=96&d=mm&r=g\",\"url\":\"https:\\\/\\\/secure.gravatar.com\\\/avatar\\\/ccc17943b9d660506c869530f897617f7cb1c21a4bf30023f252596d83e1f007?s=96&d=mm&r=g\",\"contentUrl\":\"https:\\\/\\\/secure.gravatar.com\\\/avatar\\\/ccc17943b9d660506c869530f897617f7cb1c21a4bf30023f252596d83e1f007?s=96&d=mm&r=g\",\"caption\":\"admin\"},\"sameAs\":[\"https:\\\/\\\/kibrisdakik.com\"],\"url\":\"https:\\\/\\\/kibrisdakik.com\\\/?author=1\"}]}<\/script>\n<!-- \/ Yoast SEO plugin. -->","yoast_head_json":{"title":"Arda G\u00fcler, antrenmana maskeyle \u00e7\u0131kt\u0131! \u0130\u015fte nedeni -","robots":{"index":"index","follow":"follow","max-snippet":"max-snippet:-1","max-image-preview":"max-image-preview:large","max-video-preview":"max-video-preview:-1"},"canonical":"https:\/\/kibrisdakik.com\/?p=55920","og_locale":"tr_TR","og_type":"article","og_title":"Arda G\u00fcler, antrenmana maskeyle \u00e7\u0131kt\u0131! \u0130\u015fte nedeni -","og_description":"La Liga&#8216;n\u0131n ilk haftas\u0131nda Mallorca ile berabere kalan Real Madrid, ikinci hafta oynayaca\u011f\u0131 Real Valladolid ma\u00e7\u0131na odakland\u0131. Eflatun-beyazl\u0131larda Real Valladolid ile oynanacak ma\u00e7\u0131n haz\u0131rl\u0131klar\u0131 devam ederken milli futbolcu Arda G\u00fcler&#8217;in g\u00f6r\u00fcnt\u00fcs\u00fc g\u00fcndem oldu. MASKEL\u0130 FOTO\u011eRAFI G\u00dcNDEM OLDU Ligin ikinci haftas\u0131nda sahas\u0131nda 25 A\u011fustos Pazar g\u00fcn\u00fc Real Valladolid&#8217;i a\u011f\u0131rlayacak olan Real Madrid&#8216;de futbolcular, fiziksel testler i\u00e7in","og_url":"https:\/\/kibrisdakik.com\/?p=55920","article_published_time":"2024-08-21T12:46:09+00:00","og_image":[{"width":640,"height":360,"url":"https:\/\/kibrisdakik.com\/wp-content\/uploads\/2024\/08\/arda-guler-antrenmana-maskeyle-cikti-iste-nedeni-17742081_3567_m.jpg","type":"image\/jpeg"}],"author":"admin","twitter_card":"summary_large_image","twitter_misc":{"Yazan:":"admin","Tahmini okuma s\u00fcresi":"2 dakika"},"schema":{"@context":"https:\/\/schema.org","@graph":[{"@type":"Article","@id":"https:\/\/kibrisdakik.com\/?p=55920#article","isPartOf":{"@id":"https:\/\/kibrisdakik.com\/?p=55920"},"author":{"name":"admin","@id":"https:\/\/kibrisdakik.com\/#\/schema\/person\/9cd9d437bbb44f72b73ba127e06d8e79"},"headline":"Arda G\u00fcler, antrenmana maskeyle \u00e7\u0131kt\u0131! \u0130\u015fte nedeni","datePublished":"2024-08-21T12:46:09+00:00","mainEntityOfPage":{"@id":"https:\/\/kibrisdakik.com\/?p=55920"},"wordCount":365,"commentCount":0,"image":{"@id":"https:\/\/kibrisdakik.com\/?p=55920#primaryimage"},"thumbnailUrl":"https:\/\/kibrisdakik.com\/wp-content\/uploads\/2024\/08\/arda-guler-antrenmana-maskeyle-cikti-iste-nedeni-17742081_3567_m.jpg","articleSection":["Magazin"],"inLanguage":"tr","potentialAction":[{"@type":"CommentAction","name":"Comment","target":["https:\/\/kibrisdakik.com\/?p=55920#respond"]}]},{"@type":"WebPage","@id":"https:\/\/kibrisdakik.com\/?p=55920","url":"https:\/\/kibrisdakik.com\/?p=55920","name":"Arda G\u00fcler, antrenmana maskeyle \u00e7\u0131kt\u0131! \u0130\u015fte nedeni -","isPartOf":{"@id":"https:\/\/kibrisdakik.com\/#website"},"primaryImageOfPage":{"@id":"https:\/\/kibrisdakik.com\/?p=55920#primaryimage"},"image":{"@id":"https:\/\/kibrisdakik.com\/?p=55920#primaryimage"},"thumbnailUrl":"https:\/\/kibrisdakik.com\/wp-content\/uploads\/2024\/08\/arda-guler-antrenmana-maskeyle-cikti-iste-nedeni-17742081_3567_m.jpg","datePublished":"2024-08-21T12:46:09+00:00","author":{"@id":"https:\/\/kibrisdakik.com\/#\/schema\/person\/9cd9d437bbb44f72b73ba127e06d8e79"},"breadcrumb":{"@id":"https:\/\/kibrisdakik.com\/?p=55920#breadcrumb"},"inLanguage":"tr","potentialAction":[{"@type":"ReadAction","target":["https:\/\/kibrisdakik.com\/?p=55920"]}]},{"@type":"ImageObject","inLanguage":"tr","@id":"https:\/\/kibrisdakik.com\/?p=55920#primaryimage","url":"https:\/\/kibrisdakik.com\/wp-content\/uploads\/2024\/08\/arda-guler-antrenmana-maskeyle-cikti-iste-nedeni-17742081_3567_m.jpg","contentUrl":"https:\/\/kibrisdakik.com\/wp-content\/uploads\/2024\/08\/arda-guler-antrenmana-maskeyle-cikti-iste-nedeni-17742081_3567_m.jpg","width":640,"height":360},{"@type":"BreadcrumbList","@id":"https:\/\/kibrisdakik.com\/?p=55920#breadcrumb","itemListElement":[{"@type":"ListItem","position":1,"name":"Home","item":"https:\/\/kibrisdakik.com\/"},{"@type":"ListItem","position":2,"name":"Arda G\u00fcler, antrenmana maskeyle \u00e7\u0131kt\u0131! \u0130\u015fte nedeni"}]},{"@type":"WebSite","@id":"https:\/\/kibrisdakik.com\/#website","url":"https:\/\/kibrisdakik.com\/","name":"","description":"Tam vaktinde haber","potentialAction":[{"@type":"SearchAction","target":{"@type":"EntryPoint","urlTemplate":"https:\/\/kibrisdakik.com\/?s={search_term_string}"},"query-input":{"@type":"PropertyValueSpecification","valueRequired":true,"valueName":"search_term_string"}}],"inLanguage":"tr"},{"@type":"Person","@id":"https:\/\/kibrisdakik.com\/#\/schema\/person\/9cd9d437bbb44f72b73ba127e06d8e79","name":"admin","image":{"@type":"ImageObject","inLanguage":"tr","@id":"https:\/\/secure.gravatar.com\/avatar\/ccc17943b9d660506c869530f897617f7cb1c21a4bf30023f252596d83e1f007?s=96&d=mm&r=g","url":"https:\/\/secure.gravatar.com\/avatar\/ccc17943b9d660506c869530f897617f7cb1c21a4bf30023f252596d83e1f007?s=96&d=mm&r=g","contentUrl":"https:\/\/secure.gravatar.com\/avatar\/ccc17943b9d660506c869530f897617f7cb1c21a4bf30023f252596d83e1f007?s=96&d=mm&r=g","caption":"admin"},"sameAs":["https:\/\/kibrisdakik.com"],"url":"https:\/\/kibrisdakik.com\/?author=1"}]}},"_links":{"self":[{"href":"https:\/\/kibrisdakik.com\/index.php?rest_route=\/wp\/v2\/posts\/55920","targetHints":{"allow":["GET"]}}],"collection":[{"href":"https:\/\/kibrisdakik.com\/index.php?rest_route=\/wp\/v2\/posts"}],"about":[{"href":"https:\/\/kibrisdakik.com\/index.php?rest_route=\/wp\/v2\/types\/post"}],"author":[{"embeddable":true,"href":"https:\/\/kibrisdakik.com\/index.php?rest_route=\/wp\/v2\/users\/1"}],"replies":[{"embeddable":true,"href":"https:\/\/kibrisdakik.com\/index.php?rest_route=%2Fwp%2Fv2%2Fcomments&post=55920"}],"version-history":[{"count":0,"href":"https:\/\/kibrisdakik.com\/index.php?rest_route=\/wp\/v2\/posts\/55920\/revisions"}],"wp:featuredmedia":[{"embeddable":true,"href":"https:\/\/kibrisdakik.com\/index.php?rest_route=\/wp\/v2\/media\/55921"}],"wp:attachment":[{"href":"https:\/\/kibrisdakik.com\/index.php?rest_route=%2Fwp%2Fv2%2Fmedia&parent=55920"}],"wp:term":[{"taxonomy":"category","embeddable":true,"href":"https:\/\/kibrisdakik.com\/index.php?rest_route=%2Fwp%2Fv2%2Fcategories&post=55920"},{"taxonomy":"post_tag","embeddable":true,"href":"https:\/\/kibrisdakik.com\/index.php?rest_route=%2Fwp%2Fv2%2Ftags&post=55920"}],"curies":[{"name":"wp","href":"https:\/\/api.w.org\/{rel}","templated":true}]}}