{"id":5593,"date":"2023-04-23T11:37:23","date_gmt":"2023-04-23T11:37:23","guid":{"rendered":"https:\/\/kibrisdakik.com\/index.php\/2023\/04\/23\/23-nisan-ulusal-egemenlik-ve-cocuk-bayrami-tum-ilcelerde-torenlerle-kutlandi\/"},"modified":"2023-04-23T11:37:23","modified_gmt":"2023-04-23T11:37:23","slug":"23-nisan-ulusal-egemenlik-ve-cocuk-bayrami-tum-ilcelerde-torenlerle-kutlandi","status":"publish","type":"post","link":"https:\/\/kibrisdakik.com\/?p=5593","title":{"rendered":"23 Nisan Ulusal Egemenlik ve \u00c7ocuk Bayram\u0131 t\u00fcm il\u00e7elerde t\u00f6renlerle kutland\u0131"},"content":{"rendered":"<p><\/p>\n<div>\n<div class=\"mariselle-image-container center\">\n                <img width=\"900\" height=\"554\" class=\"lazy-image\" alt=\"\" decoding=\"async\" loading=\"lazy\" sizes=\"auto, (max-width: 900px) 100vw, 900px\" src=\"https:\/\/brtk.net\/wp-content\/uploads\/2023\/04\/23\/23-nisannnn-1.jpg?ver=4c1518f0590ba89f63b8705dc80774d1\" srcset=\"https:\/\/brtk.net\/wp-content\/uploads\/2023\/04\/23\/23-nisannnn-1.jpg?ver=4c1518f0590ba89f63b8705dc80774d1 900w, https:\/\/brtk.net\/wp-content\/uploads\/2023\/04\/23\/23-nisannnn-1-300x185.jpg?ver=1d780cbee7eaeed279fabbeef664f88f 300w, https:\/\/brtk.net\/wp-content\/uploads\/2023\/04\/23\/23-nisannnn-1-768x473.jpg?ver=1d780cbee7eaeed279fabbeef664f88f 768w\"\/>                            <\/div>\n<p>23 Nisan Ulusal Egemenlik ve \u00c7ocuk Bayram\u0131 ba\u015fkent Lefko\u015fa\u2019n\u0131n yan\u0131nda t\u00fcm b\u00f6lgelerde de kutland\u0131.<\/p>\n<div class=\"mariselle-image-container center\">\n                <img width=\"1599\" height=\"738\" class=\"lazy-image\" alt=\"\" decoding=\"async\" loading=\"lazy\" sizes=\"auto, (max-width: 1599px) 100vw, 1599px\" src=\"https:\/\/brtk.net\/wp-content\/uploads\/2023\/04\/23\/mgggg.jpg?ver=a72cd4cb9903ff8dcd9b2e7ae9eb2f7b\" srcset=\"https:\/\/brtk.net\/wp-content\/uploads\/2023\/04\/23\/mgggg.jpg?ver=a72cd4cb9903ff8dcd9b2e7ae9eb2f7b 1599w, https:\/\/brtk.net\/wp-content\/uploads\/2023\/04\/23\/mgggg-300x138.jpg?ver=a72cd4cb9903ff8dcd9b2e7ae9eb2f7b 300w, https:\/\/brtk.net\/wp-content\/uploads\/2023\/04\/23\/mgggg-1024x473.jpg?ver=a72cd4cb9903ff8dcd9b2e7ae9eb2f7b 1024w, https:\/\/brtk.net\/wp-content\/uploads\/2023\/04\/23\/mgggg-768x354.jpg?ver=a72cd4cb9903ff8dcd9b2e7ae9eb2f7b 768w, https:\/\/brtk.net\/wp-content\/uploads\/2023\/04\/23\/mgggg-1536x709.jpg?ver=92edd1ca1751f9897a8aad12cf56eb39 1536w\"\/>                            <\/div>\n<p>23 Nisan Ulusal Egenenlik ve \u00c7ocuk Bayram\u0131 dolay\u0131s\u0131 ile Gazima\u011fusa\u2019da t\u00f6ren ger\u00e7ekle\u015ftirildi.<\/p>\n<p>Zafer An\u0131t\u0131\u2019nda d\u00fczenlenen t\u00f6ren An\u0131ta \u00e7elenklerin konmas\u0131yla ba\u015flad\u0131. Ard\u0131ndan Sayg\u0131 Duru\u015funda bulunuldu ve \u0130stiklal Mar\u015f\u0131 e\u015fli\u011finde Bayraklar g\u00f6ndere \u00e7ekildi. T\u00f6rende g\u00fcn\u00fcn anlam ve \u00f6nemine ili\u015fkin konu\u015fmalar yap\u0131ld\u0131, \u015fiirler okundu.<\/p>\n<div class=\"mariselle-image-container center\">\n                <img width=\"1024\" height=\"576\" class=\"lazy-image\" alt=\"\" decoding=\"async\" loading=\"lazy\" sizes=\"auto, (max-width: 1024px) 100vw, 1024px\" src=\"https:\/\/brtk.net\/wp-content\/uploads\/2023\/04\/23\/gemi-1024x576.jpg?ver=b6c40bfc89c70a1bcfef2736069d249d\" srcset=\"https:\/\/brtk.net\/wp-content\/uploads\/2023\/04\/23\/gemi-1024x576.jpg?ver=b6c40bfc89c70a1bcfef2736069d249d 1024w, https:\/\/brtk.net\/wp-content\/uploads\/2023\/04\/23\/gemi-300x169.jpg?ver=b6c40bfc89c70a1bcfef2736069d249d 300w, https:\/\/brtk.net\/wp-content\/uploads\/2023\/04\/23\/gemi-768x432.jpg?ver=7e23964e6a7ba9cd6d4bebef34708628 768w, https:\/\/brtk.net\/wp-content\/uploads\/2023\/04\/23\/gemi-1536x864.jpg?ver=7e23964e6a7ba9cd6d4bebef34708628 1536w, https:\/\/brtk.net\/wp-content\/uploads\/2023\/04\/23\/gemi.jpg?ver=b6c40bfc89c70a1bcfef2736069d249d 2048w\"\/>                            <\/div>\n<p>23 Nisan Ulusal Egemenlik ve \u00c7ocuk Bayram\u0131n etkinlikleri kapsam\u0131nda ayr\u0131ca, T\u00fcrk Deniz Kuvvetleri Komutanl\u0131\u011f\u0131 muharip unsurlar\u0131ndan TCG Meltem P-334 H\u00fccumbotu, Gazima\u011fusa Liman\u0131\u2019na demirledi ve halk\u0131n ziyaretine a\u00e7\u0131ld\u0131.<\/p>\n<div class=\"mariselle-image-container center\">\n                <img width=\"2016\" height=\"1134\" class=\"lazy-image\" alt=\"\" decoding=\"async\" loading=\"lazy\" sizes=\"auto, (max-width: 2016px) 100vw, 2016px\" src=\"https:\/\/brtk.net\/wp-content\/uploads\/2023\/04\/23\/grrrr.jpg?ver=77ed15bce78938d6f6aa5cbb0fcc065a\" srcset=\"https:\/\/brtk.net\/wp-content\/uploads\/2023\/04\/23\/grrrr.jpg?ver=77ed15bce78938d6f6aa5cbb0fcc065a 2016w, https:\/\/brtk.net\/wp-content\/uploads\/2023\/04\/23\/grrrr-300x169.jpg?ver=440fe020acf6325a47b36d279099274c 300w, https:\/\/brtk.net\/wp-content\/uploads\/2023\/04\/23\/grrrr-1024x576.jpg?ver=440fe020acf6325a47b36d279099274c 1024w, https:\/\/brtk.net\/wp-content\/uploads\/2023\/04\/23\/grrrr-768x432.jpg?ver=440fe020acf6325a47b36d279099274c 768w, https:\/\/brtk.net\/wp-content\/uploads\/2023\/04\/23\/grrrr-1536x864.jpg?ver=f888e20793337315b8a47a0524d5b3cd 1536w\"\/>                            <\/div>\n<p>Ulusal Egemenlik ve \u00c7ocuk Bayram\u0131 nedeniyle Girne\u2019de de iki ayr\u0131 t\u00f6ren d\u00fczenlendi. \u0130lk t\u00f6ren Atat\u00fcrk An\u0131t\u0131 \u00d6n\u00fcnde yap\u0131ld\u0131.<\/p>\n<p>An\u0131ta \u00e7elenklerin konmas\u0131yla ba\u015flayan t\u00f6rende, bir dakikal\u0131k sayg\u0131 duru\u015funda bulunuldu ve \u0130stiklal Mar\u015f\u0131 e\u015fli\u011finde bayraklar g\u00f6ndere \u00e7ekildi. T\u00f6ren, g\u00fcn\u00fcn anlam ve \u00f6nemini belirten \u015fiirlerin okunmas\u0131yla sona erdi.<\/p>\n<p>Girne\u2019dekli ikinci t\u00f6ren ise, 20 Temmuz Mete Adan\u0131r Stadyumu\u2019nda ger\u00e7ekle\u015fti.<\/p>\n<p>T\u00f6rende, birlikler ve okullar\u0131 denetlenmesi ve bayramlar\u0131n\u0131 kutlamas\u0131n\u0131n ard\u0131ndan,  sayg\u0131 duru\u015fu ile \u0130stiklal Mar\u015f\u0131 e\u015fli\u011finde bayraklar g\u00f6ndere \u00e7ekildi. Tr\u00f6ren de daha sonra g\u00fcn\u00fcn anlam ve \u00f6nemini belirten konu\u015fmalar yap\u0131ld\u0131, \u015fiirler okundu ve dans g\u00f6sterileri yer ald\u0131.<\/p>\n<p>23 Nisan Ulusal Egemenlik ve \u00c7ocuk bayram\u0131 nedeniyle \u0130skele de iki ayr\u0131 t\u00f6ren d\u00fczenlendi. \u0130skele Ecevit Meydan\u0131\u2019nda d\u00fczenlenen t\u00f6ren \u00e7elenklerin Atat\u00fcrk An\u0131t\u0131\u2019na konulmas\u0131n\u0131n ard\u0131ndan sayg\u0131 duru\u015funda bulunulmas\u0131 ve \u0130stiklal Mar\u015f\u0131\u2019n\u0131n okunmas\u0131yla sona erdi.<\/p>\n<div class=\"mariselle-image-container center\">\n                <img width=\"1600\" height=\"721\" class=\"lazy-image\" alt=\"\" decoding=\"async\" loading=\"lazy\" sizes=\"auto, (max-width: 1600px) 100vw, 1600px\" src=\"https:\/\/brtk.net\/wp-content\/uploads\/2023\/04\/23\/iskkk.jpg?ver=a426870aa2805e2f934936bc216c919f\" srcset=\"https:\/\/brtk.net\/wp-content\/uploads\/2023\/04\/23\/iskkk.jpg?ver=a426870aa2805e2f934936bc216c919f 1600w, https:\/\/brtk.net\/wp-content\/uploads\/2023\/04\/23\/iskkk-300x135.jpg?ver=a426870aa2805e2f934936bc216c919f 300w, https:\/\/brtk.net\/wp-content\/uploads\/2023\/04\/23\/iskkk-1024x461.jpg?ver=4d194271c2a04722cccd939f8d7a461b 1024w, https:\/\/brtk.net\/wp-content\/uploads\/2023\/04\/23\/iskkk-768x346.jpg?ver=4d194271c2a04722cccd939f8d7a461b 768w, https:\/\/brtk.net\/wp-content\/uploads\/2023\/04\/23\/iskkk-1536x692.jpg?ver=4d194271c2a04722cccd939f8d7a461b 1536w\"\/>                            <\/div>\n<p>\u0130skele Cumhuriyet Stadyumu\u2019nda ger\u00e7ekle\u015ftirilen ikinci t\u00f6ren ise resmi ge\u00e7it ile ba\u015flad\u0131. T\u00f6ren birliklerinin tefti\u015fi ve bayram kutlamalar\u0131n\u0131n ard\u0131ndan sayg\u0131 duru\u015funda bulunuldu ve \u0130stiklal Mar\u015f\u0131 e\u015fli\u011finde bayraklar g\u00f6ndere \u00e7ekildi.<\/p>\n<p>Buradaki t\u00f6rene kat\u0131lan Milli E\u011fitim Bakan\u0131 Naz\u0131m \u00c7avu\u015fo\u011flu, gelece\u011fin emanet edildi\u011fi \u00e7ocuklar\u0131n; mutlu, sa\u011fl\u0131kl\u0131 ve akademik olarak ba\u015far\u0131l\u0131 bir nesil \u015fekilde yeti\u015ftirilebilmesi i\u00e7in \u00f6\u011fretmenlerle birlikte \u00e7al\u0131\u015ft\u0131klar\u0131n\u0131 s\u00f6yledi.<\/p>\n<p>Ulu \u00d6nder Mustafa Kemal Atat\u00fcrk\u2019\u00fcn \u201c\u00f6\u011fretmenler yeni nesiller sizin eseriniz olacakt\u0131r\u201d s\u00f6z\u00fcne at\u0131fta bulunan Bakan \u00c7avu\u015fo\u011flu, daha g\u00fczel bir gelecek i\u00e7in \u00e7ocuklar\u0131n en iyi \u015fekilde yeti\u015ftirilmesi gerekti\u011fine i\u015faret etti.<\/p>\n<p>T\u00f6ren, \u015fiirlerin okunmas\u0131 ve dans g\u00f6sterileri ile son buldu.<\/p>\n<div class=\"mariselle-image-container center\">\n                <img width=\"1024\" height=\"768\" class=\"lazy-image\" alt=\"\" decoding=\"async\" loading=\"lazy\" sizes=\"auto, (max-width: 1024px) 100vw, 1024px\" src=\"https:\/\/brtk.net\/wp-content\/uploads\/2023\/04\/23\/guzelyurt-1024x768.jpg?ver=2f61e0850ae9898babace18696c38419\" srcset=\"https:\/\/brtk.net\/wp-content\/uploads\/2023\/04\/23\/guzelyurt-1024x768.jpg?ver=d9a054cfc8e0d3582affe43584d861d9 1024w, https:\/\/brtk.net\/wp-content\/uploads\/2023\/04\/23\/guzelyurt-300x225.jpg?ver=2f61e0850ae9898babace18696c38419 300w, https:\/\/brtk.net\/wp-content\/uploads\/2023\/04\/23\/guzelyurt-768x576.jpg?ver=d9a054cfc8e0d3582affe43584d861d9 768w, https:\/\/brtk.net\/wp-content\/uploads\/2023\/04\/23\/guzelyurt-1536x1152.jpg?ver=c26fff37bca72e3632f6c06527d91cc7 1536w, https:\/\/brtk.net\/wp-content\/uploads\/2023\/04\/23\/guzelyurt.jpg?ver=2f61e0850ae9898babace18696c38419 2048w\"\/>                            <\/div>\n<p>23 Nisan Ulusal Egemenlik ve \u00c7ocuk Bayram\u0131 G\u00fczelyurt ve Lefke\u2019de de kutland\u0131.<\/p>\n<p>G\u00fczelyurt\u2019taki t\u00f6ren Atat\u00fcrk An\u0131t\u0131 \u00f6n\u00fcnde d\u00fczenlendi. Buradaki t\u00f6ren protokol s\u0131ras\u0131na g\u00f6re an\u0131ta \u00e7elenklerin konulmas\u0131yla ba\u015flad\u0131. Ard\u0131ndan bir dakikal\u0131k sayg\u0131 duru\u015fu ve \u0130stiklal Mar\u015f\u0131 e\u015fli\u011finde bayraklar\u0131n g\u00f6ndere \u00e7ekilmesiyle devam eden t\u00f6ren g\u00fcn\u00fcn anlam ve \u00f6nemine ili\u015fkin konu\u015fma ve \u015fiirlerin okunmas\u0131 ile sona erdi.<\/p>\n<div class=\"mariselle-image-container center\">\n                <img width=\"1024\" height=\"768\" class=\"lazy-image\" alt=\"\" decoding=\"async\" loading=\"lazy\" sizes=\"auto, (max-width: 1024px) 100vw, 1024px\" src=\"https:\/\/brtk.net\/wp-content\/uploads\/2023\/04\/23\/lefke.jpg?ver=f57ef5500081109e31764c811770cb17\" srcset=\"https:\/\/brtk.net\/wp-content\/uploads\/2023\/04\/23\/lefke.jpg?ver=f57ef5500081109e31764c811770cb17 1024w, https:\/\/brtk.net\/wp-content\/uploads\/2023\/04\/23\/lefke-300x225.jpg?ver=f57ef5500081109e31764c811770cb17 300w, https:\/\/brtk.net\/wp-content\/uploads\/2023\/04\/23\/lefke-768x576.jpg?ver=54324bf30302f17819b23526662074e3 768w\"\/>                            <\/div>\n<p>Lefke\u2019deki kutlamalar da kortejle ba\u015flad\u0131. B\u00f6lge okullar\u0131n\u0131n kat\u0131l\u0131m\u0131yla d\u00fczenlenen kortej, Lefke Kaymakaml\u0131\u011f\u0131 \u00d6n\u00fc\u2019nden ba\u015flayarak,  Atat\u00fcrk An\u0131t\u0131\u2019na kadar s\u00fcrd\u00fc.<\/p>\n<p>G\u00fcn nedeniyle Atat\u00fcrk An\u0131t\u0131 \u00f6n\u00fcnde t\u00f6ren d\u00fczenlendi. Buradaki t\u00f6ren \u00e7elenkelerin an\u0131ta sunulmas\u0131yla ba\u015flad\u0131. Sayg\u0131 duru\u015fu ve \u0130stiklal Mar\u015f\u0131\u2019n\u0131n okunmas\u0131yla devam eden t\u00f6rende daha sonra \u015fiirler okundu, b\u00f6lge okullar\u0131 \u00e7e\u015fitli g\u00f6steriler sundu.<\/p>\n<p><a href=\"https:\/\/brtk.net\/\">BRT<\/a><\/p>\n<\/p><\/div>\n<p><script async\n                    defer\n                    crossorigin=\"anonymous\"\n                    src=\"https:\/\/connect.facebook.net\/tr_TR\/sdk.js#xfbml=1&#038;version=v3.3\"\n            ><\/script><\/p>\n","protected":false},"excerpt":{"rendered":"<p>23 Nisan Ulusal Egemenlik ve \u00c7ocuk Bayram\u0131 ba\u015fkent Lefko\u015fa\u2019n\u0131n yan\u0131nda t\u00fcm b\u00f6lgelerde de kutland\u0131. 23 Nisan Ulusal Egenenlik ve \u00c7ocuk Bayram\u0131 dolay\u0131s\u0131 ile Gazima\u011fusa\u2019da t\u00f6ren ger\u00e7ekle\u015ftirildi. Zafer An\u0131t\u0131\u2019nda d\u00fczenlenen t\u00f6ren An\u0131ta \u00e7elenklerin konmas\u0131yla ba\u015flad\u0131. Ard\u0131ndan Sayg\u0131 Duru\u015funda bulunuldu ve \u0130stiklal Mar\u015f\u0131 e\u015fli\u011finde Bayraklar g\u00f6ndere \u00e7ekildi. T\u00f6rende g\u00fcn\u00fcn anlam ve \u00f6nemine ili\u015fkin konu\u015fmalar yap\u0131ld\u0131, \u015fiirler okundu.<\/p>\n","protected":false},"author":1,"featured_media":5594,"comment_status":"open","ping_status":"open","sticky":false,"template":"","format":"standard","meta":{"footnotes":""},"categories":[1],"tags":[],"class_list":["post-5593","post","type-post","status-publish","format-standard","has-post-thumbnail","hentry","category-gundem"],"yoast_head":"<!-- This site is optimized with the Yoast SEO plugin v27.5 - https:\/\/yoast.com\/product\/yoast-seo-wordpress\/ -->\n<title>23 Nisan Ulusal Egemenlik ve \u00c7ocuk Bayram\u0131 t\u00fcm il\u00e7elerde t\u00f6renlerle kutland\u0131 -<\/title>\n<meta name=\"robots\" content=\"index, follow, max-snippet:-1, max-image-preview:large, max-video-preview:-1\" \/>\n<link rel=\"canonical\" href=\"https:\/\/kibrisdakik.com\/?p=5593\" \/>\n<meta property=\"og:locale\" content=\"tr_TR\" \/>\n<meta property=\"og:type\" content=\"article\" \/>\n<meta property=\"og:title\" content=\"23 Nisan Ulusal Egemenlik ve \u00c7ocuk Bayram\u0131 t\u00fcm il\u00e7elerde t\u00f6renlerle kutland\u0131 -\" \/>\n<meta property=\"og:description\" content=\"23 Nisan Ulusal Egemenlik ve \u00c7ocuk Bayram\u0131 ba\u015fkent Lefko\u015fa\u2019n\u0131n yan\u0131nda t\u00fcm b\u00f6lgelerde de kutland\u0131. 23 Nisan Ulusal Egenenlik ve \u00c7ocuk Bayram\u0131 dolay\u0131s\u0131 ile Gazima\u011fusa\u2019da t\u00f6ren ger\u00e7ekle\u015ftirildi. Zafer An\u0131t\u0131\u2019nda d\u00fczenlenen t\u00f6ren An\u0131ta \u00e7elenklerin konmas\u0131yla ba\u015flad\u0131. Ard\u0131ndan Sayg\u0131 Duru\u015funda bulunuldu ve \u0130stiklal Mar\u015f\u0131 e\u015fli\u011finde Bayraklar g\u00f6ndere \u00e7ekildi. T\u00f6rende g\u00fcn\u00fcn anlam ve \u00f6nemine ili\u015fkin konu\u015fmalar yap\u0131ld\u0131, \u015fiirler okundu.\" \/>\n<meta property=\"og:url\" content=\"https:\/\/kibrisdakik.com\/?p=5593\" \/>\n<meta property=\"article:published_time\" content=\"2023-04-23T11:37:23+00:00\" \/>\n<meta property=\"og:image\" content=\"https:\/\/kibrisdakik.com\/wp-content\/uploads\/2023\/04\/23-nisannnn-1-740x420.jpg\" \/>\n\t<meta property=\"og:image:width\" content=\"900\" \/>\n\t<meta property=\"og:image:height\" content=\"554\" \/>\n\t<meta property=\"og:image:type\" content=\"image\/jpeg\" \/>\n<meta name=\"author\" content=\"admin\" \/>\n<meta name=\"twitter:card\" content=\"summary_large_image\" \/>\n<meta name=\"twitter:label1\" content=\"Yazan:\" \/>\n\t<meta name=\"twitter:data1\" content=\"admin\" \/>\n\t<meta name=\"twitter:label2\" content=\"Tahmini okuma s\u00fcresi\" \/>\n\t<meta name=\"twitter:data2\" content=\"3 dakika\" \/>\n<script type=\"application\/ld+json\" class=\"yoast-schema-graph\">{\"@context\":\"https:\\\/\\\/schema.org\",\"@graph\":[{\"@type\":\"Article\",\"@id\":\"https:\\\/\\\/kibrisdakik.com\\\/?p=5593#article\",\"isPartOf\":{\"@id\":\"https:\\\/\\\/kibrisdakik.com\\\/?p=5593\"},\"author\":{\"name\":\"admin\",\"@id\":\"https:\\\/\\\/kibrisdakik.com\\\/#\\\/schema\\\/person\\\/9cd9d437bbb44f72b73ba127e06d8e79\"},\"headline\":\"23 Nisan Ulusal Egemenlik ve \u00c7ocuk Bayram\u0131 t\u00fcm il\u00e7elerde t\u00f6renlerle kutland\u0131\",\"datePublished\":\"2023-04-23T11:37:23+00:00\",\"mainEntityOfPage\":{\"@id\":\"https:\\\/\\\/kibrisdakik.com\\\/?p=5593\"},\"wordCount\":619,\"commentCount\":0,\"image\":{\"@id\":\"https:\\\/\\\/kibrisdakik.com\\\/?p=5593#primaryimage\"},\"thumbnailUrl\":\"https:\\\/\\\/kibrisdakik.com\\\/wp-content\\\/uploads\\\/2023\\\/04\\\/23-nisannnn-1-740x420.jpg\",\"articleSection\":[\"G\u00fcndem\"],\"inLanguage\":\"tr\",\"potentialAction\":[{\"@type\":\"CommentAction\",\"name\":\"Comment\",\"target\":[\"https:\\\/\\\/kibrisdakik.com\\\/?p=5593#respond\"]}]},{\"@type\":\"WebPage\",\"@id\":\"https:\\\/\\\/kibrisdakik.com\\\/?p=5593\",\"url\":\"https:\\\/\\\/kibrisdakik.com\\\/?p=5593\",\"name\":\"23 Nisan Ulusal Egemenlik ve \u00c7ocuk Bayram\u0131 t\u00fcm il\u00e7elerde t\u00f6renlerle kutland\u0131 -\",\"isPartOf\":{\"@id\":\"https:\\\/\\\/kibrisdakik.com\\\/#website\"},\"primaryImageOfPage\":{\"@id\":\"https:\\\/\\\/kibrisdakik.com\\\/?p=5593#primaryimage\"},\"image\":{\"@id\":\"https:\\\/\\\/kibrisdakik.com\\\/?p=5593#primaryimage\"},\"thumbnailUrl\":\"https:\\\/\\\/kibrisdakik.com\\\/wp-content\\\/uploads\\\/2023\\\/04\\\/23-nisannnn-1-740x420.jpg\",\"datePublished\":\"2023-04-23T11:37:23+00:00\",\"author\":{\"@id\":\"https:\\\/\\\/kibrisdakik.com\\\/#\\\/schema\\\/person\\\/9cd9d437bbb44f72b73ba127e06d8e79\"},\"breadcrumb\":{\"@id\":\"https:\\\/\\\/kibrisdakik.com\\\/?p=5593#breadcrumb\"},\"inLanguage\":\"tr\",\"potentialAction\":[{\"@type\":\"ReadAction\",\"target\":[\"https:\\\/\\\/kibrisdakik.com\\\/?p=5593\"]}]},{\"@type\":\"ImageObject\",\"inLanguage\":\"tr\",\"@id\":\"https:\\\/\\\/kibrisdakik.com\\\/?p=5593#primaryimage\",\"url\":\"https:\\\/\\\/kibrisdakik.com\\\/wp-content\\\/uploads\\\/2023\\\/04\\\/23-nisannnn-1-740x420.jpg\",\"contentUrl\":\"https:\\\/\\\/kibrisdakik.com\\\/wp-content\\\/uploads\\\/2023\\\/04\\\/23-nisannnn-1-740x420.jpg\",\"width\":900,\"height\":554},{\"@type\":\"BreadcrumbList\",\"@id\":\"https:\\\/\\\/kibrisdakik.com\\\/?p=5593#breadcrumb\",\"itemListElement\":[{\"@type\":\"ListItem\",\"position\":1,\"name\":\"Home\",\"item\":\"https:\\\/\\\/kibrisdakik.com\\\/\"},{\"@type\":\"ListItem\",\"position\":2,\"name\":\"23 Nisan Ulusal Egemenlik ve \u00c7ocuk Bayram\u0131 t\u00fcm il\u00e7elerde t\u00f6renlerle kutland\u0131\"}]},{\"@type\":\"WebSite\",\"@id\":\"https:\\\/\\\/kibrisdakik.com\\\/#website\",\"url\":\"https:\\\/\\\/kibrisdakik.com\\\/\",\"name\":\"\",\"description\":\"Tam vaktinde haber\",\"potentialAction\":[{\"@type\":\"SearchAction\",\"target\":{\"@type\":\"EntryPoint\",\"urlTemplate\":\"https:\\\/\\\/kibrisdakik.com\\\/?s={search_term_string}\"},\"query-input\":{\"@type\":\"PropertyValueSpecification\",\"valueRequired\":true,\"valueName\":\"search_term_string\"}}],\"inLanguage\":\"tr\"},{\"@type\":\"Person\",\"@id\":\"https:\\\/\\\/kibrisdakik.com\\\/#\\\/schema\\\/person\\\/9cd9d437bbb44f72b73ba127e06d8e79\",\"name\":\"admin\",\"image\":{\"@type\":\"ImageObject\",\"inLanguage\":\"tr\",\"@id\":\"https:\\\/\\\/secure.gravatar.com\\\/avatar\\\/ccc17943b9d660506c869530f897617f7cb1c21a4bf30023f252596d83e1f007?s=96&d=mm&r=g\",\"url\":\"https:\\\/\\\/secure.gravatar.com\\\/avatar\\\/ccc17943b9d660506c869530f897617f7cb1c21a4bf30023f252596d83e1f007?s=96&d=mm&r=g\",\"contentUrl\":\"https:\\\/\\\/secure.gravatar.com\\\/avatar\\\/ccc17943b9d660506c869530f897617f7cb1c21a4bf30023f252596d83e1f007?s=96&d=mm&r=g\",\"caption\":\"admin\"},\"sameAs\":[\"https:\\\/\\\/kibrisdakik.com\"],\"url\":\"https:\\\/\\\/kibrisdakik.com\\\/?author=1\"}]}<\/script>\n<!-- \/ Yoast SEO plugin. -->","yoast_head_json":{"title":"23 Nisan Ulusal Egemenlik ve \u00c7ocuk Bayram\u0131 t\u00fcm il\u00e7elerde t\u00f6renlerle kutland\u0131 -","robots":{"index":"index","follow":"follow","max-snippet":"max-snippet:-1","max-image-preview":"max-image-preview:large","max-video-preview":"max-video-preview:-1"},"canonical":"https:\/\/kibrisdakik.com\/?p=5593","og_locale":"tr_TR","og_type":"article","og_title":"23 Nisan Ulusal Egemenlik ve \u00c7ocuk Bayram\u0131 t\u00fcm il\u00e7elerde t\u00f6renlerle kutland\u0131 -","og_description":"23 Nisan Ulusal Egemenlik ve \u00c7ocuk Bayram\u0131 ba\u015fkent Lefko\u015fa\u2019n\u0131n yan\u0131nda t\u00fcm b\u00f6lgelerde de kutland\u0131. 23 Nisan Ulusal Egenenlik ve \u00c7ocuk Bayram\u0131 dolay\u0131s\u0131 ile Gazima\u011fusa\u2019da t\u00f6ren ger\u00e7ekle\u015ftirildi. Zafer An\u0131t\u0131\u2019nda d\u00fczenlenen t\u00f6ren An\u0131ta \u00e7elenklerin konmas\u0131yla ba\u015flad\u0131. Ard\u0131ndan Sayg\u0131 Duru\u015funda bulunuldu ve \u0130stiklal Mar\u015f\u0131 e\u015fli\u011finde Bayraklar g\u00f6ndere \u00e7ekildi. T\u00f6rende g\u00fcn\u00fcn anlam ve \u00f6nemine ili\u015fkin konu\u015fmalar yap\u0131ld\u0131, \u015fiirler okundu.","og_url":"https:\/\/kibrisdakik.com\/?p=5593","article_published_time":"2023-04-23T11:37:23+00:00","og_image":[{"width":900,"height":554,"url":"https:\/\/kibrisdakik.com\/wp-content\/uploads\/2023\/04\/23-nisannnn-1-740x420.jpg","type":"image\/jpeg"}],"author":"admin","twitter_card":"summary_large_image","twitter_misc":{"Yazan:":"admin","Tahmini okuma s\u00fcresi":"3 dakika"},"schema":{"@context":"https:\/\/schema.org","@graph":[{"@type":"Article","@id":"https:\/\/kibrisdakik.com\/?p=5593#article","isPartOf":{"@id":"https:\/\/kibrisdakik.com\/?p=5593"},"author":{"name":"admin","@id":"https:\/\/kibrisdakik.com\/#\/schema\/person\/9cd9d437bbb44f72b73ba127e06d8e79"},"headline":"23 Nisan Ulusal Egemenlik ve \u00c7ocuk Bayram\u0131 t\u00fcm il\u00e7elerde t\u00f6renlerle kutland\u0131","datePublished":"2023-04-23T11:37:23+00:00","mainEntityOfPage":{"@id":"https:\/\/kibrisdakik.com\/?p=5593"},"wordCount":619,"commentCount":0,"image":{"@id":"https:\/\/kibrisdakik.com\/?p=5593#primaryimage"},"thumbnailUrl":"https:\/\/kibrisdakik.com\/wp-content\/uploads\/2023\/04\/23-nisannnn-1-740x420.jpg","articleSection":["G\u00fcndem"],"inLanguage":"tr","potentialAction":[{"@type":"CommentAction","name":"Comment","target":["https:\/\/kibrisdakik.com\/?p=5593#respond"]}]},{"@type":"WebPage","@id":"https:\/\/kibrisdakik.com\/?p=5593","url":"https:\/\/kibrisdakik.com\/?p=5593","name":"23 Nisan Ulusal Egemenlik ve \u00c7ocuk Bayram\u0131 t\u00fcm il\u00e7elerde t\u00f6renlerle kutland\u0131 -","isPartOf":{"@id":"https:\/\/kibrisdakik.com\/#website"},"primaryImageOfPage":{"@id":"https:\/\/kibrisdakik.com\/?p=5593#primaryimage"},"image":{"@id":"https:\/\/kibrisdakik.com\/?p=5593#primaryimage"},"thumbnailUrl":"https:\/\/kibrisdakik.com\/wp-content\/uploads\/2023\/04\/23-nisannnn-1-740x420.jpg","datePublished":"2023-04-23T11:37:23+00:00","author":{"@id":"https:\/\/kibrisdakik.com\/#\/schema\/person\/9cd9d437bbb44f72b73ba127e06d8e79"},"breadcrumb":{"@id":"https:\/\/kibrisdakik.com\/?p=5593#breadcrumb"},"inLanguage":"tr","potentialAction":[{"@type":"ReadAction","target":["https:\/\/kibrisdakik.com\/?p=5593"]}]},{"@type":"ImageObject","inLanguage":"tr","@id":"https:\/\/kibrisdakik.com\/?p=5593#primaryimage","url":"https:\/\/kibrisdakik.com\/wp-content\/uploads\/2023\/04\/23-nisannnn-1-740x420.jpg","contentUrl":"https:\/\/kibrisdakik.com\/wp-content\/uploads\/2023\/04\/23-nisannnn-1-740x420.jpg","width":900,"height":554},{"@type":"BreadcrumbList","@id":"https:\/\/kibrisdakik.com\/?p=5593#breadcrumb","itemListElement":[{"@type":"ListItem","position":1,"name":"Home","item":"https:\/\/kibrisdakik.com\/"},{"@type":"ListItem","position":2,"name":"23 Nisan Ulusal Egemenlik ve \u00c7ocuk Bayram\u0131 t\u00fcm il\u00e7elerde t\u00f6renlerle kutland\u0131"}]},{"@type":"WebSite","@id":"https:\/\/kibrisdakik.com\/#website","url":"https:\/\/kibrisdakik.com\/","name":"","description":"Tam vaktinde haber","potentialAction":[{"@type":"SearchAction","target":{"@type":"EntryPoint","urlTemplate":"https:\/\/kibrisdakik.com\/?s={search_term_string}"},"query-input":{"@type":"PropertyValueSpecification","valueRequired":true,"valueName":"search_term_string"}}],"inLanguage":"tr"},{"@type":"Person","@id":"https:\/\/kibrisdakik.com\/#\/schema\/person\/9cd9d437bbb44f72b73ba127e06d8e79","name":"admin","image":{"@type":"ImageObject","inLanguage":"tr","@id":"https:\/\/secure.gravatar.com\/avatar\/ccc17943b9d660506c869530f897617f7cb1c21a4bf30023f252596d83e1f007?s=96&d=mm&r=g","url":"https:\/\/secure.gravatar.com\/avatar\/ccc17943b9d660506c869530f897617f7cb1c21a4bf30023f252596d83e1f007?s=96&d=mm&r=g","contentUrl":"https:\/\/secure.gravatar.com\/avatar\/ccc17943b9d660506c869530f897617f7cb1c21a4bf30023f252596d83e1f007?s=96&d=mm&r=g","caption":"admin"},"sameAs":["https:\/\/kibrisdakik.com"],"url":"https:\/\/kibrisdakik.com\/?author=1"}]}},"_links":{"self":[{"href":"https:\/\/kibrisdakik.com\/index.php?rest_route=\/wp\/v2\/posts\/5593","targetHints":{"allow":["GET"]}}],"collection":[{"href":"https:\/\/kibrisdakik.com\/index.php?rest_route=\/wp\/v2\/posts"}],"about":[{"href":"https:\/\/kibrisdakik.com\/index.php?rest_route=\/wp\/v2\/types\/post"}],"author":[{"embeddable":true,"href":"https:\/\/kibrisdakik.com\/index.php?rest_route=\/wp\/v2\/users\/1"}],"replies":[{"embeddable":true,"href":"https:\/\/kibrisdakik.com\/index.php?rest_route=%2Fwp%2Fv2%2Fcomments&post=5593"}],"version-history":[{"count":0,"href":"https:\/\/kibrisdakik.com\/index.php?rest_route=\/wp\/v2\/posts\/5593\/revisions"}],"wp:featuredmedia":[{"embeddable":true,"href":"https:\/\/kibrisdakik.com\/index.php?rest_route=\/wp\/v2\/media\/5594"}],"wp:attachment":[{"href":"https:\/\/kibrisdakik.com\/index.php?rest_route=%2Fwp%2Fv2%2Fmedia&parent=5593"}],"wp:term":[{"taxonomy":"category","embeddable":true,"href":"https:\/\/kibrisdakik.com\/index.php?rest_route=%2Fwp%2Fv2%2Fcategories&post=5593"},{"taxonomy":"post_tag","embeddable":true,"href":"https:\/\/kibrisdakik.com\/index.php?rest_route=%2Fwp%2Fv2%2Ftags&post=5593"}],"curies":[{"name":"wp","href":"https:\/\/api.w.org\/{rel}","templated":true}]}}