{"id":55935,"date":"2024-08-21T16:50:49","date_gmt":"2024-08-21T13:50:49","guid":{"rendered":"https:\/\/kibrisdakik.com\/index.php\/2024\/08\/21\/senol-gunes-detayi-cok-konusulur-luganodan-besiktas-maci-oncesinde-olay-paylasim\/"},"modified":"2024-08-21T16:50:49","modified_gmt":"2024-08-21T13:50:49","slug":"senol-gunes-detayi-cok-konusulur-luganodan-besiktas-maci-oncesinde-olay-paylasim","status":"publish","type":"post","link":"https:\/\/kibrisdakik.com\/?p=55935","title":{"rendered":"\u015eenol G\u00fcne\u015f detay\u0131 \u00e7ok konu\u015fulur! Lugano&#8217;dan Be\u015fikta\u015f ma\u00e7\u0131 \u00f6ncesinde olay payla\u015f\u0131m"},"content":{"rendered":"<p><\/p>\n<div id=\"\">\n<p> <a class=\"keyword\" href=\"https:\/\/www.haberler.com\/besiktas\/\" title=\"Be\u015fikta\u015f Haberleri, Be\u015fikta\u015f Haberi, Be\u015fikta\u015f Haber\"><strong>Be\u015fikta\u015f<\/strong><\/a>, Ge\u00e7ti\u011fimiz sezon UEFA Konferans Ligi gruplar\u0131nda m\u00fccadele etti\u011fi \u0130svi\u00e7re temsilcisi Lugano ile bu kez UEFA Avrupa Ligi play-off turunda kar\u015f\u0131 kar\u015f\u0131ya gelecek. \u0130svi\u00e7re&#8217;de oynanacak ilk kar\u015f\u0131la\u015fma \u00f6ncesinde ev sahibi tak\u0131m\u0131ndan siyah-beyazl\u0131lar\u0131 k\u0131zd\u0131racak bir payla\u015f\u0131m geldi.<\/p>\n<h3>&#8220;10 AY \u00d6NCE \u015eUNDAN OLDU&#8221;<\/h3>\n<p>Lugano, ge\u00e7en sezon UEFA Konferans Ligi grup ma\u00e7\u0131nda konuk oldu\u011fu  <a class=\"keyword\" href=\"https:\/\/www.haberler.com\/besiktas\/\" title=\"Be\u015fikta\u015f Haberleri, Be\u015fikta\u015f Haberi, Be\u015fikta\u015f Haber\"><strong>Be\u015fikta\u015f<\/strong><\/a>&#8216;\u0131 2-0&#8217;dan gelip 10 dakikada buldu\u011fu golle 3-2 ma\u011flup etmi\u015fti. \u0130svi\u00e7re temsilcisi, play-off turunun ilk ma\u00e7\u0131 \u00f6ncesinde bu geri d\u00f6n\u00fc\u015f\u00fcn\u00fcn videosunu &#8220;1O ay \u00f6nce \u015fundan oldu:  <a class=\"keyword\" href=\"https:\/\/www.haberler.com\/besiktas\/\" title=\"Be\u015fikta\u015f Haberleri, Be\u015fikta\u015f Haberi, Be\u015fikta\u015f Haber\"><strong>Be\u015fikta\u015f<\/strong><\/a>&#8216;a 10 dakikada 3 gol&#8221; notuyla payla\u015ft\u0131.<\/p>\n<h3>\u015eENOL G\u00dcNE\u015e DETAYI<\/h3>\n<p>\u00d6te yandan videonun sonundaki \u015eenol G\u00fcne\u015f detay\u0131 da dikkat \u00e7ekti. Lugano&#8217;nun att\u0131\u011f\u0131 3 gol\u00fcn yer ald\u0131\u011f\u0131 video, d\u00f6nemin Be\u015fikta\u015f teknik direkt\u00f6r\u00fc \u015eenol G\u00fcne\u015f&#8217;in gollerin ard\u0131ndan ya\u015fad\u0131\u011f\u0131 \u00fcz\u00fcnt\u00fcl\u00fc anlarla son buldu. <\/p>\n<p><strong>\u0130\u015fte o payla\u015f\u0131m;<\/strong> <\/p>\n<p><img loading=\"lazy\" decoding=\"async\" class=\"hbptMainImage lazyload ImgDetay\" src=\"https:\/\/foto.haberler.com\/haber\/2024\/08\/21\/senol-gunes-detayi-cok-konusulur-lugano-dan-17742347_8999_m.jpg\" alt=\"\u015eenol G\u00fcne\u015f detay\u0131 \u00e7ok konu\u015fulur! Lugano'dan Be\u015fikta\u015f ma\u00e7\u0131 \u00f6ncesinde olay payla\u015f\u0131m\" width=\"600\" height=\"757\"\/><\/p>\n<h3>MA\u00c7 NE ZAMAN?<\/h3>\n<p>Be\u015fikta\u015f, UEFA Avrupa Ligi play-off turu ilk ma\u00e7\u0131nda 22 A\u011fustos Per\u015fembe g\u00fcn\u00fc \u0130svi\u00e7re ekibi Lugano ile deplasmanda kar\u015f\u0131 kar\u015f\u0131ya gelecek. Kar\u015f\u0131la\u015fma, Thun kentiyle ayn\u0131 ad\u0131 ta\u015f\u0131yan statta saat 21.30&#8217;da ba\u015flayacak ve S Sport Plus ekranlar\u0131ndan canl\u0131 yay\u0131nlanacak. \u0130stanbul&#8217;daki r\u00f6van\u015f kar\u015f\u0131la\u015fmas\u0131 ise 29 Per\u015fembe g\u00fcn\u00fc saat 21.00&#8217;de T\u00dcPRA\u015e Stad\u0131&#8217;nda oynanacak.<\/p>\n<div class=\"editorSade\">Kaynak: Haberler.com \/  <a href=\"https:\/\/www.haberler.com\/spor\/\" title=\"Spor Haberleri\">Spor<\/a> <\/div>\n<h4 id=\"nwsKeywords\"> <a href=\"https:\/\/www.haberler.com\/senol-gunes\/\" title=\"\u015eenol G\u00fcne\u015f\" class=\"hbptTag\">\u015eenol G\u00fcne\u015f<\/a>  <a href=\"https:\/\/www.haberler.com\/besiktas\/\" title=\"Be\u015fikta\u015f\" class=\"hbptTag\">Be\u015fikta\u015f<\/a>  <a href=\"https:\/\/www.haberler.com\/lugano\/\" title=\"Lugano\" class=\"hbptTag\">Lugano<\/a>  <a href=\"https:\/\/www.haberler.com\/futbol\/\" title=\"Futbol\" class=\"hbptTag\">Futbol<\/a>  <a href=\"https:\/\/www.haberler.com\/spor\/\" title=\"Spor\" class=\"hbptTag\">Spor<\/a>  <a href=\"https:\/\/www.haberler.com\/\" title=\"Haberler\" class=\"hbptTag\">Haberler<\/a> <\/h4>\n<\/div>\n","protected":false},"excerpt":{"rendered":"<p>Be\u015fikta\u015f, Ge\u00e7ti\u011fimiz sezon UEFA Konferans Ligi gruplar\u0131nda m\u00fccadele etti\u011fi \u0130svi\u00e7re temsilcisi Lugano ile bu kez UEFA Avrupa Ligi play-off turunda kar\u015f\u0131 kar\u015f\u0131ya gelecek. \u0130svi\u00e7re&#8217;de oynanacak ilk kar\u015f\u0131la\u015fma \u00f6ncesinde ev sahibi tak\u0131m\u0131ndan siyah-beyazl\u0131lar\u0131 k\u0131zd\u0131racak bir payla\u015f\u0131m geldi. &#8220;10 AY \u00d6NCE \u015eUNDAN OLDU&#8221; Lugano, ge\u00e7en sezon UEFA Konferans Ligi grup ma\u00e7\u0131nda konuk oldu\u011fu Be\u015fikta\u015f&#8216;\u0131 2-0&#8217;dan gelip 10<\/p>\n","protected":false},"author":1,"featured_media":55936,"comment_status":"open","ping_status":"open","sticky":false,"template":"","format":"standard","meta":{"footnotes":""},"categories":[83],"tags":[],"class_list":["post-55935","post","type-post","status-publish","format-standard","has-post-thumbnail","hentry","category-magazin"],"yoast_head":"<!-- This site is optimized with the Yoast SEO plugin v27.5 - https:\/\/yoast.com\/product\/yoast-seo-wordpress\/ -->\n<title>\u015eenol G\u00fcne\u015f detay\u0131 \u00e7ok konu\u015fulur! Lugano&#039;dan Be\u015fikta\u015f ma\u00e7\u0131 \u00f6ncesinde olay payla\u015f\u0131m -<\/title>\n<meta name=\"robots\" content=\"index, follow, max-snippet:-1, max-image-preview:large, max-video-preview:-1\" \/>\n<link rel=\"canonical\" href=\"https:\/\/kibrisdakik.com\/?p=55935\" \/>\n<meta property=\"og:locale\" content=\"tr_TR\" \/>\n<meta property=\"og:type\" content=\"article\" \/>\n<meta property=\"og:title\" content=\"\u015eenol G\u00fcne\u015f detay\u0131 \u00e7ok konu\u015fulur! Lugano&#039;dan Be\u015fikta\u015f ma\u00e7\u0131 \u00f6ncesinde olay payla\u015f\u0131m -\" \/>\n<meta property=\"og:description\" content=\"Be\u015fikta\u015f, Ge\u00e7ti\u011fimiz sezon UEFA Konferans Ligi gruplar\u0131nda m\u00fccadele etti\u011fi \u0130svi\u00e7re temsilcisi Lugano ile bu kez UEFA Avrupa Ligi play-off turunda kar\u015f\u0131 kar\u015f\u0131ya gelecek. \u0130svi\u00e7re&#8217;de oynanacak ilk kar\u015f\u0131la\u015fma \u00f6ncesinde ev sahibi tak\u0131m\u0131ndan siyah-beyazl\u0131lar\u0131 k\u0131zd\u0131racak bir payla\u015f\u0131m geldi. &#8220;10 AY \u00d6NCE \u015eUNDAN OLDU&#8221; Lugano, ge\u00e7en sezon UEFA Konferans Ligi grup ma\u00e7\u0131nda konuk oldu\u011fu Be\u015fikta\u015f&#8216;\u0131 2-0&#8217;dan gelip 10\" \/>\n<meta property=\"og:url\" content=\"https:\/\/kibrisdakik.com\/?p=55935\" \/>\n<meta property=\"article:published_time\" content=\"2024-08-21T13:50:49+00:00\" \/>\n<meta property=\"og:image\" content=\"https:\/\/kibrisdakik.com\/wp-content\/uploads\/2024\/08\/senol-gunes-detayi-cok-konusulur-lugano-dan-17742347_8999_m-600x420.jpg\" \/>\n\t<meta property=\"og:image:width\" content=\"600\" \/>\n\t<meta property=\"og:image:height\" content=\"757\" \/>\n\t<meta property=\"og:image:type\" content=\"image\/jpeg\" \/>\n<meta name=\"author\" content=\"admin\" \/>\n<meta name=\"twitter:card\" content=\"summary_large_image\" \/>\n<meta name=\"twitter:label1\" content=\"Yazan:\" \/>\n\t<meta name=\"twitter:data1\" content=\"admin\" \/>\n\t<meta name=\"twitter:label2\" content=\"Tahmini okuma s\u00fcresi\" \/>\n\t<meta name=\"twitter:data2\" content=\"1 dakika\" \/>\n<script type=\"application\/ld+json\" class=\"yoast-schema-graph\">{\"@context\":\"https:\\\/\\\/schema.org\",\"@graph\":[{\"@type\":\"Article\",\"@id\":\"https:\\\/\\\/kibrisdakik.com\\\/?p=55935#article\",\"isPartOf\":{\"@id\":\"https:\\\/\\\/kibrisdakik.com\\\/?p=55935\"},\"author\":{\"name\":\"admin\",\"@id\":\"https:\\\/\\\/kibrisdakik.com\\\/#\\\/schema\\\/person\\\/9cd9d437bbb44f72b73ba127e06d8e79\"},\"headline\":\"\u015eenol G\u00fcne\u015f detay\u0131 \u00e7ok konu\u015fulur! Lugano&#8217;dan Be\u015fikta\u015f ma\u00e7\u0131 \u00f6ncesinde olay payla\u015f\u0131m\",\"datePublished\":\"2024-08-21T13:50:49+00:00\",\"mainEntityOfPage\":{\"@id\":\"https:\\\/\\\/kibrisdakik.com\\\/?p=55935\"},\"wordCount\":259,\"commentCount\":0,\"image\":{\"@id\":\"https:\\\/\\\/kibrisdakik.com\\\/?p=55935#primaryimage\"},\"thumbnailUrl\":\"https:\\\/\\\/kibrisdakik.com\\\/wp-content\\\/uploads\\\/2024\\\/08\\\/senol-gunes-detayi-cok-konusulur-lugano-dan-17742347_8999_m-600x420.jpg\",\"articleSection\":[\"Magazin\"],\"inLanguage\":\"tr\",\"potentialAction\":[{\"@type\":\"CommentAction\",\"name\":\"Comment\",\"target\":[\"https:\\\/\\\/kibrisdakik.com\\\/?p=55935#respond\"]}]},{\"@type\":\"WebPage\",\"@id\":\"https:\\\/\\\/kibrisdakik.com\\\/?p=55935\",\"url\":\"https:\\\/\\\/kibrisdakik.com\\\/?p=55935\",\"name\":\"\u015eenol G\u00fcne\u015f detay\u0131 \u00e7ok konu\u015fulur! Lugano'dan Be\u015fikta\u015f ma\u00e7\u0131 \u00f6ncesinde olay payla\u015f\u0131m -\",\"isPartOf\":{\"@id\":\"https:\\\/\\\/kibrisdakik.com\\\/#website\"},\"primaryImageOfPage\":{\"@id\":\"https:\\\/\\\/kibrisdakik.com\\\/?p=55935#primaryimage\"},\"image\":{\"@id\":\"https:\\\/\\\/kibrisdakik.com\\\/?p=55935#primaryimage\"},\"thumbnailUrl\":\"https:\\\/\\\/kibrisdakik.com\\\/wp-content\\\/uploads\\\/2024\\\/08\\\/senol-gunes-detayi-cok-konusulur-lugano-dan-17742347_8999_m-600x420.jpg\",\"datePublished\":\"2024-08-21T13:50:49+00:00\",\"author\":{\"@id\":\"https:\\\/\\\/kibrisdakik.com\\\/#\\\/schema\\\/person\\\/9cd9d437bbb44f72b73ba127e06d8e79\"},\"breadcrumb\":{\"@id\":\"https:\\\/\\\/kibrisdakik.com\\\/?p=55935#breadcrumb\"},\"inLanguage\":\"tr\",\"potentialAction\":[{\"@type\":\"ReadAction\",\"target\":[\"https:\\\/\\\/kibrisdakik.com\\\/?p=55935\"]}]},{\"@type\":\"ImageObject\",\"inLanguage\":\"tr\",\"@id\":\"https:\\\/\\\/kibrisdakik.com\\\/?p=55935#primaryimage\",\"url\":\"https:\\\/\\\/kibrisdakik.com\\\/wp-content\\\/uploads\\\/2024\\\/08\\\/senol-gunes-detayi-cok-konusulur-lugano-dan-17742347_8999_m-600x420.jpg\",\"contentUrl\":\"https:\\\/\\\/kibrisdakik.com\\\/wp-content\\\/uploads\\\/2024\\\/08\\\/senol-gunes-detayi-cok-konusulur-lugano-dan-17742347_8999_m-600x420.jpg\",\"width\":600,\"height\":757},{\"@type\":\"BreadcrumbList\",\"@id\":\"https:\\\/\\\/kibrisdakik.com\\\/?p=55935#breadcrumb\",\"itemListElement\":[{\"@type\":\"ListItem\",\"position\":1,\"name\":\"Home\",\"item\":\"https:\\\/\\\/kibrisdakik.com\\\/\"},{\"@type\":\"ListItem\",\"position\":2,\"name\":\"\u015eenol G\u00fcne\u015f detay\u0131 \u00e7ok konu\u015fulur! Lugano&#8217;dan Be\u015fikta\u015f ma\u00e7\u0131 \u00f6ncesinde olay payla\u015f\u0131m\"}]},{\"@type\":\"WebSite\",\"@id\":\"https:\\\/\\\/kibrisdakik.com\\\/#website\",\"url\":\"https:\\\/\\\/kibrisdakik.com\\\/\",\"name\":\"\",\"description\":\"Tam vaktinde haber\",\"potentialAction\":[{\"@type\":\"SearchAction\",\"target\":{\"@type\":\"EntryPoint\",\"urlTemplate\":\"https:\\\/\\\/kibrisdakik.com\\\/?s={search_term_string}\"},\"query-input\":{\"@type\":\"PropertyValueSpecification\",\"valueRequired\":true,\"valueName\":\"search_term_string\"}}],\"inLanguage\":\"tr\"},{\"@type\":\"Person\",\"@id\":\"https:\\\/\\\/kibrisdakik.com\\\/#\\\/schema\\\/person\\\/9cd9d437bbb44f72b73ba127e06d8e79\",\"name\":\"admin\",\"image\":{\"@type\":\"ImageObject\",\"inLanguage\":\"tr\",\"@id\":\"https:\\\/\\\/secure.gravatar.com\\\/avatar\\\/ccc17943b9d660506c869530f897617f7cb1c21a4bf30023f252596d83e1f007?s=96&d=mm&r=g\",\"url\":\"https:\\\/\\\/secure.gravatar.com\\\/avatar\\\/ccc17943b9d660506c869530f897617f7cb1c21a4bf30023f252596d83e1f007?s=96&d=mm&r=g\",\"contentUrl\":\"https:\\\/\\\/secure.gravatar.com\\\/avatar\\\/ccc17943b9d660506c869530f897617f7cb1c21a4bf30023f252596d83e1f007?s=96&d=mm&r=g\",\"caption\":\"admin\"},\"sameAs\":[\"https:\\\/\\\/kibrisdakik.com\"],\"url\":\"https:\\\/\\\/kibrisdakik.com\\\/?author=1\"}]}<\/script>\n<!-- \/ Yoast SEO plugin. -->","yoast_head_json":{"title":"\u015eenol G\u00fcne\u015f detay\u0131 \u00e7ok konu\u015fulur! Lugano'dan Be\u015fikta\u015f ma\u00e7\u0131 \u00f6ncesinde olay payla\u015f\u0131m -","robots":{"index":"index","follow":"follow","max-snippet":"max-snippet:-1","max-image-preview":"max-image-preview:large","max-video-preview":"max-video-preview:-1"},"canonical":"https:\/\/kibrisdakik.com\/?p=55935","og_locale":"tr_TR","og_type":"article","og_title":"\u015eenol G\u00fcne\u015f detay\u0131 \u00e7ok konu\u015fulur! Lugano'dan Be\u015fikta\u015f ma\u00e7\u0131 \u00f6ncesinde olay payla\u015f\u0131m -","og_description":"Be\u015fikta\u015f, Ge\u00e7ti\u011fimiz sezon UEFA Konferans Ligi gruplar\u0131nda m\u00fccadele etti\u011fi \u0130svi\u00e7re temsilcisi Lugano ile bu kez UEFA Avrupa Ligi play-off turunda kar\u015f\u0131 kar\u015f\u0131ya gelecek. \u0130svi\u00e7re&#8217;de oynanacak ilk kar\u015f\u0131la\u015fma \u00f6ncesinde ev sahibi tak\u0131m\u0131ndan siyah-beyazl\u0131lar\u0131 k\u0131zd\u0131racak bir payla\u015f\u0131m geldi. &#8220;10 AY \u00d6NCE \u015eUNDAN OLDU&#8221; Lugano, ge\u00e7en sezon UEFA Konferans Ligi grup ma\u00e7\u0131nda konuk oldu\u011fu Be\u015fikta\u015f&#8216;\u0131 2-0&#8217;dan gelip 10","og_url":"https:\/\/kibrisdakik.com\/?p=55935","article_published_time":"2024-08-21T13:50:49+00:00","og_image":[{"width":600,"height":757,"url":"https:\/\/kibrisdakik.com\/wp-content\/uploads\/2024\/08\/senol-gunes-detayi-cok-konusulur-lugano-dan-17742347_8999_m-600x420.jpg","type":"image\/jpeg"}],"author":"admin","twitter_card":"summary_large_image","twitter_misc":{"Yazan:":"admin","Tahmini okuma s\u00fcresi":"1 dakika"},"schema":{"@context":"https:\/\/schema.org","@graph":[{"@type":"Article","@id":"https:\/\/kibrisdakik.com\/?p=55935#article","isPartOf":{"@id":"https:\/\/kibrisdakik.com\/?p=55935"},"author":{"name":"admin","@id":"https:\/\/kibrisdakik.com\/#\/schema\/person\/9cd9d437bbb44f72b73ba127e06d8e79"},"headline":"\u015eenol G\u00fcne\u015f detay\u0131 \u00e7ok konu\u015fulur! Lugano&#8217;dan Be\u015fikta\u015f ma\u00e7\u0131 \u00f6ncesinde olay payla\u015f\u0131m","datePublished":"2024-08-21T13:50:49+00:00","mainEntityOfPage":{"@id":"https:\/\/kibrisdakik.com\/?p=55935"},"wordCount":259,"commentCount":0,"image":{"@id":"https:\/\/kibrisdakik.com\/?p=55935#primaryimage"},"thumbnailUrl":"https:\/\/kibrisdakik.com\/wp-content\/uploads\/2024\/08\/senol-gunes-detayi-cok-konusulur-lugano-dan-17742347_8999_m-600x420.jpg","articleSection":["Magazin"],"inLanguage":"tr","potentialAction":[{"@type":"CommentAction","name":"Comment","target":["https:\/\/kibrisdakik.com\/?p=55935#respond"]}]},{"@type":"WebPage","@id":"https:\/\/kibrisdakik.com\/?p=55935","url":"https:\/\/kibrisdakik.com\/?p=55935","name":"\u015eenol G\u00fcne\u015f detay\u0131 \u00e7ok konu\u015fulur! Lugano'dan Be\u015fikta\u015f ma\u00e7\u0131 \u00f6ncesinde olay payla\u015f\u0131m -","isPartOf":{"@id":"https:\/\/kibrisdakik.com\/#website"},"primaryImageOfPage":{"@id":"https:\/\/kibrisdakik.com\/?p=55935#primaryimage"},"image":{"@id":"https:\/\/kibrisdakik.com\/?p=55935#primaryimage"},"thumbnailUrl":"https:\/\/kibrisdakik.com\/wp-content\/uploads\/2024\/08\/senol-gunes-detayi-cok-konusulur-lugano-dan-17742347_8999_m-600x420.jpg","datePublished":"2024-08-21T13:50:49+00:00","author":{"@id":"https:\/\/kibrisdakik.com\/#\/schema\/person\/9cd9d437bbb44f72b73ba127e06d8e79"},"breadcrumb":{"@id":"https:\/\/kibrisdakik.com\/?p=55935#breadcrumb"},"inLanguage":"tr","potentialAction":[{"@type":"ReadAction","target":["https:\/\/kibrisdakik.com\/?p=55935"]}]},{"@type":"ImageObject","inLanguage":"tr","@id":"https:\/\/kibrisdakik.com\/?p=55935#primaryimage","url":"https:\/\/kibrisdakik.com\/wp-content\/uploads\/2024\/08\/senol-gunes-detayi-cok-konusulur-lugano-dan-17742347_8999_m-600x420.jpg","contentUrl":"https:\/\/kibrisdakik.com\/wp-content\/uploads\/2024\/08\/senol-gunes-detayi-cok-konusulur-lugano-dan-17742347_8999_m-600x420.jpg","width":600,"height":757},{"@type":"BreadcrumbList","@id":"https:\/\/kibrisdakik.com\/?p=55935#breadcrumb","itemListElement":[{"@type":"ListItem","position":1,"name":"Home","item":"https:\/\/kibrisdakik.com\/"},{"@type":"ListItem","position":2,"name":"\u015eenol G\u00fcne\u015f detay\u0131 \u00e7ok konu\u015fulur! Lugano&#8217;dan Be\u015fikta\u015f ma\u00e7\u0131 \u00f6ncesinde olay payla\u015f\u0131m"}]},{"@type":"WebSite","@id":"https:\/\/kibrisdakik.com\/#website","url":"https:\/\/kibrisdakik.com\/","name":"","description":"Tam vaktinde haber","potentialAction":[{"@type":"SearchAction","target":{"@type":"EntryPoint","urlTemplate":"https:\/\/kibrisdakik.com\/?s={search_term_string}"},"query-input":{"@type":"PropertyValueSpecification","valueRequired":true,"valueName":"search_term_string"}}],"inLanguage":"tr"},{"@type":"Person","@id":"https:\/\/kibrisdakik.com\/#\/schema\/person\/9cd9d437bbb44f72b73ba127e06d8e79","name":"admin","image":{"@type":"ImageObject","inLanguage":"tr","@id":"https:\/\/secure.gravatar.com\/avatar\/ccc17943b9d660506c869530f897617f7cb1c21a4bf30023f252596d83e1f007?s=96&d=mm&r=g","url":"https:\/\/secure.gravatar.com\/avatar\/ccc17943b9d660506c869530f897617f7cb1c21a4bf30023f252596d83e1f007?s=96&d=mm&r=g","contentUrl":"https:\/\/secure.gravatar.com\/avatar\/ccc17943b9d660506c869530f897617f7cb1c21a4bf30023f252596d83e1f007?s=96&d=mm&r=g","caption":"admin"},"sameAs":["https:\/\/kibrisdakik.com"],"url":"https:\/\/kibrisdakik.com\/?author=1"}]}},"_links":{"self":[{"href":"https:\/\/kibrisdakik.com\/index.php?rest_route=\/wp\/v2\/posts\/55935","targetHints":{"allow":["GET"]}}],"collection":[{"href":"https:\/\/kibrisdakik.com\/index.php?rest_route=\/wp\/v2\/posts"}],"about":[{"href":"https:\/\/kibrisdakik.com\/index.php?rest_route=\/wp\/v2\/types\/post"}],"author":[{"embeddable":true,"href":"https:\/\/kibrisdakik.com\/index.php?rest_route=\/wp\/v2\/users\/1"}],"replies":[{"embeddable":true,"href":"https:\/\/kibrisdakik.com\/index.php?rest_route=%2Fwp%2Fv2%2Fcomments&post=55935"}],"version-history":[{"count":0,"href":"https:\/\/kibrisdakik.com\/index.php?rest_route=\/wp\/v2\/posts\/55935\/revisions"}],"wp:featuredmedia":[{"embeddable":true,"href":"https:\/\/kibrisdakik.com\/index.php?rest_route=\/wp\/v2\/media\/55936"}],"wp:attachment":[{"href":"https:\/\/kibrisdakik.com\/index.php?rest_route=%2Fwp%2Fv2%2Fmedia&parent=55935"}],"wp:term":[{"taxonomy":"category","embeddable":true,"href":"https:\/\/kibrisdakik.com\/index.php?rest_route=%2Fwp%2Fv2%2Fcategories&post=55935"},{"taxonomy":"post_tag","embeddable":true,"href":"https:\/\/kibrisdakik.com\/index.php?rest_route=%2Fwp%2Fv2%2Ftags&post=55935"}],"curies":[{"name":"wp","href":"https:\/\/api.w.org\/{rel}","templated":true}]}}