{"id":55942,"date":"2024-08-21T14:35:18","date_gmt":"2024-08-21T11:35:18","guid":{"rendered":"https:\/\/kibrisdakik.com\/index.php\/2024\/08\/21\/israilden-lubnanda-suikast-otomobili-havaya-ucurdular\/"},"modified":"2024-08-21T14:35:18","modified_gmt":"2024-08-21T11:35:18","slug":"israilden-lubnanda-suikast-otomobili-havaya-ucurdular","status":"publish","type":"post","link":"https:\/\/kibrisdakik.com\/?p=55942","title":{"rendered":"\u0130srail&#8217;den L\u00fcbnan&#8217;da suikast! Otomobili havaya u\u00e7urdular"},"content":{"rendered":"<p><\/p>\n<div id=\"\">\n<p> <a class=\"keyword\" href=\"https:\/\/www.haberler.com\/israil\/\" title=\"\u0130srail Haberleri, \u0130srail Haberi, \u0130srail Haber\"><strong>\u0130srail<\/strong><\/a> ordusu, Sayda \u015fehrinde Filistin Ulusal Kurtulu\u015f Hareketi&#8217;nin (Fetih) silahl\u0131 kanad\u0131 El Aksa \u015eehitleri Tugaylar\u0131 Tu\u011fgenerali Halil el-Makdah&#8217;\u0131n arac\u0131na hava sald\u0131r\u0131s\u0131 d\u00fczenledi. <\/p>\n<p>Makdah sald\u0131r\u0131da hayat\u0131n\u0131 kaybederken, alevler i\u00e7inde kalan ara\u00e7 k\u00fcle d\u00f6nd\u00fc. Sald\u0131r\u0131da yaralananlar \u00e7evredeki hastanelere kald\u0131r\u0131ld\u0131.<\/p>\n<h3>&#8220;SU\u0130KASTLAR B\u0130Z\u0130 DAHA DA G\u00dc\u00c7LEND\u0130R\u0130YOR&#8221;<\/h3>\n<p>Makdah&#8217;\u0131n karde\u015fi komutan Munir el-Makdah yapt\u0131\u011f\u0131 a\u00e7\u0131klamada, &#8220;Zafere veya \u015fehit olmaya giden yolday\u0131z. Suikastlar bizi daha da g\u00fc\u00e7lendiriyor. \u015eehitlik bir onurdur. Direni\u015f sahada kalmaya kararl\u0131d\u0131r&#8221; dedi.<\/p>\n<p><strong>\u0130\u015fte b\u00f6lgeden kareler; <\/strong> <\/p>\n<p><img loading=\"lazy\" decoding=\"async\" class=\"hbptMainImage lazyload ImgDetay\" src=\"https:\/\/foto.haberler.com\/haber\/2024\/08\/21\/israil-den-lubnan-da-suikast-otomobili-havaya-17741699_8122_m.jpg\" alt=\"\u0130srail'den L\u00fcbnan'da suikast! Otomobili havaya u\u00e7urdular\" width=\"640\" height=\"426\"\/><\/p>\n<p><img loading=\"lazy\" decoding=\"async\" class=\"hbptMainImage lazyload ImgDetay\" src=\"https:\/\/foto.haberler.com\/haber\/2024\/08\/21\/israil-den-lubnan-da-suikast-otomobili-havaya-17741699_5436_m.jpg\" alt=\"\u0130srail'den L\u00fcbnan'da suikast! Otomobili havaya u\u00e7urdular\" width=\"640\" height=\"426\"\/><\/p>\n<p><img loading=\"lazy\" decoding=\"async\" class=\"hbptMainImage lazyload ImgDetay\" src=\"https:\/\/foto.haberler.com\/haber\/2024\/08\/21\/israil-den-lubnan-da-suikast-otomobili-havaya-17741699_6538_m.jpg\" alt=\"\u0130srail'den L\u00fcbnan'da suikast! Otomobili havaya u\u00e7urdular\" width=\"640\" height=\"426\"\/><\/p>\n<p><img loading=\"lazy\" decoding=\"async\" class=\"hbptMainImage lazyload ImgDetay\" src=\"https:\/\/foto.haberler.com\/haber\/2024\/08\/21\/israil-den-lubnan-da-suikast-otomobili-havaya-17741699_3191_m.jpg\" alt=\"\u0130srail'den L\u00fcbnan'da suikast! Otomobili havaya u\u00e7urdular\" width=\"640\" height=\"426\"\/><\/p>\n<p><img loading=\"lazy\" decoding=\"async\" class=\"hbptMainImage lazyload ImgDetay\" src=\"https:\/\/foto.haberler.com\/haber\/2024\/08\/21\/israil-den-lubnan-da-suikast-otomobili-havaya-17741699_3334_m.jpg\" alt=\"\u0130srail'den L\u00fcbnan'da suikast! Otomobili havaya u\u00e7urdular\" width=\"640\" height=\"480\"\/><\/p>\n<p><img loading=\"lazy\" decoding=\"async\" class=\"hbptMainImage lazyload ImgDetay\" src=\"https:\/\/foto.haberler.com\/haber\/2024\/08\/21\/israil-den-lubnan-da-suikast-otomobili-havaya-17741699_3626_m.jpg\" alt=\"\u0130srail'den L\u00fcbnan'da suikast! Otomobili havaya u\u00e7urdular\" width=\"640\" height=\"426\"\/><\/p>\n<figure class=\"type:primaryimage hbhOrder\" style=\"margin-bottom: 20px;\"><img loading=\"lazy\" decoding=\"async\" width=\"1202\" height=\"675\" class=\"hbptMainImage\" id=\"HaberImage\" src=\"https:\/\/foto.haberler.com\/haber\/2024\/08\/21\/israil-den-lubnan-da-suikast-otomobili-havaya-17741699_6012_amp.jpg\"\/><\/figure>\n<div class=\"editorSade\">Kaynak: \u0130hlas Haber Ajans\u0131 \/  <a href=\"https:\/\/www.haberler.com\/guncel\/\" title=\"G\u00fcncel Haberleri\">G\u00fcncel<\/a> <\/div>\n<h4 id=\"nwsKeywords\"> <a href=\"https:\/\/www.haberler.com\/uluslararasi-iliskiler\/\" title=\"Uluslararas\u0131 \u0130li\u015fkiler\" class=\"hbptTag\">Uluslararas\u0131 \u0130li\u015fkiler<\/a>  <a href=\"https:\/\/www.haberler.com\/filistin\/\" title=\"Filistin\" class=\"hbptTag\">Filistin<\/a>  <a href=\"https:\/\/www.haberler.com\/israil\/\" title=\"\u0130srail\" class=\"hbptTag\">\u0130srail<\/a>  <a href=\"https:\/\/www.haberler.com\/lubnan\/\" title=\"L\u00fcbnan\" class=\"hbptTag\">L\u00fcbnan<\/a>  <a href=\"https:\/\/www.haberler.com\/uluslararasi-iliskiler\/\" title=\"Uluslararas\u0131 \u0130li\u015fkiler\" class=\"hbptTag\">Uluslararas\u0131 \u0130li\u015fkiler<\/a>  <a href=\"https:\/\/www.haberler.com\/guncel\/\" title=\"G\u00fcncel\" class=\"hbptTag\">G\u00fcncel<\/a>  <a href=\"https:\/\/www.haberler.com\/\" title=\"Haberler\" class=\"hbptTag\">Haberler<\/a> <\/h4>\n<\/div>\n","protected":false},"excerpt":{"rendered":"<p>\u0130srail ordusu, Sayda \u015fehrinde Filistin Ulusal Kurtulu\u015f Hareketi&#8217;nin (Fetih) silahl\u0131 kanad\u0131 El Aksa \u015eehitleri Tugaylar\u0131 Tu\u011fgenerali Halil el-Makdah&#8217;\u0131n arac\u0131na hava sald\u0131r\u0131s\u0131 d\u00fczenledi. Makdah sald\u0131r\u0131da hayat\u0131n\u0131 kaybederken, alevler i\u00e7inde kalan ara\u00e7 k\u00fcle d\u00f6nd\u00fc. Sald\u0131r\u0131da yaralananlar \u00e7evredeki hastanelere kald\u0131r\u0131ld\u0131. &#8220;SU\u0130KASTLAR B\u0130Z\u0130 DAHA DA G\u00dc\u00c7LEND\u0130R\u0130YOR&#8221; Makdah&#8217;\u0131n karde\u015fi komutan Munir el-Makdah yapt\u0131\u011f\u0131 a\u00e7\u0131klamada, &#8220;Zafere veya \u015fehit olmaya giden yolday\u0131z.<\/p>\n","protected":false},"author":1,"featured_media":55943,"comment_status":"open","ping_status":"open","sticky":false,"template":"","format":"standard","meta":{"footnotes":""},"categories":[83],"tags":[],"class_list":["post-55942","post","type-post","status-publish","format-standard","has-post-thumbnail","hentry","category-magazin"],"yoast_head":"<!-- This site is optimized with the Yoast SEO plugin v27.4 - https:\/\/yoast.com\/product\/yoast-seo-wordpress\/ -->\n<title>\u0130srail&#039;den L\u00fcbnan&#039;da suikast! Otomobili havaya u\u00e7urdular -<\/title>\n<meta name=\"robots\" content=\"index, follow, max-snippet:-1, max-image-preview:large, max-video-preview:-1\" \/>\n<link rel=\"canonical\" href=\"https:\/\/kibrisdakik.com\/?p=55942\" \/>\n<meta property=\"og:locale\" content=\"tr_TR\" \/>\n<meta property=\"og:type\" content=\"article\" \/>\n<meta property=\"og:title\" content=\"\u0130srail&#039;den L\u00fcbnan&#039;da suikast! Otomobili havaya u\u00e7urdular -\" \/>\n<meta property=\"og:description\" content=\"\u0130srail ordusu, Sayda \u015fehrinde Filistin Ulusal Kurtulu\u015f Hareketi&#8217;nin (Fetih) silahl\u0131 kanad\u0131 El Aksa \u015eehitleri Tugaylar\u0131 Tu\u011fgenerali Halil el-Makdah&#8217;\u0131n arac\u0131na hava sald\u0131r\u0131s\u0131 d\u00fczenledi. Makdah sald\u0131r\u0131da hayat\u0131n\u0131 kaybederken, alevler i\u00e7inde kalan ara\u00e7 k\u00fcle d\u00f6nd\u00fc. Sald\u0131r\u0131da yaralananlar \u00e7evredeki hastanelere kald\u0131r\u0131ld\u0131. &#8220;SU\u0130KASTLAR B\u0130Z\u0130 DAHA DA G\u00dc\u00c7LEND\u0130R\u0130YOR&#8221; Makdah&#8217;\u0131n karde\u015fi komutan Munir el-Makdah yapt\u0131\u011f\u0131 a\u00e7\u0131klamada, &#8220;Zafere veya \u015fehit olmaya giden yolday\u0131z.\" \/>\n<meta property=\"og:url\" content=\"https:\/\/kibrisdakik.com\/?p=55942\" \/>\n<meta property=\"article:published_time\" content=\"2024-08-21T11:35:18+00:00\" \/>\n<meta property=\"og:image\" content=\"https:\/\/kibrisdakik.com\/wp-content\/uploads\/2024\/08\/israil-den-lubnan-da-suikast-otomobili-havaya-17741699_8122_m-640x420.jpg\" \/>\n\t<meta property=\"og:image:width\" content=\"640\" \/>\n\t<meta property=\"og:image:height\" content=\"426\" \/>\n\t<meta property=\"og:image:type\" content=\"image\/jpeg\" \/>\n<meta name=\"author\" content=\"admin\" \/>\n<meta name=\"twitter:card\" content=\"summary_large_image\" \/>\n<meta name=\"twitter:label1\" content=\"Yazan:\" \/>\n\t<meta name=\"twitter:data1\" content=\"admin\" \/>\n\t<meta name=\"twitter:label2\" content=\"Tahmini okuma s\u00fcresi\" \/>\n\t<meta name=\"twitter:data2\" content=\"1 dakika\" \/>\n<script type=\"application\/ld+json\" class=\"yoast-schema-graph\">{\"@context\":\"https:\\\/\\\/schema.org\",\"@graph\":[{\"@type\":\"Article\",\"@id\":\"https:\\\/\\\/kibrisdakik.com\\\/?p=55942#article\",\"isPartOf\":{\"@id\":\"https:\\\/\\\/kibrisdakik.com\\\/?p=55942\"},\"author\":{\"name\":\"admin\",\"@id\":\"https:\\\/\\\/kibrisdakik.com\\\/#\\\/schema\\\/person\\\/9cd9d437bbb44f72b73ba127e06d8e79\"},\"headline\":\"\u0130srail&#8217;den L\u00fcbnan&#8217;da suikast! Otomobili havaya u\u00e7urdular\",\"datePublished\":\"2024-08-21T11:35:18+00:00\",\"mainEntityOfPage\":{\"@id\":\"https:\\\/\\\/kibrisdakik.com\\\/?p=55942\"},\"wordCount\":127,\"commentCount\":0,\"image\":{\"@id\":\"https:\\\/\\\/kibrisdakik.com\\\/?p=55942#primaryimage\"},\"thumbnailUrl\":\"https:\\\/\\\/kibrisdakik.com\\\/wp-content\\\/uploads\\\/2024\\\/08\\\/israil-den-lubnan-da-suikast-otomobili-havaya-17741699_8122_m-640x420.jpg\",\"articleSection\":[\"Magazin\"],\"inLanguage\":\"tr\",\"potentialAction\":[{\"@type\":\"CommentAction\",\"name\":\"Comment\",\"target\":[\"https:\\\/\\\/kibrisdakik.com\\\/?p=55942#respond\"]}]},{\"@type\":\"WebPage\",\"@id\":\"https:\\\/\\\/kibrisdakik.com\\\/?p=55942\",\"url\":\"https:\\\/\\\/kibrisdakik.com\\\/?p=55942\",\"name\":\"\u0130srail'den L\u00fcbnan'da suikast! Otomobili havaya u\u00e7urdular -\",\"isPartOf\":{\"@id\":\"https:\\\/\\\/kibrisdakik.com\\\/#website\"},\"primaryImageOfPage\":{\"@id\":\"https:\\\/\\\/kibrisdakik.com\\\/?p=55942#primaryimage\"},\"image\":{\"@id\":\"https:\\\/\\\/kibrisdakik.com\\\/?p=55942#primaryimage\"},\"thumbnailUrl\":\"https:\\\/\\\/kibrisdakik.com\\\/wp-content\\\/uploads\\\/2024\\\/08\\\/israil-den-lubnan-da-suikast-otomobili-havaya-17741699_8122_m-640x420.jpg\",\"datePublished\":\"2024-08-21T11:35:18+00:00\",\"author\":{\"@id\":\"https:\\\/\\\/kibrisdakik.com\\\/#\\\/schema\\\/person\\\/9cd9d437bbb44f72b73ba127e06d8e79\"},\"breadcrumb\":{\"@id\":\"https:\\\/\\\/kibrisdakik.com\\\/?p=55942#breadcrumb\"},\"inLanguage\":\"tr\",\"potentialAction\":[{\"@type\":\"ReadAction\",\"target\":[\"https:\\\/\\\/kibrisdakik.com\\\/?p=55942\"]}]},{\"@type\":\"ImageObject\",\"inLanguage\":\"tr\",\"@id\":\"https:\\\/\\\/kibrisdakik.com\\\/?p=55942#primaryimage\",\"url\":\"https:\\\/\\\/kibrisdakik.com\\\/wp-content\\\/uploads\\\/2024\\\/08\\\/israil-den-lubnan-da-suikast-otomobili-havaya-17741699_8122_m-640x420.jpg\",\"contentUrl\":\"https:\\\/\\\/kibrisdakik.com\\\/wp-content\\\/uploads\\\/2024\\\/08\\\/israil-den-lubnan-da-suikast-otomobili-havaya-17741699_8122_m-640x420.jpg\",\"width\":640,\"height\":426},{\"@type\":\"BreadcrumbList\",\"@id\":\"https:\\\/\\\/kibrisdakik.com\\\/?p=55942#breadcrumb\",\"itemListElement\":[{\"@type\":\"ListItem\",\"position\":1,\"name\":\"Home\",\"item\":\"https:\\\/\\\/kibrisdakik.com\\\/\"},{\"@type\":\"ListItem\",\"position\":2,\"name\":\"\u0130srail&#8217;den L\u00fcbnan&#8217;da suikast! Otomobili havaya u\u00e7urdular\"}]},{\"@type\":\"WebSite\",\"@id\":\"https:\\\/\\\/kibrisdakik.com\\\/#website\",\"url\":\"https:\\\/\\\/kibrisdakik.com\\\/\",\"name\":\"\",\"description\":\"Tam vaktinde haber\",\"potentialAction\":[{\"@type\":\"SearchAction\",\"target\":{\"@type\":\"EntryPoint\",\"urlTemplate\":\"https:\\\/\\\/kibrisdakik.com\\\/?s={search_term_string}\"},\"query-input\":{\"@type\":\"PropertyValueSpecification\",\"valueRequired\":true,\"valueName\":\"search_term_string\"}}],\"inLanguage\":\"tr\"},{\"@type\":\"Person\",\"@id\":\"https:\\\/\\\/kibrisdakik.com\\\/#\\\/schema\\\/person\\\/9cd9d437bbb44f72b73ba127e06d8e79\",\"name\":\"admin\",\"image\":{\"@type\":\"ImageObject\",\"inLanguage\":\"tr\",\"@id\":\"https:\\\/\\\/secure.gravatar.com\\\/avatar\\\/ccc17943b9d660506c869530f897617f7cb1c21a4bf30023f252596d83e1f007?s=96&d=mm&r=g\",\"url\":\"https:\\\/\\\/secure.gravatar.com\\\/avatar\\\/ccc17943b9d660506c869530f897617f7cb1c21a4bf30023f252596d83e1f007?s=96&d=mm&r=g\",\"contentUrl\":\"https:\\\/\\\/secure.gravatar.com\\\/avatar\\\/ccc17943b9d660506c869530f897617f7cb1c21a4bf30023f252596d83e1f007?s=96&d=mm&r=g\",\"caption\":\"admin\"},\"sameAs\":[\"https:\\\/\\\/kibrisdakik.com\"],\"url\":\"https:\\\/\\\/kibrisdakik.com\\\/?author=1\"}]}<\/script>\n<!-- \/ Yoast SEO plugin. -->","yoast_head_json":{"title":"\u0130srail'den L\u00fcbnan'da suikast! Otomobili havaya u\u00e7urdular -","robots":{"index":"index","follow":"follow","max-snippet":"max-snippet:-1","max-image-preview":"max-image-preview:large","max-video-preview":"max-video-preview:-1"},"canonical":"https:\/\/kibrisdakik.com\/?p=55942","og_locale":"tr_TR","og_type":"article","og_title":"\u0130srail'den L\u00fcbnan'da suikast! Otomobili havaya u\u00e7urdular -","og_description":"\u0130srail ordusu, Sayda \u015fehrinde Filistin Ulusal Kurtulu\u015f Hareketi&#8217;nin (Fetih) silahl\u0131 kanad\u0131 El Aksa \u015eehitleri Tugaylar\u0131 Tu\u011fgenerali Halil el-Makdah&#8217;\u0131n arac\u0131na hava sald\u0131r\u0131s\u0131 d\u00fczenledi. Makdah sald\u0131r\u0131da hayat\u0131n\u0131 kaybederken, alevler i\u00e7inde kalan ara\u00e7 k\u00fcle d\u00f6nd\u00fc. Sald\u0131r\u0131da yaralananlar \u00e7evredeki hastanelere kald\u0131r\u0131ld\u0131. &#8220;SU\u0130KASTLAR B\u0130Z\u0130 DAHA DA G\u00dc\u00c7LEND\u0130R\u0130YOR&#8221; Makdah&#8217;\u0131n karde\u015fi komutan Munir el-Makdah yapt\u0131\u011f\u0131 a\u00e7\u0131klamada, &#8220;Zafere veya \u015fehit olmaya giden yolday\u0131z.","og_url":"https:\/\/kibrisdakik.com\/?p=55942","article_published_time":"2024-08-21T11:35:18+00:00","og_image":[{"width":640,"height":426,"url":"https:\/\/kibrisdakik.com\/wp-content\/uploads\/2024\/08\/israil-den-lubnan-da-suikast-otomobili-havaya-17741699_8122_m-640x420.jpg","type":"image\/jpeg"}],"author":"admin","twitter_card":"summary_large_image","twitter_misc":{"Yazan:":"admin","Tahmini okuma s\u00fcresi":"1 dakika"},"schema":{"@context":"https:\/\/schema.org","@graph":[{"@type":"Article","@id":"https:\/\/kibrisdakik.com\/?p=55942#article","isPartOf":{"@id":"https:\/\/kibrisdakik.com\/?p=55942"},"author":{"name":"admin","@id":"https:\/\/kibrisdakik.com\/#\/schema\/person\/9cd9d437bbb44f72b73ba127e06d8e79"},"headline":"\u0130srail&#8217;den L\u00fcbnan&#8217;da suikast! Otomobili havaya u\u00e7urdular","datePublished":"2024-08-21T11:35:18+00:00","mainEntityOfPage":{"@id":"https:\/\/kibrisdakik.com\/?p=55942"},"wordCount":127,"commentCount":0,"image":{"@id":"https:\/\/kibrisdakik.com\/?p=55942#primaryimage"},"thumbnailUrl":"https:\/\/kibrisdakik.com\/wp-content\/uploads\/2024\/08\/israil-den-lubnan-da-suikast-otomobili-havaya-17741699_8122_m-640x420.jpg","articleSection":["Magazin"],"inLanguage":"tr","potentialAction":[{"@type":"CommentAction","name":"Comment","target":["https:\/\/kibrisdakik.com\/?p=55942#respond"]}]},{"@type":"WebPage","@id":"https:\/\/kibrisdakik.com\/?p=55942","url":"https:\/\/kibrisdakik.com\/?p=55942","name":"\u0130srail'den L\u00fcbnan'da suikast! Otomobili havaya u\u00e7urdular -","isPartOf":{"@id":"https:\/\/kibrisdakik.com\/#website"},"primaryImageOfPage":{"@id":"https:\/\/kibrisdakik.com\/?p=55942#primaryimage"},"image":{"@id":"https:\/\/kibrisdakik.com\/?p=55942#primaryimage"},"thumbnailUrl":"https:\/\/kibrisdakik.com\/wp-content\/uploads\/2024\/08\/israil-den-lubnan-da-suikast-otomobili-havaya-17741699_8122_m-640x420.jpg","datePublished":"2024-08-21T11:35:18+00:00","author":{"@id":"https:\/\/kibrisdakik.com\/#\/schema\/person\/9cd9d437bbb44f72b73ba127e06d8e79"},"breadcrumb":{"@id":"https:\/\/kibrisdakik.com\/?p=55942#breadcrumb"},"inLanguage":"tr","potentialAction":[{"@type":"ReadAction","target":["https:\/\/kibrisdakik.com\/?p=55942"]}]},{"@type":"ImageObject","inLanguage":"tr","@id":"https:\/\/kibrisdakik.com\/?p=55942#primaryimage","url":"https:\/\/kibrisdakik.com\/wp-content\/uploads\/2024\/08\/israil-den-lubnan-da-suikast-otomobili-havaya-17741699_8122_m-640x420.jpg","contentUrl":"https:\/\/kibrisdakik.com\/wp-content\/uploads\/2024\/08\/israil-den-lubnan-da-suikast-otomobili-havaya-17741699_8122_m-640x420.jpg","width":640,"height":426},{"@type":"BreadcrumbList","@id":"https:\/\/kibrisdakik.com\/?p=55942#breadcrumb","itemListElement":[{"@type":"ListItem","position":1,"name":"Home","item":"https:\/\/kibrisdakik.com\/"},{"@type":"ListItem","position":2,"name":"\u0130srail&#8217;den L\u00fcbnan&#8217;da suikast! Otomobili havaya u\u00e7urdular"}]},{"@type":"WebSite","@id":"https:\/\/kibrisdakik.com\/#website","url":"https:\/\/kibrisdakik.com\/","name":"","description":"Tam vaktinde haber","potentialAction":[{"@type":"SearchAction","target":{"@type":"EntryPoint","urlTemplate":"https:\/\/kibrisdakik.com\/?s={search_term_string}"},"query-input":{"@type":"PropertyValueSpecification","valueRequired":true,"valueName":"search_term_string"}}],"inLanguage":"tr"},{"@type":"Person","@id":"https:\/\/kibrisdakik.com\/#\/schema\/person\/9cd9d437bbb44f72b73ba127e06d8e79","name":"admin","image":{"@type":"ImageObject","inLanguage":"tr","@id":"https:\/\/secure.gravatar.com\/avatar\/ccc17943b9d660506c869530f897617f7cb1c21a4bf30023f252596d83e1f007?s=96&d=mm&r=g","url":"https:\/\/secure.gravatar.com\/avatar\/ccc17943b9d660506c869530f897617f7cb1c21a4bf30023f252596d83e1f007?s=96&d=mm&r=g","contentUrl":"https:\/\/secure.gravatar.com\/avatar\/ccc17943b9d660506c869530f897617f7cb1c21a4bf30023f252596d83e1f007?s=96&d=mm&r=g","caption":"admin"},"sameAs":["https:\/\/kibrisdakik.com"],"url":"https:\/\/kibrisdakik.com\/?author=1"}]}},"_links":{"self":[{"href":"https:\/\/kibrisdakik.com\/index.php?rest_route=\/wp\/v2\/posts\/55942","targetHints":{"allow":["GET"]}}],"collection":[{"href":"https:\/\/kibrisdakik.com\/index.php?rest_route=\/wp\/v2\/posts"}],"about":[{"href":"https:\/\/kibrisdakik.com\/index.php?rest_route=\/wp\/v2\/types\/post"}],"author":[{"embeddable":true,"href":"https:\/\/kibrisdakik.com\/index.php?rest_route=\/wp\/v2\/users\/1"}],"replies":[{"embeddable":true,"href":"https:\/\/kibrisdakik.com\/index.php?rest_route=%2Fwp%2Fv2%2Fcomments&post=55942"}],"version-history":[{"count":0,"href":"https:\/\/kibrisdakik.com\/index.php?rest_route=\/wp\/v2\/posts\/55942\/revisions"}],"wp:featuredmedia":[{"embeddable":true,"href":"https:\/\/kibrisdakik.com\/index.php?rest_route=\/wp\/v2\/media\/55943"}],"wp:attachment":[{"href":"https:\/\/kibrisdakik.com\/index.php?rest_route=%2Fwp%2Fv2%2Fmedia&parent=55942"}],"wp:term":[{"taxonomy":"category","embeddable":true,"href":"https:\/\/kibrisdakik.com\/index.php?rest_route=%2Fwp%2Fv2%2Fcategories&post=55942"},{"taxonomy":"post_tag","embeddable":true,"href":"https:\/\/kibrisdakik.com\/index.php?rest_route=%2Fwp%2Fv2%2Ftags&post=55942"}],"curies":[{"name":"wp","href":"https:\/\/api.w.org\/{rel}","templated":true}]}}