{"id":56035,"date":"2024-08-22T08:42:57","date_gmt":"2024-08-22T05:42:57","guid":{"rendered":"https:\/\/kibrisdakik.com\/index.php\/2024\/08\/22\/cansel-elcin-ve-zeynep-tugce-bayatin-bebeginin-cinsiyeti-belli-oldu\/"},"modified":"2024-08-22T08:42:57","modified_gmt":"2024-08-22T05:42:57","slug":"cansel-elcin-ve-zeynep-tugce-bayatin-bebeginin-cinsiyeti-belli-oldu","status":"publish","type":"post","link":"https:\/\/kibrisdakik.com\/?p=56035","title":{"rendered":"Cansel El\u00e7in ve Zeynep Tu\u011f\u00e7e Bayat&#8217;\u0131n bebe\u011finin cinsiyeti belli oldu"},"content":{"rendered":"<p><\/p>\n<div id=\"\">\n<p>Arkada\u015fl\u0131klar\u0131 a\u015fka d\u00f6n\u00fc\u015fen ve 2020 y\u0131l\u0131nda nikah masas\u0131na oturan ba\u015far\u0131l\u0131 oyuncular Cansel El\u00e7in ve Zeynep Tu\u011f\u00e7e Bayat \u00e7ifti, ge\u00e7ti\u011fimiz g\u00fcnlerde bebek beklediklerinin m\u00fcjdesini verdi. \u00c7iftin bebeklerinin cinsiyeti de belli oldu.<\/p>\n<p>Gazeteci Birsen Altunta\u015f&#8217;\u0131n haberine g\u00f6re, ge\u00e7ti\u011fimiz hafta ultrason foto\u011fraf\u0131yla bebek beklediklerini duyuran \u00e7iftin o\u011fullar\u0131 olacak. \u015eimdilerde 3,5 ayl\u0131k hamile olan Zeynep Tu\u011f\u00e7e Bayat son olarak e\u015fiyle Kimler Geldi Kimler Ge\u00e7ti dizisinde rol alm\u0131\u015ft\u0131.<\/p>\n<p><img loading=\"lazy\" decoding=\"async\" class=\"hbptMainImage lazyload ImgDetay\" src=\"https:\/\/foto.haberler.com\/haber\/2024\/08\/22\/cansel-elcin-ve-zeynep-tugce-bayat-ciftinin-17743556_5090_m.jpg\" alt=\"Cansel El\u00e7in ve Zeynep Tu\u011f\u00e7e Bayat \u00e7iftinin bebeklerinin cinsiyeti belli oldu\" width=\"640\" height=\"799\"\/><\/p>\n<p><img loading=\"lazy\" decoding=\"async\" class=\"hbptMainImage lazyload ImgDetay\" src=\"https:\/\/foto.haberler.com\/haber\/2024\/08\/22\/cansel-elcin-ve-zeynep-tugce-bayat-ciftinin-17743556_1364_m.jpg\" alt=\"Cansel El\u00e7in ve Zeynep Tu\u011f\u00e7e Bayat \u00e7iftinin bebeklerinin cinsiyeti belli oldu\" width=\"640\" height=\"799\"\/><\/p>\n<p><img loading=\"lazy\" decoding=\"async\" class=\"hbptMainImage lazyload ImgDetay\" src=\"https:\/\/foto.haberler.com\/haber\/2024\/08\/22\/cansel-elcin-ve-zeynep-tugce-bayat-ciftinin-17743556_156_m.jpg\" alt=\"Cansel El\u00e7in ve Zeynep Tu\u011f\u00e7e Bayat \u00e7iftinin bebeklerinin cinsiyeti belli oldu\" width=\"640\" height=\"799\"\/><\/p>\n<p><img loading=\"lazy\" decoding=\"async\" class=\"hbptMainImage lazyload ImgDetay\" src=\"https:\/\/foto.haberler.com\/haber\/2024\/08\/22\/cansel-elcin-ve-zeynep-tugce-bayat-ciftinin-17743556_9475_m.jpg\" alt=\"Cansel El\u00e7in ve Zeynep Tu\u011f\u00e7e Bayat \u00e7iftinin bebeklerinin cinsiyeti belli oldu\" width=\"640\" height=\"799\"\/><\/p>\n<div class=\"orderFlex\">\n<div class=\"hbptItem imgtxtarea\">\n<div class=\"hbptAuthorImg\"><img decoding=\"async\" class=\"lazyload imgelips\" src=\"https:\/\/foto.haberler.com\/genel\/editor\/2024\/01\/11\/editor--168911.jpg\" alt=\"Ecem Altan\"\/><\/div>\n<\/div>\n<\/div>\n<h4 id=\"nwsKeywords\"> <a href=\"https:\/\/www.haberler.com\/3-sayfa\/\" title=\"3.Sayfa\" class=\"hbptTag\">3.Sayfa<\/a>  <a href=\"https:\/\/www.haberler.com\/magazin\/\" title=\"Magazin\" class=\"hbptTag\">Magazin<\/a>  <a href=\"https:\/\/www.haberler.com\/yasam\/\" title=\"Ya\u015fam\" class=\"hbptTag\">Ya\u015fam<\/a>  <a href=\"https:\/\/www.haberler.com\/\" title=\"Haberler\" class=\"hbptTag\">Haberler<\/a> <\/h4>\n<\/div>\n","protected":false},"excerpt":{"rendered":"<p>Arkada\u015fl\u0131klar\u0131 a\u015fka d\u00f6n\u00fc\u015fen ve 2020 y\u0131l\u0131nda nikah masas\u0131na oturan ba\u015far\u0131l\u0131 oyuncular Cansel El\u00e7in ve Zeynep Tu\u011f\u00e7e Bayat \u00e7ifti, ge\u00e7ti\u011fimiz g\u00fcnlerde bebek beklediklerinin m\u00fcjdesini verdi. \u00c7iftin bebeklerinin cinsiyeti de belli oldu. Gazeteci Birsen Altunta\u015f&#8217;\u0131n haberine g\u00f6re, ge\u00e7ti\u011fimiz hafta ultrason foto\u011fraf\u0131yla bebek beklediklerini duyuran \u00e7iftin o\u011fullar\u0131 olacak. \u015eimdilerde 3,5 ayl\u0131k hamile olan Zeynep Tu\u011f\u00e7e Bayat son olarak<\/p>\n","protected":false},"author":1,"featured_media":56036,"comment_status":"open","ping_status":"open","sticky":false,"template":"","format":"standard","meta":{"footnotes":""},"categories":[83],"tags":[],"class_list":["post-56035","post","type-post","status-publish","format-standard","has-post-thumbnail","hentry","category-magazin"],"yoast_head":"<!-- This site is optimized with the Yoast SEO plugin v27.4 - https:\/\/yoast.com\/product\/yoast-seo-wordpress\/ -->\n<title>Cansel El\u00e7in ve Zeynep Tu\u011f\u00e7e Bayat&#039;\u0131n bebe\u011finin cinsiyeti belli oldu -<\/title>\n<meta name=\"robots\" content=\"index, follow, max-snippet:-1, max-image-preview:large, max-video-preview:-1\" \/>\n<link rel=\"canonical\" href=\"https:\/\/kibrisdakik.com\/?p=56035\" \/>\n<meta property=\"og:locale\" content=\"tr_TR\" \/>\n<meta property=\"og:type\" content=\"article\" \/>\n<meta property=\"og:title\" content=\"Cansel El\u00e7in ve Zeynep Tu\u011f\u00e7e Bayat&#039;\u0131n bebe\u011finin cinsiyeti belli oldu -\" \/>\n<meta property=\"og:description\" content=\"Arkada\u015fl\u0131klar\u0131 a\u015fka d\u00f6n\u00fc\u015fen ve 2020 y\u0131l\u0131nda nikah masas\u0131na oturan ba\u015far\u0131l\u0131 oyuncular Cansel El\u00e7in ve Zeynep Tu\u011f\u00e7e Bayat \u00e7ifti, ge\u00e7ti\u011fimiz g\u00fcnlerde bebek beklediklerinin m\u00fcjdesini verdi. \u00c7iftin bebeklerinin cinsiyeti de belli oldu. Gazeteci Birsen Altunta\u015f&#8217;\u0131n haberine g\u00f6re, ge\u00e7ti\u011fimiz hafta ultrason foto\u011fraf\u0131yla bebek beklediklerini duyuran \u00e7iftin o\u011fullar\u0131 olacak. \u015eimdilerde 3,5 ayl\u0131k hamile olan Zeynep Tu\u011f\u00e7e Bayat son olarak\" \/>\n<meta property=\"og:url\" content=\"https:\/\/kibrisdakik.com\/?p=56035\" \/>\n<meta property=\"article:published_time\" content=\"2024-08-22T05:42:57+00:00\" \/>\n<meta property=\"og:image\" content=\"https:\/\/kibrisdakik.com\/wp-content\/uploads\/2024\/08\/cansel-elcin-ve-zeynep-tugce-bayat-ciftinin-17743556_5090_m-640x420.jpg\" \/>\n\t<meta property=\"og:image:width\" content=\"640\" \/>\n\t<meta property=\"og:image:height\" content=\"799\" \/>\n\t<meta property=\"og:image:type\" content=\"image\/jpeg\" \/>\n<meta name=\"author\" content=\"admin\" \/>\n<meta name=\"twitter:card\" content=\"summary_large_image\" \/>\n<meta name=\"twitter:label1\" content=\"Yazan:\" \/>\n\t<meta name=\"twitter:data1\" content=\"admin\" \/>\n<script type=\"application\/ld+json\" class=\"yoast-schema-graph\">{\"@context\":\"https:\\\/\\\/schema.org\",\"@graph\":[{\"@type\":\"Article\",\"@id\":\"https:\\\/\\\/kibrisdakik.com\\\/?p=56035#article\",\"isPartOf\":{\"@id\":\"https:\\\/\\\/kibrisdakik.com\\\/?p=56035\"},\"author\":{\"name\":\"admin\",\"@id\":\"https:\\\/\\\/kibrisdakik.com\\\/#\\\/schema\\\/person\\\/9cd9d437bbb44f72b73ba127e06d8e79\"},\"headline\":\"Cansel El\u00e7in ve Zeynep Tu\u011f\u00e7e Bayat&#8217;\u0131n bebe\u011finin cinsiyeti belli oldu\",\"datePublished\":\"2024-08-22T05:42:57+00:00\",\"mainEntityOfPage\":{\"@id\":\"https:\\\/\\\/kibrisdakik.com\\\/?p=56035\"},\"wordCount\":109,\"commentCount\":0,\"image\":{\"@id\":\"https:\\\/\\\/kibrisdakik.com\\\/?p=56035#primaryimage\"},\"thumbnailUrl\":\"https:\\\/\\\/kibrisdakik.com\\\/wp-content\\\/uploads\\\/2024\\\/08\\\/cansel-elcin-ve-zeynep-tugce-bayat-ciftinin-17743556_5090_m-640x420.jpg\",\"articleSection\":[\"Magazin\"],\"inLanguage\":\"tr\",\"potentialAction\":[{\"@type\":\"CommentAction\",\"name\":\"Comment\",\"target\":[\"https:\\\/\\\/kibrisdakik.com\\\/?p=56035#respond\"]}]},{\"@type\":\"WebPage\",\"@id\":\"https:\\\/\\\/kibrisdakik.com\\\/?p=56035\",\"url\":\"https:\\\/\\\/kibrisdakik.com\\\/?p=56035\",\"name\":\"Cansel El\u00e7in ve Zeynep Tu\u011f\u00e7e Bayat'\u0131n bebe\u011finin cinsiyeti belli oldu -\",\"isPartOf\":{\"@id\":\"https:\\\/\\\/kibrisdakik.com\\\/#website\"},\"primaryImageOfPage\":{\"@id\":\"https:\\\/\\\/kibrisdakik.com\\\/?p=56035#primaryimage\"},\"image\":{\"@id\":\"https:\\\/\\\/kibrisdakik.com\\\/?p=56035#primaryimage\"},\"thumbnailUrl\":\"https:\\\/\\\/kibrisdakik.com\\\/wp-content\\\/uploads\\\/2024\\\/08\\\/cansel-elcin-ve-zeynep-tugce-bayat-ciftinin-17743556_5090_m-640x420.jpg\",\"datePublished\":\"2024-08-22T05:42:57+00:00\",\"author\":{\"@id\":\"https:\\\/\\\/kibrisdakik.com\\\/#\\\/schema\\\/person\\\/9cd9d437bbb44f72b73ba127e06d8e79\"},\"breadcrumb\":{\"@id\":\"https:\\\/\\\/kibrisdakik.com\\\/?p=56035#breadcrumb\"},\"inLanguage\":\"tr\",\"potentialAction\":[{\"@type\":\"ReadAction\",\"target\":[\"https:\\\/\\\/kibrisdakik.com\\\/?p=56035\"]}]},{\"@type\":\"ImageObject\",\"inLanguage\":\"tr\",\"@id\":\"https:\\\/\\\/kibrisdakik.com\\\/?p=56035#primaryimage\",\"url\":\"https:\\\/\\\/kibrisdakik.com\\\/wp-content\\\/uploads\\\/2024\\\/08\\\/cansel-elcin-ve-zeynep-tugce-bayat-ciftinin-17743556_5090_m-640x420.jpg\",\"contentUrl\":\"https:\\\/\\\/kibrisdakik.com\\\/wp-content\\\/uploads\\\/2024\\\/08\\\/cansel-elcin-ve-zeynep-tugce-bayat-ciftinin-17743556_5090_m-640x420.jpg\",\"width\":640,\"height\":799},{\"@type\":\"BreadcrumbList\",\"@id\":\"https:\\\/\\\/kibrisdakik.com\\\/?p=56035#breadcrumb\",\"itemListElement\":[{\"@type\":\"ListItem\",\"position\":1,\"name\":\"Home\",\"item\":\"https:\\\/\\\/kibrisdakik.com\\\/\"},{\"@type\":\"ListItem\",\"position\":2,\"name\":\"Cansel El\u00e7in ve Zeynep Tu\u011f\u00e7e Bayat&#8217;\u0131n bebe\u011finin cinsiyeti belli oldu\"}]},{\"@type\":\"WebSite\",\"@id\":\"https:\\\/\\\/kibrisdakik.com\\\/#website\",\"url\":\"https:\\\/\\\/kibrisdakik.com\\\/\",\"name\":\"\",\"description\":\"Tam vaktinde haber\",\"potentialAction\":[{\"@type\":\"SearchAction\",\"target\":{\"@type\":\"EntryPoint\",\"urlTemplate\":\"https:\\\/\\\/kibrisdakik.com\\\/?s={search_term_string}\"},\"query-input\":{\"@type\":\"PropertyValueSpecification\",\"valueRequired\":true,\"valueName\":\"search_term_string\"}}],\"inLanguage\":\"tr\"},{\"@type\":\"Person\",\"@id\":\"https:\\\/\\\/kibrisdakik.com\\\/#\\\/schema\\\/person\\\/9cd9d437bbb44f72b73ba127e06d8e79\",\"name\":\"admin\",\"image\":{\"@type\":\"ImageObject\",\"inLanguage\":\"tr\",\"@id\":\"https:\\\/\\\/secure.gravatar.com\\\/avatar\\\/ccc17943b9d660506c869530f897617f7cb1c21a4bf30023f252596d83e1f007?s=96&d=mm&r=g\",\"url\":\"https:\\\/\\\/secure.gravatar.com\\\/avatar\\\/ccc17943b9d660506c869530f897617f7cb1c21a4bf30023f252596d83e1f007?s=96&d=mm&r=g\",\"contentUrl\":\"https:\\\/\\\/secure.gravatar.com\\\/avatar\\\/ccc17943b9d660506c869530f897617f7cb1c21a4bf30023f252596d83e1f007?s=96&d=mm&r=g\",\"caption\":\"admin\"},\"sameAs\":[\"https:\\\/\\\/kibrisdakik.com\"],\"url\":\"https:\\\/\\\/kibrisdakik.com\\\/?author=1\"}]}<\/script>\n<!-- \/ Yoast SEO plugin. -->","yoast_head_json":{"title":"Cansel El\u00e7in ve Zeynep Tu\u011f\u00e7e Bayat'\u0131n bebe\u011finin cinsiyeti belli oldu -","robots":{"index":"index","follow":"follow","max-snippet":"max-snippet:-1","max-image-preview":"max-image-preview:large","max-video-preview":"max-video-preview:-1"},"canonical":"https:\/\/kibrisdakik.com\/?p=56035","og_locale":"tr_TR","og_type":"article","og_title":"Cansel El\u00e7in ve Zeynep Tu\u011f\u00e7e Bayat'\u0131n bebe\u011finin cinsiyeti belli oldu -","og_description":"Arkada\u015fl\u0131klar\u0131 a\u015fka d\u00f6n\u00fc\u015fen ve 2020 y\u0131l\u0131nda nikah masas\u0131na oturan ba\u015far\u0131l\u0131 oyuncular Cansel El\u00e7in ve Zeynep Tu\u011f\u00e7e Bayat \u00e7ifti, ge\u00e7ti\u011fimiz g\u00fcnlerde bebek beklediklerinin m\u00fcjdesini verdi. \u00c7iftin bebeklerinin cinsiyeti de belli oldu. Gazeteci Birsen Altunta\u015f&#8217;\u0131n haberine g\u00f6re, ge\u00e7ti\u011fimiz hafta ultrason foto\u011fraf\u0131yla bebek beklediklerini duyuran \u00e7iftin o\u011fullar\u0131 olacak. \u015eimdilerde 3,5 ayl\u0131k hamile olan Zeynep Tu\u011f\u00e7e Bayat son olarak","og_url":"https:\/\/kibrisdakik.com\/?p=56035","article_published_time":"2024-08-22T05:42:57+00:00","og_image":[{"width":640,"height":799,"url":"https:\/\/kibrisdakik.com\/wp-content\/uploads\/2024\/08\/cansel-elcin-ve-zeynep-tugce-bayat-ciftinin-17743556_5090_m-640x420.jpg","type":"image\/jpeg"}],"author":"admin","twitter_card":"summary_large_image","twitter_misc":{"Yazan:":"admin"},"schema":{"@context":"https:\/\/schema.org","@graph":[{"@type":"Article","@id":"https:\/\/kibrisdakik.com\/?p=56035#article","isPartOf":{"@id":"https:\/\/kibrisdakik.com\/?p=56035"},"author":{"name":"admin","@id":"https:\/\/kibrisdakik.com\/#\/schema\/person\/9cd9d437bbb44f72b73ba127e06d8e79"},"headline":"Cansel El\u00e7in ve Zeynep Tu\u011f\u00e7e Bayat&#8217;\u0131n bebe\u011finin cinsiyeti belli oldu","datePublished":"2024-08-22T05:42:57+00:00","mainEntityOfPage":{"@id":"https:\/\/kibrisdakik.com\/?p=56035"},"wordCount":109,"commentCount":0,"image":{"@id":"https:\/\/kibrisdakik.com\/?p=56035#primaryimage"},"thumbnailUrl":"https:\/\/kibrisdakik.com\/wp-content\/uploads\/2024\/08\/cansel-elcin-ve-zeynep-tugce-bayat-ciftinin-17743556_5090_m-640x420.jpg","articleSection":["Magazin"],"inLanguage":"tr","potentialAction":[{"@type":"CommentAction","name":"Comment","target":["https:\/\/kibrisdakik.com\/?p=56035#respond"]}]},{"@type":"WebPage","@id":"https:\/\/kibrisdakik.com\/?p=56035","url":"https:\/\/kibrisdakik.com\/?p=56035","name":"Cansel El\u00e7in ve Zeynep Tu\u011f\u00e7e Bayat'\u0131n bebe\u011finin cinsiyeti belli oldu -","isPartOf":{"@id":"https:\/\/kibrisdakik.com\/#website"},"primaryImageOfPage":{"@id":"https:\/\/kibrisdakik.com\/?p=56035#primaryimage"},"image":{"@id":"https:\/\/kibrisdakik.com\/?p=56035#primaryimage"},"thumbnailUrl":"https:\/\/kibrisdakik.com\/wp-content\/uploads\/2024\/08\/cansel-elcin-ve-zeynep-tugce-bayat-ciftinin-17743556_5090_m-640x420.jpg","datePublished":"2024-08-22T05:42:57+00:00","author":{"@id":"https:\/\/kibrisdakik.com\/#\/schema\/person\/9cd9d437bbb44f72b73ba127e06d8e79"},"breadcrumb":{"@id":"https:\/\/kibrisdakik.com\/?p=56035#breadcrumb"},"inLanguage":"tr","potentialAction":[{"@type":"ReadAction","target":["https:\/\/kibrisdakik.com\/?p=56035"]}]},{"@type":"ImageObject","inLanguage":"tr","@id":"https:\/\/kibrisdakik.com\/?p=56035#primaryimage","url":"https:\/\/kibrisdakik.com\/wp-content\/uploads\/2024\/08\/cansel-elcin-ve-zeynep-tugce-bayat-ciftinin-17743556_5090_m-640x420.jpg","contentUrl":"https:\/\/kibrisdakik.com\/wp-content\/uploads\/2024\/08\/cansel-elcin-ve-zeynep-tugce-bayat-ciftinin-17743556_5090_m-640x420.jpg","width":640,"height":799},{"@type":"BreadcrumbList","@id":"https:\/\/kibrisdakik.com\/?p=56035#breadcrumb","itemListElement":[{"@type":"ListItem","position":1,"name":"Home","item":"https:\/\/kibrisdakik.com\/"},{"@type":"ListItem","position":2,"name":"Cansel El\u00e7in ve Zeynep Tu\u011f\u00e7e Bayat&#8217;\u0131n bebe\u011finin cinsiyeti belli oldu"}]},{"@type":"WebSite","@id":"https:\/\/kibrisdakik.com\/#website","url":"https:\/\/kibrisdakik.com\/","name":"","description":"Tam vaktinde haber","potentialAction":[{"@type":"SearchAction","target":{"@type":"EntryPoint","urlTemplate":"https:\/\/kibrisdakik.com\/?s={search_term_string}"},"query-input":{"@type":"PropertyValueSpecification","valueRequired":true,"valueName":"search_term_string"}}],"inLanguage":"tr"},{"@type":"Person","@id":"https:\/\/kibrisdakik.com\/#\/schema\/person\/9cd9d437bbb44f72b73ba127e06d8e79","name":"admin","image":{"@type":"ImageObject","inLanguage":"tr","@id":"https:\/\/secure.gravatar.com\/avatar\/ccc17943b9d660506c869530f897617f7cb1c21a4bf30023f252596d83e1f007?s=96&d=mm&r=g","url":"https:\/\/secure.gravatar.com\/avatar\/ccc17943b9d660506c869530f897617f7cb1c21a4bf30023f252596d83e1f007?s=96&d=mm&r=g","contentUrl":"https:\/\/secure.gravatar.com\/avatar\/ccc17943b9d660506c869530f897617f7cb1c21a4bf30023f252596d83e1f007?s=96&d=mm&r=g","caption":"admin"},"sameAs":["https:\/\/kibrisdakik.com"],"url":"https:\/\/kibrisdakik.com\/?author=1"}]}},"_links":{"self":[{"href":"https:\/\/kibrisdakik.com\/index.php?rest_route=\/wp\/v2\/posts\/56035","targetHints":{"allow":["GET"]}}],"collection":[{"href":"https:\/\/kibrisdakik.com\/index.php?rest_route=\/wp\/v2\/posts"}],"about":[{"href":"https:\/\/kibrisdakik.com\/index.php?rest_route=\/wp\/v2\/types\/post"}],"author":[{"embeddable":true,"href":"https:\/\/kibrisdakik.com\/index.php?rest_route=\/wp\/v2\/users\/1"}],"replies":[{"embeddable":true,"href":"https:\/\/kibrisdakik.com\/index.php?rest_route=%2Fwp%2Fv2%2Fcomments&post=56035"}],"version-history":[{"count":0,"href":"https:\/\/kibrisdakik.com\/index.php?rest_route=\/wp\/v2\/posts\/56035\/revisions"}],"wp:featuredmedia":[{"embeddable":true,"href":"https:\/\/kibrisdakik.com\/index.php?rest_route=\/wp\/v2\/media\/56036"}],"wp:attachment":[{"href":"https:\/\/kibrisdakik.com\/index.php?rest_route=%2Fwp%2Fv2%2Fmedia&parent=56035"}],"wp:term":[{"taxonomy":"category","embeddable":true,"href":"https:\/\/kibrisdakik.com\/index.php?rest_route=%2Fwp%2Fv2%2Fcategories&post=56035"},{"taxonomy":"post_tag","embeddable":true,"href":"https:\/\/kibrisdakik.com\/index.php?rest_route=%2Fwp%2Fv2%2Ftags&post=56035"}],"curies":[{"name":"wp","href":"https:\/\/api.w.org\/{rel}","templated":true}]}}