{"id":5611,"date":"2023-04-23T17:44:45","date_gmt":"2023-04-23T17:44:45","guid":{"rendered":"https:\/\/kibrisdakik.com\/index.php\/2023\/04\/23\/ataoglu-cocuklarin-haklarina-saygi-gosterilmesi-gerekir\/"},"modified":"2023-04-23T17:44:45","modified_gmt":"2023-04-23T17:44:45","slug":"ataoglu-cocuklarin-haklarina-saygi-gosterilmesi-gerekir","status":"publish","type":"post","link":"https:\/\/kibrisdakik.com\/?p=5611","title":{"rendered":"Atao\u011flu: \u00c7ocuklar\u0131n haklar\u0131na sayg\u0131 g\u00f6sterilmesi gerekir"},"content":{"rendered":"<p><\/p>\n<div>\n<div class=\"mariselle-image-container center\">\n                <img width=\"1024\" height=\"683\" class=\"lazy-image\" alt=\"\" decoding=\"async\" loading=\"lazy\" sizes=\"auto, (max-width: 1024px) 100vw, 1024px\" src=\"https:\/\/brtk.net\/wp-content\/uploads\/2023\/04\/17\/fikri-ataoglu-kadir-gecesi-1-1024x683.jpg?ver=1d59665f19bda3cf15f7f2291e3b557a\" srcset=\"https:\/\/brtk.net\/wp-content\/uploads\/2023\/04\/17\/fikri-ataoglu-kadir-gecesi-1-1024x683.jpg?ver=1d59665f19bda3cf15f7f2291e3b557a 1024w, https:\/\/brtk.net\/wp-content\/uploads\/2023\/04\/17\/fikri-ataoglu-kadir-gecesi-1-300x200.jpg?ver=1d59665f19bda3cf15f7f2291e3b557a 300w, https:\/\/brtk.net\/wp-content\/uploads\/2023\/04\/17\/fikri-ataoglu-kadir-gecesi-1-768x512.jpg?ver=0ac84090ab8fd42a4ceb5c55fea813e0 768w, https:\/\/brtk.net\/wp-content\/uploads\/2023\/04\/17\/fikri-ataoglu-kadir-gecesi-1.jpg?ver=1d59665f19bda3cf15f7f2291e3b557a 1200w\"\/>                            <\/div>\n<p>\nBa\u015fbakan Yard\u0131mc\u0131s\u0131, Turizm, K\u00fclt\u00fcr, Gen\u00e7lik ve \u00c7evre Bakan\u0131, Demokrat Parti (DP) Genel Ba\u015fkan\u0131 Fikri Atao\u011flu \u00e7ocuklar\u0131n haklar\u0131na sayg\u0131 g\u00f6sterilmesi gerekti\u011fine dikkat \u00e7ekerek, \u00e7ocuklar\u0131n sa\u011fl\u0131k, e\u011fitim, beslenme, bar\u0131nma ve sevgi haklar\u0131n\u0131n korunmas\u0131 ve geli\u015ftirilmesinin en \u00f6ncelikli g\u00f6revleri oldu\u011funu vurgulad\u0131.<\/p>\n<p>DP\u2019den yap\u0131lan yaz\u0131l\u0131 a\u00e7\u0131klamaya g\u00f6re Atao\u011flu \u201823 Nisan Ulusal Egemenlik ve \u00c7ocuk Bayram\u0131\u2019 nedeniyle mesaj yay\u0131mlad\u0131.<\/p>\n<p>Atao\u011flu mesaj\u0131nda \u015fu ifadelere yer verdi;<\/p>\n<p>\u201cBug\u00fcn, Anatavan T\u00fcrkiye Cumhuriyeti\u2019nin kurucusu Gazi Mustafa Kemal Atat\u00fcrk taraf\u0131ndan \u00e7ocuklara arma\u011fan edilen, T\u00fcrkiye\u2019nin en \u00f6nemli milli bayramlar\u0131ndan biri olan 23 Nisan Ulusal Egemenlik ve \u00c7ocuk Bayram\u0131\u2019n\u0131 kutluyoruz.<\/p>\n<p>23 Nisan, sadece T\u00fcrkiye\u2019nin de\u011fil, t\u00fcm d\u00fcnya \u00e7ocuklar\u0131n\u0131n bayram\u0131d\u0131r. Bu \u00f6zel g\u00fcnde, gelece\u011fimizin teminat\u0131 olan \u00e7ocuklar\u0131m\u0131z\u0131n mutlulu\u011fu ve sevinci hepimizin ortak amac\u0131d\u0131r. Mutlulu\u011funuzun, gelece\u011fimiz i\u00e7in umut ve g\u00fcven kayna\u011f\u0131 oldu\u011funu bilmelisiniz.<\/p>\n<p>\u00c7ocuklar, sizler \u00fclkemizin en de\u011ferli varl\u0131klar\u0131s\u0131n\u0131z. Sizler, gelece\u011fimizin teminat\u0131, \u00fclkemizin ve d\u00fcnyam\u0131z\u0131n umudusunuz. Sizler, her \u015feyin en g\u00fczeline lay\u0131ks\u0131n\u0131z.<\/p>\n<p>Bu \u00f6zel g\u00fcnde, \u00e7ocuklar\u0131n haklar\u0131na sayg\u0131 g\u00f6sterilmesi ve korunmas\u0131 gerekti\u011fini hat\u0131rlatmak istiyorum. \u00c7ocuklar, sizlerin en temel haklar\u0131 olan sa\u011fl\u0131k, e\u011fitim, beslenme, bar\u0131nma ve sevgi gibi haklar\u0131n\u0131z\u0131n korunmas\u0131 ve geli\u015ftirilmesi bizim en \u00f6ncelikli g\u00f6revimizdir.<\/p>\n<p>\u00c7ocuklar\u0131m\u0131z\u0131n g\u00fcvenli, mutlu ve ba\u015far\u0131l\u0131 bir gelece\u011fi i\u00e7in \u00e7al\u0131\u015fmaya devam edece\u011fiz. Sizlere daha iyi bir d\u00fcnya b\u0131rakmak i\u00e7in elimizden geleni yapaca\u011f\u0131z.<\/p>\n<p>Bu duygularla, t\u00fcm \u00e7ocuklar\u0131m\u0131z\u0131n 23 Nisan Ulusal Egemenlik ve \u00c7ocuk Bayram\u0131\u2019n\u0131 en i\u00e7ten dileklerimle kutluyor, gelece\u011fimizin mimar\u0131 olan t\u00fcm \u00e7ocuklar\u0131m\u0131za sa\u011fl\u0131k, mutluluk ve ba\u015far\u0131 dolu bir gelecek diliyorum.\u201d<\/p>\n<\/p><\/div>\n<p><script async\n                    defer\n                    crossorigin=\"anonymous\"\n                    src=\"https:\/\/connect.facebook.net\/tr_TR\/sdk.js#xfbml=1&#038;version=v3.3\"\n            ><\/script><\/p>\n","protected":false},"excerpt":{"rendered":"<p>Ba\u015fbakan Yard\u0131mc\u0131s\u0131, Turizm, K\u00fclt\u00fcr, Gen\u00e7lik ve \u00c7evre Bakan\u0131, Demokrat Parti (DP) Genel Ba\u015fkan\u0131 Fikri Atao\u011flu \u00e7ocuklar\u0131n haklar\u0131na sayg\u0131 g\u00f6sterilmesi gerekti\u011fine dikkat \u00e7ekerek, \u00e7ocuklar\u0131n sa\u011fl\u0131k, e\u011fitim, beslenme, bar\u0131nma ve sevgi haklar\u0131n\u0131n korunmas\u0131 ve geli\u015ftirilmesinin en \u00f6ncelikli g\u00f6revleri oldu\u011funu vurgulad\u0131. DP\u2019den yap\u0131lan yaz\u0131l\u0131 a\u00e7\u0131klamaya g\u00f6re Atao\u011flu \u201823 Nisan Ulusal Egemenlik ve \u00c7ocuk Bayram\u0131\u2019 nedeniyle mesaj yay\u0131mlad\u0131. Atao\u011flu<\/p>\n","protected":false},"author":1,"featured_media":5292,"comment_status":"open","ping_status":"open","sticky":false,"template":"","format":"standard","meta":{"footnotes":""},"categories":[1],"tags":[],"class_list":["post-5611","post","type-post","status-publish","format-standard","has-post-thumbnail","hentry","category-gundem"],"yoast_head":"<!-- This site is optimized with the Yoast SEO plugin v27.5 - https:\/\/yoast.com\/product\/yoast-seo-wordpress\/ -->\n<title>Atao\u011flu: \u00c7ocuklar\u0131n haklar\u0131na sayg\u0131 g\u00f6sterilmesi gerekir -<\/title>\n<meta name=\"robots\" content=\"index, follow, max-snippet:-1, max-image-preview:large, max-video-preview:-1\" \/>\n<link rel=\"canonical\" href=\"https:\/\/kibrisdakik.com\/?p=5611\" \/>\n<meta property=\"og:locale\" content=\"tr_TR\" \/>\n<meta property=\"og:type\" content=\"article\" \/>\n<meta property=\"og:title\" content=\"Atao\u011flu: \u00c7ocuklar\u0131n haklar\u0131na sayg\u0131 g\u00f6sterilmesi gerekir -\" \/>\n<meta property=\"og:description\" content=\"Ba\u015fbakan Yard\u0131mc\u0131s\u0131, Turizm, K\u00fclt\u00fcr, Gen\u00e7lik ve \u00c7evre Bakan\u0131, Demokrat Parti (DP) Genel Ba\u015fkan\u0131 Fikri Atao\u011flu \u00e7ocuklar\u0131n haklar\u0131na sayg\u0131 g\u00f6sterilmesi gerekti\u011fine dikkat \u00e7ekerek, \u00e7ocuklar\u0131n sa\u011fl\u0131k, e\u011fitim, beslenme, bar\u0131nma ve sevgi haklar\u0131n\u0131n korunmas\u0131 ve geli\u015ftirilmesinin en \u00f6ncelikli g\u00f6revleri oldu\u011funu vurgulad\u0131. DP\u2019den yap\u0131lan yaz\u0131l\u0131 a\u00e7\u0131klamaya g\u00f6re Atao\u011flu \u201823 Nisan Ulusal Egemenlik ve \u00c7ocuk Bayram\u0131\u2019 nedeniyle mesaj yay\u0131mlad\u0131. Atao\u011flu\" \/>\n<meta property=\"og:url\" content=\"https:\/\/kibrisdakik.com\/?p=5611\" \/>\n<meta property=\"article:published_time\" content=\"2023-04-23T17:44:45+00:00\" \/>\n<meta property=\"og:image\" content=\"https:\/\/kibrisdakik.com\/wp-content\/uploads\/2023\/04\/fikri-ataoglu-kadir-gecesi-1-740x420.jpg\" \/>\n\t<meta property=\"og:image:width\" content=\"1200\" \/>\n\t<meta property=\"og:image:height\" content=\"800\" \/>\n\t<meta property=\"og:image:type\" content=\"image\/jpeg\" \/>\n<meta name=\"author\" content=\"admin\" \/>\n<meta name=\"twitter:card\" content=\"summary_large_image\" \/>\n<meta name=\"twitter:label1\" content=\"Yazan:\" \/>\n\t<meta name=\"twitter:data1\" content=\"admin\" \/>\n\t<meta name=\"twitter:label2\" content=\"Tahmini okuma s\u00fcresi\" \/>\n\t<meta name=\"twitter:data2\" content=\"2 dakika\" \/>\n<script type=\"application\/ld+json\" class=\"yoast-schema-graph\">{\"@context\":\"https:\\\/\\\/schema.org\",\"@graph\":[{\"@type\":\"Article\",\"@id\":\"https:\\\/\\\/kibrisdakik.com\\\/?p=5611#article\",\"isPartOf\":{\"@id\":\"https:\\\/\\\/kibrisdakik.com\\\/?p=5611\"},\"author\":{\"name\":\"admin\",\"@id\":\"https:\\\/\\\/kibrisdakik.com\\\/#\\\/schema\\\/person\\\/9cd9d437bbb44f72b73ba127e06d8e79\"},\"headline\":\"Atao\u011flu: \u00c7ocuklar\u0131n haklar\u0131na sayg\u0131 g\u00f6sterilmesi gerekir\",\"datePublished\":\"2023-04-23T17:44:45+00:00\",\"mainEntityOfPage\":{\"@id\":\"https:\\\/\\\/kibrisdakik.com\\\/?p=5611\"},\"wordCount\":344,\"commentCount\":0,\"image\":{\"@id\":\"https:\\\/\\\/kibrisdakik.com\\\/?p=5611#primaryimage\"},\"thumbnailUrl\":\"https:\\\/\\\/kibrisdakik.com\\\/wp-content\\\/uploads\\\/2023\\\/04\\\/fikri-ataoglu-kadir-gecesi-1-740x420.jpg\",\"articleSection\":[\"G\u00fcndem\"],\"inLanguage\":\"tr\",\"potentialAction\":[{\"@type\":\"CommentAction\",\"name\":\"Comment\",\"target\":[\"https:\\\/\\\/kibrisdakik.com\\\/?p=5611#respond\"]}]},{\"@type\":\"WebPage\",\"@id\":\"https:\\\/\\\/kibrisdakik.com\\\/?p=5611\",\"url\":\"https:\\\/\\\/kibrisdakik.com\\\/?p=5611\",\"name\":\"Atao\u011flu: \u00c7ocuklar\u0131n haklar\u0131na sayg\u0131 g\u00f6sterilmesi gerekir -\",\"isPartOf\":{\"@id\":\"https:\\\/\\\/kibrisdakik.com\\\/#website\"},\"primaryImageOfPage\":{\"@id\":\"https:\\\/\\\/kibrisdakik.com\\\/?p=5611#primaryimage\"},\"image\":{\"@id\":\"https:\\\/\\\/kibrisdakik.com\\\/?p=5611#primaryimage\"},\"thumbnailUrl\":\"https:\\\/\\\/kibrisdakik.com\\\/wp-content\\\/uploads\\\/2023\\\/04\\\/fikri-ataoglu-kadir-gecesi-1-740x420.jpg\",\"datePublished\":\"2023-04-23T17:44:45+00:00\",\"author\":{\"@id\":\"https:\\\/\\\/kibrisdakik.com\\\/#\\\/schema\\\/person\\\/9cd9d437bbb44f72b73ba127e06d8e79\"},\"breadcrumb\":{\"@id\":\"https:\\\/\\\/kibrisdakik.com\\\/?p=5611#breadcrumb\"},\"inLanguage\":\"tr\",\"potentialAction\":[{\"@type\":\"ReadAction\",\"target\":[\"https:\\\/\\\/kibrisdakik.com\\\/?p=5611\"]}]},{\"@type\":\"ImageObject\",\"inLanguage\":\"tr\",\"@id\":\"https:\\\/\\\/kibrisdakik.com\\\/?p=5611#primaryimage\",\"url\":\"https:\\\/\\\/kibrisdakik.com\\\/wp-content\\\/uploads\\\/2023\\\/04\\\/fikri-ataoglu-kadir-gecesi-1-740x420.jpg\",\"contentUrl\":\"https:\\\/\\\/kibrisdakik.com\\\/wp-content\\\/uploads\\\/2023\\\/04\\\/fikri-ataoglu-kadir-gecesi-1-740x420.jpg\",\"width\":1200,\"height\":800},{\"@type\":\"BreadcrumbList\",\"@id\":\"https:\\\/\\\/kibrisdakik.com\\\/?p=5611#breadcrumb\",\"itemListElement\":[{\"@type\":\"ListItem\",\"position\":1,\"name\":\"Home\",\"item\":\"https:\\\/\\\/kibrisdakik.com\\\/\"},{\"@type\":\"ListItem\",\"position\":2,\"name\":\"Atao\u011flu: \u00c7ocuklar\u0131n haklar\u0131na sayg\u0131 g\u00f6sterilmesi gerekir\"}]},{\"@type\":\"WebSite\",\"@id\":\"https:\\\/\\\/kibrisdakik.com\\\/#website\",\"url\":\"https:\\\/\\\/kibrisdakik.com\\\/\",\"name\":\"\",\"description\":\"Tam vaktinde haber\",\"potentialAction\":[{\"@type\":\"SearchAction\",\"target\":{\"@type\":\"EntryPoint\",\"urlTemplate\":\"https:\\\/\\\/kibrisdakik.com\\\/?s={search_term_string}\"},\"query-input\":{\"@type\":\"PropertyValueSpecification\",\"valueRequired\":true,\"valueName\":\"search_term_string\"}}],\"inLanguage\":\"tr\"},{\"@type\":\"Person\",\"@id\":\"https:\\\/\\\/kibrisdakik.com\\\/#\\\/schema\\\/person\\\/9cd9d437bbb44f72b73ba127e06d8e79\",\"name\":\"admin\",\"image\":{\"@type\":\"ImageObject\",\"inLanguage\":\"tr\",\"@id\":\"https:\\\/\\\/secure.gravatar.com\\\/avatar\\\/ccc17943b9d660506c869530f897617f7cb1c21a4bf30023f252596d83e1f007?s=96&d=mm&r=g\",\"url\":\"https:\\\/\\\/secure.gravatar.com\\\/avatar\\\/ccc17943b9d660506c869530f897617f7cb1c21a4bf30023f252596d83e1f007?s=96&d=mm&r=g\",\"contentUrl\":\"https:\\\/\\\/secure.gravatar.com\\\/avatar\\\/ccc17943b9d660506c869530f897617f7cb1c21a4bf30023f252596d83e1f007?s=96&d=mm&r=g\",\"caption\":\"admin\"},\"sameAs\":[\"https:\\\/\\\/kibrisdakik.com\"],\"url\":\"https:\\\/\\\/kibrisdakik.com\\\/?author=1\"}]}<\/script>\n<!-- \/ Yoast SEO plugin. -->","yoast_head_json":{"title":"Atao\u011flu: \u00c7ocuklar\u0131n haklar\u0131na sayg\u0131 g\u00f6sterilmesi gerekir -","robots":{"index":"index","follow":"follow","max-snippet":"max-snippet:-1","max-image-preview":"max-image-preview:large","max-video-preview":"max-video-preview:-1"},"canonical":"https:\/\/kibrisdakik.com\/?p=5611","og_locale":"tr_TR","og_type":"article","og_title":"Atao\u011flu: \u00c7ocuklar\u0131n haklar\u0131na sayg\u0131 g\u00f6sterilmesi gerekir -","og_description":"Ba\u015fbakan Yard\u0131mc\u0131s\u0131, Turizm, K\u00fclt\u00fcr, Gen\u00e7lik ve \u00c7evre Bakan\u0131, Demokrat Parti (DP) Genel Ba\u015fkan\u0131 Fikri Atao\u011flu \u00e7ocuklar\u0131n haklar\u0131na sayg\u0131 g\u00f6sterilmesi gerekti\u011fine dikkat \u00e7ekerek, \u00e7ocuklar\u0131n sa\u011fl\u0131k, e\u011fitim, beslenme, bar\u0131nma ve sevgi haklar\u0131n\u0131n korunmas\u0131 ve geli\u015ftirilmesinin en \u00f6ncelikli g\u00f6revleri oldu\u011funu vurgulad\u0131. DP\u2019den yap\u0131lan yaz\u0131l\u0131 a\u00e7\u0131klamaya g\u00f6re Atao\u011flu \u201823 Nisan Ulusal Egemenlik ve \u00c7ocuk Bayram\u0131\u2019 nedeniyle mesaj yay\u0131mlad\u0131. Atao\u011flu","og_url":"https:\/\/kibrisdakik.com\/?p=5611","article_published_time":"2023-04-23T17:44:45+00:00","og_image":[{"width":1200,"height":800,"url":"https:\/\/kibrisdakik.com\/wp-content\/uploads\/2023\/04\/fikri-ataoglu-kadir-gecesi-1-740x420.jpg","type":"image\/jpeg"}],"author":"admin","twitter_card":"summary_large_image","twitter_misc":{"Yazan:":"admin","Tahmini okuma s\u00fcresi":"2 dakika"},"schema":{"@context":"https:\/\/schema.org","@graph":[{"@type":"Article","@id":"https:\/\/kibrisdakik.com\/?p=5611#article","isPartOf":{"@id":"https:\/\/kibrisdakik.com\/?p=5611"},"author":{"name":"admin","@id":"https:\/\/kibrisdakik.com\/#\/schema\/person\/9cd9d437bbb44f72b73ba127e06d8e79"},"headline":"Atao\u011flu: \u00c7ocuklar\u0131n haklar\u0131na sayg\u0131 g\u00f6sterilmesi gerekir","datePublished":"2023-04-23T17:44:45+00:00","mainEntityOfPage":{"@id":"https:\/\/kibrisdakik.com\/?p=5611"},"wordCount":344,"commentCount":0,"image":{"@id":"https:\/\/kibrisdakik.com\/?p=5611#primaryimage"},"thumbnailUrl":"https:\/\/kibrisdakik.com\/wp-content\/uploads\/2023\/04\/fikri-ataoglu-kadir-gecesi-1-740x420.jpg","articleSection":["G\u00fcndem"],"inLanguage":"tr","potentialAction":[{"@type":"CommentAction","name":"Comment","target":["https:\/\/kibrisdakik.com\/?p=5611#respond"]}]},{"@type":"WebPage","@id":"https:\/\/kibrisdakik.com\/?p=5611","url":"https:\/\/kibrisdakik.com\/?p=5611","name":"Atao\u011flu: \u00c7ocuklar\u0131n haklar\u0131na sayg\u0131 g\u00f6sterilmesi gerekir -","isPartOf":{"@id":"https:\/\/kibrisdakik.com\/#website"},"primaryImageOfPage":{"@id":"https:\/\/kibrisdakik.com\/?p=5611#primaryimage"},"image":{"@id":"https:\/\/kibrisdakik.com\/?p=5611#primaryimage"},"thumbnailUrl":"https:\/\/kibrisdakik.com\/wp-content\/uploads\/2023\/04\/fikri-ataoglu-kadir-gecesi-1-740x420.jpg","datePublished":"2023-04-23T17:44:45+00:00","author":{"@id":"https:\/\/kibrisdakik.com\/#\/schema\/person\/9cd9d437bbb44f72b73ba127e06d8e79"},"breadcrumb":{"@id":"https:\/\/kibrisdakik.com\/?p=5611#breadcrumb"},"inLanguage":"tr","potentialAction":[{"@type":"ReadAction","target":["https:\/\/kibrisdakik.com\/?p=5611"]}]},{"@type":"ImageObject","inLanguage":"tr","@id":"https:\/\/kibrisdakik.com\/?p=5611#primaryimage","url":"https:\/\/kibrisdakik.com\/wp-content\/uploads\/2023\/04\/fikri-ataoglu-kadir-gecesi-1-740x420.jpg","contentUrl":"https:\/\/kibrisdakik.com\/wp-content\/uploads\/2023\/04\/fikri-ataoglu-kadir-gecesi-1-740x420.jpg","width":1200,"height":800},{"@type":"BreadcrumbList","@id":"https:\/\/kibrisdakik.com\/?p=5611#breadcrumb","itemListElement":[{"@type":"ListItem","position":1,"name":"Home","item":"https:\/\/kibrisdakik.com\/"},{"@type":"ListItem","position":2,"name":"Atao\u011flu: \u00c7ocuklar\u0131n haklar\u0131na sayg\u0131 g\u00f6sterilmesi gerekir"}]},{"@type":"WebSite","@id":"https:\/\/kibrisdakik.com\/#website","url":"https:\/\/kibrisdakik.com\/","name":"","description":"Tam vaktinde haber","potentialAction":[{"@type":"SearchAction","target":{"@type":"EntryPoint","urlTemplate":"https:\/\/kibrisdakik.com\/?s={search_term_string}"},"query-input":{"@type":"PropertyValueSpecification","valueRequired":true,"valueName":"search_term_string"}}],"inLanguage":"tr"},{"@type":"Person","@id":"https:\/\/kibrisdakik.com\/#\/schema\/person\/9cd9d437bbb44f72b73ba127e06d8e79","name":"admin","image":{"@type":"ImageObject","inLanguage":"tr","@id":"https:\/\/secure.gravatar.com\/avatar\/ccc17943b9d660506c869530f897617f7cb1c21a4bf30023f252596d83e1f007?s=96&d=mm&r=g","url":"https:\/\/secure.gravatar.com\/avatar\/ccc17943b9d660506c869530f897617f7cb1c21a4bf30023f252596d83e1f007?s=96&d=mm&r=g","contentUrl":"https:\/\/secure.gravatar.com\/avatar\/ccc17943b9d660506c869530f897617f7cb1c21a4bf30023f252596d83e1f007?s=96&d=mm&r=g","caption":"admin"},"sameAs":["https:\/\/kibrisdakik.com"],"url":"https:\/\/kibrisdakik.com\/?author=1"}]}},"_links":{"self":[{"href":"https:\/\/kibrisdakik.com\/index.php?rest_route=\/wp\/v2\/posts\/5611","targetHints":{"allow":["GET"]}}],"collection":[{"href":"https:\/\/kibrisdakik.com\/index.php?rest_route=\/wp\/v2\/posts"}],"about":[{"href":"https:\/\/kibrisdakik.com\/index.php?rest_route=\/wp\/v2\/types\/post"}],"author":[{"embeddable":true,"href":"https:\/\/kibrisdakik.com\/index.php?rest_route=\/wp\/v2\/users\/1"}],"replies":[{"embeddable":true,"href":"https:\/\/kibrisdakik.com\/index.php?rest_route=%2Fwp%2Fv2%2Fcomments&post=5611"}],"version-history":[{"count":0,"href":"https:\/\/kibrisdakik.com\/index.php?rest_route=\/wp\/v2\/posts\/5611\/revisions"}],"wp:featuredmedia":[{"embeddable":true,"href":"https:\/\/kibrisdakik.com\/index.php?rest_route=\/wp\/v2\/media\/5292"}],"wp:attachment":[{"href":"https:\/\/kibrisdakik.com\/index.php?rest_route=%2Fwp%2Fv2%2Fmedia&parent=5611"}],"wp:term":[{"taxonomy":"category","embeddable":true,"href":"https:\/\/kibrisdakik.com\/index.php?rest_route=%2Fwp%2Fv2%2Fcategories&post=5611"},{"taxonomy":"post_tag","embeddable":true,"href":"https:\/\/kibrisdakik.com\/index.php?rest_route=%2Fwp%2Fv2%2Ftags&post=5611"}],"curies":[{"name":"wp","href":"https:\/\/api.w.org\/{rel}","templated":true}]}}